{"id":3870,"date":"2025-12-12T08:43:56","date_gmt":"2025-12-12T11:43:56","guid":{"rendered":"https:\/\/ellotv.com.br\/site\/?p=3870"},"modified":"2025-12-12T08:43:56","modified_gmt":"2025-12-12T11:43:56","slug":"concentracao-de-riqueza-no-mundo-bate-recorde-em-30-anos","status":"publish","type":"post","link":"https:\/\/ellotv.com.br\/site\/2025\/12\/12\/concentracao-de-riqueza-no-mundo-bate-recorde-em-30-anos\/","title":{"rendered":"Concentra\u00e7\u00e3o de riqueza no mundo bate recorde em 30 anos"},"content":{"rendered":"<p>A desigualdade global alcan\u00e7ou um n\u00edvel hist\u00f3rico. Segundo a terceira edi\u00e7\u00e3o do Relat\u00f3rio Mundial sobre a Desigualdade 2026, produzido pelo World Inequality Lab e coordenado pelo economista Thomas Piketty, os 10% mais ricos concentram 75% de toda a riqueza do planeta, enquanto os 50% mais pobres ficam com apenas 2%.<\/p>\n<p>No topo desse cen\u00e1rio, um grupo de menos de 60 mil pessoas \u2014 cerca de 0,001% da popula\u00e7\u00e3o mundial \u2014 possui tr\u00eas vezes mais patrim\u00f4nio do que 2,8 bilh\u00f5es de pessoas somadas.<\/p>\n<p>O relat\u00f3rio considera patrim\u00f4nio l\u00edquido, incluindo ativos financeiros, im\u00f3veis e terras, descontadas as d\u00edvidas. Quando analisada a renda, a desigualdade permanece evidente:<\/p>\n<p>Os 10% mais ricos ficam com 53% da renda mundial;<\/p>\n<p>Os 50% mais pobres recebem apenas 8%;<\/p>\n<p>Os 40% do meio concentram 23% da riqueza e 38% da renda global.<\/p>\n<p>Ultrarricos acumulam cada vez mais<\/p>\n<p>A fatia da riqueza global nas m\u00e3os do 0,001% mais rico subiu de 3,8% em 1995 para 6,1% em 2025. Enquanto isso, a parcela destinada aos mais pobres permanece praticamente estagnada.<\/p>\n<p>Impacto das pol\u00edticas p\u00fablicas<\/p>\n<p>O relat\u00f3rio aponta que pol\u00edticas redistributivas reduziram desigualdades em regi\u00f5es como Europa, Am\u00e9rica do Norte e Oceania. Na Am\u00e9rica Latina, incluindo o Brasil, tamb\u00e9m houve avan\u00e7os desde os anos 1990.<\/p>\n<p>Mas, apesar disso, a tributa\u00e7\u00e3o sobre fortunas elevadas ainda tem alcance limitado \u2014 e n\u00e3o compensa o ritmo acelerado de crescimento dos ultrarricos.<\/p>\n<p>Bilion\u00e1rios pagam menos impostos proporcionalmente<\/p>\n<p>Os dados revelam que os super-ricos pagam proporcionalmente menos impostos do que grande parte da popula\u00e7\u00e3o. Isso reduz a capacidade dos governos de financiar sa\u00fade, educa\u00e7\u00e3o e medidas clim\u00e1ticas, al\u00e9m de corroer a confian\u00e7a nas institui\u00e7\u00f5es p\u00fablicas.<\/p>\n<p>Thomas Piketty alerta que a desigualdade pode se aprofundar ainda mais, especialmente em pa\u00edses do Sul Global, onde os gastos com juros da d\u00edvida superam investimentos sociais.<\/p>\n<p>Cen\u00e1rios de taxa\u00e7\u00e3o global das grandes fortunas<\/p>\n<p>O relat\u00f3rio prop\u00f5e tr\u00eas possibilidades de tributa\u00e7\u00e3o coordenada internacionalmente:<\/p>\n<p>3% sobre cerca de 100 mil ultrarricos \u2192 arrecadaria US$ 750 bilh\u00f5es\/ano<\/p>\n<p>2% sobre patrim\u00f4nios acima de US$ 100 milh\u00f5es \u2192 US$ 503 bilh\u00f5es\/ano<\/p>\n<p>5% sobre grandes fortunas globais \u2192 US$ 1,3 trilh\u00e3o\/ano<\/p>\n<p>Para os autores, essa taxa\u00e7\u00e3o ampliaria a capacidade fiscal dos pa\u00edses sem penalizar a classe m\u00e9dia ou os mais pobres \u2014 e seria fundamental para enfrentar desafios globais.<\/p>\n<p>&nbsp;<\/p>\n","protected":false},"excerpt":{"rendered":"<p>A desigualdade global alcan\u00e7ou um n\u00edvel hist\u00f3rico. Segundo a terceira edi\u00e7\u00e3o do Relat\u00f3rio Mundial sobre a Desigualdade 2026,<\/p>\n","protected":false},"author":2,"featured_media":3871,"comment_status":"open","ping_status":"open","sticky":false,"template":"","format":"standard","meta":{"footnotes":""},"categories":[10,12],"tags":[166,165,58,171,170,140,169,167,168],"class_list":["post-3870","post","type-post","status-publish","format-standard","has-post-thumbnail","hentry","category-mundo","category-noticias","tag-desigualdade","tag-economia","tag-ellotv","tag-financas","tag-mundo","tag-noticias","tag-piketty","tag-riqueza","tag-tributacao"],"yoast_head":"<!-- This site is optimized with the Yoast SEO plugin v28.3 - https:\/\/yoast.com\/product\/yoast-seo-wordpress\/ -->\n<title>Concentra\u00e7\u00e3o de riqueza no mundo bate recorde em 30 anos - Ello TV<\/title>\n<meta name=\"description\" content=\"A desigualdade global atinge recorde em 30 anos, com os 10% mais ricos concentrando 75% da riqueza mundial, segundo o Relat\u00f3rio Mundial sobre a Desigualdade 2026. O estudo, coordenado por Thomas Piketty, alerta para o avan\u00e7o dos ultrarricos e defende taxa\u00e7\u00e3o internacional para enfrentar o desequil\u00edbrio.\" \/>\n<meta name=\"robots\" content=\"index, follow, max-snippet:-1, max-image-preview:large, max-video-preview:-1\" \/>\n<link rel=\"canonical\" href=\"https:\/\/ellotv.com.br\/site\/2025\/12\/12\/concentracao-de-riqueza-no-mundo-bate-recorde-em-30-anos\/\" \/>\n<meta property=\"og:locale\" content=\"pt_BR\" \/>\n<meta property=\"og:type\" content=\"article\" \/>\n<meta property=\"og:title\" content=\"Concentra\u00e7\u00e3o de riqueza no mundo bate recorde em 30 anos - Ello TV\" \/>\n<meta property=\"og:description\" content=\"A desigualdade global atinge recorde em 30 anos, com os 10% mais ricos concentrando 75% da riqueza mundial, segundo o Relat\u00f3rio Mundial sobre a Desigualdade 2026. O estudo, coordenado por Thomas Piketty, alerta para o avan\u00e7o dos ultrarricos e defende taxa\u00e7\u00e3o internacional para enfrentar o desequil\u00edbrio.\" \/>\n<meta property=\"og:url\" content=\"https:\/\/ellotv.com.br\/site\/2025\/12\/12\/concentracao-de-riqueza-no-mundo-bate-recorde-em-30-anos\/\" \/>\n<meta property=\"og:site_name\" content=\"Ello TV\" \/>\n<meta property=\"article:published_time\" content=\"2025-12-12T11:43:56+00:00\" \/>\n<meta property=\"og:image\" content=\"https:\/\/ellotv.com.br\/site\/wp-content\/uploads\/2025\/12\/WhatsApp-Image-2025-12-12-at-08.13.36.jpeg\" \/>\n\t<meta property=\"og:image:width\" content=\"1600\" \/>\n\t<meta property=\"og:image:height\" content=\"1066\" \/>\n\t<meta property=\"og:image:type\" content=\"image\/jpeg\" \/>\n<meta name=\"author\" content=\"ELLO TV\" \/>\n<meta name=\"twitter:card\" content=\"summary_large_image\" \/>\n<meta name=\"twitter:label1\" content=\"Escrito por\" \/>\n\t<meta name=\"twitter:data1\" content=\"ELLO TV\" \/>\n\t<meta name=\"twitter:label2\" content=\"Est. tempo de leitura\" \/>\n\t<meta name=\"twitter:data2\" content=\"3 minutos\" \/>\n<script type=\"application\/ld+json\" class=\"yoast-schema-graph\">{\"@context\":\"https:\\\/\\\/schema.org\",\"@graph\":[{\"@type\":\"Article\",\"@id\":\"https:\\\/\\\/ellotv.com.br\\\/site\\\/2025\\\/12\\\/12\\\/concentracao-de-riqueza-no-mundo-bate-recorde-em-30-anos\\\/#article\",\"isPartOf\":{\"@id\":\"https:\\\/\\\/ellotv.com.br\\\/site\\\/2025\\\/12\\\/12\\\/concentracao-de-riqueza-no-mundo-bate-recorde-em-30-anos\\\/\"},\"author\":{\"name\":\"ELLO TV\",\"@id\":\"https:\\\/\\\/ellotv.com.br\\\/site\\\/#\\\/schema\\\/person\\\/2dbe3abaee38dcc7332fc8205cd2b15d\"},\"headline\":\"Concentra\u00e7\u00e3o de riqueza no mundo bate recorde em 30 anos\",\"datePublished\":\"2025-12-12T11:43:56+00:00\",\"mainEntityOfPage\":{\"@id\":\"https:\\\/\\\/ellotv.com.br\\\/site\\\/2025\\\/12\\\/12\\\/concentracao-de-riqueza-no-mundo-bate-recorde-em-30-anos\\\/\"},\"wordCount\":403,\"commentCount\":0,\"publisher\":{\"@id\":\"https:\\\/\\\/ellotv.com.br\\\/site\\\/#organization\"},\"image\":{\"@id\":\"https:\\\/\\\/ellotv.com.br\\\/site\\\/2025\\\/12\\\/12\\\/concentracao-de-riqueza-no-mundo-bate-recorde-em-30-anos\\\/#primaryimage\"},\"thumbnailUrl\":\"https:\\\/\\\/ellotv.com.br\\\/site\\\/wp-content\\\/uploads\\\/2025\\\/12\\\/WhatsApp-Image-2025-12-12-at-08.13.36.jpeg\",\"keywords\":[\"#desigualdade\",\"#economia\",\"#ELLOTV\",\"#finan\u00e7as\",\"#mundo\",\"#noticias\",\"#piketty\",\"#riqueza\",\"#tributa\u00e7\u00e3o\"],\"articleSection\":[\"Mundo\",\"Noticias\"],\"inLanguage\":\"pt-BR\",\"potentialAction\":[{\"@type\":\"CommentAction\",\"name\":\"Comment\",\"target\":[\"https:\\\/\\\/ellotv.com.br\\\/site\\\/2025\\\/12\\\/12\\\/concentracao-de-riqueza-no-mundo-bate-recorde-em-30-anos\\\/#respond\"]}]},{\"@type\":\"WebPage\",\"@id\":\"https:\\\/\\\/ellotv.com.br\\\/site\\\/2025\\\/12\\\/12\\\/concentracao-de-riqueza-no-mundo-bate-recorde-em-30-anos\\\/\",\"url\":\"https:\\\/\\\/ellotv.com.br\\\/site\\\/2025\\\/12\\\/12\\\/concentracao-de-riqueza-no-mundo-bate-recorde-em-30-anos\\\/\",\"name\":\"Concentra\u00e7\u00e3o de riqueza no mundo bate recorde em 30 anos - Ello TV\",\"isPartOf\":{\"@id\":\"https:\\\/\\\/ellotv.com.br\\\/site\\\/#website\"},\"primaryImageOfPage\":{\"@id\":\"https:\\\/\\\/ellotv.com.br\\\/site\\\/2025\\\/12\\\/12\\\/concentracao-de-riqueza-no-mundo-bate-recorde-em-30-anos\\\/#primaryimage\"},\"image\":{\"@id\":\"https:\\\/\\\/ellotv.com.br\\\/site\\\/2025\\\/12\\\/12\\\/concentracao-de-riqueza-no-mundo-bate-recorde-em-30-anos\\\/#primaryimage\"},\"thumbnailUrl\":\"https:\\\/\\\/ellotv.com.br\\\/site\\\/wp-content\\\/uploads\\\/2025\\\/12\\\/WhatsApp-Image-2025-12-12-at-08.13.36.jpeg\",\"datePublished\":\"2025-12-12T11:43:56+00:00\",\"description\":\"A desigualdade global atinge recorde em 30 anos, com os 10% mais ricos concentrando 75% da riqueza mundial, segundo o Relat\u00f3rio Mundial sobre a Desigualdade 2026. O estudo, coordenado por Thomas Piketty, alerta para o avan\u00e7o dos ultrarricos e defende taxa\u00e7\u00e3o internacional para enfrentar o desequil\u00edbrio.\",\"breadcrumb\":{\"@id\":\"https:\\\/\\\/ellotv.com.br\\\/site\\\/2025\\\/12\\\/12\\\/concentracao-de-riqueza-no-mundo-bate-recorde-em-30-anos\\\/#breadcrumb\"},\"inLanguage\":\"pt-BR\",\"potentialAction\":[{\"@type\":\"ReadAction\",\"target\":[\"https:\\\/\\\/ellotv.com.br\\\/site\\\/2025\\\/12\\\/12\\\/concentracao-de-riqueza-no-mundo-bate-recorde-em-30-anos\\\/\"]}]},{\"@type\":\"ImageObject\",\"inLanguage\":\"pt-BR\",\"@id\":\"https:\\\/\\\/ellotv.com.br\\\/site\\\/2025\\\/12\\\/12\\\/concentracao-de-riqueza-no-mundo-bate-recorde-em-30-anos\\\/#primaryimage\",\"url\":\"https:\\\/\\\/ellotv.com.br\\\/site\\\/wp-content\\\/uploads\\\/2025\\\/12\\\/WhatsApp-Image-2025-12-12-at-08.13.36.jpeg\",\"contentUrl\":\"https:\\\/\\\/ellotv.com.br\\\/site\\\/wp-content\\\/uploads\\\/2025\\\/12\\\/WhatsApp-Image-2025-12-12-at-08.13.36.jpeg\",\"width\":1600,\"height\":1066},{\"@type\":\"BreadcrumbList\",\"@id\":\"https:\\\/\\\/ellotv.com.br\\\/site\\\/2025\\\/12\\\/12\\\/concentracao-de-riqueza-no-mundo-bate-recorde-em-30-anos\\\/#breadcrumb\",\"itemListElement\":[{\"@type\":\"ListItem\",\"position\":1,\"name\":\"In\u00edcio\",\"item\":\"https:\\\/\\\/ellotv.com.br\\\/site\\\/\"},{\"@type\":\"ListItem\",\"position\":2,\"name\":\"Concentra\u00e7\u00e3o de riqueza no mundo bate recorde em 30 anos\"}]},{\"@type\":\"WebSite\",\"@id\":\"https:\\\/\\\/ellotv.com.br\\\/site\\\/#website\",\"url\":\"https:\\\/\\\/ellotv.com.br\\\/site\\\/\",\"name\":\"ELLO TV\",\"description\":\"\",\"publisher\":{\"@id\":\"https:\\\/\\\/ellotv.com.br\\\/site\\\/#organization\"},\"potentialAction\":[{\"@type\":\"SearchAction\",\"target\":{\"@type\":\"EntryPoint\",\"urlTemplate\":\"https:\\\/\\\/ellotv.com.br\\\/site\\\/?s={search_term_string}\"},\"query-input\":{\"@type\":\"PropertyValueSpecification\",\"valueRequired\":true,\"valueName\":\"search_term_string\"}}],\"inLanguage\":\"pt-BR\"},{\"@type\":\"Organization\",\"@id\":\"https:\\\/\\\/ellotv.com.br\\\/site\\\/#organization\",\"name\":\"ELLO TV\",\"url\":\"https:\\\/\\\/ellotv.com.br\\\/site\\\/\",\"logo\":{\"@type\":\"ImageObject\",\"inLanguage\":\"pt-BR\",\"@id\":\"https:\\\/\\\/ellotv.com.br\\\/site\\\/#\\\/schema\\\/logo\\\/image\\\/\",\"url\":\"https:\\\/\\\/ellotv.com.br\\\/site\\\/wp-content\\\/uploads\\\/2025\\\/11\\\/ello-logo-2.fw_.png\",\"contentUrl\":\"https:\\\/\\\/ellotv.com.br\\\/site\\\/wp-content\\\/uploads\\\/2025\\\/11\\\/ello-logo-2.fw_.png\",\"width\":400,\"height\":146,\"caption\":\"ELLO TV\"},\"image\":{\"@id\":\"https:\\\/\\\/ellotv.com.br\\\/site\\\/#\\\/schema\\\/logo\\\/image\\\/\"}},{\"@type\":\"Person\",\"@id\":\"https:\\\/\\\/ellotv.com.br\\\/site\\\/#\\\/schema\\\/person\\\/2dbe3abaee38dcc7332fc8205cd2b15d\",\"name\":\"ELLO TV\",\"image\":{\"@type\":\"ImageObject\",\"inLanguage\":\"pt-BR\",\"@id\":\"https:\\\/\\\/secure.gravatar.com\\\/avatar\\\/c38242b9da8ec217ac3f0aaee31a54f7d7befb11b2b47fdbc8fb0fad60afa1c6?s=96&d=mm&r=g\",\"url\":\"https:\\\/\\\/secure.gravatar.com\\\/avatar\\\/c38242b9da8ec217ac3f0aaee31a54f7d7befb11b2b47fdbc8fb0fad60afa1c6?s=96&d=mm&r=g\",\"contentUrl\":\"https:\\\/\\\/secure.gravatar.com\\\/avatar\\\/c38242b9da8ec217ac3f0aaee31a54f7d7befb11b2b47fdbc8fb0fad60afa1c6?s=96&d=mm&r=g\",\"caption\":\"ELLO TV\"},\"url\":\"https:\\\/\\\/ellotv.com.br\\\/site\\\/author\\\/elloagencia\\\/\"}]}<\/script>\n<!-- \/ Yoast SEO plugin. -->","yoast_head_json":{"title":"Concentra\u00e7\u00e3o de riqueza no mundo bate recorde em 30 anos - Ello TV","description":"A desigualdade global atinge recorde em 30 anos, com os 10% mais ricos concentrando 75% da riqueza mundial, segundo o Relat\u00f3rio Mundial sobre a Desigualdade 2026. O estudo, coordenado por Thomas Piketty, alerta para o avan\u00e7o dos ultrarricos e defende taxa\u00e7\u00e3o internacional para enfrentar o desequil\u00edbrio.","robots":{"index":"index","follow":"follow","max-snippet":"max-snippet:-1","max-image-preview":"max-image-preview:large","max-video-preview":"max-video-preview:-1"},"canonical":"https:\/\/ellotv.com.br\/site\/2025\/12\/12\/concentracao-de-riqueza-no-mundo-bate-recorde-em-30-anos\/","og_locale":"pt_BR","og_type":"article","og_title":"Concentra\u00e7\u00e3o de riqueza no mundo bate recorde em 30 anos - Ello TV","og_description":"A desigualdade global atinge recorde em 30 anos, com os 10% mais ricos concentrando 75% da riqueza mundial, segundo o Relat\u00f3rio Mundial sobre a Desigualdade 2026. O estudo, coordenado por Thomas Piketty, alerta para o avan\u00e7o dos ultrarricos e defende taxa\u00e7\u00e3o internacional para enfrentar o desequil\u00edbrio.","og_url":"https:\/\/ellotv.com.br\/site\/2025\/12\/12\/concentracao-de-riqueza-no-mundo-bate-recorde-em-30-anos\/","og_site_name":"Ello TV","article_published_time":"2025-12-12T11:43:56+00:00","og_image":[{"width":1600,"height":1066,"url":"https:\/\/ellotv.com.br\/site\/wp-content\/uploads\/2025\/12\/WhatsApp-Image-2025-12-12-at-08.13.36.jpeg","type":"image\/jpeg"}],"author":"ELLO TV","twitter_card":"summary_large_image","twitter_misc":{"Escrito por":"ELLO TV","Est. tempo de leitura":"3 minutos"},"schema":{"@context":"https:\/\/schema.org","@graph":[{"@type":"Article","@id":"https:\/\/ellotv.com.br\/site\/2025\/12\/12\/concentracao-de-riqueza-no-mundo-bate-recorde-em-30-anos\/#article","isPartOf":{"@id":"https:\/\/ellotv.com.br\/site\/2025\/12\/12\/concentracao-de-riqueza-no-mundo-bate-recorde-em-30-anos\/"},"author":{"name":"ELLO TV","@id":"https:\/\/ellotv.com.br\/site\/#\/schema\/person\/2dbe3abaee38dcc7332fc8205cd2b15d"},"headline":"Concentra\u00e7\u00e3o de riqueza no mundo bate recorde em 30 anos","datePublished":"2025-12-12T11:43:56+00:00","mainEntityOfPage":{"@id":"https:\/\/ellotv.com.br\/site\/2025\/12\/12\/concentracao-de-riqueza-no-mundo-bate-recorde-em-30-anos\/"},"wordCount":403,"commentCount":0,"publisher":{"@id":"https:\/\/ellotv.com.br\/site\/#organization"},"image":{"@id":"https:\/\/ellotv.com.br\/site\/2025\/12\/12\/concentracao-de-riqueza-no-mundo-bate-recorde-em-30-anos\/#primaryimage"},"thumbnailUrl":"https:\/\/ellotv.com.br\/site\/wp-content\/uploads\/2025\/12\/WhatsApp-Image-2025-12-12-at-08.13.36.jpeg","keywords":["#desigualdade","#economia","#ELLOTV","#finan\u00e7as","#mundo","#noticias","#piketty","#riqueza","#tributa\u00e7\u00e3o"],"articleSection":["Mundo","Noticias"],"inLanguage":"pt-BR","potentialAction":[{"@type":"CommentAction","name":"Comment","target":["https:\/\/ellotv.com.br\/site\/2025\/12\/12\/concentracao-de-riqueza-no-mundo-bate-recorde-em-30-anos\/#respond"]}]},{"@type":"WebPage","@id":"https:\/\/ellotv.com.br\/site\/2025\/12\/12\/concentracao-de-riqueza-no-mundo-bate-recorde-em-30-anos\/","url":"https:\/\/ellotv.com.br\/site\/2025\/12\/12\/concentracao-de-riqueza-no-mundo-bate-recorde-em-30-anos\/","name":"Concentra\u00e7\u00e3o de riqueza no mundo bate recorde em 30 anos - Ello TV","isPartOf":{"@id":"https:\/\/ellotv.com.br\/site\/#website"},"primaryImageOfPage":{"@id":"https:\/\/ellotv.com.br\/site\/2025\/12\/12\/concentracao-de-riqueza-no-mundo-bate-recorde-em-30-anos\/#primaryimage"},"image":{"@id":"https:\/\/ellotv.com.br\/site\/2025\/12\/12\/concentracao-de-riqueza-no-mundo-bate-recorde-em-30-anos\/#primaryimage"},"thumbnailUrl":"https:\/\/ellotv.com.br\/site\/wp-content\/uploads\/2025\/12\/WhatsApp-Image-2025-12-12-at-08.13.36.jpeg","datePublished":"2025-12-12T11:43:56+00:00","description":"A desigualdade global atinge recorde em 30 anos, com os 10% mais ricos concentrando 75% da riqueza mundial, segundo o Relat\u00f3rio Mundial sobre a Desigualdade 2026. O estudo, coordenado por Thomas Piketty, alerta para o avan\u00e7o dos ultrarricos e defende taxa\u00e7\u00e3o internacional para enfrentar o desequil\u00edbrio.","breadcrumb":{"@id":"https:\/\/ellotv.com.br\/site\/2025\/12\/12\/concentracao-de-riqueza-no-mundo-bate-recorde-em-30-anos\/#breadcrumb"},"inLanguage":"pt-BR","potentialAction":[{"@type":"ReadAction","target":["https:\/\/ellotv.com.br\/site\/2025\/12\/12\/concentracao-de-riqueza-no-mundo-bate-recorde-em-30-anos\/"]}]},{"@type":"ImageObject","inLanguage":"pt-BR","@id":"https:\/\/ellotv.com.br\/site\/2025\/12\/12\/concentracao-de-riqueza-no-mundo-bate-recorde-em-30-anos\/#primaryimage","url":"https:\/\/ellotv.com.br\/site\/wp-content\/uploads\/2025\/12\/WhatsApp-Image-2025-12-12-at-08.13.36.jpeg","contentUrl":"https:\/\/ellotv.com.br\/site\/wp-content\/uploads\/2025\/12\/WhatsApp-Image-2025-12-12-at-08.13.36.jpeg","width":1600,"height":1066},{"@type":"BreadcrumbList","@id":"https:\/\/ellotv.com.br\/site\/2025\/12\/12\/concentracao-de-riqueza-no-mundo-bate-recorde-em-30-anos\/#breadcrumb","itemListElement":[{"@type":"ListItem","position":1,"name":"In\u00edcio","item":"https:\/\/ellotv.com.br\/site\/"},{"@type":"ListItem","position":2,"name":"Concentra\u00e7\u00e3o de riqueza no mundo bate recorde em 30 anos"}]},{"@type":"WebSite","@id":"https:\/\/ellotv.com.br\/site\/#website","url":"https:\/\/ellotv.com.br\/site\/","name":"ELLO TV","description":"","publisher":{"@id":"https:\/\/ellotv.com.br\/site\/#organization"},"potentialAction":[{"@type":"SearchAction","target":{"@type":"EntryPoint","urlTemplate":"https:\/\/ellotv.com.br\/site\/?s={search_term_string}"},"query-input":{"@type":"PropertyValueSpecification","valueRequired":true,"valueName":"search_term_string"}}],"inLanguage":"pt-BR"},{"@type":"Organization","@id":"https:\/\/ellotv.com.br\/site\/#organization","name":"ELLO TV","url":"https:\/\/ellotv.com.br\/site\/","logo":{"@type":"ImageObject","inLanguage":"pt-BR","@id":"https:\/\/ellotv.com.br\/site\/#\/schema\/logo\/image\/","url":"https:\/\/ellotv.com.br\/site\/wp-content\/uploads\/2025\/11\/ello-logo-2.fw_.png","contentUrl":"https:\/\/ellotv.com.br\/site\/wp-content\/uploads\/2025\/11\/ello-logo-2.fw_.png","width":400,"height":146,"caption":"ELLO TV"},"image":{"@id":"https:\/\/ellotv.com.br\/site\/#\/schema\/logo\/image\/"}},{"@type":"Person","@id":"https:\/\/ellotv.com.br\/site\/#\/schema\/person\/2dbe3abaee38dcc7332fc8205cd2b15d","name":"ELLO TV","image":{"@type":"ImageObject","inLanguage":"pt-BR","@id":"https:\/\/secure.gravatar.com\/avatar\/c38242b9da8ec217ac3f0aaee31a54f7d7befb11b2b47fdbc8fb0fad60afa1c6?s=96&d=mm&r=g","url":"https:\/\/secure.gravatar.com\/avatar\/c38242b9da8ec217ac3f0aaee31a54f7d7befb11b2b47fdbc8fb0fad60afa1c6?s=96&d=mm&r=g","contentUrl":"https:\/\/secure.gravatar.com\/avatar\/c38242b9da8ec217ac3f0aaee31a54f7d7befb11b2b47fdbc8fb0fad60afa1c6?s=96&d=mm&r=g","caption":"ELLO TV"},"url":"https:\/\/ellotv.com.br\/site\/author\/elloagencia\/"}]}},"featured_image_urls":{"full":["https:\/\/ellotv.com.br\/site\/wp-content\/uploads\/2025\/12\/WhatsApp-Image-2025-12-12-at-08.13.36.jpeg",1600,1066,false],"thumbnail":["https:\/\/ellotv.com.br\/site\/wp-content\/uploads\/2025\/12\/WhatsApp-Image-2025-12-12-at-08.13.36-150x150.jpeg",150,150,true],"medium":["https:\/\/ellotv.com.br\/site\/wp-content\/uploads\/2025\/12\/WhatsApp-Image-2025-12-12-at-08.13.36-300x200.jpeg",300,200,true],"medium_large":["https:\/\/ellotv.com.br\/site\/wp-content\/uploads\/2025\/12\/WhatsApp-Image-2025-12-12-at-08.13.36-768x512.jpeg",640,427,true],"large":["https:\/\/ellotv.com.br\/site\/wp-content\/uploads\/2025\/12\/WhatsApp-Image-2025-12-12-at-08.13.36-1024x682.jpeg",640,426,true],"1536x1536":["https:\/\/ellotv.com.br\/site\/wp-content\/uploads\/2025\/12\/WhatsApp-Image-2025-12-12-at-08.13.36-1536x1023.jpeg",1536,1023,true],"2048x2048":["https:\/\/ellotv.com.br\/site\/wp-content\/uploads\/2025\/12\/WhatsApp-Image-2025-12-12-at-08.13.36.jpeg",1600,1066,false],"darknews-slider-full":["https:\/\/ellotv.com.br\/site\/wp-content\/uploads\/2025\/12\/WhatsApp-Image-2025-12-12-at-08.13.36-1280x720.jpeg",1280,720,true],"darknews-featured":["https:\/\/ellotv.com.br\/site\/wp-content\/uploads\/2025\/12\/WhatsApp-Image-2025-12-12-at-08.13.36-1024x682.jpeg",1024,682,true],"darknews-medium":["https:\/\/ellotv.com.br\/site\/wp-content\/uploads\/2025\/12\/WhatsApp-Image-2025-12-12-at-08.13.36-720x530.jpeg",720,530,true],"darknews-medium-square":["https:\/\/ellotv.com.br\/site\/wp-content\/uploads\/2025\/12\/WhatsApp-Image-2025-12-12-at-08.13.36-350x350.jpeg",350,350,true]},"author_info":{"info":["ELLO TV"]},"category_info":"<a href=\"https:\/\/ellotv.com.br\/site\/category\/mundo\/\" rel=\"category tag\">Mundo<\/a> <a href=\"https:\/\/ellotv.com.br\/site\/category\/noticias\/\" rel=\"category tag\">Noticias<\/a>","tag_info":"Noticias","comment_count":"0","_links":{"self":[{"href":"https:\/\/ellotv.com.br\/site\/wp-json\/wp\/v2\/posts\/3870","targetHints":{"allow":["GET"]}}],"collection":[{"href":"https:\/\/ellotv.com.br\/site\/wp-json\/wp\/v2\/posts"}],"about":[{"href":"https:\/\/ellotv.com.br\/site\/wp-json\/wp\/v2\/types\/post"}],"author":[{"embeddable":true,"href":"https:\/\/ellotv.com.br\/site\/wp-json\/wp\/v2\/users\/2"}],"replies":[{"embeddable":true,"href":"https:\/\/ellotv.com.br\/site\/wp-json\/wp\/v2\/comments?post=3870"}],"version-history":[{"count":1,"href":"https:\/\/ellotv.com.br\/site\/wp-json\/wp\/v2\/posts\/3870\/revisions"}],"predecessor-version":[{"id":3872,"href":"https:\/\/ellotv.com.br\/site\/wp-json\/wp\/v2\/posts\/3870\/revisions\/3872"}],"wp:featuredmedia":[{"embeddable":true,"href":"https:\/\/ellotv.com.br\/site\/wp-json\/wp\/v2\/media\/3871"}],"wp:attachment":[{"href":"https:\/\/ellotv.com.br\/site\/wp-json\/wp\/v2\/media?parent=3870"}],"wp:term":[{"taxonomy":"category","embeddable":true,"href":"https:\/\/ellotv.com.br\/site\/wp-json\/wp\/v2\/categories?post=3870"},{"taxonomy":"post_tag","embeddable":true,"href":"https:\/\/ellotv.com.br\/site\/wp-json\/wp\/v2\/tags?post=3870"}],"curies":[{"name":"wp","href":"https:\/\/api.w.org\/{rel}","templated":true}]}}