{"id":4304,"date":"2026-01-13T09:07:14","date_gmt":"2026-01-13T12:07:14","guid":{"rendered":"https:\/\/ellotv.com.br\/site\/?p=4304"},"modified":"2026-01-13T09:07:14","modified_gmt":"2026-01-13T12:07:14","slug":"prefeita-de-floresta-celebra-vitoria-de-wagner-moura-no-globo-de-ouro-e-destaca-orgulho-de-ser-tia-do-ator","status":"publish","type":"post","link":"https:\/\/ellotv.com.br\/site\/2026\/01\/13\/prefeita-de-floresta-celebra-vitoria-de-wagner-moura-no-globo-de-ouro-e-destaca-orgulho-de-ser-tia-do-ator\/","title":{"rendered":"Prefeita de Floresta celebra vit\u00f3ria de Wagner Moura no Globo de Ouro e destaca orgulho de ser tia do ator"},"content":{"rendered":"<p>A prefeita de Floresta, no Sert\u00e3o de Pernambuco, Rorr\u00f3 Mani\u00e7oba, est\u00e1 entre os milhares de brasileiros que comemoraram as vit\u00f3rias do filme \u201cO Agente Secreto\u201d no Globo de Ouro. No entanto, para a gestora, a celebra\u00e7\u00e3o teve um significado ainda mais especial: Wagner Moura, vencedor da categoria de Melhor Ator em Drama, \u00e9 seu sobrinho.<\/p>\n<p>Em publica\u00e7\u00e3o feita nos stories de seu perfil no Instagram, Rorr\u00f3 expressou o orgulho pela conquista do ator. \u201cOrgulho imenso de ver o meu sobrinho Wagner Moura vencer o Globo de Ouro e levar o talento brasileiro ainda mais longe\u201d, escreveu.<\/p>\n<p>N\u00e3o \u00e9 a primeira vez que a prefeita manifesta publicamente o carinho e admira\u00e7\u00e3o pelo artista. Em 2024, durante as grava\u00e7\u00f5es de \u201cO Agente Secreto\u201d, Wagner Moura comemorou seu anivers\u00e1rio no Recife, ocasi\u00e3o em que Rorr\u00f3 compartilhou um v\u00eddeo nas redes sociais dan\u00e7ando forr\u00f3 ao lado do sobrinho.<\/p>\n<p>Wagner Moura nasceu em Salvador, na Bahia, mas cresceu no munic\u00edpio de Rodelas, no Sert\u00e3o baiano, cidade que faz fronteira com Pernambuco, separada pelo Rio S\u00e3o Francisco. A regi\u00e3o inclui munic\u00edpios como Floresta, Bel\u00e9m do S\u00e3o Francisco e Petrol\u00e2ndia, refor\u00e7ando os la\u00e7os culturais e afetivos do ator com o Sert\u00e3o nordestino.<\/p>\n<p>&nbsp;<\/p>\n<p><img fetchpriority=\"high\" decoding=\"async\" class=\"aligncenter wp-image-4306 size-medium\" src=\"https:\/\/ellotv.com.br\/site\/wp-content\/uploads\/2026\/01\/WhatsApp-Image-2026-01-12-at-19.43.09-207x300.jpeg\" alt=\"\" width=\"207\" height=\"300\" srcset=\"https:\/\/ellotv.com.br\/site\/wp-content\/uploads\/2026\/01\/WhatsApp-Image-2026-01-12-at-19.43.09-207x300.jpeg 207w, https:\/\/ellotv.com.br\/site\/wp-content\/uploads\/2026\/01\/WhatsApp-Image-2026-01-12-at-19.43.09-705x1024.jpeg 705w, https:\/\/ellotv.com.br\/site\/wp-content\/uploads\/2026\/01\/WhatsApp-Image-2026-01-12-at-19.43.09-768x1116.jpeg 768w, https:\/\/ellotv.com.br\/site\/wp-content\/uploads\/2026\/01\/WhatsApp-Image-2026-01-12-at-19.43.09.jpeg 968w\" sizes=\"(max-width: 207px) 100vw, 207px\" \/><\/p>\n","protected":false},"excerpt":{"rendered":"<p>A prefeita de Floresta, no Sert\u00e3o de Pernambuco, Rorr\u00f3 Mani\u00e7oba, est\u00e1 entre os milhares de brasileiros que comemoraram<\/p>\n","protected":false},"author":2,"featured_media":4305,"comment_status":"open","ping_status":"open","sticky":false,"template":"","format":"standard","meta":{"footnotes":""},"categories":[8,10,12,9],"tags":[],"class_list":["post-4304","post","type-post","status-publish","format-standard","has-post-thumbnail","hentry","category-brasil","category-mundo","category-noticias","category-regional"],"yoast_head":"<!-- This site is optimized with the Yoast SEO plugin v28.3 - https:\/\/yoast.com\/product\/yoast-seo-wordpress\/ -->\n<title>Prefeita de Floresta celebra vit\u00f3ria de Wagner Moura no Globo de Ouro e destaca orgulho de ser tia do ator - Ello TV<\/title>\n<meta name=\"description\" content=\"Rorr\u00f3 Mani\u00e7oba comemorou nas redes sociais a vit\u00f3ria de Wagner Moura como Melhor Ator em Drama no Globo de Ouro. O ator, seu sobrinho, mant\u00e9m fortes la\u00e7os com o Sert\u00e3o nordestino.\" \/>\n<meta name=\"robots\" content=\"index, follow, max-snippet:-1, max-image-preview:large, max-video-preview:-1\" \/>\n<link rel=\"canonical\" href=\"https:\/\/ellotv.com.br\/site\/2026\/01\/13\/prefeita-de-floresta-celebra-vitoria-de-wagner-moura-no-globo-de-ouro-e-destaca-orgulho-de-ser-tia-do-ator\/\" \/>\n<meta property=\"og:locale\" content=\"pt_BR\" \/>\n<meta property=\"og:type\" content=\"article\" \/>\n<meta property=\"og:title\" content=\"Prefeita de Floresta celebra vit\u00f3ria de Wagner Moura no Globo de Ouro e destaca orgulho de ser tia do ator - Ello TV\" \/>\n<meta property=\"og:description\" content=\"Rorr\u00f3 Mani\u00e7oba comemorou nas redes sociais a vit\u00f3ria de Wagner Moura como Melhor Ator em Drama no Globo de Ouro. O ator, seu sobrinho, mant\u00e9m fortes la\u00e7os com o Sert\u00e3o nordestino.\" \/>\n<meta property=\"og:url\" content=\"https:\/\/ellotv.com.br\/site\/2026\/01\/13\/prefeita-de-floresta-celebra-vitoria-de-wagner-moura-no-globo-de-ouro-e-destaca-orgulho-de-ser-tia-do-ator\/\" \/>\n<meta property=\"og:site_name\" content=\"Ello TV\" \/>\n<meta property=\"article:published_time\" content=\"2026-01-13T12:07:14+00:00\" \/>\n<meta property=\"og:image\" content=\"https:\/\/ellotv.com.br\/site\/wp-content\/uploads\/2026\/01\/WhatsApp-Image-2026-01-12-at-19.43.08.jpeg\" \/>\n\t<meta property=\"og:image:width\" content=\"1290\" \/>\n\t<meta property=\"og:image:height\" content=\"1221\" \/>\n\t<meta property=\"og:image:type\" content=\"image\/jpeg\" \/>\n<meta name=\"author\" content=\"ELLO TV\" \/>\n<meta name=\"twitter:card\" content=\"summary_large_image\" \/>\n<meta name=\"twitter:label1\" content=\"Escrito por\" \/>\n\t<meta name=\"twitter:data1\" content=\"ELLO TV\" \/>\n\t<meta name=\"twitter:label2\" content=\"Est. tempo de leitura\" \/>\n\t<meta name=\"twitter:data2\" content=\"1 minuto\" \/>\n<script type=\"application\/ld+json\" class=\"yoast-schema-graph\">{\"@context\":\"https:\\\/\\\/schema.org\",\"@graph\":[{\"@type\":\"Article\",\"@id\":\"https:\\\/\\\/ellotv.com.br\\\/site\\\/2026\\\/01\\\/13\\\/prefeita-de-floresta-celebra-vitoria-de-wagner-moura-no-globo-de-ouro-e-destaca-orgulho-de-ser-tia-do-ator\\\/#article\",\"isPartOf\":{\"@id\":\"https:\\\/\\\/ellotv.com.br\\\/site\\\/2026\\\/01\\\/13\\\/prefeita-de-floresta-celebra-vitoria-de-wagner-moura-no-globo-de-ouro-e-destaca-orgulho-de-ser-tia-do-ator\\\/\"},\"author\":{\"name\":\"ELLO TV\",\"@id\":\"https:\\\/\\\/ellotv.com.br\\\/site\\\/#\\\/schema\\\/person\\\/2dbe3abaee38dcc7332fc8205cd2b15d\"},\"headline\":\"Prefeita de Floresta celebra vit\u00f3ria de Wagner Moura no Globo de Ouro e destaca orgulho de ser tia do ator\",\"datePublished\":\"2026-01-13T12:07:14+00:00\",\"mainEntityOfPage\":{\"@id\":\"https:\\\/\\\/ellotv.com.br\\\/site\\\/2026\\\/01\\\/13\\\/prefeita-de-floresta-celebra-vitoria-de-wagner-moura-no-globo-de-ouro-e-destaca-orgulho-de-ser-tia-do-ator\\\/\"},\"wordCount\":237,\"commentCount\":0,\"publisher\":{\"@id\":\"https:\\\/\\\/ellotv.com.br\\\/site\\\/#organization\"},\"image\":{\"@id\":\"https:\\\/\\\/ellotv.com.br\\\/site\\\/2026\\\/01\\\/13\\\/prefeita-de-floresta-celebra-vitoria-de-wagner-moura-no-globo-de-ouro-e-destaca-orgulho-de-ser-tia-do-ator\\\/#primaryimage\"},\"thumbnailUrl\":\"https:\\\/\\\/ellotv.com.br\\\/site\\\/wp-content\\\/uploads\\\/2026\\\/01\\\/WhatsApp-Image-2026-01-12-at-19.43.08.jpeg\",\"articleSection\":[\"Brasil\",\"Mundo\",\"Noticias\",\"Regional\"],\"inLanguage\":\"pt-BR\",\"potentialAction\":[{\"@type\":\"CommentAction\",\"name\":\"Comment\",\"target\":[\"https:\\\/\\\/ellotv.com.br\\\/site\\\/2026\\\/01\\\/13\\\/prefeita-de-floresta-celebra-vitoria-de-wagner-moura-no-globo-de-ouro-e-destaca-orgulho-de-ser-tia-do-ator\\\/#respond\"]}]},{\"@type\":\"WebPage\",\"@id\":\"https:\\\/\\\/ellotv.com.br\\\/site\\\/2026\\\/01\\\/13\\\/prefeita-de-floresta-celebra-vitoria-de-wagner-moura-no-globo-de-ouro-e-destaca-orgulho-de-ser-tia-do-ator\\\/\",\"url\":\"https:\\\/\\\/ellotv.com.br\\\/site\\\/2026\\\/01\\\/13\\\/prefeita-de-floresta-celebra-vitoria-de-wagner-moura-no-globo-de-ouro-e-destaca-orgulho-de-ser-tia-do-ator\\\/\",\"name\":\"Prefeita de Floresta celebra vit\u00f3ria de Wagner Moura no Globo de Ouro e destaca orgulho de ser tia do ator - Ello TV\",\"isPartOf\":{\"@id\":\"https:\\\/\\\/ellotv.com.br\\\/site\\\/#website\"},\"primaryImageOfPage\":{\"@id\":\"https:\\\/\\\/ellotv.com.br\\\/site\\\/2026\\\/01\\\/13\\\/prefeita-de-floresta-celebra-vitoria-de-wagner-moura-no-globo-de-ouro-e-destaca-orgulho-de-ser-tia-do-ator\\\/#primaryimage\"},\"image\":{\"@id\":\"https:\\\/\\\/ellotv.com.br\\\/site\\\/2026\\\/01\\\/13\\\/prefeita-de-floresta-celebra-vitoria-de-wagner-moura-no-globo-de-ouro-e-destaca-orgulho-de-ser-tia-do-ator\\\/#primaryimage\"},\"thumbnailUrl\":\"https:\\\/\\\/ellotv.com.br\\\/site\\\/wp-content\\\/uploads\\\/2026\\\/01\\\/WhatsApp-Image-2026-01-12-at-19.43.08.jpeg\",\"datePublished\":\"2026-01-13T12:07:14+00:00\",\"description\":\"Rorr\u00f3 Mani\u00e7oba comemorou nas redes sociais a vit\u00f3ria de Wagner Moura como Melhor Ator em Drama no Globo de Ouro. O ator, seu sobrinho, mant\u00e9m fortes la\u00e7os com o Sert\u00e3o nordestino.\",\"breadcrumb\":{\"@id\":\"https:\\\/\\\/ellotv.com.br\\\/site\\\/2026\\\/01\\\/13\\\/prefeita-de-floresta-celebra-vitoria-de-wagner-moura-no-globo-de-ouro-e-destaca-orgulho-de-ser-tia-do-ator\\\/#breadcrumb\"},\"inLanguage\":\"pt-BR\",\"potentialAction\":[{\"@type\":\"ReadAction\",\"target\":[\"https:\\\/\\\/ellotv.com.br\\\/site\\\/2026\\\/01\\\/13\\\/prefeita-de-floresta-celebra-vitoria-de-wagner-moura-no-globo-de-ouro-e-destaca-orgulho-de-ser-tia-do-ator\\\/\"]}]},{\"@type\":\"ImageObject\",\"inLanguage\":\"pt-BR\",\"@id\":\"https:\\\/\\\/ellotv.com.br\\\/site\\\/2026\\\/01\\\/13\\\/prefeita-de-floresta-celebra-vitoria-de-wagner-moura-no-globo-de-ouro-e-destaca-orgulho-de-ser-tia-do-ator\\\/#primaryimage\",\"url\":\"https:\\\/\\\/ellotv.com.br\\\/site\\\/wp-content\\\/uploads\\\/2026\\\/01\\\/WhatsApp-Image-2026-01-12-at-19.43.08.jpeg\",\"contentUrl\":\"https:\\\/\\\/ellotv.com.br\\\/site\\\/wp-content\\\/uploads\\\/2026\\\/01\\\/WhatsApp-Image-2026-01-12-at-19.43.08.jpeg\",\"width\":1290,\"height\":1221},{\"@type\":\"BreadcrumbList\",\"@id\":\"https:\\\/\\\/ellotv.com.br\\\/site\\\/2026\\\/01\\\/13\\\/prefeita-de-floresta-celebra-vitoria-de-wagner-moura-no-globo-de-ouro-e-destaca-orgulho-de-ser-tia-do-ator\\\/#breadcrumb\",\"itemListElement\":[{\"@type\":\"ListItem\",\"position\":1,\"name\":\"In\u00edcio\",\"item\":\"https:\\\/\\\/ellotv.com.br\\\/site\\\/\"},{\"@type\":\"ListItem\",\"position\":2,\"name\":\"Prefeita de Floresta celebra vit\u00f3ria de Wagner Moura no Globo de Ouro e destaca orgulho de ser tia do ator\"}]},{\"@type\":\"WebSite\",\"@id\":\"https:\\\/\\\/ellotv.com.br\\\/site\\\/#website\",\"url\":\"https:\\\/\\\/ellotv.com.br\\\/site\\\/\",\"name\":\"ELLO TV\",\"description\":\"\",\"publisher\":{\"@id\":\"https:\\\/\\\/ellotv.com.br\\\/site\\\/#organization\"},\"potentialAction\":[{\"@type\":\"SearchAction\",\"target\":{\"@type\":\"EntryPoint\",\"urlTemplate\":\"https:\\\/\\\/ellotv.com.br\\\/site\\\/?s={search_term_string}\"},\"query-input\":{\"@type\":\"PropertyValueSpecification\",\"valueRequired\":true,\"valueName\":\"search_term_string\"}}],\"inLanguage\":\"pt-BR\"},{\"@type\":\"Organization\",\"@id\":\"https:\\\/\\\/ellotv.com.br\\\/site\\\/#organization\",\"name\":\"ELLO TV\",\"url\":\"https:\\\/\\\/ellotv.com.br\\\/site\\\/\",\"logo\":{\"@type\":\"ImageObject\",\"inLanguage\":\"pt-BR\",\"@id\":\"https:\\\/\\\/ellotv.com.br\\\/site\\\/#\\\/schema\\\/logo\\\/image\\\/\",\"url\":\"https:\\\/\\\/ellotv.com.br\\\/site\\\/wp-content\\\/uploads\\\/2025\\\/11\\\/ello-logo-2.fw_.png\",\"contentUrl\":\"https:\\\/\\\/ellotv.com.br\\\/site\\\/wp-content\\\/uploads\\\/2025\\\/11\\\/ello-logo-2.fw_.png\",\"width\":400,\"height\":146,\"caption\":\"ELLO TV\"},\"image\":{\"@id\":\"https:\\\/\\\/ellotv.com.br\\\/site\\\/#\\\/schema\\\/logo\\\/image\\\/\"}},{\"@type\":\"Person\",\"@id\":\"https:\\\/\\\/ellotv.com.br\\\/site\\\/#\\\/schema\\\/person\\\/2dbe3abaee38dcc7332fc8205cd2b15d\",\"name\":\"ELLO TV\",\"image\":{\"@type\":\"ImageObject\",\"inLanguage\":\"pt-BR\",\"@id\":\"https:\\\/\\\/secure.gravatar.com\\\/avatar\\\/c38242b9da8ec217ac3f0aaee31a54f7d7befb11b2b47fdbc8fb0fad60afa1c6?s=96&d=mm&r=g\",\"url\":\"https:\\\/\\\/secure.gravatar.com\\\/avatar\\\/c38242b9da8ec217ac3f0aaee31a54f7d7befb11b2b47fdbc8fb0fad60afa1c6?s=96&d=mm&r=g\",\"contentUrl\":\"https:\\\/\\\/secure.gravatar.com\\\/avatar\\\/c38242b9da8ec217ac3f0aaee31a54f7d7befb11b2b47fdbc8fb0fad60afa1c6?s=96&d=mm&r=g\",\"caption\":\"ELLO TV\"},\"url\":\"https:\\\/\\\/ellotv.com.br\\\/site\\\/author\\\/elloagencia\\\/\"}]}<\/script>\n<!-- \/ Yoast SEO plugin. -->","yoast_head_json":{"title":"Prefeita de Floresta celebra vit\u00f3ria de Wagner Moura no Globo de Ouro e destaca orgulho de ser tia do ator - Ello TV","description":"Rorr\u00f3 Mani\u00e7oba comemorou nas redes sociais a vit\u00f3ria de Wagner Moura como Melhor Ator em Drama no Globo de Ouro. O ator, seu sobrinho, mant\u00e9m fortes la\u00e7os com o Sert\u00e3o nordestino.","robots":{"index":"index","follow":"follow","max-snippet":"max-snippet:-1","max-image-preview":"max-image-preview:large","max-video-preview":"max-video-preview:-1"},"canonical":"https:\/\/ellotv.com.br\/site\/2026\/01\/13\/prefeita-de-floresta-celebra-vitoria-de-wagner-moura-no-globo-de-ouro-e-destaca-orgulho-de-ser-tia-do-ator\/","og_locale":"pt_BR","og_type":"article","og_title":"Prefeita de Floresta celebra vit\u00f3ria de Wagner Moura no Globo de Ouro e destaca orgulho de ser tia do ator - Ello TV","og_description":"Rorr\u00f3 Mani\u00e7oba comemorou nas redes sociais a vit\u00f3ria de Wagner Moura como Melhor Ator em Drama no Globo de Ouro. O ator, seu sobrinho, mant\u00e9m fortes la\u00e7os com o Sert\u00e3o nordestino.","og_url":"https:\/\/ellotv.com.br\/site\/2026\/01\/13\/prefeita-de-floresta-celebra-vitoria-de-wagner-moura-no-globo-de-ouro-e-destaca-orgulho-de-ser-tia-do-ator\/","og_site_name":"Ello TV","article_published_time":"2026-01-13T12:07:14+00:00","og_image":[{"width":1290,"height":1221,"url":"https:\/\/ellotv.com.br\/site\/wp-content\/uploads\/2026\/01\/WhatsApp-Image-2026-01-12-at-19.43.08.jpeg","type":"image\/jpeg"}],"author":"ELLO TV","twitter_card":"summary_large_image","twitter_misc":{"Escrito por":"ELLO TV","Est. tempo de leitura":"1 minuto"},"schema":{"@context":"https:\/\/schema.org","@graph":[{"@type":"Article","@id":"https:\/\/ellotv.com.br\/site\/2026\/01\/13\/prefeita-de-floresta-celebra-vitoria-de-wagner-moura-no-globo-de-ouro-e-destaca-orgulho-de-ser-tia-do-ator\/#article","isPartOf":{"@id":"https:\/\/ellotv.com.br\/site\/2026\/01\/13\/prefeita-de-floresta-celebra-vitoria-de-wagner-moura-no-globo-de-ouro-e-destaca-orgulho-de-ser-tia-do-ator\/"},"author":{"name":"ELLO TV","@id":"https:\/\/ellotv.com.br\/site\/#\/schema\/person\/2dbe3abaee38dcc7332fc8205cd2b15d"},"headline":"Prefeita de Floresta celebra vit\u00f3ria de Wagner Moura no Globo de Ouro e destaca orgulho de ser tia do ator","datePublished":"2026-01-13T12:07:14+00:00","mainEntityOfPage":{"@id":"https:\/\/ellotv.com.br\/site\/2026\/01\/13\/prefeita-de-floresta-celebra-vitoria-de-wagner-moura-no-globo-de-ouro-e-destaca-orgulho-de-ser-tia-do-ator\/"},"wordCount":237,"commentCount":0,"publisher":{"@id":"https:\/\/ellotv.com.br\/site\/#organization"},"image":{"@id":"https:\/\/ellotv.com.br\/site\/2026\/01\/13\/prefeita-de-floresta-celebra-vitoria-de-wagner-moura-no-globo-de-ouro-e-destaca-orgulho-de-ser-tia-do-ator\/#primaryimage"},"thumbnailUrl":"https:\/\/ellotv.com.br\/site\/wp-content\/uploads\/2026\/01\/WhatsApp-Image-2026-01-12-at-19.43.08.jpeg","articleSection":["Brasil","Mundo","Noticias","Regional"],"inLanguage":"pt-BR","potentialAction":[{"@type":"CommentAction","name":"Comment","target":["https:\/\/ellotv.com.br\/site\/2026\/01\/13\/prefeita-de-floresta-celebra-vitoria-de-wagner-moura-no-globo-de-ouro-e-destaca-orgulho-de-ser-tia-do-ator\/#respond"]}]},{"@type":"WebPage","@id":"https:\/\/ellotv.com.br\/site\/2026\/01\/13\/prefeita-de-floresta-celebra-vitoria-de-wagner-moura-no-globo-de-ouro-e-destaca-orgulho-de-ser-tia-do-ator\/","url":"https:\/\/ellotv.com.br\/site\/2026\/01\/13\/prefeita-de-floresta-celebra-vitoria-de-wagner-moura-no-globo-de-ouro-e-destaca-orgulho-de-ser-tia-do-ator\/","name":"Prefeita de Floresta celebra vit\u00f3ria de Wagner Moura no Globo de Ouro e destaca orgulho de ser tia do ator - Ello TV","isPartOf":{"@id":"https:\/\/ellotv.com.br\/site\/#website"},"primaryImageOfPage":{"@id":"https:\/\/ellotv.com.br\/site\/2026\/01\/13\/prefeita-de-floresta-celebra-vitoria-de-wagner-moura-no-globo-de-ouro-e-destaca-orgulho-de-ser-tia-do-ator\/#primaryimage"},"image":{"@id":"https:\/\/ellotv.com.br\/site\/2026\/01\/13\/prefeita-de-floresta-celebra-vitoria-de-wagner-moura-no-globo-de-ouro-e-destaca-orgulho-de-ser-tia-do-ator\/#primaryimage"},"thumbnailUrl":"https:\/\/ellotv.com.br\/site\/wp-content\/uploads\/2026\/01\/WhatsApp-Image-2026-01-12-at-19.43.08.jpeg","datePublished":"2026-01-13T12:07:14+00:00","description":"Rorr\u00f3 Mani\u00e7oba comemorou nas redes sociais a vit\u00f3ria de Wagner Moura como Melhor Ator em Drama no Globo de Ouro. O ator, seu sobrinho, mant\u00e9m fortes la\u00e7os com o Sert\u00e3o nordestino.","breadcrumb":{"@id":"https:\/\/ellotv.com.br\/site\/2026\/01\/13\/prefeita-de-floresta-celebra-vitoria-de-wagner-moura-no-globo-de-ouro-e-destaca-orgulho-de-ser-tia-do-ator\/#breadcrumb"},"inLanguage":"pt-BR","potentialAction":[{"@type":"ReadAction","target":["https:\/\/ellotv.com.br\/site\/2026\/01\/13\/prefeita-de-floresta-celebra-vitoria-de-wagner-moura-no-globo-de-ouro-e-destaca-orgulho-de-ser-tia-do-ator\/"]}]},{"@type":"ImageObject","inLanguage":"pt-BR","@id":"https:\/\/ellotv.com.br\/site\/2026\/01\/13\/prefeita-de-floresta-celebra-vitoria-de-wagner-moura-no-globo-de-ouro-e-destaca-orgulho-de-ser-tia-do-ator\/#primaryimage","url":"https:\/\/ellotv.com.br\/site\/wp-content\/uploads\/2026\/01\/WhatsApp-Image-2026-01-12-at-19.43.08.jpeg","contentUrl":"https:\/\/ellotv.com.br\/site\/wp-content\/uploads\/2026\/01\/WhatsApp-Image-2026-01-12-at-19.43.08.jpeg","width":1290,"height":1221},{"@type":"BreadcrumbList","@id":"https:\/\/ellotv.com.br\/site\/2026\/01\/13\/prefeita-de-floresta-celebra-vitoria-de-wagner-moura-no-globo-de-ouro-e-destaca-orgulho-de-ser-tia-do-ator\/#breadcrumb","itemListElement":[{"@type":"ListItem","position":1,"name":"In\u00edcio","item":"https:\/\/ellotv.com.br\/site\/"},{"@type":"ListItem","position":2,"name":"Prefeita de Floresta celebra vit\u00f3ria de Wagner Moura no Globo de Ouro e destaca orgulho de ser tia do ator"}]},{"@type":"WebSite","@id":"https:\/\/ellotv.com.br\/site\/#website","url":"https:\/\/ellotv.com.br\/site\/","name":"ELLO TV","description":"","publisher":{"@id":"https:\/\/ellotv.com.br\/site\/#organization"},"potentialAction":[{"@type":"SearchAction","target":{"@type":"EntryPoint","urlTemplate":"https:\/\/ellotv.com.br\/site\/?s={search_term_string}"},"query-input":{"@type":"PropertyValueSpecification","valueRequired":true,"valueName":"search_term_string"}}],"inLanguage":"pt-BR"},{"@type":"Organization","@id":"https:\/\/ellotv.com.br\/site\/#organization","name":"ELLO TV","url":"https:\/\/ellotv.com.br\/site\/","logo":{"@type":"ImageObject","inLanguage":"pt-BR","@id":"https:\/\/ellotv.com.br\/site\/#\/schema\/logo\/image\/","url":"https:\/\/ellotv.com.br\/site\/wp-content\/uploads\/2025\/11\/ello-logo-2.fw_.png","contentUrl":"https:\/\/ellotv.com.br\/site\/wp-content\/uploads\/2025\/11\/ello-logo-2.fw_.png","width":400,"height":146,"caption":"ELLO TV"},"image":{"@id":"https:\/\/ellotv.com.br\/site\/#\/schema\/logo\/image\/"}},{"@type":"Person","@id":"https:\/\/ellotv.com.br\/site\/#\/schema\/person\/2dbe3abaee38dcc7332fc8205cd2b15d","name":"ELLO TV","image":{"@type":"ImageObject","inLanguage":"pt-BR","@id":"https:\/\/secure.gravatar.com\/avatar\/c38242b9da8ec217ac3f0aaee31a54f7d7befb11b2b47fdbc8fb0fad60afa1c6?s=96&d=mm&r=g","url":"https:\/\/secure.gravatar.com\/avatar\/c38242b9da8ec217ac3f0aaee31a54f7d7befb11b2b47fdbc8fb0fad60afa1c6?s=96&d=mm&r=g","contentUrl":"https:\/\/secure.gravatar.com\/avatar\/c38242b9da8ec217ac3f0aaee31a54f7d7befb11b2b47fdbc8fb0fad60afa1c6?s=96&d=mm&r=g","caption":"ELLO TV"},"url":"https:\/\/ellotv.com.br\/site\/author\/elloagencia\/"}]}},"featured_image_urls":{"full":["https:\/\/ellotv.com.br\/site\/wp-content\/uploads\/2026\/01\/WhatsApp-Image-2026-01-12-at-19.43.08.jpeg",1290,1221,false],"thumbnail":["https:\/\/ellotv.com.br\/site\/wp-content\/uploads\/2026\/01\/WhatsApp-Image-2026-01-12-at-19.43.08-150x150.jpeg",150,150,true],"medium":["https:\/\/ellotv.com.br\/site\/wp-content\/uploads\/2026\/01\/WhatsApp-Image-2026-01-12-at-19.43.08-300x284.jpeg",300,284,true],"medium_large":["https:\/\/ellotv.com.br\/site\/wp-content\/uploads\/2026\/01\/WhatsApp-Image-2026-01-12-at-19.43.08-768x727.jpeg",640,606,true],"large":["https:\/\/ellotv.com.br\/site\/wp-content\/uploads\/2026\/01\/WhatsApp-Image-2026-01-12-at-19.43.08-1024x969.jpeg",640,606,true],"1536x1536":["https:\/\/ellotv.com.br\/site\/wp-content\/uploads\/2026\/01\/WhatsApp-Image-2026-01-12-at-19.43.08.jpeg",1290,1221,false],"2048x2048":["https:\/\/ellotv.com.br\/site\/wp-content\/uploads\/2026\/01\/WhatsApp-Image-2026-01-12-at-19.43.08.jpeg",1290,1221,false],"darknews-slider-full":["https:\/\/ellotv.com.br\/site\/wp-content\/uploads\/2026\/01\/WhatsApp-Image-2026-01-12-at-19.43.08-1280x720.jpeg",1280,720,true],"darknews-featured":["https:\/\/ellotv.com.br\/site\/wp-content\/uploads\/2026\/01\/WhatsApp-Image-2026-01-12-at-19.43.08-1024x969.jpeg",1024,969,true],"darknews-medium":["https:\/\/ellotv.com.br\/site\/wp-content\/uploads\/2026\/01\/WhatsApp-Image-2026-01-12-at-19.43.08-720x530.jpeg",720,530,true],"darknews-medium-square":["https:\/\/ellotv.com.br\/site\/wp-content\/uploads\/2026\/01\/WhatsApp-Image-2026-01-12-at-19.43.08-350x350.jpeg",350,350,true]},"author_info":{"info":["ELLO TV"]},"category_info":"<a href=\"https:\/\/ellotv.com.br\/site\/category\/brasil\/\" rel=\"category tag\">Brasil<\/a> <a href=\"https:\/\/ellotv.com.br\/site\/category\/mundo\/\" rel=\"category tag\">Mundo<\/a> <a href=\"https:\/\/ellotv.com.br\/site\/category\/noticias\/\" rel=\"category tag\">Noticias<\/a> <a href=\"https:\/\/ellotv.com.br\/site\/category\/regional\/\" rel=\"category tag\">Regional<\/a>","tag_info":"Regional","comment_count":"0","_links":{"self":[{"href":"https:\/\/ellotv.com.br\/site\/wp-json\/wp\/v2\/posts\/4304","targetHints":{"allow":["GET"]}}],"collection":[{"href":"https:\/\/ellotv.com.br\/site\/wp-json\/wp\/v2\/posts"}],"about":[{"href":"https:\/\/ellotv.com.br\/site\/wp-json\/wp\/v2\/types\/post"}],"author":[{"embeddable":true,"href":"https:\/\/ellotv.com.br\/site\/wp-json\/wp\/v2\/users\/2"}],"replies":[{"embeddable":true,"href":"https:\/\/ellotv.com.br\/site\/wp-json\/wp\/v2\/comments?post=4304"}],"version-history":[{"count":2,"href":"https:\/\/ellotv.com.br\/site\/wp-json\/wp\/v2\/posts\/4304\/revisions"}],"predecessor-version":[{"id":4308,"href":"https:\/\/ellotv.com.br\/site\/wp-json\/wp\/v2\/posts\/4304\/revisions\/4308"}],"wp:featuredmedia":[{"embeddable":true,"href":"https:\/\/ellotv.com.br\/site\/wp-json\/wp\/v2\/media\/4305"}],"wp:attachment":[{"href":"https:\/\/ellotv.com.br\/site\/wp-json\/wp\/v2\/media?parent=4304"}],"wp:term":[{"taxonomy":"category","embeddable":true,"href":"https:\/\/ellotv.com.br\/site\/wp-json\/wp\/v2\/categories?post=4304"},{"taxonomy":"post_tag","embeddable":true,"href":"https:\/\/ellotv.com.br\/site\/wp-json\/wp\/v2\/tags?post=4304"}],"curies":[{"name":"wp","href":"https:\/\/api.w.org\/{rel}","templated":true}]}}