{"id":4363,"date":"2026-01-14T14:26:58","date_gmt":"2026-01-14T17:26:58","guid":{"rendered":"https:\/\/ellotv.com.br\/site\/?p=4363"},"modified":"2026-01-14T14:26:58","modified_gmt":"2026-01-14T17:26:58","slug":"inss-tera-atendimento-suspenso-e-sistemas-fora-do-ar-para-atualizacao","status":"publish","type":"post","link":"https:\/\/ellotv.com.br\/site\/2026\/01\/14\/inss-tera-atendimento-suspenso-e-sistemas-fora-do-ar-para-atualizacao\/","title":{"rendered":"INSS ter\u00e1 atendimento suspenso e sistemas fora do ar para atualiza\u00e7\u00e3o"},"content":{"rendered":"<p>O Instituto Nacional do Seguro Social (INSS) informou que ir\u00e1 suspender o atendimento presencial nas ag\u00eancias nos dias 28, 29 e 30 de janeiro. Al\u00e9m disso, alguns servi\u00e7os digitais, como o Meu INSS e a Central 135, poder\u00e3o ficar indispon\u00edveis a partir da noite do dia 27 de janeiro at\u00e9 31 de janeiro.<\/p>\n<p>Durante esse per\u00edodo, n\u00e3o ser\u00e1 poss\u00edvel realizar novos pedidos, cumprir exig\u00eancias, consultar benef\u00edcios, emitir extratos ou agendar atendimentos. A suspens\u00e3o deve impactar aposentados, pensionistas e trabalhadores que utilizam os servi\u00e7os do \u00f3rg\u00e3o.<\/p>\n<p>Segundo o INSS, a paralisa\u00e7\u00e3o tempor\u00e1ria ir\u00e1 acontecer para permitir a atualiza\u00e7\u00e3o e moderniza\u00e7\u00e3o dos sistemas, com foco em melhorias no atendimento e na seguran\u00e7a das plataformas. O \u00f3rg\u00e3o orienta que os segurados se organizem e acompanhem as informa\u00e7\u00f5es pelos canais oficiais.<\/p>\n","protected":false},"excerpt":{"rendered":"<p>O Instituto Nacional do Seguro Social (INSS) informou que ir\u00e1 suspender o atendimento presencial nas ag\u00eancias nos dias<\/p>\n","protected":false},"author":2,"featured_media":4364,"comment_status":"open","ping_status":"open","sticky":false,"template":"","format":"standard","meta":{"footnotes":""},"categories":[8,12],"tags":[],"class_list":["post-4363","post","type-post","status-publish","format-standard","has-post-thumbnail","hentry","category-brasil","category-noticias"],"yoast_head":"<!-- This site is optimized with the Yoast SEO plugin v28.3 - https:\/\/yoast.com\/product\/yoast-seo-wordpress\/ -->\n<title>INSS ter\u00e1 atendimento suspenso e sistemas fora do ar para atualiza\u00e7\u00e3o - Ello TV<\/title>\n<meta name=\"description\" content=\"INSS suspende atendimento presencial nas ag\u00eancias entre 28 e 30 de janeiro e alerta para poss\u00edvel instabilidade em servi\u00e7os digitais, como Meu INSS e Central 135, devido \u00e0 atualiza\u00e7\u00e3o e moderniza\u00e7\u00e3o dos sistemas.\" \/>\n<meta name=\"robots\" content=\"index, follow, max-snippet:-1, max-image-preview:large, max-video-preview:-1\" \/>\n<link rel=\"canonical\" href=\"https:\/\/ellotv.com.br\/site\/2026\/01\/14\/inss-tera-atendimento-suspenso-e-sistemas-fora-do-ar-para-atualizacao\/\" \/>\n<meta property=\"og:locale\" content=\"pt_BR\" \/>\n<meta property=\"og:type\" content=\"article\" \/>\n<meta property=\"og:title\" content=\"INSS ter\u00e1 atendimento suspenso e sistemas fora do ar para atualiza\u00e7\u00e3o - Ello TV\" \/>\n<meta property=\"og:description\" content=\"INSS suspende atendimento presencial nas ag\u00eancias entre 28 e 30 de janeiro e alerta para poss\u00edvel instabilidade em servi\u00e7os digitais, como Meu INSS e Central 135, devido \u00e0 atualiza\u00e7\u00e3o e moderniza\u00e7\u00e3o dos sistemas.\" \/>\n<meta property=\"og:url\" content=\"https:\/\/ellotv.com.br\/site\/2026\/01\/14\/inss-tera-atendimento-suspenso-e-sistemas-fora-do-ar-para-atualizacao\/\" \/>\n<meta property=\"og:site_name\" content=\"Ello TV\" \/>\n<meta property=\"article:published_time\" content=\"2026-01-14T17:26:58+00:00\" \/>\n<meta property=\"og:image\" content=\"https:\/\/ellotv.com.br\/site\/wp-content\/uploads\/2026\/01\/WhatsApp-Image-2026-01-14-at-13.10.48.jpeg\" \/>\n\t<meta property=\"og:image:width\" content=\"651\" \/>\n\t<meta property=\"og:image:height\" content=\"447\" \/>\n\t<meta property=\"og:image:type\" content=\"image\/jpeg\" \/>\n<meta name=\"author\" content=\"ELLO TV\" \/>\n<meta name=\"twitter:card\" content=\"summary_large_image\" \/>\n<meta name=\"twitter:label1\" content=\"Escrito por\" \/>\n\t<meta name=\"twitter:data1\" content=\"ELLO TV\" \/>\n\t<meta name=\"twitter:label2\" content=\"Est. tempo de leitura\" \/>\n\t<meta name=\"twitter:data2\" content=\"1 minuto\" \/>\n<script type=\"application\/ld+json\" class=\"yoast-schema-graph\">{\"@context\":\"https:\\\/\\\/schema.org\",\"@graph\":[{\"@type\":\"Article\",\"@id\":\"https:\\\/\\\/ellotv.com.br\\\/site\\\/2026\\\/01\\\/14\\\/inss-tera-atendimento-suspenso-e-sistemas-fora-do-ar-para-atualizacao\\\/#article\",\"isPartOf\":{\"@id\":\"https:\\\/\\\/ellotv.com.br\\\/site\\\/2026\\\/01\\\/14\\\/inss-tera-atendimento-suspenso-e-sistemas-fora-do-ar-para-atualizacao\\\/\"},\"author\":{\"name\":\"ELLO TV\",\"@id\":\"https:\\\/\\\/ellotv.com.br\\\/site\\\/#\\\/schema\\\/person\\\/2dbe3abaee38dcc7332fc8205cd2b15d\"},\"headline\":\"INSS ter\u00e1 atendimento suspenso e sistemas fora do ar para atualiza\u00e7\u00e3o\",\"datePublished\":\"2026-01-14T17:26:58+00:00\",\"mainEntityOfPage\":{\"@id\":\"https:\\\/\\\/ellotv.com.br\\\/site\\\/2026\\\/01\\\/14\\\/inss-tera-atendimento-suspenso-e-sistemas-fora-do-ar-para-atualizacao\\\/\"},\"wordCount\":153,\"commentCount\":0,\"publisher\":{\"@id\":\"https:\\\/\\\/ellotv.com.br\\\/site\\\/#organization\"},\"image\":{\"@id\":\"https:\\\/\\\/ellotv.com.br\\\/site\\\/2026\\\/01\\\/14\\\/inss-tera-atendimento-suspenso-e-sistemas-fora-do-ar-para-atualizacao\\\/#primaryimage\"},\"thumbnailUrl\":\"https:\\\/\\\/ellotv.com.br\\\/site\\\/wp-content\\\/uploads\\\/2026\\\/01\\\/WhatsApp-Image-2026-01-14-at-13.10.48.jpeg\",\"articleSection\":[\"Brasil\",\"Noticias\"],\"inLanguage\":\"pt-BR\",\"potentialAction\":[{\"@type\":\"CommentAction\",\"name\":\"Comment\",\"target\":[\"https:\\\/\\\/ellotv.com.br\\\/site\\\/2026\\\/01\\\/14\\\/inss-tera-atendimento-suspenso-e-sistemas-fora-do-ar-para-atualizacao\\\/#respond\"]}]},{\"@type\":\"WebPage\",\"@id\":\"https:\\\/\\\/ellotv.com.br\\\/site\\\/2026\\\/01\\\/14\\\/inss-tera-atendimento-suspenso-e-sistemas-fora-do-ar-para-atualizacao\\\/\",\"url\":\"https:\\\/\\\/ellotv.com.br\\\/site\\\/2026\\\/01\\\/14\\\/inss-tera-atendimento-suspenso-e-sistemas-fora-do-ar-para-atualizacao\\\/\",\"name\":\"INSS ter\u00e1 atendimento suspenso e sistemas fora do ar para atualiza\u00e7\u00e3o - Ello TV\",\"isPartOf\":{\"@id\":\"https:\\\/\\\/ellotv.com.br\\\/site\\\/#website\"},\"primaryImageOfPage\":{\"@id\":\"https:\\\/\\\/ellotv.com.br\\\/site\\\/2026\\\/01\\\/14\\\/inss-tera-atendimento-suspenso-e-sistemas-fora-do-ar-para-atualizacao\\\/#primaryimage\"},\"image\":{\"@id\":\"https:\\\/\\\/ellotv.com.br\\\/site\\\/2026\\\/01\\\/14\\\/inss-tera-atendimento-suspenso-e-sistemas-fora-do-ar-para-atualizacao\\\/#primaryimage\"},\"thumbnailUrl\":\"https:\\\/\\\/ellotv.com.br\\\/site\\\/wp-content\\\/uploads\\\/2026\\\/01\\\/WhatsApp-Image-2026-01-14-at-13.10.48.jpeg\",\"datePublished\":\"2026-01-14T17:26:58+00:00\",\"description\":\"INSS suspende atendimento presencial nas ag\u00eancias entre 28 e 30 de janeiro e alerta para poss\u00edvel instabilidade em servi\u00e7os digitais, como Meu INSS e Central 135, devido \u00e0 atualiza\u00e7\u00e3o e moderniza\u00e7\u00e3o dos sistemas.\",\"breadcrumb\":{\"@id\":\"https:\\\/\\\/ellotv.com.br\\\/site\\\/2026\\\/01\\\/14\\\/inss-tera-atendimento-suspenso-e-sistemas-fora-do-ar-para-atualizacao\\\/#breadcrumb\"},\"inLanguage\":\"pt-BR\",\"potentialAction\":[{\"@type\":\"ReadAction\",\"target\":[\"https:\\\/\\\/ellotv.com.br\\\/site\\\/2026\\\/01\\\/14\\\/inss-tera-atendimento-suspenso-e-sistemas-fora-do-ar-para-atualizacao\\\/\"]}]},{\"@type\":\"ImageObject\",\"inLanguage\":\"pt-BR\",\"@id\":\"https:\\\/\\\/ellotv.com.br\\\/site\\\/2026\\\/01\\\/14\\\/inss-tera-atendimento-suspenso-e-sistemas-fora-do-ar-para-atualizacao\\\/#primaryimage\",\"url\":\"https:\\\/\\\/ellotv.com.br\\\/site\\\/wp-content\\\/uploads\\\/2026\\\/01\\\/WhatsApp-Image-2026-01-14-at-13.10.48.jpeg\",\"contentUrl\":\"https:\\\/\\\/ellotv.com.br\\\/site\\\/wp-content\\\/uploads\\\/2026\\\/01\\\/WhatsApp-Image-2026-01-14-at-13.10.48.jpeg\",\"width\":651,\"height\":447},{\"@type\":\"BreadcrumbList\",\"@id\":\"https:\\\/\\\/ellotv.com.br\\\/site\\\/2026\\\/01\\\/14\\\/inss-tera-atendimento-suspenso-e-sistemas-fora-do-ar-para-atualizacao\\\/#breadcrumb\",\"itemListElement\":[{\"@type\":\"ListItem\",\"position\":1,\"name\":\"In\u00edcio\",\"item\":\"https:\\\/\\\/ellotv.com.br\\\/site\\\/\"},{\"@type\":\"ListItem\",\"position\":2,\"name\":\"INSS ter\u00e1 atendimento suspenso e sistemas fora do ar para atualiza\u00e7\u00e3o\"}]},{\"@type\":\"WebSite\",\"@id\":\"https:\\\/\\\/ellotv.com.br\\\/site\\\/#website\",\"url\":\"https:\\\/\\\/ellotv.com.br\\\/site\\\/\",\"name\":\"ELLO TV\",\"description\":\"\",\"publisher\":{\"@id\":\"https:\\\/\\\/ellotv.com.br\\\/site\\\/#organization\"},\"potentialAction\":[{\"@type\":\"SearchAction\",\"target\":{\"@type\":\"EntryPoint\",\"urlTemplate\":\"https:\\\/\\\/ellotv.com.br\\\/site\\\/?s={search_term_string}\"},\"query-input\":{\"@type\":\"PropertyValueSpecification\",\"valueRequired\":true,\"valueName\":\"search_term_string\"}}],\"inLanguage\":\"pt-BR\"},{\"@type\":\"Organization\",\"@id\":\"https:\\\/\\\/ellotv.com.br\\\/site\\\/#organization\",\"name\":\"ELLO TV\",\"url\":\"https:\\\/\\\/ellotv.com.br\\\/site\\\/\",\"logo\":{\"@type\":\"ImageObject\",\"inLanguage\":\"pt-BR\",\"@id\":\"https:\\\/\\\/ellotv.com.br\\\/site\\\/#\\\/schema\\\/logo\\\/image\\\/\",\"url\":\"https:\\\/\\\/ellotv.com.br\\\/site\\\/wp-content\\\/uploads\\\/2025\\\/11\\\/ello-logo-2.fw_.png\",\"contentUrl\":\"https:\\\/\\\/ellotv.com.br\\\/site\\\/wp-content\\\/uploads\\\/2025\\\/11\\\/ello-logo-2.fw_.png\",\"width\":400,\"height\":146,\"caption\":\"ELLO TV\"},\"image\":{\"@id\":\"https:\\\/\\\/ellotv.com.br\\\/site\\\/#\\\/schema\\\/logo\\\/image\\\/\"}},{\"@type\":\"Person\",\"@id\":\"https:\\\/\\\/ellotv.com.br\\\/site\\\/#\\\/schema\\\/person\\\/2dbe3abaee38dcc7332fc8205cd2b15d\",\"name\":\"ELLO TV\",\"image\":{\"@type\":\"ImageObject\",\"inLanguage\":\"pt-BR\",\"@id\":\"https:\\\/\\\/secure.gravatar.com\\\/avatar\\\/c38242b9da8ec217ac3f0aaee31a54f7d7befb11b2b47fdbc8fb0fad60afa1c6?s=96&d=mm&r=g\",\"url\":\"https:\\\/\\\/secure.gravatar.com\\\/avatar\\\/c38242b9da8ec217ac3f0aaee31a54f7d7befb11b2b47fdbc8fb0fad60afa1c6?s=96&d=mm&r=g\",\"contentUrl\":\"https:\\\/\\\/secure.gravatar.com\\\/avatar\\\/c38242b9da8ec217ac3f0aaee31a54f7d7befb11b2b47fdbc8fb0fad60afa1c6?s=96&d=mm&r=g\",\"caption\":\"ELLO TV\"},\"url\":\"https:\\\/\\\/ellotv.com.br\\\/site\\\/author\\\/elloagencia\\\/\"}]}<\/script>\n<!-- \/ Yoast SEO plugin. -->","yoast_head_json":{"title":"INSS ter\u00e1 atendimento suspenso e sistemas fora do ar para atualiza\u00e7\u00e3o - Ello TV","description":"INSS suspende atendimento presencial nas ag\u00eancias entre 28 e 30 de janeiro e alerta para poss\u00edvel instabilidade em servi\u00e7os digitais, como Meu INSS e Central 135, devido \u00e0 atualiza\u00e7\u00e3o e moderniza\u00e7\u00e3o dos sistemas.","robots":{"index":"index","follow":"follow","max-snippet":"max-snippet:-1","max-image-preview":"max-image-preview:large","max-video-preview":"max-video-preview:-1"},"canonical":"https:\/\/ellotv.com.br\/site\/2026\/01\/14\/inss-tera-atendimento-suspenso-e-sistemas-fora-do-ar-para-atualizacao\/","og_locale":"pt_BR","og_type":"article","og_title":"INSS ter\u00e1 atendimento suspenso e sistemas fora do ar para atualiza\u00e7\u00e3o - Ello TV","og_description":"INSS suspende atendimento presencial nas ag\u00eancias entre 28 e 30 de janeiro e alerta para poss\u00edvel instabilidade em servi\u00e7os digitais, como Meu INSS e Central 135, devido \u00e0 atualiza\u00e7\u00e3o e moderniza\u00e7\u00e3o dos sistemas.","og_url":"https:\/\/ellotv.com.br\/site\/2026\/01\/14\/inss-tera-atendimento-suspenso-e-sistemas-fora-do-ar-para-atualizacao\/","og_site_name":"Ello TV","article_published_time":"2026-01-14T17:26:58+00:00","og_image":[{"width":651,"height":447,"url":"https:\/\/ellotv.com.br\/site\/wp-content\/uploads\/2026\/01\/WhatsApp-Image-2026-01-14-at-13.10.48.jpeg","type":"image\/jpeg"}],"author":"ELLO TV","twitter_card":"summary_large_image","twitter_misc":{"Escrito por":"ELLO TV","Est. tempo de leitura":"1 minuto"},"schema":{"@context":"https:\/\/schema.org","@graph":[{"@type":"Article","@id":"https:\/\/ellotv.com.br\/site\/2026\/01\/14\/inss-tera-atendimento-suspenso-e-sistemas-fora-do-ar-para-atualizacao\/#article","isPartOf":{"@id":"https:\/\/ellotv.com.br\/site\/2026\/01\/14\/inss-tera-atendimento-suspenso-e-sistemas-fora-do-ar-para-atualizacao\/"},"author":{"name":"ELLO TV","@id":"https:\/\/ellotv.com.br\/site\/#\/schema\/person\/2dbe3abaee38dcc7332fc8205cd2b15d"},"headline":"INSS ter\u00e1 atendimento suspenso e sistemas fora do ar para atualiza\u00e7\u00e3o","datePublished":"2026-01-14T17:26:58+00:00","mainEntityOfPage":{"@id":"https:\/\/ellotv.com.br\/site\/2026\/01\/14\/inss-tera-atendimento-suspenso-e-sistemas-fora-do-ar-para-atualizacao\/"},"wordCount":153,"commentCount":0,"publisher":{"@id":"https:\/\/ellotv.com.br\/site\/#organization"},"image":{"@id":"https:\/\/ellotv.com.br\/site\/2026\/01\/14\/inss-tera-atendimento-suspenso-e-sistemas-fora-do-ar-para-atualizacao\/#primaryimage"},"thumbnailUrl":"https:\/\/ellotv.com.br\/site\/wp-content\/uploads\/2026\/01\/WhatsApp-Image-2026-01-14-at-13.10.48.jpeg","articleSection":["Brasil","Noticias"],"inLanguage":"pt-BR","potentialAction":[{"@type":"CommentAction","name":"Comment","target":["https:\/\/ellotv.com.br\/site\/2026\/01\/14\/inss-tera-atendimento-suspenso-e-sistemas-fora-do-ar-para-atualizacao\/#respond"]}]},{"@type":"WebPage","@id":"https:\/\/ellotv.com.br\/site\/2026\/01\/14\/inss-tera-atendimento-suspenso-e-sistemas-fora-do-ar-para-atualizacao\/","url":"https:\/\/ellotv.com.br\/site\/2026\/01\/14\/inss-tera-atendimento-suspenso-e-sistemas-fora-do-ar-para-atualizacao\/","name":"INSS ter\u00e1 atendimento suspenso e sistemas fora do ar para atualiza\u00e7\u00e3o - Ello TV","isPartOf":{"@id":"https:\/\/ellotv.com.br\/site\/#website"},"primaryImageOfPage":{"@id":"https:\/\/ellotv.com.br\/site\/2026\/01\/14\/inss-tera-atendimento-suspenso-e-sistemas-fora-do-ar-para-atualizacao\/#primaryimage"},"image":{"@id":"https:\/\/ellotv.com.br\/site\/2026\/01\/14\/inss-tera-atendimento-suspenso-e-sistemas-fora-do-ar-para-atualizacao\/#primaryimage"},"thumbnailUrl":"https:\/\/ellotv.com.br\/site\/wp-content\/uploads\/2026\/01\/WhatsApp-Image-2026-01-14-at-13.10.48.jpeg","datePublished":"2026-01-14T17:26:58+00:00","description":"INSS suspende atendimento presencial nas ag\u00eancias entre 28 e 30 de janeiro e alerta para poss\u00edvel instabilidade em servi\u00e7os digitais, como Meu INSS e Central 135, devido \u00e0 atualiza\u00e7\u00e3o e moderniza\u00e7\u00e3o dos sistemas.","breadcrumb":{"@id":"https:\/\/ellotv.com.br\/site\/2026\/01\/14\/inss-tera-atendimento-suspenso-e-sistemas-fora-do-ar-para-atualizacao\/#breadcrumb"},"inLanguage":"pt-BR","potentialAction":[{"@type":"ReadAction","target":["https:\/\/ellotv.com.br\/site\/2026\/01\/14\/inss-tera-atendimento-suspenso-e-sistemas-fora-do-ar-para-atualizacao\/"]}]},{"@type":"ImageObject","inLanguage":"pt-BR","@id":"https:\/\/ellotv.com.br\/site\/2026\/01\/14\/inss-tera-atendimento-suspenso-e-sistemas-fora-do-ar-para-atualizacao\/#primaryimage","url":"https:\/\/ellotv.com.br\/site\/wp-content\/uploads\/2026\/01\/WhatsApp-Image-2026-01-14-at-13.10.48.jpeg","contentUrl":"https:\/\/ellotv.com.br\/site\/wp-content\/uploads\/2026\/01\/WhatsApp-Image-2026-01-14-at-13.10.48.jpeg","width":651,"height":447},{"@type":"BreadcrumbList","@id":"https:\/\/ellotv.com.br\/site\/2026\/01\/14\/inss-tera-atendimento-suspenso-e-sistemas-fora-do-ar-para-atualizacao\/#breadcrumb","itemListElement":[{"@type":"ListItem","position":1,"name":"In\u00edcio","item":"https:\/\/ellotv.com.br\/site\/"},{"@type":"ListItem","position":2,"name":"INSS ter\u00e1 atendimento suspenso e sistemas fora do ar para atualiza\u00e7\u00e3o"}]},{"@type":"WebSite","@id":"https:\/\/ellotv.com.br\/site\/#website","url":"https:\/\/ellotv.com.br\/site\/","name":"ELLO TV","description":"","publisher":{"@id":"https:\/\/ellotv.com.br\/site\/#organization"},"potentialAction":[{"@type":"SearchAction","target":{"@type":"EntryPoint","urlTemplate":"https:\/\/ellotv.com.br\/site\/?s={search_term_string}"},"query-input":{"@type":"PropertyValueSpecification","valueRequired":true,"valueName":"search_term_string"}}],"inLanguage":"pt-BR"},{"@type":"Organization","@id":"https:\/\/ellotv.com.br\/site\/#organization","name":"ELLO TV","url":"https:\/\/ellotv.com.br\/site\/","logo":{"@type":"ImageObject","inLanguage":"pt-BR","@id":"https:\/\/ellotv.com.br\/site\/#\/schema\/logo\/image\/","url":"https:\/\/ellotv.com.br\/site\/wp-content\/uploads\/2025\/11\/ello-logo-2.fw_.png","contentUrl":"https:\/\/ellotv.com.br\/site\/wp-content\/uploads\/2025\/11\/ello-logo-2.fw_.png","width":400,"height":146,"caption":"ELLO TV"},"image":{"@id":"https:\/\/ellotv.com.br\/site\/#\/schema\/logo\/image\/"}},{"@type":"Person","@id":"https:\/\/ellotv.com.br\/site\/#\/schema\/person\/2dbe3abaee38dcc7332fc8205cd2b15d","name":"ELLO TV","image":{"@type":"ImageObject","inLanguage":"pt-BR","@id":"https:\/\/secure.gravatar.com\/avatar\/c38242b9da8ec217ac3f0aaee31a54f7d7befb11b2b47fdbc8fb0fad60afa1c6?s=96&d=mm&r=g","url":"https:\/\/secure.gravatar.com\/avatar\/c38242b9da8ec217ac3f0aaee31a54f7d7befb11b2b47fdbc8fb0fad60afa1c6?s=96&d=mm&r=g","contentUrl":"https:\/\/secure.gravatar.com\/avatar\/c38242b9da8ec217ac3f0aaee31a54f7d7befb11b2b47fdbc8fb0fad60afa1c6?s=96&d=mm&r=g","caption":"ELLO TV"},"url":"https:\/\/ellotv.com.br\/site\/author\/elloagencia\/"}]}},"featured_image_urls":{"full":["https:\/\/ellotv.com.br\/site\/wp-content\/uploads\/2026\/01\/WhatsApp-Image-2026-01-14-at-13.10.48.jpeg",651,447,false],"thumbnail":["https:\/\/ellotv.com.br\/site\/wp-content\/uploads\/2026\/01\/WhatsApp-Image-2026-01-14-at-13.10.48-150x150.jpeg",150,150,true],"medium":["https:\/\/ellotv.com.br\/site\/wp-content\/uploads\/2026\/01\/WhatsApp-Image-2026-01-14-at-13.10.48-300x206.jpeg",300,206,true],"medium_large":["https:\/\/ellotv.com.br\/site\/wp-content\/uploads\/2026\/01\/WhatsApp-Image-2026-01-14-at-13.10.48.jpeg",640,439,false],"large":["https:\/\/ellotv.com.br\/site\/wp-content\/uploads\/2026\/01\/WhatsApp-Image-2026-01-14-at-13.10.48.jpeg",640,439,false],"1536x1536":["https:\/\/ellotv.com.br\/site\/wp-content\/uploads\/2026\/01\/WhatsApp-Image-2026-01-14-at-13.10.48.jpeg",651,447,false],"2048x2048":["https:\/\/ellotv.com.br\/site\/wp-content\/uploads\/2026\/01\/WhatsApp-Image-2026-01-14-at-13.10.48.jpeg",651,447,false],"darknews-slider-full":["https:\/\/ellotv.com.br\/site\/wp-content\/uploads\/2026\/01\/WhatsApp-Image-2026-01-14-at-13.10.48.jpeg",651,447,false],"darknews-featured":["https:\/\/ellotv.com.br\/site\/wp-content\/uploads\/2026\/01\/WhatsApp-Image-2026-01-14-at-13.10.48.jpeg",651,447,false],"darknews-medium":["https:\/\/ellotv.com.br\/site\/wp-content\/uploads\/2026\/01\/WhatsApp-Image-2026-01-14-at-13.10.48.jpeg",651,447,false],"darknews-medium-square":["https:\/\/ellotv.com.br\/site\/wp-content\/uploads\/2026\/01\/WhatsApp-Image-2026-01-14-at-13.10.48-350x350.jpeg",350,350,true]},"author_info":{"info":["ELLO TV"]},"category_info":"<a href=\"https:\/\/ellotv.com.br\/site\/category\/brasil\/\" rel=\"category tag\">Brasil<\/a> <a href=\"https:\/\/ellotv.com.br\/site\/category\/noticias\/\" rel=\"category tag\">Noticias<\/a>","tag_info":"Noticias","comment_count":"0","_links":{"self":[{"href":"https:\/\/ellotv.com.br\/site\/wp-json\/wp\/v2\/posts\/4363","targetHints":{"allow":["GET"]}}],"collection":[{"href":"https:\/\/ellotv.com.br\/site\/wp-json\/wp\/v2\/posts"}],"about":[{"href":"https:\/\/ellotv.com.br\/site\/wp-json\/wp\/v2\/types\/post"}],"author":[{"embeddable":true,"href":"https:\/\/ellotv.com.br\/site\/wp-json\/wp\/v2\/users\/2"}],"replies":[{"embeddable":true,"href":"https:\/\/ellotv.com.br\/site\/wp-json\/wp\/v2\/comments?post=4363"}],"version-history":[{"count":1,"href":"https:\/\/ellotv.com.br\/site\/wp-json\/wp\/v2\/posts\/4363\/revisions"}],"predecessor-version":[{"id":4365,"href":"https:\/\/ellotv.com.br\/site\/wp-json\/wp\/v2\/posts\/4363\/revisions\/4365"}],"wp:featuredmedia":[{"embeddable":true,"href":"https:\/\/ellotv.com.br\/site\/wp-json\/wp\/v2\/media\/4364"}],"wp:attachment":[{"href":"https:\/\/ellotv.com.br\/site\/wp-json\/wp\/v2\/media?parent=4363"}],"wp:term":[{"taxonomy":"category","embeddable":true,"href":"https:\/\/ellotv.com.br\/site\/wp-json\/wp\/v2\/categories?post=4363"},{"taxonomy":"post_tag","embeddable":true,"href":"https:\/\/ellotv.com.br\/site\/wp-json\/wp\/v2\/tags?post=4363"}],"curies":[{"name":"wp","href":"https:\/\/api.w.org\/{rel}","templated":true}]}}