{"id":4374,"date":"2026-01-14T15:16:16","date_gmt":"2026-01-14T18:16:16","guid":{"rendered":"https:\/\/ellotv.com.br\/site\/?p=4374"},"modified":"2026-01-14T15:16:16","modified_gmt":"2026-01-14T18:16:16","slug":"neurocirurgiao-relata-suposto-contato-com-ser-extraterrestre-no-caso-varginha","status":"publish","type":"post","link":"https:\/\/ellotv.com.br\/site\/2026\/01\/14\/neurocirurgiao-relata-suposto-contato-com-ser-extraterrestre-no-caso-varginha\/","title":{"rendered":"Neurocirurgi\u00e3o relata suposto contato com ser extraterrestre no Caso Varginha"},"content":{"rendered":"<p>Um novo relato reacendeu o debate em torno do Caso Varginha, epis\u00f3dio ocorrido em 1996 e considerado um dos mais emblem\u00e1ticos da ufologia brasileira. Segundo o cineasta e pesquisador James Fox, o neurocirurgi\u00e3o Dr. \u00cdtalo Venturelli, que atuava no Hospital Regional do Sul de Minas, em Varginha (MG), teria afirmado ter visto um suposto ser extraterrestre durante os acontecimentos da \u00e9poca.<\/p>\n<p>De acordo com Fox, o m\u00e9dico relatou que o ser estaria em uma cama de hospital, sob cuidados m\u00e9dicos, no per\u00edodo em que o caso ganhou repercuss\u00e3o nacional e internacional. O depoimento teria sido enviado diretamente ao cineasta e integra uma investiga\u00e7\u00e3o mais ampla conduzida por ele sobre o epis\u00f3dio.<\/p>\n<p>Ainda segundo James Fox, ap\u00f3s tornar p\u00fablicas declara\u00e7\u00f5es relacionadas a essa experi\u00eancia, Dr. Venturelli teria sido afastado de suas fun\u00e7\u00f5es. Posteriormente, o hospital teria sido obrigado a reintegr\u00e1-lo, j\u00e1 que sua aus\u00eancia comprometeria o funcionamento da unidade, devido \u00e0 sua import\u00e2ncia t\u00e9cnica e profissional.<\/p>\n<p>O neurocirurgi\u00e3o \u00e9 descrito por colegas como um profissional altamente qualificado, especializado em procedimentos complexos, incluindo cirurgias cerebrais que podem durar at\u00e9 12 horas. Para pesquisadores e defensores da investiga\u00e7\u00e3o ufol\u00f3gica, esse hist\u00f3rico profissional refor\u00e7aria a credibilidade do testemunho \u2014 embora n\u00e3o haja comprova\u00e7\u00e3o cient\u00edfica independente que confirme o relato.<\/p>\n<p>A entrevista completa com o m\u00e9dico, conduzida por James Fox, j\u00e1 est\u00e1 dispon\u00edvel e volta a provocar discuss\u00f5es sobre o que de fato ocorreu em Varginha h\u00e1 quase tr\u00eas d\u00e9cadas. O Caso Varginha segue sendo objeto de controv\u00e9rsia, dividido entre explica\u00e7\u00f5es oficiais e narrativas alternativas que continuam despertando interesse p\u00fablico.<\/p>\n","protected":false},"excerpt":{"rendered":"<p>Um novo relato reacendeu o debate em torno do Caso Varginha, epis\u00f3dio ocorrido em 1996 e considerado um<\/p>\n","protected":false},"author":2,"featured_media":4375,"comment_status":"open","ping_status":"open","sticky":false,"template":"","format":"standard","meta":{"footnotes":""},"categories":[8,13,12],"tags":[],"class_list":["post-4374","post","type-post","status-publish","format-standard","has-post-thumbnail","hentry","category-brasil","category-geral","category-noticias"],"yoast_head":"<!-- This site is optimized with the Yoast SEO plugin v28.3 - https:\/\/yoast.com\/product\/yoast-seo-wordpress\/ -->\n<title>Neurocirurgi\u00e3o relata suposto contato com ser extraterrestre no Caso Varginha - Ello TV<\/title>\n<meta name=\"description\" content=\"Um novo relato sobre o Caso Varginha reacende o debate ufol\u00f3gico ap\u00f3s cineasta afirmar que um neurocirurgi\u00e3o disse ter visto um suposto extraterrestre internado em hospital durante os eventos de 1996.\" \/>\n<meta name=\"robots\" content=\"index, follow, max-snippet:-1, max-image-preview:large, max-video-preview:-1\" \/>\n<link rel=\"canonical\" href=\"https:\/\/ellotv.com.br\/site\/2026\/01\/14\/neurocirurgiao-relata-suposto-contato-com-ser-extraterrestre-no-caso-varginha\/\" \/>\n<meta property=\"og:locale\" content=\"pt_BR\" \/>\n<meta property=\"og:type\" content=\"article\" \/>\n<meta property=\"og:title\" content=\"Neurocirurgi\u00e3o relata suposto contato com ser extraterrestre no Caso Varginha - Ello TV\" \/>\n<meta property=\"og:description\" content=\"Um novo relato sobre o Caso Varginha reacende o debate ufol\u00f3gico ap\u00f3s cineasta afirmar que um neurocirurgi\u00e3o disse ter visto um suposto extraterrestre internado em hospital durante os eventos de 1996.\" \/>\n<meta property=\"og:url\" content=\"https:\/\/ellotv.com.br\/site\/2026\/01\/14\/neurocirurgiao-relata-suposto-contato-com-ser-extraterrestre-no-caso-varginha\/\" \/>\n<meta property=\"og:site_name\" content=\"Ello TV\" \/>\n<meta property=\"article:published_time\" content=\"2026-01-14T18:16:16+00:00\" \/>\n<meta property=\"og:image\" content=\"https:\/\/ellotv.com.br\/site\/wp-content\/uploads\/2026\/01\/WhatsApp-Image-2026-01-14-at-15.12.35.jpeg\" \/>\n\t<meta property=\"og:image:width\" content=\"1170\" \/>\n\t<meta property=\"og:image:height\" content=\"610\" \/>\n\t<meta property=\"og:image:type\" content=\"image\/jpeg\" \/>\n<meta name=\"author\" content=\"ELLO TV\" \/>\n<meta name=\"twitter:card\" content=\"summary_large_image\" \/>\n<meta name=\"twitter:label1\" content=\"Escrito por\" \/>\n\t<meta name=\"twitter:data1\" content=\"ELLO TV\" \/>\n\t<meta name=\"twitter:label2\" content=\"Est. tempo de leitura\" \/>\n\t<meta name=\"twitter:data2\" content=\"1 minuto\" \/>\n<script type=\"application\/ld+json\" class=\"yoast-schema-graph\">{\"@context\":\"https:\\\/\\\/schema.org\",\"@graph\":[{\"@type\":\"Article\",\"@id\":\"https:\\\/\\\/ellotv.com.br\\\/site\\\/2026\\\/01\\\/14\\\/neurocirurgiao-relata-suposto-contato-com-ser-extraterrestre-no-caso-varginha\\\/#article\",\"isPartOf\":{\"@id\":\"https:\\\/\\\/ellotv.com.br\\\/site\\\/2026\\\/01\\\/14\\\/neurocirurgiao-relata-suposto-contato-com-ser-extraterrestre-no-caso-varginha\\\/\"},\"author\":{\"name\":\"ELLO TV\",\"@id\":\"https:\\\/\\\/ellotv.com.br\\\/site\\\/#\\\/schema\\\/person\\\/2dbe3abaee38dcc7332fc8205cd2b15d\"},\"headline\":\"Neurocirurgi\u00e3o relata suposto contato com ser extraterrestre no Caso Varginha\",\"datePublished\":\"2026-01-14T18:16:16+00:00\",\"mainEntityOfPage\":{\"@id\":\"https:\\\/\\\/ellotv.com.br\\\/site\\\/2026\\\/01\\\/14\\\/neurocirurgiao-relata-suposto-contato-com-ser-extraterrestre-no-caso-varginha\\\/\"},\"wordCount\":295,\"commentCount\":0,\"publisher\":{\"@id\":\"https:\\\/\\\/ellotv.com.br\\\/site\\\/#organization\"},\"image\":{\"@id\":\"https:\\\/\\\/ellotv.com.br\\\/site\\\/2026\\\/01\\\/14\\\/neurocirurgiao-relata-suposto-contato-com-ser-extraterrestre-no-caso-varginha\\\/#primaryimage\"},\"thumbnailUrl\":\"https:\\\/\\\/ellotv.com.br\\\/site\\\/wp-content\\\/uploads\\\/2026\\\/01\\\/WhatsApp-Image-2026-01-14-at-15.12.35.jpeg\",\"articleSection\":[\"Brasil\",\"Geral\",\"Noticias\"],\"inLanguage\":\"pt-BR\",\"potentialAction\":[{\"@type\":\"CommentAction\",\"name\":\"Comment\",\"target\":[\"https:\\\/\\\/ellotv.com.br\\\/site\\\/2026\\\/01\\\/14\\\/neurocirurgiao-relata-suposto-contato-com-ser-extraterrestre-no-caso-varginha\\\/#respond\"]}]},{\"@type\":\"WebPage\",\"@id\":\"https:\\\/\\\/ellotv.com.br\\\/site\\\/2026\\\/01\\\/14\\\/neurocirurgiao-relata-suposto-contato-com-ser-extraterrestre-no-caso-varginha\\\/\",\"url\":\"https:\\\/\\\/ellotv.com.br\\\/site\\\/2026\\\/01\\\/14\\\/neurocirurgiao-relata-suposto-contato-com-ser-extraterrestre-no-caso-varginha\\\/\",\"name\":\"Neurocirurgi\u00e3o relata suposto contato com ser extraterrestre no Caso Varginha - Ello TV\",\"isPartOf\":{\"@id\":\"https:\\\/\\\/ellotv.com.br\\\/site\\\/#website\"},\"primaryImageOfPage\":{\"@id\":\"https:\\\/\\\/ellotv.com.br\\\/site\\\/2026\\\/01\\\/14\\\/neurocirurgiao-relata-suposto-contato-com-ser-extraterrestre-no-caso-varginha\\\/#primaryimage\"},\"image\":{\"@id\":\"https:\\\/\\\/ellotv.com.br\\\/site\\\/2026\\\/01\\\/14\\\/neurocirurgiao-relata-suposto-contato-com-ser-extraterrestre-no-caso-varginha\\\/#primaryimage\"},\"thumbnailUrl\":\"https:\\\/\\\/ellotv.com.br\\\/site\\\/wp-content\\\/uploads\\\/2026\\\/01\\\/WhatsApp-Image-2026-01-14-at-15.12.35.jpeg\",\"datePublished\":\"2026-01-14T18:16:16+00:00\",\"description\":\"Um novo relato sobre o Caso Varginha reacende o debate ufol\u00f3gico ap\u00f3s cineasta afirmar que um neurocirurgi\u00e3o disse ter visto um suposto extraterrestre internado em hospital durante os eventos de 1996.\",\"breadcrumb\":{\"@id\":\"https:\\\/\\\/ellotv.com.br\\\/site\\\/2026\\\/01\\\/14\\\/neurocirurgiao-relata-suposto-contato-com-ser-extraterrestre-no-caso-varginha\\\/#breadcrumb\"},\"inLanguage\":\"pt-BR\",\"potentialAction\":[{\"@type\":\"ReadAction\",\"target\":[\"https:\\\/\\\/ellotv.com.br\\\/site\\\/2026\\\/01\\\/14\\\/neurocirurgiao-relata-suposto-contato-com-ser-extraterrestre-no-caso-varginha\\\/\"]}]},{\"@type\":\"ImageObject\",\"inLanguage\":\"pt-BR\",\"@id\":\"https:\\\/\\\/ellotv.com.br\\\/site\\\/2026\\\/01\\\/14\\\/neurocirurgiao-relata-suposto-contato-com-ser-extraterrestre-no-caso-varginha\\\/#primaryimage\",\"url\":\"https:\\\/\\\/ellotv.com.br\\\/site\\\/wp-content\\\/uploads\\\/2026\\\/01\\\/WhatsApp-Image-2026-01-14-at-15.12.35.jpeg\",\"contentUrl\":\"https:\\\/\\\/ellotv.com.br\\\/site\\\/wp-content\\\/uploads\\\/2026\\\/01\\\/WhatsApp-Image-2026-01-14-at-15.12.35.jpeg\",\"width\":1170,\"height\":610},{\"@type\":\"BreadcrumbList\",\"@id\":\"https:\\\/\\\/ellotv.com.br\\\/site\\\/2026\\\/01\\\/14\\\/neurocirurgiao-relata-suposto-contato-com-ser-extraterrestre-no-caso-varginha\\\/#breadcrumb\",\"itemListElement\":[{\"@type\":\"ListItem\",\"position\":1,\"name\":\"In\u00edcio\",\"item\":\"https:\\\/\\\/ellotv.com.br\\\/site\\\/\"},{\"@type\":\"ListItem\",\"position\":2,\"name\":\"Neurocirurgi\u00e3o relata suposto contato com ser extraterrestre no Caso Varginha\"}]},{\"@type\":\"WebSite\",\"@id\":\"https:\\\/\\\/ellotv.com.br\\\/site\\\/#website\",\"url\":\"https:\\\/\\\/ellotv.com.br\\\/site\\\/\",\"name\":\"ELLO TV\",\"description\":\"\",\"publisher\":{\"@id\":\"https:\\\/\\\/ellotv.com.br\\\/site\\\/#organization\"},\"potentialAction\":[{\"@type\":\"SearchAction\",\"target\":{\"@type\":\"EntryPoint\",\"urlTemplate\":\"https:\\\/\\\/ellotv.com.br\\\/site\\\/?s={search_term_string}\"},\"query-input\":{\"@type\":\"PropertyValueSpecification\",\"valueRequired\":true,\"valueName\":\"search_term_string\"}}],\"inLanguage\":\"pt-BR\"},{\"@type\":\"Organization\",\"@id\":\"https:\\\/\\\/ellotv.com.br\\\/site\\\/#organization\",\"name\":\"ELLO TV\",\"url\":\"https:\\\/\\\/ellotv.com.br\\\/site\\\/\",\"logo\":{\"@type\":\"ImageObject\",\"inLanguage\":\"pt-BR\",\"@id\":\"https:\\\/\\\/ellotv.com.br\\\/site\\\/#\\\/schema\\\/logo\\\/image\\\/\",\"url\":\"https:\\\/\\\/ellotv.com.br\\\/site\\\/wp-content\\\/uploads\\\/2025\\\/11\\\/ello-logo-2.fw_.png\",\"contentUrl\":\"https:\\\/\\\/ellotv.com.br\\\/site\\\/wp-content\\\/uploads\\\/2025\\\/11\\\/ello-logo-2.fw_.png\",\"width\":400,\"height\":146,\"caption\":\"ELLO TV\"},\"image\":{\"@id\":\"https:\\\/\\\/ellotv.com.br\\\/site\\\/#\\\/schema\\\/logo\\\/image\\\/\"}},{\"@type\":\"Person\",\"@id\":\"https:\\\/\\\/ellotv.com.br\\\/site\\\/#\\\/schema\\\/person\\\/2dbe3abaee38dcc7332fc8205cd2b15d\",\"name\":\"ELLO TV\",\"image\":{\"@type\":\"ImageObject\",\"inLanguage\":\"pt-BR\",\"@id\":\"https:\\\/\\\/secure.gravatar.com\\\/avatar\\\/c38242b9da8ec217ac3f0aaee31a54f7d7befb11b2b47fdbc8fb0fad60afa1c6?s=96&d=mm&r=g\",\"url\":\"https:\\\/\\\/secure.gravatar.com\\\/avatar\\\/c38242b9da8ec217ac3f0aaee31a54f7d7befb11b2b47fdbc8fb0fad60afa1c6?s=96&d=mm&r=g\",\"contentUrl\":\"https:\\\/\\\/secure.gravatar.com\\\/avatar\\\/c38242b9da8ec217ac3f0aaee31a54f7d7befb11b2b47fdbc8fb0fad60afa1c6?s=96&d=mm&r=g\",\"caption\":\"ELLO TV\"},\"url\":\"https:\\\/\\\/ellotv.com.br\\\/site\\\/author\\\/elloagencia\\\/\"}]}<\/script>\n<!-- \/ Yoast SEO plugin. -->","yoast_head_json":{"title":"Neurocirurgi\u00e3o relata suposto contato com ser extraterrestre no Caso Varginha - Ello TV","description":"Um novo relato sobre o Caso Varginha reacende o debate ufol\u00f3gico ap\u00f3s cineasta afirmar que um neurocirurgi\u00e3o disse ter visto um suposto extraterrestre internado em hospital durante os eventos de 1996.","robots":{"index":"index","follow":"follow","max-snippet":"max-snippet:-1","max-image-preview":"max-image-preview:large","max-video-preview":"max-video-preview:-1"},"canonical":"https:\/\/ellotv.com.br\/site\/2026\/01\/14\/neurocirurgiao-relata-suposto-contato-com-ser-extraterrestre-no-caso-varginha\/","og_locale":"pt_BR","og_type":"article","og_title":"Neurocirurgi\u00e3o relata suposto contato com ser extraterrestre no Caso Varginha - Ello TV","og_description":"Um novo relato sobre o Caso Varginha reacende o debate ufol\u00f3gico ap\u00f3s cineasta afirmar que um neurocirurgi\u00e3o disse ter visto um suposto extraterrestre internado em hospital durante os eventos de 1996.","og_url":"https:\/\/ellotv.com.br\/site\/2026\/01\/14\/neurocirurgiao-relata-suposto-contato-com-ser-extraterrestre-no-caso-varginha\/","og_site_name":"Ello TV","article_published_time":"2026-01-14T18:16:16+00:00","og_image":[{"width":1170,"height":610,"url":"https:\/\/ellotv.com.br\/site\/wp-content\/uploads\/2026\/01\/WhatsApp-Image-2026-01-14-at-15.12.35.jpeg","type":"image\/jpeg"}],"author":"ELLO TV","twitter_card":"summary_large_image","twitter_misc":{"Escrito por":"ELLO TV","Est. tempo de leitura":"1 minuto"},"schema":{"@context":"https:\/\/schema.org","@graph":[{"@type":"Article","@id":"https:\/\/ellotv.com.br\/site\/2026\/01\/14\/neurocirurgiao-relata-suposto-contato-com-ser-extraterrestre-no-caso-varginha\/#article","isPartOf":{"@id":"https:\/\/ellotv.com.br\/site\/2026\/01\/14\/neurocirurgiao-relata-suposto-contato-com-ser-extraterrestre-no-caso-varginha\/"},"author":{"name":"ELLO TV","@id":"https:\/\/ellotv.com.br\/site\/#\/schema\/person\/2dbe3abaee38dcc7332fc8205cd2b15d"},"headline":"Neurocirurgi\u00e3o relata suposto contato com ser extraterrestre no Caso Varginha","datePublished":"2026-01-14T18:16:16+00:00","mainEntityOfPage":{"@id":"https:\/\/ellotv.com.br\/site\/2026\/01\/14\/neurocirurgiao-relata-suposto-contato-com-ser-extraterrestre-no-caso-varginha\/"},"wordCount":295,"commentCount":0,"publisher":{"@id":"https:\/\/ellotv.com.br\/site\/#organization"},"image":{"@id":"https:\/\/ellotv.com.br\/site\/2026\/01\/14\/neurocirurgiao-relata-suposto-contato-com-ser-extraterrestre-no-caso-varginha\/#primaryimage"},"thumbnailUrl":"https:\/\/ellotv.com.br\/site\/wp-content\/uploads\/2026\/01\/WhatsApp-Image-2026-01-14-at-15.12.35.jpeg","articleSection":["Brasil","Geral","Noticias"],"inLanguage":"pt-BR","potentialAction":[{"@type":"CommentAction","name":"Comment","target":["https:\/\/ellotv.com.br\/site\/2026\/01\/14\/neurocirurgiao-relata-suposto-contato-com-ser-extraterrestre-no-caso-varginha\/#respond"]}]},{"@type":"WebPage","@id":"https:\/\/ellotv.com.br\/site\/2026\/01\/14\/neurocirurgiao-relata-suposto-contato-com-ser-extraterrestre-no-caso-varginha\/","url":"https:\/\/ellotv.com.br\/site\/2026\/01\/14\/neurocirurgiao-relata-suposto-contato-com-ser-extraterrestre-no-caso-varginha\/","name":"Neurocirurgi\u00e3o relata suposto contato com ser extraterrestre no Caso Varginha - Ello TV","isPartOf":{"@id":"https:\/\/ellotv.com.br\/site\/#website"},"primaryImageOfPage":{"@id":"https:\/\/ellotv.com.br\/site\/2026\/01\/14\/neurocirurgiao-relata-suposto-contato-com-ser-extraterrestre-no-caso-varginha\/#primaryimage"},"image":{"@id":"https:\/\/ellotv.com.br\/site\/2026\/01\/14\/neurocirurgiao-relata-suposto-contato-com-ser-extraterrestre-no-caso-varginha\/#primaryimage"},"thumbnailUrl":"https:\/\/ellotv.com.br\/site\/wp-content\/uploads\/2026\/01\/WhatsApp-Image-2026-01-14-at-15.12.35.jpeg","datePublished":"2026-01-14T18:16:16+00:00","description":"Um novo relato sobre o Caso Varginha reacende o debate ufol\u00f3gico ap\u00f3s cineasta afirmar que um neurocirurgi\u00e3o disse ter visto um suposto extraterrestre internado em hospital durante os eventos de 1996.","breadcrumb":{"@id":"https:\/\/ellotv.com.br\/site\/2026\/01\/14\/neurocirurgiao-relata-suposto-contato-com-ser-extraterrestre-no-caso-varginha\/#breadcrumb"},"inLanguage":"pt-BR","potentialAction":[{"@type":"ReadAction","target":["https:\/\/ellotv.com.br\/site\/2026\/01\/14\/neurocirurgiao-relata-suposto-contato-com-ser-extraterrestre-no-caso-varginha\/"]}]},{"@type":"ImageObject","inLanguage":"pt-BR","@id":"https:\/\/ellotv.com.br\/site\/2026\/01\/14\/neurocirurgiao-relata-suposto-contato-com-ser-extraterrestre-no-caso-varginha\/#primaryimage","url":"https:\/\/ellotv.com.br\/site\/wp-content\/uploads\/2026\/01\/WhatsApp-Image-2026-01-14-at-15.12.35.jpeg","contentUrl":"https:\/\/ellotv.com.br\/site\/wp-content\/uploads\/2026\/01\/WhatsApp-Image-2026-01-14-at-15.12.35.jpeg","width":1170,"height":610},{"@type":"BreadcrumbList","@id":"https:\/\/ellotv.com.br\/site\/2026\/01\/14\/neurocirurgiao-relata-suposto-contato-com-ser-extraterrestre-no-caso-varginha\/#breadcrumb","itemListElement":[{"@type":"ListItem","position":1,"name":"In\u00edcio","item":"https:\/\/ellotv.com.br\/site\/"},{"@type":"ListItem","position":2,"name":"Neurocirurgi\u00e3o relata suposto contato com ser extraterrestre no Caso Varginha"}]},{"@type":"WebSite","@id":"https:\/\/ellotv.com.br\/site\/#website","url":"https:\/\/ellotv.com.br\/site\/","name":"ELLO TV","description":"","publisher":{"@id":"https:\/\/ellotv.com.br\/site\/#organization"},"potentialAction":[{"@type":"SearchAction","target":{"@type":"EntryPoint","urlTemplate":"https:\/\/ellotv.com.br\/site\/?s={search_term_string}"},"query-input":{"@type":"PropertyValueSpecification","valueRequired":true,"valueName":"search_term_string"}}],"inLanguage":"pt-BR"},{"@type":"Organization","@id":"https:\/\/ellotv.com.br\/site\/#organization","name":"ELLO TV","url":"https:\/\/ellotv.com.br\/site\/","logo":{"@type":"ImageObject","inLanguage":"pt-BR","@id":"https:\/\/ellotv.com.br\/site\/#\/schema\/logo\/image\/","url":"https:\/\/ellotv.com.br\/site\/wp-content\/uploads\/2025\/11\/ello-logo-2.fw_.png","contentUrl":"https:\/\/ellotv.com.br\/site\/wp-content\/uploads\/2025\/11\/ello-logo-2.fw_.png","width":400,"height":146,"caption":"ELLO TV"},"image":{"@id":"https:\/\/ellotv.com.br\/site\/#\/schema\/logo\/image\/"}},{"@type":"Person","@id":"https:\/\/ellotv.com.br\/site\/#\/schema\/person\/2dbe3abaee38dcc7332fc8205cd2b15d","name":"ELLO TV","image":{"@type":"ImageObject","inLanguage":"pt-BR","@id":"https:\/\/secure.gravatar.com\/avatar\/c38242b9da8ec217ac3f0aaee31a54f7d7befb11b2b47fdbc8fb0fad60afa1c6?s=96&d=mm&r=g","url":"https:\/\/secure.gravatar.com\/avatar\/c38242b9da8ec217ac3f0aaee31a54f7d7befb11b2b47fdbc8fb0fad60afa1c6?s=96&d=mm&r=g","contentUrl":"https:\/\/secure.gravatar.com\/avatar\/c38242b9da8ec217ac3f0aaee31a54f7d7befb11b2b47fdbc8fb0fad60afa1c6?s=96&d=mm&r=g","caption":"ELLO TV"},"url":"https:\/\/ellotv.com.br\/site\/author\/elloagencia\/"}]}},"featured_image_urls":{"full":["https:\/\/ellotv.com.br\/site\/wp-content\/uploads\/2026\/01\/WhatsApp-Image-2026-01-14-at-15.12.35.jpeg",1170,610,false],"thumbnail":["https:\/\/ellotv.com.br\/site\/wp-content\/uploads\/2026\/01\/WhatsApp-Image-2026-01-14-at-15.12.35-150x150.jpeg",150,150,true],"medium":["https:\/\/ellotv.com.br\/site\/wp-content\/uploads\/2026\/01\/WhatsApp-Image-2026-01-14-at-15.12.35-300x156.jpeg",300,156,true],"medium_large":["https:\/\/ellotv.com.br\/site\/wp-content\/uploads\/2026\/01\/WhatsApp-Image-2026-01-14-at-15.12.35-768x400.jpeg",640,333,true],"large":["https:\/\/ellotv.com.br\/site\/wp-content\/uploads\/2026\/01\/WhatsApp-Image-2026-01-14-at-15.12.35-1024x534.jpeg",640,334,true],"1536x1536":["https:\/\/ellotv.com.br\/site\/wp-content\/uploads\/2026\/01\/WhatsApp-Image-2026-01-14-at-15.12.35.jpeg",1170,610,false],"2048x2048":["https:\/\/ellotv.com.br\/site\/wp-content\/uploads\/2026\/01\/WhatsApp-Image-2026-01-14-at-15.12.35.jpeg",1170,610,false],"darknews-slider-full":["https:\/\/ellotv.com.br\/site\/wp-content\/uploads\/2026\/01\/WhatsApp-Image-2026-01-14-at-15.12.35.jpeg",1170,610,false],"darknews-featured":["https:\/\/ellotv.com.br\/site\/wp-content\/uploads\/2026\/01\/WhatsApp-Image-2026-01-14-at-15.12.35-1024x534.jpeg",1024,534,true],"darknews-medium":["https:\/\/ellotv.com.br\/site\/wp-content\/uploads\/2026\/01\/WhatsApp-Image-2026-01-14-at-15.12.35-720x530.jpeg",720,530,true],"darknews-medium-square":["https:\/\/ellotv.com.br\/site\/wp-content\/uploads\/2026\/01\/WhatsApp-Image-2026-01-14-at-15.12.35-350x350.jpeg",350,350,true]},"author_info":{"info":["ELLO TV"]},"category_info":"<a href=\"https:\/\/ellotv.com.br\/site\/category\/brasil\/\" rel=\"category tag\">Brasil<\/a> <a href=\"https:\/\/ellotv.com.br\/site\/category\/geral\/\" rel=\"category tag\">Geral<\/a> <a href=\"https:\/\/ellotv.com.br\/site\/category\/noticias\/\" rel=\"category tag\">Noticias<\/a>","tag_info":"Noticias","comment_count":"0","_links":{"self":[{"href":"https:\/\/ellotv.com.br\/site\/wp-json\/wp\/v2\/posts\/4374","targetHints":{"allow":["GET"]}}],"collection":[{"href":"https:\/\/ellotv.com.br\/site\/wp-json\/wp\/v2\/posts"}],"about":[{"href":"https:\/\/ellotv.com.br\/site\/wp-json\/wp\/v2\/types\/post"}],"author":[{"embeddable":true,"href":"https:\/\/ellotv.com.br\/site\/wp-json\/wp\/v2\/users\/2"}],"replies":[{"embeddable":true,"href":"https:\/\/ellotv.com.br\/site\/wp-json\/wp\/v2\/comments?post=4374"}],"version-history":[{"count":1,"href":"https:\/\/ellotv.com.br\/site\/wp-json\/wp\/v2\/posts\/4374\/revisions"}],"predecessor-version":[{"id":4376,"href":"https:\/\/ellotv.com.br\/site\/wp-json\/wp\/v2\/posts\/4374\/revisions\/4376"}],"wp:featuredmedia":[{"embeddable":true,"href":"https:\/\/ellotv.com.br\/site\/wp-json\/wp\/v2\/media\/4375"}],"wp:attachment":[{"href":"https:\/\/ellotv.com.br\/site\/wp-json\/wp\/v2\/media?parent=4374"}],"wp:term":[{"taxonomy":"category","embeddable":true,"href":"https:\/\/ellotv.com.br\/site\/wp-json\/wp\/v2\/categories?post=4374"},{"taxonomy":"post_tag","embeddable":true,"href":"https:\/\/ellotv.com.br\/site\/wp-json\/wp\/v2\/tags?post=4374"}],"curies":[{"name":"wp","href":"https:\/\/api.w.org\/{rel}","templated":true}]}}