{"id":4384,"date":"2026-01-14T17:55:16","date_gmt":"2026-01-14T20:55:16","guid":{"rendered":"https:\/\/ellotv.com.br\/site\/?p=4384"},"modified":"2026-01-14T17:55:16","modified_gmt":"2026-01-14T20:55:16","slug":"amazon-prime-video-revela-ator-de-kratos-em-serie-live-action-de-god-of-war","status":"publish","type":"post","link":"https:\/\/ellotv.com.br\/site\/2026\/01\/14\/amazon-prime-video-revela-ator-de-kratos-em-serie-live-action-de-god-of-war\/","title":{"rendered":"Amazon Prime Video revela ator de Kratos em s\u00e9rie live-action de God of War"},"content":{"rendered":"<p>A aguardada s\u00e9rie live-action de God of War come\u00e7ou a ganhar forma. O Amazon Prime Video anunciou que o ator Ryan Hurst ser\u00e1 o respons\u00e1vel por interpretar Kratos, o ic\u00f4nico Deus da Guerra, na adapta\u00e7\u00e3o baseada na famosa franquia da PlayStation.<\/p>\n<p>A produ\u00e7\u00e3o \u00e9 resultado de uma parceria entre Amazon MGM Studios, Sony Pictures Television e PlayStation Productions. A s\u00e9rie j\u00e1 teve duas temporadas encomendadas e est\u00e1 atualmente em fase de pr\u00e9-produ\u00e7\u00e3o, com os trabalhos sendo desenvolvidos em Vancouver, no Canad\u00e1.<\/p>\n<p>Ryan Hurst \u00e9 conhecido do p\u00fablico principalmente por seu papel como Opie Winston em Sons of Anarchy, al\u00e9m de participa\u00e7\u00f5es em s\u00e9ries como The Walking Dead, Bates Motel, Bosch e The Mysterious Benedict Society. Curiosamente, o ator j\u00e1 tem liga\u00e7\u00e3o direta com o universo de God of War: ele deu voz ao personagem Thor no jogo God of War Ragnar\u00f6k, trabalho que lhe rendeu uma indica\u00e7\u00e3o ao BAFTA.<\/p>\n<p>De acordo com informa\u00e7\u00f5es oficiais, a s\u00e9rie live-action ir\u00e1 adaptar os acontecimentos dos dois jogos mais recentes da franquia, acompanhando a jornada de Kratos e seu filho Atreus. A trama gira em torno da miss\u00e3o de espalhar as cinzas de Faye, esposa de Kratos, enquanto pai e filho enfrentam deuses, criaturas e conflitos emocionais profundos.<\/p>\n<p>A rela\u00e7\u00e3o entre Kratos e Atreus ser\u00e1 o eixo central da narrativa, apresentando um protagonista mais introspectivo, marcado n\u00e3o apenas pela f\u00faria, mas tamb\u00e9m pela responsabilidade de ser pai e mentor. At\u00e9 o momento, o ator que interpretar\u00e1 Atreus ainda n\u00e3o foi divulgado.<\/p>\n<p>A s\u00e9rie ser\u00e1 comandada por Ronald D. Moore, conhecido por produ\u00e7\u00f5es como Outlander e For All Mankind, atuando como roteirista, showrunner e produtor executivo. O projeto tamb\u00e9m conta com a participa\u00e7\u00e3o de Cory Barlog, diretor criativo dos jogos, al\u00e9m de outros nomes importantes da ind\u00fastria.<\/p>\n<p>Ainda n\u00e3o h\u00e1 data oficial de estreia, mas a expectativa \u00e9 que novas informa\u00e7\u00f5es sejam divulgadas nos pr\u00f3ximos meses, conforme a produ\u00e7\u00e3o avance.<\/p>\n","protected":false},"excerpt":{"rendered":"<p>A aguardada s\u00e9rie live-action de God of War come\u00e7ou a ganhar forma. O Amazon Prime Video anunciou que<\/p>\n","protected":false},"author":2,"featured_media":4385,"comment_status":"open","ping_status":"open","sticky":false,"template":"","format":"standard","meta":{"footnotes":""},"categories":[10,12],"tags":[],"class_list":["post-4384","post","type-post","status-publish","format-standard","has-post-thumbnail","hentry","category-mundo","category-noticias"],"yoast_head":"<!-- This site is optimized with the Yoast SEO plugin v28.3 - https:\/\/yoast.com\/product\/yoast-seo-wordpress\/ -->\n<title>Amazon Prime Video revela ator de Kratos em s\u00e9rie live-action de God of War - Ello TV<\/title>\n<meta name=\"description\" content=\"Amazon Prime Video anuncia Ryan Hurst como Kratos na s\u00e9rie live-action de God of War, que adaptar\u00e1 os jogos mais recentes e focar\u00e1 na jornada de Kratos e Atreus.\" \/>\n<meta name=\"robots\" content=\"index, follow, max-snippet:-1, max-image-preview:large, max-video-preview:-1\" \/>\n<link rel=\"canonical\" href=\"https:\/\/ellotv.com.br\/site\/2026\/01\/14\/amazon-prime-video-revela-ator-de-kratos-em-serie-live-action-de-god-of-war\/\" \/>\n<meta property=\"og:locale\" content=\"pt_BR\" \/>\n<meta property=\"og:type\" content=\"article\" \/>\n<meta property=\"og:title\" content=\"Amazon Prime Video revela ator de Kratos em s\u00e9rie live-action de God of War - Ello TV\" \/>\n<meta property=\"og:description\" content=\"Amazon Prime Video anuncia Ryan Hurst como Kratos na s\u00e9rie live-action de God of War, que adaptar\u00e1 os jogos mais recentes e focar\u00e1 na jornada de Kratos e Atreus.\" \/>\n<meta property=\"og:url\" content=\"https:\/\/ellotv.com.br\/site\/2026\/01\/14\/amazon-prime-video-revela-ator-de-kratos-em-serie-live-action-de-god-of-war\/\" \/>\n<meta property=\"og:site_name\" content=\"Ello TV\" \/>\n<meta property=\"article:published_time\" content=\"2026-01-14T20:55:16+00:00\" \/>\n<meta property=\"og:image\" content=\"https:\/\/ellotv.com.br\/site\/wp-content\/uploads\/2026\/01\/SaveClip.App_615560004_18561939751006155_1542439853686843940_n.jpg\" \/>\n\t<meta property=\"og:image:width\" content=\"1013\" \/>\n\t<meta property=\"og:image:height\" content=\"1267\" \/>\n\t<meta property=\"og:image:type\" content=\"image\/jpeg\" \/>\n<meta name=\"author\" content=\"ELLO TV\" \/>\n<meta name=\"twitter:card\" content=\"summary_large_image\" \/>\n<meta name=\"twitter:label1\" content=\"Escrito por\" \/>\n\t<meta name=\"twitter:data1\" content=\"ELLO TV\" \/>\n\t<meta name=\"twitter:label2\" content=\"Est. tempo de leitura\" \/>\n\t<meta name=\"twitter:data2\" content=\"2 minutos\" \/>\n<script type=\"application\/ld+json\" class=\"yoast-schema-graph\">{\"@context\":\"https:\\\/\\\/schema.org\",\"@graph\":[{\"@type\":\"Article\",\"@id\":\"https:\\\/\\\/ellotv.com.br\\\/site\\\/2026\\\/01\\\/14\\\/amazon-prime-video-revela-ator-de-kratos-em-serie-live-action-de-god-of-war\\\/#article\",\"isPartOf\":{\"@id\":\"https:\\\/\\\/ellotv.com.br\\\/site\\\/2026\\\/01\\\/14\\\/amazon-prime-video-revela-ator-de-kratos-em-serie-live-action-de-god-of-war\\\/\"},\"author\":{\"name\":\"ELLO TV\",\"@id\":\"https:\\\/\\\/ellotv.com.br\\\/site\\\/#\\\/schema\\\/person\\\/2dbe3abaee38dcc7332fc8205cd2b15d\"},\"headline\":\"Amazon Prime Video revela ator de Kratos em s\u00e9rie live-action de God of War\",\"datePublished\":\"2026-01-14T20:55:16+00:00\",\"mainEntityOfPage\":{\"@id\":\"https:\\\/\\\/ellotv.com.br\\\/site\\\/2026\\\/01\\\/14\\\/amazon-prime-video-revela-ator-de-kratos-em-serie-live-action-de-god-of-war\\\/\"},\"wordCount\":361,\"commentCount\":0,\"publisher\":{\"@id\":\"https:\\\/\\\/ellotv.com.br\\\/site\\\/#organization\"},\"image\":{\"@id\":\"https:\\\/\\\/ellotv.com.br\\\/site\\\/2026\\\/01\\\/14\\\/amazon-prime-video-revela-ator-de-kratos-em-serie-live-action-de-god-of-war\\\/#primaryimage\"},\"thumbnailUrl\":\"https:\\\/\\\/ellotv.com.br\\\/site\\\/wp-content\\\/uploads\\\/2026\\\/01\\\/SaveClip.App_615560004_18561939751006155_1542439853686843940_n.jpg\",\"articleSection\":[\"Mundo\",\"Noticias\"],\"inLanguage\":\"pt-BR\",\"potentialAction\":[{\"@type\":\"CommentAction\",\"name\":\"Comment\",\"target\":[\"https:\\\/\\\/ellotv.com.br\\\/site\\\/2026\\\/01\\\/14\\\/amazon-prime-video-revela-ator-de-kratos-em-serie-live-action-de-god-of-war\\\/#respond\"]}]},{\"@type\":\"WebPage\",\"@id\":\"https:\\\/\\\/ellotv.com.br\\\/site\\\/2026\\\/01\\\/14\\\/amazon-prime-video-revela-ator-de-kratos-em-serie-live-action-de-god-of-war\\\/\",\"url\":\"https:\\\/\\\/ellotv.com.br\\\/site\\\/2026\\\/01\\\/14\\\/amazon-prime-video-revela-ator-de-kratos-em-serie-live-action-de-god-of-war\\\/\",\"name\":\"Amazon Prime Video revela ator de Kratos em s\u00e9rie live-action de God of War - Ello TV\",\"isPartOf\":{\"@id\":\"https:\\\/\\\/ellotv.com.br\\\/site\\\/#website\"},\"primaryImageOfPage\":{\"@id\":\"https:\\\/\\\/ellotv.com.br\\\/site\\\/2026\\\/01\\\/14\\\/amazon-prime-video-revela-ator-de-kratos-em-serie-live-action-de-god-of-war\\\/#primaryimage\"},\"image\":{\"@id\":\"https:\\\/\\\/ellotv.com.br\\\/site\\\/2026\\\/01\\\/14\\\/amazon-prime-video-revela-ator-de-kratos-em-serie-live-action-de-god-of-war\\\/#primaryimage\"},\"thumbnailUrl\":\"https:\\\/\\\/ellotv.com.br\\\/site\\\/wp-content\\\/uploads\\\/2026\\\/01\\\/SaveClip.App_615560004_18561939751006155_1542439853686843940_n.jpg\",\"datePublished\":\"2026-01-14T20:55:16+00:00\",\"description\":\"Amazon Prime Video anuncia Ryan Hurst como Kratos na s\u00e9rie live-action de God of War, que adaptar\u00e1 os jogos mais recentes e focar\u00e1 na jornada de Kratos e Atreus.\",\"breadcrumb\":{\"@id\":\"https:\\\/\\\/ellotv.com.br\\\/site\\\/2026\\\/01\\\/14\\\/amazon-prime-video-revela-ator-de-kratos-em-serie-live-action-de-god-of-war\\\/#breadcrumb\"},\"inLanguage\":\"pt-BR\",\"potentialAction\":[{\"@type\":\"ReadAction\",\"target\":[\"https:\\\/\\\/ellotv.com.br\\\/site\\\/2026\\\/01\\\/14\\\/amazon-prime-video-revela-ator-de-kratos-em-serie-live-action-de-god-of-war\\\/\"]}]},{\"@type\":\"ImageObject\",\"inLanguage\":\"pt-BR\",\"@id\":\"https:\\\/\\\/ellotv.com.br\\\/site\\\/2026\\\/01\\\/14\\\/amazon-prime-video-revela-ator-de-kratos-em-serie-live-action-de-god-of-war\\\/#primaryimage\",\"url\":\"https:\\\/\\\/ellotv.com.br\\\/site\\\/wp-content\\\/uploads\\\/2026\\\/01\\\/SaveClip.App_615560004_18561939751006155_1542439853686843940_n.jpg\",\"contentUrl\":\"https:\\\/\\\/ellotv.com.br\\\/site\\\/wp-content\\\/uploads\\\/2026\\\/01\\\/SaveClip.App_615560004_18561939751006155_1542439853686843940_n.jpg\",\"width\":1013,\"height\":1267},{\"@type\":\"BreadcrumbList\",\"@id\":\"https:\\\/\\\/ellotv.com.br\\\/site\\\/2026\\\/01\\\/14\\\/amazon-prime-video-revela-ator-de-kratos-em-serie-live-action-de-god-of-war\\\/#breadcrumb\",\"itemListElement\":[{\"@type\":\"ListItem\",\"position\":1,\"name\":\"In\u00edcio\",\"item\":\"https:\\\/\\\/ellotv.com.br\\\/site\\\/\"},{\"@type\":\"ListItem\",\"position\":2,\"name\":\"Amazon Prime Video revela ator de Kratos em s\u00e9rie live-action de God of War\"}]},{\"@type\":\"WebSite\",\"@id\":\"https:\\\/\\\/ellotv.com.br\\\/site\\\/#website\",\"url\":\"https:\\\/\\\/ellotv.com.br\\\/site\\\/\",\"name\":\"ELLO TV\",\"description\":\"\",\"publisher\":{\"@id\":\"https:\\\/\\\/ellotv.com.br\\\/site\\\/#organization\"},\"potentialAction\":[{\"@type\":\"SearchAction\",\"target\":{\"@type\":\"EntryPoint\",\"urlTemplate\":\"https:\\\/\\\/ellotv.com.br\\\/site\\\/?s={search_term_string}\"},\"query-input\":{\"@type\":\"PropertyValueSpecification\",\"valueRequired\":true,\"valueName\":\"search_term_string\"}}],\"inLanguage\":\"pt-BR\"},{\"@type\":\"Organization\",\"@id\":\"https:\\\/\\\/ellotv.com.br\\\/site\\\/#organization\",\"name\":\"ELLO TV\",\"url\":\"https:\\\/\\\/ellotv.com.br\\\/site\\\/\",\"logo\":{\"@type\":\"ImageObject\",\"inLanguage\":\"pt-BR\",\"@id\":\"https:\\\/\\\/ellotv.com.br\\\/site\\\/#\\\/schema\\\/logo\\\/image\\\/\",\"url\":\"https:\\\/\\\/ellotv.com.br\\\/site\\\/wp-content\\\/uploads\\\/2025\\\/11\\\/ello-logo-2.fw_.png\",\"contentUrl\":\"https:\\\/\\\/ellotv.com.br\\\/site\\\/wp-content\\\/uploads\\\/2025\\\/11\\\/ello-logo-2.fw_.png\",\"width\":400,\"height\":146,\"caption\":\"ELLO TV\"},\"image\":{\"@id\":\"https:\\\/\\\/ellotv.com.br\\\/site\\\/#\\\/schema\\\/logo\\\/image\\\/\"}},{\"@type\":\"Person\",\"@id\":\"https:\\\/\\\/ellotv.com.br\\\/site\\\/#\\\/schema\\\/person\\\/2dbe3abaee38dcc7332fc8205cd2b15d\",\"name\":\"ELLO TV\",\"image\":{\"@type\":\"ImageObject\",\"inLanguage\":\"pt-BR\",\"@id\":\"https:\\\/\\\/secure.gravatar.com\\\/avatar\\\/c38242b9da8ec217ac3f0aaee31a54f7d7befb11b2b47fdbc8fb0fad60afa1c6?s=96&d=mm&r=g\",\"url\":\"https:\\\/\\\/secure.gravatar.com\\\/avatar\\\/c38242b9da8ec217ac3f0aaee31a54f7d7befb11b2b47fdbc8fb0fad60afa1c6?s=96&d=mm&r=g\",\"contentUrl\":\"https:\\\/\\\/secure.gravatar.com\\\/avatar\\\/c38242b9da8ec217ac3f0aaee31a54f7d7befb11b2b47fdbc8fb0fad60afa1c6?s=96&d=mm&r=g\",\"caption\":\"ELLO TV\"},\"url\":\"https:\\\/\\\/ellotv.com.br\\\/site\\\/author\\\/elloagencia\\\/\"}]}<\/script>\n<!-- \/ Yoast SEO plugin. -->","yoast_head_json":{"title":"Amazon Prime Video revela ator de Kratos em s\u00e9rie live-action de God of War - Ello TV","description":"Amazon Prime Video anuncia Ryan Hurst como Kratos na s\u00e9rie live-action de God of War, que adaptar\u00e1 os jogos mais recentes e focar\u00e1 na jornada de Kratos e Atreus.","robots":{"index":"index","follow":"follow","max-snippet":"max-snippet:-1","max-image-preview":"max-image-preview:large","max-video-preview":"max-video-preview:-1"},"canonical":"https:\/\/ellotv.com.br\/site\/2026\/01\/14\/amazon-prime-video-revela-ator-de-kratos-em-serie-live-action-de-god-of-war\/","og_locale":"pt_BR","og_type":"article","og_title":"Amazon Prime Video revela ator de Kratos em s\u00e9rie live-action de God of War - Ello TV","og_description":"Amazon Prime Video anuncia Ryan Hurst como Kratos na s\u00e9rie live-action de God of War, que adaptar\u00e1 os jogos mais recentes e focar\u00e1 na jornada de Kratos e Atreus.","og_url":"https:\/\/ellotv.com.br\/site\/2026\/01\/14\/amazon-prime-video-revela-ator-de-kratos-em-serie-live-action-de-god-of-war\/","og_site_name":"Ello TV","article_published_time":"2026-01-14T20:55:16+00:00","og_image":[{"width":1013,"height":1267,"url":"https:\/\/ellotv.com.br\/site\/wp-content\/uploads\/2026\/01\/SaveClip.App_615560004_18561939751006155_1542439853686843940_n.jpg","type":"image\/jpeg"}],"author":"ELLO TV","twitter_card":"summary_large_image","twitter_misc":{"Escrito por":"ELLO TV","Est. tempo de leitura":"2 minutos"},"schema":{"@context":"https:\/\/schema.org","@graph":[{"@type":"Article","@id":"https:\/\/ellotv.com.br\/site\/2026\/01\/14\/amazon-prime-video-revela-ator-de-kratos-em-serie-live-action-de-god-of-war\/#article","isPartOf":{"@id":"https:\/\/ellotv.com.br\/site\/2026\/01\/14\/amazon-prime-video-revela-ator-de-kratos-em-serie-live-action-de-god-of-war\/"},"author":{"name":"ELLO TV","@id":"https:\/\/ellotv.com.br\/site\/#\/schema\/person\/2dbe3abaee38dcc7332fc8205cd2b15d"},"headline":"Amazon Prime Video revela ator de Kratos em s\u00e9rie live-action de God of War","datePublished":"2026-01-14T20:55:16+00:00","mainEntityOfPage":{"@id":"https:\/\/ellotv.com.br\/site\/2026\/01\/14\/amazon-prime-video-revela-ator-de-kratos-em-serie-live-action-de-god-of-war\/"},"wordCount":361,"commentCount":0,"publisher":{"@id":"https:\/\/ellotv.com.br\/site\/#organization"},"image":{"@id":"https:\/\/ellotv.com.br\/site\/2026\/01\/14\/amazon-prime-video-revela-ator-de-kratos-em-serie-live-action-de-god-of-war\/#primaryimage"},"thumbnailUrl":"https:\/\/ellotv.com.br\/site\/wp-content\/uploads\/2026\/01\/SaveClip.App_615560004_18561939751006155_1542439853686843940_n.jpg","articleSection":["Mundo","Noticias"],"inLanguage":"pt-BR","potentialAction":[{"@type":"CommentAction","name":"Comment","target":["https:\/\/ellotv.com.br\/site\/2026\/01\/14\/amazon-prime-video-revela-ator-de-kratos-em-serie-live-action-de-god-of-war\/#respond"]}]},{"@type":"WebPage","@id":"https:\/\/ellotv.com.br\/site\/2026\/01\/14\/amazon-prime-video-revela-ator-de-kratos-em-serie-live-action-de-god-of-war\/","url":"https:\/\/ellotv.com.br\/site\/2026\/01\/14\/amazon-prime-video-revela-ator-de-kratos-em-serie-live-action-de-god-of-war\/","name":"Amazon Prime Video revela ator de Kratos em s\u00e9rie live-action de God of War - Ello TV","isPartOf":{"@id":"https:\/\/ellotv.com.br\/site\/#website"},"primaryImageOfPage":{"@id":"https:\/\/ellotv.com.br\/site\/2026\/01\/14\/amazon-prime-video-revela-ator-de-kratos-em-serie-live-action-de-god-of-war\/#primaryimage"},"image":{"@id":"https:\/\/ellotv.com.br\/site\/2026\/01\/14\/amazon-prime-video-revela-ator-de-kratos-em-serie-live-action-de-god-of-war\/#primaryimage"},"thumbnailUrl":"https:\/\/ellotv.com.br\/site\/wp-content\/uploads\/2026\/01\/SaveClip.App_615560004_18561939751006155_1542439853686843940_n.jpg","datePublished":"2026-01-14T20:55:16+00:00","description":"Amazon Prime Video anuncia Ryan Hurst como Kratos na s\u00e9rie live-action de God of War, que adaptar\u00e1 os jogos mais recentes e focar\u00e1 na jornada de Kratos e Atreus.","breadcrumb":{"@id":"https:\/\/ellotv.com.br\/site\/2026\/01\/14\/amazon-prime-video-revela-ator-de-kratos-em-serie-live-action-de-god-of-war\/#breadcrumb"},"inLanguage":"pt-BR","potentialAction":[{"@type":"ReadAction","target":["https:\/\/ellotv.com.br\/site\/2026\/01\/14\/amazon-prime-video-revela-ator-de-kratos-em-serie-live-action-de-god-of-war\/"]}]},{"@type":"ImageObject","inLanguage":"pt-BR","@id":"https:\/\/ellotv.com.br\/site\/2026\/01\/14\/amazon-prime-video-revela-ator-de-kratos-em-serie-live-action-de-god-of-war\/#primaryimage","url":"https:\/\/ellotv.com.br\/site\/wp-content\/uploads\/2026\/01\/SaveClip.App_615560004_18561939751006155_1542439853686843940_n.jpg","contentUrl":"https:\/\/ellotv.com.br\/site\/wp-content\/uploads\/2026\/01\/SaveClip.App_615560004_18561939751006155_1542439853686843940_n.jpg","width":1013,"height":1267},{"@type":"BreadcrumbList","@id":"https:\/\/ellotv.com.br\/site\/2026\/01\/14\/amazon-prime-video-revela-ator-de-kratos-em-serie-live-action-de-god-of-war\/#breadcrumb","itemListElement":[{"@type":"ListItem","position":1,"name":"In\u00edcio","item":"https:\/\/ellotv.com.br\/site\/"},{"@type":"ListItem","position":2,"name":"Amazon Prime Video revela ator de Kratos em s\u00e9rie live-action de God of War"}]},{"@type":"WebSite","@id":"https:\/\/ellotv.com.br\/site\/#website","url":"https:\/\/ellotv.com.br\/site\/","name":"ELLO TV","description":"","publisher":{"@id":"https:\/\/ellotv.com.br\/site\/#organization"},"potentialAction":[{"@type":"SearchAction","target":{"@type":"EntryPoint","urlTemplate":"https:\/\/ellotv.com.br\/site\/?s={search_term_string}"},"query-input":{"@type":"PropertyValueSpecification","valueRequired":true,"valueName":"search_term_string"}}],"inLanguage":"pt-BR"},{"@type":"Organization","@id":"https:\/\/ellotv.com.br\/site\/#organization","name":"ELLO TV","url":"https:\/\/ellotv.com.br\/site\/","logo":{"@type":"ImageObject","inLanguage":"pt-BR","@id":"https:\/\/ellotv.com.br\/site\/#\/schema\/logo\/image\/","url":"https:\/\/ellotv.com.br\/site\/wp-content\/uploads\/2025\/11\/ello-logo-2.fw_.png","contentUrl":"https:\/\/ellotv.com.br\/site\/wp-content\/uploads\/2025\/11\/ello-logo-2.fw_.png","width":400,"height":146,"caption":"ELLO TV"},"image":{"@id":"https:\/\/ellotv.com.br\/site\/#\/schema\/logo\/image\/"}},{"@type":"Person","@id":"https:\/\/ellotv.com.br\/site\/#\/schema\/person\/2dbe3abaee38dcc7332fc8205cd2b15d","name":"ELLO TV","image":{"@type":"ImageObject","inLanguage":"pt-BR","@id":"https:\/\/secure.gravatar.com\/avatar\/c38242b9da8ec217ac3f0aaee31a54f7d7befb11b2b47fdbc8fb0fad60afa1c6?s=96&d=mm&r=g","url":"https:\/\/secure.gravatar.com\/avatar\/c38242b9da8ec217ac3f0aaee31a54f7d7befb11b2b47fdbc8fb0fad60afa1c6?s=96&d=mm&r=g","contentUrl":"https:\/\/secure.gravatar.com\/avatar\/c38242b9da8ec217ac3f0aaee31a54f7d7befb11b2b47fdbc8fb0fad60afa1c6?s=96&d=mm&r=g","caption":"ELLO TV"},"url":"https:\/\/ellotv.com.br\/site\/author\/elloagencia\/"}]}},"featured_image_urls":{"full":["https:\/\/ellotv.com.br\/site\/wp-content\/uploads\/2026\/01\/SaveClip.App_615560004_18561939751006155_1542439853686843940_n.jpg",1013,1267,false],"thumbnail":["https:\/\/ellotv.com.br\/site\/wp-content\/uploads\/2026\/01\/SaveClip.App_615560004_18561939751006155_1542439853686843940_n-150x150.jpg",150,150,true],"medium":["https:\/\/ellotv.com.br\/site\/wp-content\/uploads\/2026\/01\/SaveClip.App_615560004_18561939751006155_1542439853686843940_n-240x300.jpg",240,300,true],"medium_large":["https:\/\/ellotv.com.br\/site\/wp-content\/uploads\/2026\/01\/SaveClip.App_615560004_18561939751006155_1542439853686843940_n-768x961.jpg",640,801,true],"large":["https:\/\/ellotv.com.br\/site\/wp-content\/uploads\/2026\/01\/SaveClip.App_615560004_18561939751006155_1542439853686843940_n-819x1024.jpg",640,800,true],"1536x1536":["https:\/\/ellotv.com.br\/site\/wp-content\/uploads\/2026\/01\/SaveClip.App_615560004_18561939751006155_1542439853686843940_n.jpg",1013,1267,false],"2048x2048":["https:\/\/ellotv.com.br\/site\/wp-content\/uploads\/2026\/01\/SaveClip.App_615560004_18561939751006155_1542439853686843940_n.jpg",1013,1267,false],"darknews-slider-full":["https:\/\/ellotv.com.br\/site\/wp-content\/uploads\/2026\/01\/SaveClip.App_615560004_18561939751006155_1542439853686843940_n-1013x720.jpg",1013,720,true],"darknews-featured":["https:\/\/ellotv.com.br\/site\/wp-content\/uploads\/2026\/01\/SaveClip.App_615560004_18561939751006155_1542439853686843940_n.jpg",1013,1267,false],"darknews-medium":["https:\/\/ellotv.com.br\/site\/wp-content\/uploads\/2026\/01\/SaveClip.App_615560004_18561939751006155_1542439853686843940_n-720x530.jpg",720,530,true],"darknews-medium-square":["https:\/\/ellotv.com.br\/site\/wp-content\/uploads\/2026\/01\/SaveClip.App_615560004_18561939751006155_1542439853686843940_n-350x350.jpg",350,350,true]},"author_info":{"info":["ELLO TV"]},"category_info":"<a href=\"https:\/\/ellotv.com.br\/site\/category\/mundo\/\" rel=\"category tag\">Mundo<\/a> <a href=\"https:\/\/ellotv.com.br\/site\/category\/noticias\/\" rel=\"category tag\">Noticias<\/a>","tag_info":"Noticias","comment_count":"0","_links":{"self":[{"href":"https:\/\/ellotv.com.br\/site\/wp-json\/wp\/v2\/posts\/4384","targetHints":{"allow":["GET"]}}],"collection":[{"href":"https:\/\/ellotv.com.br\/site\/wp-json\/wp\/v2\/posts"}],"about":[{"href":"https:\/\/ellotv.com.br\/site\/wp-json\/wp\/v2\/types\/post"}],"author":[{"embeddable":true,"href":"https:\/\/ellotv.com.br\/site\/wp-json\/wp\/v2\/users\/2"}],"replies":[{"embeddable":true,"href":"https:\/\/ellotv.com.br\/site\/wp-json\/wp\/v2\/comments?post=4384"}],"version-history":[{"count":1,"href":"https:\/\/ellotv.com.br\/site\/wp-json\/wp\/v2\/posts\/4384\/revisions"}],"predecessor-version":[{"id":4386,"href":"https:\/\/ellotv.com.br\/site\/wp-json\/wp\/v2\/posts\/4384\/revisions\/4386"}],"wp:featuredmedia":[{"embeddable":true,"href":"https:\/\/ellotv.com.br\/site\/wp-json\/wp\/v2\/media\/4385"}],"wp:attachment":[{"href":"https:\/\/ellotv.com.br\/site\/wp-json\/wp\/v2\/media?parent=4384"}],"wp:term":[{"taxonomy":"category","embeddable":true,"href":"https:\/\/ellotv.com.br\/site\/wp-json\/wp\/v2\/categories?post=4384"},{"taxonomy":"post_tag","embeddable":true,"href":"https:\/\/ellotv.com.br\/site\/wp-json\/wp\/v2\/tags?post=4384"}],"curies":[{"name":"wp","href":"https:\/\/api.w.org\/{rel}","templated":true}]}}