{"id":4412,"date":"2026-01-15T15:23:49","date_gmt":"2026-01-15T18:23:49","guid":{"rendered":"https:\/\/ellotv.com.br\/site\/?p=4412"},"modified":"2026-01-15T15:23:49","modified_gmt":"2026-01-15T18:23:49","slug":"henri-castelli-entenda-o-protocolo-calma-e-como-agir-em-casos-de-convulsao","status":"publish","type":"post","link":"https:\/\/ellotv.com.br\/site\/2026\/01\/15\/henri-castelli-entenda-o-protocolo-calma-e-como-agir-em-casos-de-convulsao\/","title":{"rendered":"Henri Castelli: entenda o protocolo CALMA e como agir em casos de convuls\u00e3o"},"content":{"rendered":"<p>O recente alerta feito pelo ator Henri Castelli reacendeu um debate importante sobre como agir corretamente diante de uma convuls\u00e3o. Especialistas refor\u00e7am que saber o que fazer \u2014 e principalmente o que n\u00e3o fazer \u2014 pode evitar complica\u00e7\u00f5es e at\u00e9 salvar vidas.<\/p>\n<p>A convuls\u00e3o acontece quando h\u00e1 uma atividade el\u00e9trica anormal no c\u00e9rebro e n\u00e3o significa, necessariamente, que a pessoa tenha epilepsia. O epis\u00f3dio pode ser provocado por diversos fatores, como priva\u00e7\u00e3o de sono, estresse intenso, desidrata\u00e7\u00e3o, febre alta ou altera\u00e7\u00f5es metab\u00f3licas.<\/p>\n<p>Diante de uma situa\u00e7\u00e3o como essa, a Liga Brasileira de Epilepsia recomenda o uso do protocolo CALMA, uma forma simples e eficaz de orientar a ajuda imediata.<\/p>\n<p><strong>O que \u00e9 o protocolo CALMA?<\/strong><\/p>\n<p><strong>A sigla resume os passos essenciais durante uma crise convulsiva:<\/strong><\/p>\n<p><strong>C \u2013<\/strong> <em>Conservar a calma: manter a tranquilidade \u00e9 fundamental para agir corretamente.<\/em><\/p>\n<p><strong>A<\/strong> \u2013 <em>Afastar objetos perigosos: retire itens que possam causar ferimentos.<\/em><\/p>\n<p><strong>L<\/strong> \u2013<em> Lateralizar a cabe\u00e7a: colocar a pessoa de lado ajuda na respira\u00e7\u00e3o e evita engasgos.<\/em><\/p>\n<p><strong>M<\/strong> \u2013 <em>Monitorar o tempo: se a crise durar mais de cinco minutos, \u00e9 considerada emerg\u00eancia.<\/em><\/p>\n<p><strong>A<\/strong> \u2013 <em>Acionar socorro m\u00e9dico: chame ajuda especializada, principalmente se for a primeira crise.<\/em><\/p>\n<p><strong>O que n\u00e3o deve ser feito?<\/strong><\/p>\n<p><strong>Especialistas alertam que pr\u00e1ticas populares s\u00e3o perigosas:<\/strong><\/p>\n<p><em>N\u00e3o segurar a pessoa com for\u00e7a<\/em><\/p>\n<p><em>N\u00e3o colocar objetos ou a m\u00e3o na boca<\/em><\/p>\n<p><em>N\u00e3o oferecer \u00e1gua, comida ou rem\u00e9dios durante a crise<\/em><\/p>\n<p><em>Ap\u00f3s o epis\u00f3dio, \u00e9 fundamental que a pessoa passe por avalia\u00e7\u00e3o m\u00e9dica, mesmo que se recupere rapidamente. A investiga\u00e7\u00e3o ajuda a identificar causas e prevenir novas ocorr\u00eancias.<\/em><\/p>\n<p><em>Informa\u00e7\u00e3o correta \u00e9 essencial para reduzir riscos e combater mitos que ainda cercam situa\u00e7\u00f5es de emerg\u00eancia como essa.<\/em><\/p>\n","protected":false},"excerpt":{"rendered":"<p>O recente alerta feito pelo ator Henri Castelli reacendeu um debate importante sobre como agir corretamente diante de<\/p>\n","protected":false},"author":2,"featured_media":4413,"comment_status":"open","ping_status":"open","sticky":false,"template":"","format":"standard","meta":{"footnotes":""},"categories":[8,12],"tags":[],"class_list":["post-4412","post","type-post","status-publish","format-standard","has-post-thumbnail","hentry","category-brasil","category-noticias"],"yoast_head":"<!-- This site is optimized with the Yoast SEO plugin v28.3 - https:\/\/yoast.com\/product\/yoast-seo-wordpress\/ -->\n<title>Henri Castelli: entenda o protocolo CALMA e como agir em casos de convuls\u00e3o - Ello TV<\/title>\n<meta name=\"description\" content=\"Ap\u00f3s alerta do ator Henri Castelli, especialistas explicam como agir corretamente diante de uma convuls\u00e3o. Conhe\u00e7a o protocolo CALMA, saiba o que fazer e o que evitar durante uma crise para reduzir riscos e salvar vidas.\" \/>\n<meta name=\"robots\" content=\"index, follow, max-snippet:-1, max-image-preview:large, max-video-preview:-1\" \/>\n<link rel=\"canonical\" href=\"https:\/\/ellotv.com.br\/site\/2026\/01\/15\/henri-castelli-entenda-o-protocolo-calma-e-como-agir-em-casos-de-convulsao\/\" \/>\n<meta property=\"og:locale\" content=\"pt_BR\" \/>\n<meta property=\"og:type\" content=\"article\" \/>\n<meta property=\"og:title\" content=\"Henri Castelli: entenda o protocolo CALMA e como agir em casos de convuls\u00e3o - Ello TV\" \/>\n<meta property=\"og:description\" content=\"Ap\u00f3s alerta do ator Henri Castelli, especialistas explicam como agir corretamente diante de uma convuls\u00e3o. Conhe\u00e7a o protocolo CALMA, saiba o que fazer e o que evitar durante uma crise para reduzir riscos e salvar vidas.\" \/>\n<meta property=\"og:url\" content=\"https:\/\/ellotv.com.br\/site\/2026\/01\/15\/henri-castelli-entenda-o-protocolo-calma-e-como-agir-em-casos-de-convulsao\/\" \/>\n<meta property=\"og:site_name\" content=\"Ello TV\" \/>\n<meta property=\"article:published_time\" content=\"2026-01-15T18:23:49+00:00\" \/>\n<meta property=\"og:image\" content=\"https:\/\/ellotv.com.br\/site\/wp-content\/uploads\/2026\/01\/WhatsApp-Image-2026-01-15-at-15.18.30.jpeg\" \/>\n\t<meta property=\"og:image:width\" content=\"1600\" \/>\n\t<meta property=\"og:image:height\" content=\"951\" \/>\n\t<meta property=\"og:image:type\" content=\"image\/jpeg\" \/>\n<meta name=\"author\" content=\"ELLO TV\" \/>\n<meta name=\"twitter:card\" content=\"summary_large_image\" \/>\n<meta name=\"twitter:label1\" content=\"Escrito por\" \/>\n\t<meta name=\"twitter:data1\" content=\"ELLO TV\" \/>\n\t<meta name=\"twitter:label2\" content=\"Est. tempo de leitura\" \/>\n\t<meta name=\"twitter:data2\" content=\"2 minutos\" \/>\n<script type=\"application\/ld+json\" class=\"yoast-schema-graph\">{\"@context\":\"https:\\\/\\\/schema.org\",\"@graph\":[{\"@type\":\"Article\",\"@id\":\"https:\\\/\\\/ellotv.com.br\\\/site\\\/2026\\\/01\\\/15\\\/henri-castelli-entenda-o-protocolo-calma-e-como-agir-em-casos-de-convulsao\\\/#article\",\"isPartOf\":{\"@id\":\"https:\\\/\\\/ellotv.com.br\\\/site\\\/2026\\\/01\\\/15\\\/henri-castelli-entenda-o-protocolo-calma-e-como-agir-em-casos-de-convulsao\\\/\"},\"author\":{\"name\":\"ELLO TV\",\"@id\":\"https:\\\/\\\/ellotv.com.br\\\/site\\\/#\\\/schema\\\/person\\\/2dbe3abaee38dcc7332fc8205cd2b15d\"},\"headline\":\"Henri Castelli: entenda o protocolo CALMA e como agir em casos de convuls\u00e3o\",\"datePublished\":\"2026-01-15T18:23:49+00:00\",\"mainEntityOfPage\":{\"@id\":\"https:\\\/\\\/ellotv.com.br\\\/site\\\/2026\\\/01\\\/15\\\/henri-castelli-entenda-o-protocolo-calma-e-como-agir-em-casos-de-convulsao\\\/\"},\"wordCount\":314,\"commentCount\":0,\"publisher\":{\"@id\":\"https:\\\/\\\/ellotv.com.br\\\/site\\\/#organization\"},\"image\":{\"@id\":\"https:\\\/\\\/ellotv.com.br\\\/site\\\/2026\\\/01\\\/15\\\/henri-castelli-entenda-o-protocolo-calma-e-como-agir-em-casos-de-convulsao\\\/#primaryimage\"},\"thumbnailUrl\":\"https:\\\/\\\/ellotv.com.br\\\/site\\\/wp-content\\\/uploads\\\/2026\\\/01\\\/WhatsApp-Image-2026-01-15-at-15.18.30.jpeg\",\"articleSection\":[\"Brasil\",\"Noticias\"],\"inLanguage\":\"pt-BR\",\"potentialAction\":[{\"@type\":\"CommentAction\",\"name\":\"Comment\",\"target\":[\"https:\\\/\\\/ellotv.com.br\\\/site\\\/2026\\\/01\\\/15\\\/henri-castelli-entenda-o-protocolo-calma-e-como-agir-em-casos-de-convulsao\\\/#respond\"]}]},{\"@type\":\"WebPage\",\"@id\":\"https:\\\/\\\/ellotv.com.br\\\/site\\\/2026\\\/01\\\/15\\\/henri-castelli-entenda-o-protocolo-calma-e-como-agir-em-casos-de-convulsao\\\/\",\"url\":\"https:\\\/\\\/ellotv.com.br\\\/site\\\/2026\\\/01\\\/15\\\/henri-castelli-entenda-o-protocolo-calma-e-como-agir-em-casos-de-convulsao\\\/\",\"name\":\"Henri Castelli: entenda o protocolo CALMA e como agir em casos de convuls\u00e3o - Ello TV\",\"isPartOf\":{\"@id\":\"https:\\\/\\\/ellotv.com.br\\\/site\\\/#website\"},\"primaryImageOfPage\":{\"@id\":\"https:\\\/\\\/ellotv.com.br\\\/site\\\/2026\\\/01\\\/15\\\/henri-castelli-entenda-o-protocolo-calma-e-como-agir-em-casos-de-convulsao\\\/#primaryimage\"},\"image\":{\"@id\":\"https:\\\/\\\/ellotv.com.br\\\/site\\\/2026\\\/01\\\/15\\\/henri-castelli-entenda-o-protocolo-calma-e-como-agir-em-casos-de-convulsao\\\/#primaryimage\"},\"thumbnailUrl\":\"https:\\\/\\\/ellotv.com.br\\\/site\\\/wp-content\\\/uploads\\\/2026\\\/01\\\/WhatsApp-Image-2026-01-15-at-15.18.30.jpeg\",\"datePublished\":\"2026-01-15T18:23:49+00:00\",\"description\":\"Ap\u00f3s alerta do ator Henri Castelli, especialistas explicam como agir corretamente diante de uma convuls\u00e3o. Conhe\u00e7a o protocolo CALMA, saiba o que fazer e o que evitar durante uma crise para reduzir riscos e salvar vidas.\",\"breadcrumb\":{\"@id\":\"https:\\\/\\\/ellotv.com.br\\\/site\\\/2026\\\/01\\\/15\\\/henri-castelli-entenda-o-protocolo-calma-e-como-agir-em-casos-de-convulsao\\\/#breadcrumb\"},\"inLanguage\":\"pt-BR\",\"potentialAction\":[{\"@type\":\"ReadAction\",\"target\":[\"https:\\\/\\\/ellotv.com.br\\\/site\\\/2026\\\/01\\\/15\\\/henri-castelli-entenda-o-protocolo-calma-e-como-agir-em-casos-de-convulsao\\\/\"]}]},{\"@type\":\"ImageObject\",\"inLanguage\":\"pt-BR\",\"@id\":\"https:\\\/\\\/ellotv.com.br\\\/site\\\/2026\\\/01\\\/15\\\/henri-castelli-entenda-o-protocolo-calma-e-como-agir-em-casos-de-convulsao\\\/#primaryimage\",\"url\":\"https:\\\/\\\/ellotv.com.br\\\/site\\\/wp-content\\\/uploads\\\/2026\\\/01\\\/WhatsApp-Image-2026-01-15-at-15.18.30.jpeg\",\"contentUrl\":\"https:\\\/\\\/ellotv.com.br\\\/site\\\/wp-content\\\/uploads\\\/2026\\\/01\\\/WhatsApp-Image-2026-01-15-at-15.18.30.jpeg\",\"width\":1600,\"height\":951},{\"@type\":\"BreadcrumbList\",\"@id\":\"https:\\\/\\\/ellotv.com.br\\\/site\\\/2026\\\/01\\\/15\\\/henri-castelli-entenda-o-protocolo-calma-e-como-agir-em-casos-de-convulsao\\\/#breadcrumb\",\"itemListElement\":[{\"@type\":\"ListItem\",\"position\":1,\"name\":\"In\u00edcio\",\"item\":\"https:\\\/\\\/ellotv.com.br\\\/site\\\/\"},{\"@type\":\"ListItem\",\"position\":2,\"name\":\"Henri Castelli: entenda o protocolo CALMA e como agir em casos de convuls\u00e3o\"}]},{\"@type\":\"WebSite\",\"@id\":\"https:\\\/\\\/ellotv.com.br\\\/site\\\/#website\",\"url\":\"https:\\\/\\\/ellotv.com.br\\\/site\\\/\",\"name\":\"ELLO TV\",\"description\":\"\",\"publisher\":{\"@id\":\"https:\\\/\\\/ellotv.com.br\\\/site\\\/#organization\"},\"potentialAction\":[{\"@type\":\"SearchAction\",\"target\":{\"@type\":\"EntryPoint\",\"urlTemplate\":\"https:\\\/\\\/ellotv.com.br\\\/site\\\/?s={search_term_string}\"},\"query-input\":{\"@type\":\"PropertyValueSpecification\",\"valueRequired\":true,\"valueName\":\"search_term_string\"}}],\"inLanguage\":\"pt-BR\"},{\"@type\":\"Organization\",\"@id\":\"https:\\\/\\\/ellotv.com.br\\\/site\\\/#organization\",\"name\":\"ELLO TV\",\"url\":\"https:\\\/\\\/ellotv.com.br\\\/site\\\/\",\"logo\":{\"@type\":\"ImageObject\",\"inLanguage\":\"pt-BR\",\"@id\":\"https:\\\/\\\/ellotv.com.br\\\/site\\\/#\\\/schema\\\/logo\\\/image\\\/\",\"url\":\"https:\\\/\\\/ellotv.com.br\\\/site\\\/wp-content\\\/uploads\\\/2025\\\/11\\\/ello-logo-2.fw_.png\",\"contentUrl\":\"https:\\\/\\\/ellotv.com.br\\\/site\\\/wp-content\\\/uploads\\\/2025\\\/11\\\/ello-logo-2.fw_.png\",\"width\":400,\"height\":146,\"caption\":\"ELLO TV\"},\"image\":{\"@id\":\"https:\\\/\\\/ellotv.com.br\\\/site\\\/#\\\/schema\\\/logo\\\/image\\\/\"}},{\"@type\":\"Person\",\"@id\":\"https:\\\/\\\/ellotv.com.br\\\/site\\\/#\\\/schema\\\/person\\\/2dbe3abaee38dcc7332fc8205cd2b15d\",\"name\":\"ELLO TV\",\"image\":{\"@type\":\"ImageObject\",\"inLanguage\":\"pt-BR\",\"@id\":\"https:\\\/\\\/secure.gravatar.com\\\/avatar\\\/c38242b9da8ec217ac3f0aaee31a54f7d7befb11b2b47fdbc8fb0fad60afa1c6?s=96&d=mm&r=g\",\"url\":\"https:\\\/\\\/secure.gravatar.com\\\/avatar\\\/c38242b9da8ec217ac3f0aaee31a54f7d7befb11b2b47fdbc8fb0fad60afa1c6?s=96&d=mm&r=g\",\"contentUrl\":\"https:\\\/\\\/secure.gravatar.com\\\/avatar\\\/c38242b9da8ec217ac3f0aaee31a54f7d7befb11b2b47fdbc8fb0fad60afa1c6?s=96&d=mm&r=g\",\"caption\":\"ELLO TV\"},\"url\":\"https:\\\/\\\/ellotv.com.br\\\/site\\\/author\\\/elloagencia\\\/\"}]}<\/script>\n<!-- \/ Yoast SEO plugin. -->","yoast_head_json":{"title":"Henri Castelli: entenda o protocolo CALMA e como agir em casos de convuls\u00e3o - Ello TV","description":"Ap\u00f3s alerta do ator Henri Castelli, especialistas explicam como agir corretamente diante de uma convuls\u00e3o. Conhe\u00e7a o protocolo CALMA, saiba o que fazer e o que evitar durante uma crise para reduzir riscos e salvar vidas.","robots":{"index":"index","follow":"follow","max-snippet":"max-snippet:-1","max-image-preview":"max-image-preview:large","max-video-preview":"max-video-preview:-1"},"canonical":"https:\/\/ellotv.com.br\/site\/2026\/01\/15\/henri-castelli-entenda-o-protocolo-calma-e-como-agir-em-casos-de-convulsao\/","og_locale":"pt_BR","og_type":"article","og_title":"Henri Castelli: entenda o protocolo CALMA e como agir em casos de convuls\u00e3o - Ello TV","og_description":"Ap\u00f3s alerta do ator Henri Castelli, especialistas explicam como agir corretamente diante de uma convuls\u00e3o. Conhe\u00e7a o protocolo CALMA, saiba o que fazer e o que evitar durante uma crise para reduzir riscos e salvar vidas.","og_url":"https:\/\/ellotv.com.br\/site\/2026\/01\/15\/henri-castelli-entenda-o-protocolo-calma-e-como-agir-em-casos-de-convulsao\/","og_site_name":"Ello TV","article_published_time":"2026-01-15T18:23:49+00:00","og_image":[{"width":1600,"height":951,"url":"https:\/\/ellotv.com.br\/site\/wp-content\/uploads\/2026\/01\/WhatsApp-Image-2026-01-15-at-15.18.30.jpeg","type":"image\/jpeg"}],"author":"ELLO TV","twitter_card":"summary_large_image","twitter_misc":{"Escrito por":"ELLO TV","Est. tempo de leitura":"2 minutos"},"schema":{"@context":"https:\/\/schema.org","@graph":[{"@type":"Article","@id":"https:\/\/ellotv.com.br\/site\/2026\/01\/15\/henri-castelli-entenda-o-protocolo-calma-e-como-agir-em-casos-de-convulsao\/#article","isPartOf":{"@id":"https:\/\/ellotv.com.br\/site\/2026\/01\/15\/henri-castelli-entenda-o-protocolo-calma-e-como-agir-em-casos-de-convulsao\/"},"author":{"name":"ELLO TV","@id":"https:\/\/ellotv.com.br\/site\/#\/schema\/person\/2dbe3abaee38dcc7332fc8205cd2b15d"},"headline":"Henri Castelli: entenda o protocolo CALMA e como agir em casos de convuls\u00e3o","datePublished":"2026-01-15T18:23:49+00:00","mainEntityOfPage":{"@id":"https:\/\/ellotv.com.br\/site\/2026\/01\/15\/henri-castelli-entenda-o-protocolo-calma-e-como-agir-em-casos-de-convulsao\/"},"wordCount":314,"commentCount":0,"publisher":{"@id":"https:\/\/ellotv.com.br\/site\/#organization"},"image":{"@id":"https:\/\/ellotv.com.br\/site\/2026\/01\/15\/henri-castelli-entenda-o-protocolo-calma-e-como-agir-em-casos-de-convulsao\/#primaryimage"},"thumbnailUrl":"https:\/\/ellotv.com.br\/site\/wp-content\/uploads\/2026\/01\/WhatsApp-Image-2026-01-15-at-15.18.30.jpeg","articleSection":["Brasil","Noticias"],"inLanguage":"pt-BR","potentialAction":[{"@type":"CommentAction","name":"Comment","target":["https:\/\/ellotv.com.br\/site\/2026\/01\/15\/henri-castelli-entenda-o-protocolo-calma-e-como-agir-em-casos-de-convulsao\/#respond"]}]},{"@type":"WebPage","@id":"https:\/\/ellotv.com.br\/site\/2026\/01\/15\/henri-castelli-entenda-o-protocolo-calma-e-como-agir-em-casos-de-convulsao\/","url":"https:\/\/ellotv.com.br\/site\/2026\/01\/15\/henri-castelli-entenda-o-protocolo-calma-e-como-agir-em-casos-de-convulsao\/","name":"Henri Castelli: entenda o protocolo CALMA e como agir em casos de convuls\u00e3o - Ello TV","isPartOf":{"@id":"https:\/\/ellotv.com.br\/site\/#website"},"primaryImageOfPage":{"@id":"https:\/\/ellotv.com.br\/site\/2026\/01\/15\/henri-castelli-entenda-o-protocolo-calma-e-como-agir-em-casos-de-convulsao\/#primaryimage"},"image":{"@id":"https:\/\/ellotv.com.br\/site\/2026\/01\/15\/henri-castelli-entenda-o-protocolo-calma-e-como-agir-em-casos-de-convulsao\/#primaryimage"},"thumbnailUrl":"https:\/\/ellotv.com.br\/site\/wp-content\/uploads\/2026\/01\/WhatsApp-Image-2026-01-15-at-15.18.30.jpeg","datePublished":"2026-01-15T18:23:49+00:00","description":"Ap\u00f3s alerta do ator Henri Castelli, especialistas explicam como agir corretamente diante de uma convuls\u00e3o. Conhe\u00e7a o protocolo CALMA, saiba o que fazer e o que evitar durante uma crise para reduzir riscos e salvar vidas.","breadcrumb":{"@id":"https:\/\/ellotv.com.br\/site\/2026\/01\/15\/henri-castelli-entenda-o-protocolo-calma-e-como-agir-em-casos-de-convulsao\/#breadcrumb"},"inLanguage":"pt-BR","potentialAction":[{"@type":"ReadAction","target":["https:\/\/ellotv.com.br\/site\/2026\/01\/15\/henri-castelli-entenda-o-protocolo-calma-e-como-agir-em-casos-de-convulsao\/"]}]},{"@type":"ImageObject","inLanguage":"pt-BR","@id":"https:\/\/ellotv.com.br\/site\/2026\/01\/15\/henri-castelli-entenda-o-protocolo-calma-e-como-agir-em-casos-de-convulsao\/#primaryimage","url":"https:\/\/ellotv.com.br\/site\/wp-content\/uploads\/2026\/01\/WhatsApp-Image-2026-01-15-at-15.18.30.jpeg","contentUrl":"https:\/\/ellotv.com.br\/site\/wp-content\/uploads\/2026\/01\/WhatsApp-Image-2026-01-15-at-15.18.30.jpeg","width":1600,"height":951},{"@type":"BreadcrumbList","@id":"https:\/\/ellotv.com.br\/site\/2026\/01\/15\/henri-castelli-entenda-o-protocolo-calma-e-como-agir-em-casos-de-convulsao\/#breadcrumb","itemListElement":[{"@type":"ListItem","position":1,"name":"In\u00edcio","item":"https:\/\/ellotv.com.br\/site\/"},{"@type":"ListItem","position":2,"name":"Henri Castelli: entenda o protocolo CALMA e como agir em casos de convuls\u00e3o"}]},{"@type":"WebSite","@id":"https:\/\/ellotv.com.br\/site\/#website","url":"https:\/\/ellotv.com.br\/site\/","name":"ELLO TV","description":"","publisher":{"@id":"https:\/\/ellotv.com.br\/site\/#organization"},"potentialAction":[{"@type":"SearchAction","target":{"@type":"EntryPoint","urlTemplate":"https:\/\/ellotv.com.br\/site\/?s={search_term_string}"},"query-input":{"@type":"PropertyValueSpecification","valueRequired":true,"valueName":"search_term_string"}}],"inLanguage":"pt-BR"},{"@type":"Organization","@id":"https:\/\/ellotv.com.br\/site\/#organization","name":"ELLO TV","url":"https:\/\/ellotv.com.br\/site\/","logo":{"@type":"ImageObject","inLanguage":"pt-BR","@id":"https:\/\/ellotv.com.br\/site\/#\/schema\/logo\/image\/","url":"https:\/\/ellotv.com.br\/site\/wp-content\/uploads\/2025\/11\/ello-logo-2.fw_.png","contentUrl":"https:\/\/ellotv.com.br\/site\/wp-content\/uploads\/2025\/11\/ello-logo-2.fw_.png","width":400,"height":146,"caption":"ELLO TV"},"image":{"@id":"https:\/\/ellotv.com.br\/site\/#\/schema\/logo\/image\/"}},{"@type":"Person","@id":"https:\/\/ellotv.com.br\/site\/#\/schema\/person\/2dbe3abaee38dcc7332fc8205cd2b15d","name":"ELLO TV","image":{"@type":"ImageObject","inLanguage":"pt-BR","@id":"https:\/\/secure.gravatar.com\/avatar\/c38242b9da8ec217ac3f0aaee31a54f7d7befb11b2b47fdbc8fb0fad60afa1c6?s=96&d=mm&r=g","url":"https:\/\/secure.gravatar.com\/avatar\/c38242b9da8ec217ac3f0aaee31a54f7d7befb11b2b47fdbc8fb0fad60afa1c6?s=96&d=mm&r=g","contentUrl":"https:\/\/secure.gravatar.com\/avatar\/c38242b9da8ec217ac3f0aaee31a54f7d7befb11b2b47fdbc8fb0fad60afa1c6?s=96&d=mm&r=g","caption":"ELLO TV"},"url":"https:\/\/ellotv.com.br\/site\/author\/elloagencia\/"}]}},"featured_image_urls":{"full":["https:\/\/ellotv.com.br\/site\/wp-content\/uploads\/2026\/01\/WhatsApp-Image-2026-01-15-at-15.18.30.jpeg",1600,951,false],"thumbnail":["https:\/\/ellotv.com.br\/site\/wp-content\/uploads\/2026\/01\/WhatsApp-Image-2026-01-15-at-15.18.30-150x150.jpeg",150,150,true],"medium":["https:\/\/ellotv.com.br\/site\/wp-content\/uploads\/2026\/01\/WhatsApp-Image-2026-01-15-at-15.18.30-300x178.jpeg",300,178,true],"medium_large":["https:\/\/ellotv.com.br\/site\/wp-content\/uploads\/2026\/01\/WhatsApp-Image-2026-01-15-at-15.18.30-768x456.jpeg",640,380,true],"large":["https:\/\/ellotv.com.br\/site\/wp-content\/uploads\/2026\/01\/WhatsApp-Image-2026-01-15-at-15.18.30-1024x609.jpeg",640,381,true],"1536x1536":["https:\/\/ellotv.com.br\/site\/wp-content\/uploads\/2026\/01\/WhatsApp-Image-2026-01-15-at-15.18.30-1536x913.jpeg",1536,913,true],"2048x2048":["https:\/\/ellotv.com.br\/site\/wp-content\/uploads\/2026\/01\/WhatsApp-Image-2026-01-15-at-15.18.30.jpeg",1600,951,false],"darknews-slider-full":["https:\/\/ellotv.com.br\/site\/wp-content\/uploads\/2026\/01\/WhatsApp-Image-2026-01-15-at-15.18.30-1280x720.jpeg",1280,720,true],"darknews-featured":["https:\/\/ellotv.com.br\/site\/wp-content\/uploads\/2026\/01\/WhatsApp-Image-2026-01-15-at-15.18.30-1024x609.jpeg",1024,609,true],"darknews-medium":["https:\/\/ellotv.com.br\/site\/wp-content\/uploads\/2026\/01\/WhatsApp-Image-2026-01-15-at-15.18.30-720x530.jpeg",720,530,true],"darknews-medium-square":["https:\/\/ellotv.com.br\/site\/wp-content\/uploads\/2026\/01\/WhatsApp-Image-2026-01-15-at-15.18.30-350x350.jpeg",350,350,true]},"author_info":{"info":["ELLO TV"]},"category_info":"<a href=\"https:\/\/ellotv.com.br\/site\/category\/brasil\/\" rel=\"category tag\">Brasil<\/a> <a href=\"https:\/\/ellotv.com.br\/site\/category\/noticias\/\" rel=\"category tag\">Noticias<\/a>","tag_info":"Noticias","comment_count":"0","_links":{"self":[{"href":"https:\/\/ellotv.com.br\/site\/wp-json\/wp\/v2\/posts\/4412","targetHints":{"allow":["GET"]}}],"collection":[{"href":"https:\/\/ellotv.com.br\/site\/wp-json\/wp\/v2\/posts"}],"about":[{"href":"https:\/\/ellotv.com.br\/site\/wp-json\/wp\/v2\/types\/post"}],"author":[{"embeddable":true,"href":"https:\/\/ellotv.com.br\/site\/wp-json\/wp\/v2\/users\/2"}],"replies":[{"embeddable":true,"href":"https:\/\/ellotv.com.br\/site\/wp-json\/wp\/v2\/comments?post=4412"}],"version-history":[{"count":5,"href":"https:\/\/ellotv.com.br\/site\/wp-json\/wp\/v2\/posts\/4412\/revisions"}],"predecessor-version":[{"id":4418,"href":"https:\/\/ellotv.com.br\/site\/wp-json\/wp\/v2\/posts\/4412\/revisions\/4418"}],"wp:featuredmedia":[{"embeddable":true,"href":"https:\/\/ellotv.com.br\/site\/wp-json\/wp\/v2\/media\/4413"}],"wp:attachment":[{"href":"https:\/\/ellotv.com.br\/site\/wp-json\/wp\/v2\/media?parent=4412"}],"wp:term":[{"taxonomy":"category","embeddable":true,"href":"https:\/\/ellotv.com.br\/site\/wp-json\/wp\/v2\/categories?post=4412"},{"taxonomy":"post_tag","embeddable":true,"href":"https:\/\/ellotv.com.br\/site\/wp-json\/wp\/v2\/tags?post=4412"}],"curies":[{"name":"wp","href":"https:\/\/api.w.org\/{rel}","templated":true}]}}