{"id":4499,"date":"2026-01-19T17:44:27","date_gmt":"2026-01-19T20:44:27","guid":{"rendered":"https:\/\/ellotv.com.br\/site\/?p=4499"},"modified":"2026-01-19T17:44:27","modified_gmt":"2026-01-19T20:44:27","slug":"valentino-garavani-morre-aos-93-anos-e-deixa-legado-eterno-na-moda-mundial","status":"publish","type":"post","link":"https:\/\/ellotv.com.br\/site\/2026\/01\/19\/valentino-garavani-morre-aos-93-anos-e-deixa-legado-eterno-na-moda-mundial\/","title":{"rendered":"Valentino Garavani morre aos 93 anos e deixa legado eterno na moda mundial"},"content":{"rendered":"<p>O mundo da moda se despede de um de seus maiores nomes. O estilista italiano Valentino Garavani, fundador da grife Valentino, morreu nesta segunda-feira (19), aos 93 anos.<\/p>\n<p>Segundo comunicado da Funda\u00e7\u00e3o Valentino Garavani e Giancarlo Giammetti, o criador faleceu de forma tranquila, em sua casa, em Roma, acompanhado por familiares e pessoas pr\u00f3ximas.<\/p>\n<p>Valentino construiu uma carreira hist\u00f3rica, transformando a moda em express\u00e3o art\u00edstica e eleg\u00e2ncia. Seu estilo inconfund\u00edvel, marcado pelo vermelho intenso e pelo luxo atemporal, fez da marca Valentino uma das mais respeitadas do mundo.<\/p>\n<p>Seu legado permanece vivo na moda contempor\u00e2nea e na hist\u00f3ria cultural do s\u00e9culo 20.<\/p>\n","protected":false},"excerpt":{"rendered":"<p>O mundo da moda se despede de um de seus maiores nomes. O estilista italiano Valentino Garavani, fundador<\/p>\n","protected":false},"author":2,"featured_media":4500,"comment_status":"open","ping_status":"open","sticky":false,"template":"","format":"standard","meta":{"footnotes":""},"categories":[10,12],"tags":[],"class_list":["post-4499","post","type-post","status-publish","format-standard","has-post-thumbnail","hentry","category-mundo","category-noticias"],"yoast_head":"<!-- This site is optimized with the Yoast SEO plugin v28.3 - https:\/\/yoast.com\/product\/yoast-seo-wordpress\/ -->\n<title>Valentino Garavani morre aos 93 anos e deixa legado eterno na moda mundial - Ello TV<\/title>\n<meta name=\"description\" content=\"Estilista italiano Valentino Garavani, fundador da grife Valentino, morre aos 93 anos e deixa legado hist\u00f3rico na moda mundial.\" \/>\n<meta name=\"robots\" content=\"index, follow, max-snippet:-1, max-image-preview:large, max-video-preview:-1\" \/>\n<link rel=\"canonical\" href=\"https:\/\/ellotv.com.br\/site\/2026\/01\/19\/valentino-garavani-morre-aos-93-anos-e-deixa-legado-eterno-na-moda-mundial\/\" \/>\n<meta property=\"og:locale\" content=\"pt_BR\" \/>\n<meta property=\"og:type\" content=\"article\" \/>\n<meta property=\"og:title\" content=\"Valentino Garavani morre aos 93 anos e deixa legado eterno na moda mundial - Ello TV\" \/>\n<meta property=\"og:description\" content=\"Estilista italiano Valentino Garavani, fundador da grife Valentino, morre aos 93 anos e deixa legado hist\u00f3rico na moda mundial.\" \/>\n<meta property=\"og:url\" content=\"https:\/\/ellotv.com.br\/site\/2026\/01\/19\/valentino-garavani-morre-aos-93-anos-e-deixa-legado-eterno-na-moda-mundial\/\" \/>\n<meta property=\"og:site_name\" content=\"Ello TV\" \/>\n<meta property=\"article:published_time\" content=\"2026-01-19T20:44:27+00:00\" \/>\n<meta property=\"og:image\" content=\"https:\/\/ellotv.com.br\/site\/wp-content\/uploads\/2026\/01\/WhatsApp-Image-2026-01-19-at-17.38.47.jpeg\" \/>\n\t<meta property=\"og:image:width\" content=\"640\" \/>\n\t<meta property=\"og:image:height\" content=\"437\" \/>\n\t<meta property=\"og:image:type\" content=\"image\/jpeg\" \/>\n<meta name=\"author\" content=\"ELLO TV\" \/>\n<meta name=\"twitter:card\" content=\"summary_large_image\" \/>\n<meta name=\"twitter:label1\" content=\"Escrito por\" \/>\n\t<meta name=\"twitter:data1\" content=\"ELLO TV\" \/>\n\t<meta name=\"twitter:label2\" content=\"Est. tempo de leitura\" \/>\n\t<meta name=\"twitter:data2\" content=\"1 minuto\" \/>\n<script type=\"application\/ld+json\" class=\"yoast-schema-graph\">{\"@context\":\"https:\\\/\\\/schema.org\",\"@graph\":[{\"@type\":\"Article\",\"@id\":\"https:\\\/\\\/ellotv.com.br\\\/site\\\/2026\\\/01\\\/19\\\/valentino-garavani-morre-aos-93-anos-e-deixa-legado-eterno-na-moda-mundial\\\/#article\",\"isPartOf\":{\"@id\":\"https:\\\/\\\/ellotv.com.br\\\/site\\\/2026\\\/01\\\/19\\\/valentino-garavani-morre-aos-93-anos-e-deixa-legado-eterno-na-moda-mundial\\\/\"},\"author\":{\"name\":\"ELLO TV\",\"@id\":\"https:\\\/\\\/ellotv.com.br\\\/site\\\/#\\\/schema\\\/person\\\/2dbe3abaee38dcc7332fc8205cd2b15d\"},\"headline\":\"Valentino Garavani morre aos 93 anos e deixa legado eterno na moda mundial\",\"datePublished\":\"2026-01-19T20:44:27+00:00\",\"mainEntityOfPage\":{\"@id\":\"https:\\\/\\\/ellotv.com.br\\\/site\\\/2026\\\/01\\\/19\\\/valentino-garavani-morre-aos-93-anos-e-deixa-legado-eterno-na-moda-mundial\\\/\"},\"wordCount\":121,\"commentCount\":0,\"publisher\":{\"@id\":\"https:\\\/\\\/ellotv.com.br\\\/site\\\/#organization\"},\"image\":{\"@id\":\"https:\\\/\\\/ellotv.com.br\\\/site\\\/2026\\\/01\\\/19\\\/valentino-garavani-morre-aos-93-anos-e-deixa-legado-eterno-na-moda-mundial\\\/#primaryimage\"},\"thumbnailUrl\":\"https:\\\/\\\/ellotv.com.br\\\/site\\\/wp-content\\\/uploads\\\/2026\\\/01\\\/WhatsApp-Image-2026-01-19-at-17.38.47.jpeg\",\"articleSection\":[\"Mundo\",\"Noticias\"],\"inLanguage\":\"pt-BR\",\"potentialAction\":[{\"@type\":\"CommentAction\",\"name\":\"Comment\",\"target\":[\"https:\\\/\\\/ellotv.com.br\\\/site\\\/2026\\\/01\\\/19\\\/valentino-garavani-morre-aos-93-anos-e-deixa-legado-eterno-na-moda-mundial\\\/#respond\"]}]},{\"@type\":\"WebPage\",\"@id\":\"https:\\\/\\\/ellotv.com.br\\\/site\\\/2026\\\/01\\\/19\\\/valentino-garavani-morre-aos-93-anos-e-deixa-legado-eterno-na-moda-mundial\\\/\",\"url\":\"https:\\\/\\\/ellotv.com.br\\\/site\\\/2026\\\/01\\\/19\\\/valentino-garavani-morre-aos-93-anos-e-deixa-legado-eterno-na-moda-mundial\\\/\",\"name\":\"Valentino Garavani morre aos 93 anos e deixa legado eterno na moda mundial - Ello TV\",\"isPartOf\":{\"@id\":\"https:\\\/\\\/ellotv.com.br\\\/site\\\/#website\"},\"primaryImageOfPage\":{\"@id\":\"https:\\\/\\\/ellotv.com.br\\\/site\\\/2026\\\/01\\\/19\\\/valentino-garavani-morre-aos-93-anos-e-deixa-legado-eterno-na-moda-mundial\\\/#primaryimage\"},\"image\":{\"@id\":\"https:\\\/\\\/ellotv.com.br\\\/site\\\/2026\\\/01\\\/19\\\/valentino-garavani-morre-aos-93-anos-e-deixa-legado-eterno-na-moda-mundial\\\/#primaryimage\"},\"thumbnailUrl\":\"https:\\\/\\\/ellotv.com.br\\\/site\\\/wp-content\\\/uploads\\\/2026\\\/01\\\/WhatsApp-Image-2026-01-19-at-17.38.47.jpeg\",\"datePublished\":\"2026-01-19T20:44:27+00:00\",\"description\":\"Estilista italiano Valentino Garavani, fundador da grife Valentino, morre aos 93 anos e deixa legado hist\u00f3rico na moda mundial.\",\"breadcrumb\":{\"@id\":\"https:\\\/\\\/ellotv.com.br\\\/site\\\/2026\\\/01\\\/19\\\/valentino-garavani-morre-aos-93-anos-e-deixa-legado-eterno-na-moda-mundial\\\/#breadcrumb\"},\"inLanguage\":\"pt-BR\",\"potentialAction\":[{\"@type\":\"ReadAction\",\"target\":[\"https:\\\/\\\/ellotv.com.br\\\/site\\\/2026\\\/01\\\/19\\\/valentino-garavani-morre-aos-93-anos-e-deixa-legado-eterno-na-moda-mundial\\\/\"]}]},{\"@type\":\"ImageObject\",\"inLanguage\":\"pt-BR\",\"@id\":\"https:\\\/\\\/ellotv.com.br\\\/site\\\/2026\\\/01\\\/19\\\/valentino-garavani-morre-aos-93-anos-e-deixa-legado-eterno-na-moda-mundial\\\/#primaryimage\",\"url\":\"https:\\\/\\\/ellotv.com.br\\\/site\\\/wp-content\\\/uploads\\\/2026\\\/01\\\/WhatsApp-Image-2026-01-19-at-17.38.47.jpeg\",\"contentUrl\":\"https:\\\/\\\/ellotv.com.br\\\/site\\\/wp-content\\\/uploads\\\/2026\\\/01\\\/WhatsApp-Image-2026-01-19-at-17.38.47.jpeg\",\"width\":640,\"height\":437},{\"@type\":\"BreadcrumbList\",\"@id\":\"https:\\\/\\\/ellotv.com.br\\\/site\\\/2026\\\/01\\\/19\\\/valentino-garavani-morre-aos-93-anos-e-deixa-legado-eterno-na-moda-mundial\\\/#breadcrumb\",\"itemListElement\":[{\"@type\":\"ListItem\",\"position\":1,\"name\":\"In\u00edcio\",\"item\":\"https:\\\/\\\/ellotv.com.br\\\/site\\\/\"},{\"@type\":\"ListItem\",\"position\":2,\"name\":\"Valentino Garavani morre aos 93 anos e deixa legado eterno na moda mundial\"}]},{\"@type\":\"WebSite\",\"@id\":\"https:\\\/\\\/ellotv.com.br\\\/site\\\/#website\",\"url\":\"https:\\\/\\\/ellotv.com.br\\\/site\\\/\",\"name\":\"ELLO TV\",\"description\":\"\",\"publisher\":{\"@id\":\"https:\\\/\\\/ellotv.com.br\\\/site\\\/#organization\"},\"potentialAction\":[{\"@type\":\"SearchAction\",\"target\":{\"@type\":\"EntryPoint\",\"urlTemplate\":\"https:\\\/\\\/ellotv.com.br\\\/site\\\/?s={search_term_string}\"},\"query-input\":{\"@type\":\"PropertyValueSpecification\",\"valueRequired\":true,\"valueName\":\"search_term_string\"}}],\"inLanguage\":\"pt-BR\"},{\"@type\":\"Organization\",\"@id\":\"https:\\\/\\\/ellotv.com.br\\\/site\\\/#organization\",\"name\":\"ELLO TV\",\"url\":\"https:\\\/\\\/ellotv.com.br\\\/site\\\/\",\"logo\":{\"@type\":\"ImageObject\",\"inLanguage\":\"pt-BR\",\"@id\":\"https:\\\/\\\/ellotv.com.br\\\/site\\\/#\\\/schema\\\/logo\\\/image\\\/\",\"url\":\"https:\\\/\\\/ellotv.com.br\\\/site\\\/wp-content\\\/uploads\\\/2025\\\/11\\\/ello-logo-2.fw_.png\",\"contentUrl\":\"https:\\\/\\\/ellotv.com.br\\\/site\\\/wp-content\\\/uploads\\\/2025\\\/11\\\/ello-logo-2.fw_.png\",\"width\":400,\"height\":146,\"caption\":\"ELLO TV\"},\"image\":{\"@id\":\"https:\\\/\\\/ellotv.com.br\\\/site\\\/#\\\/schema\\\/logo\\\/image\\\/\"}},{\"@type\":\"Person\",\"@id\":\"https:\\\/\\\/ellotv.com.br\\\/site\\\/#\\\/schema\\\/person\\\/2dbe3abaee38dcc7332fc8205cd2b15d\",\"name\":\"ELLO TV\",\"image\":{\"@type\":\"ImageObject\",\"inLanguage\":\"pt-BR\",\"@id\":\"https:\\\/\\\/secure.gravatar.com\\\/avatar\\\/c38242b9da8ec217ac3f0aaee31a54f7d7befb11b2b47fdbc8fb0fad60afa1c6?s=96&d=mm&r=g\",\"url\":\"https:\\\/\\\/secure.gravatar.com\\\/avatar\\\/c38242b9da8ec217ac3f0aaee31a54f7d7befb11b2b47fdbc8fb0fad60afa1c6?s=96&d=mm&r=g\",\"contentUrl\":\"https:\\\/\\\/secure.gravatar.com\\\/avatar\\\/c38242b9da8ec217ac3f0aaee31a54f7d7befb11b2b47fdbc8fb0fad60afa1c6?s=96&d=mm&r=g\",\"caption\":\"ELLO TV\"},\"url\":\"https:\\\/\\\/ellotv.com.br\\\/site\\\/author\\\/elloagencia\\\/\"}]}<\/script>\n<!-- \/ Yoast SEO plugin. -->","yoast_head_json":{"title":"Valentino Garavani morre aos 93 anos e deixa legado eterno na moda mundial - Ello TV","description":"Estilista italiano Valentino Garavani, fundador da grife Valentino, morre aos 93 anos e deixa legado hist\u00f3rico na moda mundial.","robots":{"index":"index","follow":"follow","max-snippet":"max-snippet:-1","max-image-preview":"max-image-preview:large","max-video-preview":"max-video-preview:-1"},"canonical":"https:\/\/ellotv.com.br\/site\/2026\/01\/19\/valentino-garavani-morre-aos-93-anos-e-deixa-legado-eterno-na-moda-mundial\/","og_locale":"pt_BR","og_type":"article","og_title":"Valentino Garavani morre aos 93 anos e deixa legado eterno na moda mundial - Ello TV","og_description":"Estilista italiano Valentino Garavani, fundador da grife Valentino, morre aos 93 anos e deixa legado hist\u00f3rico na moda mundial.","og_url":"https:\/\/ellotv.com.br\/site\/2026\/01\/19\/valentino-garavani-morre-aos-93-anos-e-deixa-legado-eterno-na-moda-mundial\/","og_site_name":"Ello TV","article_published_time":"2026-01-19T20:44:27+00:00","og_image":[{"width":640,"height":437,"url":"https:\/\/ellotv.com.br\/site\/wp-content\/uploads\/2026\/01\/WhatsApp-Image-2026-01-19-at-17.38.47.jpeg","type":"image\/jpeg"}],"author":"ELLO TV","twitter_card":"summary_large_image","twitter_misc":{"Escrito por":"ELLO TV","Est. tempo de leitura":"1 minuto"},"schema":{"@context":"https:\/\/schema.org","@graph":[{"@type":"Article","@id":"https:\/\/ellotv.com.br\/site\/2026\/01\/19\/valentino-garavani-morre-aos-93-anos-e-deixa-legado-eterno-na-moda-mundial\/#article","isPartOf":{"@id":"https:\/\/ellotv.com.br\/site\/2026\/01\/19\/valentino-garavani-morre-aos-93-anos-e-deixa-legado-eterno-na-moda-mundial\/"},"author":{"name":"ELLO TV","@id":"https:\/\/ellotv.com.br\/site\/#\/schema\/person\/2dbe3abaee38dcc7332fc8205cd2b15d"},"headline":"Valentino Garavani morre aos 93 anos e deixa legado eterno na moda mundial","datePublished":"2026-01-19T20:44:27+00:00","mainEntityOfPage":{"@id":"https:\/\/ellotv.com.br\/site\/2026\/01\/19\/valentino-garavani-morre-aos-93-anos-e-deixa-legado-eterno-na-moda-mundial\/"},"wordCount":121,"commentCount":0,"publisher":{"@id":"https:\/\/ellotv.com.br\/site\/#organization"},"image":{"@id":"https:\/\/ellotv.com.br\/site\/2026\/01\/19\/valentino-garavani-morre-aos-93-anos-e-deixa-legado-eterno-na-moda-mundial\/#primaryimage"},"thumbnailUrl":"https:\/\/ellotv.com.br\/site\/wp-content\/uploads\/2026\/01\/WhatsApp-Image-2026-01-19-at-17.38.47.jpeg","articleSection":["Mundo","Noticias"],"inLanguage":"pt-BR","potentialAction":[{"@type":"CommentAction","name":"Comment","target":["https:\/\/ellotv.com.br\/site\/2026\/01\/19\/valentino-garavani-morre-aos-93-anos-e-deixa-legado-eterno-na-moda-mundial\/#respond"]}]},{"@type":"WebPage","@id":"https:\/\/ellotv.com.br\/site\/2026\/01\/19\/valentino-garavani-morre-aos-93-anos-e-deixa-legado-eterno-na-moda-mundial\/","url":"https:\/\/ellotv.com.br\/site\/2026\/01\/19\/valentino-garavani-morre-aos-93-anos-e-deixa-legado-eterno-na-moda-mundial\/","name":"Valentino Garavani morre aos 93 anos e deixa legado eterno na moda mundial - Ello TV","isPartOf":{"@id":"https:\/\/ellotv.com.br\/site\/#website"},"primaryImageOfPage":{"@id":"https:\/\/ellotv.com.br\/site\/2026\/01\/19\/valentino-garavani-morre-aos-93-anos-e-deixa-legado-eterno-na-moda-mundial\/#primaryimage"},"image":{"@id":"https:\/\/ellotv.com.br\/site\/2026\/01\/19\/valentino-garavani-morre-aos-93-anos-e-deixa-legado-eterno-na-moda-mundial\/#primaryimage"},"thumbnailUrl":"https:\/\/ellotv.com.br\/site\/wp-content\/uploads\/2026\/01\/WhatsApp-Image-2026-01-19-at-17.38.47.jpeg","datePublished":"2026-01-19T20:44:27+00:00","description":"Estilista italiano Valentino Garavani, fundador da grife Valentino, morre aos 93 anos e deixa legado hist\u00f3rico na moda mundial.","breadcrumb":{"@id":"https:\/\/ellotv.com.br\/site\/2026\/01\/19\/valentino-garavani-morre-aos-93-anos-e-deixa-legado-eterno-na-moda-mundial\/#breadcrumb"},"inLanguage":"pt-BR","potentialAction":[{"@type":"ReadAction","target":["https:\/\/ellotv.com.br\/site\/2026\/01\/19\/valentino-garavani-morre-aos-93-anos-e-deixa-legado-eterno-na-moda-mundial\/"]}]},{"@type":"ImageObject","inLanguage":"pt-BR","@id":"https:\/\/ellotv.com.br\/site\/2026\/01\/19\/valentino-garavani-morre-aos-93-anos-e-deixa-legado-eterno-na-moda-mundial\/#primaryimage","url":"https:\/\/ellotv.com.br\/site\/wp-content\/uploads\/2026\/01\/WhatsApp-Image-2026-01-19-at-17.38.47.jpeg","contentUrl":"https:\/\/ellotv.com.br\/site\/wp-content\/uploads\/2026\/01\/WhatsApp-Image-2026-01-19-at-17.38.47.jpeg","width":640,"height":437},{"@type":"BreadcrumbList","@id":"https:\/\/ellotv.com.br\/site\/2026\/01\/19\/valentino-garavani-morre-aos-93-anos-e-deixa-legado-eterno-na-moda-mundial\/#breadcrumb","itemListElement":[{"@type":"ListItem","position":1,"name":"In\u00edcio","item":"https:\/\/ellotv.com.br\/site\/"},{"@type":"ListItem","position":2,"name":"Valentino Garavani morre aos 93 anos e deixa legado eterno na moda mundial"}]},{"@type":"WebSite","@id":"https:\/\/ellotv.com.br\/site\/#website","url":"https:\/\/ellotv.com.br\/site\/","name":"ELLO TV","description":"","publisher":{"@id":"https:\/\/ellotv.com.br\/site\/#organization"},"potentialAction":[{"@type":"SearchAction","target":{"@type":"EntryPoint","urlTemplate":"https:\/\/ellotv.com.br\/site\/?s={search_term_string}"},"query-input":{"@type":"PropertyValueSpecification","valueRequired":true,"valueName":"search_term_string"}}],"inLanguage":"pt-BR"},{"@type":"Organization","@id":"https:\/\/ellotv.com.br\/site\/#organization","name":"ELLO TV","url":"https:\/\/ellotv.com.br\/site\/","logo":{"@type":"ImageObject","inLanguage":"pt-BR","@id":"https:\/\/ellotv.com.br\/site\/#\/schema\/logo\/image\/","url":"https:\/\/ellotv.com.br\/site\/wp-content\/uploads\/2025\/11\/ello-logo-2.fw_.png","contentUrl":"https:\/\/ellotv.com.br\/site\/wp-content\/uploads\/2025\/11\/ello-logo-2.fw_.png","width":400,"height":146,"caption":"ELLO TV"},"image":{"@id":"https:\/\/ellotv.com.br\/site\/#\/schema\/logo\/image\/"}},{"@type":"Person","@id":"https:\/\/ellotv.com.br\/site\/#\/schema\/person\/2dbe3abaee38dcc7332fc8205cd2b15d","name":"ELLO TV","image":{"@type":"ImageObject","inLanguage":"pt-BR","@id":"https:\/\/secure.gravatar.com\/avatar\/c38242b9da8ec217ac3f0aaee31a54f7d7befb11b2b47fdbc8fb0fad60afa1c6?s=96&d=mm&r=g","url":"https:\/\/secure.gravatar.com\/avatar\/c38242b9da8ec217ac3f0aaee31a54f7d7befb11b2b47fdbc8fb0fad60afa1c6?s=96&d=mm&r=g","contentUrl":"https:\/\/secure.gravatar.com\/avatar\/c38242b9da8ec217ac3f0aaee31a54f7d7befb11b2b47fdbc8fb0fad60afa1c6?s=96&d=mm&r=g","caption":"ELLO TV"},"url":"https:\/\/ellotv.com.br\/site\/author\/elloagencia\/"}]}},"featured_image_urls":{"full":["https:\/\/ellotv.com.br\/site\/wp-content\/uploads\/2026\/01\/WhatsApp-Image-2026-01-19-at-17.38.47.jpeg",640,437,false],"thumbnail":["https:\/\/ellotv.com.br\/site\/wp-content\/uploads\/2026\/01\/WhatsApp-Image-2026-01-19-at-17.38.47-150x150.jpeg",150,150,true],"medium":["https:\/\/ellotv.com.br\/site\/wp-content\/uploads\/2026\/01\/WhatsApp-Image-2026-01-19-at-17.38.47-300x205.jpeg",300,205,true],"medium_large":["https:\/\/ellotv.com.br\/site\/wp-content\/uploads\/2026\/01\/WhatsApp-Image-2026-01-19-at-17.38.47.jpeg",640,437,false],"large":["https:\/\/ellotv.com.br\/site\/wp-content\/uploads\/2026\/01\/WhatsApp-Image-2026-01-19-at-17.38.47.jpeg",640,437,false],"1536x1536":["https:\/\/ellotv.com.br\/site\/wp-content\/uploads\/2026\/01\/WhatsApp-Image-2026-01-19-at-17.38.47.jpeg",640,437,false],"2048x2048":["https:\/\/ellotv.com.br\/site\/wp-content\/uploads\/2026\/01\/WhatsApp-Image-2026-01-19-at-17.38.47.jpeg",640,437,false],"darknews-slider-full":["https:\/\/ellotv.com.br\/site\/wp-content\/uploads\/2026\/01\/WhatsApp-Image-2026-01-19-at-17.38.47.jpeg",640,437,false],"darknews-featured":["https:\/\/ellotv.com.br\/site\/wp-content\/uploads\/2026\/01\/WhatsApp-Image-2026-01-19-at-17.38.47.jpeg",640,437,false],"darknews-medium":["https:\/\/ellotv.com.br\/site\/wp-content\/uploads\/2026\/01\/WhatsApp-Image-2026-01-19-at-17.38.47.jpeg",640,437,false],"darknews-medium-square":["https:\/\/ellotv.com.br\/site\/wp-content\/uploads\/2026\/01\/WhatsApp-Image-2026-01-19-at-17.38.47-350x350.jpeg",350,350,true]},"author_info":{"info":["ELLO TV"]},"category_info":"<a href=\"https:\/\/ellotv.com.br\/site\/category\/mundo\/\" rel=\"category tag\">Mundo<\/a> <a href=\"https:\/\/ellotv.com.br\/site\/category\/noticias\/\" rel=\"category tag\">Noticias<\/a>","tag_info":"Noticias","comment_count":"0","_links":{"self":[{"href":"https:\/\/ellotv.com.br\/site\/wp-json\/wp\/v2\/posts\/4499","targetHints":{"allow":["GET"]}}],"collection":[{"href":"https:\/\/ellotv.com.br\/site\/wp-json\/wp\/v2\/posts"}],"about":[{"href":"https:\/\/ellotv.com.br\/site\/wp-json\/wp\/v2\/types\/post"}],"author":[{"embeddable":true,"href":"https:\/\/ellotv.com.br\/site\/wp-json\/wp\/v2\/users\/2"}],"replies":[{"embeddable":true,"href":"https:\/\/ellotv.com.br\/site\/wp-json\/wp\/v2\/comments?post=4499"}],"version-history":[{"count":1,"href":"https:\/\/ellotv.com.br\/site\/wp-json\/wp\/v2\/posts\/4499\/revisions"}],"predecessor-version":[{"id":4501,"href":"https:\/\/ellotv.com.br\/site\/wp-json\/wp\/v2\/posts\/4499\/revisions\/4501"}],"wp:featuredmedia":[{"embeddable":true,"href":"https:\/\/ellotv.com.br\/site\/wp-json\/wp\/v2\/media\/4500"}],"wp:attachment":[{"href":"https:\/\/ellotv.com.br\/site\/wp-json\/wp\/v2\/media?parent=4499"}],"wp:term":[{"taxonomy":"category","embeddable":true,"href":"https:\/\/ellotv.com.br\/site\/wp-json\/wp\/v2\/categories?post=4499"},{"taxonomy":"post_tag","embeddable":true,"href":"https:\/\/ellotv.com.br\/site\/wp-json\/wp\/v2\/tags?post=4499"}],"curies":[{"name":"wp","href":"https:\/\/api.w.org\/{rel}","templated":true}]}}