{"id":4525,"date":"2026-01-20T15:26:16","date_gmt":"2026-01-20T18:26:16","guid":{"rendered":"https:\/\/ellotv.com.br\/site\/?p=4525"},"modified":"2026-01-20T15:26:16","modified_gmt":"2026-01-20T18:26:16","slug":"workshop-presencial-capacita-profissionais-em-principios-tecnicos-de-led-em-sao-jose-do-egito","status":"publish","type":"post","link":"https:\/\/ellotv.com.br\/site\/2026\/01\/20\/workshop-presencial-capacita-profissionais-em-principios-tecnicos-de-led-em-sao-jose-do-egito\/","title":{"rendered":"Workshop Presencial capacita profissionais em Princ\u00edpios T\u00e9cnicos de LED em S\u00e3o Jos\u00e9 do Egito"},"content":{"rendered":"<p>Entre os dias 26 e 29 de janeiro, S\u00e3o Jos\u00e9 do Egito recebe o Workshop Presencial | Princ\u00edpios T\u00e9cnicos de LED, um treinamento t\u00e9cnico voltado para profissionais que desejam dominar a opera\u00e7\u00e3o e configura\u00e7\u00e3o de pain\u00e9is de LED, do n\u00edvel b\u00e1sico ao avan\u00e7ado. O evento ser\u00e1 realizado no Clube do Binhas, reunindo aprendizado pr\u00e1tico, conte\u00fado especializado e networking com profissionais da \u00e1rea.<\/p>\n<p>Durante o workshop, os participantes ter\u00e3o acesso a conceitos essenciais da estrutura f\u00edsica dos gabinetes, compreens\u00e3o da estrutura l\u00f3gica dos sistemas, al\u00e9m de configura\u00e7\u00f5es de telas, gerenciamento de grandes resolu\u00e7\u00f5es e pr\u00e1ticas com plataformas amplamente utilizadas no mercado, como LINSN e NovaStar, incluindo Input\/Output Mapping.<\/p>\n<p>Com uma proposta pr\u00e1tica e objetiva, o treinamento busca preparar os profissionais para os desafios reais do mercado, ampliando o conhecimento t\u00e9cnico e gerando novas oportunidades de atua\u00e7\u00e3o em eventos, instala\u00e7\u00f5es e projetos com pain\u00e9is de LED.<\/p>\n<p>Al\u00e9m do conte\u00fado t\u00e9cnico aprofundado, o workshop tamb\u00e9m se destaca como um espa\u00e7o de troca de experi\u00eancias e networking, fortalecendo conex\u00f5es entre profissionais que atuam ou desejam atuar no segmento.<\/p>\n<p>\ud83d\udccd Local: Clube do Binhas<br \/>\n\ud83d\udccc Cidade: S\u00e3o Jos\u00e9 do Egito<br \/>\n\ud83d\udcc5 Data: 26 a 29 de janeiro<br \/>\n\ud83d\udd27 Conte\u00fado t\u00e9cnico<br \/>\n\ud83d\udcda Aprendizado pr\u00e1tico<br \/>\n\ud83e\udd1d Networking profissional<br \/>\n\ud83d\udcc8 Conhecimento que gera oportunidade<\/p>\n<p>As vagas s\u00e3o limitadas. Para mais informa\u00e7\u00f5es e inscri\u00e7\u00f5es, os interessados devem entrar em contato pelo telefone (11) 96669-1987.<br \/>\n\u26a0\ufe0f Garanta sua vaga e d\u00ea o pr\u00f3ximo passo na sua carreira profissional.<\/p>\n<p>&nbsp;<\/p>\n<p><img fetchpriority=\"high\" decoding=\"async\" class=\"alignnone wp-image-4527 size-full\" src=\"https:\/\/ellotv.com.br\/site\/wp-content\/uploads\/2026\/01\/WhatsApp-Image-2026-01-20-at-15.23.10-1.jpeg\" alt=\"\" width=\"1290\" height=\"1592\" srcset=\"https:\/\/ellotv.com.br\/site\/wp-content\/uploads\/2026\/01\/WhatsApp-Image-2026-01-20-at-15.23.10-1.jpeg 1290w, https:\/\/ellotv.com.br\/site\/wp-content\/uploads\/2026\/01\/WhatsApp-Image-2026-01-20-at-15.23.10-1-243x300.jpeg 243w, https:\/\/ellotv.com.br\/site\/wp-content\/uploads\/2026\/01\/WhatsApp-Image-2026-01-20-at-15.23.10-1-830x1024.jpeg 830w, https:\/\/ellotv.com.br\/site\/wp-content\/uploads\/2026\/01\/WhatsApp-Image-2026-01-20-at-15.23.10-1-768x948.jpeg 768w, https:\/\/ellotv.com.br\/site\/wp-content\/uploads\/2026\/01\/WhatsApp-Image-2026-01-20-at-15.23.10-1-1245x1536.jpeg 1245w, https:\/\/ellotv.com.br\/site\/wp-content\/uploads\/2026\/01\/WhatsApp-Image-2026-01-20-at-15.23.10-1-1024x1264.jpeg 1024w\" sizes=\"(max-width: 1290px) 100vw, 1290px\" \/><\/p>\n","protected":false},"excerpt":{"rendered":"<p>Entre os dias 26 e 29 de janeiro, S\u00e3o Jos\u00e9 do Egito recebe o Workshop Presencial | Princ\u00edpios<\/p>\n","protected":false},"author":2,"featured_media":4526,"comment_status":"open","ping_status":"open","sticky":false,"template":"","format":"standard","meta":{"footnotes":""},"categories":[12,9],"tags":[],"class_list":["post-4525","post","type-post","status-publish","format-standard","has-post-thumbnail","hentry","category-noticias","category-regional"],"yoast_head":"<!-- This site is optimized with the Yoast SEO plugin v28.3 - https:\/\/yoast.com\/product\/yoast-seo-wordpress\/ -->\n<title>Workshop Presencial capacita profissionais em Princ\u00edpios T\u00e9cnicos de LED em S\u00e3o Jos\u00e9 do Egito - Ello TV<\/title>\n<meta name=\"description\" content=\"Workshop presencial sobre pain\u00e9is de LED acontece de 26 a 29 de janeiro em S\u00e3o Jos\u00e9 do Egito, com forma\u00e7\u00e3o t\u00e9cnica do b\u00e1sico ao avan\u00e7ado.\" \/>\n<meta name=\"robots\" content=\"index, follow, max-snippet:-1, max-image-preview:large, max-video-preview:-1\" \/>\n<link rel=\"canonical\" href=\"https:\/\/ellotv.com.br\/site\/2026\/01\/20\/workshop-presencial-capacita-profissionais-em-principios-tecnicos-de-led-em-sao-jose-do-egito\/\" \/>\n<meta property=\"og:locale\" content=\"pt_BR\" \/>\n<meta property=\"og:type\" content=\"article\" \/>\n<meta property=\"og:title\" content=\"Workshop Presencial capacita profissionais em Princ\u00edpios T\u00e9cnicos de LED em S\u00e3o Jos\u00e9 do Egito - Ello TV\" \/>\n<meta property=\"og:description\" content=\"Workshop presencial sobre pain\u00e9is de LED acontece de 26 a 29 de janeiro em S\u00e3o Jos\u00e9 do Egito, com forma\u00e7\u00e3o t\u00e9cnica do b\u00e1sico ao avan\u00e7ado.\" \/>\n<meta property=\"og:url\" content=\"https:\/\/ellotv.com.br\/site\/2026\/01\/20\/workshop-presencial-capacita-profissionais-em-principios-tecnicos-de-led-em-sao-jose-do-egito\/\" \/>\n<meta property=\"og:site_name\" content=\"Ello TV\" \/>\n<meta property=\"article:published_time\" content=\"2026-01-20T18:26:16+00:00\" \/>\n<meta property=\"og:image\" content=\"https:\/\/ellotv.com.br\/site\/wp-content\/uploads\/2026\/01\/WhatsApp-Image-2026-01-20-at-15.23.10.jpeg\" \/>\n\t<meta property=\"og:image:width\" content=\"1290\" \/>\n\t<meta property=\"og:image:height\" content=\"1585\" \/>\n\t<meta property=\"og:image:type\" content=\"image\/jpeg\" \/>\n<meta name=\"author\" content=\"ELLO TV\" \/>\n<meta name=\"twitter:card\" content=\"summary_large_image\" \/>\n<meta name=\"twitter:label1\" content=\"Escrito por\" \/>\n\t<meta name=\"twitter:data1\" content=\"ELLO TV\" \/>\n\t<meta name=\"twitter:label2\" content=\"Est. tempo de leitura\" \/>\n\t<meta name=\"twitter:data2\" content=\"1 minuto\" \/>\n<script type=\"application\/ld+json\" class=\"yoast-schema-graph\">{\"@context\":\"https:\\\/\\\/schema.org\",\"@graph\":[{\"@type\":\"Article\",\"@id\":\"https:\\\/\\\/ellotv.com.br\\\/site\\\/2026\\\/01\\\/20\\\/workshop-presencial-capacita-profissionais-em-principios-tecnicos-de-led-em-sao-jose-do-egito\\\/#article\",\"isPartOf\":{\"@id\":\"https:\\\/\\\/ellotv.com.br\\\/site\\\/2026\\\/01\\\/20\\\/workshop-presencial-capacita-profissionais-em-principios-tecnicos-de-led-em-sao-jose-do-egito\\\/\"},\"author\":{\"name\":\"ELLO TV\",\"@id\":\"https:\\\/\\\/ellotv.com.br\\\/site\\\/#\\\/schema\\\/person\\\/2dbe3abaee38dcc7332fc8205cd2b15d\"},\"headline\":\"Workshop Presencial capacita profissionais em Princ\u00edpios T\u00e9cnicos de LED em S\u00e3o Jos\u00e9 do Egito\",\"datePublished\":\"2026-01-20T18:26:16+00:00\",\"mainEntityOfPage\":{\"@id\":\"https:\\\/\\\/ellotv.com.br\\\/site\\\/2026\\\/01\\\/20\\\/workshop-presencial-capacita-profissionais-em-principios-tecnicos-de-led-em-sao-jose-do-egito\\\/\"},\"wordCount\":283,\"commentCount\":0,\"publisher\":{\"@id\":\"https:\\\/\\\/ellotv.com.br\\\/site\\\/#organization\"},\"image\":{\"@id\":\"https:\\\/\\\/ellotv.com.br\\\/site\\\/2026\\\/01\\\/20\\\/workshop-presencial-capacita-profissionais-em-principios-tecnicos-de-led-em-sao-jose-do-egito\\\/#primaryimage\"},\"thumbnailUrl\":\"https:\\\/\\\/ellotv.com.br\\\/site\\\/wp-content\\\/uploads\\\/2026\\\/01\\\/WhatsApp-Image-2026-01-20-at-15.23.10.jpeg\",\"articleSection\":[\"Noticias\",\"Regional\"],\"inLanguage\":\"pt-BR\",\"potentialAction\":[{\"@type\":\"CommentAction\",\"name\":\"Comment\",\"target\":[\"https:\\\/\\\/ellotv.com.br\\\/site\\\/2026\\\/01\\\/20\\\/workshop-presencial-capacita-profissionais-em-principios-tecnicos-de-led-em-sao-jose-do-egito\\\/#respond\"]}]},{\"@type\":\"WebPage\",\"@id\":\"https:\\\/\\\/ellotv.com.br\\\/site\\\/2026\\\/01\\\/20\\\/workshop-presencial-capacita-profissionais-em-principios-tecnicos-de-led-em-sao-jose-do-egito\\\/\",\"url\":\"https:\\\/\\\/ellotv.com.br\\\/site\\\/2026\\\/01\\\/20\\\/workshop-presencial-capacita-profissionais-em-principios-tecnicos-de-led-em-sao-jose-do-egito\\\/\",\"name\":\"Workshop Presencial capacita profissionais em Princ\u00edpios T\u00e9cnicos de LED em S\u00e3o Jos\u00e9 do Egito - Ello TV\",\"isPartOf\":{\"@id\":\"https:\\\/\\\/ellotv.com.br\\\/site\\\/#website\"},\"primaryImageOfPage\":{\"@id\":\"https:\\\/\\\/ellotv.com.br\\\/site\\\/2026\\\/01\\\/20\\\/workshop-presencial-capacita-profissionais-em-principios-tecnicos-de-led-em-sao-jose-do-egito\\\/#primaryimage\"},\"image\":{\"@id\":\"https:\\\/\\\/ellotv.com.br\\\/site\\\/2026\\\/01\\\/20\\\/workshop-presencial-capacita-profissionais-em-principios-tecnicos-de-led-em-sao-jose-do-egito\\\/#primaryimage\"},\"thumbnailUrl\":\"https:\\\/\\\/ellotv.com.br\\\/site\\\/wp-content\\\/uploads\\\/2026\\\/01\\\/WhatsApp-Image-2026-01-20-at-15.23.10.jpeg\",\"datePublished\":\"2026-01-20T18:26:16+00:00\",\"description\":\"Workshop presencial sobre pain\u00e9is de LED acontece de 26 a 29 de janeiro em S\u00e3o Jos\u00e9 do Egito, com forma\u00e7\u00e3o t\u00e9cnica do b\u00e1sico ao avan\u00e7ado.\",\"breadcrumb\":{\"@id\":\"https:\\\/\\\/ellotv.com.br\\\/site\\\/2026\\\/01\\\/20\\\/workshop-presencial-capacita-profissionais-em-principios-tecnicos-de-led-em-sao-jose-do-egito\\\/#breadcrumb\"},\"inLanguage\":\"pt-BR\",\"potentialAction\":[{\"@type\":\"ReadAction\",\"target\":[\"https:\\\/\\\/ellotv.com.br\\\/site\\\/2026\\\/01\\\/20\\\/workshop-presencial-capacita-profissionais-em-principios-tecnicos-de-led-em-sao-jose-do-egito\\\/\"]}]},{\"@type\":\"ImageObject\",\"inLanguage\":\"pt-BR\",\"@id\":\"https:\\\/\\\/ellotv.com.br\\\/site\\\/2026\\\/01\\\/20\\\/workshop-presencial-capacita-profissionais-em-principios-tecnicos-de-led-em-sao-jose-do-egito\\\/#primaryimage\",\"url\":\"https:\\\/\\\/ellotv.com.br\\\/site\\\/wp-content\\\/uploads\\\/2026\\\/01\\\/WhatsApp-Image-2026-01-20-at-15.23.10.jpeg\",\"contentUrl\":\"https:\\\/\\\/ellotv.com.br\\\/site\\\/wp-content\\\/uploads\\\/2026\\\/01\\\/WhatsApp-Image-2026-01-20-at-15.23.10.jpeg\",\"width\":1290,\"height\":1585},{\"@type\":\"BreadcrumbList\",\"@id\":\"https:\\\/\\\/ellotv.com.br\\\/site\\\/2026\\\/01\\\/20\\\/workshop-presencial-capacita-profissionais-em-principios-tecnicos-de-led-em-sao-jose-do-egito\\\/#breadcrumb\",\"itemListElement\":[{\"@type\":\"ListItem\",\"position\":1,\"name\":\"In\u00edcio\",\"item\":\"https:\\\/\\\/ellotv.com.br\\\/site\\\/\"},{\"@type\":\"ListItem\",\"position\":2,\"name\":\"Workshop Presencial capacita profissionais em Princ\u00edpios T\u00e9cnicos de LED em S\u00e3o Jos\u00e9 do Egito\"}]},{\"@type\":\"WebSite\",\"@id\":\"https:\\\/\\\/ellotv.com.br\\\/site\\\/#website\",\"url\":\"https:\\\/\\\/ellotv.com.br\\\/site\\\/\",\"name\":\"ELLO TV\",\"description\":\"\",\"publisher\":{\"@id\":\"https:\\\/\\\/ellotv.com.br\\\/site\\\/#organization\"},\"potentialAction\":[{\"@type\":\"SearchAction\",\"target\":{\"@type\":\"EntryPoint\",\"urlTemplate\":\"https:\\\/\\\/ellotv.com.br\\\/site\\\/?s={search_term_string}\"},\"query-input\":{\"@type\":\"PropertyValueSpecification\",\"valueRequired\":true,\"valueName\":\"search_term_string\"}}],\"inLanguage\":\"pt-BR\"},{\"@type\":\"Organization\",\"@id\":\"https:\\\/\\\/ellotv.com.br\\\/site\\\/#organization\",\"name\":\"ELLO TV\",\"url\":\"https:\\\/\\\/ellotv.com.br\\\/site\\\/\",\"logo\":{\"@type\":\"ImageObject\",\"inLanguage\":\"pt-BR\",\"@id\":\"https:\\\/\\\/ellotv.com.br\\\/site\\\/#\\\/schema\\\/logo\\\/image\\\/\",\"url\":\"https:\\\/\\\/ellotv.com.br\\\/site\\\/wp-content\\\/uploads\\\/2025\\\/11\\\/ello-logo-2.fw_.png\",\"contentUrl\":\"https:\\\/\\\/ellotv.com.br\\\/site\\\/wp-content\\\/uploads\\\/2025\\\/11\\\/ello-logo-2.fw_.png\",\"width\":400,\"height\":146,\"caption\":\"ELLO TV\"},\"image\":{\"@id\":\"https:\\\/\\\/ellotv.com.br\\\/site\\\/#\\\/schema\\\/logo\\\/image\\\/\"}},{\"@type\":\"Person\",\"@id\":\"https:\\\/\\\/ellotv.com.br\\\/site\\\/#\\\/schema\\\/person\\\/2dbe3abaee38dcc7332fc8205cd2b15d\",\"name\":\"ELLO TV\",\"image\":{\"@type\":\"ImageObject\",\"inLanguage\":\"pt-BR\",\"@id\":\"https:\\\/\\\/secure.gravatar.com\\\/avatar\\\/c38242b9da8ec217ac3f0aaee31a54f7d7befb11b2b47fdbc8fb0fad60afa1c6?s=96&d=mm&r=g\",\"url\":\"https:\\\/\\\/secure.gravatar.com\\\/avatar\\\/c38242b9da8ec217ac3f0aaee31a54f7d7befb11b2b47fdbc8fb0fad60afa1c6?s=96&d=mm&r=g\",\"contentUrl\":\"https:\\\/\\\/secure.gravatar.com\\\/avatar\\\/c38242b9da8ec217ac3f0aaee31a54f7d7befb11b2b47fdbc8fb0fad60afa1c6?s=96&d=mm&r=g\",\"caption\":\"ELLO TV\"},\"url\":\"https:\\\/\\\/ellotv.com.br\\\/site\\\/author\\\/elloagencia\\\/\"}]}<\/script>\n<!-- \/ Yoast SEO plugin. -->","yoast_head_json":{"title":"Workshop Presencial capacita profissionais em Princ\u00edpios T\u00e9cnicos de LED em S\u00e3o Jos\u00e9 do Egito - Ello TV","description":"Workshop presencial sobre pain\u00e9is de LED acontece de 26 a 29 de janeiro em S\u00e3o Jos\u00e9 do Egito, com forma\u00e7\u00e3o t\u00e9cnica do b\u00e1sico ao avan\u00e7ado.","robots":{"index":"index","follow":"follow","max-snippet":"max-snippet:-1","max-image-preview":"max-image-preview:large","max-video-preview":"max-video-preview:-1"},"canonical":"https:\/\/ellotv.com.br\/site\/2026\/01\/20\/workshop-presencial-capacita-profissionais-em-principios-tecnicos-de-led-em-sao-jose-do-egito\/","og_locale":"pt_BR","og_type":"article","og_title":"Workshop Presencial capacita profissionais em Princ\u00edpios T\u00e9cnicos de LED em S\u00e3o Jos\u00e9 do Egito - Ello TV","og_description":"Workshop presencial sobre pain\u00e9is de LED acontece de 26 a 29 de janeiro em S\u00e3o Jos\u00e9 do Egito, com forma\u00e7\u00e3o t\u00e9cnica do b\u00e1sico ao avan\u00e7ado.","og_url":"https:\/\/ellotv.com.br\/site\/2026\/01\/20\/workshop-presencial-capacita-profissionais-em-principios-tecnicos-de-led-em-sao-jose-do-egito\/","og_site_name":"Ello TV","article_published_time":"2026-01-20T18:26:16+00:00","og_image":[{"width":1290,"height":1585,"url":"https:\/\/ellotv.com.br\/site\/wp-content\/uploads\/2026\/01\/WhatsApp-Image-2026-01-20-at-15.23.10.jpeg","type":"image\/jpeg"}],"author":"ELLO TV","twitter_card":"summary_large_image","twitter_misc":{"Escrito por":"ELLO TV","Est. tempo de leitura":"1 minuto"},"schema":{"@context":"https:\/\/schema.org","@graph":[{"@type":"Article","@id":"https:\/\/ellotv.com.br\/site\/2026\/01\/20\/workshop-presencial-capacita-profissionais-em-principios-tecnicos-de-led-em-sao-jose-do-egito\/#article","isPartOf":{"@id":"https:\/\/ellotv.com.br\/site\/2026\/01\/20\/workshop-presencial-capacita-profissionais-em-principios-tecnicos-de-led-em-sao-jose-do-egito\/"},"author":{"name":"ELLO TV","@id":"https:\/\/ellotv.com.br\/site\/#\/schema\/person\/2dbe3abaee38dcc7332fc8205cd2b15d"},"headline":"Workshop Presencial capacita profissionais em Princ\u00edpios T\u00e9cnicos de LED em S\u00e3o Jos\u00e9 do Egito","datePublished":"2026-01-20T18:26:16+00:00","mainEntityOfPage":{"@id":"https:\/\/ellotv.com.br\/site\/2026\/01\/20\/workshop-presencial-capacita-profissionais-em-principios-tecnicos-de-led-em-sao-jose-do-egito\/"},"wordCount":283,"commentCount":0,"publisher":{"@id":"https:\/\/ellotv.com.br\/site\/#organization"},"image":{"@id":"https:\/\/ellotv.com.br\/site\/2026\/01\/20\/workshop-presencial-capacita-profissionais-em-principios-tecnicos-de-led-em-sao-jose-do-egito\/#primaryimage"},"thumbnailUrl":"https:\/\/ellotv.com.br\/site\/wp-content\/uploads\/2026\/01\/WhatsApp-Image-2026-01-20-at-15.23.10.jpeg","articleSection":["Noticias","Regional"],"inLanguage":"pt-BR","potentialAction":[{"@type":"CommentAction","name":"Comment","target":["https:\/\/ellotv.com.br\/site\/2026\/01\/20\/workshop-presencial-capacita-profissionais-em-principios-tecnicos-de-led-em-sao-jose-do-egito\/#respond"]}]},{"@type":"WebPage","@id":"https:\/\/ellotv.com.br\/site\/2026\/01\/20\/workshop-presencial-capacita-profissionais-em-principios-tecnicos-de-led-em-sao-jose-do-egito\/","url":"https:\/\/ellotv.com.br\/site\/2026\/01\/20\/workshop-presencial-capacita-profissionais-em-principios-tecnicos-de-led-em-sao-jose-do-egito\/","name":"Workshop Presencial capacita profissionais em Princ\u00edpios T\u00e9cnicos de LED em S\u00e3o Jos\u00e9 do Egito - Ello TV","isPartOf":{"@id":"https:\/\/ellotv.com.br\/site\/#website"},"primaryImageOfPage":{"@id":"https:\/\/ellotv.com.br\/site\/2026\/01\/20\/workshop-presencial-capacita-profissionais-em-principios-tecnicos-de-led-em-sao-jose-do-egito\/#primaryimage"},"image":{"@id":"https:\/\/ellotv.com.br\/site\/2026\/01\/20\/workshop-presencial-capacita-profissionais-em-principios-tecnicos-de-led-em-sao-jose-do-egito\/#primaryimage"},"thumbnailUrl":"https:\/\/ellotv.com.br\/site\/wp-content\/uploads\/2026\/01\/WhatsApp-Image-2026-01-20-at-15.23.10.jpeg","datePublished":"2026-01-20T18:26:16+00:00","description":"Workshop presencial sobre pain\u00e9is de LED acontece de 26 a 29 de janeiro em S\u00e3o Jos\u00e9 do Egito, com forma\u00e7\u00e3o t\u00e9cnica do b\u00e1sico ao avan\u00e7ado.","breadcrumb":{"@id":"https:\/\/ellotv.com.br\/site\/2026\/01\/20\/workshop-presencial-capacita-profissionais-em-principios-tecnicos-de-led-em-sao-jose-do-egito\/#breadcrumb"},"inLanguage":"pt-BR","potentialAction":[{"@type":"ReadAction","target":["https:\/\/ellotv.com.br\/site\/2026\/01\/20\/workshop-presencial-capacita-profissionais-em-principios-tecnicos-de-led-em-sao-jose-do-egito\/"]}]},{"@type":"ImageObject","inLanguage":"pt-BR","@id":"https:\/\/ellotv.com.br\/site\/2026\/01\/20\/workshop-presencial-capacita-profissionais-em-principios-tecnicos-de-led-em-sao-jose-do-egito\/#primaryimage","url":"https:\/\/ellotv.com.br\/site\/wp-content\/uploads\/2026\/01\/WhatsApp-Image-2026-01-20-at-15.23.10.jpeg","contentUrl":"https:\/\/ellotv.com.br\/site\/wp-content\/uploads\/2026\/01\/WhatsApp-Image-2026-01-20-at-15.23.10.jpeg","width":1290,"height":1585},{"@type":"BreadcrumbList","@id":"https:\/\/ellotv.com.br\/site\/2026\/01\/20\/workshop-presencial-capacita-profissionais-em-principios-tecnicos-de-led-em-sao-jose-do-egito\/#breadcrumb","itemListElement":[{"@type":"ListItem","position":1,"name":"In\u00edcio","item":"https:\/\/ellotv.com.br\/site\/"},{"@type":"ListItem","position":2,"name":"Workshop Presencial capacita profissionais em Princ\u00edpios T\u00e9cnicos de LED em S\u00e3o Jos\u00e9 do Egito"}]},{"@type":"WebSite","@id":"https:\/\/ellotv.com.br\/site\/#website","url":"https:\/\/ellotv.com.br\/site\/","name":"ELLO TV","description":"","publisher":{"@id":"https:\/\/ellotv.com.br\/site\/#organization"},"potentialAction":[{"@type":"SearchAction","target":{"@type":"EntryPoint","urlTemplate":"https:\/\/ellotv.com.br\/site\/?s={search_term_string}"},"query-input":{"@type":"PropertyValueSpecification","valueRequired":true,"valueName":"search_term_string"}}],"inLanguage":"pt-BR"},{"@type":"Organization","@id":"https:\/\/ellotv.com.br\/site\/#organization","name":"ELLO TV","url":"https:\/\/ellotv.com.br\/site\/","logo":{"@type":"ImageObject","inLanguage":"pt-BR","@id":"https:\/\/ellotv.com.br\/site\/#\/schema\/logo\/image\/","url":"https:\/\/ellotv.com.br\/site\/wp-content\/uploads\/2025\/11\/ello-logo-2.fw_.png","contentUrl":"https:\/\/ellotv.com.br\/site\/wp-content\/uploads\/2025\/11\/ello-logo-2.fw_.png","width":400,"height":146,"caption":"ELLO TV"},"image":{"@id":"https:\/\/ellotv.com.br\/site\/#\/schema\/logo\/image\/"}},{"@type":"Person","@id":"https:\/\/ellotv.com.br\/site\/#\/schema\/person\/2dbe3abaee38dcc7332fc8205cd2b15d","name":"ELLO TV","image":{"@type":"ImageObject","inLanguage":"pt-BR","@id":"https:\/\/secure.gravatar.com\/avatar\/c38242b9da8ec217ac3f0aaee31a54f7d7befb11b2b47fdbc8fb0fad60afa1c6?s=96&d=mm&r=g","url":"https:\/\/secure.gravatar.com\/avatar\/c38242b9da8ec217ac3f0aaee31a54f7d7befb11b2b47fdbc8fb0fad60afa1c6?s=96&d=mm&r=g","contentUrl":"https:\/\/secure.gravatar.com\/avatar\/c38242b9da8ec217ac3f0aaee31a54f7d7befb11b2b47fdbc8fb0fad60afa1c6?s=96&d=mm&r=g","caption":"ELLO TV"},"url":"https:\/\/ellotv.com.br\/site\/author\/elloagencia\/"}]}},"featured_image_urls":{"full":["https:\/\/ellotv.com.br\/site\/wp-content\/uploads\/2026\/01\/WhatsApp-Image-2026-01-20-at-15.23.10.jpeg",1290,1585,false],"thumbnail":["https:\/\/ellotv.com.br\/site\/wp-content\/uploads\/2026\/01\/WhatsApp-Image-2026-01-20-at-15.23.10-150x150.jpeg",150,150,true],"medium":["https:\/\/ellotv.com.br\/site\/wp-content\/uploads\/2026\/01\/WhatsApp-Image-2026-01-20-at-15.23.10-244x300.jpeg",244,300,true],"medium_large":["https:\/\/ellotv.com.br\/site\/wp-content\/uploads\/2026\/01\/WhatsApp-Image-2026-01-20-at-15.23.10-768x944.jpeg",640,787,true],"large":["https:\/\/ellotv.com.br\/site\/wp-content\/uploads\/2026\/01\/WhatsApp-Image-2026-01-20-at-15.23.10-833x1024.jpeg",640,787,true],"1536x1536":["https:\/\/ellotv.com.br\/site\/wp-content\/uploads\/2026\/01\/WhatsApp-Image-2026-01-20-at-15.23.10-1250x1536.jpeg",1250,1536,true],"2048x2048":["https:\/\/ellotv.com.br\/site\/wp-content\/uploads\/2026\/01\/WhatsApp-Image-2026-01-20-at-15.23.10.jpeg",1290,1585,false],"darknews-slider-full":["https:\/\/ellotv.com.br\/site\/wp-content\/uploads\/2026\/01\/WhatsApp-Image-2026-01-20-at-15.23.10-1280x720.jpeg",1280,720,true],"darknews-featured":["https:\/\/ellotv.com.br\/site\/wp-content\/uploads\/2026\/01\/WhatsApp-Image-2026-01-20-at-15.23.10-1024x1258.jpeg",1024,1258,true],"darknews-medium":["https:\/\/ellotv.com.br\/site\/wp-content\/uploads\/2026\/01\/WhatsApp-Image-2026-01-20-at-15.23.10-720x530.jpeg",720,530,true],"darknews-medium-square":["https:\/\/ellotv.com.br\/site\/wp-content\/uploads\/2026\/01\/WhatsApp-Image-2026-01-20-at-15.23.10-350x350.jpeg",350,350,true]},"author_info":{"info":["ELLO TV"]},"category_info":"<a href=\"https:\/\/ellotv.com.br\/site\/category\/noticias\/\" rel=\"category tag\">Noticias<\/a> <a href=\"https:\/\/ellotv.com.br\/site\/category\/regional\/\" rel=\"category tag\">Regional<\/a>","tag_info":"Regional","comment_count":"0","_links":{"self":[{"href":"https:\/\/ellotv.com.br\/site\/wp-json\/wp\/v2\/posts\/4525","targetHints":{"allow":["GET"]}}],"collection":[{"href":"https:\/\/ellotv.com.br\/site\/wp-json\/wp\/v2\/posts"}],"about":[{"href":"https:\/\/ellotv.com.br\/site\/wp-json\/wp\/v2\/types\/post"}],"author":[{"embeddable":true,"href":"https:\/\/ellotv.com.br\/site\/wp-json\/wp\/v2\/users\/2"}],"replies":[{"embeddable":true,"href":"https:\/\/ellotv.com.br\/site\/wp-json\/wp\/v2\/comments?post=4525"}],"version-history":[{"count":1,"href":"https:\/\/ellotv.com.br\/site\/wp-json\/wp\/v2\/posts\/4525\/revisions"}],"predecessor-version":[{"id":4528,"href":"https:\/\/ellotv.com.br\/site\/wp-json\/wp\/v2\/posts\/4525\/revisions\/4528"}],"wp:featuredmedia":[{"embeddable":true,"href":"https:\/\/ellotv.com.br\/site\/wp-json\/wp\/v2\/media\/4526"}],"wp:attachment":[{"href":"https:\/\/ellotv.com.br\/site\/wp-json\/wp\/v2\/media?parent=4525"}],"wp:term":[{"taxonomy":"category","embeddable":true,"href":"https:\/\/ellotv.com.br\/site\/wp-json\/wp\/v2\/categories?post=4525"},{"taxonomy":"post_tag","embeddable":true,"href":"https:\/\/ellotv.com.br\/site\/wp-json\/wp\/v2\/tags?post=4525"}],"curies":[{"name":"wp","href":"https:\/\/api.w.org\/{rel}","templated":true}]}}