{"id":4538,"date":"2026-01-21T10:21:42","date_gmt":"2026-01-21T13:21:42","guid":{"rendered":"https:\/\/ellotv.com.br\/site\/?p=4538"},"modified":"2026-01-21T10:21:42","modified_gmt":"2026-01-21T13:21:42","slug":"projeto-de-lei-quer-limitar-atuacao-de-influenciadores-em-temas-sensiveis-e-exigir-qualificacao-tecnica","status":"publish","type":"post","link":"https:\/\/ellotv.com.br\/site\/2026\/01\/21\/projeto-de-lei-quer-limitar-atuacao-de-influenciadores-em-temas-sensiveis-e-exigir-qualificacao-tecnica\/","title":{"rendered":"Projeto de lei quer limitar atua\u00e7\u00e3o de influenciadores em temas sens\u00edveis e exigir qualifica\u00e7\u00e3o t\u00e9cnica"},"content":{"rendered":"<p>Est\u00e1 em tramita\u00e7\u00e3o no Congresso Nacional o Projeto de Lei 5990\/2025, que prop\u00f5e mudan\u00e7as significativas na forma como influenciadores digitais podem atuar em temas considerados sens\u00edveis e de risco direto ao p\u00fablico.<\/p>\n<p>A proposta estabelece que criadores de conte\u00fado s\u00f3 poder\u00e3o abordar assuntos como sa\u00fade, finan\u00e7as, apostas, consumo de \u00e1lcool e tabaco, al\u00e9m de temas ligados ao agroneg\u00f3cio \u2014 especialmente o uso de defensivos agr\u00edcolas \u2014 caso comprovem conhecimento t\u00e9cnico ou forma\u00e7\u00e3o adequada na \u00e1rea.<\/p>\n<p>O objetivo do projeto \u00e9 combater a dissemina\u00e7\u00e3o de desinforma\u00e7\u00e3o nas redes sociais, pr\u00e1tica que j\u00e1 resultou em casos de automedica\u00e7\u00e3o, preju\u00edzos financeiros e outros danos concretos aos seguidores.<\/p>\n<p>Al\u00e9m da exig\u00eancia de qualifica\u00e7\u00e3o, o texto do PL tamb\u00e9m refor\u00e7a a obrigatoriedade de transpar\u00eancia. Influenciadores dever\u00e3o informar de forma clara quando o conte\u00fado for publicit\u00e1rio, identificar quem est\u00e1 financiando a divulga\u00e7\u00e3o e alertar sobre poss\u00edveis riscos envolvidos no produto ou servi\u00e7o promovido.<\/p>\n<p>O descumprimento das regras pode gerar advert\u00eancia com prazo para corre\u00e7\u00e3o, aplica\u00e7\u00e3o de multas di\u00e1rias que podem chegar a R$ 50 mil e at\u00e9 a suspens\u00e3o das contas nas redes sociais por per\u00edodos de at\u00e9 90 dias, com possibilidade de renova\u00e7\u00e3o.<\/p>\n<p>Para o p\u00f3s-doutor em neuroci\u00eancias Dr. Fabiano de Abreu Agrela, o impacto da poss\u00edvel nova legisla\u00e7\u00e3o vai al\u00e9m da puni\u00e7\u00e3o aos criadores de conte\u00fado.<\/p>\n<p>\u201cAl\u00e9m dos riscos de pessoas sem forma\u00e7\u00e3o ou qualifica\u00e7\u00e3o induzirem o p\u00fablico ao erro em temas sens\u00edveis, isso prejudica a credibilidade de quem realmente tem base para falar sobre esses assuntos\u201d, afirma.<\/p>\n<p>Segundo o especialista, o funcionamento do c\u00e9rebro humano contribui para esse problema.<\/p>\n<p>\u201cO c\u00e9rebro tende a confiar em figuras recorrentes e carism\u00e1ticas, o que amplia muito o potencial de dano quando a informa\u00e7\u00e3o \u00e9 incorreta e faz com que conte\u00fados rasos ou desconexos viralizem com facilidade\u201d, explica.<\/p>\n<p>Caso seja aprovado, o projeto representa uma mudan\u00e7a importante na l\u00f3gica atual das redes sociais, que hoje privilegia alcance e engajamento, passando a colocar a qualifica\u00e7\u00e3o como crit\u00e9rio central para a produ\u00e7\u00e3o de conte\u00fado informativo.<\/p>\n","protected":false},"excerpt":{"rendered":"<p>Est\u00e1 em tramita\u00e7\u00e3o no Congresso Nacional o Projeto de Lei 5990\/2025, que prop\u00f5e mudan\u00e7as significativas na forma como<\/p>\n","protected":false},"author":2,"featured_media":4539,"comment_status":"open","ping_status":"open","sticky":false,"template":"","format":"standard","meta":{"footnotes":""},"categories":[8,12],"tags":[],"class_list":["post-4538","post","type-post","status-publish","format-standard","has-post-thumbnail","hentry","category-brasil","category-noticias"],"yoast_head":"<!-- This site is optimized with the Yoast SEO plugin v28.3 - https:\/\/yoast.com\/product\/yoast-seo-wordpress\/ -->\n<title>Projeto de lei quer limitar atua\u00e7\u00e3o de influenciadores em temas sens\u00edveis e exigir qualifica\u00e7\u00e3o t\u00e9cnica - Ello TV<\/title>\n<meta name=\"description\" content=\"Projeto de Lei em tramita\u00e7\u00e3o no Congresso prop\u00f5e exigir qualifica\u00e7\u00e3o t\u00e9cnica e transpar\u00eancia de influenciadores que abordam temas sens\u00edveis, como sa\u00fade, finan\u00e7as e apostas, com previs\u00e3o de multas e suspens\u00e3o de contas.\" \/>\n<meta name=\"robots\" content=\"index, follow, max-snippet:-1, max-image-preview:large, max-video-preview:-1\" \/>\n<link rel=\"canonical\" href=\"https:\/\/ellotv.com.br\/site\/2026\/01\/21\/projeto-de-lei-quer-limitar-atuacao-de-influenciadores-em-temas-sensiveis-e-exigir-qualificacao-tecnica\/\" \/>\n<meta property=\"og:locale\" content=\"pt_BR\" \/>\n<meta property=\"og:type\" content=\"article\" \/>\n<meta property=\"og:title\" content=\"Projeto de lei quer limitar atua\u00e7\u00e3o de influenciadores em temas sens\u00edveis e exigir qualifica\u00e7\u00e3o t\u00e9cnica - Ello TV\" \/>\n<meta property=\"og:description\" content=\"Projeto de Lei em tramita\u00e7\u00e3o no Congresso prop\u00f5e exigir qualifica\u00e7\u00e3o t\u00e9cnica e transpar\u00eancia de influenciadores que abordam temas sens\u00edveis, como sa\u00fade, finan\u00e7as e apostas, com previs\u00e3o de multas e suspens\u00e3o de contas.\" \/>\n<meta property=\"og:url\" content=\"https:\/\/ellotv.com.br\/site\/2026\/01\/21\/projeto-de-lei-quer-limitar-atuacao-de-influenciadores-em-temas-sensiveis-e-exigir-qualificacao-tecnica\/\" \/>\n<meta property=\"og:site_name\" content=\"Ello TV\" \/>\n<meta property=\"article:published_time\" content=\"2026-01-21T13:21:42+00:00\" \/>\n<meta property=\"og:image\" content=\"https:\/\/ellotv.com.br\/site\/wp-content\/uploads\/2026\/01\/WhatsApp-Image-2026-01-21-at-10.20.33.jpeg\" \/>\n\t<meta property=\"og:image:width\" content=\"1000\" \/>\n\t<meta property=\"og:image:height\" content=\"1500\" \/>\n\t<meta property=\"og:image:type\" content=\"image\/jpeg\" \/>\n<meta name=\"author\" content=\"ELLO TV\" \/>\n<meta name=\"twitter:card\" content=\"summary_large_image\" \/>\n<meta name=\"twitter:label1\" content=\"Escrito por\" \/>\n\t<meta name=\"twitter:data1\" content=\"ELLO TV\" \/>\n\t<meta name=\"twitter:label2\" content=\"Est. tempo de leitura\" \/>\n\t<meta name=\"twitter:data2\" content=\"2 minutos\" \/>\n<script type=\"application\/ld+json\" class=\"yoast-schema-graph\">{\"@context\":\"https:\\\/\\\/schema.org\",\"@graph\":[{\"@type\":\"Article\",\"@id\":\"https:\\\/\\\/ellotv.com.br\\\/site\\\/2026\\\/01\\\/21\\\/projeto-de-lei-quer-limitar-atuacao-de-influenciadores-em-temas-sensiveis-e-exigir-qualificacao-tecnica\\\/#article\",\"isPartOf\":{\"@id\":\"https:\\\/\\\/ellotv.com.br\\\/site\\\/2026\\\/01\\\/21\\\/projeto-de-lei-quer-limitar-atuacao-de-influenciadores-em-temas-sensiveis-e-exigir-qualificacao-tecnica\\\/\"},\"author\":{\"name\":\"ELLO TV\",\"@id\":\"https:\\\/\\\/ellotv.com.br\\\/site\\\/#\\\/schema\\\/person\\\/2dbe3abaee38dcc7332fc8205cd2b15d\"},\"headline\":\"Projeto de lei quer limitar atua\u00e7\u00e3o de influenciadores em temas sens\u00edveis e exigir qualifica\u00e7\u00e3o t\u00e9cnica\",\"datePublished\":\"2026-01-21T13:21:42+00:00\",\"mainEntityOfPage\":{\"@id\":\"https:\\\/\\\/ellotv.com.br\\\/site\\\/2026\\\/01\\\/21\\\/projeto-de-lei-quer-limitar-atuacao-de-influenciadores-em-temas-sensiveis-e-exigir-qualificacao-tecnica\\\/\"},\"wordCount\":399,\"commentCount\":0,\"publisher\":{\"@id\":\"https:\\\/\\\/ellotv.com.br\\\/site\\\/#organization\"},\"image\":{\"@id\":\"https:\\\/\\\/ellotv.com.br\\\/site\\\/2026\\\/01\\\/21\\\/projeto-de-lei-quer-limitar-atuacao-de-influenciadores-em-temas-sensiveis-e-exigir-qualificacao-tecnica\\\/#primaryimage\"},\"thumbnailUrl\":\"https:\\\/\\\/ellotv.com.br\\\/site\\\/wp-content\\\/uploads\\\/2026\\\/01\\\/WhatsApp-Image-2026-01-21-at-10.20.33.jpeg\",\"articleSection\":[\"Brasil\",\"Noticias\"],\"inLanguage\":\"pt-BR\",\"potentialAction\":[{\"@type\":\"CommentAction\",\"name\":\"Comment\",\"target\":[\"https:\\\/\\\/ellotv.com.br\\\/site\\\/2026\\\/01\\\/21\\\/projeto-de-lei-quer-limitar-atuacao-de-influenciadores-em-temas-sensiveis-e-exigir-qualificacao-tecnica\\\/#respond\"]}]},{\"@type\":\"WebPage\",\"@id\":\"https:\\\/\\\/ellotv.com.br\\\/site\\\/2026\\\/01\\\/21\\\/projeto-de-lei-quer-limitar-atuacao-de-influenciadores-em-temas-sensiveis-e-exigir-qualificacao-tecnica\\\/\",\"url\":\"https:\\\/\\\/ellotv.com.br\\\/site\\\/2026\\\/01\\\/21\\\/projeto-de-lei-quer-limitar-atuacao-de-influenciadores-em-temas-sensiveis-e-exigir-qualificacao-tecnica\\\/\",\"name\":\"Projeto de lei quer limitar atua\u00e7\u00e3o de influenciadores em temas sens\u00edveis e exigir qualifica\u00e7\u00e3o t\u00e9cnica - Ello TV\",\"isPartOf\":{\"@id\":\"https:\\\/\\\/ellotv.com.br\\\/site\\\/#website\"},\"primaryImageOfPage\":{\"@id\":\"https:\\\/\\\/ellotv.com.br\\\/site\\\/2026\\\/01\\\/21\\\/projeto-de-lei-quer-limitar-atuacao-de-influenciadores-em-temas-sensiveis-e-exigir-qualificacao-tecnica\\\/#primaryimage\"},\"image\":{\"@id\":\"https:\\\/\\\/ellotv.com.br\\\/site\\\/2026\\\/01\\\/21\\\/projeto-de-lei-quer-limitar-atuacao-de-influenciadores-em-temas-sensiveis-e-exigir-qualificacao-tecnica\\\/#primaryimage\"},\"thumbnailUrl\":\"https:\\\/\\\/ellotv.com.br\\\/site\\\/wp-content\\\/uploads\\\/2026\\\/01\\\/WhatsApp-Image-2026-01-21-at-10.20.33.jpeg\",\"datePublished\":\"2026-01-21T13:21:42+00:00\",\"description\":\"Projeto de Lei em tramita\u00e7\u00e3o no Congresso prop\u00f5e exigir qualifica\u00e7\u00e3o t\u00e9cnica e transpar\u00eancia de influenciadores que abordam temas sens\u00edveis, como sa\u00fade, finan\u00e7as e apostas, com previs\u00e3o de multas e suspens\u00e3o de contas.\",\"breadcrumb\":{\"@id\":\"https:\\\/\\\/ellotv.com.br\\\/site\\\/2026\\\/01\\\/21\\\/projeto-de-lei-quer-limitar-atuacao-de-influenciadores-em-temas-sensiveis-e-exigir-qualificacao-tecnica\\\/#breadcrumb\"},\"inLanguage\":\"pt-BR\",\"potentialAction\":[{\"@type\":\"ReadAction\",\"target\":[\"https:\\\/\\\/ellotv.com.br\\\/site\\\/2026\\\/01\\\/21\\\/projeto-de-lei-quer-limitar-atuacao-de-influenciadores-em-temas-sensiveis-e-exigir-qualificacao-tecnica\\\/\"]}]},{\"@type\":\"ImageObject\",\"inLanguage\":\"pt-BR\",\"@id\":\"https:\\\/\\\/ellotv.com.br\\\/site\\\/2026\\\/01\\\/21\\\/projeto-de-lei-quer-limitar-atuacao-de-influenciadores-em-temas-sensiveis-e-exigir-qualificacao-tecnica\\\/#primaryimage\",\"url\":\"https:\\\/\\\/ellotv.com.br\\\/site\\\/wp-content\\\/uploads\\\/2026\\\/01\\\/WhatsApp-Image-2026-01-21-at-10.20.33.jpeg\",\"contentUrl\":\"https:\\\/\\\/ellotv.com.br\\\/site\\\/wp-content\\\/uploads\\\/2026\\\/01\\\/WhatsApp-Image-2026-01-21-at-10.20.33.jpeg\",\"width\":1000,\"height\":1500},{\"@type\":\"BreadcrumbList\",\"@id\":\"https:\\\/\\\/ellotv.com.br\\\/site\\\/2026\\\/01\\\/21\\\/projeto-de-lei-quer-limitar-atuacao-de-influenciadores-em-temas-sensiveis-e-exigir-qualificacao-tecnica\\\/#breadcrumb\",\"itemListElement\":[{\"@type\":\"ListItem\",\"position\":1,\"name\":\"In\u00edcio\",\"item\":\"https:\\\/\\\/ellotv.com.br\\\/site\\\/\"},{\"@type\":\"ListItem\",\"position\":2,\"name\":\"Projeto de lei quer limitar atua\u00e7\u00e3o de influenciadores em temas sens\u00edveis e exigir qualifica\u00e7\u00e3o t\u00e9cnica\"}]},{\"@type\":\"WebSite\",\"@id\":\"https:\\\/\\\/ellotv.com.br\\\/site\\\/#website\",\"url\":\"https:\\\/\\\/ellotv.com.br\\\/site\\\/\",\"name\":\"ELLO TV\",\"description\":\"\",\"publisher\":{\"@id\":\"https:\\\/\\\/ellotv.com.br\\\/site\\\/#organization\"},\"potentialAction\":[{\"@type\":\"SearchAction\",\"target\":{\"@type\":\"EntryPoint\",\"urlTemplate\":\"https:\\\/\\\/ellotv.com.br\\\/site\\\/?s={search_term_string}\"},\"query-input\":{\"@type\":\"PropertyValueSpecification\",\"valueRequired\":true,\"valueName\":\"search_term_string\"}}],\"inLanguage\":\"pt-BR\"},{\"@type\":\"Organization\",\"@id\":\"https:\\\/\\\/ellotv.com.br\\\/site\\\/#organization\",\"name\":\"ELLO TV\",\"url\":\"https:\\\/\\\/ellotv.com.br\\\/site\\\/\",\"logo\":{\"@type\":\"ImageObject\",\"inLanguage\":\"pt-BR\",\"@id\":\"https:\\\/\\\/ellotv.com.br\\\/site\\\/#\\\/schema\\\/logo\\\/image\\\/\",\"url\":\"https:\\\/\\\/ellotv.com.br\\\/site\\\/wp-content\\\/uploads\\\/2025\\\/11\\\/ello-logo-2.fw_.png\",\"contentUrl\":\"https:\\\/\\\/ellotv.com.br\\\/site\\\/wp-content\\\/uploads\\\/2025\\\/11\\\/ello-logo-2.fw_.png\",\"width\":400,\"height\":146,\"caption\":\"ELLO TV\"},\"image\":{\"@id\":\"https:\\\/\\\/ellotv.com.br\\\/site\\\/#\\\/schema\\\/logo\\\/image\\\/\"}},{\"@type\":\"Person\",\"@id\":\"https:\\\/\\\/ellotv.com.br\\\/site\\\/#\\\/schema\\\/person\\\/2dbe3abaee38dcc7332fc8205cd2b15d\",\"name\":\"ELLO TV\",\"image\":{\"@type\":\"ImageObject\",\"inLanguage\":\"pt-BR\",\"@id\":\"https:\\\/\\\/secure.gravatar.com\\\/avatar\\\/c38242b9da8ec217ac3f0aaee31a54f7d7befb11b2b47fdbc8fb0fad60afa1c6?s=96&d=mm&r=g\",\"url\":\"https:\\\/\\\/secure.gravatar.com\\\/avatar\\\/c38242b9da8ec217ac3f0aaee31a54f7d7befb11b2b47fdbc8fb0fad60afa1c6?s=96&d=mm&r=g\",\"contentUrl\":\"https:\\\/\\\/secure.gravatar.com\\\/avatar\\\/c38242b9da8ec217ac3f0aaee31a54f7d7befb11b2b47fdbc8fb0fad60afa1c6?s=96&d=mm&r=g\",\"caption\":\"ELLO TV\"},\"url\":\"https:\\\/\\\/ellotv.com.br\\\/site\\\/author\\\/elloagencia\\\/\"}]}<\/script>\n<!-- \/ Yoast SEO plugin. -->","yoast_head_json":{"title":"Projeto de lei quer limitar atua\u00e7\u00e3o de influenciadores em temas sens\u00edveis e exigir qualifica\u00e7\u00e3o t\u00e9cnica - Ello TV","description":"Projeto de Lei em tramita\u00e7\u00e3o no Congresso prop\u00f5e exigir qualifica\u00e7\u00e3o t\u00e9cnica e transpar\u00eancia de influenciadores que abordam temas sens\u00edveis, como sa\u00fade, finan\u00e7as e apostas, com previs\u00e3o de multas e suspens\u00e3o de contas.","robots":{"index":"index","follow":"follow","max-snippet":"max-snippet:-1","max-image-preview":"max-image-preview:large","max-video-preview":"max-video-preview:-1"},"canonical":"https:\/\/ellotv.com.br\/site\/2026\/01\/21\/projeto-de-lei-quer-limitar-atuacao-de-influenciadores-em-temas-sensiveis-e-exigir-qualificacao-tecnica\/","og_locale":"pt_BR","og_type":"article","og_title":"Projeto de lei quer limitar atua\u00e7\u00e3o de influenciadores em temas sens\u00edveis e exigir qualifica\u00e7\u00e3o t\u00e9cnica - Ello TV","og_description":"Projeto de Lei em tramita\u00e7\u00e3o no Congresso prop\u00f5e exigir qualifica\u00e7\u00e3o t\u00e9cnica e transpar\u00eancia de influenciadores que abordam temas sens\u00edveis, como sa\u00fade, finan\u00e7as e apostas, com previs\u00e3o de multas e suspens\u00e3o de contas.","og_url":"https:\/\/ellotv.com.br\/site\/2026\/01\/21\/projeto-de-lei-quer-limitar-atuacao-de-influenciadores-em-temas-sensiveis-e-exigir-qualificacao-tecnica\/","og_site_name":"Ello TV","article_published_time":"2026-01-21T13:21:42+00:00","og_image":[{"width":1000,"height":1500,"url":"https:\/\/ellotv.com.br\/site\/wp-content\/uploads\/2026\/01\/WhatsApp-Image-2026-01-21-at-10.20.33.jpeg","type":"image\/jpeg"}],"author":"ELLO TV","twitter_card":"summary_large_image","twitter_misc":{"Escrito por":"ELLO TV","Est. tempo de leitura":"2 minutos"},"schema":{"@context":"https:\/\/schema.org","@graph":[{"@type":"Article","@id":"https:\/\/ellotv.com.br\/site\/2026\/01\/21\/projeto-de-lei-quer-limitar-atuacao-de-influenciadores-em-temas-sensiveis-e-exigir-qualificacao-tecnica\/#article","isPartOf":{"@id":"https:\/\/ellotv.com.br\/site\/2026\/01\/21\/projeto-de-lei-quer-limitar-atuacao-de-influenciadores-em-temas-sensiveis-e-exigir-qualificacao-tecnica\/"},"author":{"name":"ELLO TV","@id":"https:\/\/ellotv.com.br\/site\/#\/schema\/person\/2dbe3abaee38dcc7332fc8205cd2b15d"},"headline":"Projeto de lei quer limitar atua\u00e7\u00e3o de influenciadores em temas sens\u00edveis e exigir qualifica\u00e7\u00e3o t\u00e9cnica","datePublished":"2026-01-21T13:21:42+00:00","mainEntityOfPage":{"@id":"https:\/\/ellotv.com.br\/site\/2026\/01\/21\/projeto-de-lei-quer-limitar-atuacao-de-influenciadores-em-temas-sensiveis-e-exigir-qualificacao-tecnica\/"},"wordCount":399,"commentCount":0,"publisher":{"@id":"https:\/\/ellotv.com.br\/site\/#organization"},"image":{"@id":"https:\/\/ellotv.com.br\/site\/2026\/01\/21\/projeto-de-lei-quer-limitar-atuacao-de-influenciadores-em-temas-sensiveis-e-exigir-qualificacao-tecnica\/#primaryimage"},"thumbnailUrl":"https:\/\/ellotv.com.br\/site\/wp-content\/uploads\/2026\/01\/WhatsApp-Image-2026-01-21-at-10.20.33.jpeg","articleSection":["Brasil","Noticias"],"inLanguage":"pt-BR","potentialAction":[{"@type":"CommentAction","name":"Comment","target":["https:\/\/ellotv.com.br\/site\/2026\/01\/21\/projeto-de-lei-quer-limitar-atuacao-de-influenciadores-em-temas-sensiveis-e-exigir-qualificacao-tecnica\/#respond"]}]},{"@type":"WebPage","@id":"https:\/\/ellotv.com.br\/site\/2026\/01\/21\/projeto-de-lei-quer-limitar-atuacao-de-influenciadores-em-temas-sensiveis-e-exigir-qualificacao-tecnica\/","url":"https:\/\/ellotv.com.br\/site\/2026\/01\/21\/projeto-de-lei-quer-limitar-atuacao-de-influenciadores-em-temas-sensiveis-e-exigir-qualificacao-tecnica\/","name":"Projeto de lei quer limitar atua\u00e7\u00e3o de influenciadores em temas sens\u00edveis e exigir qualifica\u00e7\u00e3o t\u00e9cnica - Ello TV","isPartOf":{"@id":"https:\/\/ellotv.com.br\/site\/#website"},"primaryImageOfPage":{"@id":"https:\/\/ellotv.com.br\/site\/2026\/01\/21\/projeto-de-lei-quer-limitar-atuacao-de-influenciadores-em-temas-sensiveis-e-exigir-qualificacao-tecnica\/#primaryimage"},"image":{"@id":"https:\/\/ellotv.com.br\/site\/2026\/01\/21\/projeto-de-lei-quer-limitar-atuacao-de-influenciadores-em-temas-sensiveis-e-exigir-qualificacao-tecnica\/#primaryimage"},"thumbnailUrl":"https:\/\/ellotv.com.br\/site\/wp-content\/uploads\/2026\/01\/WhatsApp-Image-2026-01-21-at-10.20.33.jpeg","datePublished":"2026-01-21T13:21:42+00:00","description":"Projeto de Lei em tramita\u00e7\u00e3o no Congresso prop\u00f5e exigir qualifica\u00e7\u00e3o t\u00e9cnica e transpar\u00eancia de influenciadores que abordam temas sens\u00edveis, como sa\u00fade, finan\u00e7as e apostas, com previs\u00e3o de multas e suspens\u00e3o de contas.","breadcrumb":{"@id":"https:\/\/ellotv.com.br\/site\/2026\/01\/21\/projeto-de-lei-quer-limitar-atuacao-de-influenciadores-em-temas-sensiveis-e-exigir-qualificacao-tecnica\/#breadcrumb"},"inLanguage":"pt-BR","potentialAction":[{"@type":"ReadAction","target":["https:\/\/ellotv.com.br\/site\/2026\/01\/21\/projeto-de-lei-quer-limitar-atuacao-de-influenciadores-em-temas-sensiveis-e-exigir-qualificacao-tecnica\/"]}]},{"@type":"ImageObject","inLanguage":"pt-BR","@id":"https:\/\/ellotv.com.br\/site\/2026\/01\/21\/projeto-de-lei-quer-limitar-atuacao-de-influenciadores-em-temas-sensiveis-e-exigir-qualificacao-tecnica\/#primaryimage","url":"https:\/\/ellotv.com.br\/site\/wp-content\/uploads\/2026\/01\/WhatsApp-Image-2026-01-21-at-10.20.33.jpeg","contentUrl":"https:\/\/ellotv.com.br\/site\/wp-content\/uploads\/2026\/01\/WhatsApp-Image-2026-01-21-at-10.20.33.jpeg","width":1000,"height":1500},{"@type":"BreadcrumbList","@id":"https:\/\/ellotv.com.br\/site\/2026\/01\/21\/projeto-de-lei-quer-limitar-atuacao-de-influenciadores-em-temas-sensiveis-e-exigir-qualificacao-tecnica\/#breadcrumb","itemListElement":[{"@type":"ListItem","position":1,"name":"In\u00edcio","item":"https:\/\/ellotv.com.br\/site\/"},{"@type":"ListItem","position":2,"name":"Projeto de lei quer limitar atua\u00e7\u00e3o de influenciadores em temas sens\u00edveis e exigir qualifica\u00e7\u00e3o t\u00e9cnica"}]},{"@type":"WebSite","@id":"https:\/\/ellotv.com.br\/site\/#website","url":"https:\/\/ellotv.com.br\/site\/","name":"ELLO TV","description":"","publisher":{"@id":"https:\/\/ellotv.com.br\/site\/#organization"},"potentialAction":[{"@type":"SearchAction","target":{"@type":"EntryPoint","urlTemplate":"https:\/\/ellotv.com.br\/site\/?s={search_term_string}"},"query-input":{"@type":"PropertyValueSpecification","valueRequired":true,"valueName":"search_term_string"}}],"inLanguage":"pt-BR"},{"@type":"Organization","@id":"https:\/\/ellotv.com.br\/site\/#organization","name":"ELLO TV","url":"https:\/\/ellotv.com.br\/site\/","logo":{"@type":"ImageObject","inLanguage":"pt-BR","@id":"https:\/\/ellotv.com.br\/site\/#\/schema\/logo\/image\/","url":"https:\/\/ellotv.com.br\/site\/wp-content\/uploads\/2025\/11\/ello-logo-2.fw_.png","contentUrl":"https:\/\/ellotv.com.br\/site\/wp-content\/uploads\/2025\/11\/ello-logo-2.fw_.png","width":400,"height":146,"caption":"ELLO TV"},"image":{"@id":"https:\/\/ellotv.com.br\/site\/#\/schema\/logo\/image\/"}},{"@type":"Person","@id":"https:\/\/ellotv.com.br\/site\/#\/schema\/person\/2dbe3abaee38dcc7332fc8205cd2b15d","name":"ELLO TV","image":{"@type":"ImageObject","inLanguage":"pt-BR","@id":"https:\/\/secure.gravatar.com\/avatar\/c38242b9da8ec217ac3f0aaee31a54f7d7befb11b2b47fdbc8fb0fad60afa1c6?s=96&d=mm&r=g","url":"https:\/\/secure.gravatar.com\/avatar\/c38242b9da8ec217ac3f0aaee31a54f7d7befb11b2b47fdbc8fb0fad60afa1c6?s=96&d=mm&r=g","contentUrl":"https:\/\/secure.gravatar.com\/avatar\/c38242b9da8ec217ac3f0aaee31a54f7d7befb11b2b47fdbc8fb0fad60afa1c6?s=96&d=mm&r=g","caption":"ELLO TV"},"url":"https:\/\/ellotv.com.br\/site\/author\/elloagencia\/"}]}},"featured_image_urls":{"full":["https:\/\/ellotv.com.br\/site\/wp-content\/uploads\/2026\/01\/WhatsApp-Image-2026-01-21-at-10.20.33.jpeg",1000,1500,false],"thumbnail":["https:\/\/ellotv.com.br\/site\/wp-content\/uploads\/2026\/01\/WhatsApp-Image-2026-01-21-at-10.20.33-150x150.jpeg",150,150,true],"medium":["https:\/\/ellotv.com.br\/site\/wp-content\/uploads\/2026\/01\/WhatsApp-Image-2026-01-21-at-10.20.33-200x300.jpeg",200,300,true],"medium_large":["https:\/\/ellotv.com.br\/site\/wp-content\/uploads\/2026\/01\/WhatsApp-Image-2026-01-21-at-10.20.33-768x1152.jpeg",640,960,true],"large":["https:\/\/ellotv.com.br\/site\/wp-content\/uploads\/2026\/01\/WhatsApp-Image-2026-01-21-at-10.20.33-683x1024.jpeg",640,960,true],"1536x1536":["https:\/\/ellotv.com.br\/site\/wp-content\/uploads\/2026\/01\/WhatsApp-Image-2026-01-21-at-10.20.33.jpeg",1000,1500,false],"2048x2048":["https:\/\/ellotv.com.br\/site\/wp-content\/uploads\/2026\/01\/WhatsApp-Image-2026-01-21-at-10.20.33.jpeg",1000,1500,false],"darknews-slider-full":["https:\/\/ellotv.com.br\/site\/wp-content\/uploads\/2026\/01\/WhatsApp-Image-2026-01-21-at-10.20.33-1000x720.jpeg",1000,720,true],"darknews-featured":["https:\/\/ellotv.com.br\/site\/wp-content\/uploads\/2026\/01\/WhatsApp-Image-2026-01-21-at-10.20.33.jpeg",1000,1500,false],"darknews-medium":["https:\/\/ellotv.com.br\/site\/wp-content\/uploads\/2026\/01\/WhatsApp-Image-2026-01-21-at-10.20.33-720x530.jpeg",720,530,true],"darknews-medium-square":["https:\/\/ellotv.com.br\/site\/wp-content\/uploads\/2026\/01\/WhatsApp-Image-2026-01-21-at-10.20.33-350x350.jpeg",350,350,true]},"author_info":{"info":["ELLO TV"]},"category_info":"<a href=\"https:\/\/ellotv.com.br\/site\/category\/brasil\/\" rel=\"category tag\">Brasil<\/a> <a href=\"https:\/\/ellotv.com.br\/site\/category\/noticias\/\" rel=\"category tag\">Noticias<\/a>","tag_info":"Noticias","comment_count":"0","_links":{"self":[{"href":"https:\/\/ellotv.com.br\/site\/wp-json\/wp\/v2\/posts\/4538","targetHints":{"allow":["GET"]}}],"collection":[{"href":"https:\/\/ellotv.com.br\/site\/wp-json\/wp\/v2\/posts"}],"about":[{"href":"https:\/\/ellotv.com.br\/site\/wp-json\/wp\/v2\/types\/post"}],"author":[{"embeddable":true,"href":"https:\/\/ellotv.com.br\/site\/wp-json\/wp\/v2\/users\/2"}],"replies":[{"embeddable":true,"href":"https:\/\/ellotv.com.br\/site\/wp-json\/wp\/v2\/comments?post=4538"}],"version-history":[{"count":1,"href":"https:\/\/ellotv.com.br\/site\/wp-json\/wp\/v2\/posts\/4538\/revisions"}],"predecessor-version":[{"id":4540,"href":"https:\/\/ellotv.com.br\/site\/wp-json\/wp\/v2\/posts\/4538\/revisions\/4540"}],"wp:featuredmedia":[{"embeddable":true,"href":"https:\/\/ellotv.com.br\/site\/wp-json\/wp\/v2\/media\/4539"}],"wp:attachment":[{"href":"https:\/\/ellotv.com.br\/site\/wp-json\/wp\/v2\/media?parent=4538"}],"wp:term":[{"taxonomy":"category","embeddable":true,"href":"https:\/\/ellotv.com.br\/site\/wp-json\/wp\/v2\/categories?post=4538"},{"taxonomy":"post_tag","embeddable":true,"href":"https:\/\/ellotv.com.br\/site\/wp-json\/wp\/v2\/tags?post=4538"}],"curies":[{"name":"wp","href":"https:\/\/api.w.org\/{rel}","templated":true}]}}