{"id":4545,"date":"2026-01-21T10:59:33","date_gmt":"2026-01-21T13:59:33","guid":{"rendered":"https:\/\/ellotv.com.br\/site\/?p=4545"},"modified":"2026-01-21T10:59:33","modified_gmt":"2026-01-21T13:59:33","slug":"abelhas-da-amazonia-peruana-passam-a-ter-direitos-legais-e-podem-ser-representadas-na-justica","status":"publish","type":"post","link":"https:\/\/ellotv.com.br\/site\/2026\/01\/21\/abelhas-da-amazonia-peruana-passam-a-ter-direitos-legais-e-podem-ser-representadas-na-justica\/","title":{"rendered":"Abelhas da Amaz\u00f4nia peruana passam a ter direitos legais e podem ser representadas na Justi\u00e7a"},"content":{"rendered":"<p>Elas n\u00e3o falam, n\u00e3o assinam documentos e n\u00e3o v\u00e3o a audi\u00eancias. Ainda assim, agora podem ir ao tribunal para defender seus direitos. As abelhas da Amaz\u00f4nia peruana se tornaram os primeiros insetos do mundo a obter reconhecimento legal como \u201csujeitos de direitos\u201d.<\/p>\n<p>A mudan\u00e7a aconteceu na prov\u00edncia de Satipo, no centro do Peru, ap\u00f3s a aprova\u00e7\u00e3o de uma lei que permite que as abelhas sejam representadas judicialmente sempre que sua sobreviv\u00eancia ou seu habitat forem amea\u00e7ados. A decis\u00e3o vale para a \u00e1rea da Reserva de Biosfera Avireri Vraem, uma regi\u00e3o de floresta amaz\u00f4nica que enfrenta forte press\u00e3o ambiental.<\/p>\n<p>Com a nova legisla\u00e7\u00e3o, as abelhas amaz\u00f4nicas sem ferr\u00e3o \u2014 do grupo dos melipon\u00edneos \u2014 passam a ter direitos reconhecidos por lei, como o direito \u00e0 exist\u00eancia, \u00e0 manuten\u00e7\u00e3o de popula\u00e7\u00f5es saud\u00e1veis e a viver em ambientes livres de polui\u00e7\u00e3o ou de impactos humanos que comprometam sua sobreviv\u00eancia. Todas as esp\u00e9cies desse grupo presentes em Satipo est\u00e3o inclu\u00eddas.<\/p>\n<p>At\u00e9 ent\u00e3o, o status jur\u00eddico de \u201csujeito de direitos\u201d era reservado apenas a humanos e, em alguns pa\u00edses, a ecossistemas inteiros, como rios ou florestas. O reconhecimento das abelhas marca um avan\u00e7o in\u00e9dito no debate ambiental e jur\u00eddico.<\/p>\n<p>A justificativa cient\u00edfica \u00e9 clara: cerca de 90% das plantas com flores dependem da poliniza\u00e7\u00e3o para se reproduzir \u2014 um processo no qual as abelhas s\u00e3o fundamentais. Sem elas, florestas inteiras entram em colapso, afetando a biodiversidade e a produ\u00e7\u00e3o de alimentos.<\/p>\n<p>Ao reconhecer juridicamente esses insetos, a legisla\u00e7\u00e3o busca proteger n\u00e3o apenas as abelhas, mas todo o equil\u00edbrio ecol\u00f3gico que depende delas.<\/p>\n","protected":false},"excerpt":{"rendered":"<p>Elas n\u00e3o falam, n\u00e3o assinam documentos e n\u00e3o v\u00e3o a audi\u00eancias. Ainda assim, agora podem ir ao tribunal<\/p>\n","protected":false},"author":2,"featured_media":4546,"comment_status":"open","ping_status":"open","sticky":false,"template":"","format":"standard","meta":{"footnotes":""},"categories":[10,12],"tags":[],"class_list":["post-4545","post","type-post","status-publish","format-standard","has-post-thumbnail","hentry","category-mundo","category-noticias"],"yoast_head":"<!-- This site is optimized with the Yoast SEO plugin v28.3 - https:\/\/yoast.com\/product\/yoast-seo-wordpress\/ -->\n<title>Abelhas da Amaz\u00f4nia peruana passam a ter direitos legais e podem ser representadas na Justi\u00e7a - Ello TV<\/title>\n<meta name=\"description\" content=\"Peru reconhece abelhas da Amaz\u00f4nia como sujeitos de direitos, permitindo representa\u00e7\u00e3o judicial para proteger sua sobreviv\u00eancia, habitat e o equil\u00edbrio ecol\u00f3gico.\" \/>\n<meta name=\"robots\" content=\"index, follow, max-snippet:-1, max-image-preview:large, max-video-preview:-1\" \/>\n<link rel=\"canonical\" href=\"https:\/\/ellotv.com.br\/site\/2026\/01\/21\/abelhas-da-amazonia-peruana-passam-a-ter-direitos-legais-e-podem-ser-representadas-na-justica\/\" \/>\n<meta property=\"og:locale\" content=\"pt_BR\" \/>\n<meta property=\"og:type\" content=\"article\" \/>\n<meta property=\"og:title\" content=\"Abelhas da Amaz\u00f4nia peruana passam a ter direitos legais e podem ser representadas na Justi\u00e7a - Ello TV\" \/>\n<meta property=\"og:description\" content=\"Peru reconhece abelhas da Amaz\u00f4nia como sujeitos de direitos, permitindo representa\u00e7\u00e3o judicial para proteger sua sobreviv\u00eancia, habitat e o equil\u00edbrio ecol\u00f3gico.\" \/>\n<meta property=\"og:url\" content=\"https:\/\/ellotv.com.br\/site\/2026\/01\/21\/abelhas-da-amazonia-peruana-passam-a-ter-direitos-legais-e-podem-ser-representadas-na-justica\/\" \/>\n<meta property=\"og:site_name\" content=\"Ello TV\" \/>\n<meta property=\"article:published_time\" content=\"2026-01-21T13:59:33+00:00\" \/>\n<meta property=\"og:image\" content=\"https:\/\/ellotv.com.br\/site\/wp-content\/uploads\/2026\/01\/WhatsApp-Image-2026-01-21-at-10.31.43.jpeg\" \/>\n\t<meta property=\"og:image:width\" content=\"1280\" \/>\n\t<meta property=\"og:image:height\" content=\"720\" \/>\n\t<meta property=\"og:image:type\" content=\"image\/jpeg\" \/>\n<meta name=\"author\" content=\"ELLO TV\" \/>\n<meta name=\"twitter:card\" content=\"summary_large_image\" \/>\n<meta name=\"twitter:label1\" content=\"Escrito por\" \/>\n\t<meta name=\"twitter:data1\" content=\"ELLO TV\" \/>\n\t<meta name=\"twitter:label2\" content=\"Est. tempo de leitura\" \/>\n\t<meta name=\"twitter:data2\" content=\"1 minuto\" \/>\n<script type=\"application\/ld+json\" class=\"yoast-schema-graph\">{\"@context\":\"https:\\\/\\\/schema.org\",\"@graph\":[{\"@type\":\"Article\",\"@id\":\"https:\\\/\\\/ellotv.com.br\\\/site\\\/2026\\\/01\\\/21\\\/abelhas-da-amazonia-peruana-passam-a-ter-direitos-legais-e-podem-ser-representadas-na-justica\\\/#article\",\"isPartOf\":{\"@id\":\"https:\\\/\\\/ellotv.com.br\\\/site\\\/2026\\\/01\\\/21\\\/abelhas-da-amazonia-peruana-passam-a-ter-direitos-legais-e-podem-ser-representadas-na-justica\\\/\"},\"author\":{\"name\":\"ELLO TV\",\"@id\":\"https:\\\/\\\/ellotv.com.br\\\/site\\\/#\\\/schema\\\/person\\\/2dbe3abaee38dcc7332fc8205cd2b15d\"},\"headline\":\"Abelhas da Amaz\u00f4nia peruana passam a ter direitos legais e podem ser representadas na Justi\u00e7a\",\"datePublished\":\"2026-01-21T13:59:33+00:00\",\"mainEntityOfPage\":{\"@id\":\"https:\\\/\\\/ellotv.com.br\\\/site\\\/2026\\\/01\\\/21\\\/abelhas-da-amazonia-peruana-passam-a-ter-direitos-legais-e-podem-ser-representadas-na-justica\\\/\"},\"wordCount\":310,\"commentCount\":0,\"publisher\":{\"@id\":\"https:\\\/\\\/ellotv.com.br\\\/site\\\/#organization\"},\"image\":{\"@id\":\"https:\\\/\\\/ellotv.com.br\\\/site\\\/2026\\\/01\\\/21\\\/abelhas-da-amazonia-peruana-passam-a-ter-direitos-legais-e-podem-ser-representadas-na-justica\\\/#primaryimage\"},\"thumbnailUrl\":\"https:\\\/\\\/ellotv.com.br\\\/site\\\/wp-content\\\/uploads\\\/2026\\\/01\\\/WhatsApp-Image-2026-01-21-at-10.31.43.jpeg\",\"articleSection\":[\"Mundo\",\"Noticias\"],\"inLanguage\":\"pt-BR\",\"potentialAction\":[{\"@type\":\"CommentAction\",\"name\":\"Comment\",\"target\":[\"https:\\\/\\\/ellotv.com.br\\\/site\\\/2026\\\/01\\\/21\\\/abelhas-da-amazonia-peruana-passam-a-ter-direitos-legais-e-podem-ser-representadas-na-justica\\\/#respond\"]}]},{\"@type\":\"WebPage\",\"@id\":\"https:\\\/\\\/ellotv.com.br\\\/site\\\/2026\\\/01\\\/21\\\/abelhas-da-amazonia-peruana-passam-a-ter-direitos-legais-e-podem-ser-representadas-na-justica\\\/\",\"url\":\"https:\\\/\\\/ellotv.com.br\\\/site\\\/2026\\\/01\\\/21\\\/abelhas-da-amazonia-peruana-passam-a-ter-direitos-legais-e-podem-ser-representadas-na-justica\\\/\",\"name\":\"Abelhas da Amaz\u00f4nia peruana passam a ter direitos legais e podem ser representadas na Justi\u00e7a - Ello TV\",\"isPartOf\":{\"@id\":\"https:\\\/\\\/ellotv.com.br\\\/site\\\/#website\"},\"primaryImageOfPage\":{\"@id\":\"https:\\\/\\\/ellotv.com.br\\\/site\\\/2026\\\/01\\\/21\\\/abelhas-da-amazonia-peruana-passam-a-ter-direitos-legais-e-podem-ser-representadas-na-justica\\\/#primaryimage\"},\"image\":{\"@id\":\"https:\\\/\\\/ellotv.com.br\\\/site\\\/2026\\\/01\\\/21\\\/abelhas-da-amazonia-peruana-passam-a-ter-direitos-legais-e-podem-ser-representadas-na-justica\\\/#primaryimage\"},\"thumbnailUrl\":\"https:\\\/\\\/ellotv.com.br\\\/site\\\/wp-content\\\/uploads\\\/2026\\\/01\\\/WhatsApp-Image-2026-01-21-at-10.31.43.jpeg\",\"datePublished\":\"2026-01-21T13:59:33+00:00\",\"description\":\"Peru reconhece abelhas da Amaz\u00f4nia como sujeitos de direitos, permitindo representa\u00e7\u00e3o judicial para proteger sua sobreviv\u00eancia, habitat e o equil\u00edbrio ecol\u00f3gico.\",\"breadcrumb\":{\"@id\":\"https:\\\/\\\/ellotv.com.br\\\/site\\\/2026\\\/01\\\/21\\\/abelhas-da-amazonia-peruana-passam-a-ter-direitos-legais-e-podem-ser-representadas-na-justica\\\/#breadcrumb\"},\"inLanguage\":\"pt-BR\",\"potentialAction\":[{\"@type\":\"ReadAction\",\"target\":[\"https:\\\/\\\/ellotv.com.br\\\/site\\\/2026\\\/01\\\/21\\\/abelhas-da-amazonia-peruana-passam-a-ter-direitos-legais-e-podem-ser-representadas-na-justica\\\/\"]}]},{\"@type\":\"ImageObject\",\"inLanguage\":\"pt-BR\",\"@id\":\"https:\\\/\\\/ellotv.com.br\\\/site\\\/2026\\\/01\\\/21\\\/abelhas-da-amazonia-peruana-passam-a-ter-direitos-legais-e-podem-ser-representadas-na-justica\\\/#primaryimage\",\"url\":\"https:\\\/\\\/ellotv.com.br\\\/site\\\/wp-content\\\/uploads\\\/2026\\\/01\\\/WhatsApp-Image-2026-01-21-at-10.31.43.jpeg\",\"contentUrl\":\"https:\\\/\\\/ellotv.com.br\\\/site\\\/wp-content\\\/uploads\\\/2026\\\/01\\\/WhatsApp-Image-2026-01-21-at-10.31.43.jpeg\",\"width\":1280,\"height\":720},{\"@type\":\"BreadcrumbList\",\"@id\":\"https:\\\/\\\/ellotv.com.br\\\/site\\\/2026\\\/01\\\/21\\\/abelhas-da-amazonia-peruana-passam-a-ter-direitos-legais-e-podem-ser-representadas-na-justica\\\/#breadcrumb\",\"itemListElement\":[{\"@type\":\"ListItem\",\"position\":1,\"name\":\"In\u00edcio\",\"item\":\"https:\\\/\\\/ellotv.com.br\\\/site\\\/\"},{\"@type\":\"ListItem\",\"position\":2,\"name\":\"Abelhas da Amaz\u00f4nia peruana passam a ter direitos legais e podem ser representadas na Justi\u00e7a\"}]},{\"@type\":\"WebSite\",\"@id\":\"https:\\\/\\\/ellotv.com.br\\\/site\\\/#website\",\"url\":\"https:\\\/\\\/ellotv.com.br\\\/site\\\/\",\"name\":\"ELLO TV\",\"description\":\"\",\"publisher\":{\"@id\":\"https:\\\/\\\/ellotv.com.br\\\/site\\\/#organization\"},\"potentialAction\":[{\"@type\":\"SearchAction\",\"target\":{\"@type\":\"EntryPoint\",\"urlTemplate\":\"https:\\\/\\\/ellotv.com.br\\\/site\\\/?s={search_term_string}\"},\"query-input\":{\"@type\":\"PropertyValueSpecification\",\"valueRequired\":true,\"valueName\":\"search_term_string\"}}],\"inLanguage\":\"pt-BR\"},{\"@type\":\"Organization\",\"@id\":\"https:\\\/\\\/ellotv.com.br\\\/site\\\/#organization\",\"name\":\"ELLO TV\",\"url\":\"https:\\\/\\\/ellotv.com.br\\\/site\\\/\",\"logo\":{\"@type\":\"ImageObject\",\"inLanguage\":\"pt-BR\",\"@id\":\"https:\\\/\\\/ellotv.com.br\\\/site\\\/#\\\/schema\\\/logo\\\/image\\\/\",\"url\":\"https:\\\/\\\/ellotv.com.br\\\/site\\\/wp-content\\\/uploads\\\/2025\\\/11\\\/ello-logo-2.fw_.png\",\"contentUrl\":\"https:\\\/\\\/ellotv.com.br\\\/site\\\/wp-content\\\/uploads\\\/2025\\\/11\\\/ello-logo-2.fw_.png\",\"width\":400,\"height\":146,\"caption\":\"ELLO TV\"},\"image\":{\"@id\":\"https:\\\/\\\/ellotv.com.br\\\/site\\\/#\\\/schema\\\/logo\\\/image\\\/\"}},{\"@type\":\"Person\",\"@id\":\"https:\\\/\\\/ellotv.com.br\\\/site\\\/#\\\/schema\\\/person\\\/2dbe3abaee38dcc7332fc8205cd2b15d\",\"name\":\"ELLO TV\",\"image\":{\"@type\":\"ImageObject\",\"inLanguage\":\"pt-BR\",\"@id\":\"https:\\\/\\\/secure.gravatar.com\\\/avatar\\\/c38242b9da8ec217ac3f0aaee31a54f7d7befb11b2b47fdbc8fb0fad60afa1c6?s=96&d=mm&r=g\",\"url\":\"https:\\\/\\\/secure.gravatar.com\\\/avatar\\\/c38242b9da8ec217ac3f0aaee31a54f7d7befb11b2b47fdbc8fb0fad60afa1c6?s=96&d=mm&r=g\",\"contentUrl\":\"https:\\\/\\\/secure.gravatar.com\\\/avatar\\\/c38242b9da8ec217ac3f0aaee31a54f7d7befb11b2b47fdbc8fb0fad60afa1c6?s=96&d=mm&r=g\",\"caption\":\"ELLO TV\"},\"url\":\"https:\\\/\\\/ellotv.com.br\\\/site\\\/author\\\/elloagencia\\\/\"}]}<\/script>\n<!-- \/ Yoast SEO plugin. -->","yoast_head_json":{"title":"Abelhas da Amaz\u00f4nia peruana passam a ter direitos legais e podem ser representadas na Justi\u00e7a - Ello TV","description":"Peru reconhece abelhas da Amaz\u00f4nia como sujeitos de direitos, permitindo representa\u00e7\u00e3o judicial para proteger sua sobreviv\u00eancia, habitat e o equil\u00edbrio ecol\u00f3gico.","robots":{"index":"index","follow":"follow","max-snippet":"max-snippet:-1","max-image-preview":"max-image-preview:large","max-video-preview":"max-video-preview:-1"},"canonical":"https:\/\/ellotv.com.br\/site\/2026\/01\/21\/abelhas-da-amazonia-peruana-passam-a-ter-direitos-legais-e-podem-ser-representadas-na-justica\/","og_locale":"pt_BR","og_type":"article","og_title":"Abelhas da Amaz\u00f4nia peruana passam a ter direitos legais e podem ser representadas na Justi\u00e7a - Ello TV","og_description":"Peru reconhece abelhas da Amaz\u00f4nia como sujeitos de direitos, permitindo representa\u00e7\u00e3o judicial para proteger sua sobreviv\u00eancia, habitat e o equil\u00edbrio ecol\u00f3gico.","og_url":"https:\/\/ellotv.com.br\/site\/2026\/01\/21\/abelhas-da-amazonia-peruana-passam-a-ter-direitos-legais-e-podem-ser-representadas-na-justica\/","og_site_name":"Ello TV","article_published_time":"2026-01-21T13:59:33+00:00","og_image":[{"width":1280,"height":720,"url":"https:\/\/ellotv.com.br\/site\/wp-content\/uploads\/2026\/01\/WhatsApp-Image-2026-01-21-at-10.31.43.jpeg","type":"image\/jpeg"}],"author":"ELLO TV","twitter_card":"summary_large_image","twitter_misc":{"Escrito por":"ELLO TV","Est. tempo de leitura":"1 minuto"},"schema":{"@context":"https:\/\/schema.org","@graph":[{"@type":"Article","@id":"https:\/\/ellotv.com.br\/site\/2026\/01\/21\/abelhas-da-amazonia-peruana-passam-a-ter-direitos-legais-e-podem-ser-representadas-na-justica\/#article","isPartOf":{"@id":"https:\/\/ellotv.com.br\/site\/2026\/01\/21\/abelhas-da-amazonia-peruana-passam-a-ter-direitos-legais-e-podem-ser-representadas-na-justica\/"},"author":{"name":"ELLO TV","@id":"https:\/\/ellotv.com.br\/site\/#\/schema\/person\/2dbe3abaee38dcc7332fc8205cd2b15d"},"headline":"Abelhas da Amaz\u00f4nia peruana passam a ter direitos legais e podem ser representadas na Justi\u00e7a","datePublished":"2026-01-21T13:59:33+00:00","mainEntityOfPage":{"@id":"https:\/\/ellotv.com.br\/site\/2026\/01\/21\/abelhas-da-amazonia-peruana-passam-a-ter-direitos-legais-e-podem-ser-representadas-na-justica\/"},"wordCount":310,"commentCount":0,"publisher":{"@id":"https:\/\/ellotv.com.br\/site\/#organization"},"image":{"@id":"https:\/\/ellotv.com.br\/site\/2026\/01\/21\/abelhas-da-amazonia-peruana-passam-a-ter-direitos-legais-e-podem-ser-representadas-na-justica\/#primaryimage"},"thumbnailUrl":"https:\/\/ellotv.com.br\/site\/wp-content\/uploads\/2026\/01\/WhatsApp-Image-2026-01-21-at-10.31.43.jpeg","articleSection":["Mundo","Noticias"],"inLanguage":"pt-BR","potentialAction":[{"@type":"CommentAction","name":"Comment","target":["https:\/\/ellotv.com.br\/site\/2026\/01\/21\/abelhas-da-amazonia-peruana-passam-a-ter-direitos-legais-e-podem-ser-representadas-na-justica\/#respond"]}]},{"@type":"WebPage","@id":"https:\/\/ellotv.com.br\/site\/2026\/01\/21\/abelhas-da-amazonia-peruana-passam-a-ter-direitos-legais-e-podem-ser-representadas-na-justica\/","url":"https:\/\/ellotv.com.br\/site\/2026\/01\/21\/abelhas-da-amazonia-peruana-passam-a-ter-direitos-legais-e-podem-ser-representadas-na-justica\/","name":"Abelhas da Amaz\u00f4nia peruana passam a ter direitos legais e podem ser representadas na Justi\u00e7a - Ello TV","isPartOf":{"@id":"https:\/\/ellotv.com.br\/site\/#website"},"primaryImageOfPage":{"@id":"https:\/\/ellotv.com.br\/site\/2026\/01\/21\/abelhas-da-amazonia-peruana-passam-a-ter-direitos-legais-e-podem-ser-representadas-na-justica\/#primaryimage"},"image":{"@id":"https:\/\/ellotv.com.br\/site\/2026\/01\/21\/abelhas-da-amazonia-peruana-passam-a-ter-direitos-legais-e-podem-ser-representadas-na-justica\/#primaryimage"},"thumbnailUrl":"https:\/\/ellotv.com.br\/site\/wp-content\/uploads\/2026\/01\/WhatsApp-Image-2026-01-21-at-10.31.43.jpeg","datePublished":"2026-01-21T13:59:33+00:00","description":"Peru reconhece abelhas da Amaz\u00f4nia como sujeitos de direitos, permitindo representa\u00e7\u00e3o judicial para proteger sua sobreviv\u00eancia, habitat e o equil\u00edbrio ecol\u00f3gico.","breadcrumb":{"@id":"https:\/\/ellotv.com.br\/site\/2026\/01\/21\/abelhas-da-amazonia-peruana-passam-a-ter-direitos-legais-e-podem-ser-representadas-na-justica\/#breadcrumb"},"inLanguage":"pt-BR","potentialAction":[{"@type":"ReadAction","target":["https:\/\/ellotv.com.br\/site\/2026\/01\/21\/abelhas-da-amazonia-peruana-passam-a-ter-direitos-legais-e-podem-ser-representadas-na-justica\/"]}]},{"@type":"ImageObject","inLanguage":"pt-BR","@id":"https:\/\/ellotv.com.br\/site\/2026\/01\/21\/abelhas-da-amazonia-peruana-passam-a-ter-direitos-legais-e-podem-ser-representadas-na-justica\/#primaryimage","url":"https:\/\/ellotv.com.br\/site\/wp-content\/uploads\/2026\/01\/WhatsApp-Image-2026-01-21-at-10.31.43.jpeg","contentUrl":"https:\/\/ellotv.com.br\/site\/wp-content\/uploads\/2026\/01\/WhatsApp-Image-2026-01-21-at-10.31.43.jpeg","width":1280,"height":720},{"@type":"BreadcrumbList","@id":"https:\/\/ellotv.com.br\/site\/2026\/01\/21\/abelhas-da-amazonia-peruana-passam-a-ter-direitos-legais-e-podem-ser-representadas-na-justica\/#breadcrumb","itemListElement":[{"@type":"ListItem","position":1,"name":"In\u00edcio","item":"https:\/\/ellotv.com.br\/site\/"},{"@type":"ListItem","position":2,"name":"Abelhas da Amaz\u00f4nia peruana passam a ter direitos legais e podem ser representadas na Justi\u00e7a"}]},{"@type":"WebSite","@id":"https:\/\/ellotv.com.br\/site\/#website","url":"https:\/\/ellotv.com.br\/site\/","name":"ELLO TV","description":"","publisher":{"@id":"https:\/\/ellotv.com.br\/site\/#organization"},"potentialAction":[{"@type":"SearchAction","target":{"@type":"EntryPoint","urlTemplate":"https:\/\/ellotv.com.br\/site\/?s={search_term_string}"},"query-input":{"@type":"PropertyValueSpecification","valueRequired":true,"valueName":"search_term_string"}}],"inLanguage":"pt-BR"},{"@type":"Organization","@id":"https:\/\/ellotv.com.br\/site\/#organization","name":"ELLO TV","url":"https:\/\/ellotv.com.br\/site\/","logo":{"@type":"ImageObject","inLanguage":"pt-BR","@id":"https:\/\/ellotv.com.br\/site\/#\/schema\/logo\/image\/","url":"https:\/\/ellotv.com.br\/site\/wp-content\/uploads\/2025\/11\/ello-logo-2.fw_.png","contentUrl":"https:\/\/ellotv.com.br\/site\/wp-content\/uploads\/2025\/11\/ello-logo-2.fw_.png","width":400,"height":146,"caption":"ELLO TV"},"image":{"@id":"https:\/\/ellotv.com.br\/site\/#\/schema\/logo\/image\/"}},{"@type":"Person","@id":"https:\/\/ellotv.com.br\/site\/#\/schema\/person\/2dbe3abaee38dcc7332fc8205cd2b15d","name":"ELLO TV","image":{"@type":"ImageObject","inLanguage":"pt-BR","@id":"https:\/\/secure.gravatar.com\/avatar\/c38242b9da8ec217ac3f0aaee31a54f7d7befb11b2b47fdbc8fb0fad60afa1c6?s=96&d=mm&r=g","url":"https:\/\/secure.gravatar.com\/avatar\/c38242b9da8ec217ac3f0aaee31a54f7d7befb11b2b47fdbc8fb0fad60afa1c6?s=96&d=mm&r=g","contentUrl":"https:\/\/secure.gravatar.com\/avatar\/c38242b9da8ec217ac3f0aaee31a54f7d7befb11b2b47fdbc8fb0fad60afa1c6?s=96&d=mm&r=g","caption":"ELLO TV"},"url":"https:\/\/ellotv.com.br\/site\/author\/elloagencia\/"}]}},"featured_image_urls":{"full":["https:\/\/ellotv.com.br\/site\/wp-content\/uploads\/2026\/01\/WhatsApp-Image-2026-01-21-at-10.31.43.jpeg",1280,720,false],"thumbnail":["https:\/\/ellotv.com.br\/site\/wp-content\/uploads\/2026\/01\/WhatsApp-Image-2026-01-21-at-10.31.43-150x150.jpeg",150,150,true],"medium":["https:\/\/ellotv.com.br\/site\/wp-content\/uploads\/2026\/01\/WhatsApp-Image-2026-01-21-at-10.31.43-300x169.jpeg",300,169,true],"medium_large":["https:\/\/ellotv.com.br\/site\/wp-content\/uploads\/2026\/01\/WhatsApp-Image-2026-01-21-at-10.31.43-768x432.jpeg",640,360,true],"large":["https:\/\/ellotv.com.br\/site\/wp-content\/uploads\/2026\/01\/WhatsApp-Image-2026-01-21-at-10.31.43-1024x576.jpeg",640,360,true],"1536x1536":["https:\/\/ellotv.com.br\/site\/wp-content\/uploads\/2026\/01\/WhatsApp-Image-2026-01-21-at-10.31.43.jpeg",1280,720,false],"2048x2048":["https:\/\/ellotv.com.br\/site\/wp-content\/uploads\/2026\/01\/WhatsApp-Image-2026-01-21-at-10.31.43.jpeg",1280,720,false],"darknews-slider-full":["https:\/\/ellotv.com.br\/site\/wp-content\/uploads\/2026\/01\/WhatsApp-Image-2026-01-21-at-10.31.43.jpeg",1280,720,false],"darknews-featured":["https:\/\/ellotv.com.br\/site\/wp-content\/uploads\/2026\/01\/WhatsApp-Image-2026-01-21-at-10.31.43-1024x576.jpeg",1024,576,true],"darknews-medium":["https:\/\/ellotv.com.br\/site\/wp-content\/uploads\/2026\/01\/WhatsApp-Image-2026-01-21-at-10.31.43-720x530.jpeg",720,530,true],"darknews-medium-square":["https:\/\/ellotv.com.br\/site\/wp-content\/uploads\/2026\/01\/WhatsApp-Image-2026-01-21-at-10.31.43-350x350.jpeg",350,350,true]},"author_info":{"info":["ELLO TV"]},"category_info":"<a href=\"https:\/\/ellotv.com.br\/site\/category\/mundo\/\" rel=\"category tag\">Mundo<\/a> <a href=\"https:\/\/ellotv.com.br\/site\/category\/noticias\/\" rel=\"category tag\">Noticias<\/a>","tag_info":"Noticias","comment_count":"0","_links":{"self":[{"href":"https:\/\/ellotv.com.br\/site\/wp-json\/wp\/v2\/posts\/4545","targetHints":{"allow":["GET"]}}],"collection":[{"href":"https:\/\/ellotv.com.br\/site\/wp-json\/wp\/v2\/posts"}],"about":[{"href":"https:\/\/ellotv.com.br\/site\/wp-json\/wp\/v2\/types\/post"}],"author":[{"embeddable":true,"href":"https:\/\/ellotv.com.br\/site\/wp-json\/wp\/v2\/users\/2"}],"replies":[{"embeddable":true,"href":"https:\/\/ellotv.com.br\/site\/wp-json\/wp\/v2\/comments?post=4545"}],"version-history":[{"count":1,"href":"https:\/\/ellotv.com.br\/site\/wp-json\/wp\/v2\/posts\/4545\/revisions"}],"predecessor-version":[{"id":4547,"href":"https:\/\/ellotv.com.br\/site\/wp-json\/wp\/v2\/posts\/4545\/revisions\/4547"}],"wp:featuredmedia":[{"embeddable":true,"href":"https:\/\/ellotv.com.br\/site\/wp-json\/wp\/v2\/media\/4546"}],"wp:attachment":[{"href":"https:\/\/ellotv.com.br\/site\/wp-json\/wp\/v2\/media?parent=4545"}],"wp:term":[{"taxonomy":"category","embeddable":true,"href":"https:\/\/ellotv.com.br\/site\/wp-json\/wp\/v2\/categories?post=4545"},{"taxonomy":"post_tag","embeddable":true,"href":"https:\/\/ellotv.com.br\/site\/wp-json\/wp\/v2\/tags?post=4545"}],"curies":[{"name":"wp","href":"https:\/\/api.w.org\/{rel}","templated":true}]}}