{"id":4548,"date":"2026-01-21T16:18:05","date_gmt":"2026-01-21T19:18:05","guid":{"rendered":"https:\/\/ellotv.com.br\/site\/?p=4548"},"modified":"2026-01-21T16:18:05","modified_gmt":"2026-01-21T19:18:05","slug":"%f0%9f%9a%a8-situacao-delicada-para-clientes-do-will-bank-%f0%9f%9a%a8","status":"publish","type":"post","link":"https:\/\/ellotv.com.br\/site\/2026\/01\/21\/%f0%9f%9a%a8-situacao-delicada-para-clientes-do-will-bank-%f0%9f%9a%a8\/","title":{"rendered":"\ud83d\udea8 Situa\u00e7\u00e3o delicada para clientes do Will Bank \ud83d\udea8"},"content":{"rendered":"<p>Usu\u00e1rios do Will Bank est\u00e3o vivendo momentos de desespero ap\u00f3s o bloqueio do dinheiro que estava dispon\u00edvel em conta. Segundo relatos, os valores ficaram inacess\u00edveis e, no aplicativo, a \u00fanica op\u00e7\u00e3o liberada no momento \u00e9 o pagamento da fatura do cart\u00e3o de cr\u00e9dito.<\/p>\n<p>A incerteza tem gerado preocupa\u00e7\u00e3o entre os clientes, que aguardam esclarecimentos e uma solu\u00e7\u00e3o para ter acesso ao pr\u00f3prio dinheiro.<\/p>\n","protected":false},"excerpt":{"rendered":"<p>Usu\u00e1rios do Will Bank est\u00e3o vivendo momentos de desespero ap\u00f3s o bloqueio do dinheiro que estava dispon\u00edvel em<\/p>\n","protected":false},"author":2,"featured_media":4549,"comment_status":"open","ping_status":"open","sticky":false,"template":"","format":"standard","meta":{"footnotes":""},"categories":[8,12],"tags":[],"class_list":["post-4548","post","type-post","status-publish","format-standard","has-post-thumbnail","hentry","category-brasil","category-noticias"],"yoast_head":"<!-- This site is optimized with the Yoast SEO plugin v28.3 - https:\/\/yoast.com\/product\/yoast-seo-wordpress\/ -->\n<title>\ud83d\udea8 Situa\u00e7\u00e3o delicada para clientes do Will Bank \ud83d\udea8 - Ello TV<\/title>\n<meta name=\"description\" content=\"Clientes do Will Bank relatam bloqueio de saldo em conta ap\u00f3s crise da institui\u00e7\u00e3o; aplicativo permite apenas pagamento da fatura do cart\u00e3o, gerando preocupa\u00e7\u00e3o e incerteza.\" \/>\n<meta name=\"robots\" content=\"index, follow, max-snippet:-1, max-image-preview:large, max-video-preview:-1\" \/>\n<link rel=\"canonical\" href=\"https:\/\/ellotv.com.br\/site\/2026\/01\/21\/\ud83d\udea8-situacao-delicada-para-clientes-do-will-bank-\ud83d\udea8\/\" \/>\n<meta property=\"og:locale\" content=\"pt_BR\" \/>\n<meta property=\"og:type\" content=\"article\" \/>\n<meta property=\"og:title\" content=\"\ud83d\udea8 Situa\u00e7\u00e3o delicada para clientes do Will Bank \ud83d\udea8 - Ello TV\" \/>\n<meta property=\"og:description\" content=\"Clientes do Will Bank relatam bloqueio de saldo em conta ap\u00f3s crise da institui\u00e7\u00e3o; aplicativo permite apenas pagamento da fatura do cart\u00e3o, gerando preocupa\u00e7\u00e3o e incerteza.\" \/>\n<meta property=\"og:url\" content=\"https:\/\/ellotv.com.br\/site\/2026\/01\/21\/\ud83d\udea8-situacao-delicada-para-clientes-do-will-bank-\ud83d\udea8\/\" \/>\n<meta property=\"og:site_name\" content=\"Ello TV\" \/>\n<meta property=\"article:published_time\" content=\"2026-01-21T19:18:05+00:00\" \/>\n<meta property=\"og:image\" content=\"https:\/\/ellotv.com.br\/site\/wp-content\/uploads\/2026\/01\/WhatsApp-Image-2026-01-21-at-15.59.31.jpeg\" \/>\n\t<meta property=\"og:image:width\" content=\"1242\" \/>\n\t<meta property=\"og:image:height\" content=\"1600\" \/>\n\t<meta property=\"og:image:type\" content=\"image\/jpeg\" \/>\n<meta name=\"author\" content=\"ELLO TV\" \/>\n<meta name=\"twitter:card\" content=\"summary_large_image\" \/>\n<meta name=\"twitter:label1\" content=\"Escrito por\" \/>\n\t<meta name=\"twitter:data1\" content=\"ELLO TV\" \/>\n<script type=\"application\/ld+json\" class=\"yoast-schema-graph\">{\"@context\":\"https:\\\/\\\/schema.org\",\"@graph\":[{\"@type\":\"Article\",\"@id\":\"https:\\\/\\\/ellotv.com.br\\\/site\\\/2026\\\/01\\\/21\\\/%f0%9f%9a%a8-situacao-delicada-para-clientes-do-will-bank-%f0%9f%9a%a8\\\/#article\",\"isPartOf\":{\"@id\":\"https:\\\/\\\/ellotv.com.br\\\/site\\\/2026\\\/01\\\/21\\\/%f0%9f%9a%a8-situacao-delicada-para-clientes-do-will-bank-%f0%9f%9a%a8\\\/\"},\"author\":{\"name\":\"ELLO TV\",\"@id\":\"https:\\\/\\\/ellotv.com.br\\\/site\\\/#\\\/schema\\\/person\\\/2dbe3abaee38dcc7332fc8205cd2b15d\"},\"headline\":\"\ud83d\udea8 Situa\u00e7\u00e3o delicada para clientes do Will Bank \ud83d\udea8\",\"datePublished\":\"2026-01-21T19:18:05+00:00\",\"mainEntityOfPage\":{\"@id\":\"https:\\\/\\\/ellotv.com.br\\\/site\\\/2026\\\/01\\\/21\\\/%f0%9f%9a%a8-situacao-delicada-para-clientes-do-will-bank-%f0%9f%9a%a8\\\/\"},\"wordCount\":81,\"commentCount\":0,\"publisher\":{\"@id\":\"https:\\\/\\\/ellotv.com.br\\\/site\\\/#organization\"},\"image\":{\"@id\":\"https:\\\/\\\/ellotv.com.br\\\/site\\\/2026\\\/01\\\/21\\\/%f0%9f%9a%a8-situacao-delicada-para-clientes-do-will-bank-%f0%9f%9a%a8\\\/#primaryimage\"},\"thumbnailUrl\":\"https:\\\/\\\/ellotv.com.br\\\/site\\\/wp-content\\\/uploads\\\/2026\\\/01\\\/WhatsApp-Image-2026-01-21-at-15.59.31.jpeg\",\"articleSection\":[\"Brasil\",\"Noticias\"],\"inLanguage\":\"pt-BR\",\"potentialAction\":[{\"@type\":\"CommentAction\",\"name\":\"Comment\",\"target\":[\"https:\\\/\\\/ellotv.com.br\\\/site\\\/2026\\\/01\\\/21\\\/%f0%9f%9a%a8-situacao-delicada-para-clientes-do-will-bank-%f0%9f%9a%a8\\\/#respond\"]}]},{\"@type\":\"WebPage\",\"@id\":\"https:\\\/\\\/ellotv.com.br\\\/site\\\/2026\\\/01\\\/21\\\/%f0%9f%9a%a8-situacao-delicada-para-clientes-do-will-bank-%f0%9f%9a%a8\\\/\",\"url\":\"https:\\\/\\\/ellotv.com.br\\\/site\\\/2026\\\/01\\\/21\\\/%f0%9f%9a%a8-situacao-delicada-para-clientes-do-will-bank-%f0%9f%9a%a8\\\/\",\"name\":\"\ud83d\udea8 Situa\u00e7\u00e3o delicada para clientes do Will Bank \ud83d\udea8 - Ello TV\",\"isPartOf\":{\"@id\":\"https:\\\/\\\/ellotv.com.br\\\/site\\\/#website\"},\"primaryImageOfPage\":{\"@id\":\"https:\\\/\\\/ellotv.com.br\\\/site\\\/2026\\\/01\\\/21\\\/%f0%9f%9a%a8-situacao-delicada-para-clientes-do-will-bank-%f0%9f%9a%a8\\\/#primaryimage\"},\"image\":{\"@id\":\"https:\\\/\\\/ellotv.com.br\\\/site\\\/2026\\\/01\\\/21\\\/%f0%9f%9a%a8-situacao-delicada-para-clientes-do-will-bank-%f0%9f%9a%a8\\\/#primaryimage\"},\"thumbnailUrl\":\"https:\\\/\\\/ellotv.com.br\\\/site\\\/wp-content\\\/uploads\\\/2026\\\/01\\\/WhatsApp-Image-2026-01-21-at-15.59.31.jpeg\",\"datePublished\":\"2026-01-21T19:18:05+00:00\",\"description\":\"Clientes do Will Bank relatam bloqueio de saldo em conta ap\u00f3s crise da institui\u00e7\u00e3o; aplicativo permite apenas pagamento da fatura do cart\u00e3o, gerando preocupa\u00e7\u00e3o e incerteza.\",\"breadcrumb\":{\"@id\":\"https:\\\/\\\/ellotv.com.br\\\/site\\\/2026\\\/01\\\/21\\\/%f0%9f%9a%a8-situacao-delicada-para-clientes-do-will-bank-%f0%9f%9a%a8\\\/#breadcrumb\"},\"inLanguage\":\"pt-BR\",\"potentialAction\":[{\"@type\":\"ReadAction\",\"target\":[\"https:\\\/\\\/ellotv.com.br\\\/site\\\/2026\\\/01\\\/21\\\/%f0%9f%9a%a8-situacao-delicada-para-clientes-do-will-bank-%f0%9f%9a%a8\\\/\"]}]},{\"@type\":\"ImageObject\",\"inLanguage\":\"pt-BR\",\"@id\":\"https:\\\/\\\/ellotv.com.br\\\/site\\\/2026\\\/01\\\/21\\\/%f0%9f%9a%a8-situacao-delicada-para-clientes-do-will-bank-%f0%9f%9a%a8\\\/#primaryimage\",\"url\":\"https:\\\/\\\/ellotv.com.br\\\/site\\\/wp-content\\\/uploads\\\/2026\\\/01\\\/WhatsApp-Image-2026-01-21-at-15.59.31.jpeg\",\"contentUrl\":\"https:\\\/\\\/ellotv.com.br\\\/site\\\/wp-content\\\/uploads\\\/2026\\\/01\\\/WhatsApp-Image-2026-01-21-at-15.59.31.jpeg\",\"width\":1242,\"height\":1600},{\"@type\":\"BreadcrumbList\",\"@id\":\"https:\\\/\\\/ellotv.com.br\\\/site\\\/2026\\\/01\\\/21\\\/%f0%9f%9a%a8-situacao-delicada-para-clientes-do-will-bank-%f0%9f%9a%a8\\\/#breadcrumb\",\"itemListElement\":[{\"@type\":\"ListItem\",\"position\":1,\"name\":\"In\u00edcio\",\"item\":\"https:\\\/\\\/ellotv.com.br\\\/site\\\/\"},{\"@type\":\"ListItem\",\"position\":2,\"name\":\"\ud83d\udea8 Situa\u00e7\u00e3o delicada para clientes do Will Bank \ud83d\udea8\"}]},{\"@type\":\"WebSite\",\"@id\":\"https:\\\/\\\/ellotv.com.br\\\/site\\\/#website\",\"url\":\"https:\\\/\\\/ellotv.com.br\\\/site\\\/\",\"name\":\"ELLO TV\",\"description\":\"\",\"publisher\":{\"@id\":\"https:\\\/\\\/ellotv.com.br\\\/site\\\/#organization\"},\"potentialAction\":[{\"@type\":\"SearchAction\",\"target\":{\"@type\":\"EntryPoint\",\"urlTemplate\":\"https:\\\/\\\/ellotv.com.br\\\/site\\\/?s={search_term_string}\"},\"query-input\":{\"@type\":\"PropertyValueSpecification\",\"valueRequired\":true,\"valueName\":\"search_term_string\"}}],\"inLanguage\":\"pt-BR\"},{\"@type\":\"Organization\",\"@id\":\"https:\\\/\\\/ellotv.com.br\\\/site\\\/#organization\",\"name\":\"ELLO TV\",\"url\":\"https:\\\/\\\/ellotv.com.br\\\/site\\\/\",\"logo\":{\"@type\":\"ImageObject\",\"inLanguage\":\"pt-BR\",\"@id\":\"https:\\\/\\\/ellotv.com.br\\\/site\\\/#\\\/schema\\\/logo\\\/image\\\/\",\"url\":\"https:\\\/\\\/ellotv.com.br\\\/site\\\/wp-content\\\/uploads\\\/2025\\\/11\\\/ello-logo-2.fw_.png\",\"contentUrl\":\"https:\\\/\\\/ellotv.com.br\\\/site\\\/wp-content\\\/uploads\\\/2025\\\/11\\\/ello-logo-2.fw_.png\",\"width\":400,\"height\":146,\"caption\":\"ELLO TV\"},\"image\":{\"@id\":\"https:\\\/\\\/ellotv.com.br\\\/site\\\/#\\\/schema\\\/logo\\\/image\\\/\"}},{\"@type\":\"Person\",\"@id\":\"https:\\\/\\\/ellotv.com.br\\\/site\\\/#\\\/schema\\\/person\\\/2dbe3abaee38dcc7332fc8205cd2b15d\",\"name\":\"ELLO TV\",\"image\":{\"@type\":\"ImageObject\",\"inLanguage\":\"pt-BR\",\"@id\":\"https:\\\/\\\/secure.gravatar.com\\\/avatar\\\/c38242b9da8ec217ac3f0aaee31a54f7d7befb11b2b47fdbc8fb0fad60afa1c6?s=96&d=mm&r=g\",\"url\":\"https:\\\/\\\/secure.gravatar.com\\\/avatar\\\/c38242b9da8ec217ac3f0aaee31a54f7d7befb11b2b47fdbc8fb0fad60afa1c6?s=96&d=mm&r=g\",\"contentUrl\":\"https:\\\/\\\/secure.gravatar.com\\\/avatar\\\/c38242b9da8ec217ac3f0aaee31a54f7d7befb11b2b47fdbc8fb0fad60afa1c6?s=96&d=mm&r=g\",\"caption\":\"ELLO TV\"},\"url\":\"https:\\\/\\\/ellotv.com.br\\\/site\\\/author\\\/elloagencia\\\/\"}]}<\/script>\n<!-- \/ Yoast SEO plugin. -->","yoast_head_json":{"title":"\ud83d\udea8 Situa\u00e7\u00e3o delicada para clientes do Will Bank \ud83d\udea8 - Ello TV","description":"Clientes do Will Bank relatam bloqueio de saldo em conta ap\u00f3s crise da institui\u00e7\u00e3o; aplicativo permite apenas pagamento da fatura do cart\u00e3o, gerando preocupa\u00e7\u00e3o e incerteza.","robots":{"index":"index","follow":"follow","max-snippet":"max-snippet:-1","max-image-preview":"max-image-preview:large","max-video-preview":"max-video-preview:-1"},"canonical":"https:\/\/ellotv.com.br\/site\/2026\/01\/21\/\ud83d\udea8-situacao-delicada-para-clientes-do-will-bank-\ud83d\udea8\/","og_locale":"pt_BR","og_type":"article","og_title":"\ud83d\udea8 Situa\u00e7\u00e3o delicada para clientes do Will Bank \ud83d\udea8 - Ello TV","og_description":"Clientes do Will Bank relatam bloqueio de saldo em conta ap\u00f3s crise da institui\u00e7\u00e3o; aplicativo permite apenas pagamento da fatura do cart\u00e3o, gerando preocupa\u00e7\u00e3o e incerteza.","og_url":"https:\/\/ellotv.com.br\/site\/2026\/01\/21\/\ud83d\udea8-situacao-delicada-para-clientes-do-will-bank-\ud83d\udea8\/","og_site_name":"Ello TV","article_published_time":"2026-01-21T19:18:05+00:00","og_image":[{"width":1242,"height":1600,"url":"https:\/\/ellotv.com.br\/site\/wp-content\/uploads\/2026\/01\/WhatsApp-Image-2026-01-21-at-15.59.31.jpeg","type":"image\/jpeg"}],"author":"ELLO TV","twitter_card":"summary_large_image","twitter_misc":{"Escrito por":"ELLO TV"},"schema":{"@context":"https:\/\/schema.org","@graph":[{"@type":"Article","@id":"https:\/\/ellotv.com.br\/site\/2026\/01\/21\/%f0%9f%9a%a8-situacao-delicada-para-clientes-do-will-bank-%f0%9f%9a%a8\/#article","isPartOf":{"@id":"https:\/\/ellotv.com.br\/site\/2026\/01\/21\/%f0%9f%9a%a8-situacao-delicada-para-clientes-do-will-bank-%f0%9f%9a%a8\/"},"author":{"name":"ELLO TV","@id":"https:\/\/ellotv.com.br\/site\/#\/schema\/person\/2dbe3abaee38dcc7332fc8205cd2b15d"},"headline":"\ud83d\udea8 Situa\u00e7\u00e3o delicada para clientes do Will Bank \ud83d\udea8","datePublished":"2026-01-21T19:18:05+00:00","mainEntityOfPage":{"@id":"https:\/\/ellotv.com.br\/site\/2026\/01\/21\/%f0%9f%9a%a8-situacao-delicada-para-clientes-do-will-bank-%f0%9f%9a%a8\/"},"wordCount":81,"commentCount":0,"publisher":{"@id":"https:\/\/ellotv.com.br\/site\/#organization"},"image":{"@id":"https:\/\/ellotv.com.br\/site\/2026\/01\/21\/%f0%9f%9a%a8-situacao-delicada-para-clientes-do-will-bank-%f0%9f%9a%a8\/#primaryimage"},"thumbnailUrl":"https:\/\/ellotv.com.br\/site\/wp-content\/uploads\/2026\/01\/WhatsApp-Image-2026-01-21-at-15.59.31.jpeg","articleSection":["Brasil","Noticias"],"inLanguage":"pt-BR","potentialAction":[{"@type":"CommentAction","name":"Comment","target":["https:\/\/ellotv.com.br\/site\/2026\/01\/21\/%f0%9f%9a%a8-situacao-delicada-para-clientes-do-will-bank-%f0%9f%9a%a8\/#respond"]}]},{"@type":"WebPage","@id":"https:\/\/ellotv.com.br\/site\/2026\/01\/21\/%f0%9f%9a%a8-situacao-delicada-para-clientes-do-will-bank-%f0%9f%9a%a8\/","url":"https:\/\/ellotv.com.br\/site\/2026\/01\/21\/%f0%9f%9a%a8-situacao-delicada-para-clientes-do-will-bank-%f0%9f%9a%a8\/","name":"\ud83d\udea8 Situa\u00e7\u00e3o delicada para clientes do Will Bank \ud83d\udea8 - Ello TV","isPartOf":{"@id":"https:\/\/ellotv.com.br\/site\/#website"},"primaryImageOfPage":{"@id":"https:\/\/ellotv.com.br\/site\/2026\/01\/21\/%f0%9f%9a%a8-situacao-delicada-para-clientes-do-will-bank-%f0%9f%9a%a8\/#primaryimage"},"image":{"@id":"https:\/\/ellotv.com.br\/site\/2026\/01\/21\/%f0%9f%9a%a8-situacao-delicada-para-clientes-do-will-bank-%f0%9f%9a%a8\/#primaryimage"},"thumbnailUrl":"https:\/\/ellotv.com.br\/site\/wp-content\/uploads\/2026\/01\/WhatsApp-Image-2026-01-21-at-15.59.31.jpeg","datePublished":"2026-01-21T19:18:05+00:00","description":"Clientes do Will Bank relatam bloqueio de saldo em conta ap\u00f3s crise da institui\u00e7\u00e3o; aplicativo permite apenas pagamento da fatura do cart\u00e3o, gerando preocupa\u00e7\u00e3o e incerteza.","breadcrumb":{"@id":"https:\/\/ellotv.com.br\/site\/2026\/01\/21\/%f0%9f%9a%a8-situacao-delicada-para-clientes-do-will-bank-%f0%9f%9a%a8\/#breadcrumb"},"inLanguage":"pt-BR","potentialAction":[{"@type":"ReadAction","target":["https:\/\/ellotv.com.br\/site\/2026\/01\/21\/%f0%9f%9a%a8-situacao-delicada-para-clientes-do-will-bank-%f0%9f%9a%a8\/"]}]},{"@type":"ImageObject","inLanguage":"pt-BR","@id":"https:\/\/ellotv.com.br\/site\/2026\/01\/21\/%f0%9f%9a%a8-situacao-delicada-para-clientes-do-will-bank-%f0%9f%9a%a8\/#primaryimage","url":"https:\/\/ellotv.com.br\/site\/wp-content\/uploads\/2026\/01\/WhatsApp-Image-2026-01-21-at-15.59.31.jpeg","contentUrl":"https:\/\/ellotv.com.br\/site\/wp-content\/uploads\/2026\/01\/WhatsApp-Image-2026-01-21-at-15.59.31.jpeg","width":1242,"height":1600},{"@type":"BreadcrumbList","@id":"https:\/\/ellotv.com.br\/site\/2026\/01\/21\/%f0%9f%9a%a8-situacao-delicada-para-clientes-do-will-bank-%f0%9f%9a%a8\/#breadcrumb","itemListElement":[{"@type":"ListItem","position":1,"name":"In\u00edcio","item":"https:\/\/ellotv.com.br\/site\/"},{"@type":"ListItem","position":2,"name":"\ud83d\udea8 Situa\u00e7\u00e3o delicada para clientes do Will Bank \ud83d\udea8"}]},{"@type":"WebSite","@id":"https:\/\/ellotv.com.br\/site\/#website","url":"https:\/\/ellotv.com.br\/site\/","name":"ELLO TV","description":"","publisher":{"@id":"https:\/\/ellotv.com.br\/site\/#organization"},"potentialAction":[{"@type":"SearchAction","target":{"@type":"EntryPoint","urlTemplate":"https:\/\/ellotv.com.br\/site\/?s={search_term_string}"},"query-input":{"@type":"PropertyValueSpecification","valueRequired":true,"valueName":"search_term_string"}}],"inLanguage":"pt-BR"},{"@type":"Organization","@id":"https:\/\/ellotv.com.br\/site\/#organization","name":"ELLO TV","url":"https:\/\/ellotv.com.br\/site\/","logo":{"@type":"ImageObject","inLanguage":"pt-BR","@id":"https:\/\/ellotv.com.br\/site\/#\/schema\/logo\/image\/","url":"https:\/\/ellotv.com.br\/site\/wp-content\/uploads\/2025\/11\/ello-logo-2.fw_.png","contentUrl":"https:\/\/ellotv.com.br\/site\/wp-content\/uploads\/2025\/11\/ello-logo-2.fw_.png","width":400,"height":146,"caption":"ELLO TV"},"image":{"@id":"https:\/\/ellotv.com.br\/site\/#\/schema\/logo\/image\/"}},{"@type":"Person","@id":"https:\/\/ellotv.com.br\/site\/#\/schema\/person\/2dbe3abaee38dcc7332fc8205cd2b15d","name":"ELLO TV","image":{"@type":"ImageObject","inLanguage":"pt-BR","@id":"https:\/\/secure.gravatar.com\/avatar\/c38242b9da8ec217ac3f0aaee31a54f7d7befb11b2b47fdbc8fb0fad60afa1c6?s=96&d=mm&r=g","url":"https:\/\/secure.gravatar.com\/avatar\/c38242b9da8ec217ac3f0aaee31a54f7d7befb11b2b47fdbc8fb0fad60afa1c6?s=96&d=mm&r=g","contentUrl":"https:\/\/secure.gravatar.com\/avatar\/c38242b9da8ec217ac3f0aaee31a54f7d7befb11b2b47fdbc8fb0fad60afa1c6?s=96&d=mm&r=g","caption":"ELLO TV"},"url":"https:\/\/ellotv.com.br\/site\/author\/elloagencia\/"}]}},"featured_image_urls":{"full":["https:\/\/ellotv.com.br\/site\/wp-content\/uploads\/2026\/01\/WhatsApp-Image-2026-01-21-at-15.59.31.jpeg",1242,1600,false],"thumbnail":["https:\/\/ellotv.com.br\/site\/wp-content\/uploads\/2026\/01\/WhatsApp-Image-2026-01-21-at-15.59.31-150x150.jpeg",150,150,true],"medium":["https:\/\/ellotv.com.br\/site\/wp-content\/uploads\/2026\/01\/WhatsApp-Image-2026-01-21-at-15.59.31-233x300.jpeg",233,300,true],"medium_large":["https:\/\/ellotv.com.br\/site\/wp-content\/uploads\/2026\/01\/WhatsApp-Image-2026-01-21-at-15.59.31-768x989.jpeg",640,824,true],"large":["https:\/\/ellotv.com.br\/site\/wp-content\/uploads\/2026\/01\/WhatsApp-Image-2026-01-21-at-15.59.31-795x1024.jpeg",640,824,true],"1536x1536":["https:\/\/ellotv.com.br\/site\/wp-content\/uploads\/2026\/01\/WhatsApp-Image-2026-01-21-at-15.59.31-1192x1536.jpeg",1192,1536,true],"2048x2048":["https:\/\/ellotv.com.br\/site\/wp-content\/uploads\/2026\/01\/WhatsApp-Image-2026-01-21-at-15.59.31.jpeg",1242,1600,false],"darknews-slider-full":["https:\/\/ellotv.com.br\/site\/wp-content\/uploads\/2026\/01\/WhatsApp-Image-2026-01-21-at-15.59.31-1242x720.jpeg",1242,720,true],"darknews-featured":["https:\/\/ellotv.com.br\/site\/wp-content\/uploads\/2026\/01\/WhatsApp-Image-2026-01-21-at-15.59.31-1024x1319.jpeg",1024,1319,true],"darknews-medium":["https:\/\/ellotv.com.br\/site\/wp-content\/uploads\/2026\/01\/WhatsApp-Image-2026-01-21-at-15.59.31-720x530.jpeg",720,530,true],"darknews-medium-square":["https:\/\/ellotv.com.br\/site\/wp-content\/uploads\/2026\/01\/WhatsApp-Image-2026-01-21-at-15.59.31-350x350.jpeg",350,350,true]},"author_info":{"info":["ELLO TV"]},"category_info":"<a href=\"https:\/\/ellotv.com.br\/site\/category\/brasil\/\" rel=\"category tag\">Brasil<\/a> <a href=\"https:\/\/ellotv.com.br\/site\/category\/noticias\/\" rel=\"category tag\">Noticias<\/a>","tag_info":"Noticias","comment_count":"0","_links":{"self":[{"href":"https:\/\/ellotv.com.br\/site\/wp-json\/wp\/v2\/posts\/4548","targetHints":{"allow":["GET"]}}],"collection":[{"href":"https:\/\/ellotv.com.br\/site\/wp-json\/wp\/v2\/posts"}],"about":[{"href":"https:\/\/ellotv.com.br\/site\/wp-json\/wp\/v2\/types\/post"}],"author":[{"embeddable":true,"href":"https:\/\/ellotv.com.br\/site\/wp-json\/wp\/v2\/users\/2"}],"replies":[{"embeddable":true,"href":"https:\/\/ellotv.com.br\/site\/wp-json\/wp\/v2\/comments?post=4548"}],"version-history":[{"count":1,"href":"https:\/\/ellotv.com.br\/site\/wp-json\/wp\/v2\/posts\/4548\/revisions"}],"predecessor-version":[{"id":4550,"href":"https:\/\/ellotv.com.br\/site\/wp-json\/wp\/v2\/posts\/4548\/revisions\/4550"}],"wp:featuredmedia":[{"embeddable":true,"href":"https:\/\/ellotv.com.br\/site\/wp-json\/wp\/v2\/media\/4549"}],"wp:attachment":[{"href":"https:\/\/ellotv.com.br\/site\/wp-json\/wp\/v2\/media?parent=4548"}],"wp:term":[{"taxonomy":"category","embeddable":true,"href":"https:\/\/ellotv.com.br\/site\/wp-json\/wp\/v2\/categories?post=4548"},{"taxonomy":"post_tag","embeddable":true,"href":"https:\/\/ellotv.com.br\/site\/wp-json\/wp\/v2\/tags?post=4548"}],"curies":[{"name":"wp","href":"https:\/\/api.w.org\/{rel}","templated":true}]}}