{"id":4648,"date":"2026-01-27T11:20:09","date_gmt":"2026-01-27T14:20:09","guid":{"rendered":"https:\/\/ellotv.com.br\/site\/?p=4648"},"modified":"2026-01-27T11:20:09","modified_gmt":"2026-01-27T14:20:09","slug":"com-apenas-12-anos-estudante-da-escocia-cria-cobertor-aquecido-solar-para-pessoas-em-situacao-de-rua","status":"publish","type":"post","link":"https:\/\/ellotv.com.br\/site\/2026\/01\/27\/com-apenas-12-anos-estudante-da-escocia-cria-cobertor-aquecido-solar-para-pessoas-em-situacao-de-rua\/","title":{"rendered":"Com apenas 12 anos, estudante da Esc\u00f3cia cria cobertor aquecido solar para pessoas em situa\u00e7\u00e3o de rua"},"content":{"rendered":"<p>Com apenas 12 anos, Rebecca Young, moradora de Glasgow, na Esc\u00f3cia, j\u00e1 chama aten\u00e7\u00e3o internacional ao unir empatia e inova\u00e7\u00e3o para enfrentar um problema social urgente: a situa\u00e7\u00e3o de pessoas que vivem nas ruas em meio ao frio intenso.<\/p>\n<p>Sensibilizada ao ver moradores de rua dormindo nas cal\u00e7adas da cidade, a jovem desenvolveu um cobertor aquecido integrado a uma mochila, alimentado por energia solar. A ideia surgiu a partir de uma atividade escolar que desafiava os alunos a criarem solu\u00e7\u00f5es pr\u00e1ticas para quest\u00f5es reais da sociedade.<\/p>\n<p>O projeto consiste em um cobertor port\u00e1til, no formato de saco de dormir, que pode ser recarregado por pain\u00e9is solares durante o dia e fornecer at\u00e9 oito horas de aquecimento durante a noite. O equipamento \u00e9 resistente \u00e0 \u00e1gua, retardador de chamas e capaz de se adaptar \u00e0s varia\u00e7\u00f5es de temperatura. Al\u00e9m disso, conta com compartimentos para armazenar objetos pessoais, o que amplia sua utilidade para quem vive em situa\u00e7\u00e3o de vulnerabilidade.<\/p>\n<p>Para desenvolver o conceito, Rebecca pesquisou mochilas e sacos de dormir j\u00e1 existentes no mercado, buscando entender como tornar o design funcional, seguro e vi\u00e1vel. O esfor\u00e7o rendeu reconhecimento: o projeto conquistou o primeiro lugar em competi\u00e7\u00f5es de inova\u00e7\u00e3o nas etapas escocesa e nacional.<\/p>\n<p>A transforma\u00e7\u00e3o da ideia em um prot\u00f3tipo funcional foi poss\u00edvel gra\u00e7as ao apoio da empresa de engenharia Thales, parceira do programa educacional Primary Engineer. O modelo utiliza fios de cobre para gerar calor, estruturas flex\u00edveis que facilitam o transporte e pain\u00e9is solares respons\u00e1veis pela produ\u00e7\u00e3o de energia.<\/p>\n<p>Apresentado na Escola de Inova\u00e7\u00e3o da Kelvinside Academy, o prot\u00f3tipo j\u00e1 aponta para pr\u00f3ximos passos, como o registro de patente e uma poss\u00edvel produ\u00e7\u00e3o em escala. O projeto de Rebecca mostra que, quando empatia encontra engenharia, solu\u00e7\u00f5es com impacto social podem surgir desde cedo \u2014 e ajudar a aquecer muitas vidas.<\/p>\n","protected":false},"excerpt":{"rendered":"<p>Com apenas 12 anos, Rebecca Young, moradora de Glasgow, na Esc\u00f3cia, j\u00e1 chama aten\u00e7\u00e3o internacional ao unir empatia<\/p>\n","protected":false},"author":2,"featured_media":4649,"comment_status":"open","ping_status":"open","sticky":false,"template":"","format":"standard","meta":{"footnotes":""},"categories":[10,12,39],"tags":[],"class_list":["post-4648","post","type-post","status-publish","format-standard","has-post-thumbnail","hentry","category-mundo","category-noticias","category-tech"],"yoast_head":"<!-- This site is optimized with the Yoast SEO plugin v28.3 - https:\/\/yoast.com\/product\/yoast-seo-wordpress\/ -->\n<title>Com apenas 12 anos, estudante da Esc\u00f3cia cria cobertor aquecido solar para pessoas em situa\u00e7\u00e3o de rua - Ello TV<\/title>\n<meta name=\"description\" content=\"Estudante de 12 anos da Esc\u00f3cia cria cobertor aquecido com energia solar para ajudar pessoas em situa\u00e7\u00e3o de rua a enfrentar o frio intenso, unindo inova\u00e7\u00e3o, empatia e impacto social.\" \/>\n<meta name=\"robots\" content=\"index, follow, max-snippet:-1, max-image-preview:large, max-video-preview:-1\" \/>\n<link rel=\"canonical\" href=\"https:\/\/ellotv.com.br\/site\/2026\/01\/27\/com-apenas-12-anos-estudante-da-escocia-cria-cobertor-aquecido-solar-para-pessoas-em-situacao-de-rua\/\" \/>\n<meta property=\"og:locale\" content=\"pt_BR\" \/>\n<meta property=\"og:type\" content=\"article\" \/>\n<meta property=\"og:title\" content=\"Com apenas 12 anos, estudante da Esc\u00f3cia cria cobertor aquecido solar para pessoas em situa\u00e7\u00e3o de rua - Ello TV\" \/>\n<meta property=\"og:description\" content=\"Estudante de 12 anos da Esc\u00f3cia cria cobertor aquecido com energia solar para ajudar pessoas em situa\u00e7\u00e3o de rua a enfrentar o frio intenso, unindo inova\u00e7\u00e3o, empatia e impacto social.\" \/>\n<meta property=\"og:url\" content=\"https:\/\/ellotv.com.br\/site\/2026\/01\/27\/com-apenas-12-anos-estudante-da-escocia-cria-cobertor-aquecido-solar-para-pessoas-em-situacao-de-rua\/\" \/>\n<meta property=\"og:site_name\" content=\"Ello TV\" \/>\n<meta property=\"article:published_time\" content=\"2026-01-27T14:20:09+00:00\" \/>\n<meta property=\"og:image\" content=\"https:\/\/ellotv.com.br\/site\/wp-content\/uploads\/2026\/01\/WhatsApp-Image-2026-01-27-at-11.17.22.jpeg\" \/>\n\t<meta property=\"og:image:width\" content=\"1152\" \/>\n\t<meta property=\"og:image:height\" content=\"768\" \/>\n\t<meta property=\"og:image:type\" content=\"image\/jpeg\" \/>\n<meta name=\"author\" content=\"ELLO TV\" \/>\n<meta name=\"twitter:card\" content=\"summary_large_image\" \/>\n<meta name=\"twitter:label1\" content=\"Escrito por\" \/>\n\t<meta name=\"twitter:data1\" content=\"ELLO TV\" \/>\n\t<meta name=\"twitter:label2\" content=\"Est. tempo de leitura\" \/>\n\t<meta name=\"twitter:data2\" content=\"2 minutos\" \/>\n<script type=\"application\/ld+json\" class=\"yoast-schema-graph\">{\"@context\":\"https:\\\/\\\/schema.org\",\"@graph\":[{\"@type\":\"Article\",\"@id\":\"https:\\\/\\\/ellotv.com.br\\\/site\\\/2026\\\/01\\\/27\\\/com-apenas-12-anos-estudante-da-escocia-cria-cobertor-aquecido-solar-para-pessoas-em-situacao-de-rua\\\/#article\",\"isPartOf\":{\"@id\":\"https:\\\/\\\/ellotv.com.br\\\/site\\\/2026\\\/01\\\/27\\\/com-apenas-12-anos-estudante-da-escocia-cria-cobertor-aquecido-solar-para-pessoas-em-situacao-de-rua\\\/\"},\"author\":{\"name\":\"ELLO TV\",\"@id\":\"https:\\\/\\\/ellotv.com.br\\\/site\\\/#\\\/schema\\\/person\\\/2dbe3abaee38dcc7332fc8205cd2b15d\"},\"headline\":\"Com apenas 12 anos, estudante da Esc\u00f3cia cria cobertor aquecido solar para pessoas em situa\u00e7\u00e3o de rua\",\"datePublished\":\"2026-01-27T14:20:09+00:00\",\"mainEntityOfPage\":{\"@id\":\"https:\\\/\\\/ellotv.com.br\\\/site\\\/2026\\\/01\\\/27\\\/com-apenas-12-anos-estudante-da-escocia-cria-cobertor-aquecido-solar-para-pessoas-em-situacao-de-rua\\\/\"},\"wordCount\":345,\"commentCount\":0,\"publisher\":{\"@id\":\"https:\\\/\\\/ellotv.com.br\\\/site\\\/#organization\"},\"image\":{\"@id\":\"https:\\\/\\\/ellotv.com.br\\\/site\\\/2026\\\/01\\\/27\\\/com-apenas-12-anos-estudante-da-escocia-cria-cobertor-aquecido-solar-para-pessoas-em-situacao-de-rua\\\/#primaryimage\"},\"thumbnailUrl\":\"https:\\\/\\\/ellotv.com.br\\\/site\\\/wp-content\\\/uploads\\\/2026\\\/01\\\/WhatsApp-Image-2026-01-27-at-11.17.22.jpeg\",\"articleSection\":[\"Mundo\",\"Noticias\",\"Tech\"],\"inLanguage\":\"pt-BR\",\"potentialAction\":[{\"@type\":\"CommentAction\",\"name\":\"Comment\",\"target\":[\"https:\\\/\\\/ellotv.com.br\\\/site\\\/2026\\\/01\\\/27\\\/com-apenas-12-anos-estudante-da-escocia-cria-cobertor-aquecido-solar-para-pessoas-em-situacao-de-rua\\\/#respond\"]}]},{\"@type\":\"WebPage\",\"@id\":\"https:\\\/\\\/ellotv.com.br\\\/site\\\/2026\\\/01\\\/27\\\/com-apenas-12-anos-estudante-da-escocia-cria-cobertor-aquecido-solar-para-pessoas-em-situacao-de-rua\\\/\",\"url\":\"https:\\\/\\\/ellotv.com.br\\\/site\\\/2026\\\/01\\\/27\\\/com-apenas-12-anos-estudante-da-escocia-cria-cobertor-aquecido-solar-para-pessoas-em-situacao-de-rua\\\/\",\"name\":\"Com apenas 12 anos, estudante da Esc\u00f3cia cria cobertor aquecido solar para pessoas em situa\u00e7\u00e3o de rua - Ello TV\",\"isPartOf\":{\"@id\":\"https:\\\/\\\/ellotv.com.br\\\/site\\\/#website\"},\"primaryImageOfPage\":{\"@id\":\"https:\\\/\\\/ellotv.com.br\\\/site\\\/2026\\\/01\\\/27\\\/com-apenas-12-anos-estudante-da-escocia-cria-cobertor-aquecido-solar-para-pessoas-em-situacao-de-rua\\\/#primaryimage\"},\"image\":{\"@id\":\"https:\\\/\\\/ellotv.com.br\\\/site\\\/2026\\\/01\\\/27\\\/com-apenas-12-anos-estudante-da-escocia-cria-cobertor-aquecido-solar-para-pessoas-em-situacao-de-rua\\\/#primaryimage\"},\"thumbnailUrl\":\"https:\\\/\\\/ellotv.com.br\\\/site\\\/wp-content\\\/uploads\\\/2026\\\/01\\\/WhatsApp-Image-2026-01-27-at-11.17.22.jpeg\",\"datePublished\":\"2026-01-27T14:20:09+00:00\",\"description\":\"Estudante de 12 anos da Esc\u00f3cia cria cobertor aquecido com energia solar para ajudar pessoas em situa\u00e7\u00e3o de rua a enfrentar o frio intenso, unindo inova\u00e7\u00e3o, empatia e impacto social.\",\"breadcrumb\":{\"@id\":\"https:\\\/\\\/ellotv.com.br\\\/site\\\/2026\\\/01\\\/27\\\/com-apenas-12-anos-estudante-da-escocia-cria-cobertor-aquecido-solar-para-pessoas-em-situacao-de-rua\\\/#breadcrumb\"},\"inLanguage\":\"pt-BR\",\"potentialAction\":[{\"@type\":\"ReadAction\",\"target\":[\"https:\\\/\\\/ellotv.com.br\\\/site\\\/2026\\\/01\\\/27\\\/com-apenas-12-anos-estudante-da-escocia-cria-cobertor-aquecido-solar-para-pessoas-em-situacao-de-rua\\\/\"]}]},{\"@type\":\"ImageObject\",\"inLanguage\":\"pt-BR\",\"@id\":\"https:\\\/\\\/ellotv.com.br\\\/site\\\/2026\\\/01\\\/27\\\/com-apenas-12-anos-estudante-da-escocia-cria-cobertor-aquecido-solar-para-pessoas-em-situacao-de-rua\\\/#primaryimage\",\"url\":\"https:\\\/\\\/ellotv.com.br\\\/site\\\/wp-content\\\/uploads\\\/2026\\\/01\\\/WhatsApp-Image-2026-01-27-at-11.17.22.jpeg\",\"contentUrl\":\"https:\\\/\\\/ellotv.com.br\\\/site\\\/wp-content\\\/uploads\\\/2026\\\/01\\\/WhatsApp-Image-2026-01-27-at-11.17.22.jpeg\",\"width\":1152,\"height\":768},{\"@type\":\"BreadcrumbList\",\"@id\":\"https:\\\/\\\/ellotv.com.br\\\/site\\\/2026\\\/01\\\/27\\\/com-apenas-12-anos-estudante-da-escocia-cria-cobertor-aquecido-solar-para-pessoas-em-situacao-de-rua\\\/#breadcrumb\",\"itemListElement\":[{\"@type\":\"ListItem\",\"position\":1,\"name\":\"In\u00edcio\",\"item\":\"https:\\\/\\\/ellotv.com.br\\\/site\\\/\"},{\"@type\":\"ListItem\",\"position\":2,\"name\":\"Com apenas 12 anos, estudante da Esc\u00f3cia cria cobertor aquecido solar para pessoas em situa\u00e7\u00e3o de rua\"}]},{\"@type\":\"WebSite\",\"@id\":\"https:\\\/\\\/ellotv.com.br\\\/site\\\/#website\",\"url\":\"https:\\\/\\\/ellotv.com.br\\\/site\\\/\",\"name\":\"ELLO TV\",\"description\":\"\",\"publisher\":{\"@id\":\"https:\\\/\\\/ellotv.com.br\\\/site\\\/#organization\"},\"potentialAction\":[{\"@type\":\"SearchAction\",\"target\":{\"@type\":\"EntryPoint\",\"urlTemplate\":\"https:\\\/\\\/ellotv.com.br\\\/site\\\/?s={search_term_string}\"},\"query-input\":{\"@type\":\"PropertyValueSpecification\",\"valueRequired\":true,\"valueName\":\"search_term_string\"}}],\"inLanguage\":\"pt-BR\"},{\"@type\":\"Organization\",\"@id\":\"https:\\\/\\\/ellotv.com.br\\\/site\\\/#organization\",\"name\":\"ELLO TV\",\"url\":\"https:\\\/\\\/ellotv.com.br\\\/site\\\/\",\"logo\":{\"@type\":\"ImageObject\",\"inLanguage\":\"pt-BR\",\"@id\":\"https:\\\/\\\/ellotv.com.br\\\/site\\\/#\\\/schema\\\/logo\\\/image\\\/\",\"url\":\"https:\\\/\\\/ellotv.com.br\\\/site\\\/wp-content\\\/uploads\\\/2025\\\/11\\\/ello-logo-2.fw_.png\",\"contentUrl\":\"https:\\\/\\\/ellotv.com.br\\\/site\\\/wp-content\\\/uploads\\\/2025\\\/11\\\/ello-logo-2.fw_.png\",\"width\":400,\"height\":146,\"caption\":\"ELLO TV\"},\"image\":{\"@id\":\"https:\\\/\\\/ellotv.com.br\\\/site\\\/#\\\/schema\\\/logo\\\/image\\\/\"}},{\"@type\":\"Person\",\"@id\":\"https:\\\/\\\/ellotv.com.br\\\/site\\\/#\\\/schema\\\/person\\\/2dbe3abaee38dcc7332fc8205cd2b15d\",\"name\":\"ELLO TV\",\"image\":{\"@type\":\"ImageObject\",\"inLanguage\":\"pt-BR\",\"@id\":\"https:\\\/\\\/secure.gravatar.com\\\/avatar\\\/c38242b9da8ec217ac3f0aaee31a54f7d7befb11b2b47fdbc8fb0fad60afa1c6?s=96&d=mm&r=g\",\"url\":\"https:\\\/\\\/secure.gravatar.com\\\/avatar\\\/c38242b9da8ec217ac3f0aaee31a54f7d7befb11b2b47fdbc8fb0fad60afa1c6?s=96&d=mm&r=g\",\"contentUrl\":\"https:\\\/\\\/secure.gravatar.com\\\/avatar\\\/c38242b9da8ec217ac3f0aaee31a54f7d7befb11b2b47fdbc8fb0fad60afa1c6?s=96&d=mm&r=g\",\"caption\":\"ELLO TV\"},\"url\":\"https:\\\/\\\/ellotv.com.br\\\/site\\\/author\\\/elloagencia\\\/\"}]}<\/script>\n<!-- \/ Yoast SEO plugin. -->","yoast_head_json":{"title":"Com apenas 12 anos, estudante da Esc\u00f3cia cria cobertor aquecido solar para pessoas em situa\u00e7\u00e3o de rua - Ello TV","description":"Estudante de 12 anos da Esc\u00f3cia cria cobertor aquecido com energia solar para ajudar pessoas em situa\u00e7\u00e3o de rua a enfrentar o frio intenso, unindo inova\u00e7\u00e3o, empatia e impacto social.","robots":{"index":"index","follow":"follow","max-snippet":"max-snippet:-1","max-image-preview":"max-image-preview:large","max-video-preview":"max-video-preview:-1"},"canonical":"https:\/\/ellotv.com.br\/site\/2026\/01\/27\/com-apenas-12-anos-estudante-da-escocia-cria-cobertor-aquecido-solar-para-pessoas-em-situacao-de-rua\/","og_locale":"pt_BR","og_type":"article","og_title":"Com apenas 12 anos, estudante da Esc\u00f3cia cria cobertor aquecido solar para pessoas em situa\u00e7\u00e3o de rua - Ello TV","og_description":"Estudante de 12 anos da Esc\u00f3cia cria cobertor aquecido com energia solar para ajudar pessoas em situa\u00e7\u00e3o de rua a enfrentar o frio intenso, unindo inova\u00e7\u00e3o, empatia e impacto social.","og_url":"https:\/\/ellotv.com.br\/site\/2026\/01\/27\/com-apenas-12-anos-estudante-da-escocia-cria-cobertor-aquecido-solar-para-pessoas-em-situacao-de-rua\/","og_site_name":"Ello TV","article_published_time":"2026-01-27T14:20:09+00:00","og_image":[{"width":1152,"height":768,"url":"https:\/\/ellotv.com.br\/site\/wp-content\/uploads\/2026\/01\/WhatsApp-Image-2026-01-27-at-11.17.22.jpeg","type":"image\/jpeg"}],"author":"ELLO TV","twitter_card":"summary_large_image","twitter_misc":{"Escrito por":"ELLO TV","Est. tempo de leitura":"2 minutos"},"schema":{"@context":"https:\/\/schema.org","@graph":[{"@type":"Article","@id":"https:\/\/ellotv.com.br\/site\/2026\/01\/27\/com-apenas-12-anos-estudante-da-escocia-cria-cobertor-aquecido-solar-para-pessoas-em-situacao-de-rua\/#article","isPartOf":{"@id":"https:\/\/ellotv.com.br\/site\/2026\/01\/27\/com-apenas-12-anos-estudante-da-escocia-cria-cobertor-aquecido-solar-para-pessoas-em-situacao-de-rua\/"},"author":{"name":"ELLO TV","@id":"https:\/\/ellotv.com.br\/site\/#\/schema\/person\/2dbe3abaee38dcc7332fc8205cd2b15d"},"headline":"Com apenas 12 anos, estudante da Esc\u00f3cia cria cobertor aquecido solar para pessoas em situa\u00e7\u00e3o de rua","datePublished":"2026-01-27T14:20:09+00:00","mainEntityOfPage":{"@id":"https:\/\/ellotv.com.br\/site\/2026\/01\/27\/com-apenas-12-anos-estudante-da-escocia-cria-cobertor-aquecido-solar-para-pessoas-em-situacao-de-rua\/"},"wordCount":345,"commentCount":0,"publisher":{"@id":"https:\/\/ellotv.com.br\/site\/#organization"},"image":{"@id":"https:\/\/ellotv.com.br\/site\/2026\/01\/27\/com-apenas-12-anos-estudante-da-escocia-cria-cobertor-aquecido-solar-para-pessoas-em-situacao-de-rua\/#primaryimage"},"thumbnailUrl":"https:\/\/ellotv.com.br\/site\/wp-content\/uploads\/2026\/01\/WhatsApp-Image-2026-01-27-at-11.17.22.jpeg","articleSection":["Mundo","Noticias","Tech"],"inLanguage":"pt-BR","potentialAction":[{"@type":"CommentAction","name":"Comment","target":["https:\/\/ellotv.com.br\/site\/2026\/01\/27\/com-apenas-12-anos-estudante-da-escocia-cria-cobertor-aquecido-solar-para-pessoas-em-situacao-de-rua\/#respond"]}]},{"@type":"WebPage","@id":"https:\/\/ellotv.com.br\/site\/2026\/01\/27\/com-apenas-12-anos-estudante-da-escocia-cria-cobertor-aquecido-solar-para-pessoas-em-situacao-de-rua\/","url":"https:\/\/ellotv.com.br\/site\/2026\/01\/27\/com-apenas-12-anos-estudante-da-escocia-cria-cobertor-aquecido-solar-para-pessoas-em-situacao-de-rua\/","name":"Com apenas 12 anos, estudante da Esc\u00f3cia cria cobertor aquecido solar para pessoas em situa\u00e7\u00e3o de rua - Ello TV","isPartOf":{"@id":"https:\/\/ellotv.com.br\/site\/#website"},"primaryImageOfPage":{"@id":"https:\/\/ellotv.com.br\/site\/2026\/01\/27\/com-apenas-12-anos-estudante-da-escocia-cria-cobertor-aquecido-solar-para-pessoas-em-situacao-de-rua\/#primaryimage"},"image":{"@id":"https:\/\/ellotv.com.br\/site\/2026\/01\/27\/com-apenas-12-anos-estudante-da-escocia-cria-cobertor-aquecido-solar-para-pessoas-em-situacao-de-rua\/#primaryimage"},"thumbnailUrl":"https:\/\/ellotv.com.br\/site\/wp-content\/uploads\/2026\/01\/WhatsApp-Image-2026-01-27-at-11.17.22.jpeg","datePublished":"2026-01-27T14:20:09+00:00","description":"Estudante de 12 anos da Esc\u00f3cia cria cobertor aquecido com energia solar para ajudar pessoas em situa\u00e7\u00e3o de rua a enfrentar o frio intenso, unindo inova\u00e7\u00e3o, empatia e impacto social.","breadcrumb":{"@id":"https:\/\/ellotv.com.br\/site\/2026\/01\/27\/com-apenas-12-anos-estudante-da-escocia-cria-cobertor-aquecido-solar-para-pessoas-em-situacao-de-rua\/#breadcrumb"},"inLanguage":"pt-BR","potentialAction":[{"@type":"ReadAction","target":["https:\/\/ellotv.com.br\/site\/2026\/01\/27\/com-apenas-12-anos-estudante-da-escocia-cria-cobertor-aquecido-solar-para-pessoas-em-situacao-de-rua\/"]}]},{"@type":"ImageObject","inLanguage":"pt-BR","@id":"https:\/\/ellotv.com.br\/site\/2026\/01\/27\/com-apenas-12-anos-estudante-da-escocia-cria-cobertor-aquecido-solar-para-pessoas-em-situacao-de-rua\/#primaryimage","url":"https:\/\/ellotv.com.br\/site\/wp-content\/uploads\/2026\/01\/WhatsApp-Image-2026-01-27-at-11.17.22.jpeg","contentUrl":"https:\/\/ellotv.com.br\/site\/wp-content\/uploads\/2026\/01\/WhatsApp-Image-2026-01-27-at-11.17.22.jpeg","width":1152,"height":768},{"@type":"BreadcrumbList","@id":"https:\/\/ellotv.com.br\/site\/2026\/01\/27\/com-apenas-12-anos-estudante-da-escocia-cria-cobertor-aquecido-solar-para-pessoas-em-situacao-de-rua\/#breadcrumb","itemListElement":[{"@type":"ListItem","position":1,"name":"In\u00edcio","item":"https:\/\/ellotv.com.br\/site\/"},{"@type":"ListItem","position":2,"name":"Com apenas 12 anos, estudante da Esc\u00f3cia cria cobertor aquecido solar para pessoas em situa\u00e7\u00e3o de rua"}]},{"@type":"WebSite","@id":"https:\/\/ellotv.com.br\/site\/#website","url":"https:\/\/ellotv.com.br\/site\/","name":"ELLO TV","description":"","publisher":{"@id":"https:\/\/ellotv.com.br\/site\/#organization"},"potentialAction":[{"@type":"SearchAction","target":{"@type":"EntryPoint","urlTemplate":"https:\/\/ellotv.com.br\/site\/?s={search_term_string}"},"query-input":{"@type":"PropertyValueSpecification","valueRequired":true,"valueName":"search_term_string"}}],"inLanguage":"pt-BR"},{"@type":"Organization","@id":"https:\/\/ellotv.com.br\/site\/#organization","name":"ELLO TV","url":"https:\/\/ellotv.com.br\/site\/","logo":{"@type":"ImageObject","inLanguage":"pt-BR","@id":"https:\/\/ellotv.com.br\/site\/#\/schema\/logo\/image\/","url":"https:\/\/ellotv.com.br\/site\/wp-content\/uploads\/2025\/11\/ello-logo-2.fw_.png","contentUrl":"https:\/\/ellotv.com.br\/site\/wp-content\/uploads\/2025\/11\/ello-logo-2.fw_.png","width":400,"height":146,"caption":"ELLO TV"},"image":{"@id":"https:\/\/ellotv.com.br\/site\/#\/schema\/logo\/image\/"}},{"@type":"Person","@id":"https:\/\/ellotv.com.br\/site\/#\/schema\/person\/2dbe3abaee38dcc7332fc8205cd2b15d","name":"ELLO TV","image":{"@type":"ImageObject","inLanguage":"pt-BR","@id":"https:\/\/secure.gravatar.com\/avatar\/c38242b9da8ec217ac3f0aaee31a54f7d7befb11b2b47fdbc8fb0fad60afa1c6?s=96&d=mm&r=g","url":"https:\/\/secure.gravatar.com\/avatar\/c38242b9da8ec217ac3f0aaee31a54f7d7befb11b2b47fdbc8fb0fad60afa1c6?s=96&d=mm&r=g","contentUrl":"https:\/\/secure.gravatar.com\/avatar\/c38242b9da8ec217ac3f0aaee31a54f7d7befb11b2b47fdbc8fb0fad60afa1c6?s=96&d=mm&r=g","caption":"ELLO TV"},"url":"https:\/\/ellotv.com.br\/site\/author\/elloagencia\/"}]}},"featured_image_urls":{"full":["https:\/\/ellotv.com.br\/site\/wp-content\/uploads\/2026\/01\/WhatsApp-Image-2026-01-27-at-11.17.22.jpeg",1152,768,false],"thumbnail":["https:\/\/ellotv.com.br\/site\/wp-content\/uploads\/2026\/01\/WhatsApp-Image-2026-01-27-at-11.17.22-150x150.jpeg",150,150,true],"medium":["https:\/\/ellotv.com.br\/site\/wp-content\/uploads\/2026\/01\/WhatsApp-Image-2026-01-27-at-11.17.22-300x200.jpeg",300,200,true],"medium_large":["https:\/\/ellotv.com.br\/site\/wp-content\/uploads\/2026\/01\/WhatsApp-Image-2026-01-27-at-11.17.22-768x512.jpeg",640,427,true],"large":["https:\/\/ellotv.com.br\/site\/wp-content\/uploads\/2026\/01\/WhatsApp-Image-2026-01-27-at-11.17.22-1024x683.jpeg",640,427,true],"1536x1536":["https:\/\/ellotv.com.br\/site\/wp-content\/uploads\/2026\/01\/WhatsApp-Image-2026-01-27-at-11.17.22.jpeg",1152,768,false],"2048x2048":["https:\/\/ellotv.com.br\/site\/wp-content\/uploads\/2026\/01\/WhatsApp-Image-2026-01-27-at-11.17.22.jpeg",1152,768,false],"darknews-slider-full":["https:\/\/ellotv.com.br\/site\/wp-content\/uploads\/2026\/01\/WhatsApp-Image-2026-01-27-at-11.17.22-1152x720.jpeg",1152,720,true],"darknews-featured":["https:\/\/ellotv.com.br\/site\/wp-content\/uploads\/2026\/01\/WhatsApp-Image-2026-01-27-at-11.17.22-1024x683.jpeg",1024,683,true],"darknews-medium":["https:\/\/ellotv.com.br\/site\/wp-content\/uploads\/2026\/01\/WhatsApp-Image-2026-01-27-at-11.17.22-720x530.jpeg",720,530,true],"darknews-medium-square":["https:\/\/ellotv.com.br\/site\/wp-content\/uploads\/2026\/01\/WhatsApp-Image-2026-01-27-at-11.17.22-350x350.jpeg",350,350,true]},"author_info":{"info":["ELLO TV"]},"category_info":"<a href=\"https:\/\/ellotv.com.br\/site\/category\/mundo\/\" rel=\"category tag\">Mundo<\/a> <a href=\"https:\/\/ellotv.com.br\/site\/category\/noticias\/\" rel=\"category tag\">Noticias<\/a> <a href=\"https:\/\/ellotv.com.br\/site\/category\/tech\/\" rel=\"category tag\">Tech<\/a>","tag_info":"Tech","comment_count":"0","_links":{"self":[{"href":"https:\/\/ellotv.com.br\/site\/wp-json\/wp\/v2\/posts\/4648","targetHints":{"allow":["GET"]}}],"collection":[{"href":"https:\/\/ellotv.com.br\/site\/wp-json\/wp\/v2\/posts"}],"about":[{"href":"https:\/\/ellotv.com.br\/site\/wp-json\/wp\/v2\/types\/post"}],"author":[{"embeddable":true,"href":"https:\/\/ellotv.com.br\/site\/wp-json\/wp\/v2\/users\/2"}],"replies":[{"embeddable":true,"href":"https:\/\/ellotv.com.br\/site\/wp-json\/wp\/v2\/comments?post=4648"}],"version-history":[{"count":1,"href":"https:\/\/ellotv.com.br\/site\/wp-json\/wp\/v2\/posts\/4648\/revisions"}],"predecessor-version":[{"id":4650,"href":"https:\/\/ellotv.com.br\/site\/wp-json\/wp\/v2\/posts\/4648\/revisions\/4650"}],"wp:featuredmedia":[{"embeddable":true,"href":"https:\/\/ellotv.com.br\/site\/wp-json\/wp\/v2\/media\/4649"}],"wp:attachment":[{"href":"https:\/\/ellotv.com.br\/site\/wp-json\/wp\/v2\/media?parent=4648"}],"wp:term":[{"taxonomy":"category","embeddable":true,"href":"https:\/\/ellotv.com.br\/site\/wp-json\/wp\/v2\/categories?post=4648"},{"taxonomy":"post_tag","embeddable":true,"href":"https:\/\/ellotv.com.br\/site\/wp-json\/wp\/v2\/tags?post=4648"}],"curies":[{"name":"wp","href":"https:\/\/api.w.org\/{rel}","templated":true}]}}