{"id":4655,"date":"2026-01-27T14:27:53","date_gmt":"2026-01-27T17:27:53","guid":{"rendered":"https:\/\/ellotv.com.br\/site\/?p=4655"},"modified":"2026-01-27T14:27:53","modified_gmt":"2026-01-27T17:27:53","slug":"pernambuco-assume-o-primeiro-lugar-no-nordeste-em-geracao-de-empregos","status":"publish","type":"post","link":"https:\/\/ellotv.com.br\/site\/2026\/01\/27\/pernambuco-assume-o-primeiro-lugar-no-nordeste-em-geracao-de-empregos\/","title":{"rendered":"Pernambuco assume o primeiro lugar no Nordeste em gera\u00e7\u00e3o de empregos"},"content":{"rendered":"<div>Pernambuco confirmou sua lideran\u00e7a na gera\u00e7\u00e3o de empregos formais no Nordeste em 2025, consolidando-se como um dos estados com melhor desempenho no pa\u00eds no mercado de trabalho. Segundo os dados mais recentes do Novo Cadastro Geral de Empregados e Desempregados (Novo Caged), o estado teve resultados expressivos ao longo do ano.<\/div>\n<div><\/div>\n<div>\u2705 Saldo acumulado de empregos em 2025: at\u00e9 novembro, foram criados 81.687 novos postos de trabalho com carteira assinada em Pernambuco. Esse resultado coloca o estado no topo entre os estados do Nordeste e entre os tr\u00eas maiores geradores de empregos do Brasil no per\u00edodo.<\/div>\n<div><\/div>\n<div>\ud83d\udcca Desempenho mensal destacado:<\/div>\n<div>\u2022Em novembro de 2025, o estado registrou um saldo positivo de 8.996 empregos formais, um crescimento de 62% em compara\u00e7\u00e3o com novembro de 2024.<\/div>\n<div>\u2022Setembro de 2025 tamb\u00e9m foi destaque, com aproximadamente 15,6 mil novas vagas com carteira assinada, impulsionando a lideran\u00e7a da gera\u00e7\u00e3o de empregos no Nordeste.<\/div>\n<div>\u2022No acumulado at\u00e9 agosto de 2025, o estado j\u00e1 tinha registrado 45.899 novos postos de trabalho.<\/div>\n<div><\/div>\n<div>\ud83d\udcbc Setores que puxaram a gera\u00e7\u00e3o de empregos:<\/div>\n<div>Os setores de Servi\u00e7os, Com\u00e9rcio, Constru\u00e7\u00e3o Civil e Ind\u00fastria foram respons\u00e1veis por grande parte das vagas criadas ao longo do ano, refletindo a recupera\u00e7\u00e3o econ\u00f4mica e a diversifica\u00e7\u00e3o do mercado de trabalho em Pernambuco.<\/div>\n<div><\/div>\n<div>\ud83d\udccc Esses resultados mostram que Pernambuco segue com forte desempenho no mercado de trabalho formal, abrindo mais oportunidades e fortalecendo sua economia frente aos demais estados nordestinos e tamb\u00e9m no cen\u00e1rio nacional.<\/div>\n","protected":false},"excerpt":{"rendered":"<p>Pernambuco confirmou sua lideran\u00e7a na gera\u00e7\u00e3o de empregos formais no Nordeste em 2025, consolidando-se como um dos estados<\/p>\n","protected":false},"author":2,"featured_media":4656,"comment_status":"open","ping_status":"open","sticky":false,"template":"","format":"standard","meta":{"footnotes":""},"categories":[8,12,9],"tags":[],"class_list":["post-4655","post","type-post","status-publish","format-standard","has-post-thumbnail","hentry","category-brasil","category-noticias","category-regional"],"yoast_head":"<!-- This site is optimized with the Yoast SEO plugin v28.3 - https:\/\/yoast.com\/product\/yoast-seo-wordpress\/ -->\n<title>Pernambuco assume o primeiro lugar no Nordeste em gera\u00e7\u00e3o de empregos - Ello TV<\/title>\n<meta name=\"description\" content=\"Pernambuco criou mais de 81 mil empregos formais em 2025 e lidera o ranking do Nordeste, com destaque para os setores de servi\u00e7os, com\u00e9rcio, ind\u00fastria e constru\u00e7\u00e3o civil.\" \/>\n<meta name=\"robots\" content=\"index, follow, max-snippet:-1, max-image-preview:large, max-video-preview:-1\" \/>\n<link rel=\"canonical\" href=\"https:\/\/ellotv.com.br\/site\/2026\/01\/27\/pernambuco-assume-o-primeiro-lugar-no-nordeste-em-geracao-de-empregos\/\" \/>\n<meta property=\"og:locale\" content=\"pt_BR\" \/>\n<meta property=\"og:type\" content=\"article\" \/>\n<meta property=\"og:title\" content=\"Pernambuco assume o primeiro lugar no Nordeste em gera\u00e7\u00e3o de empregos - Ello TV\" \/>\n<meta property=\"og:description\" content=\"Pernambuco criou mais de 81 mil empregos formais em 2025 e lidera o ranking do Nordeste, com destaque para os setores de servi\u00e7os, com\u00e9rcio, ind\u00fastria e constru\u00e7\u00e3o civil.\" \/>\n<meta property=\"og:url\" content=\"https:\/\/ellotv.com.br\/site\/2026\/01\/27\/pernambuco-assume-o-primeiro-lugar-no-nordeste-em-geracao-de-empregos\/\" \/>\n<meta property=\"og:site_name\" content=\"Ello TV\" \/>\n<meta property=\"article:published_time\" content=\"2026-01-27T17:27:53+00:00\" \/>\n<meta property=\"og:image\" content=\"https:\/\/ellotv.com.br\/site\/wp-content\/uploads\/2026\/01\/WhatsApp-Image-2026-01-27-at-12.55.08.jpeg\" \/>\n\t<meta property=\"og:image:width\" content=\"1357\" \/>\n\t<meta property=\"og:image:height\" content=\"900\" \/>\n\t<meta property=\"og:image:type\" content=\"image\/jpeg\" \/>\n<meta name=\"author\" content=\"ELLO TV\" \/>\n<meta name=\"twitter:card\" content=\"summary_large_image\" \/>\n<meta name=\"twitter:label1\" content=\"Escrito por\" \/>\n\t<meta name=\"twitter:data1\" content=\"ELLO TV\" \/>\n\t<meta name=\"twitter:label2\" content=\"Est. tempo de leitura\" \/>\n\t<meta name=\"twitter:data2\" content=\"1 minuto\" \/>\n<script type=\"application\/ld+json\" class=\"yoast-schema-graph\">{\"@context\":\"https:\\\/\\\/schema.org\",\"@graph\":[{\"@type\":\"Article\",\"@id\":\"https:\\\/\\\/ellotv.com.br\\\/site\\\/2026\\\/01\\\/27\\\/pernambuco-assume-o-primeiro-lugar-no-nordeste-em-geracao-de-empregos\\\/#article\",\"isPartOf\":{\"@id\":\"https:\\\/\\\/ellotv.com.br\\\/site\\\/2026\\\/01\\\/27\\\/pernambuco-assume-o-primeiro-lugar-no-nordeste-em-geracao-de-empregos\\\/\"},\"author\":{\"name\":\"ELLO TV\",\"@id\":\"https:\\\/\\\/ellotv.com.br\\\/site\\\/#\\\/schema\\\/person\\\/2dbe3abaee38dcc7332fc8205cd2b15d\"},\"headline\":\"Pernambuco assume o primeiro lugar no Nordeste em gera\u00e7\u00e3o de empregos\",\"datePublished\":\"2026-01-27T17:27:53+00:00\",\"mainEntityOfPage\":{\"@id\":\"https:\\\/\\\/ellotv.com.br\\\/site\\\/2026\\\/01\\\/27\\\/pernambuco-assume-o-primeiro-lugar-no-nordeste-em-geracao-de-empregos\\\/\"},\"wordCount\":255,\"commentCount\":0,\"publisher\":{\"@id\":\"https:\\\/\\\/ellotv.com.br\\\/site\\\/#organization\"},\"image\":{\"@id\":\"https:\\\/\\\/ellotv.com.br\\\/site\\\/2026\\\/01\\\/27\\\/pernambuco-assume-o-primeiro-lugar-no-nordeste-em-geracao-de-empregos\\\/#primaryimage\"},\"thumbnailUrl\":\"https:\\\/\\\/ellotv.com.br\\\/site\\\/wp-content\\\/uploads\\\/2026\\\/01\\\/WhatsApp-Image-2026-01-27-at-12.55.08.jpeg\",\"articleSection\":[\"Brasil\",\"Noticias\",\"Regional\"],\"inLanguage\":\"pt-BR\",\"potentialAction\":[{\"@type\":\"CommentAction\",\"name\":\"Comment\",\"target\":[\"https:\\\/\\\/ellotv.com.br\\\/site\\\/2026\\\/01\\\/27\\\/pernambuco-assume-o-primeiro-lugar-no-nordeste-em-geracao-de-empregos\\\/#respond\"]}]},{\"@type\":\"WebPage\",\"@id\":\"https:\\\/\\\/ellotv.com.br\\\/site\\\/2026\\\/01\\\/27\\\/pernambuco-assume-o-primeiro-lugar-no-nordeste-em-geracao-de-empregos\\\/\",\"url\":\"https:\\\/\\\/ellotv.com.br\\\/site\\\/2026\\\/01\\\/27\\\/pernambuco-assume-o-primeiro-lugar-no-nordeste-em-geracao-de-empregos\\\/\",\"name\":\"Pernambuco assume o primeiro lugar no Nordeste em gera\u00e7\u00e3o de empregos - Ello TV\",\"isPartOf\":{\"@id\":\"https:\\\/\\\/ellotv.com.br\\\/site\\\/#website\"},\"primaryImageOfPage\":{\"@id\":\"https:\\\/\\\/ellotv.com.br\\\/site\\\/2026\\\/01\\\/27\\\/pernambuco-assume-o-primeiro-lugar-no-nordeste-em-geracao-de-empregos\\\/#primaryimage\"},\"image\":{\"@id\":\"https:\\\/\\\/ellotv.com.br\\\/site\\\/2026\\\/01\\\/27\\\/pernambuco-assume-o-primeiro-lugar-no-nordeste-em-geracao-de-empregos\\\/#primaryimage\"},\"thumbnailUrl\":\"https:\\\/\\\/ellotv.com.br\\\/site\\\/wp-content\\\/uploads\\\/2026\\\/01\\\/WhatsApp-Image-2026-01-27-at-12.55.08.jpeg\",\"datePublished\":\"2026-01-27T17:27:53+00:00\",\"description\":\"Pernambuco criou mais de 81 mil empregos formais em 2025 e lidera o ranking do Nordeste, com destaque para os setores de servi\u00e7os, com\u00e9rcio, ind\u00fastria e constru\u00e7\u00e3o civil.\",\"breadcrumb\":{\"@id\":\"https:\\\/\\\/ellotv.com.br\\\/site\\\/2026\\\/01\\\/27\\\/pernambuco-assume-o-primeiro-lugar-no-nordeste-em-geracao-de-empregos\\\/#breadcrumb\"},\"inLanguage\":\"pt-BR\",\"potentialAction\":[{\"@type\":\"ReadAction\",\"target\":[\"https:\\\/\\\/ellotv.com.br\\\/site\\\/2026\\\/01\\\/27\\\/pernambuco-assume-o-primeiro-lugar-no-nordeste-em-geracao-de-empregos\\\/\"]}]},{\"@type\":\"ImageObject\",\"inLanguage\":\"pt-BR\",\"@id\":\"https:\\\/\\\/ellotv.com.br\\\/site\\\/2026\\\/01\\\/27\\\/pernambuco-assume-o-primeiro-lugar-no-nordeste-em-geracao-de-empregos\\\/#primaryimage\",\"url\":\"https:\\\/\\\/ellotv.com.br\\\/site\\\/wp-content\\\/uploads\\\/2026\\\/01\\\/WhatsApp-Image-2026-01-27-at-12.55.08.jpeg\",\"contentUrl\":\"https:\\\/\\\/ellotv.com.br\\\/site\\\/wp-content\\\/uploads\\\/2026\\\/01\\\/WhatsApp-Image-2026-01-27-at-12.55.08.jpeg\",\"width\":1357,\"height\":900},{\"@type\":\"BreadcrumbList\",\"@id\":\"https:\\\/\\\/ellotv.com.br\\\/site\\\/2026\\\/01\\\/27\\\/pernambuco-assume-o-primeiro-lugar-no-nordeste-em-geracao-de-empregos\\\/#breadcrumb\",\"itemListElement\":[{\"@type\":\"ListItem\",\"position\":1,\"name\":\"In\u00edcio\",\"item\":\"https:\\\/\\\/ellotv.com.br\\\/site\\\/\"},{\"@type\":\"ListItem\",\"position\":2,\"name\":\"Pernambuco assume o primeiro lugar no Nordeste em gera\u00e7\u00e3o de empregos\"}]},{\"@type\":\"WebSite\",\"@id\":\"https:\\\/\\\/ellotv.com.br\\\/site\\\/#website\",\"url\":\"https:\\\/\\\/ellotv.com.br\\\/site\\\/\",\"name\":\"ELLO TV\",\"description\":\"\",\"publisher\":{\"@id\":\"https:\\\/\\\/ellotv.com.br\\\/site\\\/#organization\"},\"potentialAction\":[{\"@type\":\"SearchAction\",\"target\":{\"@type\":\"EntryPoint\",\"urlTemplate\":\"https:\\\/\\\/ellotv.com.br\\\/site\\\/?s={search_term_string}\"},\"query-input\":{\"@type\":\"PropertyValueSpecification\",\"valueRequired\":true,\"valueName\":\"search_term_string\"}}],\"inLanguage\":\"pt-BR\"},{\"@type\":\"Organization\",\"@id\":\"https:\\\/\\\/ellotv.com.br\\\/site\\\/#organization\",\"name\":\"ELLO TV\",\"url\":\"https:\\\/\\\/ellotv.com.br\\\/site\\\/\",\"logo\":{\"@type\":\"ImageObject\",\"inLanguage\":\"pt-BR\",\"@id\":\"https:\\\/\\\/ellotv.com.br\\\/site\\\/#\\\/schema\\\/logo\\\/image\\\/\",\"url\":\"https:\\\/\\\/ellotv.com.br\\\/site\\\/wp-content\\\/uploads\\\/2025\\\/11\\\/ello-logo-2.fw_.png\",\"contentUrl\":\"https:\\\/\\\/ellotv.com.br\\\/site\\\/wp-content\\\/uploads\\\/2025\\\/11\\\/ello-logo-2.fw_.png\",\"width\":400,\"height\":146,\"caption\":\"ELLO TV\"},\"image\":{\"@id\":\"https:\\\/\\\/ellotv.com.br\\\/site\\\/#\\\/schema\\\/logo\\\/image\\\/\"}},{\"@type\":\"Person\",\"@id\":\"https:\\\/\\\/ellotv.com.br\\\/site\\\/#\\\/schema\\\/person\\\/2dbe3abaee38dcc7332fc8205cd2b15d\",\"name\":\"ELLO TV\",\"image\":{\"@type\":\"ImageObject\",\"inLanguage\":\"pt-BR\",\"@id\":\"https:\\\/\\\/secure.gravatar.com\\\/avatar\\\/c38242b9da8ec217ac3f0aaee31a54f7d7befb11b2b47fdbc8fb0fad60afa1c6?s=96&d=mm&r=g\",\"url\":\"https:\\\/\\\/secure.gravatar.com\\\/avatar\\\/c38242b9da8ec217ac3f0aaee31a54f7d7befb11b2b47fdbc8fb0fad60afa1c6?s=96&d=mm&r=g\",\"contentUrl\":\"https:\\\/\\\/secure.gravatar.com\\\/avatar\\\/c38242b9da8ec217ac3f0aaee31a54f7d7befb11b2b47fdbc8fb0fad60afa1c6?s=96&d=mm&r=g\",\"caption\":\"ELLO TV\"},\"url\":\"https:\\\/\\\/ellotv.com.br\\\/site\\\/author\\\/elloagencia\\\/\"}]}<\/script>\n<!-- \/ Yoast SEO plugin. -->","yoast_head_json":{"title":"Pernambuco assume o primeiro lugar no Nordeste em gera\u00e7\u00e3o de empregos - Ello TV","description":"Pernambuco criou mais de 81 mil empregos formais em 2025 e lidera o ranking do Nordeste, com destaque para os setores de servi\u00e7os, com\u00e9rcio, ind\u00fastria e constru\u00e7\u00e3o civil.","robots":{"index":"index","follow":"follow","max-snippet":"max-snippet:-1","max-image-preview":"max-image-preview:large","max-video-preview":"max-video-preview:-1"},"canonical":"https:\/\/ellotv.com.br\/site\/2026\/01\/27\/pernambuco-assume-o-primeiro-lugar-no-nordeste-em-geracao-de-empregos\/","og_locale":"pt_BR","og_type":"article","og_title":"Pernambuco assume o primeiro lugar no Nordeste em gera\u00e7\u00e3o de empregos - Ello TV","og_description":"Pernambuco criou mais de 81 mil empregos formais em 2025 e lidera o ranking do Nordeste, com destaque para os setores de servi\u00e7os, com\u00e9rcio, ind\u00fastria e constru\u00e7\u00e3o civil.","og_url":"https:\/\/ellotv.com.br\/site\/2026\/01\/27\/pernambuco-assume-o-primeiro-lugar-no-nordeste-em-geracao-de-empregos\/","og_site_name":"Ello TV","article_published_time":"2026-01-27T17:27:53+00:00","og_image":[{"width":1357,"height":900,"url":"https:\/\/ellotv.com.br\/site\/wp-content\/uploads\/2026\/01\/WhatsApp-Image-2026-01-27-at-12.55.08.jpeg","type":"image\/jpeg"}],"author":"ELLO TV","twitter_card":"summary_large_image","twitter_misc":{"Escrito por":"ELLO TV","Est. tempo de leitura":"1 minuto"},"schema":{"@context":"https:\/\/schema.org","@graph":[{"@type":"Article","@id":"https:\/\/ellotv.com.br\/site\/2026\/01\/27\/pernambuco-assume-o-primeiro-lugar-no-nordeste-em-geracao-de-empregos\/#article","isPartOf":{"@id":"https:\/\/ellotv.com.br\/site\/2026\/01\/27\/pernambuco-assume-o-primeiro-lugar-no-nordeste-em-geracao-de-empregos\/"},"author":{"name":"ELLO TV","@id":"https:\/\/ellotv.com.br\/site\/#\/schema\/person\/2dbe3abaee38dcc7332fc8205cd2b15d"},"headline":"Pernambuco assume o primeiro lugar no Nordeste em gera\u00e7\u00e3o de empregos","datePublished":"2026-01-27T17:27:53+00:00","mainEntityOfPage":{"@id":"https:\/\/ellotv.com.br\/site\/2026\/01\/27\/pernambuco-assume-o-primeiro-lugar-no-nordeste-em-geracao-de-empregos\/"},"wordCount":255,"commentCount":0,"publisher":{"@id":"https:\/\/ellotv.com.br\/site\/#organization"},"image":{"@id":"https:\/\/ellotv.com.br\/site\/2026\/01\/27\/pernambuco-assume-o-primeiro-lugar-no-nordeste-em-geracao-de-empregos\/#primaryimage"},"thumbnailUrl":"https:\/\/ellotv.com.br\/site\/wp-content\/uploads\/2026\/01\/WhatsApp-Image-2026-01-27-at-12.55.08.jpeg","articleSection":["Brasil","Noticias","Regional"],"inLanguage":"pt-BR","potentialAction":[{"@type":"CommentAction","name":"Comment","target":["https:\/\/ellotv.com.br\/site\/2026\/01\/27\/pernambuco-assume-o-primeiro-lugar-no-nordeste-em-geracao-de-empregos\/#respond"]}]},{"@type":"WebPage","@id":"https:\/\/ellotv.com.br\/site\/2026\/01\/27\/pernambuco-assume-o-primeiro-lugar-no-nordeste-em-geracao-de-empregos\/","url":"https:\/\/ellotv.com.br\/site\/2026\/01\/27\/pernambuco-assume-o-primeiro-lugar-no-nordeste-em-geracao-de-empregos\/","name":"Pernambuco assume o primeiro lugar no Nordeste em gera\u00e7\u00e3o de empregos - Ello TV","isPartOf":{"@id":"https:\/\/ellotv.com.br\/site\/#website"},"primaryImageOfPage":{"@id":"https:\/\/ellotv.com.br\/site\/2026\/01\/27\/pernambuco-assume-o-primeiro-lugar-no-nordeste-em-geracao-de-empregos\/#primaryimage"},"image":{"@id":"https:\/\/ellotv.com.br\/site\/2026\/01\/27\/pernambuco-assume-o-primeiro-lugar-no-nordeste-em-geracao-de-empregos\/#primaryimage"},"thumbnailUrl":"https:\/\/ellotv.com.br\/site\/wp-content\/uploads\/2026\/01\/WhatsApp-Image-2026-01-27-at-12.55.08.jpeg","datePublished":"2026-01-27T17:27:53+00:00","description":"Pernambuco criou mais de 81 mil empregos formais em 2025 e lidera o ranking do Nordeste, com destaque para os setores de servi\u00e7os, com\u00e9rcio, ind\u00fastria e constru\u00e7\u00e3o civil.","breadcrumb":{"@id":"https:\/\/ellotv.com.br\/site\/2026\/01\/27\/pernambuco-assume-o-primeiro-lugar-no-nordeste-em-geracao-de-empregos\/#breadcrumb"},"inLanguage":"pt-BR","potentialAction":[{"@type":"ReadAction","target":["https:\/\/ellotv.com.br\/site\/2026\/01\/27\/pernambuco-assume-o-primeiro-lugar-no-nordeste-em-geracao-de-empregos\/"]}]},{"@type":"ImageObject","inLanguage":"pt-BR","@id":"https:\/\/ellotv.com.br\/site\/2026\/01\/27\/pernambuco-assume-o-primeiro-lugar-no-nordeste-em-geracao-de-empregos\/#primaryimage","url":"https:\/\/ellotv.com.br\/site\/wp-content\/uploads\/2026\/01\/WhatsApp-Image-2026-01-27-at-12.55.08.jpeg","contentUrl":"https:\/\/ellotv.com.br\/site\/wp-content\/uploads\/2026\/01\/WhatsApp-Image-2026-01-27-at-12.55.08.jpeg","width":1357,"height":900},{"@type":"BreadcrumbList","@id":"https:\/\/ellotv.com.br\/site\/2026\/01\/27\/pernambuco-assume-o-primeiro-lugar-no-nordeste-em-geracao-de-empregos\/#breadcrumb","itemListElement":[{"@type":"ListItem","position":1,"name":"In\u00edcio","item":"https:\/\/ellotv.com.br\/site\/"},{"@type":"ListItem","position":2,"name":"Pernambuco assume o primeiro lugar no Nordeste em gera\u00e7\u00e3o de empregos"}]},{"@type":"WebSite","@id":"https:\/\/ellotv.com.br\/site\/#website","url":"https:\/\/ellotv.com.br\/site\/","name":"ELLO TV","description":"","publisher":{"@id":"https:\/\/ellotv.com.br\/site\/#organization"},"potentialAction":[{"@type":"SearchAction","target":{"@type":"EntryPoint","urlTemplate":"https:\/\/ellotv.com.br\/site\/?s={search_term_string}"},"query-input":{"@type":"PropertyValueSpecification","valueRequired":true,"valueName":"search_term_string"}}],"inLanguage":"pt-BR"},{"@type":"Organization","@id":"https:\/\/ellotv.com.br\/site\/#organization","name":"ELLO TV","url":"https:\/\/ellotv.com.br\/site\/","logo":{"@type":"ImageObject","inLanguage":"pt-BR","@id":"https:\/\/ellotv.com.br\/site\/#\/schema\/logo\/image\/","url":"https:\/\/ellotv.com.br\/site\/wp-content\/uploads\/2025\/11\/ello-logo-2.fw_.png","contentUrl":"https:\/\/ellotv.com.br\/site\/wp-content\/uploads\/2025\/11\/ello-logo-2.fw_.png","width":400,"height":146,"caption":"ELLO TV"},"image":{"@id":"https:\/\/ellotv.com.br\/site\/#\/schema\/logo\/image\/"}},{"@type":"Person","@id":"https:\/\/ellotv.com.br\/site\/#\/schema\/person\/2dbe3abaee38dcc7332fc8205cd2b15d","name":"ELLO TV","image":{"@type":"ImageObject","inLanguage":"pt-BR","@id":"https:\/\/secure.gravatar.com\/avatar\/c38242b9da8ec217ac3f0aaee31a54f7d7befb11b2b47fdbc8fb0fad60afa1c6?s=96&d=mm&r=g","url":"https:\/\/secure.gravatar.com\/avatar\/c38242b9da8ec217ac3f0aaee31a54f7d7befb11b2b47fdbc8fb0fad60afa1c6?s=96&d=mm&r=g","contentUrl":"https:\/\/secure.gravatar.com\/avatar\/c38242b9da8ec217ac3f0aaee31a54f7d7befb11b2b47fdbc8fb0fad60afa1c6?s=96&d=mm&r=g","caption":"ELLO TV"},"url":"https:\/\/ellotv.com.br\/site\/author\/elloagencia\/"}]}},"featured_image_urls":{"full":["https:\/\/ellotv.com.br\/site\/wp-content\/uploads\/2026\/01\/WhatsApp-Image-2026-01-27-at-12.55.08.jpeg",1357,900,false],"thumbnail":["https:\/\/ellotv.com.br\/site\/wp-content\/uploads\/2026\/01\/WhatsApp-Image-2026-01-27-at-12.55.08-150x150.jpeg",150,150,true],"medium":["https:\/\/ellotv.com.br\/site\/wp-content\/uploads\/2026\/01\/WhatsApp-Image-2026-01-27-at-12.55.08-300x199.jpeg",300,199,true],"medium_large":["https:\/\/ellotv.com.br\/site\/wp-content\/uploads\/2026\/01\/WhatsApp-Image-2026-01-27-at-12.55.08-768x509.jpeg",640,424,true],"large":["https:\/\/ellotv.com.br\/site\/wp-content\/uploads\/2026\/01\/WhatsApp-Image-2026-01-27-at-12.55.08-1024x679.jpeg",640,424,true],"1536x1536":["https:\/\/ellotv.com.br\/site\/wp-content\/uploads\/2026\/01\/WhatsApp-Image-2026-01-27-at-12.55.08.jpeg",1357,900,false],"2048x2048":["https:\/\/ellotv.com.br\/site\/wp-content\/uploads\/2026\/01\/WhatsApp-Image-2026-01-27-at-12.55.08.jpeg",1357,900,false],"darknews-slider-full":["https:\/\/ellotv.com.br\/site\/wp-content\/uploads\/2026\/01\/WhatsApp-Image-2026-01-27-at-12.55.08-1280x720.jpeg",1280,720,true],"darknews-featured":["https:\/\/ellotv.com.br\/site\/wp-content\/uploads\/2026\/01\/WhatsApp-Image-2026-01-27-at-12.55.08-1024x679.jpeg",1024,679,true],"darknews-medium":["https:\/\/ellotv.com.br\/site\/wp-content\/uploads\/2026\/01\/WhatsApp-Image-2026-01-27-at-12.55.08-720x530.jpeg",720,530,true],"darknews-medium-square":["https:\/\/ellotv.com.br\/site\/wp-content\/uploads\/2026\/01\/WhatsApp-Image-2026-01-27-at-12.55.08-350x350.jpeg",350,350,true]},"author_info":{"info":["ELLO TV"]},"category_info":"<a href=\"https:\/\/ellotv.com.br\/site\/category\/brasil\/\" rel=\"category tag\">Brasil<\/a> <a href=\"https:\/\/ellotv.com.br\/site\/category\/noticias\/\" rel=\"category tag\">Noticias<\/a> <a href=\"https:\/\/ellotv.com.br\/site\/category\/regional\/\" rel=\"category tag\">Regional<\/a>","tag_info":"Regional","comment_count":"0","_links":{"self":[{"href":"https:\/\/ellotv.com.br\/site\/wp-json\/wp\/v2\/posts\/4655","targetHints":{"allow":["GET"]}}],"collection":[{"href":"https:\/\/ellotv.com.br\/site\/wp-json\/wp\/v2\/posts"}],"about":[{"href":"https:\/\/ellotv.com.br\/site\/wp-json\/wp\/v2\/types\/post"}],"author":[{"embeddable":true,"href":"https:\/\/ellotv.com.br\/site\/wp-json\/wp\/v2\/users\/2"}],"replies":[{"embeddable":true,"href":"https:\/\/ellotv.com.br\/site\/wp-json\/wp\/v2\/comments?post=4655"}],"version-history":[{"count":3,"href":"https:\/\/ellotv.com.br\/site\/wp-json\/wp\/v2\/posts\/4655\/revisions"}],"predecessor-version":[{"id":4659,"href":"https:\/\/ellotv.com.br\/site\/wp-json\/wp\/v2\/posts\/4655\/revisions\/4659"}],"wp:featuredmedia":[{"embeddable":true,"href":"https:\/\/ellotv.com.br\/site\/wp-json\/wp\/v2\/media\/4656"}],"wp:attachment":[{"href":"https:\/\/ellotv.com.br\/site\/wp-json\/wp\/v2\/media?parent=4655"}],"wp:term":[{"taxonomy":"category","embeddable":true,"href":"https:\/\/ellotv.com.br\/site\/wp-json\/wp\/v2\/categories?post=4655"},{"taxonomy":"post_tag","embeddable":true,"href":"https:\/\/ellotv.com.br\/site\/wp-json\/wp\/v2\/tags?post=4655"}],"curies":[{"name":"wp","href":"https:\/\/api.w.org\/{rel}","templated":true}]}}