{"id":4660,"date":"2026-01-27T15:14:44","date_gmt":"2026-01-27T18:14:44","guid":{"rendered":"https:\/\/ellotv.com.br\/site\/?p=4660"},"modified":"2026-01-27T15:14:44","modified_gmt":"2026-01-27T18:14:44","slug":"meta-vai-cobrar-por-novas-funcionalidades-no-facebook-instagram-e-whatsapp","status":"publish","type":"post","link":"https:\/\/ellotv.com.br\/site\/2026\/01\/27\/meta-vai-cobrar-por-novas-funcionalidades-no-facebook-instagram-e-whatsapp\/","title":{"rendered":"Meta vai cobrar por novas funcionalidades no Facebook, Instagram e WhatsApp"},"content":{"rendered":"<p>A Meta confirmou que pretende lan\u00e7ar novas op\u00e7\u00f5es de assinatura paga no Facebook, Instagram e WhatsApp. A proposta \u00e9 oferecer aos usu\u00e1rios que aceitarem pagar uma experi\u00eancia premium, com funcionalidades exclusivas que n\u00e3o estar\u00e3o dispon\u00edveis gratuitamente.<\/p>\n<p>A informa\u00e7\u00e3o foi confirmada ao site TechCrunch e surge ap\u00f3s rumores sobre uma poss\u00edvel assinatura no Instagram. Entre as fun\u00e7\u00f5es especuladas estaria, por exemplo, a possibilidade de o usu\u00e1rio saber quais perfis que ele segue n\u00e3o o seguem de volta \u2014 um recurso bastante pedido por criadores de conte\u00fado.<\/p>\n<p>Apesar da confirma\u00e7\u00e3o, a Meta ainda n\u00e3o detalhou quais funcionalidades far\u00e3o parte dos pacotes pagos. Segundo a empresa, a ideia \u00e9 testar diferentes tipos de assinaturas, cada uma espec\u00edfica para uma plataforma: Facebook, Instagram ou WhatsApp.<\/p>\n<p>A companhia afirmou que n\u00e3o existe, por enquanto, uma estrat\u00e9gia fechada. Os recursos ser\u00e3o disponibilizados inicialmente em testes, com foco em entender o interesse do p\u00fablico e o valor percebido pelos usu\u00e1rios.<\/p>\n<p><strong>Intelig\u00eancia artificial deve fazer parte dos planos<\/strong><\/p>\n<p>Al\u00e9m das assinaturas, a Meta tamb\u00e9m confirmou que pretende integrar em seus aplicativos o agente de intelig\u00eancia artificial Manus, adquirido por cerca de US$ 2 bilh\u00f5es. A expectativa \u00e9 que essa tecnologia amplie as funcionalidades oferecidas, especialmente nas vers\u00f5es premium dos aplicativos.<\/p>\n<p><strong>WhatsApp j\u00e1 testa novos recursos<\/strong><\/p>\n<p>Enquanto isso, o WhatsApp j\u00e1 iniciou testes de novas ferramentas. Uma delas \u00e9 voltada para administradores de grupos, permitindo fornecer mais contexto aos novos participantes sobre os temas discutidos, facilitando a integra\u00e7\u00e3o de quem entra depois.<\/p>\n<p><em>A novidade est\u00e1 em fase beta para usu\u00e1rios de iPhone.<\/em><\/p>\n<p><strong>Debate sobre privacidade segue em pauta<\/strong><\/p>\n<p>O an\u00fancio das assinaturas ocorre em meio a discuss\u00f5es sobre privacidade. A Meta enfrenta um processo nos Estados Unidos em que \u00e9 acusada de ter acesso a conversas privadas do WhatsApp \u2014 alega\u00e7\u00f5es que a empresa nega.<\/p>\n<p>Em resposta, a Meta refor\u00e7ou que as mensagens da plataforma s\u00e3o protegidas por criptografia de ponta a ponta, utilizada h\u00e1 mais de uma d\u00e9cada, e classificou as acusa\u00e7\u00f5es como \u201cfalsas e absurdas\u201d.<\/p>\n","protected":false},"excerpt":{"rendered":"<p>A Meta confirmou que pretende lan\u00e7ar novas op\u00e7\u00f5es de assinatura paga no Facebook, Instagram e WhatsApp. A proposta<\/p>\n","protected":false},"author":2,"featured_media":4661,"comment_status":"open","ping_status":"open","sticky":false,"template":"","format":"standard","meta":{"footnotes":""},"categories":[8,12,39],"tags":[],"class_list":["post-4660","post","type-post","status-publish","format-standard","has-post-thumbnail","hentry","category-brasil","category-noticias","category-tech"],"yoast_head":"<!-- This site is optimized with the Yoast SEO plugin v28.3 - https:\/\/yoast.com\/product\/yoast-seo-wordpress\/ -->\n<title>Meta vai cobrar por novas funcionalidades no Facebook, Instagram e WhatsApp - Ello TV<\/title>\n<meta name=\"description\" content=\"Meta confirma testes de assinaturas premium no Facebook, Instagram e WhatsApp, com recursos exclusivos, integra\u00e7\u00e3o de IA e novos servi\u00e7os para usu\u00e1rios pagantes.\" \/>\n<meta name=\"robots\" content=\"index, follow, max-snippet:-1, max-image-preview:large, max-video-preview:-1\" \/>\n<link rel=\"canonical\" href=\"https:\/\/ellotv.com.br\/site\/2026\/01\/27\/meta-vai-cobrar-por-novas-funcionalidades-no-facebook-instagram-e-whatsapp\/\" \/>\n<meta property=\"og:locale\" content=\"pt_BR\" \/>\n<meta property=\"og:type\" content=\"article\" \/>\n<meta property=\"og:title\" content=\"Meta vai cobrar por novas funcionalidades no Facebook, Instagram e WhatsApp - Ello TV\" \/>\n<meta property=\"og:description\" content=\"Meta confirma testes de assinaturas premium no Facebook, Instagram e WhatsApp, com recursos exclusivos, integra\u00e7\u00e3o de IA e novos servi\u00e7os para usu\u00e1rios pagantes.\" \/>\n<meta property=\"og:url\" content=\"https:\/\/ellotv.com.br\/site\/2026\/01\/27\/meta-vai-cobrar-por-novas-funcionalidades-no-facebook-instagram-e-whatsapp\/\" \/>\n<meta property=\"og:site_name\" content=\"Ello TV\" \/>\n<meta property=\"article:published_time\" content=\"2026-01-27T18:14:44+00:00\" \/>\n<meta property=\"og:image\" content=\"https:\/\/ellotv.com.br\/site\/wp-content\/uploads\/2026\/01\/WhatsApp-Image-2026-01-27-at-15.11.47.jpeg\" \/>\n\t<meta property=\"og:image:width\" content=\"1500\" \/>\n\t<meta property=\"og:image:height\" content=\"1001\" \/>\n\t<meta property=\"og:image:type\" content=\"image\/jpeg\" \/>\n<meta name=\"author\" content=\"ELLO TV\" \/>\n<meta name=\"twitter:card\" content=\"summary_large_image\" \/>\n<meta name=\"twitter:label1\" content=\"Escrito por\" \/>\n\t<meta name=\"twitter:data1\" content=\"ELLO TV\" \/>\n\t<meta name=\"twitter:label2\" content=\"Est. tempo de leitura\" \/>\n\t<meta name=\"twitter:data2\" content=\"2 minutos\" \/>\n<script type=\"application\/ld+json\" class=\"yoast-schema-graph\">{\"@context\":\"https:\\\/\\\/schema.org\",\"@graph\":[{\"@type\":\"Article\",\"@id\":\"https:\\\/\\\/ellotv.com.br\\\/site\\\/2026\\\/01\\\/27\\\/meta-vai-cobrar-por-novas-funcionalidades-no-facebook-instagram-e-whatsapp\\\/#article\",\"isPartOf\":{\"@id\":\"https:\\\/\\\/ellotv.com.br\\\/site\\\/2026\\\/01\\\/27\\\/meta-vai-cobrar-por-novas-funcionalidades-no-facebook-instagram-e-whatsapp\\\/\"},\"author\":{\"name\":\"ELLO TV\",\"@id\":\"https:\\\/\\\/ellotv.com.br\\\/site\\\/#\\\/schema\\\/person\\\/2dbe3abaee38dcc7332fc8205cd2b15d\"},\"headline\":\"Meta vai cobrar por novas funcionalidades no Facebook, Instagram e WhatsApp\",\"datePublished\":\"2026-01-27T18:14:44+00:00\",\"mainEntityOfPage\":{\"@id\":\"https:\\\/\\\/ellotv.com.br\\\/site\\\/2026\\\/01\\\/27\\\/meta-vai-cobrar-por-novas-funcionalidades-no-facebook-instagram-e-whatsapp\\\/\"},\"wordCount\":369,\"commentCount\":0,\"publisher\":{\"@id\":\"https:\\\/\\\/ellotv.com.br\\\/site\\\/#organization\"},\"image\":{\"@id\":\"https:\\\/\\\/ellotv.com.br\\\/site\\\/2026\\\/01\\\/27\\\/meta-vai-cobrar-por-novas-funcionalidades-no-facebook-instagram-e-whatsapp\\\/#primaryimage\"},\"thumbnailUrl\":\"https:\\\/\\\/ellotv.com.br\\\/site\\\/wp-content\\\/uploads\\\/2026\\\/01\\\/WhatsApp-Image-2026-01-27-at-15.11.47.jpeg\",\"articleSection\":[\"Brasil\",\"Noticias\",\"Tech\"],\"inLanguage\":\"pt-BR\",\"potentialAction\":[{\"@type\":\"CommentAction\",\"name\":\"Comment\",\"target\":[\"https:\\\/\\\/ellotv.com.br\\\/site\\\/2026\\\/01\\\/27\\\/meta-vai-cobrar-por-novas-funcionalidades-no-facebook-instagram-e-whatsapp\\\/#respond\"]}]},{\"@type\":\"WebPage\",\"@id\":\"https:\\\/\\\/ellotv.com.br\\\/site\\\/2026\\\/01\\\/27\\\/meta-vai-cobrar-por-novas-funcionalidades-no-facebook-instagram-e-whatsapp\\\/\",\"url\":\"https:\\\/\\\/ellotv.com.br\\\/site\\\/2026\\\/01\\\/27\\\/meta-vai-cobrar-por-novas-funcionalidades-no-facebook-instagram-e-whatsapp\\\/\",\"name\":\"Meta vai cobrar por novas funcionalidades no Facebook, Instagram e WhatsApp - Ello TV\",\"isPartOf\":{\"@id\":\"https:\\\/\\\/ellotv.com.br\\\/site\\\/#website\"},\"primaryImageOfPage\":{\"@id\":\"https:\\\/\\\/ellotv.com.br\\\/site\\\/2026\\\/01\\\/27\\\/meta-vai-cobrar-por-novas-funcionalidades-no-facebook-instagram-e-whatsapp\\\/#primaryimage\"},\"image\":{\"@id\":\"https:\\\/\\\/ellotv.com.br\\\/site\\\/2026\\\/01\\\/27\\\/meta-vai-cobrar-por-novas-funcionalidades-no-facebook-instagram-e-whatsapp\\\/#primaryimage\"},\"thumbnailUrl\":\"https:\\\/\\\/ellotv.com.br\\\/site\\\/wp-content\\\/uploads\\\/2026\\\/01\\\/WhatsApp-Image-2026-01-27-at-15.11.47.jpeg\",\"datePublished\":\"2026-01-27T18:14:44+00:00\",\"description\":\"Meta confirma testes de assinaturas premium no Facebook, Instagram e WhatsApp, com recursos exclusivos, integra\u00e7\u00e3o de IA e novos servi\u00e7os para usu\u00e1rios pagantes.\",\"breadcrumb\":{\"@id\":\"https:\\\/\\\/ellotv.com.br\\\/site\\\/2026\\\/01\\\/27\\\/meta-vai-cobrar-por-novas-funcionalidades-no-facebook-instagram-e-whatsapp\\\/#breadcrumb\"},\"inLanguage\":\"pt-BR\",\"potentialAction\":[{\"@type\":\"ReadAction\",\"target\":[\"https:\\\/\\\/ellotv.com.br\\\/site\\\/2026\\\/01\\\/27\\\/meta-vai-cobrar-por-novas-funcionalidades-no-facebook-instagram-e-whatsapp\\\/\"]}]},{\"@type\":\"ImageObject\",\"inLanguage\":\"pt-BR\",\"@id\":\"https:\\\/\\\/ellotv.com.br\\\/site\\\/2026\\\/01\\\/27\\\/meta-vai-cobrar-por-novas-funcionalidades-no-facebook-instagram-e-whatsapp\\\/#primaryimage\",\"url\":\"https:\\\/\\\/ellotv.com.br\\\/site\\\/wp-content\\\/uploads\\\/2026\\\/01\\\/WhatsApp-Image-2026-01-27-at-15.11.47.jpeg\",\"contentUrl\":\"https:\\\/\\\/ellotv.com.br\\\/site\\\/wp-content\\\/uploads\\\/2026\\\/01\\\/WhatsApp-Image-2026-01-27-at-15.11.47.jpeg\",\"width\":1500,\"height\":1001},{\"@type\":\"BreadcrumbList\",\"@id\":\"https:\\\/\\\/ellotv.com.br\\\/site\\\/2026\\\/01\\\/27\\\/meta-vai-cobrar-por-novas-funcionalidades-no-facebook-instagram-e-whatsapp\\\/#breadcrumb\",\"itemListElement\":[{\"@type\":\"ListItem\",\"position\":1,\"name\":\"In\u00edcio\",\"item\":\"https:\\\/\\\/ellotv.com.br\\\/site\\\/\"},{\"@type\":\"ListItem\",\"position\":2,\"name\":\"Meta vai cobrar por novas funcionalidades no Facebook, Instagram e WhatsApp\"}]},{\"@type\":\"WebSite\",\"@id\":\"https:\\\/\\\/ellotv.com.br\\\/site\\\/#website\",\"url\":\"https:\\\/\\\/ellotv.com.br\\\/site\\\/\",\"name\":\"ELLO TV\",\"description\":\"\",\"publisher\":{\"@id\":\"https:\\\/\\\/ellotv.com.br\\\/site\\\/#organization\"},\"potentialAction\":[{\"@type\":\"SearchAction\",\"target\":{\"@type\":\"EntryPoint\",\"urlTemplate\":\"https:\\\/\\\/ellotv.com.br\\\/site\\\/?s={search_term_string}\"},\"query-input\":{\"@type\":\"PropertyValueSpecification\",\"valueRequired\":true,\"valueName\":\"search_term_string\"}}],\"inLanguage\":\"pt-BR\"},{\"@type\":\"Organization\",\"@id\":\"https:\\\/\\\/ellotv.com.br\\\/site\\\/#organization\",\"name\":\"ELLO TV\",\"url\":\"https:\\\/\\\/ellotv.com.br\\\/site\\\/\",\"logo\":{\"@type\":\"ImageObject\",\"inLanguage\":\"pt-BR\",\"@id\":\"https:\\\/\\\/ellotv.com.br\\\/site\\\/#\\\/schema\\\/logo\\\/image\\\/\",\"url\":\"https:\\\/\\\/ellotv.com.br\\\/site\\\/wp-content\\\/uploads\\\/2025\\\/11\\\/ello-logo-2.fw_.png\",\"contentUrl\":\"https:\\\/\\\/ellotv.com.br\\\/site\\\/wp-content\\\/uploads\\\/2025\\\/11\\\/ello-logo-2.fw_.png\",\"width\":400,\"height\":146,\"caption\":\"ELLO TV\"},\"image\":{\"@id\":\"https:\\\/\\\/ellotv.com.br\\\/site\\\/#\\\/schema\\\/logo\\\/image\\\/\"}},{\"@type\":\"Person\",\"@id\":\"https:\\\/\\\/ellotv.com.br\\\/site\\\/#\\\/schema\\\/person\\\/2dbe3abaee38dcc7332fc8205cd2b15d\",\"name\":\"ELLO TV\",\"image\":{\"@type\":\"ImageObject\",\"inLanguage\":\"pt-BR\",\"@id\":\"https:\\\/\\\/secure.gravatar.com\\\/avatar\\\/c38242b9da8ec217ac3f0aaee31a54f7d7befb11b2b47fdbc8fb0fad60afa1c6?s=96&d=mm&r=g\",\"url\":\"https:\\\/\\\/secure.gravatar.com\\\/avatar\\\/c38242b9da8ec217ac3f0aaee31a54f7d7befb11b2b47fdbc8fb0fad60afa1c6?s=96&d=mm&r=g\",\"contentUrl\":\"https:\\\/\\\/secure.gravatar.com\\\/avatar\\\/c38242b9da8ec217ac3f0aaee31a54f7d7befb11b2b47fdbc8fb0fad60afa1c6?s=96&d=mm&r=g\",\"caption\":\"ELLO TV\"},\"url\":\"https:\\\/\\\/ellotv.com.br\\\/site\\\/author\\\/elloagencia\\\/\"}]}<\/script>\n<!-- \/ Yoast SEO plugin. -->","yoast_head_json":{"title":"Meta vai cobrar por novas funcionalidades no Facebook, Instagram e WhatsApp - Ello TV","description":"Meta confirma testes de assinaturas premium no Facebook, Instagram e WhatsApp, com recursos exclusivos, integra\u00e7\u00e3o de IA e novos servi\u00e7os para usu\u00e1rios pagantes.","robots":{"index":"index","follow":"follow","max-snippet":"max-snippet:-1","max-image-preview":"max-image-preview:large","max-video-preview":"max-video-preview:-1"},"canonical":"https:\/\/ellotv.com.br\/site\/2026\/01\/27\/meta-vai-cobrar-por-novas-funcionalidades-no-facebook-instagram-e-whatsapp\/","og_locale":"pt_BR","og_type":"article","og_title":"Meta vai cobrar por novas funcionalidades no Facebook, Instagram e WhatsApp - Ello TV","og_description":"Meta confirma testes de assinaturas premium no Facebook, Instagram e WhatsApp, com recursos exclusivos, integra\u00e7\u00e3o de IA e novos servi\u00e7os para usu\u00e1rios pagantes.","og_url":"https:\/\/ellotv.com.br\/site\/2026\/01\/27\/meta-vai-cobrar-por-novas-funcionalidades-no-facebook-instagram-e-whatsapp\/","og_site_name":"Ello TV","article_published_time":"2026-01-27T18:14:44+00:00","og_image":[{"width":1500,"height":1001,"url":"https:\/\/ellotv.com.br\/site\/wp-content\/uploads\/2026\/01\/WhatsApp-Image-2026-01-27-at-15.11.47.jpeg","type":"image\/jpeg"}],"author":"ELLO TV","twitter_card":"summary_large_image","twitter_misc":{"Escrito por":"ELLO TV","Est. tempo de leitura":"2 minutos"},"schema":{"@context":"https:\/\/schema.org","@graph":[{"@type":"Article","@id":"https:\/\/ellotv.com.br\/site\/2026\/01\/27\/meta-vai-cobrar-por-novas-funcionalidades-no-facebook-instagram-e-whatsapp\/#article","isPartOf":{"@id":"https:\/\/ellotv.com.br\/site\/2026\/01\/27\/meta-vai-cobrar-por-novas-funcionalidades-no-facebook-instagram-e-whatsapp\/"},"author":{"name":"ELLO TV","@id":"https:\/\/ellotv.com.br\/site\/#\/schema\/person\/2dbe3abaee38dcc7332fc8205cd2b15d"},"headline":"Meta vai cobrar por novas funcionalidades no Facebook, Instagram e WhatsApp","datePublished":"2026-01-27T18:14:44+00:00","mainEntityOfPage":{"@id":"https:\/\/ellotv.com.br\/site\/2026\/01\/27\/meta-vai-cobrar-por-novas-funcionalidades-no-facebook-instagram-e-whatsapp\/"},"wordCount":369,"commentCount":0,"publisher":{"@id":"https:\/\/ellotv.com.br\/site\/#organization"},"image":{"@id":"https:\/\/ellotv.com.br\/site\/2026\/01\/27\/meta-vai-cobrar-por-novas-funcionalidades-no-facebook-instagram-e-whatsapp\/#primaryimage"},"thumbnailUrl":"https:\/\/ellotv.com.br\/site\/wp-content\/uploads\/2026\/01\/WhatsApp-Image-2026-01-27-at-15.11.47.jpeg","articleSection":["Brasil","Noticias","Tech"],"inLanguage":"pt-BR","potentialAction":[{"@type":"CommentAction","name":"Comment","target":["https:\/\/ellotv.com.br\/site\/2026\/01\/27\/meta-vai-cobrar-por-novas-funcionalidades-no-facebook-instagram-e-whatsapp\/#respond"]}]},{"@type":"WebPage","@id":"https:\/\/ellotv.com.br\/site\/2026\/01\/27\/meta-vai-cobrar-por-novas-funcionalidades-no-facebook-instagram-e-whatsapp\/","url":"https:\/\/ellotv.com.br\/site\/2026\/01\/27\/meta-vai-cobrar-por-novas-funcionalidades-no-facebook-instagram-e-whatsapp\/","name":"Meta vai cobrar por novas funcionalidades no Facebook, Instagram e WhatsApp - Ello TV","isPartOf":{"@id":"https:\/\/ellotv.com.br\/site\/#website"},"primaryImageOfPage":{"@id":"https:\/\/ellotv.com.br\/site\/2026\/01\/27\/meta-vai-cobrar-por-novas-funcionalidades-no-facebook-instagram-e-whatsapp\/#primaryimage"},"image":{"@id":"https:\/\/ellotv.com.br\/site\/2026\/01\/27\/meta-vai-cobrar-por-novas-funcionalidades-no-facebook-instagram-e-whatsapp\/#primaryimage"},"thumbnailUrl":"https:\/\/ellotv.com.br\/site\/wp-content\/uploads\/2026\/01\/WhatsApp-Image-2026-01-27-at-15.11.47.jpeg","datePublished":"2026-01-27T18:14:44+00:00","description":"Meta confirma testes de assinaturas premium no Facebook, Instagram e WhatsApp, com recursos exclusivos, integra\u00e7\u00e3o de IA e novos servi\u00e7os para usu\u00e1rios pagantes.","breadcrumb":{"@id":"https:\/\/ellotv.com.br\/site\/2026\/01\/27\/meta-vai-cobrar-por-novas-funcionalidades-no-facebook-instagram-e-whatsapp\/#breadcrumb"},"inLanguage":"pt-BR","potentialAction":[{"@type":"ReadAction","target":["https:\/\/ellotv.com.br\/site\/2026\/01\/27\/meta-vai-cobrar-por-novas-funcionalidades-no-facebook-instagram-e-whatsapp\/"]}]},{"@type":"ImageObject","inLanguage":"pt-BR","@id":"https:\/\/ellotv.com.br\/site\/2026\/01\/27\/meta-vai-cobrar-por-novas-funcionalidades-no-facebook-instagram-e-whatsapp\/#primaryimage","url":"https:\/\/ellotv.com.br\/site\/wp-content\/uploads\/2026\/01\/WhatsApp-Image-2026-01-27-at-15.11.47.jpeg","contentUrl":"https:\/\/ellotv.com.br\/site\/wp-content\/uploads\/2026\/01\/WhatsApp-Image-2026-01-27-at-15.11.47.jpeg","width":1500,"height":1001},{"@type":"BreadcrumbList","@id":"https:\/\/ellotv.com.br\/site\/2026\/01\/27\/meta-vai-cobrar-por-novas-funcionalidades-no-facebook-instagram-e-whatsapp\/#breadcrumb","itemListElement":[{"@type":"ListItem","position":1,"name":"In\u00edcio","item":"https:\/\/ellotv.com.br\/site\/"},{"@type":"ListItem","position":2,"name":"Meta vai cobrar por novas funcionalidades no Facebook, Instagram e WhatsApp"}]},{"@type":"WebSite","@id":"https:\/\/ellotv.com.br\/site\/#website","url":"https:\/\/ellotv.com.br\/site\/","name":"ELLO TV","description":"","publisher":{"@id":"https:\/\/ellotv.com.br\/site\/#organization"},"potentialAction":[{"@type":"SearchAction","target":{"@type":"EntryPoint","urlTemplate":"https:\/\/ellotv.com.br\/site\/?s={search_term_string}"},"query-input":{"@type":"PropertyValueSpecification","valueRequired":true,"valueName":"search_term_string"}}],"inLanguage":"pt-BR"},{"@type":"Organization","@id":"https:\/\/ellotv.com.br\/site\/#organization","name":"ELLO TV","url":"https:\/\/ellotv.com.br\/site\/","logo":{"@type":"ImageObject","inLanguage":"pt-BR","@id":"https:\/\/ellotv.com.br\/site\/#\/schema\/logo\/image\/","url":"https:\/\/ellotv.com.br\/site\/wp-content\/uploads\/2025\/11\/ello-logo-2.fw_.png","contentUrl":"https:\/\/ellotv.com.br\/site\/wp-content\/uploads\/2025\/11\/ello-logo-2.fw_.png","width":400,"height":146,"caption":"ELLO TV"},"image":{"@id":"https:\/\/ellotv.com.br\/site\/#\/schema\/logo\/image\/"}},{"@type":"Person","@id":"https:\/\/ellotv.com.br\/site\/#\/schema\/person\/2dbe3abaee38dcc7332fc8205cd2b15d","name":"ELLO TV","image":{"@type":"ImageObject","inLanguage":"pt-BR","@id":"https:\/\/secure.gravatar.com\/avatar\/c38242b9da8ec217ac3f0aaee31a54f7d7befb11b2b47fdbc8fb0fad60afa1c6?s=96&d=mm&r=g","url":"https:\/\/secure.gravatar.com\/avatar\/c38242b9da8ec217ac3f0aaee31a54f7d7befb11b2b47fdbc8fb0fad60afa1c6?s=96&d=mm&r=g","contentUrl":"https:\/\/secure.gravatar.com\/avatar\/c38242b9da8ec217ac3f0aaee31a54f7d7befb11b2b47fdbc8fb0fad60afa1c6?s=96&d=mm&r=g","caption":"ELLO TV"},"url":"https:\/\/ellotv.com.br\/site\/author\/elloagencia\/"}]}},"featured_image_urls":{"full":["https:\/\/ellotv.com.br\/site\/wp-content\/uploads\/2026\/01\/WhatsApp-Image-2026-01-27-at-15.11.47.jpeg",1500,1001,false],"thumbnail":["https:\/\/ellotv.com.br\/site\/wp-content\/uploads\/2026\/01\/WhatsApp-Image-2026-01-27-at-15.11.47-150x150.jpeg",150,150,true],"medium":["https:\/\/ellotv.com.br\/site\/wp-content\/uploads\/2026\/01\/WhatsApp-Image-2026-01-27-at-15.11.47-300x200.jpeg",300,200,true],"medium_large":["https:\/\/ellotv.com.br\/site\/wp-content\/uploads\/2026\/01\/WhatsApp-Image-2026-01-27-at-15.11.47-768x513.jpeg",640,428,true],"large":["https:\/\/ellotv.com.br\/site\/wp-content\/uploads\/2026\/01\/WhatsApp-Image-2026-01-27-at-15.11.47-1024x683.jpeg",640,427,true],"1536x1536":["https:\/\/ellotv.com.br\/site\/wp-content\/uploads\/2026\/01\/WhatsApp-Image-2026-01-27-at-15.11.47.jpeg",1500,1001,false],"2048x2048":["https:\/\/ellotv.com.br\/site\/wp-content\/uploads\/2026\/01\/WhatsApp-Image-2026-01-27-at-15.11.47.jpeg",1500,1001,false],"darknews-slider-full":["https:\/\/ellotv.com.br\/site\/wp-content\/uploads\/2026\/01\/WhatsApp-Image-2026-01-27-at-15.11.47-1280x720.jpeg",1280,720,true],"darknews-featured":["https:\/\/ellotv.com.br\/site\/wp-content\/uploads\/2026\/01\/WhatsApp-Image-2026-01-27-at-15.11.47-1024x683.jpeg",1024,683,true],"darknews-medium":["https:\/\/ellotv.com.br\/site\/wp-content\/uploads\/2026\/01\/WhatsApp-Image-2026-01-27-at-15.11.47-720x530.jpeg",720,530,true],"darknews-medium-square":["https:\/\/ellotv.com.br\/site\/wp-content\/uploads\/2026\/01\/WhatsApp-Image-2026-01-27-at-15.11.47-350x350.jpeg",350,350,true]},"author_info":{"info":["ELLO TV"]},"category_info":"<a href=\"https:\/\/ellotv.com.br\/site\/category\/brasil\/\" rel=\"category tag\">Brasil<\/a> <a href=\"https:\/\/ellotv.com.br\/site\/category\/noticias\/\" rel=\"category tag\">Noticias<\/a> <a href=\"https:\/\/ellotv.com.br\/site\/category\/tech\/\" rel=\"category tag\">Tech<\/a>","tag_info":"Tech","comment_count":"0","_links":{"self":[{"href":"https:\/\/ellotv.com.br\/site\/wp-json\/wp\/v2\/posts\/4660","targetHints":{"allow":["GET"]}}],"collection":[{"href":"https:\/\/ellotv.com.br\/site\/wp-json\/wp\/v2\/posts"}],"about":[{"href":"https:\/\/ellotv.com.br\/site\/wp-json\/wp\/v2\/types\/post"}],"author":[{"embeddable":true,"href":"https:\/\/ellotv.com.br\/site\/wp-json\/wp\/v2\/users\/2"}],"replies":[{"embeddable":true,"href":"https:\/\/ellotv.com.br\/site\/wp-json\/wp\/v2\/comments?post=4660"}],"version-history":[{"count":2,"href":"https:\/\/ellotv.com.br\/site\/wp-json\/wp\/v2\/posts\/4660\/revisions"}],"predecessor-version":[{"id":4663,"href":"https:\/\/ellotv.com.br\/site\/wp-json\/wp\/v2\/posts\/4660\/revisions\/4663"}],"wp:featuredmedia":[{"embeddable":true,"href":"https:\/\/ellotv.com.br\/site\/wp-json\/wp\/v2\/media\/4661"}],"wp:attachment":[{"href":"https:\/\/ellotv.com.br\/site\/wp-json\/wp\/v2\/media?parent=4660"}],"wp:term":[{"taxonomy":"category","embeddable":true,"href":"https:\/\/ellotv.com.br\/site\/wp-json\/wp\/v2\/categories?post=4660"},{"taxonomy":"post_tag","embeddable":true,"href":"https:\/\/ellotv.com.br\/site\/wp-json\/wp\/v2\/tags?post=4660"}],"curies":[{"name":"wp","href":"https:\/\/api.w.org\/{rel}","templated":true}]}}