{"id":4664,"date":"2026-01-28T08:27:46","date_gmt":"2026-01-28T11:27:46","guid":{"rendered":"https:\/\/ellotv.com.br\/site\/?p=4664"},"modified":"2026-01-28T08:27:46","modified_gmt":"2026-01-28T11:27:46","slug":"cariucha-deixa-o-sbt-e-assume-o-comando-do-superpop-na-redetv","status":"publish","type":"post","link":"https:\/\/ellotv.com.br\/site\/2026\/01\/28\/cariucha-deixa-o-sbt-e-assume-o-comando-do-superpop-na-redetv\/","title":{"rendered":"Cari\u00facha deixa o SBT e assume o comando do SuperPop na RedeTV!"},"content":{"rendered":"<p>A RedeTV! confirmou a contrata\u00e7\u00e3o de Cari\u00facha como nova apresentadora do SuperPop, programa que passar\u00e1 por uma reformula\u00e7\u00e3o ap\u00f3s a sa\u00edda de Luciana Gimenez, que esteve \u00e0 frente da atra\u00e7\u00e3o por 25 anos. A estreia da apresentadora est\u00e1 prevista para mar\u00e7o.<\/p>\n<p>Cari\u00facha ocupar\u00e1 o espa\u00e7o deixado por Luciana, que anunciou oficialmente sua sa\u00edda da emissora nas redes sociais, agradecendo a trajet\u00f3ria constru\u00edda ao longo de mais de duas d\u00e9cadas no comando do programa.<\/p>\n<p>Procurado pela reportagem, o SBT ainda n\u00e3o se manifestou sobre o encerramento do v\u00ednculo contratual de Cari\u00facha com a emissora. A apresentadora integrava desde abril de 2024 o elenco do Fofocalizando, exibido nas tardes do canal.<\/p>\n<p>Em seu perfil no Instagram, Cari\u00facha comentou a novidade de forma breve e emocionada, associando o novo desafio \u00e0 realiza\u00e7\u00e3o de um sonho antigo.<br \/>\n\u201cEu sempre tive um sonho de ter meu pr\u00f3prio programa, e sempre pedi isso a Jesus. Obrigada, Jesus, por tudo. Obrigada @oprah por trazer representatividade e nos fazer sonhar\u201d, escreveu.<\/p>\n<p>Enquanto a nova fase do SuperPop n\u00e3o estreia, a atra\u00e7\u00e3o segue sendo comandada interinamente por Simone Garuti, funcion\u00e1ria da RedeTV! desde 2001 e que acompanha o programa desde seus primeiros anos. Ela foi escolhida para conduzir a atra\u00e7\u00e3o durante o per\u00edodo de transi\u00e7\u00e3o.<\/p>\n<p><strong>Quem \u00e9 Cari\u00facha<\/strong><\/p>\n<p>Cari\u00facha \u00e9 o nome art\u00edstico de Alessandra Mendes Firmiano, natural de Nova Igua\u00e7u, no Rio de Janeiro. Ela ganhou proje\u00e7\u00e3o nacional em 2009 ap\u00f3s participar do programa Profiss\u00e3o Rep\u00f3rter, da TV Globo, ao disputar o concurso Garota da Laje. A frase dita por ela ap\u00f3s a elimina\u00e7\u00e3o \u2014 \u201csou toda natural, bonita pra caramba\u201d \u2014 virou meme e segue sendo lembrada nas redes sociais.<\/p>\n<p>Nos \u00faltimos anos, Cari\u00facha ampliou sua visibilidade ao participar da 15\u00aa edi\u00e7\u00e3o de A Fazenda, da Record, marcada por conflitos e embates com outros participantes, o que refor\u00e7ou sua presen\u00e7a no notici\u00e1rio de entretenimento e cultura pop.<\/p>\n","protected":false},"excerpt":{"rendered":"<p>A RedeTV! confirmou a contrata\u00e7\u00e3o de Cari\u00facha como nova apresentadora do SuperPop, programa que passar\u00e1 por uma reformula\u00e7\u00e3o<\/p>\n","protected":false},"author":2,"featured_media":4665,"comment_status":"open","ping_status":"open","sticky":false,"template":"","format":"standard","meta":{"footnotes":""},"categories":[8,12],"tags":[],"class_list":["post-4664","post","type-post","status-publish","format-standard","has-post-thumbnail","hentry","category-brasil","category-noticias"],"yoast_head":"<!-- This site is optimized with the Yoast SEO plugin v28.3 - https:\/\/yoast.com\/product\/yoast-seo-wordpress\/ -->\n<title>Cari\u00facha deixa o SBT e assume o comando do SuperPop na RedeTV! - Ello TV<\/title>\n<meta name=\"description\" content=\"RedeTV! confirma Cari\u00facha como nova apresentadora do SuperPop ap\u00f3s a sa\u00edda de Luciana Gimenez. Estreia est\u00e1 prevista para mar\u00e7o e marca nova fase do programa.\" \/>\n<meta name=\"robots\" content=\"index, follow, max-snippet:-1, max-image-preview:large, max-video-preview:-1\" \/>\n<link rel=\"canonical\" href=\"https:\/\/ellotv.com.br\/site\/2026\/01\/28\/cariucha-deixa-o-sbt-e-assume-o-comando-do-superpop-na-redetv\/\" \/>\n<meta property=\"og:locale\" content=\"pt_BR\" \/>\n<meta property=\"og:type\" content=\"article\" \/>\n<meta property=\"og:title\" content=\"Cari\u00facha deixa o SBT e assume o comando do SuperPop na RedeTV! - Ello TV\" \/>\n<meta property=\"og:description\" content=\"RedeTV! confirma Cari\u00facha como nova apresentadora do SuperPop ap\u00f3s a sa\u00edda de Luciana Gimenez. Estreia est\u00e1 prevista para mar\u00e7o e marca nova fase do programa.\" \/>\n<meta property=\"og:url\" content=\"https:\/\/ellotv.com.br\/site\/2026\/01\/28\/cariucha-deixa-o-sbt-e-assume-o-comando-do-superpop-na-redetv\/\" \/>\n<meta property=\"og:site_name\" content=\"Ello TV\" \/>\n<meta property=\"article:published_time\" content=\"2026-01-28T11:27:46+00:00\" \/>\n<meta property=\"og:image\" content=\"https:\/\/ellotv.com.br\/site\/wp-content\/uploads\/2026\/01\/WhatsApp-Image-2026-01-27-at-15.45.17.jpeg\" \/>\n\t<meta property=\"og:image:width\" content=\"1100\" \/>\n\t<meta property=\"og:image:height\" content=\"734\" \/>\n\t<meta property=\"og:image:type\" content=\"image\/jpeg\" \/>\n<meta name=\"author\" content=\"ELLO TV\" \/>\n<meta name=\"twitter:card\" content=\"summary_large_image\" \/>\n<meta name=\"twitter:label1\" content=\"Escrito por\" \/>\n\t<meta name=\"twitter:data1\" content=\"ELLO TV\" \/>\n\t<meta name=\"twitter:label2\" content=\"Est. tempo de leitura\" \/>\n\t<meta name=\"twitter:data2\" content=\"2 minutos\" \/>\n<script type=\"application\/ld+json\" class=\"yoast-schema-graph\">{\"@context\":\"https:\\\/\\\/schema.org\",\"@graph\":[{\"@type\":\"Article\",\"@id\":\"https:\\\/\\\/ellotv.com.br\\\/site\\\/2026\\\/01\\\/28\\\/cariucha-deixa-o-sbt-e-assume-o-comando-do-superpop-na-redetv\\\/#article\",\"isPartOf\":{\"@id\":\"https:\\\/\\\/ellotv.com.br\\\/site\\\/2026\\\/01\\\/28\\\/cariucha-deixa-o-sbt-e-assume-o-comando-do-superpop-na-redetv\\\/\"},\"author\":{\"name\":\"ELLO TV\",\"@id\":\"https:\\\/\\\/ellotv.com.br\\\/site\\\/#\\\/schema\\\/person\\\/2dbe3abaee38dcc7332fc8205cd2b15d\"},\"headline\":\"Cari\u00facha deixa o SBT e assume o comando do SuperPop na RedeTV!\",\"datePublished\":\"2026-01-28T11:27:46+00:00\",\"mainEntityOfPage\":{\"@id\":\"https:\\\/\\\/ellotv.com.br\\\/site\\\/2026\\\/01\\\/28\\\/cariucha-deixa-o-sbt-e-assume-o-comando-do-superpop-na-redetv\\\/\"},\"wordCount\":352,\"commentCount\":0,\"publisher\":{\"@id\":\"https:\\\/\\\/ellotv.com.br\\\/site\\\/#organization\"},\"image\":{\"@id\":\"https:\\\/\\\/ellotv.com.br\\\/site\\\/2026\\\/01\\\/28\\\/cariucha-deixa-o-sbt-e-assume-o-comando-do-superpop-na-redetv\\\/#primaryimage\"},\"thumbnailUrl\":\"https:\\\/\\\/ellotv.com.br\\\/site\\\/wp-content\\\/uploads\\\/2026\\\/01\\\/WhatsApp-Image-2026-01-27-at-15.45.17.jpeg\",\"articleSection\":[\"Brasil\",\"Noticias\"],\"inLanguage\":\"pt-BR\",\"potentialAction\":[{\"@type\":\"CommentAction\",\"name\":\"Comment\",\"target\":[\"https:\\\/\\\/ellotv.com.br\\\/site\\\/2026\\\/01\\\/28\\\/cariucha-deixa-o-sbt-e-assume-o-comando-do-superpop-na-redetv\\\/#respond\"]}]},{\"@type\":\"WebPage\",\"@id\":\"https:\\\/\\\/ellotv.com.br\\\/site\\\/2026\\\/01\\\/28\\\/cariucha-deixa-o-sbt-e-assume-o-comando-do-superpop-na-redetv\\\/\",\"url\":\"https:\\\/\\\/ellotv.com.br\\\/site\\\/2026\\\/01\\\/28\\\/cariucha-deixa-o-sbt-e-assume-o-comando-do-superpop-na-redetv\\\/\",\"name\":\"Cari\u00facha deixa o SBT e assume o comando do SuperPop na RedeTV! - Ello TV\",\"isPartOf\":{\"@id\":\"https:\\\/\\\/ellotv.com.br\\\/site\\\/#website\"},\"primaryImageOfPage\":{\"@id\":\"https:\\\/\\\/ellotv.com.br\\\/site\\\/2026\\\/01\\\/28\\\/cariucha-deixa-o-sbt-e-assume-o-comando-do-superpop-na-redetv\\\/#primaryimage\"},\"image\":{\"@id\":\"https:\\\/\\\/ellotv.com.br\\\/site\\\/2026\\\/01\\\/28\\\/cariucha-deixa-o-sbt-e-assume-o-comando-do-superpop-na-redetv\\\/#primaryimage\"},\"thumbnailUrl\":\"https:\\\/\\\/ellotv.com.br\\\/site\\\/wp-content\\\/uploads\\\/2026\\\/01\\\/WhatsApp-Image-2026-01-27-at-15.45.17.jpeg\",\"datePublished\":\"2026-01-28T11:27:46+00:00\",\"description\":\"RedeTV! confirma Cari\u00facha como nova apresentadora do SuperPop ap\u00f3s a sa\u00edda de Luciana Gimenez. Estreia est\u00e1 prevista para mar\u00e7o e marca nova fase do programa.\",\"breadcrumb\":{\"@id\":\"https:\\\/\\\/ellotv.com.br\\\/site\\\/2026\\\/01\\\/28\\\/cariucha-deixa-o-sbt-e-assume-o-comando-do-superpop-na-redetv\\\/#breadcrumb\"},\"inLanguage\":\"pt-BR\",\"potentialAction\":[{\"@type\":\"ReadAction\",\"target\":[\"https:\\\/\\\/ellotv.com.br\\\/site\\\/2026\\\/01\\\/28\\\/cariucha-deixa-o-sbt-e-assume-o-comando-do-superpop-na-redetv\\\/\"]}]},{\"@type\":\"ImageObject\",\"inLanguage\":\"pt-BR\",\"@id\":\"https:\\\/\\\/ellotv.com.br\\\/site\\\/2026\\\/01\\\/28\\\/cariucha-deixa-o-sbt-e-assume-o-comando-do-superpop-na-redetv\\\/#primaryimage\",\"url\":\"https:\\\/\\\/ellotv.com.br\\\/site\\\/wp-content\\\/uploads\\\/2026\\\/01\\\/WhatsApp-Image-2026-01-27-at-15.45.17.jpeg\",\"contentUrl\":\"https:\\\/\\\/ellotv.com.br\\\/site\\\/wp-content\\\/uploads\\\/2026\\\/01\\\/WhatsApp-Image-2026-01-27-at-15.45.17.jpeg\",\"width\":1100,\"height\":734},{\"@type\":\"BreadcrumbList\",\"@id\":\"https:\\\/\\\/ellotv.com.br\\\/site\\\/2026\\\/01\\\/28\\\/cariucha-deixa-o-sbt-e-assume-o-comando-do-superpop-na-redetv\\\/#breadcrumb\",\"itemListElement\":[{\"@type\":\"ListItem\",\"position\":1,\"name\":\"In\u00edcio\",\"item\":\"https:\\\/\\\/ellotv.com.br\\\/site\\\/\"},{\"@type\":\"ListItem\",\"position\":2,\"name\":\"Cari\u00facha deixa o SBT e assume o comando do SuperPop na RedeTV!\"}]},{\"@type\":\"WebSite\",\"@id\":\"https:\\\/\\\/ellotv.com.br\\\/site\\\/#website\",\"url\":\"https:\\\/\\\/ellotv.com.br\\\/site\\\/\",\"name\":\"ELLO TV\",\"description\":\"\",\"publisher\":{\"@id\":\"https:\\\/\\\/ellotv.com.br\\\/site\\\/#organization\"},\"potentialAction\":[{\"@type\":\"SearchAction\",\"target\":{\"@type\":\"EntryPoint\",\"urlTemplate\":\"https:\\\/\\\/ellotv.com.br\\\/site\\\/?s={search_term_string}\"},\"query-input\":{\"@type\":\"PropertyValueSpecification\",\"valueRequired\":true,\"valueName\":\"search_term_string\"}}],\"inLanguage\":\"pt-BR\"},{\"@type\":\"Organization\",\"@id\":\"https:\\\/\\\/ellotv.com.br\\\/site\\\/#organization\",\"name\":\"ELLO TV\",\"url\":\"https:\\\/\\\/ellotv.com.br\\\/site\\\/\",\"logo\":{\"@type\":\"ImageObject\",\"inLanguage\":\"pt-BR\",\"@id\":\"https:\\\/\\\/ellotv.com.br\\\/site\\\/#\\\/schema\\\/logo\\\/image\\\/\",\"url\":\"https:\\\/\\\/ellotv.com.br\\\/site\\\/wp-content\\\/uploads\\\/2025\\\/11\\\/ello-logo-2.fw_.png\",\"contentUrl\":\"https:\\\/\\\/ellotv.com.br\\\/site\\\/wp-content\\\/uploads\\\/2025\\\/11\\\/ello-logo-2.fw_.png\",\"width\":400,\"height\":146,\"caption\":\"ELLO TV\"},\"image\":{\"@id\":\"https:\\\/\\\/ellotv.com.br\\\/site\\\/#\\\/schema\\\/logo\\\/image\\\/\"}},{\"@type\":\"Person\",\"@id\":\"https:\\\/\\\/ellotv.com.br\\\/site\\\/#\\\/schema\\\/person\\\/2dbe3abaee38dcc7332fc8205cd2b15d\",\"name\":\"ELLO TV\",\"image\":{\"@type\":\"ImageObject\",\"inLanguage\":\"pt-BR\",\"@id\":\"https:\\\/\\\/secure.gravatar.com\\\/avatar\\\/c38242b9da8ec217ac3f0aaee31a54f7d7befb11b2b47fdbc8fb0fad60afa1c6?s=96&d=mm&r=g\",\"url\":\"https:\\\/\\\/secure.gravatar.com\\\/avatar\\\/c38242b9da8ec217ac3f0aaee31a54f7d7befb11b2b47fdbc8fb0fad60afa1c6?s=96&d=mm&r=g\",\"contentUrl\":\"https:\\\/\\\/secure.gravatar.com\\\/avatar\\\/c38242b9da8ec217ac3f0aaee31a54f7d7befb11b2b47fdbc8fb0fad60afa1c6?s=96&d=mm&r=g\",\"caption\":\"ELLO TV\"},\"url\":\"https:\\\/\\\/ellotv.com.br\\\/site\\\/author\\\/elloagencia\\\/\"}]}<\/script>\n<!-- \/ Yoast SEO plugin. -->","yoast_head_json":{"title":"Cari\u00facha deixa o SBT e assume o comando do SuperPop na RedeTV! - Ello TV","description":"RedeTV! confirma Cari\u00facha como nova apresentadora do SuperPop ap\u00f3s a sa\u00edda de Luciana Gimenez. Estreia est\u00e1 prevista para mar\u00e7o e marca nova fase do programa.","robots":{"index":"index","follow":"follow","max-snippet":"max-snippet:-1","max-image-preview":"max-image-preview:large","max-video-preview":"max-video-preview:-1"},"canonical":"https:\/\/ellotv.com.br\/site\/2026\/01\/28\/cariucha-deixa-o-sbt-e-assume-o-comando-do-superpop-na-redetv\/","og_locale":"pt_BR","og_type":"article","og_title":"Cari\u00facha deixa o SBT e assume o comando do SuperPop na RedeTV! - Ello TV","og_description":"RedeTV! confirma Cari\u00facha como nova apresentadora do SuperPop ap\u00f3s a sa\u00edda de Luciana Gimenez. Estreia est\u00e1 prevista para mar\u00e7o e marca nova fase do programa.","og_url":"https:\/\/ellotv.com.br\/site\/2026\/01\/28\/cariucha-deixa-o-sbt-e-assume-o-comando-do-superpop-na-redetv\/","og_site_name":"Ello TV","article_published_time":"2026-01-28T11:27:46+00:00","og_image":[{"width":1100,"height":734,"url":"https:\/\/ellotv.com.br\/site\/wp-content\/uploads\/2026\/01\/WhatsApp-Image-2026-01-27-at-15.45.17.jpeg","type":"image\/jpeg"}],"author":"ELLO TV","twitter_card":"summary_large_image","twitter_misc":{"Escrito por":"ELLO TV","Est. tempo de leitura":"2 minutos"},"schema":{"@context":"https:\/\/schema.org","@graph":[{"@type":"Article","@id":"https:\/\/ellotv.com.br\/site\/2026\/01\/28\/cariucha-deixa-o-sbt-e-assume-o-comando-do-superpop-na-redetv\/#article","isPartOf":{"@id":"https:\/\/ellotv.com.br\/site\/2026\/01\/28\/cariucha-deixa-o-sbt-e-assume-o-comando-do-superpop-na-redetv\/"},"author":{"name":"ELLO TV","@id":"https:\/\/ellotv.com.br\/site\/#\/schema\/person\/2dbe3abaee38dcc7332fc8205cd2b15d"},"headline":"Cari\u00facha deixa o SBT e assume o comando do SuperPop na RedeTV!","datePublished":"2026-01-28T11:27:46+00:00","mainEntityOfPage":{"@id":"https:\/\/ellotv.com.br\/site\/2026\/01\/28\/cariucha-deixa-o-sbt-e-assume-o-comando-do-superpop-na-redetv\/"},"wordCount":352,"commentCount":0,"publisher":{"@id":"https:\/\/ellotv.com.br\/site\/#organization"},"image":{"@id":"https:\/\/ellotv.com.br\/site\/2026\/01\/28\/cariucha-deixa-o-sbt-e-assume-o-comando-do-superpop-na-redetv\/#primaryimage"},"thumbnailUrl":"https:\/\/ellotv.com.br\/site\/wp-content\/uploads\/2026\/01\/WhatsApp-Image-2026-01-27-at-15.45.17.jpeg","articleSection":["Brasil","Noticias"],"inLanguage":"pt-BR","potentialAction":[{"@type":"CommentAction","name":"Comment","target":["https:\/\/ellotv.com.br\/site\/2026\/01\/28\/cariucha-deixa-o-sbt-e-assume-o-comando-do-superpop-na-redetv\/#respond"]}]},{"@type":"WebPage","@id":"https:\/\/ellotv.com.br\/site\/2026\/01\/28\/cariucha-deixa-o-sbt-e-assume-o-comando-do-superpop-na-redetv\/","url":"https:\/\/ellotv.com.br\/site\/2026\/01\/28\/cariucha-deixa-o-sbt-e-assume-o-comando-do-superpop-na-redetv\/","name":"Cari\u00facha deixa o SBT e assume o comando do SuperPop na RedeTV! - Ello TV","isPartOf":{"@id":"https:\/\/ellotv.com.br\/site\/#website"},"primaryImageOfPage":{"@id":"https:\/\/ellotv.com.br\/site\/2026\/01\/28\/cariucha-deixa-o-sbt-e-assume-o-comando-do-superpop-na-redetv\/#primaryimage"},"image":{"@id":"https:\/\/ellotv.com.br\/site\/2026\/01\/28\/cariucha-deixa-o-sbt-e-assume-o-comando-do-superpop-na-redetv\/#primaryimage"},"thumbnailUrl":"https:\/\/ellotv.com.br\/site\/wp-content\/uploads\/2026\/01\/WhatsApp-Image-2026-01-27-at-15.45.17.jpeg","datePublished":"2026-01-28T11:27:46+00:00","description":"RedeTV! confirma Cari\u00facha como nova apresentadora do SuperPop ap\u00f3s a sa\u00edda de Luciana Gimenez. Estreia est\u00e1 prevista para mar\u00e7o e marca nova fase do programa.","breadcrumb":{"@id":"https:\/\/ellotv.com.br\/site\/2026\/01\/28\/cariucha-deixa-o-sbt-e-assume-o-comando-do-superpop-na-redetv\/#breadcrumb"},"inLanguage":"pt-BR","potentialAction":[{"@type":"ReadAction","target":["https:\/\/ellotv.com.br\/site\/2026\/01\/28\/cariucha-deixa-o-sbt-e-assume-o-comando-do-superpop-na-redetv\/"]}]},{"@type":"ImageObject","inLanguage":"pt-BR","@id":"https:\/\/ellotv.com.br\/site\/2026\/01\/28\/cariucha-deixa-o-sbt-e-assume-o-comando-do-superpop-na-redetv\/#primaryimage","url":"https:\/\/ellotv.com.br\/site\/wp-content\/uploads\/2026\/01\/WhatsApp-Image-2026-01-27-at-15.45.17.jpeg","contentUrl":"https:\/\/ellotv.com.br\/site\/wp-content\/uploads\/2026\/01\/WhatsApp-Image-2026-01-27-at-15.45.17.jpeg","width":1100,"height":734},{"@type":"BreadcrumbList","@id":"https:\/\/ellotv.com.br\/site\/2026\/01\/28\/cariucha-deixa-o-sbt-e-assume-o-comando-do-superpop-na-redetv\/#breadcrumb","itemListElement":[{"@type":"ListItem","position":1,"name":"In\u00edcio","item":"https:\/\/ellotv.com.br\/site\/"},{"@type":"ListItem","position":2,"name":"Cari\u00facha deixa o SBT e assume o comando do SuperPop na RedeTV!"}]},{"@type":"WebSite","@id":"https:\/\/ellotv.com.br\/site\/#website","url":"https:\/\/ellotv.com.br\/site\/","name":"ELLO TV","description":"","publisher":{"@id":"https:\/\/ellotv.com.br\/site\/#organization"},"potentialAction":[{"@type":"SearchAction","target":{"@type":"EntryPoint","urlTemplate":"https:\/\/ellotv.com.br\/site\/?s={search_term_string}"},"query-input":{"@type":"PropertyValueSpecification","valueRequired":true,"valueName":"search_term_string"}}],"inLanguage":"pt-BR"},{"@type":"Organization","@id":"https:\/\/ellotv.com.br\/site\/#organization","name":"ELLO TV","url":"https:\/\/ellotv.com.br\/site\/","logo":{"@type":"ImageObject","inLanguage":"pt-BR","@id":"https:\/\/ellotv.com.br\/site\/#\/schema\/logo\/image\/","url":"https:\/\/ellotv.com.br\/site\/wp-content\/uploads\/2025\/11\/ello-logo-2.fw_.png","contentUrl":"https:\/\/ellotv.com.br\/site\/wp-content\/uploads\/2025\/11\/ello-logo-2.fw_.png","width":400,"height":146,"caption":"ELLO TV"},"image":{"@id":"https:\/\/ellotv.com.br\/site\/#\/schema\/logo\/image\/"}},{"@type":"Person","@id":"https:\/\/ellotv.com.br\/site\/#\/schema\/person\/2dbe3abaee38dcc7332fc8205cd2b15d","name":"ELLO TV","image":{"@type":"ImageObject","inLanguage":"pt-BR","@id":"https:\/\/secure.gravatar.com\/avatar\/c38242b9da8ec217ac3f0aaee31a54f7d7befb11b2b47fdbc8fb0fad60afa1c6?s=96&d=mm&r=g","url":"https:\/\/secure.gravatar.com\/avatar\/c38242b9da8ec217ac3f0aaee31a54f7d7befb11b2b47fdbc8fb0fad60afa1c6?s=96&d=mm&r=g","contentUrl":"https:\/\/secure.gravatar.com\/avatar\/c38242b9da8ec217ac3f0aaee31a54f7d7befb11b2b47fdbc8fb0fad60afa1c6?s=96&d=mm&r=g","caption":"ELLO TV"},"url":"https:\/\/ellotv.com.br\/site\/author\/elloagencia\/"}]}},"featured_image_urls":{"full":["https:\/\/ellotv.com.br\/site\/wp-content\/uploads\/2026\/01\/WhatsApp-Image-2026-01-27-at-15.45.17.jpeg",1100,734,false],"thumbnail":["https:\/\/ellotv.com.br\/site\/wp-content\/uploads\/2026\/01\/WhatsApp-Image-2026-01-27-at-15.45.17-150x150.jpeg",150,150,true],"medium":["https:\/\/ellotv.com.br\/site\/wp-content\/uploads\/2026\/01\/WhatsApp-Image-2026-01-27-at-15.45.17-300x200.jpeg",300,200,true],"medium_large":["https:\/\/ellotv.com.br\/site\/wp-content\/uploads\/2026\/01\/WhatsApp-Image-2026-01-27-at-15.45.17-768x512.jpeg",640,427,true],"large":["https:\/\/ellotv.com.br\/site\/wp-content\/uploads\/2026\/01\/WhatsApp-Image-2026-01-27-at-15.45.17-1024x683.jpeg",640,427,true],"1536x1536":["https:\/\/ellotv.com.br\/site\/wp-content\/uploads\/2026\/01\/WhatsApp-Image-2026-01-27-at-15.45.17.jpeg",1100,734,false],"2048x2048":["https:\/\/ellotv.com.br\/site\/wp-content\/uploads\/2026\/01\/WhatsApp-Image-2026-01-27-at-15.45.17.jpeg",1100,734,false],"darknews-slider-full":["https:\/\/ellotv.com.br\/site\/wp-content\/uploads\/2026\/01\/WhatsApp-Image-2026-01-27-at-15.45.17-1100x720.jpeg",1100,720,true],"darknews-featured":["https:\/\/ellotv.com.br\/site\/wp-content\/uploads\/2026\/01\/WhatsApp-Image-2026-01-27-at-15.45.17-1024x683.jpeg",1024,683,true],"darknews-medium":["https:\/\/ellotv.com.br\/site\/wp-content\/uploads\/2026\/01\/WhatsApp-Image-2026-01-27-at-15.45.17-720x530.jpeg",720,530,true],"darknews-medium-square":["https:\/\/ellotv.com.br\/site\/wp-content\/uploads\/2026\/01\/WhatsApp-Image-2026-01-27-at-15.45.17-350x350.jpeg",350,350,true]},"author_info":{"info":["ELLO TV"]},"category_info":"<a href=\"https:\/\/ellotv.com.br\/site\/category\/brasil\/\" rel=\"category tag\">Brasil<\/a> <a href=\"https:\/\/ellotv.com.br\/site\/category\/noticias\/\" rel=\"category tag\">Noticias<\/a>","tag_info":"Noticias","comment_count":"0","_links":{"self":[{"href":"https:\/\/ellotv.com.br\/site\/wp-json\/wp\/v2\/posts\/4664","targetHints":{"allow":["GET"]}}],"collection":[{"href":"https:\/\/ellotv.com.br\/site\/wp-json\/wp\/v2\/posts"}],"about":[{"href":"https:\/\/ellotv.com.br\/site\/wp-json\/wp\/v2\/types\/post"}],"author":[{"embeddable":true,"href":"https:\/\/ellotv.com.br\/site\/wp-json\/wp\/v2\/users\/2"}],"replies":[{"embeddable":true,"href":"https:\/\/ellotv.com.br\/site\/wp-json\/wp\/v2\/comments?post=4664"}],"version-history":[{"count":2,"href":"https:\/\/ellotv.com.br\/site\/wp-json\/wp\/v2\/posts\/4664\/revisions"}],"predecessor-version":[{"id":4667,"href":"https:\/\/ellotv.com.br\/site\/wp-json\/wp\/v2\/posts\/4664\/revisions\/4667"}],"wp:featuredmedia":[{"embeddable":true,"href":"https:\/\/ellotv.com.br\/site\/wp-json\/wp\/v2\/media\/4665"}],"wp:attachment":[{"href":"https:\/\/ellotv.com.br\/site\/wp-json\/wp\/v2\/media?parent=4664"}],"wp:term":[{"taxonomy":"category","embeddable":true,"href":"https:\/\/ellotv.com.br\/site\/wp-json\/wp\/v2\/categories?post=4664"},{"taxonomy":"post_tag","embeddable":true,"href":"https:\/\/ellotv.com.br\/site\/wp-json\/wp\/v2\/tags?post=4664"}],"curies":[{"name":"wp","href":"https:\/\/api.w.org\/{rel}","templated":true}]}}