{"id":4669,"date":"2026-01-29T08:18:45","date_gmt":"2026-01-29T11:18:45","guid":{"rendered":"https:\/\/ellotv.com.br\/site\/?p=4669"},"modified":"2026-01-29T08:18:45","modified_gmt":"2026-01-29T11:18:45","slug":"interior-de-sao-paulo-abriga-cidade-com-maior-numero-de-doutores-por-habitante-da-america-latina","status":"publish","type":"post","link":"https:\/\/ellotv.com.br\/site\/2026\/01\/29\/interior-de-sao-paulo-abriga-cidade-com-maior-numero-de-doutores-por-habitante-da-america-latina\/","title":{"rendered":"Interior de S\u00e3o Paulo abriga cidade com maior n\u00famero de doutores por habitante da Am\u00e9rica Latina"},"content":{"rendered":"<p>Longe das grandes capitais, uma cidade do interior paulista se consolidou como um dos maiores polos de conhecimento da Am\u00e9rica Latina. S\u00e3o Carlos, localizada a cerca de 230 quil\u00f4metros da capital S\u00e3o Paulo, chama aten\u00e7\u00e3o por um dado incomum: \u00e9 o munic\u00edpio com maior concentra\u00e7\u00e3o de doutores por habitante da Am\u00e9rica Latina.<\/p>\n<p>O t\u00edtulo n\u00e3o \u00e9 simb\u00f3lico. Estimativas apontam que a cidade possui aproximadamente um doutor para cada 100 moradores, \u00edndice muito acima da m\u00e9dia brasileira e latino-americana. O n\u00famero reflete d\u00e9cadas de investimentos em educa\u00e7\u00e3o, ci\u00eancia e inova\u00e7\u00e3o, transformando S\u00e3o Carlos em refer\u00eancia acad\u00eamica e tecnol\u00f3gica.<\/p>\n<p>O cen\u00e1rio \u00e9 impulsionado principalmente pela presen\u00e7a de institui\u00e7\u00f5es de ensino e pesquisa de excel\u00eancia. O munic\u00edpio abriga dois campi da Universidade de S\u00e3o Paulo (USP), a Universidade Federal de S\u00e3o Carlos (UFSCar), al\u00e9m do Instituto Federal de S\u00e3o Paulo (IFSP), da Fatec e de centros privados de ensino superior. Esse ecossistema atrai estudantes, pesquisadores e profissionais altamente qualificados de diversas partes do pa\u00eds e do exterior.<\/p>\n<p>A forte base cient\u00edfica impacta diretamente o desenvolvimento local. S\u00e3o Carlos concentra startups, parques tecnol\u00f3gicos, laborat\u00f3rios e empresas ligadas \u00e0 engenharia, tecnologia da informa\u00e7\u00e3o, biotecnologia e inova\u00e7\u00e3o industrial. O resultado \u00e9 uma economia baseada no conhecimento, com gera\u00e7\u00e3o de empregos qualificados e solu\u00e7\u00f5es aplicadas \u00e0 ind\u00fastria e \u00e0 sociedade.<\/p>\n<p>Al\u00e9m do destaque acad\u00eamico, a cidade tamb\u00e9m aparece de forma positiva em indicadores de qualidade de vida. Infraestrutura urbana, mobilidade, \u00e1reas verdes, servi\u00e7os p\u00fablicos e custo de vida mais equilibrado em compara\u00e7\u00e3o \u00e0s grandes metr\u00f3poles contribuem para tornar o munic\u00edpio atrativo n\u00e3o apenas para estudantes, mas tamb\u00e9m para fam\u00edlias e profissionais que buscam um cotidiano mais tranquilo sem abrir m\u00e3o de oportunidades.<\/p>\n<p>Com pouco mais de 250 mil habitantes, S\u00e3o Carlos mostra que o desenvolvimento cient\u00edfico pode caminhar lado a lado com bem-estar, planejamento urbano e crescimento sustent\u00e1vel \u2014 consolidando seu papel como um dos principais centros de conhecimento do Brasil e da Am\u00e9rica Latina.<\/p>\n","protected":false},"excerpt":{"rendered":"<p>Longe das grandes capitais, uma cidade do interior paulista se consolidou como um dos maiores polos de conhecimento<\/p>\n","protected":false},"author":2,"featured_media":4670,"comment_status":"open","ping_status":"open","sticky":false,"template":"","format":"standard","meta":{"footnotes":""},"categories":[8,12],"tags":[],"class_list":["post-4669","post","type-post","status-publish","format-standard","has-post-thumbnail","hentry","category-brasil","category-noticias"],"yoast_head":"<!-- This site is optimized with the Yoast SEO plugin v28.3 - https:\/\/yoast.com\/product\/yoast-seo-wordpress\/ -->\n<title>Interior de S\u00e3o Paulo abriga cidade com maior n\u00famero de doutores por habitante da Am\u00e9rica Latina - Ello TV<\/title>\n<meta name=\"description\" content=\"Com forte presen\u00e7a da USP e da UFSCar, S\u00e3o Carlos concentra um doutor a cada 100 moradores e se consolida como polo cient\u00edfico e tecnol\u00f3gico da Am\u00e9rica Latina.\" \/>\n<meta name=\"robots\" content=\"index, follow, max-snippet:-1, max-image-preview:large, max-video-preview:-1\" \/>\n<link rel=\"canonical\" href=\"https:\/\/ellotv.com.br\/site\/2026\/01\/29\/interior-de-sao-paulo-abriga-cidade-com-maior-numero-de-doutores-por-habitante-da-america-latina\/\" \/>\n<meta property=\"og:locale\" content=\"pt_BR\" \/>\n<meta property=\"og:type\" content=\"article\" \/>\n<meta property=\"og:title\" content=\"Interior de S\u00e3o Paulo abriga cidade com maior n\u00famero de doutores por habitante da Am\u00e9rica Latina - Ello TV\" \/>\n<meta property=\"og:description\" content=\"Com forte presen\u00e7a da USP e da UFSCar, S\u00e3o Carlos concentra um doutor a cada 100 moradores e se consolida como polo cient\u00edfico e tecnol\u00f3gico da Am\u00e9rica Latina.\" \/>\n<meta property=\"og:url\" content=\"https:\/\/ellotv.com.br\/site\/2026\/01\/29\/interior-de-sao-paulo-abriga-cidade-com-maior-numero-de-doutores-por-habitante-da-america-latina\/\" \/>\n<meta property=\"og:site_name\" content=\"Ello TV\" \/>\n<meta property=\"article:published_time\" content=\"2026-01-29T11:18:45+00:00\" \/>\n<meta property=\"og:image\" content=\"https:\/\/ellotv.com.br\/site\/wp-content\/uploads\/2026\/01\/WhatsApp-Image-2026-01-28-at-09.40.10.jpeg\" \/>\n\t<meta property=\"og:image:width\" content=\"1600\" \/>\n\t<meta property=\"og:image:height\" content=\"900\" \/>\n\t<meta property=\"og:image:type\" content=\"image\/jpeg\" \/>\n<meta name=\"author\" content=\"ELLO TV\" \/>\n<meta name=\"twitter:card\" content=\"summary_large_image\" \/>\n<meta name=\"twitter:label1\" content=\"Escrito por\" \/>\n\t<meta name=\"twitter:data1\" content=\"ELLO TV\" \/>\n\t<meta name=\"twitter:label2\" content=\"Est. tempo de leitura\" \/>\n\t<meta name=\"twitter:data2\" content=\"2 minutos\" \/>\n<script type=\"application\/ld+json\" class=\"yoast-schema-graph\">{\"@context\":\"https:\\\/\\\/schema.org\",\"@graph\":[{\"@type\":\"Article\",\"@id\":\"https:\\\/\\\/ellotv.com.br\\\/site\\\/2026\\\/01\\\/29\\\/interior-de-sao-paulo-abriga-cidade-com-maior-numero-de-doutores-por-habitante-da-america-latina\\\/#article\",\"isPartOf\":{\"@id\":\"https:\\\/\\\/ellotv.com.br\\\/site\\\/2026\\\/01\\\/29\\\/interior-de-sao-paulo-abriga-cidade-com-maior-numero-de-doutores-por-habitante-da-america-latina\\\/\"},\"author\":{\"name\":\"ELLO TV\",\"@id\":\"https:\\\/\\\/ellotv.com.br\\\/site\\\/#\\\/schema\\\/person\\\/2dbe3abaee38dcc7332fc8205cd2b15d\"},\"headline\":\"Interior de S\u00e3o Paulo abriga cidade com maior n\u00famero de doutores por habitante da Am\u00e9rica Latina\",\"datePublished\":\"2026-01-29T11:18:45+00:00\",\"mainEntityOfPage\":{\"@id\":\"https:\\\/\\\/ellotv.com.br\\\/site\\\/2026\\\/01\\\/29\\\/interior-de-sao-paulo-abriga-cidade-com-maior-numero-de-doutores-por-habitante-da-america-latina\\\/\"},\"wordCount\":382,\"commentCount\":0,\"publisher\":{\"@id\":\"https:\\\/\\\/ellotv.com.br\\\/site\\\/#organization\"},\"image\":{\"@id\":\"https:\\\/\\\/ellotv.com.br\\\/site\\\/2026\\\/01\\\/29\\\/interior-de-sao-paulo-abriga-cidade-com-maior-numero-de-doutores-por-habitante-da-america-latina\\\/#primaryimage\"},\"thumbnailUrl\":\"https:\\\/\\\/ellotv.com.br\\\/site\\\/wp-content\\\/uploads\\\/2026\\\/01\\\/WhatsApp-Image-2026-01-28-at-09.40.10.jpeg\",\"articleSection\":[\"Brasil\",\"Noticias\"],\"inLanguage\":\"pt-BR\",\"potentialAction\":[{\"@type\":\"CommentAction\",\"name\":\"Comment\",\"target\":[\"https:\\\/\\\/ellotv.com.br\\\/site\\\/2026\\\/01\\\/29\\\/interior-de-sao-paulo-abriga-cidade-com-maior-numero-de-doutores-por-habitante-da-america-latina\\\/#respond\"]}]},{\"@type\":\"WebPage\",\"@id\":\"https:\\\/\\\/ellotv.com.br\\\/site\\\/2026\\\/01\\\/29\\\/interior-de-sao-paulo-abriga-cidade-com-maior-numero-de-doutores-por-habitante-da-america-latina\\\/\",\"url\":\"https:\\\/\\\/ellotv.com.br\\\/site\\\/2026\\\/01\\\/29\\\/interior-de-sao-paulo-abriga-cidade-com-maior-numero-de-doutores-por-habitante-da-america-latina\\\/\",\"name\":\"Interior de S\u00e3o Paulo abriga cidade com maior n\u00famero de doutores por habitante da Am\u00e9rica Latina - Ello TV\",\"isPartOf\":{\"@id\":\"https:\\\/\\\/ellotv.com.br\\\/site\\\/#website\"},\"primaryImageOfPage\":{\"@id\":\"https:\\\/\\\/ellotv.com.br\\\/site\\\/2026\\\/01\\\/29\\\/interior-de-sao-paulo-abriga-cidade-com-maior-numero-de-doutores-por-habitante-da-america-latina\\\/#primaryimage\"},\"image\":{\"@id\":\"https:\\\/\\\/ellotv.com.br\\\/site\\\/2026\\\/01\\\/29\\\/interior-de-sao-paulo-abriga-cidade-com-maior-numero-de-doutores-por-habitante-da-america-latina\\\/#primaryimage\"},\"thumbnailUrl\":\"https:\\\/\\\/ellotv.com.br\\\/site\\\/wp-content\\\/uploads\\\/2026\\\/01\\\/WhatsApp-Image-2026-01-28-at-09.40.10.jpeg\",\"datePublished\":\"2026-01-29T11:18:45+00:00\",\"description\":\"Com forte presen\u00e7a da USP e da UFSCar, S\u00e3o Carlos concentra um doutor a cada 100 moradores e se consolida como polo cient\u00edfico e tecnol\u00f3gico da Am\u00e9rica Latina.\",\"breadcrumb\":{\"@id\":\"https:\\\/\\\/ellotv.com.br\\\/site\\\/2026\\\/01\\\/29\\\/interior-de-sao-paulo-abriga-cidade-com-maior-numero-de-doutores-por-habitante-da-america-latina\\\/#breadcrumb\"},\"inLanguage\":\"pt-BR\",\"potentialAction\":[{\"@type\":\"ReadAction\",\"target\":[\"https:\\\/\\\/ellotv.com.br\\\/site\\\/2026\\\/01\\\/29\\\/interior-de-sao-paulo-abriga-cidade-com-maior-numero-de-doutores-por-habitante-da-america-latina\\\/\"]}]},{\"@type\":\"ImageObject\",\"inLanguage\":\"pt-BR\",\"@id\":\"https:\\\/\\\/ellotv.com.br\\\/site\\\/2026\\\/01\\\/29\\\/interior-de-sao-paulo-abriga-cidade-com-maior-numero-de-doutores-por-habitante-da-america-latina\\\/#primaryimage\",\"url\":\"https:\\\/\\\/ellotv.com.br\\\/site\\\/wp-content\\\/uploads\\\/2026\\\/01\\\/WhatsApp-Image-2026-01-28-at-09.40.10.jpeg\",\"contentUrl\":\"https:\\\/\\\/ellotv.com.br\\\/site\\\/wp-content\\\/uploads\\\/2026\\\/01\\\/WhatsApp-Image-2026-01-28-at-09.40.10.jpeg\",\"width\":1600,\"height\":900},{\"@type\":\"BreadcrumbList\",\"@id\":\"https:\\\/\\\/ellotv.com.br\\\/site\\\/2026\\\/01\\\/29\\\/interior-de-sao-paulo-abriga-cidade-com-maior-numero-de-doutores-por-habitante-da-america-latina\\\/#breadcrumb\",\"itemListElement\":[{\"@type\":\"ListItem\",\"position\":1,\"name\":\"In\u00edcio\",\"item\":\"https:\\\/\\\/ellotv.com.br\\\/site\\\/\"},{\"@type\":\"ListItem\",\"position\":2,\"name\":\"Interior de S\u00e3o Paulo abriga cidade com maior n\u00famero de doutores por habitante da Am\u00e9rica Latina\"}]},{\"@type\":\"WebSite\",\"@id\":\"https:\\\/\\\/ellotv.com.br\\\/site\\\/#website\",\"url\":\"https:\\\/\\\/ellotv.com.br\\\/site\\\/\",\"name\":\"ELLO TV\",\"description\":\"\",\"publisher\":{\"@id\":\"https:\\\/\\\/ellotv.com.br\\\/site\\\/#organization\"},\"potentialAction\":[{\"@type\":\"SearchAction\",\"target\":{\"@type\":\"EntryPoint\",\"urlTemplate\":\"https:\\\/\\\/ellotv.com.br\\\/site\\\/?s={search_term_string}\"},\"query-input\":{\"@type\":\"PropertyValueSpecification\",\"valueRequired\":true,\"valueName\":\"search_term_string\"}}],\"inLanguage\":\"pt-BR\"},{\"@type\":\"Organization\",\"@id\":\"https:\\\/\\\/ellotv.com.br\\\/site\\\/#organization\",\"name\":\"ELLO TV\",\"url\":\"https:\\\/\\\/ellotv.com.br\\\/site\\\/\",\"logo\":{\"@type\":\"ImageObject\",\"inLanguage\":\"pt-BR\",\"@id\":\"https:\\\/\\\/ellotv.com.br\\\/site\\\/#\\\/schema\\\/logo\\\/image\\\/\",\"url\":\"https:\\\/\\\/ellotv.com.br\\\/site\\\/wp-content\\\/uploads\\\/2025\\\/11\\\/ello-logo-2.fw_.png\",\"contentUrl\":\"https:\\\/\\\/ellotv.com.br\\\/site\\\/wp-content\\\/uploads\\\/2025\\\/11\\\/ello-logo-2.fw_.png\",\"width\":400,\"height\":146,\"caption\":\"ELLO TV\"},\"image\":{\"@id\":\"https:\\\/\\\/ellotv.com.br\\\/site\\\/#\\\/schema\\\/logo\\\/image\\\/\"}},{\"@type\":\"Person\",\"@id\":\"https:\\\/\\\/ellotv.com.br\\\/site\\\/#\\\/schema\\\/person\\\/2dbe3abaee38dcc7332fc8205cd2b15d\",\"name\":\"ELLO TV\",\"image\":{\"@type\":\"ImageObject\",\"inLanguage\":\"pt-BR\",\"@id\":\"https:\\\/\\\/secure.gravatar.com\\\/avatar\\\/c38242b9da8ec217ac3f0aaee31a54f7d7befb11b2b47fdbc8fb0fad60afa1c6?s=96&d=mm&r=g\",\"url\":\"https:\\\/\\\/secure.gravatar.com\\\/avatar\\\/c38242b9da8ec217ac3f0aaee31a54f7d7befb11b2b47fdbc8fb0fad60afa1c6?s=96&d=mm&r=g\",\"contentUrl\":\"https:\\\/\\\/secure.gravatar.com\\\/avatar\\\/c38242b9da8ec217ac3f0aaee31a54f7d7befb11b2b47fdbc8fb0fad60afa1c6?s=96&d=mm&r=g\",\"caption\":\"ELLO TV\"},\"url\":\"https:\\\/\\\/ellotv.com.br\\\/site\\\/author\\\/elloagencia\\\/\"}]}<\/script>\n<!-- \/ Yoast SEO plugin. -->","yoast_head_json":{"title":"Interior de S\u00e3o Paulo abriga cidade com maior n\u00famero de doutores por habitante da Am\u00e9rica Latina - Ello TV","description":"Com forte presen\u00e7a da USP e da UFSCar, S\u00e3o Carlos concentra um doutor a cada 100 moradores e se consolida como polo cient\u00edfico e tecnol\u00f3gico da Am\u00e9rica Latina.","robots":{"index":"index","follow":"follow","max-snippet":"max-snippet:-1","max-image-preview":"max-image-preview:large","max-video-preview":"max-video-preview:-1"},"canonical":"https:\/\/ellotv.com.br\/site\/2026\/01\/29\/interior-de-sao-paulo-abriga-cidade-com-maior-numero-de-doutores-por-habitante-da-america-latina\/","og_locale":"pt_BR","og_type":"article","og_title":"Interior de S\u00e3o Paulo abriga cidade com maior n\u00famero de doutores por habitante da Am\u00e9rica Latina - Ello TV","og_description":"Com forte presen\u00e7a da USP e da UFSCar, S\u00e3o Carlos concentra um doutor a cada 100 moradores e se consolida como polo cient\u00edfico e tecnol\u00f3gico da Am\u00e9rica Latina.","og_url":"https:\/\/ellotv.com.br\/site\/2026\/01\/29\/interior-de-sao-paulo-abriga-cidade-com-maior-numero-de-doutores-por-habitante-da-america-latina\/","og_site_name":"Ello TV","article_published_time":"2026-01-29T11:18:45+00:00","og_image":[{"width":1600,"height":900,"url":"https:\/\/ellotv.com.br\/site\/wp-content\/uploads\/2026\/01\/WhatsApp-Image-2026-01-28-at-09.40.10.jpeg","type":"image\/jpeg"}],"author":"ELLO TV","twitter_card":"summary_large_image","twitter_misc":{"Escrito por":"ELLO TV","Est. tempo de leitura":"2 minutos"},"schema":{"@context":"https:\/\/schema.org","@graph":[{"@type":"Article","@id":"https:\/\/ellotv.com.br\/site\/2026\/01\/29\/interior-de-sao-paulo-abriga-cidade-com-maior-numero-de-doutores-por-habitante-da-america-latina\/#article","isPartOf":{"@id":"https:\/\/ellotv.com.br\/site\/2026\/01\/29\/interior-de-sao-paulo-abriga-cidade-com-maior-numero-de-doutores-por-habitante-da-america-latina\/"},"author":{"name":"ELLO TV","@id":"https:\/\/ellotv.com.br\/site\/#\/schema\/person\/2dbe3abaee38dcc7332fc8205cd2b15d"},"headline":"Interior de S\u00e3o Paulo abriga cidade com maior n\u00famero de doutores por habitante da Am\u00e9rica Latina","datePublished":"2026-01-29T11:18:45+00:00","mainEntityOfPage":{"@id":"https:\/\/ellotv.com.br\/site\/2026\/01\/29\/interior-de-sao-paulo-abriga-cidade-com-maior-numero-de-doutores-por-habitante-da-america-latina\/"},"wordCount":382,"commentCount":0,"publisher":{"@id":"https:\/\/ellotv.com.br\/site\/#organization"},"image":{"@id":"https:\/\/ellotv.com.br\/site\/2026\/01\/29\/interior-de-sao-paulo-abriga-cidade-com-maior-numero-de-doutores-por-habitante-da-america-latina\/#primaryimage"},"thumbnailUrl":"https:\/\/ellotv.com.br\/site\/wp-content\/uploads\/2026\/01\/WhatsApp-Image-2026-01-28-at-09.40.10.jpeg","articleSection":["Brasil","Noticias"],"inLanguage":"pt-BR","potentialAction":[{"@type":"CommentAction","name":"Comment","target":["https:\/\/ellotv.com.br\/site\/2026\/01\/29\/interior-de-sao-paulo-abriga-cidade-com-maior-numero-de-doutores-por-habitante-da-america-latina\/#respond"]}]},{"@type":"WebPage","@id":"https:\/\/ellotv.com.br\/site\/2026\/01\/29\/interior-de-sao-paulo-abriga-cidade-com-maior-numero-de-doutores-por-habitante-da-america-latina\/","url":"https:\/\/ellotv.com.br\/site\/2026\/01\/29\/interior-de-sao-paulo-abriga-cidade-com-maior-numero-de-doutores-por-habitante-da-america-latina\/","name":"Interior de S\u00e3o Paulo abriga cidade com maior n\u00famero de doutores por habitante da Am\u00e9rica Latina - Ello TV","isPartOf":{"@id":"https:\/\/ellotv.com.br\/site\/#website"},"primaryImageOfPage":{"@id":"https:\/\/ellotv.com.br\/site\/2026\/01\/29\/interior-de-sao-paulo-abriga-cidade-com-maior-numero-de-doutores-por-habitante-da-america-latina\/#primaryimage"},"image":{"@id":"https:\/\/ellotv.com.br\/site\/2026\/01\/29\/interior-de-sao-paulo-abriga-cidade-com-maior-numero-de-doutores-por-habitante-da-america-latina\/#primaryimage"},"thumbnailUrl":"https:\/\/ellotv.com.br\/site\/wp-content\/uploads\/2026\/01\/WhatsApp-Image-2026-01-28-at-09.40.10.jpeg","datePublished":"2026-01-29T11:18:45+00:00","description":"Com forte presen\u00e7a da USP e da UFSCar, S\u00e3o Carlos concentra um doutor a cada 100 moradores e se consolida como polo cient\u00edfico e tecnol\u00f3gico da Am\u00e9rica Latina.","breadcrumb":{"@id":"https:\/\/ellotv.com.br\/site\/2026\/01\/29\/interior-de-sao-paulo-abriga-cidade-com-maior-numero-de-doutores-por-habitante-da-america-latina\/#breadcrumb"},"inLanguage":"pt-BR","potentialAction":[{"@type":"ReadAction","target":["https:\/\/ellotv.com.br\/site\/2026\/01\/29\/interior-de-sao-paulo-abriga-cidade-com-maior-numero-de-doutores-por-habitante-da-america-latina\/"]}]},{"@type":"ImageObject","inLanguage":"pt-BR","@id":"https:\/\/ellotv.com.br\/site\/2026\/01\/29\/interior-de-sao-paulo-abriga-cidade-com-maior-numero-de-doutores-por-habitante-da-america-latina\/#primaryimage","url":"https:\/\/ellotv.com.br\/site\/wp-content\/uploads\/2026\/01\/WhatsApp-Image-2026-01-28-at-09.40.10.jpeg","contentUrl":"https:\/\/ellotv.com.br\/site\/wp-content\/uploads\/2026\/01\/WhatsApp-Image-2026-01-28-at-09.40.10.jpeg","width":1600,"height":900},{"@type":"BreadcrumbList","@id":"https:\/\/ellotv.com.br\/site\/2026\/01\/29\/interior-de-sao-paulo-abriga-cidade-com-maior-numero-de-doutores-por-habitante-da-america-latina\/#breadcrumb","itemListElement":[{"@type":"ListItem","position":1,"name":"In\u00edcio","item":"https:\/\/ellotv.com.br\/site\/"},{"@type":"ListItem","position":2,"name":"Interior de S\u00e3o Paulo abriga cidade com maior n\u00famero de doutores por habitante da Am\u00e9rica Latina"}]},{"@type":"WebSite","@id":"https:\/\/ellotv.com.br\/site\/#website","url":"https:\/\/ellotv.com.br\/site\/","name":"ELLO TV","description":"","publisher":{"@id":"https:\/\/ellotv.com.br\/site\/#organization"},"potentialAction":[{"@type":"SearchAction","target":{"@type":"EntryPoint","urlTemplate":"https:\/\/ellotv.com.br\/site\/?s={search_term_string}"},"query-input":{"@type":"PropertyValueSpecification","valueRequired":true,"valueName":"search_term_string"}}],"inLanguage":"pt-BR"},{"@type":"Organization","@id":"https:\/\/ellotv.com.br\/site\/#organization","name":"ELLO TV","url":"https:\/\/ellotv.com.br\/site\/","logo":{"@type":"ImageObject","inLanguage":"pt-BR","@id":"https:\/\/ellotv.com.br\/site\/#\/schema\/logo\/image\/","url":"https:\/\/ellotv.com.br\/site\/wp-content\/uploads\/2025\/11\/ello-logo-2.fw_.png","contentUrl":"https:\/\/ellotv.com.br\/site\/wp-content\/uploads\/2025\/11\/ello-logo-2.fw_.png","width":400,"height":146,"caption":"ELLO TV"},"image":{"@id":"https:\/\/ellotv.com.br\/site\/#\/schema\/logo\/image\/"}},{"@type":"Person","@id":"https:\/\/ellotv.com.br\/site\/#\/schema\/person\/2dbe3abaee38dcc7332fc8205cd2b15d","name":"ELLO TV","image":{"@type":"ImageObject","inLanguage":"pt-BR","@id":"https:\/\/secure.gravatar.com\/avatar\/c38242b9da8ec217ac3f0aaee31a54f7d7befb11b2b47fdbc8fb0fad60afa1c6?s=96&d=mm&r=g","url":"https:\/\/secure.gravatar.com\/avatar\/c38242b9da8ec217ac3f0aaee31a54f7d7befb11b2b47fdbc8fb0fad60afa1c6?s=96&d=mm&r=g","contentUrl":"https:\/\/secure.gravatar.com\/avatar\/c38242b9da8ec217ac3f0aaee31a54f7d7befb11b2b47fdbc8fb0fad60afa1c6?s=96&d=mm&r=g","caption":"ELLO TV"},"url":"https:\/\/ellotv.com.br\/site\/author\/elloagencia\/"}]}},"featured_image_urls":{"full":["https:\/\/ellotv.com.br\/site\/wp-content\/uploads\/2026\/01\/WhatsApp-Image-2026-01-28-at-09.40.10.jpeg",1600,900,false],"thumbnail":["https:\/\/ellotv.com.br\/site\/wp-content\/uploads\/2026\/01\/WhatsApp-Image-2026-01-28-at-09.40.10-150x150.jpeg",150,150,true],"medium":["https:\/\/ellotv.com.br\/site\/wp-content\/uploads\/2026\/01\/WhatsApp-Image-2026-01-28-at-09.40.10-300x169.jpeg",300,169,true],"medium_large":["https:\/\/ellotv.com.br\/site\/wp-content\/uploads\/2026\/01\/WhatsApp-Image-2026-01-28-at-09.40.10-768x432.jpeg",640,360,true],"large":["https:\/\/ellotv.com.br\/site\/wp-content\/uploads\/2026\/01\/WhatsApp-Image-2026-01-28-at-09.40.10-1024x576.jpeg",640,360,true],"1536x1536":["https:\/\/ellotv.com.br\/site\/wp-content\/uploads\/2026\/01\/WhatsApp-Image-2026-01-28-at-09.40.10-1536x864.jpeg",1536,864,true],"2048x2048":["https:\/\/ellotv.com.br\/site\/wp-content\/uploads\/2026\/01\/WhatsApp-Image-2026-01-28-at-09.40.10.jpeg",1600,900,false],"darknews-slider-full":["https:\/\/ellotv.com.br\/site\/wp-content\/uploads\/2026\/01\/WhatsApp-Image-2026-01-28-at-09.40.10-1280x720.jpeg",1280,720,true],"darknews-featured":["https:\/\/ellotv.com.br\/site\/wp-content\/uploads\/2026\/01\/WhatsApp-Image-2026-01-28-at-09.40.10-1024x576.jpeg",1024,576,true],"darknews-medium":["https:\/\/ellotv.com.br\/site\/wp-content\/uploads\/2026\/01\/WhatsApp-Image-2026-01-28-at-09.40.10-720x530.jpeg",720,530,true],"darknews-medium-square":["https:\/\/ellotv.com.br\/site\/wp-content\/uploads\/2026\/01\/WhatsApp-Image-2026-01-28-at-09.40.10-350x350.jpeg",350,350,true]},"author_info":{"info":["ELLO TV"]},"category_info":"<a href=\"https:\/\/ellotv.com.br\/site\/category\/brasil\/\" rel=\"category tag\">Brasil<\/a> <a href=\"https:\/\/ellotv.com.br\/site\/category\/noticias\/\" rel=\"category tag\">Noticias<\/a>","tag_info":"Noticias","comment_count":"0","_links":{"self":[{"href":"https:\/\/ellotv.com.br\/site\/wp-json\/wp\/v2\/posts\/4669","targetHints":{"allow":["GET"]}}],"collection":[{"href":"https:\/\/ellotv.com.br\/site\/wp-json\/wp\/v2\/posts"}],"about":[{"href":"https:\/\/ellotv.com.br\/site\/wp-json\/wp\/v2\/types\/post"}],"author":[{"embeddable":true,"href":"https:\/\/ellotv.com.br\/site\/wp-json\/wp\/v2\/users\/2"}],"replies":[{"embeddable":true,"href":"https:\/\/ellotv.com.br\/site\/wp-json\/wp\/v2\/comments?post=4669"}],"version-history":[{"count":1,"href":"https:\/\/ellotv.com.br\/site\/wp-json\/wp\/v2\/posts\/4669\/revisions"}],"predecessor-version":[{"id":4671,"href":"https:\/\/ellotv.com.br\/site\/wp-json\/wp\/v2\/posts\/4669\/revisions\/4671"}],"wp:featuredmedia":[{"embeddable":true,"href":"https:\/\/ellotv.com.br\/site\/wp-json\/wp\/v2\/media\/4670"}],"wp:attachment":[{"href":"https:\/\/ellotv.com.br\/site\/wp-json\/wp\/v2\/media?parent=4669"}],"wp:term":[{"taxonomy":"category","embeddable":true,"href":"https:\/\/ellotv.com.br\/site\/wp-json\/wp\/v2\/categories?post=4669"},{"taxonomy":"post_tag","embeddable":true,"href":"https:\/\/ellotv.com.br\/site\/wp-json\/wp\/v2\/tags?post=4669"}],"curies":[{"name":"wp","href":"https:\/\/api.w.org\/{rel}","templated":true}]}}