{"id":4676,"date":"2026-01-29T08:24:28","date_gmt":"2026-01-29T11:24:28","guid":{"rendered":"https:\/\/ellotv.com.br\/site\/?p=4676"},"modified":"2026-01-29T08:24:28","modified_gmt":"2026-01-29T11:24:28","slug":"brasil-tera-supercomputador-dedicado-a-inteligencia-artificial-em-2026-diz-mcti","status":"publish","type":"post","link":"https:\/\/ellotv.com.br\/site\/2026\/01\/29\/brasil-tera-supercomputador-dedicado-a-inteligencia-artificial-em-2026-diz-mcti\/","title":{"rendered":"Brasil ter\u00e1 supercomputador dedicado \u00e0 intelig\u00eancia artificial em 2026, diz MCTI"},"content":{"rendered":"<p>O Brasil deve contar com um supercomputador voltado exclusivamente para intelig\u00eancia artificial (IA) a partir de 2026. A informa\u00e7\u00e3o foi confirmada por Hugo Valadares, diretor do Departamento de Ci\u00eancia, Tecnologia e Inova\u00e7\u00e3o Digital do Minist\u00e9rio da Ci\u00eancia, Tecnologia e Inova\u00e7\u00e3o (MCTI), em entrevista ao podcast Deu Tilt, do UOL.<\/p>\n<p>Segundo Valadares, o equipamento faz parte da estrat\u00e9gia do governo federal para fortalecer a infraestrutura nacional de pesquisa, reduzir a depend\u00eancia de tecnologias estrangeiras e ampliar a capacidade do pa\u00eds no desenvolvimento de solu\u00e7\u00f5es pr\u00f3prias em IA.<\/p>\n<p>A proposta \u00e9 que o supercomputador atenda universidades, centros de pesquisa, startups, setor produtivo e \u00f3rg\u00e3os p\u00fablicos, permitindo o treinamento de grandes modelos de intelig\u00eancia artificial, simula\u00e7\u00f5es complexas e aplica\u00e7\u00f5es em \u00e1reas estrat\u00e9gicas como sa\u00fade, clima, agricultura, energia, defesa e servi\u00e7os p\u00fablicos.<\/p>\n<p><strong>Infraestrutura estrat\u00e9gica para o pa\u00eds<\/strong><\/p>\n<p>O projeto integra o plano brasileiro de soberania digital e inova\u00e7\u00e3o tecnol\u00f3gica. Hoje, grande parte do treinamento de modelos avan\u00e7ados de IA depende de servidores localizados no exterior, o que gera custos elevados, limita\u00e7\u00f5es t\u00e9cnicas e desafios relacionados \u00e0 seguran\u00e7a e \u00e0 prote\u00e7\u00e3o de dados.<\/p>\n<p>Com o novo supercomputador, o Brasil passa a ter capacidade pr\u00f3pria de processamento em larga escala, algo considerado essencial para competir internacionalmente no setor de intelig\u00eancia artificial.<\/p>\n<p>\u201cO objetivo \u00e9 criar uma infraestrutura que permita ao pa\u00eds produzir tecnologia, e n\u00e3o apenas consumir solu\u00e7\u00f5es desenvolvidas fora\u201d, destacou Valadares durante a entrevista.<\/p>\n<p><strong>Impacto para pesquisa e economia<\/strong><\/p>\n<p>Al\u00e9m do avan\u00e7o cient\u00edfico, o supercomputador deve impulsionar o ecossistema de inova\u00e7\u00e3o brasileiro, favorecendo o surgimento de novas empresas de base tecnol\u00f3gica e ampliando a competitividade da ind\u00fastria nacional.<\/p>\n<p>Especialistas apontam que o acesso a esse tipo de infraestrutura pode acelerar pesquisas em linguagem natural, vis\u00e3o computacional, an\u00e1lise de grandes volumes de dados e sistemas preditivos, al\u00e9m de fortalecer pol\u00edticas p\u00fablicas baseadas em evid\u00eancias.<\/p>\n<p>O cronograma divulgado pelo MCTI prev\u00ea que a estrutura esteja operacional ao longo de 2026, com defini\u00e7\u00e3o de local, governan\u00e7a e crit\u00e9rios de acesso ainda em fase de planejamento.<\/p>\n","protected":false},"excerpt":{"rendered":"<p>O Brasil deve contar com um supercomputador voltado exclusivamente para intelig\u00eancia artificial (IA) a partir de 2026. A<\/p>\n","protected":false},"author":2,"featured_media":4677,"comment_status":"open","ping_status":"open","sticky":false,"template":"","format":"standard","meta":{"footnotes":""},"categories":[8,12,39],"tags":[],"class_list":["post-4676","post","type-post","status-publish","format-standard","has-post-thumbnail","hentry","category-brasil","category-noticias","category-tech"],"yoast_head":"<!-- This site is optimized with the Yoast SEO plugin v28.3 - https:\/\/yoast.com\/product\/yoast-seo-wordpress\/ -->\n<title>Brasil ter\u00e1 supercomputador dedicado \u00e0 intelig\u00eancia artificial em 2026, diz MCTI - Ello TV<\/title>\n<meta name=\"description\" content=\"Brasil planeja inaugurar em 2026 um supercomputador dedicado \u00e0 intelig\u00eancia artificial para fortalecer a pesquisa, reduzir a depend\u00eancia tecnol\u00f3gica externa e impulsionar inova\u00e7\u00e3o em \u00e1reas estrat\u00e9gicas.\" \/>\n<meta name=\"robots\" content=\"index, follow, max-snippet:-1, max-image-preview:large, max-video-preview:-1\" \/>\n<link rel=\"canonical\" href=\"https:\/\/ellotv.com.br\/site\/2026\/01\/29\/brasil-tera-supercomputador-dedicado-a-inteligencia-artificial-em-2026-diz-mcti\/\" \/>\n<meta property=\"og:locale\" content=\"pt_BR\" \/>\n<meta property=\"og:type\" content=\"article\" \/>\n<meta property=\"og:title\" content=\"Brasil ter\u00e1 supercomputador dedicado \u00e0 intelig\u00eancia artificial em 2026, diz MCTI - Ello TV\" \/>\n<meta property=\"og:description\" content=\"Brasil planeja inaugurar em 2026 um supercomputador dedicado \u00e0 intelig\u00eancia artificial para fortalecer a pesquisa, reduzir a depend\u00eancia tecnol\u00f3gica externa e impulsionar inova\u00e7\u00e3o em \u00e1reas estrat\u00e9gicas.\" \/>\n<meta property=\"og:url\" content=\"https:\/\/ellotv.com.br\/site\/2026\/01\/29\/brasil-tera-supercomputador-dedicado-a-inteligencia-artificial-em-2026-diz-mcti\/\" \/>\n<meta property=\"og:site_name\" content=\"Ello TV\" \/>\n<meta property=\"article:published_time\" content=\"2026-01-29T11:24:28+00:00\" \/>\n<meta property=\"og:image\" content=\"https:\/\/ellotv.com.br\/site\/wp-content\/uploads\/2026\/01\/WhatsApp-Image-2026-01-28-at-09.55.40.jpeg\" \/>\n\t<meta property=\"og:image:width\" content=\"1200\" \/>\n\t<meta property=\"og:image:height\" content=\"675\" \/>\n\t<meta property=\"og:image:type\" content=\"image\/jpeg\" \/>\n<meta name=\"author\" content=\"ELLO TV\" \/>\n<meta name=\"twitter:card\" content=\"summary_large_image\" \/>\n<meta name=\"twitter:label1\" content=\"Escrito por\" \/>\n\t<meta name=\"twitter:data1\" content=\"ELLO TV\" \/>\n\t<meta name=\"twitter:label2\" content=\"Est. tempo de leitura\" \/>\n\t<meta name=\"twitter:data2\" content=\"2 minutos\" \/>\n<script type=\"application\/ld+json\" class=\"yoast-schema-graph\">{\"@context\":\"https:\\\/\\\/schema.org\",\"@graph\":[{\"@type\":\"Article\",\"@id\":\"https:\\\/\\\/ellotv.com.br\\\/site\\\/2026\\\/01\\\/29\\\/brasil-tera-supercomputador-dedicado-a-inteligencia-artificial-em-2026-diz-mcti\\\/#article\",\"isPartOf\":{\"@id\":\"https:\\\/\\\/ellotv.com.br\\\/site\\\/2026\\\/01\\\/29\\\/brasil-tera-supercomputador-dedicado-a-inteligencia-artificial-em-2026-diz-mcti\\\/\"},\"author\":{\"name\":\"ELLO TV\",\"@id\":\"https:\\\/\\\/ellotv.com.br\\\/site\\\/#\\\/schema\\\/person\\\/2dbe3abaee38dcc7332fc8205cd2b15d\"},\"headline\":\"Brasil ter\u00e1 supercomputador dedicado \u00e0 intelig\u00eancia artificial em 2026, diz MCTI\",\"datePublished\":\"2026-01-29T11:24:28+00:00\",\"mainEntityOfPage\":{\"@id\":\"https:\\\/\\\/ellotv.com.br\\\/site\\\/2026\\\/01\\\/29\\\/brasil-tera-supercomputador-dedicado-a-inteligencia-artificial-em-2026-diz-mcti\\\/\"},\"wordCount\":381,\"commentCount\":0,\"publisher\":{\"@id\":\"https:\\\/\\\/ellotv.com.br\\\/site\\\/#organization\"},\"image\":{\"@id\":\"https:\\\/\\\/ellotv.com.br\\\/site\\\/2026\\\/01\\\/29\\\/brasil-tera-supercomputador-dedicado-a-inteligencia-artificial-em-2026-diz-mcti\\\/#primaryimage\"},\"thumbnailUrl\":\"https:\\\/\\\/ellotv.com.br\\\/site\\\/wp-content\\\/uploads\\\/2026\\\/01\\\/WhatsApp-Image-2026-01-28-at-09.55.40.jpeg\",\"articleSection\":[\"Brasil\",\"Noticias\",\"Tech\"],\"inLanguage\":\"pt-BR\",\"potentialAction\":[{\"@type\":\"CommentAction\",\"name\":\"Comment\",\"target\":[\"https:\\\/\\\/ellotv.com.br\\\/site\\\/2026\\\/01\\\/29\\\/brasil-tera-supercomputador-dedicado-a-inteligencia-artificial-em-2026-diz-mcti\\\/#respond\"]}]},{\"@type\":\"WebPage\",\"@id\":\"https:\\\/\\\/ellotv.com.br\\\/site\\\/2026\\\/01\\\/29\\\/brasil-tera-supercomputador-dedicado-a-inteligencia-artificial-em-2026-diz-mcti\\\/\",\"url\":\"https:\\\/\\\/ellotv.com.br\\\/site\\\/2026\\\/01\\\/29\\\/brasil-tera-supercomputador-dedicado-a-inteligencia-artificial-em-2026-diz-mcti\\\/\",\"name\":\"Brasil ter\u00e1 supercomputador dedicado \u00e0 intelig\u00eancia artificial em 2026, diz MCTI - Ello TV\",\"isPartOf\":{\"@id\":\"https:\\\/\\\/ellotv.com.br\\\/site\\\/#website\"},\"primaryImageOfPage\":{\"@id\":\"https:\\\/\\\/ellotv.com.br\\\/site\\\/2026\\\/01\\\/29\\\/brasil-tera-supercomputador-dedicado-a-inteligencia-artificial-em-2026-diz-mcti\\\/#primaryimage\"},\"image\":{\"@id\":\"https:\\\/\\\/ellotv.com.br\\\/site\\\/2026\\\/01\\\/29\\\/brasil-tera-supercomputador-dedicado-a-inteligencia-artificial-em-2026-diz-mcti\\\/#primaryimage\"},\"thumbnailUrl\":\"https:\\\/\\\/ellotv.com.br\\\/site\\\/wp-content\\\/uploads\\\/2026\\\/01\\\/WhatsApp-Image-2026-01-28-at-09.55.40.jpeg\",\"datePublished\":\"2026-01-29T11:24:28+00:00\",\"description\":\"Brasil planeja inaugurar em 2026 um supercomputador dedicado \u00e0 intelig\u00eancia artificial para fortalecer a pesquisa, reduzir a depend\u00eancia tecnol\u00f3gica externa e impulsionar inova\u00e7\u00e3o em \u00e1reas estrat\u00e9gicas.\",\"breadcrumb\":{\"@id\":\"https:\\\/\\\/ellotv.com.br\\\/site\\\/2026\\\/01\\\/29\\\/brasil-tera-supercomputador-dedicado-a-inteligencia-artificial-em-2026-diz-mcti\\\/#breadcrumb\"},\"inLanguage\":\"pt-BR\",\"potentialAction\":[{\"@type\":\"ReadAction\",\"target\":[\"https:\\\/\\\/ellotv.com.br\\\/site\\\/2026\\\/01\\\/29\\\/brasil-tera-supercomputador-dedicado-a-inteligencia-artificial-em-2026-diz-mcti\\\/\"]}]},{\"@type\":\"ImageObject\",\"inLanguage\":\"pt-BR\",\"@id\":\"https:\\\/\\\/ellotv.com.br\\\/site\\\/2026\\\/01\\\/29\\\/brasil-tera-supercomputador-dedicado-a-inteligencia-artificial-em-2026-diz-mcti\\\/#primaryimage\",\"url\":\"https:\\\/\\\/ellotv.com.br\\\/site\\\/wp-content\\\/uploads\\\/2026\\\/01\\\/WhatsApp-Image-2026-01-28-at-09.55.40.jpeg\",\"contentUrl\":\"https:\\\/\\\/ellotv.com.br\\\/site\\\/wp-content\\\/uploads\\\/2026\\\/01\\\/WhatsApp-Image-2026-01-28-at-09.55.40.jpeg\",\"width\":1200,\"height\":675},{\"@type\":\"BreadcrumbList\",\"@id\":\"https:\\\/\\\/ellotv.com.br\\\/site\\\/2026\\\/01\\\/29\\\/brasil-tera-supercomputador-dedicado-a-inteligencia-artificial-em-2026-diz-mcti\\\/#breadcrumb\",\"itemListElement\":[{\"@type\":\"ListItem\",\"position\":1,\"name\":\"In\u00edcio\",\"item\":\"https:\\\/\\\/ellotv.com.br\\\/site\\\/\"},{\"@type\":\"ListItem\",\"position\":2,\"name\":\"Brasil ter\u00e1 supercomputador dedicado \u00e0 intelig\u00eancia artificial em 2026, diz MCTI\"}]},{\"@type\":\"WebSite\",\"@id\":\"https:\\\/\\\/ellotv.com.br\\\/site\\\/#website\",\"url\":\"https:\\\/\\\/ellotv.com.br\\\/site\\\/\",\"name\":\"ELLO TV\",\"description\":\"\",\"publisher\":{\"@id\":\"https:\\\/\\\/ellotv.com.br\\\/site\\\/#organization\"},\"potentialAction\":[{\"@type\":\"SearchAction\",\"target\":{\"@type\":\"EntryPoint\",\"urlTemplate\":\"https:\\\/\\\/ellotv.com.br\\\/site\\\/?s={search_term_string}\"},\"query-input\":{\"@type\":\"PropertyValueSpecification\",\"valueRequired\":true,\"valueName\":\"search_term_string\"}}],\"inLanguage\":\"pt-BR\"},{\"@type\":\"Organization\",\"@id\":\"https:\\\/\\\/ellotv.com.br\\\/site\\\/#organization\",\"name\":\"ELLO TV\",\"url\":\"https:\\\/\\\/ellotv.com.br\\\/site\\\/\",\"logo\":{\"@type\":\"ImageObject\",\"inLanguage\":\"pt-BR\",\"@id\":\"https:\\\/\\\/ellotv.com.br\\\/site\\\/#\\\/schema\\\/logo\\\/image\\\/\",\"url\":\"https:\\\/\\\/ellotv.com.br\\\/site\\\/wp-content\\\/uploads\\\/2025\\\/11\\\/ello-logo-2.fw_.png\",\"contentUrl\":\"https:\\\/\\\/ellotv.com.br\\\/site\\\/wp-content\\\/uploads\\\/2025\\\/11\\\/ello-logo-2.fw_.png\",\"width\":400,\"height\":146,\"caption\":\"ELLO TV\"},\"image\":{\"@id\":\"https:\\\/\\\/ellotv.com.br\\\/site\\\/#\\\/schema\\\/logo\\\/image\\\/\"}},{\"@type\":\"Person\",\"@id\":\"https:\\\/\\\/ellotv.com.br\\\/site\\\/#\\\/schema\\\/person\\\/2dbe3abaee38dcc7332fc8205cd2b15d\",\"name\":\"ELLO TV\",\"image\":{\"@type\":\"ImageObject\",\"inLanguage\":\"pt-BR\",\"@id\":\"https:\\\/\\\/secure.gravatar.com\\\/avatar\\\/c38242b9da8ec217ac3f0aaee31a54f7d7befb11b2b47fdbc8fb0fad60afa1c6?s=96&d=mm&r=g\",\"url\":\"https:\\\/\\\/secure.gravatar.com\\\/avatar\\\/c38242b9da8ec217ac3f0aaee31a54f7d7befb11b2b47fdbc8fb0fad60afa1c6?s=96&d=mm&r=g\",\"contentUrl\":\"https:\\\/\\\/secure.gravatar.com\\\/avatar\\\/c38242b9da8ec217ac3f0aaee31a54f7d7befb11b2b47fdbc8fb0fad60afa1c6?s=96&d=mm&r=g\",\"caption\":\"ELLO TV\"},\"url\":\"https:\\\/\\\/ellotv.com.br\\\/site\\\/author\\\/elloagencia\\\/\"}]}<\/script>\n<!-- \/ Yoast SEO plugin. -->","yoast_head_json":{"title":"Brasil ter\u00e1 supercomputador dedicado \u00e0 intelig\u00eancia artificial em 2026, diz MCTI - Ello TV","description":"Brasil planeja inaugurar em 2026 um supercomputador dedicado \u00e0 intelig\u00eancia artificial para fortalecer a pesquisa, reduzir a depend\u00eancia tecnol\u00f3gica externa e impulsionar inova\u00e7\u00e3o em \u00e1reas estrat\u00e9gicas.","robots":{"index":"index","follow":"follow","max-snippet":"max-snippet:-1","max-image-preview":"max-image-preview:large","max-video-preview":"max-video-preview:-1"},"canonical":"https:\/\/ellotv.com.br\/site\/2026\/01\/29\/brasil-tera-supercomputador-dedicado-a-inteligencia-artificial-em-2026-diz-mcti\/","og_locale":"pt_BR","og_type":"article","og_title":"Brasil ter\u00e1 supercomputador dedicado \u00e0 intelig\u00eancia artificial em 2026, diz MCTI - Ello TV","og_description":"Brasil planeja inaugurar em 2026 um supercomputador dedicado \u00e0 intelig\u00eancia artificial para fortalecer a pesquisa, reduzir a depend\u00eancia tecnol\u00f3gica externa e impulsionar inova\u00e7\u00e3o em \u00e1reas estrat\u00e9gicas.","og_url":"https:\/\/ellotv.com.br\/site\/2026\/01\/29\/brasil-tera-supercomputador-dedicado-a-inteligencia-artificial-em-2026-diz-mcti\/","og_site_name":"Ello TV","article_published_time":"2026-01-29T11:24:28+00:00","og_image":[{"width":1200,"height":675,"url":"https:\/\/ellotv.com.br\/site\/wp-content\/uploads\/2026\/01\/WhatsApp-Image-2026-01-28-at-09.55.40.jpeg","type":"image\/jpeg"}],"author":"ELLO TV","twitter_card":"summary_large_image","twitter_misc":{"Escrito por":"ELLO TV","Est. tempo de leitura":"2 minutos"},"schema":{"@context":"https:\/\/schema.org","@graph":[{"@type":"Article","@id":"https:\/\/ellotv.com.br\/site\/2026\/01\/29\/brasil-tera-supercomputador-dedicado-a-inteligencia-artificial-em-2026-diz-mcti\/#article","isPartOf":{"@id":"https:\/\/ellotv.com.br\/site\/2026\/01\/29\/brasil-tera-supercomputador-dedicado-a-inteligencia-artificial-em-2026-diz-mcti\/"},"author":{"name":"ELLO TV","@id":"https:\/\/ellotv.com.br\/site\/#\/schema\/person\/2dbe3abaee38dcc7332fc8205cd2b15d"},"headline":"Brasil ter\u00e1 supercomputador dedicado \u00e0 intelig\u00eancia artificial em 2026, diz MCTI","datePublished":"2026-01-29T11:24:28+00:00","mainEntityOfPage":{"@id":"https:\/\/ellotv.com.br\/site\/2026\/01\/29\/brasil-tera-supercomputador-dedicado-a-inteligencia-artificial-em-2026-diz-mcti\/"},"wordCount":381,"commentCount":0,"publisher":{"@id":"https:\/\/ellotv.com.br\/site\/#organization"},"image":{"@id":"https:\/\/ellotv.com.br\/site\/2026\/01\/29\/brasil-tera-supercomputador-dedicado-a-inteligencia-artificial-em-2026-diz-mcti\/#primaryimage"},"thumbnailUrl":"https:\/\/ellotv.com.br\/site\/wp-content\/uploads\/2026\/01\/WhatsApp-Image-2026-01-28-at-09.55.40.jpeg","articleSection":["Brasil","Noticias","Tech"],"inLanguage":"pt-BR","potentialAction":[{"@type":"CommentAction","name":"Comment","target":["https:\/\/ellotv.com.br\/site\/2026\/01\/29\/brasil-tera-supercomputador-dedicado-a-inteligencia-artificial-em-2026-diz-mcti\/#respond"]}]},{"@type":"WebPage","@id":"https:\/\/ellotv.com.br\/site\/2026\/01\/29\/brasil-tera-supercomputador-dedicado-a-inteligencia-artificial-em-2026-diz-mcti\/","url":"https:\/\/ellotv.com.br\/site\/2026\/01\/29\/brasil-tera-supercomputador-dedicado-a-inteligencia-artificial-em-2026-diz-mcti\/","name":"Brasil ter\u00e1 supercomputador dedicado \u00e0 intelig\u00eancia artificial em 2026, diz MCTI - Ello TV","isPartOf":{"@id":"https:\/\/ellotv.com.br\/site\/#website"},"primaryImageOfPage":{"@id":"https:\/\/ellotv.com.br\/site\/2026\/01\/29\/brasil-tera-supercomputador-dedicado-a-inteligencia-artificial-em-2026-diz-mcti\/#primaryimage"},"image":{"@id":"https:\/\/ellotv.com.br\/site\/2026\/01\/29\/brasil-tera-supercomputador-dedicado-a-inteligencia-artificial-em-2026-diz-mcti\/#primaryimage"},"thumbnailUrl":"https:\/\/ellotv.com.br\/site\/wp-content\/uploads\/2026\/01\/WhatsApp-Image-2026-01-28-at-09.55.40.jpeg","datePublished":"2026-01-29T11:24:28+00:00","description":"Brasil planeja inaugurar em 2026 um supercomputador dedicado \u00e0 intelig\u00eancia artificial para fortalecer a pesquisa, reduzir a depend\u00eancia tecnol\u00f3gica externa e impulsionar inova\u00e7\u00e3o em \u00e1reas estrat\u00e9gicas.","breadcrumb":{"@id":"https:\/\/ellotv.com.br\/site\/2026\/01\/29\/brasil-tera-supercomputador-dedicado-a-inteligencia-artificial-em-2026-diz-mcti\/#breadcrumb"},"inLanguage":"pt-BR","potentialAction":[{"@type":"ReadAction","target":["https:\/\/ellotv.com.br\/site\/2026\/01\/29\/brasil-tera-supercomputador-dedicado-a-inteligencia-artificial-em-2026-diz-mcti\/"]}]},{"@type":"ImageObject","inLanguage":"pt-BR","@id":"https:\/\/ellotv.com.br\/site\/2026\/01\/29\/brasil-tera-supercomputador-dedicado-a-inteligencia-artificial-em-2026-diz-mcti\/#primaryimage","url":"https:\/\/ellotv.com.br\/site\/wp-content\/uploads\/2026\/01\/WhatsApp-Image-2026-01-28-at-09.55.40.jpeg","contentUrl":"https:\/\/ellotv.com.br\/site\/wp-content\/uploads\/2026\/01\/WhatsApp-Image-2026-01-28-at-09.55.40.jpeg","width":1200,"height":675},{"@type":"BreadcrumbList","@id":"https:\/\/ellotv.com.br\/site\/2026\/01\/29\/brasil-tera-supercomputador-dedicado-a-inteligencia-artificial-em-2026-diz-mcti\/#breadcrumb","itemListElement":[{"@type":"ListItem","position":1,"name":"In\u00edcio","item":"https:\/\/ellotv.com.br\/site\/"},{"@type":"ListItem","position":2,"name":"Brasil ter\u00e1 supercomputador dedicado \u00e0 intelig\u00eancia artificial em 2026, diz MCTI"}]},{"@type":"WebSite","@id":"https:\/\/ellotv.com.br\/site\/#website","url":"https:\/\/ellotv.com.br\/site\/","name":"ELLO TV","description":"","publisher":{"@id":"https:\/\/ellotv.com.br\/site\/#organization"},"potentialAction":[{"@type":"SearchAction","target":{"@type":"EntryPoint","urlTemplate":"https:\/\/ellotv.com.br\/site\/?s={search_term_string}"},"query-input":{"@type":"PropertyValueSpecification","valueRequired":true,"valueName":"search_term_string"}}],"inLanguage":"pt-BR"},{"@type":"Organization","@id":"https:\/\/ellotv.com.br\/site\/#organization","name":"ELLO TV","url":"https:\/\/ellotv.com.br\/site\/","logo":{"@type":"ImageObject","inLanguage":"pt-BR","@id":"https:\/\/ellotv.com.br\/site\/#\/schema\/logo\/image\/","url":"https:\/\/ellotv.com.br\/site\/wp-content\/uploads\/2025\/11\/ello-logo-2.fw_.png","contentUrl":"https:\/\/ellotv.com.br\/site\/wp-content\/uploads\/2025\/11\/ello-logo-2.fw_.png","width":400,"height":146,"caption":"ELLO TV"},"image":{"@id":"https:\/\/ellotv.com.br\/site\/#\/schema\/logo\/image\/"}},{"@type":"Person","@id":"https:\/\/ellotv.com.br\/site\/#\/schema\/person\/2dbe3abaee38dcc7332fc8205cd2b15d","name":"ELLO TV","image":{"@type":"ImageObject","inLanguage":"pt-BR","@id":"https:\/\/secure.gravatar.com\/avatar\/c38242b9da8ec217ac3f0aaee31a54f7d7befb11b2b47fdbc8fb0fad60afa1c6?s=96&d=mm&r=g","url":"https:\/\/secure.gravatar.com\/avatar\/c38242b9da8ec217ac3f0aaee31a54f7d7befb11b2b47fdbc8fb0fad60afa1c6?s=96&d=mm&r=g","contentUrl":"https:\/\/secure.gravatar.com\/avatar\/c38242b9da8ec217ac3f0aaee31a54f7d7befb11b2b47fdbc8fb0fad60afa1c6?s=96&d=mm&r=g","caption":"ELLO TV"},"url":"https:\/\/ellotv.com.br\/site\/author\/elloagencia\/"}]}},"featured_image_urls":{"full":["https:\/\/ellotv.com.br\/site\/wp-content\/uploads\/2026\/01\/WhatsApp-Image-2026-01-28-at-09.55.40.jpeg",1200,675,false],"thumbnail":["https:\/\/ellotv.com.br\/site\/wp-content\/uploads\/2026\/01\/WhatsApp-Image-2026-01-28-at-09.55.40-150x150.jpeg",150,150,true],"medium":["https:\/\/ellotv.com.br\/site\/wp-content\/uploads\/2026\/01\/WhatsApp-Image-2026-01-28-at-09.55.40-300x169.jpeg",300,169,true],"medium_large":["https:\/\/ellotv.com.br\/site\/wp-content\/uploads\/2026\/01\/WhatsApp-Image-2026-01-28-at-09.55.40-768x432.jpeg",640,360,true],"large":["https:\/\/ellotv.com.br\/site\/wp-content\/uploads\/2026\/01\/WhatsApp-Image-2026-01-28-at-09.55.40-1024x576.jpeg",640,360,true],"1536x1536":["https:\/\/ellotv.com.br\/site\/wp-content\/uploads\/2026\/01\/WhatsApp-Image-2026-01-28-at-09.55.40.jpeg",1200,675,false],"2048x2048":["https:\/\/ellotv.com.br\/site\/wp-content\/uploads\/2026\/01\/WhatsApp-Image-2026-01-28-at-09.55.40.jpeg",1200,675,false],"darknews-slider-full":["https:\/\/ellotv.com.br\/site\/wp-content\/uploads\/2026\/01\/WhatsApp-Image-2026-01-28-at-09.55.40.jpeg",1200,675,false],"darknews-featured":["https:\/\/ellotv.com.br\/site\/wp-content\/uploads\/2026\/01\/WhatsApp-Image-2026-01-28-at-09.55.40-1024x576.jpeg",1024,576,true],"darknews-medium":["https:\/\/ellotv.com.br\/site\/wp-content\/uploads\/2026\/01\/WhatsApp-Image-2026-01-28-at-09.55.40-720x530.jpeg",720,530,true],"darknews-medium-square":["https:\/\/ellotv.com.br\/site\/wp-content\/uploads\/2026\/01\/WhatsApp-Image-2026-01-28-at-09.55.40-350x350.jpeg",350,350,true]},"author_info":{"info":["ELLO TV"]},"category_info":"<a href=\"https:\/\/ellotv.com.br\/site\/category\/brasil\/\" rel=\"category tag\">Brasil<\/a> <a href=\"https:\/\/ellotv.com.br\/site\/category\/noticias\/\" rel=\"category tag\">Noticias<\/a> <a href=\"https:\/\/ellotv.com.br\/site\/category\/tech\/\" rel=\"category tag\">Tech<\/a>","tag_info":"Tech","comment_count":"0","_links":{"self":[{"href":"https:\/\/ellotv.com.br\/site\/wp-json\/wp\/v2\/posts\/4676","targetHints":{"allow":["GET"]}}],"collection":[{"href":"https:\/\/ellotv.com.br\/site\/wp-json\/wp\/v2\/posts"}],"about":[{"href":"https:\/\/ellotv.com.br\/site\/wp-json\/wp\/v2\/types\/post"}],"author":[{"embeddable":true,"href":"https:\/\/ellotv.com.br\/site\/wp-json\/wp\/v2\/users\/2"}],"replies":[{"embeddable":true,"href":"https:\/\/ellotv.com.br\/site\/wp-json\/wp\/v2\/comments?post=4676"}],"version-history":[{"count":2,"href":"https:\/\/ellotv.com.br\/site\/wp-json\/wp\/v2\/posts\/4676\/revisions"}],"predecessor-version":[{"id":4679,"href":"https:\/\/ellotv.com.br\/site\/wp-json\/wp\/v2\/posts\/4676\/revisions\/4679"}],"wp:featuredmedia":[{"embeddable":true,"href":"https:\/\/ellotv.com.br\/site\/wp-json\/wp\/v2\/media\/4677"}],"wp:attachment":[{"href":"https:\/\/ellotv.com.br\/site\/wp-json\/wp\/v2\/media?parent=4676"}],"wp:term":[{"taxonomy":"category","embeddable":true,"href":"https:\/\/ellotv.com.br\/site\/wp-json\/wp\/v2\/categories?post=4676"},{"taxonomy":"post_tag","embeddable":true,"href":"https:\/\/ellotv.com.br\/site\/wp-json\/wp\/v2\/tags?post=4676"}],"curies":[{"name":"wp","href":"https:\/\/api.w.org\/{rel}","templated":true}]}}