{"id":4680,"date":"2026-01-29T08:28:09","date_gmt":"2026-01-29T11:28:09","guid":{"rendered":"https:\/\/ellotv.com.br\/site\/?p=4680"},"modified":"2026-01-29T08:28:09","modified_gmt":"2026-01-29T11:28:09","slug":"relogio-do-juizo-final-avanca-e-marca-momento-mais-critico-da-historia-alertam-cientistas","status":"publish","type":"post","link":"https:\/\/ellotv.com.br\/site\/2026\/01\/29\/relogio-do-juizo-final-avanca-e-marca-momento-mais-critico-da-historia-alertam-cientistas\/","title":{"rendered":"Rel\u00f3gio do Ju\u00edzo Final avan\u00e7a e marca momento mais cr\u00edtico da hist\u00f3ria, alertam cientistas"},"content":{"rendered":"<p>O mundo est\u00e1 oficialmente mais perto de um cen\u00e1rio de colapso global. Cientistas do Boletim dos Cientistas At\u00f4micos anunciaram nesta ter\u00e7a-feira (27) um novo ajuste no Rel\u00f3gio do Ju\u00edzo Final, que agora marca 85 segundos para a meia-noite, o ponto simb\u00f3lico da aniquila\u00e7\u00e3o da humanidade.<\/p>\n<p>O avan\u00e7o representa quatro segundos a menos em rela\u00e7\u00e3o ao ano passado, colocando o rel\u00f3gio no n\u00edvel mais alarmante desde sua cria\u00e7\u00e3o, em 1947.<\/p>\n<p>De acordo com a organiza\u00e7\u00e3o, o principal motivo do novo alerta \u00e9 o comportamento cada vez mais agressivo das principais pot\u00eancias nucleares, especialmente Estados Unidos, R\u00fassia e China, al\u00e9m do enfraquecimento dos acordos internacionais de controle de armas.<\/p>\n<p><strong>Tens\u00f5es globais elevam risco de cat\u00e1strofe<\/strong><\/p>\n<p>Os cientistas tamb\u00e9m destacaram a continuidade da guerra na Ucr\u00e2nia, os conflitos no Oriente M\u00e9dio, as tens\u00f5es entre \u00cdndia e Paquist\u00e3o, a instabilidade na Pen\u00ednsula Coreana e as amea\u00e7as da China contra Taiwan como fatores que aumentam o risco de escaladas militares com potencial nuclear.<\/p>\n<p>Segundo Alexandra Bell, presidente e CEO do Boletim, o cen\u00e1rio atual reflete uma falha generalizada de lideran\u00e7a global.<\/p>\n<p>\u201cEstruturas diplom\u00e1ticas est\u00e3o sob press\u00e3o ou entrando em colapso. O risco de uso de armas nucleares \u00e9 hoje insustent\u00e1vel e inaceitavelmente alto\u201d, afirmou \u00e0 Reuters.<\/p>\n<p>O Novo Tratado Start, \u00faltimo acordo de controle de armas nucleares entre EUA e R\u00fassia, expira em fevereiro. Apesar de uma proposta russa para estender o pacto por mais um ano, ainda n\u00e3o houve resposta formal do governo norte-americano.<\/p>\n<p><strong>Intelig\u00eancia artificial e desinforma\u00e7\u00e3o tamb\u00e9m preocupam<\/strong><\/p>\n<p>Al\u00e9m das amea\u00e7as militares, o avan\u00e7o descontrolado da intelig\u00eancia artificial foi citado como um novo fator de risco global, especialmente pelo seu impacto na dissemina\u00e7\u00e3o de desinforma\u00e7\u00e3o e no enfraquecimento da confian\u00e7a p\u00fablica.<\/p>\n<p>A jornalista Maria Ressa, vencedora do Pr\u00eamio Nobel da Paz em 2021, participou do an\u00fancio e alertou para o que chamou de \u201capocalipse da informa\u00e7\u00e3o\u201d.<\/p>\n<p>\u201cEstamos vivendo uma crise impulsionada por tecnologias que espalham mentiras mais r\u00e1pido do que fatos e lucram com a polariza\u00e7\u00e3o\u201d, declarou.<\/p>\n<p>Fundado em 1945 por cientistas como Albert Einstein e J. Robert Oppenheimer, o Boletim dos Cientistas At\u00f4micos criou o Rel\u00f3gio do Ju\u00edzo Final como um instrumento simb\u00f3lico para alertar a humanidade sobre riscos existenciais, como guerras nucleares, mudan\u00e7as clim\u00e1ticas e amea\u00e7as tecnol\u00f3gicas.<\/p>\n<p><em>Esta \u00e9 a terceira vez em quatro anos que o rel\u00f3gio \u00e9 aproximado da meia-noite.<\/em><\/p>\n","protected":false},"excerpt":{"rendered":"<p>O mundo est\u00e1 oficialmente mais perto de um cen\u00e1rio de colapso global. Cientistas do Boletim dos Cientistas At\u00f4micos<\/p>\n","protected":false},"author":2,"featured_media":4681,"comment_status":"open","ping_status":"open","sticky":false,"template":"","format":"standard","meta":{"footnotes":""},"categories":[10,12],"tags":[],"class_list":["post-4680","post","type-post","status-publish","format-standard","has-post-thumbnail","hentry","category-mundo","category-noticias"],"yoast_head":"<!-- This site is optimized with the Yoast SEO plugin v28.3 - https:\/\/yoast.com\/product\/yoast-seo-wordpress\/ -->\n<title>Rel\u00f3gio do Ju\u00edzo Final avan\u00e7a e marca momento mais cr\u00edtico da hist\u00f3ria, alertam cientistas - Ello TV<\/title>\n<meta name=\"description\" content=\"Rel\u00f3gio do Ju\u00edzo Final avan\u00e7a para 85 segundos da meia-noite em 2026, o n\u00edvel mais cr\u00edtico da hist\u00f3ria, impulsionado por tens\u00f5es nucleares, conflitos globais, avan\u00e7o da IA e enfraquecimento da diplomacia internacional.\" \/>\n<meta name=\"robots\" content=\"index, follow, max-snippet:-1, max-image-preview:large, max-video-preview:-1\" \/>\n<link rel=\"canonical\" href=\"https:\/\/ellotv.com.br\/site\/2026\/01\/29\/relogio-do-juizo-final-avanca-e-marca-momento-mais-critico-da-historia-alertam-cientistas\/\" \/>\n<meta property=\"og:locale\" content=\"pt_BR\" \/>\n<meta property=\"og:type\" content=\"article\" \/>\n<meta property=\"og:title\" content=\"Rel\u00f3gio do Ju\u00edzo Final avan\u00e7a e marca momento mais cr\u00edtico da hist\u00f3ria, alertam cientistas - Ello TV\" \/>\n<meta property=\"og:description\" content=\"Rel\u00f3gio do Ju\u00edzo Final avan\u00e7a para 85 segundos da meia-noite em 2026, o n\u00edvel mais cr\u00edtico da hist\u00f3ria, impulsionado por tens\u00f5es nucleares, conflitos globais, avan\u00e7o da IA e enfraquecimento da diplomacia internacional.\" \/>\n<meta property=\"og:url\" content=\"https:\/\/ellotv.com.br\/site\/2026\/01\/29\/relogio-do-juizo-final-avanca-e-marca-momento-mais-critico-da-historia-alertam-cientistas\/\" \/>\n<meta property=\"og:site_name\" content=\"Ello TV\" \/>\n<meta property=\"article:published_time\" content=\"2026-01-29T11:28:09+00:00\" \/>\n<meta property=\"og:image\" content=\"https:\/\/ellotv.com.br\/site\/wp-content\/uploads\/2026\/01\/WhatsApp-Image-2026-01-28-at-09.59.07.jpeg\" \/>\n\t<meta property=\"og:image:width\" content=\"984\" \/>\n\t<meta property=\"og:image:height\" content=\"656\" \/>\n\t<meta property=\"og:image:type\" content=\"image\/jpeg\" \/>\n<meta name=\"author\" content=\"ELLO TV\" \/>\n<meta name=\"twitter:card\" content=\"summary_large_image\" \/>\n<meta name=\"twitter:label1\" content=\"Escrito por\" \/>\n\t<meta name=\"twitter:data1\" content=\"ELLO TV\" \/>\n\t<meta name=\"twitter:label2\" content=\"Est. tempo de leitura\" \/>\n\t<meta name=\"twitter:data2\" content=\"2 minutos\" \/>\n<script type=\"application\/ld+json\" class=\"yoast-schema-graph\">{\"@context\":\"https:\\\/\\\/schema.org\",\"@graph\":[{\"@type\":\"Article\",\"@id\":\"https:\\\/\\\/ellotv.com.br\\\/site\\\/2026\\\/01\\\/29\\\/relogio-do-juizo-final-avanca-e-marca-momento-mais-critico-da-historia-alertam-cientistas\\\/#article\",\"isPartOf\":{\"@id\":\"https:\\\/\\\/ellotv.com.br\\\/site\\\/2026\\\/01\\\/29\\\/relogio-do-juizo-final-avanca-e-marca-momento-mais-critico-da-historia-alertam-cientistas\\\/\"},\"author\":{\"name\":\"ELLO TV\",\"@id\":\"https:\\\/\\\/ellotv.com.br\\\/site\\\/#\\\/schema\\\/person\\\/2dbe3abaee38dcc7332fc8205cd2b15d\"},\"headline\":\"Rel\u00f3gio do Ju\u00edzo Final avan\u00e7a e marca momento mais cr\u00edtico da hist\u00f3ria, alertam cientistas\",\"datePublished\":\"2026-01-29T11:28:09+00:00\",\"mainEntityOfPage\":{\"@id\":\"https:\\\/\\\/ellotv.com.br\\\/site\\\/2026\\\/01\\\/29\\\/relogio-do-juizo-final-avanca-e-marca-momento-mais-critico-da-historia-alertam-cientistas\\\/\"},\"wordCount\":449,\"commentCount\":0,\"publisher\":{\"@id\":\"https:\\\/\\\/ellotv.com.br\\\/site\\\/#organization\"},\"image\":{\"@id\":\"https:\\\/\\\/ellotv.com.br\\\/site\\\/2026\\\/01\\\/29\\\/relogio-do-juizo-final-avanca-e-marca-momento-mais-critico-da-historia-alertam-cientistas\\\/#primaryimage\"},\"thumbnailUrl\":\"https:\\\/\\\/ellotv.com.br\\\/site\\\/wp-content\\\/uploads\\\/2026\\\/01\\\/WhatsApp-Image-2026-01-28-at-09.59.07.jpeg\",\"articleSection\":[\"Mundo\",\"Noticias\"],\"inLanguage\":\"pt-BR\",\"potentialAction\":[{\"@type\":\"CommentAction\",\"name\":\"Comment\",\"target\":[\"https:\\\/\\\/ellotv.com.br\\\/site\\\/2026\\\/01\\\/29\\\/relogio-do-juizo-final-avanca-e-marca-momento-mais-critico-da-historia-alertam-cientistas\\\/#respond\"]}]},{\"@type\":\"WebPage\",\"@id\":\"https:\\\/\\\/ellotv.com.br\\\/site\\\/2026\\\/01\\\/29\\\/relogio-do-juizo-final-avanca-e-marca-momento-mais-critico-da-historia-alertam-cientistas\\\/\",\"url\":\"https:\\\/\\\/ellotv.com.br\\\/site\\\/2026\\\/01\\\/29\\\/relogio-do-juizo-final-avanca-e-marca-momento-mais-critico-da-historia-alertam-cientistas\\\/\",\"name\":\"Rel\u00f3gio do Ju\u00edzo Final avan\u00e7a e marca momento mais cr\u00edtico da hist\u00f3ria, alertam cientistas - Ello TV\",\"isPartOf\":{\"@id\":\"https:\\\/\\\/ellotv.com.br\\\/site\\\/#website\"},\"primaryImageOfPage\":{\"@id\":\"https:\\\/\\\/ellotv.com.br\\\/site\\\/2026\\\/01\\\/29\\\/relogio-do-juizo-final-avanca-e-marca-momento-mais-critico-da-historia-alertam-cientistas\\\/#primaryimage\"},\"image\":{\"@id\":\"https:\\\/\\\/ellotv.com.br\\\/site\\\/2026\\\/01\\\/29\\\/relogio-do-juizo-final-avanca-e-marca-momento-mais-critico-da-historia-alertam-cientistas\\\/#primaryimage\"},\"thumbnailUrl\":\"https:\\\/\\\/ellotv.com.br\\\/site\\\/wp-content\\\/uploads\\\/2026\\\/01\\\/WhatsApp-Image-2026-01-28-at-09.59.07.jpeg\",\"datePublished\":\"2026-01-29T11:28:09+00:00\",\"description\":\"Rel\u00f3gio do Ju\u00edzo Final avan\u00e7a para 85 segundos da meia-noite em 2026, o n\u00edvel mais cr\u00edtico da hist\u00f3ria, impulsionado por tens\u00f5es nucleares, conflitos globais, avan\u00e7o da IA e enfraquecimento da diplomacia internacional.\",\"breadcrumb\":{\"@id\":\"https:\\\/\\\/ellotv.com.br\\\/site\\\/2026\\\/01\\\/29\\\/relogio-do-juizo-final-avanca-e-marca-momento-mais-critico-da-historia-alertam-cientistas\\\/#breadcrumb\"},\"inLanguage\":\"pt-BR\",\"potentialAction\":[{\"@type\":\"ReadAction\",\"target\":[\"https:\\\/\\\/ellotv.com.br\\\/site\\\/2026\\\/01\\\/29\\\/relogio-do-juizo-final-avanca-e-marca-momento-mais-critico-da-historia-alertam-cientistas\\\/\"]}]},{\"@type\":\"ImageObject\",\"inLanguage\":\"pt-BR\",\"@id\":\"https:\\\/\\\/ellotv.com.br\\\/site\\\/2026\\\/01\\\/29\\\/relogio-do-juizo-final-avanca-e-marca-momento-mais-critico-da-historia-alertam-cientistas\\\/#primaryimage\",\"url\":\"https:\\\/\\\/ellotv.com.br\\\/site\\\/wp-content\\\/uploads\\\/2026\\\/01\\\/WhatsApp-Image-2026-01-28-at-09.59.07.jpeg\",\"contentUrl\":\"https:\\\/\\\/ellotv.com.br\\\/site\\\/wp-content\\\/uploads\\\/2026\\\/01\\\/WhatsApp-Image-2026-01-28-at-09.59.07.jpeg\",\"width\":984,\"height\":656},{\"@type\":\"BreadcrumbList\",\"@id\":\"https:\\\/\\\/ellotv.com.br\\\/site\\\/2026\\\/01\\\/29\\\/relogio-do-juizo-final-avanca-e-marca-momento-mais-critico-da-historia-alertam-cientistas\\\/#breadcrumb\",\"itemListElement\":[{\"@type\":\"ListItem\",\"position\":1,\"name\":\"In\u00edcio\",\"item\":\"https:\\\/\\\/ellotv.com.br\\\/site\\\/\"},{\"@type\":\"ListItem\",\"position\":2,\"name\":\"Rel\u00f3gio do Ju\u00edzo Final avan\u00e7a e marca momento mais cr\u00edtico da hist\u00f3ria, alertam cientistas\"}]},{\"@type\":\"WebSite\",\"@id\":\"https:\\\/\\\/ellotv.com.br\\\/site\\\/#website\",\"url\":\"https:\\\/\\\/ellotv.com.br\\\/site\\\/\",\"name\":\"ELLO TV\",\"description\":\"\",\"publisher\":{\"@id\":\"https:\\\/\\\/ellotv.com.br\\\/site\\\/#organization\"},\"potentialAction\":[{\"@type\":\"SearchAction\",\"target\":{\"@type\":\"EntryPoint\",\"urlTemplate\":\"https:\\\/\\\/ellotv.com.br\\\/site\\\/?s={search_term_string}\"},\"query-input\":{\"@type\":\"PropertyValueSpecification\",\"valueRequired\":true,\"valueName\":\"search_term_string\"}}],\"inLanguage\":\"pt-BR\"},{\"@type\":\"Organization\",\"@id\":\"https:\\\/\\\/ellotv.com.br\\\/site\\\/#organization\",\"name\":\"ELLO TV\",\"url\":\"https:\\\/\\\/ellotv.com.br\\\/site\\\/\",\"logo\":{\"@type\":\"ImageObject\",\"inLanguage\":\"pt-BR\",\"@id\":\"https:\\\/\\\/ellotv.com.br\\\/site\\\/#\\\/schema\\\/logo\\\/image\\\/\",\"url\":\"https:\\\/\\\/ellotv.com.br\\\/site\\\/wp-content\\\/uploads\\\/2025\\\/11\\\/ello-logo-2.fw_.png\",\"contentUrl\":\"https:\\\/\\\/ellotv.com.br\\\/site\\\/wp-content\\\/uploads\\\/2025\\\/11\\\/ello-logo-2.fw_.png\",\"width\":400,\"height\":146,\"caption\":\"ELLO TV\"},\"image\":{\"@id\":\"https:\\\/\\\/ellotv.com.br\\\/site\\\/#\\\/schema\\\/logo\\\/image\\\/\"}},{\"@type\":\"Person\",\"@id\":\"https:\\\/\\\/ellotv.com.br\\\/site\\\/#\\\/schema\\\/person\\\/2dbe3abaee38dcc7332fc8205cd2b15d\",\"name\":\"ELLO TV\",\"image\":{\"@type\":\"ImageObject\",\"inLanguage\":\"pt-BR\",\"@id\":\"https:\\\/\\\/secure.gravatar.com\\\/avatar\\\/c38242b9da8ec217ac3f0aaee31a54f7d7befb11b2b47fdbc8fb0fad60afa1c6?s=96&d=mm&r=g\",\"url\":\"https:\\\/\\\/secure.gravatar.com\\\/avatar\\\/c38242b9da8ec217ac3f0aaee31a54f7d7befb11b2b47fdbc8fb0fad60afa1c6?s=96&d=mm&r=g\",\"contentUrl\":\"https:\\\/\\\/secure.gravatar.com\\\/avatar\\\/c38242b9da8ec217ac3f0aaee31a54f7d7befb11b2b47fdbc8fb0fad60afa1c6?s=96&d=mm&r=g\",\"caption\":\"ELLO TV\"},\"url\":\"https:\\\/\\\/ellotv.com.br\\\/site\\\/author\\\/elloagencia\\\/\"}]}<\/script>\n<!-- \/ Yoast SEO plugin. -->","yoast_head_json":{"title":"Rel\u00f3gio do Ju\u00edzo Final avan\u00e7a e marca momento mais cr\u00edtico da hist\u00f3ria, alertam cientistas - Ello TV","description":"Rel\u00f3gio do Ju\u00edzo Final avan\u00e7a para 85 segundos da meia-noite em 2026, o n\u00edvel mais cr\u00edtico da hist\u00f3ria, impulsionado por tens\u00f5es nucleares, conflitos globais, avan\u00e7o da IA e enfraquecimento da diplomacia internacional.","robots":{"index":"index","follow":"follow","max-snippet":"max-snippet:-1","max-image-preview":"max-image-preview:large","max-video-preview":"max-video-preview:-1"},"canonical":"https:\/\/ellotv.com.br\/site\/2026\/01\/29\/relogio-do-juizo-final-avanca-e-marca-momento-mais-critico-da-historia-alertam-cientistas\/","og_locale":"pt_BR","og_type":"article","og_title":"Rel\u00f3gio do Ju\u00edzo Final avan\u00e7a e marca momento mais cr\u00edtico da hist\u00f3ria, alertam cientistas - Ello TV","og_description":"Rel\u00f3gio do Ju\u00edzo Final avan\u00e7a para 85 segundos da meia-noite em 2026, o n\u00edvel mais cr\u00edtico da hist\u00f3ria, impulsionado por tens\u00f5es nucleares, conflitos globais, avan\u00e7o da IA e enfraquecimento da diplomacia internacional.","og_url":"https:\/\/ellotv.com.br\/site\/2026\/01\/29\/relogio-do-juizo-final-avanca-e-marca-momento-mais-critico-da-historia-alertam-cientistas\/","og_site_name":"Ello TV","article_published_time":"2026-01-29T11:28:09+00:00","og_image":[{"width":984,"height":656,"url":"https:\/\/ellotv.com.br\/site\/wp-content\/uploads\/2026\/01\/WhatsApp-Image-2026-01-28-at-09.59.07.jpeg","type":"image\/jpeg"}],"author":"ELLO TV","twitter_card":"summary_large_image","twitter_misc":{"Escrito por":"ELLO TV","Est. tempo de leitura":"2 minutos"},"schema":{"@context":"https:\/\/schema.org","@graph":[{"@type":"Article","@id":"https:\/\/ellotv.com.br\/site\/2026\/01\/29\/relogio-do-juizo-final-avanca-e-marca-momento-mais-critico-da-historia-alertam-cientistas\/#article","isPartOf":{"@id":"https:\/\/ellotv.com.br\/site\/2026\/01\/29\/relogio-do-juizo-final-avanca-e-marca-momento-mais-critico-da-historia-alertam-cientistas\/"},"author":{"name":"ELLO TV","@id":"https:\/\/ellotv.com.br\/site\/#\/schema\/person\/2dbe3abaee38dcc7332fc8205cd2b15d"},"headline":"Rel\u00f3gio do Ju\u00edzo Final avan\u00e7a e marca momento mais cr\u00edtico da hist\u00f3ria, alertam cientistas","datePublished":"2026-01-29T11:28:09+00:00","mainEntityOfPage":{"@id":"https:\/\/ellotv.com.br\/site\/2026\/01\/29\/relogio-do-juizo-final-avanca-e-marca-momento-mais-critico-da-historia-alertam-cientistas\/"},"wordCount":449,"commentCount":0,"publisher":{"@id":"https:\/\/ellotv.com.br\/site\/#organization"},"image":{"@id":"https:\/\/ellotv.com.br\/site\/2026\/01\/29\/relogio-do-juizo-final-avanca-e-marca-momento-mais-critico-da-historia-alertam-cientistas\/#primaryimage"},"thumbnailUrl":"https:\/\/ellotv.com.br\/site\/wp-content\/uploads\/2026\/01\/WhatsApp-Image-2026-01-28-at-09.59.07.jpeg","articleSection":["Mundo","Noticias"],"inLanguage":"pt-BR","potentialAction":[{"@type":"CommentAction","name":"Comment","target":["https:\/\/ellotv.com.br\/site\/2026\/01\/29\/relogio-do-juizo-final-avanca-e-marca-momento-mais-critico-da-historia-alertam-cientistas\/#respond"]}]},{"@type":"WebPage","@id":"https:\/\/ellotv.com.br\/site\/2026\/01\/29\/relogio-do-juizo-final-avanca-e-marca-momento-mais-critico-da-historia-alertam-cientistas\/","url":"https:\/\/ellotv.com.br\/site\/2026\/01\/29\/relogio-do-juizo-final-avanca-e-marca-momento-mais-critico-da-historia-alertam-cientistas\/","name":"Rel\u00f3gio do Ju\u00edzo Final avan\u00e7a e marca momento mais cr\u00edtico da hist\u00f3ria, alertam cientistas - Ello TV","isPartOf":{"@id":"https:\/\/ellotv.com.br\/site\/#website"},"primaryImageOfPage":{"@id":"https:\/\/ellotv.com.br\/site\/2026\/01\/29\/relogio-do-juizo-final-avanca-e-marca-momento-mais-critico-da-historia-alertam-cientistas\/#primaryimage"},"image":{"@id":"https:\/\/ellotv.com.br\/site\/2026\/01\/29\/relogio-do-juizo-final-avanca-e-marca-momento-mais-critico-da-historia-alertam-cientistas\/#primaryimage"},"thumbnailUrl":"https:\/\/ellotv.com.br\/site\/wp-content\/uploads\/2026\/01\/WhatsApp-Image-2026-01-28-at-09.59.07.jpeg","datePublished":"2026-01-29T11:28:09+00:00","description":"Rel\u00f3gio do Ju\u00edzo Final avan\u00e7a para 85 segundos da meia-noite em 2026, o n\u00edvel mais cr\u00edtico da hist\u00f3ria, impulsionado por tens\u00f5es nucleares, conflitos globais, avan\u00e7o da IA e enfraquecimento da diplomacia internacional.","breadcrumb":{"@id":"https:\/\/ellotv.com.br\/site\/2026\/01\/29\/relogio-do-juizo-final-avanca-e-marca-momento-mais-critico-da-historia-alertam-cientistas\/#breadcrumb"},"inLanguage":"pt-BR","potentialAction":[{"@type":"ReadAction","target":["https:\/\/ellotv.com.br\/site\/2026\/01\/29\/relogio-do-juizo-final-avanca-e-marca-momento-mais-critico-da-historia-alertam-cientistas\/"]}]},{"@type":"ImageObject","inLanguage":"pt-BR","@id":"https:\/\/ellotv.com.br\/site\/2026\/01\/29\/relogio-do-juizo-final-avanca-e-marca-momento-mais-critico-da-historia-alertam-cientistas\/#primaryimage","url":"https:\/\/ellotv.com.br\/site\/wp-content\/uploads\/2026\/01\/WhatsApp-Image-2026-01-28-at-09.59.07.jpeg","contentUrl":"https:\/\/ellotv.com.br\/site\/wp-content\/uploads\/2026\/01\/WhatsApp-Image-2026-01-28-at-09.59.07.jpeg","width":984,"height":656},{"@type":"BreadcrumbList","@id":"https:\/\/ellotv.com.br\/site\/2026\/01\/29\/relogio-do-juizo-final-avanca-e-marca-momento-mais-critico-da-historia-alertam-cientistas\/#breadcrumb","itemListElement":[{"@type":"ListItem","position":1,"name":"In\u00edcio","item":"https:\/\/ellotv.com.br\/site\/"},{"@type":"ListItem","position":2,"name":"Rel\u00f3gio do Ju\u00edzo Final avan\u00e7a e marca momento mais cr\u00edtico da hist\u00f3ria, alertam cientistas"}]},{"@type":"WebSite","@id":"https:\/\/ellotv.com.br\/site\/#website","url":"https:\/\/ellotv.com.br\/site\/","name":"ELLO TV","description":"","publisher":{"@id":"https:\/\/ellotv.com.br\/site\/#organization"},"potentialAction":[{"@type":"SearchAction","target":{"@type":"EntryPoint","urlTemplate":"https:\/\/ellotv.com.br\/site\/?s={search_term_string}"},"query-input":{"@type":"PropertyValueSpecification","valueRequired":true,"valueName":"search_term_string"}}],"inLanguage":"pt-BR"},{"@type":"Organization","@id":"https:\/\/ellotv.com.br\/site\/#organization","name":"ELLO TV","url":"https:\/\/ellotv.com.br\/site\/","logo":{"@type":"ImageObject","inLanguage":"pt-BR","@id":"https:\/\/ellotv.com.br\/site\/#\/schema\/logo\/image\/","url":"https:\/\/ellotv.com.br\/site\/wp-content\/uploads\/2025\/11\/ello-logo-2.fw_.png","contentUrl":"https:\/\/ellotv.com.br\/site\/wp-content\/uploads\/2025\/11\/ello-logo-2.fw_.png","width":400,"height":146,"caption":"ELLO TV"},"image":{"@id":"https:\/\/ellotv.com.br\/site\/#\/schema\/logo\/image\/"}},{"@type":"Person","@id":"https:\/\/ellotv.com.br\/site\/#\/schema\/person\/2dbe3abaee38dcc7332fc8205cd2b15d","name":"ELLO TV","image":{"@type":"ImageObject","inLanguage":"pt-BR","@id":"https:\/\/secure.gravatar.com\/avatar\/c38242b9da8ec217ac3f0aaee31a54f7d7befb11b2b47fdbc8fb0fad60afa1c6?s=96&d=mm&r=g","url":"https:\/\/secure.gravatar.com\/avatar\/c38242b9da8ec217ac3f0aaee31a54f7d7befb11b2b47fdbc8fb0fad60afa1c6?s=96&d=mm&r=g","contentUrl":"https:\/\/secure.gravatar.com\/avatar\/c38242b9da8ec217ac3f0aaee31a54f7d7befb11b2b47fdbc8fb0fad60afa1c6?s=96&d=mm&r=g","caption":"ELLO TV"},"url":"https:\/\/ellotv.com.br\/site\/author\/elloagencia\/"}]}},"featured_image_urls":{"full":["https:\/\/ellotv.com.br\/site\/wp-content\/uploads\/2026\/01\/WhatsApp-Image-2026-01-28-at-09.59.07.jpeg",984,656,false],"thumbnail":["https:\/\/ellotv.com.br\/site\/wp-content\/uploads\/2026\/01\/WhatsApp-Image-2026-01-28-at-09.59.07-150x150.jpeg",150,150,true],"medium":["https:\/\/ellotv.com.br\/site\/wp-content\/uploads\/2026\/01\/WhatsApp-Image-2026-01-28-at-09.59.07-300x200.jpeg",300,200,true],"medium_large":["https:\/\/ellotv.com.br\/site\/wp-content\/uploads\/2026\/01\/WhatsApp-Image-2026-01-28-at-09.59.07-768x512.jpeg",640,427,true],"large":["https:\/\/ellotv.com.br\/site\/wp-content\/uploads\/2026\/01\/WhatsApp-Image-2026-01-28-at-09.59.07.jpeg",640,427,false],"1536x1536":["https:\/\/ellotv.com.br\/site\/wp-content\/uploads\/2026\/01\/WhatsApp-Image-2026-01-28-at-09.59.07.jpeg",984,656,false],"2048x2048":["https:\/\/ellotv.com.br\/site\/wp-content\/uploads\/2026\/01\/WhatsApp-Image-2026-01-28-at-09.59.07.jpeg",984,656,false],"darknews-slider-full":["https:\/\/ellotv.com.br\/site\/wp-content\/uploads\/2026\/01\/WhatsApp-Image-2026-01-28-at-09.59.07.jpeg",984,656,false],"darknews-featured":["https:\/\/ellotv.com.br\/site\/wp-content\/uploads\/2026\/01\/WhatsApp-Image-2026-01-28-at-09.59.07.jpeg",984,656,false],"darknews-medium":["https:\/\/ellotv.com.br\/site\/wp-content\/uploads\/2026\/01\/WhatsApp-Image-2026-01-28-at-09.59.07-720x530.jpeg",720,530,true],"darknews-medium-square":["https:\/\/ellotv.com.br\/site\/wp-content\/uploads\/2026\/01\/WhatsApp-Image-2026-01-28-at-09.59.07-350x350.jpeg",350,350,true]},"author_info":{"info":["ELLO TV"]},"category_info":"<a href=\"https:\/\/ellotv.com.br\/site\/category\/mundo\/\" rel=\"category tag\">Mundo<\/a> <a href=\"https:\/\/ellotv.com.br\/site\/category\/noticias\/\" rel=\"category tag\">Noticias<\/a>","tag_info":"Noticias","comment_count":"0","_links":{"self":[{"href":"https:\/\/ellotv.com.br\/site\/wp-json\/wp\/v2\/posts\/4680","targetHints":{"allow":["GET"]}}],"collection":[{"href":"https:\/\/ellotv.com.br\/site\/wp-json\/wp\/v2\/posts"}],"about":[{"href":"https:\/\/ellotv.com.br\/site\/wp-json\/wp\/v2\/types\/post"}],"author":[{"embeddable":true,"href":"https:\/\/ellotv.com.br\/site\/wp-json\/wp\/v2\/users\/2"}],"replies":[{"embeddable":true,"href":"https:\/\/ellotv.com.br\/site\/wp-json\/wp\/v2\/comments?post=4680"}],"version-history":[{"count":2,"href":"https:\/\/ellotv.com.br\/site\/wp-json\/wp\/v2\/posts\/4680\/revisions"}],"predecessor-version":[{"id":4683,"href":"https:\/\/ellotv.com.br\/site\/wp-json\/wp\/v2\/posts\/4680\/revisions\/4683"}],"wp:featuredmedia":[{"embeddable":true,"href":"https:\/\/ellotv.com.br\/site\/wp-json\/wp\/v2\/media\/4681"}],"wp:attachment":[{"href":"https:\/\/ellotv.com.br\/site\/wp-json\/wp\/v2\/media?parent=4680"}],"wp:term":[{"taxonomy":"category","embeddable":true,"href":"https:\/\/ellotv.com.br\/site\/wp-json\/wp\/v2\/categories?post=4680"},{"taxonomy":"post_tag","embeddable":true,"href":"https:\/\/ellotv.com.br\/site\/wp-json\/wp\/v2\/tags?post=4680"}],"curies":[{"name":"wp","href":"https:\/\/api.w.org\/{rel}","templated":true}]}}