{"id":4684,"date":"2026-01-29T08:31:15","date_gmt":"2026-01-29T11:31:15","guid":{"rendered":"https:\/\/ellotv.com.br\/site\/?p=4684"},"modified":"2026-01-29T08:31:15","modified_gmt":"2026-01-29T11:31:15","slug":"detento-do-oeste-da-bahia-se-destaca-no-enem-ppl-e-alcanca-880-pontos-na-redacao","status":"publish","type":"post","link":"https:\/\/ellotv.com.br\/site\/2026\/01\/29\/detento-do-oeste-da-bahia-se-destaca-no-enem-ppl-e-alcanca-880-pontos-na-redacao\/","title":{"rendered":"Detento do oeste da Bahia se destaca no Enem PPL e alcan\u00e7a 880 pontos na reda\u00e7\u00e3o"},"content":{"rendered":"<p>Um interno do Conjunto Penal de Barreiras, no oeste da Bahia, obteve 880 pontos na reda\u00e7\u00e3o do Exame Nacional do Ensino M\u00e9dio para Pessoas Privadas de Liberdade (Enem PPL), resultado considerado de alto desempenho e que chamou a aten\u00e7\u00e3o da Secretaria de Administra\u00e7\u00e3o Penitenci\u00e1ria e Ressocializa\u00e7\u00e3o (Seap).<\/p>\n<p>De acordo com a pasta, o detento \u2014 identificado pelas iniciais S.F.B.C \u2014 participa de atividades educacionais do sistema prisional, incluindo o programa Universidade Para Todos (UPT), desenvolvido em parceria entre a Seap e a Secretaria da Educa\u00e7\u00e3o do Estado da Bahia (SEC).<\/p>\n<p>Em nota, a secretaria destacou que a reda\u00e7\u00e3o apresentou dom\u00ednio da norma escrita, boa capacidade argumentativa e compreens\u00e3o adequada dos temas propostos, caracter\u00edsticas que contribu\u00edram para a nota elevada.<\/p>\n<p><strong>Outros detentos tamb\u00e9m tiveram bom desempenho<\/strong><\/p>\n<p>O resultado individual reflete um cen\u00e1rio mais amplo de avan\u00e7o educacional dentro do sistema prisional baiano. Ao todo, nove detentos do estado alcan\u00e7aram notas iguais ou superiores a 800 pontos na reda\u00e7\u00e3o do Enem PPL.<\/p>\n<p>Al\u00e9m disso, 60 internos de diferentes unidades prisionais da Bahia obtiveram notas acima de 650 pontos, desempenho considerado positivo pelos organizadores do programa.<\/p>\n<p>Segundo a Seap, os internos do pres\u00eddio de Barreiras apresentaram o maior rendimento m\u00e9dio entre as unidades participantes.<\/p>\n<p><strong>Educa\u00e7\u00e3o como ferramenta de ressocializa\u00e7\u00e3o<\/strong><\/p>\n<p>A secretaria atribui os resultados ao trabalho conjunto entre a gest\u00e3o prisional, professores, institui\u00e7\u00f5es parceiras e o empenho dos pr\u00f3prios detentos. O objetivo, segundo o \u00f3rg\u00e3o, \u00e9 fortalecer a educa\u00e7\u00e3o como instrumento de ressocializa\u00e7\u00e3o e amplia\u00e7\u00e3o de oportunidades.<\/p>\n<p>O Enem para Pessoas Privadas de Liberdade possui o mesmo conte\u00fado, n\u00edvel de dificuldade e validade do Enem tradicional. A diferen\u00e7a est\u00e1 na aplica\u00e7\u00e3o, que ocorre dentro de unidades prisionais e socioeducativas, em datas espec\u00edficas.<\/p>\n<p>As notas obtidas no exame podem ser utilizadas para ingresso no ensino superior e acesso a programas educacionais, ampliando as perspectivas acad\u00eamicas e profissionais dos participantes.<\/p>\n","protected":false},"excerpt":{"rendered":"<p>Um interno do Conjunto Penal de Barreiras, no oeste da Bahia, obteve 880 pontos na reda\u00e7\u00e3o do Exame<\/p>\n","protected":false},"author":2,"featured_media":4685,"comment_status":"open","ping_status":"open","sticky":false,"template":"","format":"standard","meta":{"footnotes":""},"categories":[8,12,9],"tags":[],"class_list":["post-4684","post","type-post","status-publish","format-standard","has-post-thumbnail","hentry","category-brasil","category-noticias","category-regional"],"yoast_head":"<!-- This site is optimized with the Yoast SEO plugin v28.3 - https:\/\/yoast.com\/product\/yoast-seo-wordpress\/ -->\n<title>Detento do oeste da Bahia se destaca no Enem PPL e alcan\u00e7a 880 pontos na reda\u00e7\u00e3o - Ello TV<\/title>\n<meta name=\"description\" content=\"Detento do oeste da Bahia se destaca no Enem PPL ao alcan\u00e7ar 880 pontos na reda\u00e7\u00e3o; resultado refor\u00e7a a educa\u00e7\u00e3o como ferramenta de ressocializa\u00e7\u00e3o no sistema prisional baiano.\" \/>\n<meta name=\"robots\" content=\"index, follow, max-snippet:-1, max-image-preview:large, max-video-preview:-1\" \/>\n<link rel=\"canonical\" href=\"https:\/\/ellotv.com.br\/site\/2026\/01\/29\/detento-do-oeste-da-bahia-se-destaca-no-enem-ppl-e-alcanca-880-pontos-na-redacao\/\" \/>\n<meta property=\"og:locale\" content=\"pt_BR\" \/>\n<meta property=\"og:type\" content=\"article\" \/>\n<meta property=\"og:title\" content=\"Detento do oeste da Bahia se destaca no Enem PPL e alcan\u00e7a 880 pontos na reda\u00e7\u00e3o - Ello TV\" \/>\n<meta property=\"og:description\" content=\"Detento do oeste da Bahia se destaca no Enem PPL ao alcan\u00e7ar 880 pontos na reda\u00e7\u00e3o; resultado refor\u00e7a a educa\u00e7\u00e3o como ferramenta de ressocializa\u00e7\u00e3o no sistema prisional baiano.\" \/>\n<meta property=\"og:url\" content=\"https:\/\/ellotv.com.br\/site\/2026\/01\/29\/detento-do-oeste-da-bahia-se-destaca-no-enem-ppl-e-alcanca-880-pontos-na-redacao\/\" \/>\n<meta property=\"og:site_name\" content=\"Ello TV\" \/>\n<meta property=\"article:published_time\" content=\"2026-01-29T11:31:15+00:00\" \/>\n<meta property=\"og:image\" content=\"https:\/\/ellotv.com.br\/site\/wp-content\/uploads\/2026\/01\/WhatsApp-Image-2026-01-28-at-10.06.44.jpeg\" \/>\n\t<meta property=\"og:image:width\" content=\"1600\" \/>\n\t<meta property=\"og:image:height\" content=\"416\" \/>\n\t<meta property=\"og:image:type\" content=\"image\/jpeg\" \/>\n<meta name=\"author\" content=\"ELLO TV\" \/>\n<meta name=\"twitter:card\" content=\"summary_large_image\" \/>\n<meta name=\"twitter:label1\" content=\"Escrito por\" \/>\n\t<meta name=\"twitter:data1\" content=\"ELLO TV\" \/>\n\t<meta name=\"twitter:label2\" content=\"Est. tempo de leitura\" \/>\n\t<meta name=\"twitter:data2\" content=\"2 minutos\" \/>\n<script type=\"application\/ld+json\" class=\"yoast-schema-graph\">{\"@context\":\"https:\\\/\\\/schema.org\",\"@graph\":[{\"@type\":\"Article\",\"@id\":\"https:\\\/\\\/ellotv.com.br\\\/site\\\/2026\\\/01\\\/29\\\/detento-do-oeste-da-bahia-se-destaca-no-enem-ppl-e-alcanca-880-pontos-na-redacao\\\/#article\",\"isPartOf\":{\"@id\":\"https:\\\/\\\/ellotv.com.br\\\/site\\\/2026\\\/01\\\/29\\\/detento-do-oeste-da-bahia-se-destaca-no-enem-ppl-e-alcanca-880-pontos-na-redacao\\\/\"},\"author\":{\"name\":\"ELLO TV\",\"@id\":\"https:\\\/\\\/ellotv.com.br\\\/site\\\/#\\\/schema\\\/person\\\/2dbe3abaee38dcc7332fc8205cd2b15d\"},\"headline\":\"Detento do oeste da Bahia se destaca no Enem PPL e alcan\u00e7a 880 pontos na reda\u00e7\u00e3o\",\"datePublished\":\"2026-01-29T11:31:15+00:00\",\"mainEntityOfPage\":{\"@id\":\"https:\\\/\\\/ellotv.com.br\\\/site\\\/2026\\\/01\\\/29\\\/detento-do-oeste-da-bahia-se-destaca-no-enem-ppl-e-alcanca-880-pontos-na-redacao\\\/\"},\"wordCount\":353,\"commentCount\":0,\"publisher\":{\"@id\":\"https:\\\/\\\/ellotv.com.br\\\/site\\\/#organization\"},\"image\":{\"@id\":\"https:\\\/\\\/ellotv.com.br\\\/site\\\/2026\\\/01\\\/29\\\/detento-do-oeste-da-bahia-se-destaca-no-enem-ppl-e-alcanca-880-pontos-na-redacao\\\/#primaryimage\"},\"thumbnailUrl\":\"https:\\\/\\\/ellotv.com.br\\\/site\\\/wp-content\\\/uploads\\\/2026\\\/01\\\/WhatsApp-Image-2026-01-28-at-10.06.44.jpeg\",\"articleSection\":[\"Brasil\",\"Noticias\",\"Regional\"],\"inLanguage\":\"pt-BR\",\"potentialAction\":[{\"@type\":\"CommentAction\",\"name\":\"Comment\",\"target\":[\"https:\\\/\\\/ellotv.com.br\\\/site\\\/2026\\\/01\\\/29\\\/detento-do-oeste-da-bahia-se-destaca-no-enem-ppl-e-alcanca-880-pontos-na-redacao\\\/#respond\"]}]},{\"@type\":\"WebPage\",\"@id\":\"https:\\\/\\\/ellotv.com.br\\\/site\\\/2026\\\/01\\\/29\\\/detento-do-oeste-da-bahia-se-destaca-no-enem-ppl-e-alcanca-880-pontos-na-redacao\\\/\",\"url\":\"https:\\\/\\\/ellotv.com.br\\\/site\\\/2026\\\/01\\\/29\\\/detento-do-oeste-da-bahia-se-destaca-no-enem-ppl-e-alcanca-880-pontos-na-redacao\\\/\",\"name\":\"Detento do oeste da Bahia se destaca no Enem PPL e alcan\u00e7a 880 pontos na reda\u00e7\u00e3o - Ello TV\",\"isPartOf\":{\"@id\":\"https:\\\/\\\/ellotv.com.br\\\/site\\\/#website\"},\"primaryImageOfPage\":{\"@id\":\"https:\\\/\\\/ellotv.com.br\\\/site\\\/2026\\\/01\\\/29\\\/detento-do-oeste-da-bahia-se-destaca-no-enem-ppl-e-alcanca-880-pontos-na-redacao\\\/#primaryimage\"},\"image\":{\"@id\":\"https:\\\/\\\/ellotv.com.br\\\/site\\\/2026\\\/01\\\/29\\\/detento-do-oeste-da-bahia-se-destaca-no-enem-ppl-e-alcanca-880-pontos-na-redacao\\\/#primaryimage\"},\"thumbnailUrl\":\"https:\\\/\\\/ellotv.com.br\\\/site\\\/wp-content\\\/uploads\\\/2026\\\/01\\\/WhatsApp-Image-2026-01-28-at-10.06.44.jpeg\",\"datePublished\":\"2026-01-29T11:31:15+00:00\",\"description\":\"Detento do oeste da Bahia se destaca no Enem PPL ao alcan\u00e7ar 880 pontos na reda\u00e7\u00e3o; resultado refor\u00e7a a educa\u00e7\u00e3o como ferramenta de ressocializa\u00e7\u00e3o no sistema prisional baiano.\",\"breadcrumb\":{\"@id\":\"https:\\\/\\\/ellotv.com.br\\\/site\\\/2026\\\/01\\\/29\\\/detento-do-oeste-da-bahia-se-destaca-no-enem-ppl-e-alcanca-880-pontos-na-redacao\\\/#breadcrumb\"},\"inLanguage\":\"pt-BR\",\"potentialAction\":[{\"@type\":\"ReadAction\",\"target\":[\"https:\\\/\\\/ellotv.com.br\\\/site\\\/2026\\\/01\\\/29\\\/detento-do-oeste-da-bahia-se-destaca-no-enem-ppl-e-alcanca-880-pontos-na-redacao\\\/\"]}]},{\"@type\":\"ImageObject\",\"inLanguage\":\"pt-BR\",\"@id\":\"https:\\\/\\\/ellotv.com.br\\\/site\\\/2026\\\/01\\\/29\\\/detento-do-oeste-da-bahia-se-destaca-no-enem-ppl-e-alcanca-880-pontos-na-redacao\\\/#primaryimage\",\"url\":\"https:\\\/\\\/ellotv.com.br\\\/site\\\/wp-content\\\/uploads\\\/2026\\\/01\\\/WhatsApp-Image-2026-01-28-at-10.06.44.jpeg\",\"contentUrl\":\"https:\\\/\\\/ellotv.com.br\\\/site\\\/wp-content\\\/uploads\\\/2026\\\/01\\\/WhatsApp-Image-2026-01-28-at-10.06.44.jpeg\",\"width\":1600,\"height\":416},{\"@type\":\"BreadcrumbList\",\"@id\":\"https:\\\/\\\/ellotv.com.br\\\/site\\\/2026\\\/01\\\/29\\\/detento-do-oeste-da-bahia-se-destaca-no-enem-ppl-e-alcanca-880-pontos-na-redacao\\\/#breadcrumb\",\"itemListElement\":[{\"@type\":\"ListItem\",\"position\":1,\"name\":\"In\u00edcio\",\"item\":\"https:\\\/\\\/ellotv.com.br\\\/site\\\/\"},{\"@type\":\"ListItem\",\"position\":2,\"name\":\"Detento do oeste da Bahia se destaca no Enem PPL e alcan\u00e7a 880 pontos na reda\u00e7\u00e3o\"}]},{\"@type\":\"WebSite\",\"@id\":\"https:\\\/\\\/ellotv.com.br\\\/site\\\/#website\",\"url\":\"https:\\\/\\\/ellotv.com.br\\\/site\\\/\",\"name\":\"ELLO TV\",\"description\":\"\",\"publisher\":{\"@id\":\"https:\\\/\\\/ellotv.com.br\\\/site\\\/#organization\"},\"potentialAction\":[{\"@type\":\"SearchAction\",\"target\":{\"@type\":\"EntryPoint\",\"urlTemplate\":\"https:\\\/\\\/ellotv.com.br\\\/site\\\/?s={search_term_string}\"},\"query-input\":{\"@type\":\"PropertyValueSpecification\",\"valueRequired\":true,\"valueName\":\"search_term_string\"}}],\"inLanguage\":\"pt-BR\"},{\"@type\":\"Organization\",\"@id\":\"https:\\\/\\\/ellotv.com.br\\\/site\\\/#organization\",\"name\":\"ELLO TV\",\"url\":\"https:\\\/\\\/ellotv.com.br\\\/site\\\/\",\"logo\":{\"@type\":\"ImageObject\",\"inLanguage\":\"pt-BR\",\"@id\":\"https:\\\/\\\/ellotv.com.br\\\/site\\\/#\\\/schema\\\/logo\\\/image\\\/\",\"url\":\"https:\\\/\\\/ellotv.com.br\\\/site\\\/wp-content\\\/uploads\\\/2025\\\/11\\\/ello-logo-2.fw_.png\",\"contentUrl\":\"https:\\\/\\\/ellotv.com.br\\\/site\\\/wp-content\\\/uploads\\\/2025\\\/11\\\/ello-logo-2.fw_.png\",\"width\":400,\"height\":146,\"caption\":\"ELLO TV\"},\"image\":{\"@id\":\"https:\\\/\\\/ellotv.com.br\\\/site\\\/#\\\/schema\\\/logo\\\/image\\\/\"}},{\"@type\":\"Person\",\"@id\":\"https:\\\/\\\/ellotv.com.br\\\/site\\\/#\\\/schema\\\/person\\\/2dbe3abaee38dcc7332fc8205cd2b15d\",\"name\":\"ELLO TV\",\"image\":{\"@type\":\"ImageObject\",\"inLanguage\":\"pt-BR\",\"@id\":\"https:\\\/\\\/secure.gravatar.com\\\/avatar\\\/c38242b9da8ec217ac3f0aaee31a54f7d7befb11b2b47fdbc8fb0fad60afa1c6?s=96&d=mm&r=g\",\"url\":\"https:\\\/\\\/secure.gravatar.com\\\/avatar\\\/c38242b9da8ec217ac3f0aaee31a54f7d7befb11b2b47fdbc8fb0fad60afa1c6?s=96&d=mm&r=g\",\"contentUrl\":\"https:\\\/\\\/secure.gravatar.com\\\/avatar\\\/c38242b9da8ec217ac3f0aaee31a54f7d7befb11b2b47fdbc8fb0fad60afa1c6?s=96&d=mm&r=g\",\"caption\":\"ELLO TV\"},\"url\":\"https:\\\/\\\/ellotv.com.br\\\/site\\\/author\\\/elloagencia\\\/\"}]}<\/script>\n<!-- \/ Yoast SEO plugin. -->","yoast_head_json":{"title":"Detento do oeste da Bahia se destaca no Enem PPL e alcan\u00e7a 880 pontos na reda\u00e7\u00e3o - Ello TV","description":"Detento do oeste da Bahia se destaca no Enem PPL ao alcan\u00e7ar 880 pontos na reda\u00e7\u00e3o; resultado refor\u00e7a a educa\u00e7\u00e3o como ferramenta de ressocializa\u00e7\u00e3o no sistema prisional baiano.","robots":{"index":"index","follow":"follow","max-snippet":"max-snippet:-1","max-image-preview":"max-image-preview:large","max-video-preview":"max-video-preview:-1"},"canonical":"https:\/\/ellotv.com.br\/site\/2026\/01\/29\/detento-do-oeste-da-bahia-se-destaca-no-enem-ppl-e-alcanca-880-pontos-na-redacao\/","og_locale":"pt_BR","og_type":"article","og_title":"Detento do oeste da Bahia se destaca no Enem PPL e alcan\u00e7a 880 pontos na reda\u00e7\u00e3o - Ello TV","og_description":"Detento do oeste da Bahia se destaca no Enem PPL ao alcan\u00e7ar 880 pontos na reda\u00e7\u00e3o; resultado refor\u00e7a a educa\u00e7\u00e3o como ferramenta de ressocializa\u00e7\u00e3o no sistema prisional baiano.","og_url":"https:\/\/ellotv.com.br\/site\/2026\/01\/29\/detento-do-oeste-da-bahia-se-destaca-no-enem-ppl-e-alcanca-880-pontos-na-redacao\/","og_site_name":"Ello TV","article_published_time":"2026-01-29T11:31:15+00:00","og_image":[{"width":1600,"height":416,"url":"https:\/\/ellotv.com.br\/site\/wp-content\/uploads\/2026\/01\/WhatsApp-Image-2026-01-28-at-10.06.44.jpeg","type":"image\/jpeg"}],"author":"ELLO TV","twitter_card":"summary_large_image","twitter_misc":{"Escrito por":"ELLO TV","Est. tempo de leitura":"2 minutos"},"schema":{"@context":"https:\/\/schema.org","@graph":[{"@type":"Article","@id":"https:\/\/ellotv.com.br\/site\/2026\/01\/29\/detento-do-oeste-da-bahia-se-destaca-no-enem-ppl-e-alcanca-880-pontos-na-redacao\/#article","isPartOf":{"@id":"https:\/\/ellotv.com.br\/site\/2026\/01\/29\/detento-do-oeste-da-bahia-se-destaca-no-enem-ppl-e-alcanca-880-pontos-na-redacao\/"},"author":{"name":"ELLO TV","@id":"https:\/\/ellotv.com.br\/site\/#\/schema\/person\/2dbe3abaee38dcc7332fc8205cd2b15d"},"headline":"Detento do oeste da Bahia se destaca no Enem PPL e alcan\u00e7a 880 pontos na reda\u00e7\u00e3o","datePublished":"2026-01-29T11:31:15+00:00","mainEntityOfPage":{"@id":"https:\/\/ellotv.com.br\/site\/2026\/01\/29\/detento-do-oeste-da-bahia-se-destaca-no-enem-ppl-e-alcanca-880-pontos-na-redacao\/"},"wordCount":353,"commentCount":0,"publisher":{"@id":"https:\/\/ellotv.com.br\/site\/#organization"},"image":{"@id":"https:\/\/ellotv.com.br\/site\/2026\/01\/29\/detento-do-oeste-da-bahia-se-destaca-no-enem-ppl-e-alcanca-880-pontos-na-redacao\/#primaryimage"},"thumbnailUrl":"https:\/\/ellotv.com.br\/site\/wp-content\/uploads\/2026\/01\/WhatsApp-Image-2026-01-28-at-10.06.44.jpeg","articleSection":["Brasil","Noticias","Regional"],"inLanguage":"pt-BR","potentialAction":[{"@type":"CommentAction","name":"Comment","target":["https:\/\/ellotv.com.br\/site\/2026\/01\/29\/detento-do-oeste-da-bahia-se-destaca-no-enem-ppl-e-alcanca-880-pontos-na-redacao\/#respond"]}]},{"@type":"WebPage","@id":"https:\/\/ellotv.com.br\/site\/2026\/01\/29\/detento-do-oeste-da-bahia-se-destaca-no-enem-ppl-e-alcanca-880-pontos-na-redacao\/","url":"https:\/\/ellotv.com.br\/site\/2026\/01\/29\/detento-do-oeste-da-bahia-se-destaca-no-enem-ppl-e-alcanca-880-pontos-na-redacao\/","name":"Detento do oeste da Bahia se destaca no Enem PPL e alcan\u00e7a 880 pontos na reda\u00e7\u00e3o - Ello TV","isPartOf":{"@id":"https:\/\/ellotv.com.br\/site\/#website"},"primaryImageOfPage":{"@id":"https:\/\/ellotv.com.br\/site\/2026\/01\/29\/detento-do-oeste-da-bahia-se-destaca-no-enem-ppl-e-alcanca-880-pontos-na-redacao\/#primaryimage"},"image":{"@id":"https:\/\/ellotv.com.br\/site\/2026\/01\/29\/detento-do-oeste-da-bahia-se-destaca-no-enem-ppl-e-alcanca-880-pontos-na-redacao\/#primaryimage"},"thumbnailUrl":"https:\/\/ellotv.com.br\/site\/wp-content\/uploads\/2026\/01\/WhatsApp-Image-2026-01-28-at-10.06.44.jpeg","datePublished":"2026-01-29T11:31:15+00:00","description":"Detento do oeste da Bahia se destaca no Enem PPL ao alcan\u00e7ar 880 pontos na reda\u00e7\u00e3o; resultado refor\u00e7a a educa\u00e7\u00e3o como ferramenta de ressocializa\u00e7\u00e3o no sistema prisional baiano.","breadcrumb":{"@id":"https:\/\/ellotv.com.br\/site\/2026\/01\/29\/detento-do-oeste-da-bahia-se-destaca-no-enem-ppl-e-alcanca-880-pontos-na-redacao\/#breadcrumb"},"inLanguage":"pt-BR","potentialAction":[{"@type":"ReadAction","target":["https:\/\/ellotv.com.br\/site\/2026\/01\/29\/detento-do-oeste-da-bahia-se-destaca-no-enem-ppl-e-alcanca-880-pontos-na-redacao\/"]}]},{"@type":"ImageObject","inLanguage":"pt-BR","@id":"https:\/\/ellotv.com.br\/site\/2026\/01\/29\/detento-do-oeste-da-bahia-se-destaca-no-enem-ppl-e-alcanca-880-pontos-na-redacao\/#primaryimage","url":"https:\/\/ellotv.com.br\/site\/wp-content\/uploads\/2026\/01\/WhatsApp-Image-2026-01-28-at-10.06.44.jpeg","contentUrl":"https:\/\/ellotv.com.br\/site\/wp-content\/uploads\/2026\/01\/WhatsApp-Image-2026-01-28-at-10.06.44.jpeg","width":1600,"height":416},{"@type":"BreadcrumbList","@id":"https:\/\/ellotv.com.br\/site\/2026\/01\/29\/detento-do-oeste-da-bahia-se-destaca-no-enem-ppl-e-alcanca-880-pontos-na-redacao\/#breadcrumb","itemListElement":[{"@type":"ListItem","position":1,"name":"In\u00edcio","item":"https:\/\/ellotv.com.br\/site\/"},{"@type":"ListItem","position":2,"name":"Detento do oeste da Bahia se destaca no Enem PPL e alcan\u00e7a 880 pontos na reda\u00e7\u00e3o"}]},{"@type":"WebSite","@id":"https:\/\/ellotv.com.br\/site\/#website","url":"https:\/\/ellotv.com.br\/site\/","name":"ELLO TV","description":"","publisher":{"@id":"https:\/\/ellotv.com.br\/site\/#organization"},"potentialAction":[{"@type":"SearchAction","target":{"@type":"EntryPoint","urlTemplate":"https:\/\/ellotv.com.br\/site\/?s={search_term_string}"},"query-input":{"@type":"PropertyValueSpecification","valueRequired":true,"valueName":"search_term_string"}}],"inLanguage":"pt-BR"},{"@type":"Organization","@id":"https:\/\/ellotv.com.br\/site\/#organization","name":"ELLO TV","url":"https:\/\/ellotv.com.br\/site\/","logo":{"@type":"ImageObject","inLanguage":"pt-BR","@id":"https:\/\/ellotv.com.br\/site\/#\/schema\/logo\/image\/","url":"https:\/\/ellotv.com.br\/site\/wp-content\/uploads\/2025\/11\/ello-logo-2.fw_.png","contentUrl":"https:\/\/ellotv.com.br\/site\/wp-content\/uploads\/2025\/11\/ello-logo-2.fw_.png","width":400,"height":146,"caption":"ELLO TV"},"image":{"@id":"https:\/\/ellotv.com.br\/site\/#\/schema\/logo\/image\/"}},{"@type":"Person","@id":"https:\/\/ellotv.com.br\/site\/#\/schema\/person\/2dbe3abaee38dcc7332fc8205cd2b15d","name":"ELLO TV","image":{"@type":"ImageObject","inLanguage":"pt-BR","@id":"https:\/\/secure.gravatar.com\/avatar\/c38242b9da8ec217ac3f0aaee31a54f7d7befb11b2b47fdbc8fb0fad60afa1c6?s=96&d=mm&r=g","url":"https:\/\/secure.gravatar.com\/avatar\/c38242b9da8ec217ac3f0aaee31a54f7d7befb11b2b47fdbc8fb0fad60afa1c6?s=96&d=mm&r=g","contentUrl":"https:\/\/secure.gravatar.com\/avatar\/c38242b9da8ec217ac3f0aaee31a54f7d7befb11b2b47fdbc8fb0fad60afa1c6?s=96&d=mm&r=g","caption":"ELLO TV"},"url":"https:\/\/ellotv.com.br\/site\/author\/elloagencia\/"}]}},"featured_image_urls":{"full":["https:\/\/ellotv.com.br\/site\/wp-content\/uploads\/2026\/01\/WhatsApp-Image-2026-01-28-at-10.06.44.jpeg",1600,416,false],"thumbnail":["https:\/\/ellotv.com.br\/site\/wp-content\/uploads\/2026\/01\/WhatsApp-Image-2026-01-28-at-10.06.44-150x150.jpeg",150,150,true],"medium":["https:\/\/ellotv.com.br\/site\/wp-content\/uploads\/2026\/01\/WhatsApp-Image-2026-01-28-at-10.06.44-300x78.jpeg",300,78,true],"medium_large":["https:\/\/ellotv.com.br\/site\/wp-content\/uploads\/2026\/01\/WhatsApp-Image-2026-01-28-at-10.06.44-768x200.jpeg",640,167,true],"large":["https:\/\/ellotv.com.br\/site\/wp-content\/uploads\/2026\/01\/WhatsApp-Image-2026-01-28-at-10.06.44-1024x266.jpeg",640,166,true],"1536x1536":["https:\/\/ellotv.com.br\/site\/wp-content\/uploads\/2026\/01\/WhatsApp-Image-2026-01-28-at-10.06.44-1536x399.jpeg",1536,399,true],"2048x2048":["https:\/\/ellotv.com.br\/site\/wp-content\/uploads\/2026\/01\/WhatsApp-Image-2026-01-28-at-10.06.44.jpeg",1600,416,false],"darknews-slider-full":["https:\/\/ellotv.com.br\/site\/wp-content\/uploads\/2026\/01\/WhatsApp-Image-2026-01-28-at-10.06.44-1280x416.jpeg",1280,416,true],"darknews-featured":["https:\/\/ellotv.com.br\/site\/wp-content\/uploads\/2026\/01\/WhatsApp-Image-2026-01-28-at-10.06.44-1024x266.jpeg",1024,266,true],"darknews-medium":["https:\/\/ellotv.com.br\/site\/wp-content\/uploads\/2026\/01\/WhatsApp-Image-2026-01-28-at-10.06.44-720x416.jpeg",720,416,true],"darknews-medium-square":["https:\/\/ellotv.com.br\/site\/wp-content\/uploads\/2026\/01\/WhatsApp-Image-2026-01-28-at-10.06.44-350x350.jpeg",350,350,true]},"author_info":{"info":["ELLO TV"]},"category_info":"<a href=\"https:\/\/ellotv.com.br\/site\/category\/brasil\/\" rel=\"category tag\">Brasil<\/a> <a href=\"https:\/\/ellotv.com.br\/site\/category\/noticias\/\" rel=\"category tag\">Noticias<\/a> <a href=\"https:\/\/ellotv.com.br\/site\/category\/regional\/\" rel=\"category tag\">Regional<\/a>","tag_info":"Regional","comment_count":"0","_links":{"self":[{"href":"https:\/\/ellotv.com.br\/site\/wp-json\/wp\/v2\/posts\/4684","targetHints":{"allow":["GET"]}}],"collection":[{"href":"https:\/\/ellotv.com.br\/site\/wp-json\/wp\/v2\/posts"}],"about":[{"href":"https:\/\/ellotv.com.br\/site\/wp-json\/wp\/v2\/types\/post"}],"author":[{"embeddable":true,"href":"https:\/\/ellotv.com.br\/site\/wp-json\/wp\/v2\/users\/2"}],"replies":[{"embeddable":true,"href":"https:\/\/ellotv.com.br\/site\/wp-json\/wp\/v2\/comments?post=4684"}],"version-history":[{"count":1,"href":"https:\/\/ellotv.com.br\/site\/wp-json\/wp\/v2\/posts\/4684\/revisions"}],"predecessor-version":[{"id":4686,"href":"https:\/\/ellotv.com.br\/site\/wp-json\/wp\/v2\/posts\/4684\/revisions\/4686"}],"wp:featuredmedia":[{"embeddable":true,"href":"https:\/\/ellotv.com.br\/site\/wp-json\/wp\/v2\/media\/4685"}],"wp:attachment":[{"href":"https:\/\/ellotv.com.br\/site\/wp-json\/wp\/v2\/media?parent=4684"}],"wp:term":[{"taxonomy":"category","embeddable":true,"href":"https:\/\/ellotv.com.br\/site\/wp-json\/wp\/v2\/categories?post=4684"},{"taxonomy":"post_tag","embeddable":true,"href":"https:\/\/ellotv.com.br\/site\/wp-json\/wp\/v2\/tags?post=4684"}],"curies":[{"name":"wp","href":"https:\/\/api.w.org\/{rel}","templated":true}]}}