{"id":4690,"date":"2026-01-29T08:36:30","date_gmt":"2026-01-29T11:36:30","guid":{"rendered":"https:\/\/ellotv.com.br\/site\/?p=4690"},"modified":"2026-01-29T08:36:30","modified_gmt":"2026-01-29T11:36:30","slug":"prefeito-de-tuparetama-pe-diogenes-patriota-apresenta-resultados-da-parceria-com-o-deputado-federal-felipe-carreras","status":"publish","type":"post","link":"https:\/\/ellotv.com.br\/site\/2026\/01\/29\/prefeito-de-tuparetama-pe-diogenes-patriota-apresenta-resultados-da-parceria-com-o-deputado-federal-felipe-carreras\/","title":{"rendered":"Prefeito de Tuparetama-PE, Di\u00f3genes Patriota apresenta resultados da parceria com o deputado federal Felipe Carreras"},"content":{"rendered":"<p>O prefeito de Tuparetama-PE, Di\u00f3genes Patriota, destacou, nos \u00faltimos dias, os resultados positivos da parceria firmada com o deputado federal Felipe Carreras, que vem garantindo importantes avan\u00e7os para o munic\u00edpio por meio da articula\u00e7\u00e3o de recursos, investimentos e a\u00e7\u00f5es voltadas ao desenvolvimento local.<\/p>\n<p>Segundo o gestor, a uni\u00e3o de esfor\u00e7os entre a administra\u00e7\u00e3o municipal e o mandato do parlamentar tem sido fundamental para viabilizar melhorias em \u00e1reas estrat\u00e9gicas, fortalecendo pol\u00edticas p\u00fablicas e ampliando benef\u00edcios diretos \u00e0 popula\u00e7\u00e3o. A parceria tem possibilitado a chegada de emendas, apoio institucional e projetos que impulsionam o crescimento da cidade.<\/p>\n<p>Di\u00f3genes Patriota ressaltou que o di\u00e1logo constante e o compromisso do deputado Felipe Carreras com Tuparetama refletem uma atua\u00e7\u00e3o respons\u00e1vel e alinhada \u00e0s reais necessidades da popula\u00e7\u00e3o. \u201cQuando h\u00e1 parceria, compromisso e trabalho conjunto, os resultados aparecem e quem ganha \u00e9 o povo\u201d, afirmou o prefeito.<\/p>\n<p>A gest\u00e3o municipal segue empenhada em buscar novas parcerias e investimentos, reafirmando o compromisso de trabalhar pelo desenvolvimento, pela melhoria da qualidade de vida e pelo fortalecimento das pol\u00edticas p\u00fablicas em Tuparetama.<\/p>\n","protected":false},"excerpt":{"rendered":"<p>O prefeito de Tuparetama-PE, Di\u00f3genes Patriota, destacou, nos \u00faltimos dias, os resultados positivos da parceria firmada com o<\/p>\n","protected":false},"author":2,"featured_media":4691,"comment_status":"open","ping_status":"open","sticky":false,"template":"","format":"standard","meta":{"footnotes":""},"categories":[12,9],"tags":[],"class_list":["post-4690","post","type-post","status-publish","format-standard","has-post-thumbnail","hentry","category-noticias","category-regional"],"yoast_head":"<!-- This site is optimized with the Yoast SEO plugin v28.3 - https:\/\/yoast.com\/product\/yoast-seo-wordpress\/ -->\n<title>Prefeito de Tuparetama-PE, Di\u00f3genes Patriota apresenta resultados da parceria com o deputado federal Felipe Carreras - Ello TV<\/title>\n<meta name=\"description\" content=\"Prefeito de Tuparetama, Di\u00f3genes Patriota ressalta resultados positivos da parceria com o deputado federal Felipe Carreras, que tem garantido investimentos, recursos e melhorias para o munic\u00edpio.\" \/>\n<meta name=\"robots\" content=\"index, follow, max-snippet:-1, max-image-preview:large, max-video-preview:-1\" \/>\n<link rel=\"canonical\" href=\"https:\/\/ellotv.com.br\/site\/2026\/01\/29\/prefeito-de-tuparetama-pe-diogenes-patriota-apresenta-resultados-da-parceria-com-o-deputado-federal-felipe-carreras\/\" \/>\n<meta property=\"og:locale\" content=\"pt_BR\" \/>\n<meta property=\"og:type\" content=\"article\" \/>\n<meta property=\"og:title\" content=\"Prefeito de Tuparetama-PE, Di\u00f3genes Patriota apresenta resultados da parceria com o deputado federal Felipe Carreras - Ello TV\" \/>\n<meta property=\"og:description\" content=\"Prefeito de Tuparetama, Di\u00f3genes Patriota ressalta resultados positivos da parceria com o deputado federal Felipe Carreras, que tem garantido investimentos, recursos e melhorias para o munic\u00edpio.\" \/>\n<meta property=\"og:url\" content=\"https:\/\/ellotv.com.br\/site\/2026\/01\/29\/prefeito-de-tuparetama-pe-diogenes-patriota-apresenta-resultados-da-parceria-com-o-deputado-federal-felipe-carreras\/\" \/>\n<meta property=\"og:site_name\" content=\"Ello TV\" \/>\n<meta property=\"article:published_time\" content=\"2026-01-29T11:36:30+00:00\" \/>\n<meta property=\"og:image\" content=\"https:\/\/ellotv.com.br\/site\/wp-content\/uploads\/2026\/01\/WhatsApp-Image-2026-01-28-at-17.18.16.jpeg\" \/>\n\t<meta property=\"og:image:width\" content=\"1182\" \/>\n\t<meta property=\"og:image:height\" content=\"1600\" \/>\n\t<meta property=\"og:image:type\" content=\"image\/jpeg\" \/>\n<meta name=\"author\" content=\"ELLO TV\" \/>\n<meta name=\"twitter:card\" content=\"summary_large_image\" \/>\n<meta name=\"twitter:label1\" content=\"Escrito por\" \/>\n\t<meta name=\"twitter:data1\" content=\"ELLO TV\" \/>\n\t<meta name=\"twitter:label2\" content=\"Est. tempo de leitura\" \/>\n\t<meta name=\"twitter:data2\" content=\"1 minuto\" \/>\n<script type=\"application\/ld+json\" class=\"yoast-schema-graph\">{\"@context\":\"https:\\\/\\\/schema.org\",\"@graph\":[{\"@type\":\"Article\",\"@id\":\"https:\\\/\\\/ellotv.com.br\\\/site\\\/2026\\\/01\\\/29\\\/prefeito-de-tuparetama-pe-diogenes-patriota-apresenta-resultados-da-parceria-com-o-deputado-federal-felipe-carreras\\\/#article\",\"isPartOf\":{\"@id\":\"https:\\\/\\\/ellotv.com.br\\\/site\\\/2026\\\/01\\\/29\\\/prefeito-de-tuparetama-pe-diogenes-patriota-apresenta-resultados-da-parceria-com-o-deputado-federal-felipe-carreras\\\/\"},\"author\":{\"name\":\"ELLO TV\",\"@id\":\"https:\\\/\\\/ellotv.com.br\\\/site\\\/#\\\/schema\\\/person\\\/2dbe3abaee38dcc7332fc8205cd2b15d\"},\"headline\":\"Prefeito de Tuparetama-PE, Di\u00f3genes Patriota apresenta resultados da parceria com o deputado federal Felipe Carreras\",\"datePublished\":\"2026-01-29T11:36:30+00:00\",\"mainEntityOfPage\":{\"@id\":\"https:\\\/\\\/ellotv.com.br\\\/site\\\/2026\\\/01\\\/29\\\/prefeito-de-tuparetama-pe-diogenes-patriota-apresenta-resultados-da-parceria-com-o-deputado-federal-felipe-carreras\\\/\"},\"wordCount\":208,\"commentCount\":0,\"publisher\":{\"@id\":\"https:\\\/\\\/ellotv.com.br\\\/site\\\/#organization\"},\"image\":{\"@id\":\"https:\\\/\\\/ellotv.com.br\\\/site\\\/2026\\\/01\\\/29\\\/prefeito-de-tuparetama-pe-diogenes-patriota-apresenta-resultados-da-parceria-com-o-deputado-federal-felipe-carreras\\\/#primaryimage\"},\"thumbnailUrl\":\"https:\\\/\\\/ellotv.com.br\\\/site\\\/wp-content\\\/uploads\\\/2026\\\/01\\\/WhatsApp-Image-2026-01-28-at-17.18.16.jpeg\",\"articleSection\":[\"Noticias\",\"Regional\"],\"inLanguage\":\"pt-BR\",\"potentialAction\":[{\"@type\":\"CommentAction\",\"name\":\"Comment\",\"target\":[\"https:\\\/\\\/ellotv.com.br\\\/site\\\/2026\\\/01\\\/29\\\/prefeito-de-tuparetama-pe-diogenes-patriota-apresenta-resultados-da-parceria-com-o-deputado-federal-felipe-carreras\\\/#respond\"]}]},{\"@type\":\"WebPage\",\"@id\":\"https:\\\/\\\/ellotv.com.br\\\/site\\\/2026\\\/01\\\/29\\\/prefeito-de-tuparetama-pe-diogenes-patriota-apresenta-resultados-da-parceria-com-o-deputado-federal-felipe-carreras\\\/\",\"url\":\"https:\\\/\\\/ellotv.com.br\\\/site\\\/2026\\\/01\\\/29\\\/prefeito-de-tuparetama-pe-diogenes-patriota-apresenta-resultados-da-parceria-com-o-deputado-federal-felipe-carreras\\\/\",\"name\":\"Prefeito de Tuparetama-PE, Di\u00f3genes Patriota apresenta resultados da parceria com o deputado federal Felipe Carreras - Ello TV\",\"isPartOf\":{\"@id\":\"https:\\\/\\\/ellotv.com.br\\\/site\\\/#website\"},\"primaryImageOfPage\":{\"@id\":\"https:\\\/\\\/ellotv.com.br\\\/site\\\/2026\\\/01\\\/29\\\/prefeito-de-tuparetama-pe-diogenes-patriota-apresenta-resultados-da-parceria-com-o-deputado-federal-felipe-carreras\\\/#primaryimage\"},\"image\":{\"@id\":\"https:\\\/\\\/ellotv.com.br\\\/site\\\/2026\\\/01\\\/29\\\/prefeito-de-tuparetama-pe-diogenes-patriota-apresenta-resultados-da-parceria-com-o-deputado-federal-felipe-carreras\\\/#primaryimage\"},\"thumbnailUrl\":\"https:\\\/\\\/ellotv.com.br\\\/site\\\/wp-content\\\/uploads\\\/2026\\\/01\\\/WhatsApp-Image-2026-01-28-at-17.18.16.jpeg\",\"datePublished\":\"2026-01-29T11:36:30+00:00\",\"description\":\"Prefeito de Tuparetama, Di\u00f3genes Patriota ressalta resultados positivos da parceria com o deputado federal Felipe Carreras, que tem garantido investimentos, recursos e melhorias para o munic\u00edpio.\",\"breadcrumb\":{\"@id\":\"https:\\\/\\\/ellotv.com.br\\\/site\\\/2026\\\/01\\\/29\\\/prefeito-de-tuparetama-pe-diogenes-patriota-apresenta-resultados-da-parceria-com-o-deputado-federal-felipe-carreras\\\/#breadcrumb\"},\"inLanguage\":\"pt-BR\",\"potentialAction\":[{\"@type\":\"ReadAction\",\"target\":[\"https:\\\/\\\/ellotv.com.br\\\/site\\\/2026\\\/01\\\/29\\\/prefeito-de-tuparetama-pe-diogenes-patriota-apresenta-resultados-da-parceria-com-o-deputado-federal-felipe-carreras\\\/\"]}]},{\"@type\":\"ImageObject\",\"inLanguage\":\"pt-BR\",\"@id\":\"https:\\\/\\\/ellotv.com.br\\\/site\\\/2026\\\/01\\\/29\\\/prefeito-de-tuparetama-pe-diogenes-patriota-apresenta-resultados-da-parceria-com-o-deputado-federal-felipe-carreras\\\/#primaryimage\",\"url\":\"https:\\\/\\\/ellotv.com.br\\\/site\\\/wp-content\\\/uploads\\\/2026\\\/01\\\/WhatsApp-Image-2026-01-28-at-17.18.16.jpeg\",\"contentUrl\":\"https:\\\/\\\/ellotv.com.br\\\/site\\\/wp-content\\\/uploads\\\/2026\\\/01\\\/WhatsApp-Image-2026-01-28-at-17.18.16.jpeg\",\"width\":1182,\"height\":1600},{\"@type\":\"BreadcrumbList\",\"@id\":\"https:\\\/\\\/ellotv.com.br\\\/site\\\/2026\\\/01\\\/29\\\/prefeito-de-tuparetama-pe-diogenes-patriota-apresenta-resultados-da-parceria-com-o-deputado-federal-felipe-carreras\\\/#breadcrumb\",\"itemListElement\":[{\"@type\":\"ListItem\",\"position\":1,\"name\":\"In\u00edcio\",\"item\":\"https:\\\/\\\/ellotv.com.br\\\/site\\\/\"},{\"@type\":\"ListItem\",\"position\":2,\"name\":\"Prefeito de Tuparetama-PE, Di\u00f3genes Patriota apresenta resultados da parceria com o deputado federal Felipe Carreras\"}]},{\"@type\":\"WebSite\",\"@id\":\"https:\\\/\\\/ellotv.com.br\\\/site\\\/#website\",\"url\":\"https:\\\/\\\/ellotv.com.br\\\/site\\\/\",\"name\":\"ELLO TV\",\"description\":\"\",\"publisher\":{\"@id\":\"https:\\\/\\\/ellotv.com.br\\\/site\\\/#organization\"},\"potentialAction\":[{\"@type\":\"SearchAction\",\"target\":{\"@type\":\"EntryPoint\",\"urlTemplate\":\"https:\\\/\\\/ellotv.com.br\\\/site\\\/?s={search_term_string}\"},\"query-input\":{\"@type\":\"PropertyValueSpecification\",\"valueRequired\":true,\"valueName\":\"search_term_string\"}}],\"inLanguage\":\"pt-BR\"},{\"@type\":\"Organization\",\"@id\":\"https:\\\/\\\/ellotv.com.br\\\/site\\\/#organization\",\"name\":\"ELLO TV\",\"url\":\"https:\\\/\\\/ellotv.com.br\\\/site\\\/\",\"logo\":{\"@type\":\"ImageObject\",\"inLanguage\":\"pt-BR\",\"@id\":\"https:\\\/\\\/ellotv.com.br\\\/site\\\/#\\\/schema\\\/logo\\\/image\\\/\",\"url\":\"https:\\\/\\\/ellotv.com.br\\\/site\\\/wp-content\\\/uploads\\\/2025\\\/11\\\/ello-logo-2.fw_.png\",\"contentUrl\":\"https:\\\/\\\/ellotv.com.br\\\/site\\\/wp-content\\\/uploads\\\/2025\\\/11\\\/ello-logo-2.fw_.png\",\"width\":400,\"height\":146,\"caption\":\"ELLO TV\"},\"image\":{\"@id\":\"https:\\\/\\\/ellotv.com.br\\\/site\\\/#\\\/schema\\\/logo\\\/image\\\/\"}},{\"@type\":\"Person\",\"@id\":\"https:\\\/\\\/ellotv.com.br\\\/site\\\/#\\\/schema\\\/person\\\/2dbe3abaee38dcc7332fc8205cd2b15d\",\"name\":\"ELLO TV\",\"image\":{\"@type\":\"ImageObject\",\"inLanguage\":\"pt-BR\",\"@id\":\"https:\\\/\\\/secure.gravatar.com\\\/avatar\\\/c38242b9da8ec217ac3f0aaee31a54f7d7befb11b2b47fdbc8fb0fad60afa1c6?s=96&d=mm&r=g\",\"url\":\"https:\\\/\\\/secure.gravatar.com\\\/avatar\\\/c38242b9da8ec217ac3f0aaee31a54f7d7befb11b2b47fdbc8fb0fad60afa1c6?s=96&d=mm&r=g\",\"contentUrl\":\"https:\\\/\\\/secure.gravatar.com\\\/avatar\\\/c38242b9da8ec217ac3f0aaee31a54f7d7befb11b2b47fdbc8fb0fad60afa1c6?s=96&d=mm&r=g\",\"caption\":\"ELLO TV\"},\"url\":\"https:\\\/\\\/ellotv.com.br\\\/site\\\/author\\\/elloagencia\\\/\"}]}<\/script>\n<!-- \/ Yoast SEO plugin. -->","yoast_head_json":{"title":"Prefeito de Tuparetama-PE, Di\u00f3genes Patriota apresenta resultados da parceria com o deputado federal Felipe Carreras - Ello TV","description":"Prefeito de Tuparetama, Di\u00f3genes Patriota ressalta resultados positivos da parceria com o deputado federal Felipe Carreras, que tem garantido investimentos, recursos e melhorias para o munic\u00edpio.","robots":{"index":"index","follow":"follow","max-snippet":"max-snippet:-1","max-image-preview":"max-image-preview:large","max-video-preview":"max-video-preview:-1"},"canonical":"https:\/\/ellotv.com.br\/site\/2026\/01\/29\/prefeito-de-tuparetama-pe-diogenes-patriota-apresenta-resultados-da-parceria-com-o-deputado-federal-felipe-carreras\/","og_locale":"pt_BR","og_type":"article","og_title":"Prefeito de Tuparetama-PE, Di\u00f3genes Patriota apresenta resultados da parceria com o deputado federal Felipe Carreras - Ello TV","og_description":"Prefeito de Tuparetama, Di\u00f3genes Patriota ressalta resultados positivos da parceria com o deputado federal Felipe Carreras, que tem garantido investimentos, recursos e melhorias para o munic\u00edpio.","og_url":"https:\/\/ellotv.com.br\/site\/2026\/01\/29\/prefeito-de-tuparetama-pe-diogenes-patriota-apresenta-resultados-da-parceria-com-o-deputado-federal-felipe-carreras\/","og_site_name":"Ello TV","article_published_time":"2026-01-29T11:36:30+00:00","og_image":[{"width":1182,"height":1600,"url":"https:\/\/ellotv.com.br\/site\/wp-content\/uploads\/2026\/01\/WhatsApp-Image-2026-01-28-at-17.18.16.jpeg","type":"image\/jpeg"}],"author":"ELLO TV","twitter_card":"summary_large_image","twitter_misc":{"Escrito por":"ELLO TV","Est. tempo de leitura":"1 minuto"},"schema":{"@context":"https:\/\/schema.org","@graph":[{"@type":"Article","@id":"https:\/\/ellotv.com.br\/site\/2026\/01\/29\/prefeito-de-tuparetama-pe-diogenes-patriota-apresenta-resultados-da-parceria-com-o-deputado-federal-felipe-carreras\/#article","isPartOf":{"@id":"https:\/\/ellotv.com.br\/site\/2026\/01\/29\/prefeito-de-tuparetama-pe-diogenes-patriota-apresenta-resultados-da-parceria-com-o-deputado-federal-felipe-carreras\/"},"author":{"name":"ELLO TV","@id":"https:\/\/ellotv.com.br\/site\/#\/schema\/person\/2dbe3abaee38dcc7332fc8205cd2b15d"},"headline":"Prefeito de Tuparetama-PE, Di\u00f3genes Patriota apresenta resultados da parceria com o deputado federal Felipe Carreras","datePublished":"2026-01-29T11:36:30+00:00","mainEntityOfPage":{"@id":"https:\/\/ellotv.com.br\/site\/2026\/01\/29\/prefeito-de-tuparetama-pe-diogenes-patriota-apresenta-resultados-da-parceria-com-o-deputado-federal-felipe-carreras\/"},"wordCount":208,"commentCount":0,"publisher":{"@id":"https:\/\/ellotv.com.br\/site\/#organization"},"image":{"@id":"https:\/\/ellotv.com.br\/site\/2026\/01\/29\/prefeito-de-tuparetama-pe-diogenes-patriota-apresenta-resultados-da-parceria-com-o-deputado-federal-felipe-carreras\/#primaryimage"},"thumbnailUrl":"https:\/\/ellotv.com.br\/site\/wp-content\/uploads\/2026\/01\/WhatsApp-Image-2026-01-28-at-17.18.16.jpeg","articleSection":["Noticias","Regional"],"inLanguage":"pt-BR","potentialAction":[{"@type":"CommentAction","name":"Comment","target":["https:\/\/ellotv.com.br\/site\/2026\/01\/29\/prefeito-de-tuparetama-pe-diogenes-patriota-apresenta-resultados-da-parceria-com-o-deputado-federal-felipe-carreras\/#respond"]}]},{"@type":"WebPage","@id":"https:\/\/ellotv.com.br\/site\/2026\/01\/29\/prefeito-de-tuparetama-pe-diogenes-patriota-apresenta-resultados-da-parceria-com-o-deputado-federal-felipe-carreras\/","url":"https:\/\/ellotv.com.br\/site\/2026\/01\/29\/prefeito-de-tuparetama-pe-diogenes-patriota-apresenta-resultados-da-parceria-com-o-deputado-federal-felipe-carreras\/","name":"Prefeito de Tuparetama-PE, Di\u00f3genes Patriota apresenta resultados da parceria com o deputado federal Felipe Carreras - Ello TV","isPartOf":{"@id":"https:\/\/ellotv.com.br\/site\/#website"},"primaryImageOfPage":{"@id":"https:\/\/ellotv.com.br\/site\/2026\/01\/29\/prefeito-de-tuparetama-pe-diogenes-patriota-apresenta-resultados-da-parceria-com-o-deputado-federal-felipe-carreras\/#primaryimage"},"image":{"@id":"https:\/\/ellotv.com.br\/site\/2026\/01\/29\/prefeito-de-tuparetama-pe-diogenes-patriota-apresenta-resultados-da-parceria-com-o-deputado-federal-felipe-carreras\/#primaryimage"},"thumbnailUrl":"https:\/\/ellotv.com.br\/site\/wp-content\/uploads\/2026\/01\/WhatsApp-Image-2026-01-28-at-17.18.16.jpeg","datePublished":"2026-01-29T11:36:30+00:00","description":"Prefeito de Tuparetama, Di\u00f3genes Patriota ressalta resultados positivos da parceria com o deputado federal Felipe Carreras, que tem garantido investimentos, recursos e melhorias para o munic\u00edpio.","breadcrumb":{"@id":"https:\/\/ellotv.com.br\/site\/2026\/01\/29\/prefeito-de-tuparetama-pe-diogenes-patriota-apresenta-resultados-da-parceria-com-o-deputado-federal-felipe-carreras\/#breadcrumb"},"inLanguage":"pt-BR","potentialAction":[{"@type":"ReadAction","target":["https:\/\/ellotv.com.br\/site\/2026\/01\/29\/prefeito-de-tuparetama-pe-diogenes-patriota-apresenta-resultados-da-parceria-com-o-deputado-federal-felipe-carreras\/"]}]},{"@type":"ImageObject","inLanguage":"pt-BR","@id":"https:\/\/ellotv.com.br\/site\/2026\/01\/29\/prefeito-de-tuparetama-pe-diogenes-patriota-apresenta-resultados-da-parceria-com-o-deputado-federal-felipe-carreras\/#primaryimage","url":"https:\/\/ellotv.com.br\/site\/wp-content\/uploads\/2026\/01\/WhatsApp-Image-2026-01-28-at-17.18.16.jpeg","contentUrl":"https:\/\/ellotv.com.br\/site\/wp-content\/uploads\/2026\/01\/WhatsApp-Image-2026-01-28-at-17.18.16.jpeg","width":1182,"height":1600},{"@type":"BreadcrumbList","@id":"https:\/\/ellotv.com.br\/site\/2026\/01\/29\/prefeito-de-tuparetama-pe-diogenes-patriota-apresenta-resultados-da-parceria-com-o-deputado-federal-felipe-carreras\/#breadcrumb","itemListElement":[{"@type":"ListItem","position":1,"name":"In\u00edcio","item":"https:\/\/ellotv.com.br\/site\/"},{"@type":"ListItem","position":2,"name":"Prefeito de Tuparetama-PE, Di\u00f3genes Patriota apresenta resultados da parceria com o deputado federal Felipe Carreras"}]},{"@type":"WebSite","@id":"https:\/\/ellotv.com.br\/site\/#website","url":"https:\/\/ellotv.com.br\/site\/","name":"ELLO TV","description":"","publisher":{"@id":"https:\/\/ellotv.com.br\/site\/#organization"},"potentialAction":[{"@type":"SearchAction","target":{"@type":"EntryPoint","urlTemplate":"https:\/\/ellotv.com.br\/site\/?s={search_term_string}"},"query-input":{"@type":"PropertyValueSpecification","valueRequired":true,"valueName":"search_term_string"}}],"inLanguage":"pt-BR"},{"@type":"Organization","@id":"https:\/\/ellotv.com.br\/site\/#organization","name":"ELLO TV","url":"https:\/\/ellotv.com.br\/site\/","logo":{"@type":"ImageObject","inLanguage":"pt-BR","@id":"https:\/\/ellotv.com.br\/site\/#\/schema\/logo\/image\/","url":"https:\/\/ellotv.com.br\/site\/wp-content\/uploads\/2025\/11\/ello-logo-2.fw_.png","contentUrl":"https:\/\/ellotv.com.br\/site\/wp-content\/uploads\/2025\/11\/ello-logo-2.fw_.png","width":400,"height":146,"caption":"ELLO TV"},"image":{"@id":"https:\/\/ellotv.com.br\/site\/#\/schema\/logo\/image\/"}},{"@type":"Person","@id":"https:\/\/ellotv.com.br\/site\/#\/schema\/person\/2dbe3abaee38dcc7332fc8205cd2b15d","name":"ELLO TV","image":{"@type":"ImageObject","inLanguage":"pt-BR","@id":"https:\/\/secure.gravatar.com\/avatar\/c38242b9da8ec217ac3f0aaee31a54f7d7befb11b2b47fdbc8fb0fad60afa1c6?s=96&d=mm&r=g","url":"https:\/\/secure.gravatar.com\/avatar\/c38242b9da8ec217ac3f0aaee31a54f7d7befb11b2b47fdbc8fb0fad60afa1c6?s=96&d=mm&r=g","contentUrl":"https:\/\/secure.gravatar.com\/avatar\/c38242b9da8ec217ac3f0aaee31a54f7d7befb11b2b47fdbc8fb0fad60afa1c6?s=96&d=mm&r=g","caption":"ELLO TV"},"url":"https:\/\/ellotv.com.br\/site\/author\/elloagencia\/"}]}},"featured_image_urls":{"full":["https:\/\/ellotv.com.br\/site\/wp-content\/uploads\/2026\/01\/WhatsApp-Image-2026-01-28-at-17.18.16.jpeg",1182,1600,false],"thumbnail":["https:\/\/ellotv.com.br\/site\/wp-content\/uploads\/2026\/01\/WhatsApp-Image-2026-01-28-at-17.18.16-150x150.jpeg",150,150,true],"medium":["https:\/\/ellotv.com.br\/site\/wp-content\/uploads\/2026\/01\/WhatsApp-Image-2026-01-28-at-17.18.16-222x300.jpeg",222,300,true],"medium_large":["https:\/\/ellotv.com.br\/site\/wp-content\/uploads\/2026\/01\/WhatsApp-Image-2026-01-28-at-17.18.16-768x1040.jpeg",640,867,true],"large":["https:\/\/ellotv.com.br\/site\/wp-content\/uploads\/2026\/01\/WhatsApp-Image-2026-01-28-at-17.18.16-756x1024.jpeg",640,867,true],"1536x1536":["https:\/\/ellotv.com.br\/site\/wp-content\/uploads\/2026\/01\/WhatsApp-Image-2026-01-28-at-17.18.16-1135x1536.jpeg",1135,1536,true],"2048x2048":["https:\/\/ellotv.com.br\/site\/wp-content\/uploads\/2026\/01\/WhatsApp-Image-2026-01-28-at-17.18.16.jpeg",1182,1600,false],"darknews-slider-full":["https:\/\/ellotv.com.br\/site\/wp-content\/uploads\/2026\/01\/WhatsApp-Image-2026-01-28-at-17.18.16-1182x720.jpeg",1182,720,true],"darknews-featured":["https:\/\/ellotv.com.br\/site\/wp-content\/uploads\/2026\/01\/WhatsApp-Image-2026-01-28-at-17.18.16-1024x1386.jpeg",1024,1386,true],"darknews-medium":["https:\/\/ellotv.com.br\/site\/wp-content\/uploads\/2026\/01\/WhatsApp-Image-2026-01-28-at-17.18.16-720x530.jpeg",720,530,true],"darknews-medium-square":["https:\/\/ellotv.com.br\/site\/wp-content\/uploads\/2026\/01\/WhatsApp-Image-2026-01-28-at-17.18.16-350x350.jpeg",350,350,true]},"author_info":{"info":["ELLO TV"]},"category_info":"<a href=\"https:\/\/ellotv.com.br\/site\/category\/noticias\/\" rel=\"category tag\">Noticias<\/a> <a href=\"https:\/\/ellotv.com.br\/site\/category\/regional\/\" rel=\"category tag\">Regional<\/a>","tag_info":"Regional","comment_count":"0","_links":{"self":[{"href":"https:\/\/ellotv.com.br\/site\/wp-json\/wp\/v2\/posts\/4690","targetHints":{"allow":["GET"]}}],"collection":[{"href":"https:\/\/ellotv.com.br\/site\/wp-json\/wp\/v2\/posts"}],"about":[{"href":"https:\/\/ellotv.com.br\/site\/wp-json\/wp\/v2\/types\/post"}],"author":[{"embeddable":true,"href":"https:\/\/ellotv.com.br\/site\/wp-json\/wp\/v2\/users\/2"}],"replies":[{"embeddable":true,"href":"https:\/\/ellotv.com.br\/site\/wp-json\/wp\/v2\/comments?post=4690"}],"version-history":[{"count":1,"href":"https:\/\/ellotv.com.br\/site\/wp-json\/wp\/v2\/posts\/4690\/revisions"}],"predecessor-version":[{"id":4692,"href":"https:\/\/ellotv.com.br\/site\/wp-json\/wp\/v2\/posts\/4690\/revisions\/4692"}],"wp:featuredmedia":[{"embeddable":true,"href":"https:\/\/ellotv.com.br\/site\/wp-json\/wp\/v2\/media\/4691"}],"wp:attachment":[{"href":"https:\/\/ellotv.com.br\/site\/wp-json\/wp\/v2\/media?parent=4690"}],"wp:term":[{"taxonomy":"category","embeddable":true,"href":"https:\/\/ellotv.com.br\/site\/wp-json\/wp\/v2\/categories?post=4690"},{"taxonomy":"post_tag","embeddable":true,"href":"https:\/\/ellotv.com.br\/site\/wp-json\/wp\/v2\/tags?post=4690"}],"curies":[{"name":"wp","href":"https:\/\/api.w.org\/{rel}","templated":true}]}}