{"id":4694,"date":"2026-01-29T08:41:31","date_gmt":"2026-01-29T11:41:31","guid":{"rendered":"https:\/\/ellotv.com.br\/site\/?p=4694"},"modified":"2026-01-29T08:41:31","modified_gmt":"2026-01-29T11:41:31","slug":"programa-maes-de-pernambuco-abre-novo-ciclo-de-confirmacoes-com-quase-2-mil-vagas","status":"publish","type":"post","link":"https:\/\/ellotv.com.br\/site\/2026\/01\/29\/programa-maes-de-pernambuco-abre-novo-ciclo-de-confirmacoes-com-quase-2-mil-vagas\/","title":{"rendered":"Programa M\u00e3es de Pernambuco abre novo ciclo de confirma\u00e7\u00f5es com quase 2 mil vagas"},"content":{"rendered":"<p>O Governo de Pernambuco abriu um novo ciclo de confirma\u00e7\u00f5es do Programa M\u00e3es de Pernambuco, voltado para mulheres em situa\u00e7\u00e3o de vulnerabilidade social. Nesta etapa, est\u00e3o sendo ofertadas 1.917 vagas para gestantes, m\u00e3es ou respons\u00e1veis por crian\u00e7as de at\u00e9 6 anos, que atendam aos crit\u00e9rios do programa.<\/p>\n<p>O per\u00edodo de confirma\u00e7\u00e3o segue at\u00e9 o dia 24 de fevereiro, ou enquanto houver vagas dispon\u00edveis, e deve ser realizado exclusivamente pelo site oficial do programa.<\/p>\n<p><strong>Como fazer a confirma\u00e7\u00e3o<\/strong><\/p>\n<p>Para confirmar a participa\u00e7\u00e3o, a interessada deve acessar o site do programa e informar o N\u00famero de Identifica\u00e7\u00e3o Social (NIS) e a data de nascimento. De acordo com o governo, o retorno sobre a elegibilidade ocorre de forma imediata.<\/p>\n<p>As mulheres confirmadas nesta etapa receber\u00e3o um benef\u00edcio mensal de R$ 300, com dep\u00f3sito previsto para o dia 9 de mar\u00e7o, diretamente na mesma conta utilizada para o recebimento do Bolsa Fam\u00edlia.<\/p>\n<p><strong>Quem pode participar<\/strong><\/p>\n<p><strong>Para participar do Programa M\u00e3es de Pernambuco, \u00e9 necess\u00e1rio atender simultaneamente aos seguintes crit\u00e9rios:<\/strong><br \/>\n\u2022 Residir no estado de Pernambuco;<br \/>\n\u2022 Possuir cadastro atualizado no Bolsa Fam\u00edlia;<br \/>\n\u2022 Ser respons\u00e1vel familiar;<br \/>\n\u2022 Estar gestante ou ser m\u00e3e ou respons\u00e1vel por crian\u00e7a de at\u00e9 6 anos;<br \/>\n\u2022 N\u00e3o possuir emprego ou renda formal.<\/p>\n<p><strong>D\u00favidas e orienta\u00e7\u00f5es<\/strong><\/p>\n<p>As benefici\u00e1rias podem buscar esclarecimentos no CRAS de refer\u00eancia do seu munic\u00edpio ou junto \u00e0 Ouvidoria Social da Secretaria de Assist\u00eancia Social (SAS), por meio do e-mail ou-vidoria@sas.pe.gov.br ou pelo telefone 0800 081 4421, com atendimento das 7h \u00e0s 17h.<\/p>\n<p><strong>Balan\u00e7o do programa<\/strong><\/p>\n<p>Desde o seu lan\u00e7amento, em mar\u00e7o de 2024, o Programa M\u00e3es de Pernambuco j\u00e1 beneficiou mais de 139 mil mulheres em todo o estado. At\u00e9 26 de janeiro de 2026, a iniciativa j\u00e1 destinou R$ 597,6 milh\u00f5es em benef\u00edcios diretos, fortalecendo a rede de prote\u00e7\u00e3o social e o cuidado com m\u00e3es e crian\u00e7as pernambucanas.<\/p>\n","protected":false},"excerpt":{"rendered":"<p>O Governo de Pernambuco abriu um novo ciclo de confirma\u00e7\u00f5es do Programa M\u00e3es de Pernambuco, voltado para mulheres<\/p>\n","protected":false},"author":2,"featured_media":4695,"comment_status":"open","ping_status":"open","sticky":false,"template":"","format":"standard","meta":{"footnotes":""},"categories":[12,9],"tags":[],"class_list":["post-4694","post","type-post","status-publish","format-standard","has-post-thumbnail","hentry","category-noticias","category-regional"],"yoast_head":"<!-- This site is optimized with the Yoast SEO plugin v28.3 - https:\/\/yoast.com\/product\/yoast-seo-wordpress\/ -->\n<title>Programa M\u00e3es de Pernambuco abre novo ciclo de confirma\u00e7\u00f5es com quase 2 mil vagas - Ello TV<\/title>\n<meta name=\"description\" content=\"Programa M\u00e3es de Pernambuco abre 1.917 vagas para gestantes e m\u00e3es em situa\u00e7\u00e3o de vulnerabilidade; benef\u00edcio \u00e9 de R$ 300 mensais e confirma\u00e7\u00e3o segue at\u00e9 24 de fevereiro.\" \/>\n<meta name=\"robots\" content=\"index, follow, max-snippet:-1, max-image-preview:large, max-video-preview:-1\" \/>\n<link rel=\"canonical\" href=\"https:\/\/ellotv.com.br\/site\/2026\/01\/29\/programa-maes-de-pernambuco-abre-novo-ciclo-de-confirmacoes-com-quase-2-mil-vagas\/\" \/>\n<meta property=\"og:locale\" content=\"pt_BR\" \/>\n<meta property=\"og:type\" content=\"article\" \/>\n<meta property=\"og:title\" content=\"Programa M\u00e3es de Pernambuco abre novo ciclo de confirma\u00e7\u00f5es com quase 2 mil vagas - Ello TV\" \/>\n<meta property=\"og:description\" content=\"Programa M\u00e3es de Pernambuco abre 1.917 vagas para gestantes e m\u00e3es em situa\u00e7\u00e3o de vulnerabilidade; benef\u00edcio \u00e9 de R$ 300 mensais e confirma\u00e7\u00e3o segue at\u00e9 24 de fevereiro.\" \/>\n<meta property=\"og:url\" content=\"https:\/\/ellotv.com.br\/site\/2026\/01\/29\/programa-maes-de-pernambuco-abre-novo-ciclo-de-confirmacoes-com-quase-2-mil-vagas\/\" \/>\n<meta property=\"og:site_name\" content=\"Ello TV\" \/>\n<meta property=\"article:published_time\" content=\"2026-01-29T11:41:31+00:00\" \/>\n<meta property=\"og:image\" content=\"https:\/\/ellotv.com.br\/site\/wp-content\/uploads\/2026\/01\/WhatsApp-Image-2026-01-28-at-18.35.32.jpeg\" \/>\n\t<meta property=\"og:image:width\" content=\"1600\" \/>\n\t<meta property=\"og:image:height\" content=\"1200\" \/>\n\t<meta property=\"og:image:type\" content=\"image\/jpeg\" \/>\n<meta name=\"author\" content=\"ELLO TV\" \/>\n<meta name=\"twitter:card\" content=\"summary_large_image\" \/>\n<meta name=\"twitter:label1\" content=\"Escrito por\" \/>\n\t<meta name=\"twitter:data1\" content=\"ELLO TV\" \/>\n\t<meta name=\"twitter:label2\" content=\"Est. tempo de leitura\" \/>\n\t<meta name=\"twitter:data2\" content=\"2 minutos\" \/>\n<script type=\"application\/ld+json\" class=\"yoast-schema-graph\">{\"@context\":\"https:\\\/\\\/schema.org\",\"@graph\":[{\"@type\":\"Article\",\"@id\":\"https:\\\/\\\/ellotv.com.br\\\/site\\\/2026\\\/01\\\/29\\\/programa-maes-de-pernambuco-abre-novo-ciclo-de-confirmacoes-com-quase-2-mil-vagas\\\/#article\",\"isPartOf\":{\"@id\":\"https:\\\/\\\/ellotv.com.br\\\/site\\\/2026\\\/01\\\/29\\\/programa-maes-de-pernambuco-abre-novo-ciclo-de-confirmacoes-com-quase-2-mil-vagas\\\/\"},\"author\":{\"name\":\"ELLO TV\",\"@id\":\"https:\\\/\\\/ellotv.com.br\\\/site\\\/#\\\/schema\\\/person\\\/2dbe3abaee38dcc7332fc8205cd2b15d\"},\"headline\":\"Programa M\u00e3es de Pernambuco abre novo ciclo de confirma\u00e7\u00f5es com quase 2 mil vagas\",\"datePublished\":\"2026-01-29T11:41:31+00:00\",\"mainEntityOfPage\":{\"@id\":\"https:\\\/\\\/ellotv.com.br\\\/site\\\/2026\\\/01\\\/29\\\/programa-maes-de-pernambuco-abre-novo-ciclo-de-confirmacoes-com-quase-2-mil-vagas\\\/\"},\"wordCount\":345,\"commentCount\":0,\"publisher\":{\"@id\":\"https:\\\/\\\/ellotv.com.br\\\/site\\\/#organization\"},\"image\":{\"@id\":\"https:\\\/\\\/ellotv.com.br\\\/site\\\/2026\\\/01\\\/29\\\/programa-maes-de-pernambuco-abre-novo-ciclo-de-confirmacoes-com-quase-2-mil-vagas\\\/#primaryimage\"},\"thumbnailUrl\":\"https:\\\/\\\/ellotv.com.br\\\/site\\\/wp-content\\\/uploads\\\/2026\\\/01\\\/WhatsApp-Image-2026-01-28-at-18.35.32.jpeg\",\"articleSection\":[\"Noticias\",\"Regional\"],\"inLanguage\":\"pt-BR\",\"potentialAction\":[{\"@type\":\"CommentAction\",\"name\":\"Comment\",\"target\":[\"https:\\\/\\\/ellotv.com.br\\\/site\\\/2026\\\/01\\\/29\\\/programa-maes-de-pernambuco-abre-novo-ciclo-de-confirmacoes-com-quase-2-mil-vagas\\\/#respond\"]}]},{\"@type\":\"WebPage\",\"@id\":\"https:\\\/\\\/ellotv.com.br\\\/site\\\/2026\\\/01\\\/29\\\/programa-maes-de-pernambuco-abre-novo-ciclo-de-confirmacoes-com-quase-2-mil-vagas\\\/\",\"url\":\"https:\\\/\\\/ellotv.com.br\\\/site\\\/2026\\\/01\\\/29\\\/programa-maes-de-pernambuco-abre-novo-ciclo-de-confirmacoes-com-quase-2-mil-vagas\\\/\",\"name\":\"Programa M\u00e3es de Pernambuco abre novo ciclo de confirma\u00e7\u00f5es com quase 2 mil vagas - Ello TV\",\"isPartOf\":{\"@id\":\"https:\\\/\\\/ellotv.com.br\\\/site\\\/#website\"},\"primaryImageOfPage\":{\"@id\":\"https:\\\/\\\/ellotv.com.br\\\/site\\\/2026\\\/01\\\/29\\\/programa-maes-de-pernambuco-abre-novo-ciclo-de-confirmacoes-com-quase-2-mil-vagas\\\/#primaryimage\"},\"image\":{\"@id\":\"https:\\\/\\\/ellotv.com.br\\\/site\\\/2026\\\/01\\\/29\\\/programa-maes-de-pernambuco-abre-novo-ciclo-de-confirmacoes-com-quase-2-mil-vagas\\\/#primaryimage\"},\"thumbnailUrl\":\"https:\\\/\\\/ellotv.com.br\\\/site\\\/wp-content\\\/uploads\\\/2026\\\/01\\\/WhatsApp-Image-2026-01-28-at-18.35.32.jpeg\",\"datePublished\":\"2026-01-29T11:41:31+00:00\",\"description\":\"Programa M\u00e3es de Pernambuco abre 1.917 vagas para gestantes e m\u00e3es em situa\u00e7\u00e3o de vulnerabilidade; benef\u00edcio \u00e9 de R$ 300 mensais e confirma\u00e7\u00e3o segue at\u00e9 24 de fevereiro.\",\"breadcrumb\":{\"@id\":\"https:\\\/\\\/ellotv.com.br\\\/site\\\/2026\\\/01\\\/29\\\/programa-maes-de-pernambuco-abre-novo-ciclo-de-confirmacoes-com-quase-2-mil-vagas\\\/#breadcrumb\"},\"inLanguage\":\"pt-BR\",\"potentialAction\":[{\"@type\":\"ReadAction\",\"target\":[\"https:\\\/\\\/ellotv.com.br\\\/site\\\/2026\\\/01\\\/29\\\/programa-maes-de-pernambuco-abre-novo-ciclo-de-confirmacoes-com-quase-2-mil-vagas\\\/\"]}]},{\"@type\":\"ImageObject\",\"inLanguage\":\"pt-BR\",\"@id\":\"https:\\\/\\\/ellotv.com.br\\\/site\\\/2026\\\/01\\\/29\\\/programa-maes-de-pernambuco-abre-novo-ciclo-de-confirmacoes-com-quase-2-mil-vagas\\\/#primaryimage\",\"url\":\"https:\\\/\\\/ellotv.com.br\\\/site\\\/wp-content\\\/uploads\\\/2026\\\/01\\\/WhatsApp-Image-2026-01-28-at-18.35.32.jpeg\",\"contentUrl\":\"https:\\\/\\\/ellotv.com.br\\\/site\\\/wp-content\\\/uploads\\\/2026\\\/01\\\/WhatsApp-Image-2026-01-28-at-18.35.32.jpeg\",\"width\":1600,\"height\":1200},{\"@type\":\"BreadcrumbList\",\"@id\":\"https:\\\/\\\/ellotv.com.br\\\/site\\\/2026\\\/01\\\/29\\\/programa-maes-de-pernambuco-abre-novo-ciclo-de-confirmacoes-com-quase-2-mil-vagas\\\/#breadcrumb\",\"itemListElement\":[{\"@type\":\"ListItem\",\"position\":1,\"name\":\"In\u00edcio\",\"item\":\"https:\\\/\\\/ellotv.com.br\\\/site\\\/\"},{\"@type\":\"ListItem\",\"position\":2,\"name\":\"Programa M\u00e3es de Pernambuco abre novo ciclo de confirma\u00e7\u00f5es com quase 2 mil vagas\"}]},{\"@type\":\"WebSite\",\"@id\":\"https:\\\/\\\/ellotv.com.br\\\/site\\\/#website\",\"url\":\"https:\\\/\\\/ellotv.com.br\\\/site\\\/\",\"name\":\"ELLO TV\",\"description\":\"\",\"publisher\":{\"@id\":\"https:\\\/\\\/ellotv.com.br\\\/site\\\/#organization\"},\"potentialAction\":[{\"@type\":\"SearchAction\",\"target\":{\"@type\":\"EntryPoint\",\"urlTemplate\":\"https:\\\/\\\/ellotv.com.br\\\/site\\\/?s={search_term_string}\"},\"query-input\":{\"@type\":\"PropertyValueSpecification\",\"valueRequired\":true,\"valueName\":\"search_term_string\"}}],\"inLanguage\":\"pt-BR\"},{\"@type\":\"Organization\",\"@id\":\"https:\\\/\\\/ellotv.com.br\\\/site\\\/#organization\",\"name\":\"ELLO TV\",\"url\":\"https:\\\/\\\/ellotv.com.br\\\/site\\\/\",\"logo\":{\"@type\":\"ImageObject\",\"inLanguage\":\"pt-BR\",\"@id\":\"https:\\\/\\\/ellotv.com.br\\\/site\\\/#\\\/schema\\\/logo\\\/image\\\/\",\"url\":\"https:\\\/\\\/ellotv.com.br\\\/site\\\/wp-content\\\/uploads\\\/2025\\\/11\\\/ello-logo-2.fw_.png\",\"contentUrl\":\"https:\\\/\\\/ellotv.com.br\\\/site\\\/wp-content\\\/uploads\\\/2025\\\/11\\\/ello-logo-2.fw_.png\",\"width\":400,\"height\":146,\"caption\":\"ELLO TV\"},\"image\":{\"@id\":\"https:\\\/\\\/ellotv.com.br\\\/site\\\/#\\\/schema\\\/logo\\\/image\\\/\"}},{\"@type\":\"Person\",\"@id\":\"https:\\\/\\\/ellotv.com.br\\\/site\\\/#\\\/schema\\\/person\\\/2dbe3abaee38dcc7332fc8205cd2b15d\",\"name\":\"ELLO TV\",\"image\":{\"@type\":\"ImageObject\",\"inLanguage\":\"pt-BR\",\"@id\":\"https:\\\/\\\/secure.gravatar.com\\\/avatar\\\/c38242b9da8ec217ac3f0aaee31a54f7d7befb11b2b47fdbc8fb0fad60afa1c6?s=96&d=mm&r=g\",\"url\":\"https:\\\/\\\/secure.gravatar.com\\\/avatar\\\/c38242b9da8ec217ac3f0aaee31a54f7d7befb11b2b47fdbc8fb0fad60afa1c6?s=96&d=mm&r=g\",\"contentUrl\":\"https:\\\/\\\/secure.gravatar.com\\\/avatar\\\/c38242b9da8ec217ac3f0aaee31a54f7d7befb11b2b47fdbc8fb0fad60afa1c6?s=96&d=mm&r=g\",\"caption\":\"ELLO TV\"},\"url\":\"https:\\\/\\\/ellotv.com.br\\\/site\\\/author\\\/elloagencia\\\/\"}]}<\/script>\n<!-- \/ Yoast SEO plugin. -->","yoast_head_json":{"title":"Programa M\u00e3es de Pernambuco abre novo ciclo de confirma\u00e7\u00f5es com quase 2 mil vagas - Ello TV","description":"Programa M\u00e3es de Pernambuco abre 1.917 vagas para gestantes e m\u00e3es em situa\u00e7\u00e3o de vulnerabilidade; benef\u00edcio \u00e9 de R$ 300 mensais e confirma\u00e7\u00e3o segue at\u00e9 24 de fevereiro.","robots":{"index":"index","follow":"follow","max-snippet":"max-snippet:-1","max-image-preview":"max-image-preview:large","max-video-preview":"max-video-preview:-1"},"canonical":"https:\/\/ellotv.com.br\/site\/2026\/01\/29\/programa-maes-de-pernambuco-abre-novo-ciclo-de-confirmacoes-com-quase-2-mil-vagas\/","og_locale":"pt_BR","og_type":"article","og_title":"Programa M\u00e3es de Pernambuco abre novo ciclo de confirma\u00e7\u00f5es com quase 2 mil vagas - Ello TV","og_description":"Programa M\u00e3es de Pernambuco abre 1.917 vagas para gestantes e m\u00e3es em situa\u00e7\u00e3o de vulnerabilidade; benef\u00edcio \u00e9 de R$ 300 mensais e confirma\u00e7\u00e3o segue at\u00e9 24 de fevereiro.","og_url":"https:\/\/ellotv.com.br\/site\/2026\/01\/29\/programa-maes-de-pernambuco-abre-novo-ciclo-de-confirmacoes-com-quase-2-mil-vagas\/","og_site_name":"Ello TV","article_published_time":"2026-01-29T11:41:31+00:00","og_image":[{"width":1600,"height":1200,"url":"https:\/\/ellotv.com.br\/site\/wp-content\/uploads\/2026\/01\/WhatsApp-Image-2026-01-28-at-18.35.32.jpeg","type":"image\/jpeg"}],"author":"ELLO TV","twitter_card":"summary_large_image","twitter_misc":{"Escrito por":"ELLO TV","Est. tempo de leitura":"2 minutos"},"schema":{"@context":"https:\/\/schema.org","@graph":[{"@type":"Article","@id":"https:\/\/ellotv.com.br\/site\/2026\/01\/29\/programa-maes-de-pernambuco-abre-novo-ciclo-de-confirmacoes-com-quase-2-mil-vagas\/#article","isPartOf":{"@id":"https:\/\/ellotv.com.br\/site\/2026\/01\/29\/programa-maes-de-pernambuco-abre-novo-ciclo-de-confirmacoes-com-quase-2-mil-vagas\/"},"author":{"name":"ELLO TV","@id":"https:\/\/ellotv.com.br\/site\/#\/schema\/person\/2dbe3abaee38dcc7332fc8205cd2b15d"},"headline":"Programa M\u00e3es de Pernambuco abre novo ciclo de confirma\u00e7\u00f5es com quase 2 mil vagas","datePublished":"2026-01-29T11:41:31+00:00","mainEntityOfPage":{"@id":"https:\/\/ellotv.com.br\/site\/2026\/01\/29\/programa-maes-de-pernambuco-abre-novo-ciclo-de-confirmacoes-com-quase-2-mil-vagas\/"},"wordCount":345,"commentCount":0,"publisher":{"@id":"https:\/\/ellotv.com.br\/site\/#organization"},"image":{"@id":"https:\/\/ellotv.com.br\/site\/2026\/01\/29\/programa-maes-de-pernambuco-abre-novo-ciclo-de-confirmacoes-com-quase-2-mil-vagas\/#primaryimage"},"thumbnailUrl":"https:\/\/ellotv.com.br\/site\/wp-content\/uploads\/2026\/01\/WhatsApp-Image-2026-01-28-at-18.35.32.jpeg","articleSection":["Noticias","Regional"],"inLanguage":"pt-BR","potentialAction":[{"@type":"CommentAction","name":"Comment","target":["https:\/\/ellotv.com.br\/site\/2026\/01\/29\/programa-maes-de-pernambuco-abre-novo-ciclo-de-confirmacoes-com-quase-2-mil-vagas\/#respond"]}]},{"@type":"WebPage","@id":"https:\/\/ellotv.com.br\/site\/2026\/01\/29\/programa-maes-de-pernambuco-abre-novo-ciclo-de-confirmacoes-com-quase-2-mil-vagas\/","url":"https:\/\/ellotv.com.br\/site\/2026\/01\/29\/programa-maes-de-pernambuco-abre-novo-ciclo-de-confirmacoes-com-quase-2-mil-vagas\/","name":"Programa M\u00e3es de Pernambuco abre novo ciclo de confirma\u00e7\u00f5es com quase 2 mil vagas - Ello TV","isPartOf":{"@id":"https:\/\/ellotv.com.br\/site\/#website"},"primaryImageOfPage":{"@id":"https:\/\/ellotv.com.br\/site\/2026\/01\/29\/programa-maes-de-pernambuco-abre-novo-ciclo-de-confirmacoes-com-quase-2-mil-vagas\/#primaryimage"},"image":{"@id":"https:\/\/ellotv.com.br\/site\/2026\/01\/29\/programa-maes-de-pernambuco-abre-novo-ciclo-de-confirmacoes-com-quase-2-mil-vagas\/#primaryimage"},"thumbnailUrl":"https:\/\/ellotv.com.br\/site\/wp-content\/uploads\/2026\/01\/WhatsApp-Image-2026-01-28-at-18.35.32.jpeg","datePublished":"2026-01-29T11:41:31+00:00","description":"Programa M\u00e3es de Pernambuco abre 1.917 vagas para gestantes e m\u00e3es em situa\u00e7\u00e3o de vulnerabilidade; benef\u00edcio \u00e9 de R$ 300 mensais e confirma\u00e7\u00e3o segue at\u00e9 24 de fevereiro.","breadcrumb":{"@id":"https:\/\/ellotv.com.br\/site\/2026\/01\/29\/programa-maes-de-pernambuco-abre-novo-ciclo-de-confirmacoes-com-quase-2-mil-vagas\/#breadcrumb"},"inLanguage":"pt-BR","potentialAction":[{"@type":"ReadAction","target":["https:\/\/ellotv.com.br\/site\/2026\/01\/29\/programa-maes-de-pernambuco-abre-novo-ciclo-de-confirmacoes-com-quase-2-mil-vagas\/"]}]},{"@type":"ImageObject","inLanguage":"pt-BR","@id":"https:\/\/ellotv.com.br\/site\/2026\/01\/29\/programa-maes-de-pernambuco-abre-novo-ciclo-de-confirmacoes-com-quase-2-mil-vagas\/#primaryimage","url":"https:\/\/ellotv.com.br\/site\/wp-content\/uploads\/2026\/01\/WhatsApp-Image-2026-01-28-at-18.35.32.jpeg","contentUrl":"https:\/\/ellotv.com.br\/site\/wp-content\/uploads\/2026\/01\/WhatsApp-Image-2026-01-28-at-18.35.32.jpeg","width":1600,"height":1200},{"@type":"BreadcrumbList","@id":"https:\/\/ellotv.com.br\/site\/2026\/01\/29\/programa-maes-de-pernambuco-abre-novo-ciclo-de-confirmacoes-com-quase-2-mil-vagas\/#breadcrumb","itemListElement":[{"@type":"ListItem","position":1,"name":"In\u00edcio","item":"https:\/\/ellotv.com.br\/site\/"},{"@type":"ListItem","position":2,"name":"Programa M\u00e3es de Pernambuco abre novo ciclo de confirma\u00e7\u00f5es com quase 2 mil vagas"}]},{"@type":"WebSite","@id":"https:\/\/ellotv.com.br\/site\/#website","url":"https:\/\/ellotv.com.br\/site\/","name":"ELLO TV","description":"","publisher":{"@id":"https:\/\/ellotv.com.br\/site\/#organization"},"potentialAction":[{"@type":"SearchAction","target":{"@type":"EntryPoint","urlTemplate":"https:\/\/ellotv.com.br\/site\/?s={search_term_string}"},"query-input":{"@type":"PropertyValueSpecification","valueRequired":true,"valueName":"search_term_string"}}],"inLanguage":"pt-BR"},{"@type":"Organization","@id":"https:\/\/ellotv.com.br\/site\/#organization","name":"ELLO TV","url":"https:\/\/ellotv.com.br\/site\/","logo":{"@type":"ImageObject","inLanguage":"pt-BR","@id":"https:\/\/ellotv.com.br\/site\/#\/schema\/logo\/image\/","url":"https:\/\/ellotv.com.br\/site\/wp-content\/uploads\/2025\/11\/ello-logo-2.fw_.png","contentUrl":"https:\/\/ellotv.com.br\/site\/wp-content\/uploads\/2025\/11\/ello-logo-2.fw_.png","width":400,"height":146,"caption":"ELLO TV"},"image":{"@id":"https:\/\/ellotv.com.br\/site\/#\/schema\/logo\/image\/"}},{"@type":"Person","@id":"https:\/\/ellotv.com.br\/site\/#\/schema\/person\/2dbe3abaee38dcc7332fc8205cd2b15d","name":"ELLO TV","image":{"@type":"ImageObject","inLanguage":"pt-BR","@id":"https:\/\/secure.gravatar.com\/avatar\/c38242b9da8ec217ac3f0aaee31a54f7d7befb11b2b47fdbc8fb0fad60afa1c6?s=96&d=mm&r=g","url":"https:\/\/secure.gravatar.com\/avatar\/c38242b9da8ec217ac3f0aaee31a54f7d7befb11b2b47fdbc8fb0fad60afa1c6?s=96&d=mm&r=g","contentUrl":"https:\/\/secure.gravatar.com\/avatar\/c38242b9da8ec217ac3f0aaee31a54f7d7befb11b2b47fdbc8fb0fad60afa1c6?s=96&d=mm&r=g","caption":"ELLO TV"},"url":"https:\/\/ellotv.com.br\/site\/author\/elloagencia\/"}]}},"featured_image_urls":{"full":["https:\/\/ellotv.com.br\/site\/wp-content\/uploads\/2026\/01\/WhatsApp-Image-2026-01-28-at-18.35.32.jpeg",1600,1200,false],"thumbnail":["https:\/\/ellotv.com.br\/site\/wp-content\/uploads\/2026\/01\/WhatsApp-Image-2026-01-28-at-18.35.32-150x150.jpeg",150,150,true],"medium":["https:\/\/ellotv.com.br\/site\/wp-content\/uploads\/2026\/01\/WhatsApp-Image-2026-01-28-at-18.35.32-300x225.jpeg",300,225,true],"medium_large":["https:\/\/ellotv.com.br\/site\/wp-content\/uploads\/2026\/01\/WhatsApp-Image-2026-01-28-at-18.35.32-768x576.jpeg",640,480,true],"large":["https:\/\/ellotv.com.br\/site\/wp-content\/uploads\/2026\/01\/WhatsApp-Image-2026-01-28-at-18.35.32-1024x768.jpeg",640,480,true],"1536x1536":["https:\/\/ellotv.com.br\/site\/wp-content\/uploads\/2026\/01\/WhatsApp-Image-2026-01-28-at-18.35.32-1536x1152.jpeg",1536,1152,true],"2048x2048":["https:\/\/ellotv.com.br\/site\/wp-content\/uploads\/2026\/01\/WhatsApp-Image-2026-01-28-at-18.35.32.jpeg",1600,1200,false],"darknews-slider-full":["https:\/\/ellotv.com.br\/site\/wp-content\/uploads\/2026\/01\/WhatsApp-Image-2026-01-28-at-18.35.32-1280x720.jpeg",1280,720,true],"darknews-featured":["https:\/\/ellotv.com.br\/site\/wp-content\/uploads\/2026\/01\/WhatsApp-Image-2026-01-28-at-18.35.32-1024x768.jpeg",1024,768,true],"darknews-medium":["https:\/\/ellotv.com.br\/site\/wp-content\/uploads\/2026\/01\/WhatsApp-Image-2026-01-28-at-18.35.32-720x530.jpeg",720,530,true],"darknews-medium-square":["https:\/\/ellotv.com.br\/site\/wp-content\/uploads\/2026\/01\/WhatsApp-Image-2026-01-28-at-18.35.32-350x350.jpeg",350,350,true]},"author_info":{"info":["ELLO TV"]},"category_info":"<a href=\"https:\/\/ellotv.com.br\/site\/category\/noticias\/\" rel=\"category tag\">Noticias<\/a> <a href=\"https:\/\/ellotv.com.br\/site\/category\/regional\/\" rel=\"category tag\">Regional<\/a>","tag_info":"Regional","comment_count":"0","_links":{"self":[{"href":"https:\/\/ellotv.com.br\/site\/wp-json\/wp\/v2\/posts\/4694","targetHints":{"allow":["GET"]}}],"collection":[{"href":"https:\/\/ellotv.com.br\/site\/wp-json\/wp\/v2\/posts"}],"about":[{"href":"https:\/\/ellotv.com.br\/site\/wp-json\/wp\/v2\/types\/post"}],"author":[{"embeddable":true,"href":"https:\/\/ellotv.com.br\/site\/wp-json\/wp\/v2\/users\/2"}],"replies":[{"embeddable":true,"href":"https:\/\/ellotv.com.br\/site\/wp-json\/wp\/v2\/comments?post=4694"}],"version-history":[{"count":1,"href":"https:\/\/ellotv.com.br\/site\/wp-json\/wp\/v2\/posts\/4694\/revisions"}],"predecessor-version":[{"id":4696,"href":"https:\/\/ellotv.com.br\/site\/wp-json\/wp\/v2\/posts\/4694\/revisions\/4696"}],"wp:featuredmedia":[{"embeddable":true,"href":"https:\/\/ellotv.com.br\/site\/wp-json\/wp\/v2\/media\/4695"}],"wp:attachment":[{"href":"https:\/\/ellotv.com.br\/site\/wp-json\/wp\/v2\/media?parent=4694"}],"wp:term":[{"taxonomy":"category","embeddable":true,"href":"https:\/\/ellotv.com.br\/site\/wp-json\/wp\/v2\/categories?post=4694"},{"taxonomy":"post_tag","embeddable":true,"href":"https:\/\/ellotv.com.br\/site\/wp-json\/wp\/v2\/tags?post=4694"}],"curies":[{"name":"wp","href":"https:\/\/api.w.org\/{rel}","templated":true}]}}