{"id":4700,"date":"2026-01-29T08:47:58","date_gmt":"2026-01-29T11:47:58","guid":{"rendered":"https:\/\/ellotv.com.br\/site\/?p=4700"},"modified":"2026-01-29T08:47:58","modified_gmt":"2026-01-29T11:47:58","slug":"homem-abastece-a-propria-casa-ha-uma-decada-usando-baterias-reaproveitadas-de-laptops","status":"publish","type":"post","link":"https:\/\/ellotv.com.br\/site\/2026\/01\/29\/homem-abastece-a-propria-casa-ha-uma-decada-usando-baterias-reaproveitadas-de-laptops\/","title":{"rendered":"Homem abastece a pr\u00f3pria casa h\u00e1 uma d\u00e9cada usando baterias reaproveitadas de laptops"},"content":{"rendered":"<p>O que come\u00e7ou como curiosidade tecnol\u00f3gica virou um projeto de autossufici\u00eancia energ\u00e9tica. Um homem conseguiu manter sua casa abastecida com eletricidade por cerca de 10 anos utilizando baterias reutilizadas de laptops descartados, transformando res\u00edduos eletr\u00f4nicos em uma solu\u00e7\u00e3o sustent\u00e1vel e de baixo custo.<\/p>\n<p>Segundo o relato, ele passou a colecionar baterias de notebooks considerados inutiliz\u00e1veis, muitas delas descartadas por empresas ou usu\u00e1rios ap\u00f3s perderem parte da capacidade original. Com o tempo, o acervo cresceu: hoje, ele afirma j\u00e1 ter mais de 650 baterias reaproveitadas em funcionamento.<\/p>\n<p><strong>Energia limpa a partir do descarte<\/strong><\/p>\n<p>As baterias s\u00e3o reaproveitadas ap\u00f3s testes individuais para verificar quais c\u00e9lulas ainda mant\u00eam carga suficiente. Em seguida, elas s\u00e3o organizadas em bancos de energia conectados a um sistema que armazena e distribui eletricidade para a resid\u00eancia.<\/p>\n<p>O sistema alimenta itens b\u00e1sicos do dia a dia, como ilumina\u00e7\u00e3o, computadores, eletrodom\u00e9sticos de baixo consumo e equipamentos eletr\u00f4nicos. Parte da energia utilizada tamb\u00e9m pode ser combinada com fontes renov\u00e1veis, como pain\u00e9is solares, aumentando a efici\u00eancia do conjunto.<\/p>\n<p><strong>Sustentabilidade e economia<\/strong><\/p>\n<p>Al\u00e9m de reduzir significativamente a conta de luz, o projeto chama aten\u00e7\u00e3o pelo impacto ambiental positivo. O reaproveitamento das baterias evita que res\u00edduos t\u00f3xicos sejam descartados de forma inadequada, um problema crescente diante do avan\u00e7o do consumo de eletr\u00f4nicos.<\/p>\n<p>A iniciativa demonstra que, com conhecimento t\u00e9cnico e criatividade, \u00e9 poss\u00edvel dar uma segunda vida a equipamentos considerados lixo eletr\u00f4nico, transformando-os em solu\u00e7\u00f5es reais para economia dom\u00e9stica e sustentabilidade energ\u00e9tica.<\/p>\n<p><strong>Inspira\u00e7\u00e3o para o futuro<\/strong><\/p>\n<p>Embora o projeto n\u00e3o seja simples de replicar sem conhecimento t\u00e9cnico, ele se tornou exemplo de como a tecnologia pode ser usada de forma consciente. A experi\u00eancia refor\u00e7a debates sobre reaproveitamento de materiais, transi\u00e7\u00e3o energ\u00e9tica e alternativas acess\u00edveis para reduzir impactos ambientais no dia a dia.<\/p>\n<p><strong>Fonte: Terra<\/strong><\/p>\n","protected":false},"excerpt":{"rendered":"<p>O que come\u00e7ou como curiosidade tecnol\u00f3gica virou um projeto de autossufici\u00eancia energ\u00e9tica. Um homem conseguiu manter sua casa<\/p>\n","protected":false},"author":2,"featured_media":4701,"comment_status":"open","ping_status":"open","sticky":false,"template":"","format":"standard","meta":{"footnotes":""},"categories":[10,12],"tags":[],"class_list":["post-4700","post","type-post","status-publish","format-standard","has-post-thumbnail","hentry","category-mundo","category-noticias"],"yoast_head":"<!-- This site is optimized with the Yoast SEO plugin v28.3 - https:\/\/yoast.com\/product\/yoast-seo-wordpress\/ -->\n<title>Homem abastece a pr\u00f3pria casa h\u00e1 uma d\u00e9cada usando baterias reaproveitadas de laptops - Ello TV<\/title>\n<meta name=\"description\" content=\"Projeto sustent\u00e1vel transforma baterias descartadas de notebooks em fonte de energia dom\u00e9stica, garantindo eletricidade por quase 10 anos e reduzindo custos e lixo eletr\u00f4nico.\" \/>\n<meta name=\"robots\" content=\"index, follow, max-snippet:-1, max-image-preview:large, max-video-preview:-1\" \/>\n<link rel=\"canonical\" href=\"https:\/\/ellotv.com.br\/site\/2026\/01\/29\/homem-abastece-a-propria-casa-ha-uma-decada-usando-baterias-reaproveitadas-de-laptops\/\" \/>\n<meta property=\"og:locale\" content=\"pt_BR\" \/>\n<meta property=\"og:type\" content=\"article\" \/>\n<meta property=\"og:title\" content=\"Homem abastece a pr\u00f3pria casa h\u00e1 uma d\u00e9cada usando baterias reaproveitadas de laptops - Ello TV\" \/>\n<meta property=\"og:description\" content=\"Projeto sustent\u00e1vel transforma baterias descartadas de notebooks em fonte de energia dom\u00e9stica, garantindo eletricidade por quase 10 anos e reduzindo custos e lixo eletr\u00f4nico.\" \/>\n<meta property=\"og:url\" content=\"https:\/\/ellotv.com.br\/site\/2026\/01\/29\/homem-abastece-a-propria-casa-ha-uma-decada-usando-baterias-reaproveitadas-de-laptops\/\" \/>\n<meta property=\"og:site_name\" content=\"Ello TV\" \/>\n<meta property=\"article:published_time\" content=\"2026-01-29T11:47:58+00:00\" \/>\n<meta property=\"og:image\" content=\"https:\/\/ellotv.com.br\/site\/wp-content\/uploads\/2026\/01\/WhatsApp-Image-2026-01-29-at-08.26.15.jpeg\" \/>\n\t<meta property=\"og:image:width\" content=\"1548\" \/>\n\t<meta property=\"og:image:height\" content=\"1162\" \/>\n\t<meta property=\"og:image:type\" content=\"image\/jpeg\" \/>\n<meta name=\"author\" content=\"ELLO TV\" \/>\n<meta name=\"twitter:card\" content=\"summary_large_image\" \/>\n<meta name=\"twitter:label1\" content=\"Escrito por\" \/>\n\t<meta name=\"twitter:data1\" content=\"ELLO TV\" \/>\n\t<meta name=\"twitter:label2\" content=\"Est. tempo de leitura\" \/>\n\t<meta name=\"twitter:data2\" content=\"2 minutos\" \/>\n<script type=\"application\/ld+json\" class=\"yoast-schema-graph\">{\"@context\":\"https:\\\/\\\/schema.org\",\"@graph\":[{\"@type\":\"Article\",\"@id\":\"https:\\\/\\\/ellotv.com.br\\\/site\\\/2026\\\/01\\\/29\\\/homem-abastece-a-propria-casa-ha-uma-decada-usando-baterias-reaproveitadas-de-laptops\\\/#article\",\"isPartOf\":{\"@id\":\"https:\\\/\\\/ellotv.com.br\\\/site\\\/2026\\\/01\\\/29\\\/homem-abastece-a-propria-casa-ha-uma-decada-usando-baterias-reaproveitadas-de-laptops\\\/\"},\"author\":{\"name\":\"ELLO TV\",\"@id\":\"https:\\\/\\\/ellotv.com.br\\\/site\\\/#\\\/schema\\\/person\\\/2dbe3abaee38dcc7332fc8205cd2b15d\"},\"headline\":\"Homem abastece a pr\u00f3pria casa h\u00e1 uma d\u00e9cada usando baterias reaproveitadas de laptops\",\"datePublished\":\"2026-01-29T11:47:58+00:00\",\"mainEntityOfPage\":{\"@id\":\"https:\\\/\\\/ellotv.com.br\\\/site\\\/2026\\\/01\\\/29\\\/homem-abastece-a-propria-casa-ha-uma-decada-usando-baterias-reaproveitadas-de-laptops\\\/\"},\"wordCount\":347,\"commentCount\":0,\"publisher\":{\"@id\":\"https:\\\/\\\/ellotv.com.br\\\/site\\\/#organization\"},\"image\":{\"@id\":\"https:\\\/\\\/ellotv.com.br\\\/site\\\/2026\\\/01\\\/29\\\/homem-abastece-a-propria-casa-ha-uma-decada-usando-baterias-reaproveitadas-de-laptops\\\/#primaryimage\"},\"thumbnailUrl\":\"https:\\\/\\\/ellotv.com.br\\\/site\\\/wp-content\\\/uploads\\\/2026\\\/01\\\/WhatsApp-Image-2026-01-29-at-08.26.15.jpeg\",\"articleSection\":[\"Mundo\",\"Noticias\"],\"inLanguage\":\"pt-BR\",\"potentialAction\":[{\"@type\":\"CommentAction\",\"name\":\"Comment\",\"target\":[\"https:\\\/\\\/ellotv.com.br\\\/site\\\/2026\\\/01\\\/29\\\/homem-abastece-a-propria-casa-ha-uma-decada-usando-baterias-reaproveitadas-de-laptops\\\/#respond\"]}]},{\"@type\":\"WebPage\",\"@id\":\"https:\\\/\\\/ellotv.com.br\\\/site\\\/2026\\\/01\\\/29\\\/homem-abastece-a-propria-casa-ha-uma-decada-usando-baterias-reaproveitadas-de-laptops\\\/\",\"url\":\"https:\\\/\\\/ellotv.com.br\\\/site\\\/2026\\\/01\\\/29\\\/homem-abastece-a-propria-casa-ha-uma-decada-usando-baterias-reaproveitadas-de-laptops\\\/\",\"name\":\"Homem abastece a pr\u00f3pria casa h\u00e1 uma d\u00e9cada usando baterias reaproveitadas de laptops - Ello TV\",\"isPartOf\":{\"@id\":\"https:\\\/\\\/ellotv.com.br\\\/site\\\/#website\"},\"primaryImageOfPage\":{\"@id\":\"https:\\\/\\\/ellotv.com.br\\\/site\\\/2026\\\/01\\\/29\\\/homem-abastece-a-propria-casa-ha-uma-decada-usando-baterias-reaproveitadas-de-laptops\\\/#primaryimage\"},\"image\":{\"@id\":\"https:\\\/\\\/ellotv.com.br\\\/site\\\/2026\\\/01\\\/29\\\/homem-abastece-a-propria-casa-ha-uma-decada-usando-baterias-reaproveitadas-de-laptops\\\/#primaryimage\"},\"thumbnailUrl\":\"https:\\\/\\\/ellotv.com.br\\\/site\\\/wp-content\\\/uploads\\\/2026\\\/01\\\/WhatsApp-Image-2026-01-29-at-08.26.15.jpeg\",\"datePublished\":\"2026-01-29T11:47:58+00:00\",\"description\":\"Projeto sustent\u00e1vel transforma baterias descartadas de notebooks em fonte de energia dom\u00e9stica, garantindo eletricidade por quase 10 anos e reduzindo custos e lixo eletr\u00f4nico.\",\"breadcrumb\":{\"@id\":\"https:\\\/\\\/ellotv.com.br\\\/site\\\/2026\\\/01\\\/29\\\/homem-abastece-a-propria-casa-ha-uma-decada-usando-baterias-reaproveitadas-de-laptops\\\/#breadcrumb\"},\"inLanguage\":\"pt-BR\",\"potentialAction\":[{\"@type\":\"ReadAction\",\"target\":[\"https:\\\/\\\/ellotv.com.br\\\/site\\\/2026\\\/01\\\/29\\\/homem-abastece-a-propria-casa-ha-uma-decada-usando-baterias-reaproveitadas-de-laptops\\\/\"]}]},{\"@type\":\"ImageObject\",\"inLanguage\":\"pt-BR\",\"@id\":\"https:\\\/\\\/ellotv.com.br\\\/site\\\/2026\\\/01\\\/29\\\/homem-abastece-a-propria-casa-ha-uma-decada-usando-baterias-reaproveitadas-de-laptops\\\/#primaryimage\",\"url\":\"https:\\\/\\\/ellotv.com.br\\\/site\\\/wp-content\\\/uploads\\\/2026\\\/01\\\/WhatsApp-Image-2026-01-29-at-08.26.15.jpeg\",\"contentUrl\":\"https:\\\/\\\/ellotv.com.br\\\/site\\\/wp-content\\\/uploads\\\/2026\\\/01\\\/WhatsApp-Image-2026-01-29-at-08.26.15.jpeg\",\"width\":1548,\"height\":1162},{\"@type\":\"BreadcrumbList\",\"@id\":\"https:\\\/\\\/ellotv.com.br\\\/site\\\/2026\\\/01\\\/29\\\/homem-abastece-a-propria-casa-ha-uma-decada-usando-baterias-reaproveitadas-de-laptops\\\/#breadcrumb\",\"itemListElement\":[{\"@type\":\"ListItem\",\"position\":1,\"name\":\"In\u00edcio\",\"item\":\"https:\\\/\\\/ellotv.com.br\\\/site\\\/\"},{\"@type\":\"ListItem\",\"position\":2,\"name\":\"Homem abastece a pr\u00f3pria casa h\u00e1 uma d\u00e9cada usando baterias reaproveitadas de laptops\"}]},{\"@type\":\"WebSite\",\"@id\":\"https:\\\/\\\/ellotv.com.br\\\/site\\\/#website\",\"url\":\"https:\\\/\\\/ellotv.com.br\\\/site\\\/\",\"name\":\"ELLO TV\",\"description\":\"\",\"publisher\":{\"@id\":\"https:\\\/\\\/ellotv.com.br\\\/site\\\/#organization\"},\"potentialAction\":[{\"@type\":\"SearchAction\",\"target\":{\"@type\":\"EntryPoint\",\"urlTemplate\":\"https:\\\/\\\/ellotv.com.br\\\/site\\\/?s={search_term_string}\"},\"query-input\":{\"@type\":\"PropertyValueSpecification\",\"valueRequired\":true,\"valueName\":\"search_term_string\"}}],\"inLanguage\":\"pt-BR\"},{\"@type\":\"Organization\",\"@id\":\"https:\\\/\\\/ellotv.com.br\\\/site\\\/#organization\",\"name\":\"ELLO TV\",\"url\":\"https:\\\/\\\/ellotv.com.br\\\/site\\\/\",\"logo\":{\"@type\":\"ImageObject\",\"inLanguage\":\"pt-BR\",\"@id\":\"https:\\\/\\\/ellotv.com.br\\\/site\\\/#\\\/schema\\\/logo\\\/image\\\/\",\"url\":\"https:\\\/\\\/ellotv.com.br\\\/site\\\/wp-content\\\/uploads\\\/2025\\\/11\\\/ello-logo-2.fw_.png\",\"contentUrl\":\"https:\\\/\\\/ellotv.com.br\\\/site\\\/wp-content\\\/uploads\\\/2025\\\/11\\\/ello-logo-2.fw_.png\",\"width\":400,\"height\":146,\"caption\":\"ELLO TV\"},\"image\":{\"@id\":\"https:\\\/\\\/ellotv.com.br\\\/site\\\/#\\\/schema\\\/logo\\\/image\\\/\"}},{\"@type\":\"Person\",\"@id\":\"https:\\\/\\\/ellotv.com.br\\\/site\\\/#\\\/schema\\\/person\\\/2dbe3abaee38dcc7332fc8205cd2b15d\",\"name\":\"ELLO TV\",\"image\":{\"@type\":\"ImageObject\",\"inLanguage\":\"pt-BR\",\"@id\":\"https:\\\/\\\/secure.gravatar.com\\\/avatar\\\/c38242b9da8ec217ac3f0aaee31a54f7d7befb11b2b47fdbc8fb0fad60afa1c6?s=96&d=mm&r=g\",\"url\":\"https:\\\/\\\/secure.gravatar.com\\\/avatar\\\/c38242b9da8ec217ac3f0aaee31a54f7d7befb11b2b47fdbc8fb0fad60afa1c6?s=96&d=mm&r=g\",\"contentUrl\":\"https:\\\/\\\/secure.gravatar.com\\\/avatar\\\/c38242b9da8ec217ac3f0aaee31a54f7d7befb11b2b47fdbc8fb0fad60afa1c6?s=96&d=mm&r=g\",\"caption\":\"ELLO TV\"},\"url\":\"https:\\\/\\\/ellotv.com.br\\\/site\\\/author\\\/elloagencia\\\/\"}]}<\/script>\n<!-- \/ Yoast SEO plugin. -->","yoast_head_json":{"title":"Homem abastece a pr\u00f3pria casa h\u00e1 uma d\u00e9cada usando baterias reaproveitadas de laptops - Ello TV","description":"Projeto sustent\u00e1vel transforma baterias descartadas de notebooks em fonte de energia dom\u00e9stica, garantindo eletricidade por quase 10 anos e reduzindo custos e lixo eletr\u00f4nico.","robots":{"index":"index","follow":"follow","max-snippet":"max-snippet:-1","max-image-preview":"max-image-preview:large","max-video-preview":"max-video-preview:-1"},"canonical":"https:\/\/ellotv.com.br\/site\/2026\/01\/29\/homem-abastece-a-propria-casa-ha-uma-decada-usando-baterias-reaproveitadas-de-laptops\/","og_locale":"pt_BR","og_type":"article","og_title":"Homem abastece a pr\u00f3pria casa h\u00e1 uma d\u00e9cada usando baterias reaproveitadas de laptops - Ello TV","og_description":"Projeto sustent\u00e1vel transforma baterias descartadas de notebooks em fonte de energia dom\u00e9stica, garantindo eletricidade por quase 10 anos e reduzindo custos e lixo eletr\u00f4nico.","og_url":"https:\/\/ellotv.com.br\/site\/2026\/01\/29\/homem-abastece-a-propria-casa-ha-uma-decada-usando-baterias-reaproveitadas-de-laptops\/","og_site_name":"Ello TV","article_published_time":"2026-01-29T11:47:58+00:00","og_image":[{"width":1548,"height":1162,"url":"https:\/\/ellotv.com.br\/site\/wp-content\/uploads\/2026\/01\/WhatsApp-Image-2026-01-29-at-08.26.15.jpeg","type":"image\/jpeg"}],"author":"ELLO TV","twitter_card":"summary_large_image","twitter_misc":{"Escrito por":"ELLO TV","Est. tempo de leitura":"2 minutos"},"schema":{"@context":"https:\/\/schema.org","@graph":[{"@type":"Article","@id":"https:\/\/ellotv.com.br\/site\/2026\/01\/29\/homem-abastece-a-propria-casa-ha-uma-decada-usando-baterias-reaproveitadas-de-laptops\/#article","isPartOf":{"@id":"https:\/\/ellotv.com.br\/site\/2026\/01\/29\/homem-abastece-a-propria-casa-ha-uma-decada-usando-baterias-reaproveitadas-de-laptops\/"},"author":{"name":"ELLO TV","@id":"https:\/\/ellotv.com.br\/site\/#\/schema\/person\/2dbe3abaee38dcc7332fc8205cd2b15d"},"headline":"Homem abastece a pr\u00f3pria casa h\u00e1 uma d\u00e9cada usando baterias reaproveitadas de laptops","datePublished":"2026-01-29T11:47:58+00:00","mainEntityOfPage":{"@id":"https:\/\/ellotv.com.br\/site\/2026\/01\/29\/homem-abastece-a-propria-casa-ha-uma-decada-usando-baterias-reaproveitadas-de-laptops\/"},"wordCount":347,"commentCount":0,"publisher":{"@id":"https:\/\/ellotv.com.br\/site\/#organization"},"image":{"@id":"https:\/\/ellotv.com.br\/site\/2026\/01\/29\/homem-abastece-a-propria-casa-ha-uma-decada-usando-baterias-reaproveitadas-de-laptops\/#primaryimage"},"thumbnailUrl":"https:\/\/ellotv.com.br\/site\/wp-content\/uploads\/2026\/01\/WhatsApp-Image-2026-01-29-at-08.26.15.jpeg","articleSection":["Mundo","Noticias"],"inLanguage":"pt-BR","potentialAction":[{"@type":"CommentAction","name":"Comment","target":["https:\/\/ellotv.com.br\/site\/2026\/01\/29\/homem-abastece-a-propria-casa-ha-uma-decada-usando-baterias-reaproveitadas-de-laptops\/#respond"]}]},{"@type":"WebPage","@id":"https:\/\/ellotv.com.br\/site\/2026\/01\/29\/homem-abastece-a-propria-casa-ha-uma-decada-usando-baterias-reaproveitadas-de-laptops\/","url":"https:\/\/ellotv.com.br\/site\/2026\/01\/29\/homem-abastece-a-propria-casa-ha-uma-decada-usando-baterias-reaproveitadas-de-laptops\/","name":"Homem abastece a pr\u00f3pria casa h\u00e1 uma d\u00e9cada usando baterias reaproveitadas de laptops - Ello TV","isPartOf":{"@id":"https:\/\/ellotv.com.br\/site\/#website"},"primaryImageOfPage":{"@id":"https:\/\/ellotv.com.br\/site\/2026\/01\/29\/homem-abastece-a-propria-casa-ha-uma-decada-usando-baterias-reaproveitadas-de-laptops\/#primaryimage"},"image":{"@id":"https:\/\/ellotv.com.br\/site\/2026\/01\/29\/homem-abastece-a-propria-casa-ha-uma-decada-usando-baterias-reaproveitadas-de-laptops\/#primaryimage"},"thumbnailUrl":"https:\/\/ellotv.com.br\/site\/wp-content\/uploads\/2026\/01\/WhatsApp-Image-2026-01-29-at-08.26.15.jpeg","datePublished":"2026-01-29T11:47:58+00:00","description":"Projeto sustent\u00e1vel transforma baterias descartadas de notebooks em fonte de energia dom\u00e9stica, garantindo eletricidade por quase 10 anos e reduzindo custos e lixo eletr\u00f4nico.","breadcrumb":{"@id":"https:\/\/ellotv.com.br\/site\/2026\/01\/29\/homem-abastece-a-propria-casa-ha-uma-decada-usando-baterias-reaproveitadas-de-laptops\/#breadcrumb"},"inLanguage":"pt-BR","potentialAction":[{"@type":"ReadAction","target":["https:\/\/ellotv.com.br\/site\/2026\/01\/29\/homem-abastece-a-propria-casa-ha-uma-decada-usando-baterias-reaproveitadas-de-laptops\/"]}]},{"@type":"ImageObject","inLanguage":"pt-BR","@id":"https:\/\/ellotv.com.br\/site\/2026\/01\/29\/homem-abastece-a-propria-casa-ha-uma-decada-usando-baterias-reaproveitadas-de-laptops\/#primaryimage","url":"https:\/\/ellotv.com.br\/site\/wp-content\/uploads\/2026\/01\/WhatsApp-Image-2026-01-29-at-08.26.15.jpeg","contentUrl":"https:\/\/ellotv.com.br\/site\/wp-content\/uploads\/2026\/01\/WhatsApp-Image-2026-01-29-at-08.26.15.jpeg","width":1548,"height":1162},{"@type":"BreadcrumbList","@id":"https:\/\/ellotv.com.br\/site\/2026\/01\/29\/homem-abastece-a-propria-casa-ha-uma-decada-usando-baterias-reaproveitadas-de-laptops\/#breadcrumb","itemListElement":[{"@type":"ListItem","position":1,"name":"In\u00edcio","item":"https:\/\/ellotv.com.br\/site\/"},{"@type":"ListItem","position":2,"name":"Homem abastece a pr\u00f3pria casa h\u00e1 uma d\u00e9cada usando baterias reaproveitadas de laptops"}]},{"@type":"WebSite","@id":"https:\/\/ellotv.com.br\/site\/#website","url":"https:\/\/ellotv.com.br\/site\/","name":"ELLO TV","description":"","publisher":{"@id":"https:\/\/ellotv.com.br\/site\/#organization"},"potentialAction":[{"@type":"SearchAction","target":{"@type":"EntryPoint","urlTemplate":"https:\/\/ellotv.com.br\/site\/?s={search_term_string}"},"query-input":{"@type":"PropertyValueSpecification","valueRequired":true,"valueName":"search_term_string"}}],"inLanguage":"pt-BR"},{"@type":"Organization","@id":"https:\/\/ellotv.com.br\/site\/#organization","name":"ELLO TV","url":"https:\/\/ellotv.com.br\/site\/","logo":{"@type":"ImageObject","inLanguage":"pt-BR","@id":"https:\/\/ellotv.com.br\/site\/#\/schema\/logo\/image\/","url":"https:\/\/ellotv.com.br\/site\/wp-content\/uploads\/2025\/11\/ello-logo-2.fw_.png","contentUrl":"https:\/\/ellotv.com.br\/site\/wp-content\/uploads\/2025\/11\/ello-logo-2.fw_.png","width":400,"height":146,"caption":"ELLO TV"},"image":{"@id":"https:\/\/ellotv.com.br\/site\/#\/schema\/logo\/image\/"}},{"@type":"Person","@id":"https:\/\/ellotv.com.br\/site\/#\/schema\/person\/2dbe3abaee38dcc7332fc8205cd2b15d","name":"ELLO TV","image":{"@type":"ImageObject","inLanguage":"pt-BR","@id":"https:\/\/secure.gravatar.com\/avatar\/c38242b9da8ec217ac3f0aaee31a54f7d7befb11b2b47fdbc8fb0fad60afa1c6?s=96&d=mm&r=g","url":"https:\/\/secure.gravatar.com\/avatar\/c38242b9da8ec217ac3f0aaee31a54f7d7befb11b2b47fdbc8fb0fad60afa1c6?s=96&d=mm&r=g","contentUrl":"https:\/\/secure.gravatar.com\/avatar\/c38242b9da8ec217ac3f0aaee31a54f7d7befb11b2b47fdbc8fb0fad60afa1c6?s=96&d=mm&r=g","caption":"ELLO TV"},"url":"https:\/\/ellotv.com.br\/site\/author\/elloagencia\/"}]}},"featured_image_urls":{"full":["https:\/\/ellotv.com.br\/site\/wp-content\/uploads\/2026\/01\/WhatsApp-Image-2026-01-29-at-08.26.15.jpeg",1548,1162,false],"thumbnail":["https:\/\/ellotv.com.br\/site\/wp-content\/uploads\/2026\/01\/WhatsApp-Image-2026-01-29-at-08.26.15-150x150.jpeg",150,150,true],"medium":["https:\/\/ellotv.com.br\/site\/wp-content\/uploads\/2026\/01\/WhatsApp-Image-2026-01-29-at-08.26.15-300x225.jpeg",300,225,true],"medium_large":["https:\/\/ellotv.com.br\/site\/wp-content\/uploads\/2026\/01\/WhatsApp-Image-2026-01-29-at-08.26.15-768x576.jpeg",640,480,true],"large":["https:\/\/ellotv.com.br\/site\/wp-content\/uploads\/2026\/01\/WhatsApp-Image-2026-01-29-at-08.26.15-1024x769.jpeg",640,481,true],"1536x1536":["https:\/\/ellotv.com.br\/site\/wp-content\/uploads\/2026\/01\/WhatsApp-Image-2026-01-29-at-08.26.15-1536x1153.jpeg",1536,1153,true],"2048x2048":["https:\/\/ellotv.com.br\/site\/wp-content\/uploads\/2026\/01\/WhatsApp-Image-2026-01-29-at-08.26.15.jpeg",1548,1162,false],"darknews-slider-full":["https:\/\/ellotv.com.br\/site\/wp-content\/uploads\/2026\/01\/WhatsApp-Image-2026-01-29-at-08.26.15-1280x720.jpeg",1280,720,true],"darknews-featured":["https:\/\/ellotv.com.br\/site\/wp-content\/uploads\/2026\/01\/WhatsApp-Image-2026-01-29-at-08.26.15-1024x769.jpeg",1024,769,true],"darknews-medium":["https:\/\/ellotv.com.br\/site\/wp-content\/uploads\/2026\/01\/WhatsApp-Image-2026-01-29-at-08.26.15-720x530.jpeg",720,530,true],"darknews-medium-square":["https:\/\/ellotv.com.br\/site\/wp-content\/uploads\/2026\/01\/WhatsApp-Image-2026-01-29-at-08.26.15-350x350.jpeg",350,350,true]},"author_info":{"info":["ELLO TV"]},"category_info":"<a href=\"https:\/\/ellotv.com.br\/site\/category\/mundo\/\" rel=\"category tag\">Mundo<\/a> <a href=\"https:\/\/ellotv.com.br\/site\/category\/noticias\/\" rel=\"category tag\">Noticias<\/a>","tag_info":"Noticias","comment_count":"0","_links":{"self":[{"href":"https:\/\/ellotv.com.br\/site\/wp-json\/wp\/v2\/posts\/4700","targetHints":{"allow":["GET"]}}],"collection":[{"href":"https:\/\/ellotv.com.br\/site\/wp-json\/wp\/v2\/posts"}],"about":[{"href":"https:\/\/ellotv.com.br\/site\/wp-json\/wp\/v2\/types\/post"}],"author":[{"embeddable":true,"href":"https:\/\/ellotv.com.br\/site\/wp-json\/wp\/v2\/users\/2"}],"replies":[{"embeddable":true,"href":"https:\/\/ellotv.com.br\/site\/wp-json\/wp\/v2\/comments?post=4700"}],"version-history":[{"count":1,"href":"https:\/\/ellotv.com.br\/site\/wp-json\/wp\/v2\/posts\/4700\/revisions"}],"predecessor-version":[{"id":4702,"href":"https:\/\/ellotv.com.br\/site\/wp-json\/wp\/v2\/posts\/4700\/revisions\/4702"}],"wp:featuredmedia":[{"embeddable":true,"href":"https:\/\/ellotv.com.br\/site\/wp-json\/wp\/v2\/media\/4701"}],"wp:attachment":[{"href":"https:\/\/ellotv.com.br\/site\/wp-json\/wp\/v2\/media?parent=4700"}],"wp:term":[{"taxonomy":"category","embeddable":true,"href":"https:\/\/ellotv.com.br\/site\/wp-json\/wp\/v2\/categories?post=4700"},{"taxonomy":"post_tag","embeddable":true,"href":"https:\/\/ellotv.com.br\/site\/wp-json\/wp\/v2\/tags?post=4700"}],"curies":[{"name":"wp","href":"https:\/\/api.w.org\/{rel}","templated":true}]}}