{"id":4721,"date":"2026-01-29T16:32:30","date_gmt":"2026-01-29T19:32:30","guid":{"rendered":"https:\/\/ellotv.com.br\/site\/?p=4721"},"modified":"2026-01-29T16:32:30","modified_gmt":"2026-01-29T19:32:30","slug":"pm-de-pernambuco-e-punido-por-tamanho-do-bigode-e-regras-de-aparencia-voltam-ao-debate","status":"publish","type":"post","link":"https:\/\/ellotv.com.br\/site\/2026\/01\/29\/pm-de-pernambuco-e-punido-por-tamanho-do-bigode-e-regras-de-aparencia-voltam-ao-debate\/","title":{"rendered":"PM de Pernambuco \u00e9 punido por tamanho do bigode e regras de apar\u00eancia voltam ao debate"},"content":{"rendered":"<p>Uma puni\u00e7\u00e3o disciplinar aplicada a um segundo-sargento da Pol\u00edcia Militar de Pernambuco reacendeu o debate sobre as regras de apar\u00eancia exigidas pela corpora\u00e7\u00e3o. O militar recebeu tr\u00eas dias de deten\u00e7\u00e3o administrativa por estar com o bigode fora dos padr\u00f5es estabelecidos em normativo interno da PM.<\/p>\n<p>Com 35 anos de servi\u00e7o, o sargento Samuel de Ara\u00fajo Lima atua atualmente na Companhia Independente de Apoio ao Turista (CIATur), em Olinda. Segundo a defesa, ele usa o mesmo estilo de bigode h\u00e1 anos, sem jamais ter sido advertido anteriormente. A notifica\u00e7\u00e3o ocorreu ap\u00f3s uma fiscaliza\u00e7\u00e3o durante um servi\u00e7o extra.<\/p>\n<p>De acordo com a Pol\u00edcia Militar, a puni\u00e7\u00e3o est\u00e1 prevista no Suplemento Normativo n\u00ba 68, em vigor desde 2020, que regulamenta crit\u00e9rios de apresenta\u00e7\u00e3o pessoal, uniformes e conduta visual dos policiais. Entre as regras, o bigode \u00e9 permitido apenas se for discreto, aparado, n\u00e3o ultrapassar a linha dos l\u00e1bios e constar na identidade funcional do militar.<\/p>\n<p>Al\u00e9m do bigode, o regulamento estabelece uma s\u00e9rie de restri\u00e7\u00f5es relacionadas a cabelo, barba, tatuagens e uso de acess\u00f3rios. Para os homens, s\u00e3o proibidos cortes como moicano, uso de franja, barba sem autoriza\u00e7\u00e3o m\u00e9dica, brincos e piercings vis\u00edveis. O comprimento do cabelo tamb\u00e9m n\u00e3o pode ser inferior ao padr\u00e3o estabelecido, salvo exce\u00e7\u00f5es m\u00e9dicas.<\/p>\n<p>O documento tamb\u00e9m imp\u00f5e limites ao uso de adornos, como an\u00e9is, colares e pingentes, que devem ser discretos e usados de forma espec\u00edfica. Tatuagens com conte\u00fado considerado ofensivo, violento, discriminat\u00f3rio ou contr\u00e1rio \u00e0s institui\u00e7\u00f5es democr\u00e1ticas s\u00e3o vedadas.<\/p>\n<p>Para as mulheres, h\u00e1 normas pr\u00f3prias sobre penteados, cores de cabelo, maquiagem, esmaltes e acess\u00f3rios. As regras determinam, por exemplo, que cabelos longos sejam presos, que a maquiagem seja discreta e que brincos sejam usados apenas em um furo por orelha.<\/p>\n<p>A defesa do sargento informou que a puni\u00e7\u00e3o foi publicada em boletim interno no dia 13 de janeiro e que o processo segue em fase de recurso. A PM afirmou que a san\u00e7\u00e3o \u00e9 administrativa e n\u00e3o afasta o militar de suas fun\u00e7\u00f5es.<\/p>\n","protected":false},"excerpt":{"rendered":"<p>Uma puni\u00e7\u00e3o disciplinar aplicada a um segundo-sargento da Pol\u00edcia Militar de Pernambuco reacendeu o debate sobre as regras<\/p>\n","protected":false},"author":2,"featured_media":4722,"comment_status":"open","ping_status":"open","sticky":false,"template":"","format":"standard","meta":{"footnotes":""},"categories":[12,9],"tags":[],"class_list":["post-4721","post","type-post","status-publish","format-standard","has-post-thumbnail","hentry","category-noticias","category-regional"],"yoast_head":"<!-- This site is optimized with the Yoast SEO plugin v28.3 - https:\/\/yoast.com\/product\/yoast-seo-wordpress\/ -->\n<title>PM de Pernambuco \u00e9 punido por tamanho do bigode e regras de apar\u00eancia voltam ao debate - Ello TV<\/title>\n<meta name=\"description\" content=\"Um segundo-sargento da Pol\u00edcia Militar de Pernambuco recebeu tr\u00eas dias de deten\u00e7\u00e3o administrativa por usar bigode fora das normas internas da PM, reacendendo o debate sobre regras de apar\u00eancia na corpora\u00e7\u00e3o.\" \/>\n<meta name=\"robots\" content=\"index, follow, max-snippet:-1, max-image-preview:large, max-video-preview:-1\" \/>\n<link rel=\"canonical\" href=\"https:\/\/ellotv.com.br\/site\/2026\/01\/29\/pm-de-pernambuco-e-punido-por-tamanho-do-bigode-e-regras-de-aparencia-voltam-ao-debate\/\" \/>\n<meta property=\"og:locale\" content=\"pt_BR\" \/>\n<meta property=\"og:type\" content=\"article\" \/>\n<meta property=\"og:title\" content=\"PM de Pernambuco \u00e9 punido por tamanho do bigode e regras de apar\u00eancia voltam ao debate - Ello TV\" \/>\n<meta property=\"og:description\" content=\"Um segundo-sargento da Pol\u00edcia Militar de Pernambuco recebeu tr\u00eas dias de deten\u00e7\u00e3o administrativa por usar bigode fora das normas internas da PM, reacendendo o debate sobre regras de apar\u00eancia na corpora\u00e7\u00e3o.\" \/>\n<meta property=\"og:url\" content=\"https:\/\/ellotv.com.br\/site\/2026\/01\/29\/pm-de-pernambuco-e-punido-por-tamanho-do-bigode-e-regras-de-aparencia-voltam-ao-debate\/\" \/>\n<meta property=\"og:site_name\" content=\"Ello TV\" \/>\n<meta property=\"article:published_time\" content=\"2026-01-29T19:32:30+00:00\" \/>\n<meta property=\"og:image\" content=\"https:\/\/ellotv.com.br\/site\/wp-content\/uploads\/2026\/01\/WhatsApp-Image-2026-01-29-at-15.17.41.jpeg\" \/>\n\t<meta property=\"og:image:width\" content=\"1600\" \/>\n\t<meta property=\"og:image:height\" content=\"900\" \/>\n\t<meta property=\"og:image:type\" content=\"image\/jpeg\" \/>\n<meta name=\"author\" content=\"ELLO TV\" \/>\n<meta name=\"twitter:card\" content=\"summary_large_image\" \/>\n<meta name=\"twitter:label1\" content=\"Escrito por\" \/>\n\t<meta name=\"twitter:data1\" content=\"ELLO TV\" \/>\n\t<meta name=\"twitter:label2\" content=\"Est. tempo de leitura\" \/>\n\t<meta name=\"twitter:data2\" content=\"2 minutos\" \/>\n<script type=\"application\/ld+json\" class=\"yoast-schema-graph\">{\"@context\":\"https:\\\/\\\/schema.org\",\"@graph\":[{\"@type\":\"Article\",\"@id\":\"https:\\\/\\\/ellotv.com.br\\\/site\\\/2026\\\/01\\\/29\\\/pm-de-pernambuco-e-punido-por-tamanho-do-bigode-e-regras-de-aparencia-voltam-ao-debate\\\/#article\",\"isPartOf\":{\"@id\":\"https:\\\/\\\/ellotv.com.br\\\/site\\\/2026\\\/01\\\/29\\\/pm-de-pernambuco-e-punido-por-tamanho-do-bigode-e-regras-de-aparencia-voltam-ao-debate\\\/\"},\"author\":{\"name\":\"ELLO TV\",\"@id\":\"https:\\\/\\\/ellotv.com.br\\\/site\\\/#\\\/schema\\\/person\\\/2dbe3abaee38dcc7332fc8205cd2b15d\"},\"headline\":\"PM de Pernambuco \u00e9 punido por tamanho do bigode e regras de apar\u00eancia voltam ao debate\",\"datePublished\":\"2026-01-29T19:32:30+00:00\",\"mainEntityOfPage\":{\"@id\":\"https:\\\/\\\/ellotv.com.br\\\/site\\\/2026\\\/01\\\/29\\\/pm-de-pernambuco-e-punido-por-tamanho-do-bigode-e-regras-de-aparencia-voltam-ao-debate\\\/\"},\"wordCount\":384,\"commentCount\":0,\"publisher\":{\"@id\":\"https:\\\/\\\/ellotv.com.br\\\/site\\\/#organization\"},\"image\":{\"@id\":\"https:\\\/\\\/ellotv.com.br\\\/site\\\/2026\\\/01\\\/29\\\/pm-de-pernambuco-e-punido-por-tamanho-do-bigode-e-regras-de-aparencia-voltam-ao-debate\\\/#primaryimage\"},\"thumbnailUrl\":\"https:\\\/\\\/ellotv.com.br\\\/site\\\/wp-content\\\/uploads\\\/2026\\\/01\\\/WhatsApp-Image-2026-01-29-at-15.17.41.jpeg\",\"articleSection\":[\"Noticias\",\"Regional\"],\"inLanguage\":\"pt-BR\",\"potentialAction\":[{\"@type\":\"CommentAction\",\"name\":\"Comment\",\"target\":[\"https:\\\/\\\/ellotv.com.br\\\/site\\\/2026\\\/01\\\/29\\\/pm-de-pernambuco-e-punido-por-tamanho-do-bigode-e-regras-de-aparencia-voltam-ao-debate\\\/#respond\"]}]},{\"@type\":\"WebPage\",\"@id\":\"https:\\\/\\\/ellotv.com.br\\\/site\\\/2026\\\/01\\\/29\\\/pm-de-pernambuco-e-punido-por-tamanho-do-bigode-e-regras-de-aparencia-voltam-ao-debate\\\/\",\"url\":\"https:\\\/\\\/ellotv.com.br\\\/site\\\/2026\\\/01\\\/29\\\/pm-de-pernambuco-e-punido-por-tamanho-do-bigode-e-regras-de-aparencia-voltam-ao-debate\\\/\",\"name\":\"PM de Pernambuco \u00e9 punido por tamanho do bigode e regras de apar\u00eancia voltam ao debate - Ello TV\",\"isPartOf\":{\"@id\":\"https:\\\/\\\/ellotv.com.br\\\/site\\\/#website\"},\"primaryImageOfPage\":{\"@id\":\"https:\\\/\\\/ellotv.com.br\\\/site\\\/2026\\\/01\\\/29\\\/pm-de-pernambuco-e-punido-por-tamanho-do-bigode-e-regras-de-aparencia-voltam-ao-debate\\\/#primaryimage\"},\"image\":{\"@id\":\"https:\\\/\\\/ellotv.com.br\\\/site\\\/2026\\\/01\\\/29\\\/pm-de-pernambuco-e-punido-por-tamanho-do-bigode-e-regras-de-aparencia-voltam-ao-debate\\\/#primaryimage\"},\"thumbnailUrl\":\"https:\\\/\\\/ellotv.com.br\\\/site\\\/wp-content\\\/uploads\\\/2026\\\/01\\\/WhatsApp-Image-2026-01-29-at-15.17.41.jpeg\",\"datePublished\":\"2026-01-29T19:32:30+00:00\",\"description\":\"Um segundo-sargento da Pol\u00edcia Militar de Pernambuco recebeu tr\u00eas dias de deten\u00e7\u00e3o administrativa por usar bigode fora das normas internas da PM, reacendendo o debate sobre regras de apar\u00eancia na corpora\u00e7\u00e3o.\",\"breadcrumb\":{\"@id\":\"https:\\\/\\\/ellotv.com.br\\\/site\\\/2026\\\/01\\\/29\\\/pm-de-pernambuco-e-punido-por-tamanho-do-bigode-e-regras-de-aparencia-voltam-ao-debate\\\/#breadcrumb\"},\"inLanguage\":\"pt-BR\",\"potentialAction\":[{\"@type\":\"ReadAction\",\"target\":[\"https:\\\/\\\/ellotv.com.br\\\/site\\\/2026\\\/01\\\/29\\\/pm-de-pernambuco-e-punido-por-tamanho-do-bigode-e-regras-de-aparencia-voltam-ao-debate\\\/\"]}]},{\"@type\":\"ImageObject\",\"inLanguage\":\"pt-BR\",\"@id\":\"https:\\\/\\\/ellotv.com.br\\\/site\\\/2026\\\/01\\\/29\\\/pm-de-pernambuco-e-punido-por-tamanho-do-bigode-e-regras-de-aparencia-voltam-ao-debate\\\/#primaryimage\",\"url\":\"https:\\\/\\\/ellotv.com.br\\\/site\\\/wp-content\\\/uploads\\\/2026\\\/01\\\/WhatsApp-Image-2026-01-29-at-15.17.41.jpeg\",\"contentUrl\":\"https:\\\/\\\/ellotv.com.br\\\/site\\\/wp-content\\\/uploads\\\/2026\\\/01\\\/WhatsApp-Image-2026-01-29-at-15.17.41.jpeg\",\"width\":1600,\"height\":900},{\"@type\":\"BreadcrumbList\",\"@id\":\"https:\\\/\\\/ellotv.com.br\\\/site\\\/2026\\\/01\\\/29\\\/pm-de-pernambuco-e-punido-por-tamanho-do-bigode-e-regras-de-aparencia-voltam-ao-debate\\\/#breadcrumb\",\"itemListElement\":[{\"@type\":\"ListItem\",\"position\":1,\"name\":\"In\u00edcio\",\"item\":\"https:\\\/\\\/ellotv.com.br\\\/site\\\/\"},{\"@type\":\"ListItem\",\"position\":2,\"name\":\"PM de Pernambuco \u00e9 punido por tamanho do bigode e regras de apar\u00eancia voltam ao debate\"}]},{\"@type\":\"WebSite\",\"@id\":\"https:\\\/\\\/ellotv.com.br\\\/site\\\/#website\",\"url\":\"https:\\\/\\\/ellotv.com.br\\\/site\\\/\",\"name\":\"ELLO TV\",\"description\":\"\",\"publisher\":{\"@id\":\"https:\\\/\\\/ellotv.com.br\\\/site\\\/#organization\"},\"potentialAction\":[{\"@type\":\"SearchAction\",\"target\":{\"@type\":\"EntryPoint\",\"urlTemplate\":\"https:\\\/\\\/ellotv.com.br\\\/site\\\/?s={search_term_string}\"},\"query-input\":{\"@type\":\"PropertyValueSpecification\",\"valueRequired\":true,\"valueName\":\"search_term_string\"}}],\"inLanguage\":\"pt-BR\"},{\"@type\":\"Organization\",\"@id\":\"https:\\\/\\\/ellotv.com.br\\\/site\\\/#organization\",\"name\":\"ELLO TV\",\"url\":\"https:\\\/\\\/ellotv.com.br\\\/site\\\/\",\"logo\":{\"@type\":\"ImageObject\",\"inLanguage\":\"pt-BR\",\"@id\":\"https:\\\/\\\/ellotv.com.br\\\/site\\\/#\\\/schema\\\/logo\\\/image\\\/\",\"url\":\"https:\\\/\\\/ellotv.com.br\\\/site\\\/wp-content\\\/uploads\\\/2025\\\/11\\\/ello-logo-2.fw_.png\",\"contentUrl\":\"https:\\\/\\\/ellotv.com.br\\\/site\\\/wp-content\\\/uploads\\\/2025\\\/11\\\/ello-logo-2.fw_.png\",\"width\":400,\"height\":146,\"caption\":\"ELLO TV\"},\"image\":{\"@id\":\"https:\\\/\\\/ellotv.com.br\\\/site\\\/#\\\/schema\\\/logo\\\/image\\\/\"}},{\"@type\":\"Person\",\"@id\":\"https:\\\/\\\/ellotv.com.br\\\/site\\\/#\\\/schema\\\/person\\\/2dbe3abaee38dcc7332fc8205cd2b15d\",\"name\":\"ELLO TV\",\"image\":{\"@type\":\"ImageObject\",\"inLanguage\":\"pt-BR\",\"@id\":\"https:\\\/\\\/secure.gravatar.com\\\/avatar\\\/c38242b9da8ec217ac3f0aaee31a54f7d7befb11b2b47fdbc8fb0fad60afa1c6?s=96&d=mm&r=g\",\"url\":\"https:\\\/\\\/secure.gravatar.com\\\/avatar\\\/c38242b9da8ec217ac3f0aaee31a54f7d7befb11b2b47fdbc8fb0fad60afa1c6?s=96&d=mm&r=g\",\"contentUrl\":\"https:\\\/\\\/secure.gravatar.com\\\/avatar\\\/c38242b9da8ec217ac3f0aaee31a54f7d7befb11b2b47fdbc8fb0fad60afa1c6?s=96&d=mm&r=g\",\"caption\":\"ELLO TV\"},\"url\":\"https:\\\/\\\/ellotv.com.br\\\/site\\\/author\\\/elloagencia\\\/\"}]}<\/script>\n<!-- \/ Yoast SEO plugin. -->","yoast_head_json":{"title":"PM de Pernambuco \u00e9 punido por tamanho do bigode e regras de apar\u00eancia voltam ao debate - Ello TV","description":"Um segundo-sargento da Pol\u00edcia Militar de Pernambuco recebeu tr\u00eas dias de deten\u00e7\u00e3o administrativa por usar bigode fora das normas internas da PM, reacendendo o debate sobre regras de apar\u00eancia na corpora\u00e7\u00e3o.","robots":{"index":"index","follow":"follow","max-snippet":"max-snippet:-1","max-image-preview":"max-image-preview:large","max-video-preview":"max-video-preview:-1"},"canonical":"https:\/\/ellotv.com.br\/site\/2026\/01\/29\/pm-de-pernambuco-e-punido-por-tamanho-do-bigode-e-regras-de-aparencia-voltam-ao-debate\/","og_locale":"pt_BR","og_type":"article","og_title":"PM de Pernambuco \u00e9 punido por tamanho do bigode e regras de apar\u00eancia voltam ao debate - Ello TV","og_description":"Um segundo-sargento da Pol\u00edcia Militar de Pernambuco recebeu tr\u00eas dias de deten\u00e7\u00e3o administrativa por usar bigode fora das normas internas da PM, reacendendo o debate sobre regras de apar\u00eancia na corpora\u00e7\u00e3o.","og_url":"https:\/\/ellotv.com.br\/site\/2026\/01\/29\/pm-de-pernambuco-e-punido-por-tamanho-do-bigode-e-regras-de-aparencia-voltam-ao-debate\/","og_site_name":"Ello TV","article_published_time":"2026-01-29T19:32:30+00:00","og_image":[{"width":1600,"height":900,"url":"https:\/\/ellotv.com.br\/site\/wp-content\/uploads\/2026\/01\/WhatsApp-Image-2026-01-29-at-15.17.41.jpeg","type":"image\/jpeg"}],"author":"ELLO TV","twitter_card":"summary_large_image","twitter_misc":{"Escrito por":"ELLO TV","Est. tempo de leitura":"2 minutos"},"schema":{"@context":"https:\/\/schema.org","@graph":[{"@type":"Article","@id":"https:\/\/ellotv.com.br\/site\/2026\/01\/29\/pm-de-pernambuco-e-punido-por-tamanho-do-bigode-e-regras-de-aparencia-voltam-ao-debate\/#article","isPartOf":{"@id":"https:\/\/ellotv.com.br\/site\/2026\/01\/29\/pm-de-pernambuco-e-punido-por-tamanho-do-bigode-e-regras-de-aparencia-voltam-ao-debate\/"},"author":{"name":"ELLO TV","@id":"https:\/\/ellotv.com.br\/site\/#\/schema\/person\/2dbe3abaee38dcc7332fc8205cd2b15d"},"headline":"PM de Pernambuco \u00e9 punido por tamanho do bigode e regras de apar\u00eancia voltam ao debate","datePublished":"2026-01-29T19:32:30+00:00","mainEntityOfPage":{"@id":"https:\/\/ellotv.com.br\/site\/2026\/01\/29\/pm-de-pernambuco-e-punido-por-tamanho-do-bigode-e-regras-de-aparencia-voltam-ao-debate\/"},"wordCount":384,"commentCount":0,"publisher":{"@id":"https:\/\/ellotv.com.br\/site\/#organization"},"image":{"@id":"https:\/\/ellotv.com.br\/site\/2026\/01\/29\/pm-de-pernambuco-e-punido-por-tamanho-do-bigode-e-regras-de-aparencia-voltam-ao-debate\/#primaryimage"},"thumbnailUrl":"https:\/\/ellotv.com.br\/site\/wp-content\/uploads\/2026\/01\/WhatsApp-Image-2026-01-29-at-15.17.41.jpeg","articleSection":["Noticias","Regional"],"inLanguage":"pt-BR","potentialAction":[{"@type":"CommentAction","name":"Comment","target":["https:\/\/ellotv.com.br\/site\/2026\/01\/29\/pm-de-pernambuco-e-punido-por-tamanho-do-bigode-e-regras-de-aparencia-voltam-ao-debate\/#respond"]}]},{"@type":"WebPage","@id":"https:\/\/ellotv.com.br\/site\/2026\/01\/29\/pm-de-pernambuco-e-punido-por-tamanho-do-bigode-e-regras-de-aparencia-voltam-ao-debate\/","url":"https:\/\/ellotv.com.br\/site\/2026\/01\/29\/pm-de-pernambuco-e-punido-por-tamanho-do-bigode-e-regras-de-aparencia-voltam-ao-debate\/","name":"PM de Pernambuco \u00e9 punido por tamanho do bigode e regras de apar\u00eancia voltam ao debate - Ello TV","isPartOf":{"@id":"https:\/\/ellotv.com.br\/site\/#website"},"primaryImageOfPage":{"@id":"https:\/\/ellotv.com.br\/site\/2026\/01\/29\/pm-de-pernambuco-e-punido-por-tamanho-do-bigode-e-regras-de-aparencia-voltam-ao-debate\/#primaryimage"},"image":{"@id":"https:\/\/ellotv.com.br\/site\/2026\/01\/29\/pm-de-pernambuco-e-punido-por-tamanho-do-bigode-e-regras-de-aparencia-voltam-ao-debate\/#primaryimage"},"thumbnailUrl":"https:\/\/ellotv.com.br\/site\/wp-content\/uploads\/2026\/01\/WhatsApp-Image-2026-01-29-at-15.17.41.jpeg","datePublished":"2026-01-29T19:32:30+00:00","description":"Um segundo-sargento da Pol\u00edcia Militar de Pernambuco recebeu tr\u00eas dias de deten\u00e7\u00e3o administrativa por usar bigode fora das normas internas da PM, reacendendo o debate sobre regras de apar\u00eancia na corpora\u00e7\u00e3o.","breadcrumb":{"@id":"https:\/\/ellotv.com.br\/site\/2026\/01\/29\/pm-de-pernambuco-e-punido-por-tamanho-do-bigode-e-regras-de-aparencia-voltam-ao-debate\/#breadcrumb"},"inLanguage":"pt-BR","potentialAction":[{"@type":"ReadAction","target":["https:\/\/ellotv.com.br\/site\/2026\/01\/29\/pm-de-pernambuco-e-punido-por-tamanho-do-bigode-e-regras-de-aparencia-voltam-ao-debate\/"]}]},{"@type":"ImageObject","inLanguage":"pt-BR","@id":"https:\/\/ellotv.com.br\/site\/2026\/01\/29\/pm-de-pernambuco-e-punido-por-tamanho-do-bigode-e-regras-de-aparencia-voltam-ao-debate\/#primaryimage","url":"https:\/\/ellotv.com.br\/site\/wp-content\/uploads\/2026\/01\/WhatsApp-Image-2026-01-29-at-15.17.41.jpeg","contentUrl":"https:\/\/ellotv.com.br\/site\/wp-content\/uploads\/2026\/01\/WhatsApp-Image-2026-01-29-at-15.17.41.jpeg","width":1600,"height":900},{"@type":"BreadcrumbList","@id":"https:\/\/ellotv.com.br\/site\/2026\/01\/29\/pm-de-pernambuco-e-punido-por-tamanho-do-bigode-e-regras-de-aparencia-voltam-ao-debate\/#breadcrumb","itemListElement":[{"@type":"ListItem","position":1,"name":"In\u00edcio","item":"https:\/\/ellotv.com.br\/site\/"},{"@type":"ListItem","position":2,"name":"PM de Pernambuco \u00e9 punido por tamanho do bigode e regras de apar\u00eancia voltam ao debate"}]},{"@type":"WebSite","@id":"https:\/\/ellotv.com.br\/site\/#website","url":"https:\/\/ellotv.com.br\/site\/","name":"ELLO TV","description":"","publisher":{"@id":"https:\/\/ellotv.com.br\/site\/#organization"},"potentialAction":[{"@type":"SearchAction","target":{"@type":"EntryPoint","urlTemplate":"https:\/\/ellotv.com.br\/site\/?s={search_term_string}"},"query-input":{"@type":"PropertyValueSpecification","valueRequired":true,"valueName":"search_term_string"}}],"inLanguage":"pt-BR"},{"@type":"Organization","@id":"https:\/\/ellotv.com.br\/site\/#organization","name":"ELLO TV","url":"https:\/\/ellotv.com.br\/site\/","logo":{"@type":"ImageObject","inLanguage":"pt-BR","@id":"https:\/\/ellotv.com.br\/site\/#\/schema\/logo\/image\/","url":"https:\/\/ellotv.com.br\/site\/wp-content\/uploads\/2025\/11\/ello-logo-2.fw_.png","contentUrl":"https:\/\/ellotv.com.br\/site\/wp-content\/uploads\/2025\/11\/ello-logo-2.fw_.png","width":400,"height":146,"caption":"ELLO TV"},"image":{"@id":"https:\/\/ellotv.com.br\/site\/#\/schema\/logo\/image\/"}},{"@type":"Person","@id":"https:\/\/ellotv.com.br\/site\/#\/schema\/person\/2dbe3abaee38dcc7332fc8205cd2b15d","name":"ELLO TV","image":{"@type":"ImageObject","inLanguage":"pt-BR","@id":"https:\/\/secure.gravatar.com\/avatar\/c38242b9da8ec217ac3f0aaee31a54f7d7befb11b2b47fdbc8fb0fad60afa1c6?s=96&d=mm&r=g","url":"https:\/\/secure.gravatar.com\/avatar\/c38242b9da8ec217ac3f0aaee31a54f7d7befb11b2b47fdbc8fb0fad60afa1c6?s=96&d=mm&r=g","contentUrl":"https:\/\/secure.gravatar.com\/avatar\/c38242b9da8ec217ac3f0aaee31a54f7d7befb11b2b47fdbc8fb0fad60afa1c6?s=96&d=mm&r=g","caption":"ELLO TV"},"url":"https:\/\/ellotv.com.br\/site\/author\/elloagencia\/"}]}},"featured_image_urls":{"full":["https:\/\/ellotv.com.br\/site\/wp-content\/uploads\/2026\/01\/WhatsApp-Image-2026-01-29-at-15.17.41.jpeg",1600,900,false],"thumbnail":["https:\/\/ellotv.com.br\/site\/wp-content\/uploads\/2026\/01\/WhatsApp-Image-2026-01-29-at-15.17.41-150x150.jpeg",150,150,true],"medium":["https:\/\/ellotv.com.br\/site\/wp-content\/uploads\/2026\/01\/WhatsApp-Image-2026-01-29-at-15.17.41-300x169.jpeg",300,169,true],"medium_large":["https:\/\/ellotv.com.br\/site\/wp-content\/uploads\/2026\/01\/WhatsApp-Image-2026-01-29-at-15.17.41-768x432.jpeg",640,360,true],"large":["https:\/\/ellotv.com.br\/site\/wp-content\/uploads\/2026\/01\/WhatsApp-Image-2026-01-29-at-15.17.41-1024x576.jpeg",640,360,true],"1536x1536":["https:\/\/ellotv.com.br\/site\/wp-content\/uploads\/2026\/01\/WhatsApp-Image-2026-01-29-at-15.17.41-1536x864.jpeg",1536,864,true],"2048x2048":["https:\/\/ellotv.com.br\/site\/wp-content\/uploads\/2026\/01\/WhatsApp-Image-2026-01-29-at-15.17.41.jpeg",1600,900,false],"darknews-slider-full":["https:\/\/ellotv.com.br\/site\/wp-content\/uploads\/2026\/01\/WhatsApp-Image-2026-01-29-at-15.17.41-1280x720.jpeg",1280,720,true],"darknews-featured":["https:\/\/ellotv.com.br\/site\/wp-content\/uploads\/2026\/01\/WhatsApp-Image-2026-01-29-at-15.17.41-1024x576.jpeg",1024,576,true],"darknews-medium":["https:\/\/ellotv.com.br\/site\/wp-content\/uploads\/2026\/01\/WhatsApp-Image-2026-01-29-at-15.17.41-720x530.jpeg",720,530,true],"darknews-medium-square":["https:\/\/ellotv.com.br\/site\/wp-content\/uploads\/2026\/01\/WhatsApp-Image-2026-01-29-at-15.17.41-350x350.jpeg",350,350,true]},"author_info":{"info":["ELLO TV"]},"category_info":"<a href=\"https:\/\/ellotv.com.br\/site\/category\/noticias\/\" rel=\"category tag\">Noticias<\/a> <a href=\"https:\/\/ellotv.com.br\/site\/category\/regional\/\" rel=\"category tag\">Regional<\/a>","tag_info":"Regional","comment_count":"0","_links":{"self":[{"href":"https:\/\/ellotv.com.br\/site\/wp-json\/wp\/v2\/posts\/4721","targetHints":{"allow":["GET"]}}],"collection":[{"href":"https:\/\/ellotv.com.br\/site\/wp-json\/wp\/v2\/posts"}],"about":[{"href":"https:\/\/ellotv.com.br\/site\/wp-json\/wp\/v2\/types\/post"}],"author":[{"embeddable":true,"href":"https:\/\/ellotv.com.br\/site\/wp-json\/wp\/v2\/users\/2"}],"replies":[{"embeddable":true,"href":"https:\/\/ellotv.com.br\/site\/wp-json\/wp\/v2\/comments?post=4721"}],"version-history":[{"count":1,"href":"https:\/\/ellotv.com.br\/site\/wp-json\/wp\/v2\/posts\/4721\/revisions"}],"predecessor-version":[{"id":4723,"href":"https:\/\/ellotv.com.br\/site\/wp-json\/wp\/v2\/posts\/4721\/revisions\/4723"}],"wp:featuredmedia":[{"embeddable":true,"href":"https:\/\/ellotv.com.br\/site\/wp-json\/wp\/v2\/media\/4722"}],"wp:attachment":[{"href":"https:\/\/ellotv.com.br\/site\/wp-json\/wp\/v2\/media?parent=4721"}],"wp:term":[{"taxonomy":"category","embeddable":true,"href":"https:\/\/ellotv.com.br\/site\/wp-json\/wp\/v2\/categories?post=4721"},{"taxonomy":"post_tag","embeddable":true,"href":"https:\/\/ellotv.com.br\/site\/wp-json\/wp\/v2\/tags?post=4721"}],"curies":[{"name":"wp","href":"https:\/\/api.w.org\/{rel}","templated":true}]}}