{"id":4724,"date":"2026-01-30T09:15:28","date_gmt":"2026-01-30T12:15:28","guid":{"rendered":"https:\/\/ellotv.com.br\/site\/?p=4724"},"modified":"2026-01-30T09:15:28","modified_gmt":"2026-01-30T12:15:28","slug":"jovens-da-geracao-z-levam-frustracao-as-ruas-e-se-tornam-protagonistas-de-grandes-manifestacoes-globais","status":"publish","type":"post","link":"https:\/\/ellotv.com.br\/site\/2026\/01\/30\/jovens-da-geracao-z-levam-frustracao-as-ruas-e-se-tornam-protagonistas-de-grandes-manifestacoes-globais\/","title":{"rendered":"Jovens da Gera\u00e7\u00e3o Z levam frustra\u00e7\u00e3o \u00e0s ruas e se tornam protagonistas de grandes manifesta\u00e7\u00f5es globais"},"content":{"rendered":"<p>Milhares de jovens identificados com a chamada Gera\u00e7\u00e3o Z \u2014 pessoas nascidas entre o fim dos anos 1990 e in\u00edcio da d\u00e9cada de 2010 \u2014 t\u00eam levado sua insatisfa\u00e7\u00e3o para as ruas em diversas partes do mundo, transformando-se em protagonistas de grandes protestos sociais e pol\u00edticos nos \u00faltimos meses.<\/p>\n<p>Especialistas apontam que esse movimento n\u00e3o \u00e9 isolado: ocorre em diferentes continentes e tem sido impulsionado por uma combina\u00e7\u00e3o de fatores como desigualdade econ\u00f4mica, falta de perspectivas profissionais, frustra\u00e7\u00f5es com a classe pol\u00edtica e o uso intenso de redes sociais como ferramentas de organiza\u00e7\u00e3o e comunica\u00e7\u00e3o.<\/p>\n<p><strong>Onde est\u00e3o acontecendo os protestos<\/strong><\/p>\n<p>Os protestos atribu\u00eddos \u00e0 Gera\u00e7\u00e3o Z variam em intensidade e contexto de pa\u00eds para pa\u00eds, mas alguns casos se destacam:<\/p>\n<p><strong>Nepal<\/strong>: manifesta\u00e7\u00f5es que come\u00e7aram contra restri\u00e7\u00f5es \u00e0s redes sociais evolu\u00edram para protestos mais amplos contra corrup\u00e7\u00e3o e falta de oportunidades, com participa\u00e7\u00e3o massiva de jovens em v\u00e1rias cidades.<\/p>\n<p><strong>M\u00e9xico<\/strong>: mobiliza\u00e7\u00f5es em v\u00e1rias regi\u00f5es, incluindo a Cidade do M\u00e9xico, reuniram milhares de jovens protestando contra quest\u00f5es ligadas \u00e0 viol\u00eancia, seguran\u00e7a e injusti\u00e7as locais.<\/p>\n<p>Em outros pa\u00edses da <strong>\u00c1sia<\/strong>, <strong>\u00c1frica<\/strong> e <strong>Am\u00e9rica Latina<\/strong>, movimentos semelhantes com forte protagonismo de jovens tamb\u00e9m foram registrados nos \u00faltimos meses, em geral relacionados \u00e0 exig\u00eancia de mudan\u00e7as estruturais, maior representa\u00e7\u00e3o pol\u00edtica e melhores condi\u00e7\u00f5es de vida.<\/p>\n<p><strong>Papel das redes sociais e organiza\u00e7\u00e3o descentralizada<\/strong><\/p>\n<p>Uma das caracter\u00edsticas marcantes das manifesta\u00e7\u00f5es est\u00e1 na forma como elas s\u00e3o organizadas: usando plataformas digitais e redes sociais para mobilizar, trocar informa\u00e7\u00f5es e articular a\u00e7\u00f5es sem um comando centralizado, o que reflete a familiaridade dessa gera\u00e7\u00e3o com tecnologia e comunica\u00e7\u00e3o online.<\/p>\n<p>Pesquisadores observam que essa tend\u00eancia representa uma nova forma de ativismo pol\u00edtico e social, em que jovens n\u00e3o apenas protestam nas ruas, mas tamb\u00e9m redefinem como o engajamento c\u00edvico acontece no s\u00e9culo 21 \u2014 combinando demandas sociais com estrat\u00e9gias digitais.<\/p>\n","protected":false},"excerpt":{"rendered":"<p>Milhares de jovens identificados com a chamada Gera\u00e7\u00e3o Z \u2014 pessoas nascidas entre o fim dos anos 1990<\/p>\n","protected":false},"author":2,"featured_media":4727,"comment_status":"open","ping_status":"open","sticky":false,"template":"","format":"standard","meta":{"footnotes":""},"categories":[10,12],"tags":[],"class_list":["post-4724","post","type-post","status-publish","format-standard","has-post-thumbnail","hentry","category-mundo","category-noticias"],"yoast_head":"<!-- This site is optimized with the Yoast SEO plugin v28.3 - https:\/\/yoast.com\/product\/yoast-seo-wordpress\/ -->\n<title>Jovens da Gera\u00e7\u00e3o Z levam frustra\u00e7\u00e3o \u00e0s ruas e se tornam protagonistas de grandes manifesta\u00e7\u00f5es globais - Ello TV<\/title>\n<meta name=\"description\" content=\"Jovens da Gera\u00e7\u00e3o Z protagonizam protestos ao redor do mundo, impulsionados por desigualdade, falta de oportunidades e uso estrat\u00e9gico das redes sociais como ferramenta de mobiliza\u00e7\u00e3o e ativismo.\" \/>\n<meta name=\"robots\" content=\"index, follow, max-snippet:-1, max-image-preview:large, max-video-preview:-1\" \/>\n<link rel=\"canonical\" href=\"https:\/\/ellotv.com.br\/site\/2026\/01\/30\/jovens-da-geracao-z-levam-frustracao-as-ruas-e-se-tornam-protagonistas-de-grandes-manifestacoes-globais\/\" \/>\n<meta property=\"og:locale\" content=\"pt_BR\" \/>\n<meta property=\"og:type\" content=\"article\" \/>\n<meta property=\"og:title\" content=\"Jovens da Gera\u00e7\u00e3o Z levam frustra\u00e7\u00e3o \u00e0s ruas e se tornam protagonistas de grandes manifesta\u00e7\u00f5es globais - Ello TV\" \/>\n<meta property=\"og:description\" content=\"Jovens da Gera\u00e7\u00e3o Z protagonizam protestos ao redor do mundo, impulsionados por desigualdade, falta de oportunidades e uso estrat\u00e9gico das redes sociais como ferramenta de mobiliza\u00e7\u00e3o e ativismo.\" \/>\n<meta property=\"og:url\" content=\"https:\/\/ellotv.com.br\/site\/2026\/01\/30\/jovens-da-geracao-z-levam-frustracao-as-ruas-e-se-tornam-protagonistas-de-grandes-manifestacoes-globais\/\" \/>\n<meta property=\"og:site_name\" content=\"Ello TV\" \/>\n<meta property=\"article:published_time\" content=\"2026-01-30T12:15:28+00:00\" \/>\n<meta property=\"og:image\" content=\"https:\/\/ellotv.com.br\/site\/wp-content\/uploads\/2026\/01\/WhatsApp-Image-2026-01-30-at-09.12.25.jpeg\" \/>\n\t<meta property=\"og:image:width\" content=\"1089\" \/>\n\t<meta property=\"og:image:height\" content=\"726\" \/>\n\t<meta property=\"og:image:type\" content=\"image\/jpeg\" \/>\n<meta name=\"author\" content=\"ELLO TV\" \/>\n<meta name=\"twitter:card\" content=\"summary_large_image\" \/>\n<meta name=\"twitter:label1\" content=\"Escrito por\" \/>\n\t<meta name=\"twitter:data1\" content=\"ELLO TV\" \/>\n\t<meta name=\"twitter:label2\" content=\"Est. tempo de leitura\" \/>\n\t<meta name=\"twitter:data2\" content=\"2 minutos\" \/>\n<script type=\"application\/ld+json\" class=\"yoast-schema-graph\">{\"@context\":\"https:\\\/\\\/schema.org\",\"@graph\":[{\"@type\":\"Article\",\"@id\":\"https:\\\/\\\/ellotv.com.br\\\/site\\\/2026\\\/01\\\/30\\\/jovens-da-geracao-z-levam-frustracao-as-ruas-e-se-tornam-protagonistas-de-grandes-manifestacoes-globais\\\/#article\",\"isPartOf\":{\"@id\":\"https:\\\/\\\/ellotv.com.br\\\/site\\\/2026\\\/01\\\/30\\\/jovens-da-geracao-z-levam-frustracao-as-ruas-e-se-tornam-protagonistas-de-grandes-manifestacoes-globais\\\/\"},\"author\":{\"name\":\"ELLO TV\",\"@id\":\"https:\\\/\\\/ellotv.com.br\\\/site\\\/#\\\/schema\\\/person\\\/2dbe3abaee38dcc7332fc8205cd2b15d\"},\"headline\":\"Jovens da Gera\u00e7\u00e3o Z levam frustra\u00e7\u00e3o \u00e0s ruas e se tornam protagonistas de grandes manifesta\u00e7\u00f5es globais\",\"datePublished\":\"2026-01-30T12:15:28+00:00\",\"mainEntityOfPage\":{\"@id\":\"https:\\\/\\\/ellotv.com.br\\\/site\\\/2026\\\/01\\\/30\\\/jovens-da-geracao-z-levam-frustracao-as-ruas-e-se-tornam-protagonistas-de-grandes-manifestacoes-globais\\\/\"},\"wordCount\":365,\"commentCount\":0,\"publisher\":{\"@id\":\"https:\\\/\\\/ellotv.com.br\\\/site\\\/#organization\"},\"image\":{\"@id\":\"https:\\\/\\\/ellotv.com.br\\\/site\\\/2026\\\/01\\\/30\\\/jovens-da-geracao-z-levam-frustracao-as-ruas-e-se-tornam-protagonistas-de-grandes-manifestacoes-globais\\\/#primaryimage\"},\"thumbnailUrl\":\"https:\\\/\\\/ellotv.com.br\\\/site\\\/wp-content\\\/uploads\\\/2026\\\/01\\\/WhatsApp-Image-2026-01-30-at-09.12.25.jpeg\",\"articleSection\":[\"Mundo\",\"Noticias\"],\"inLanguage\":\"pt-BR\",\"potentialAction\":[{\"@type\":\"CommentAction\",\"name\":\"Comment\",\"target\":[\"https:\\\/\\\/ellotv.com.br\\\/site\\\/2026\\\/01\\\/30\\\/jovens-da-geracao-z-levam-frustracao-as-ruas-e-se-tornam-protagonistas-de-grandes-manifestacoes-globais\\\/#respond\"]}]},{\"@type\":\"WebPage\",\"@id\":\"https:\\\/\\\/ellotv.com.br\\\/site\\\/2026\\\/01\\\/30\\\/jovens-da-geracao-z-levam-frustracao-as-ruas-e-se-tornam-protagonistas-de-grandes-manifestacoes-globais\\\/\",\"url\":\"https:\\\/\\\/ellotv.com.br\\\/site\\\/2026\\\/01\\\/30\\\/jovens-da-geracao-z-levam-frustracao-as-ruas-e-se-tornam-protagonistas-de-grandes-manifestacoes-globais\\\/\",\"name\":\"Jovens da Gera\u00e7\u00e3o Z levam frustra\u00e7\u00e3o \u00e0s ruas e se tornam protagonistas de grandes manifesta\u00e7\u00f5es globais - Ello TV\",\"isPartOf\":{\"@id\":\"https:\\\/\\\/ellotv.com.br\\\/site\\\/#website\"},\"primaryImageOfPage\":{\"@id\":\"https:\\\/\\\/ellotv.com.br\\\/site\\\/2026\\\/01\\\/30\\\/jovens-da-geracao-z-levam-frustracao-as-ruas-e-se-tornam-protagonistas-de-grandes-manifestacoes-globais\\\/#primaryimage\"},\"image\":{\"@id\":\"https:\\\/\\\/ellotv.com.br\\\/site\\\/2026\\\/01\\\/30\\\/jovens-da-geracao-z-levam-frustracao-as-ruas-e-se-tornam-protagonistas-de-grandes-manifestacoes-globais\\\/#primaryimage\"},\"thumbnailUrl\":\"https:\\\/\\\/ellotv.com.br\\\/site\\\/wp-content\\\/uploads\\\/2026\\\/01\\\/WhatsApp-Image-2026-01-30-at-09.12.25.jpeg\",\"datePublished\":\"2026-01-30T12:15:28+00:00\",\"description\":\"Jovens da Gera\u00e7\u00e3o Z protagonizam protestos ao redor do mundo, impulsionados por desigualdade, falta de oportunidades e uso estrat\u00e9gico das redes sociais como ferramenta de mobiliza\u00e7\u00e3o e ativismo.\",\"breadcrumb\":{\"@id\":\"https:\\\/\\\/ellotv.com.br\\\/site\\\/2026\\\/01\\\/30\\\/jovens-da-geracao-z-levam-frustracao-as-ruas-e-se-tornam-protagonistas-de-grandes-manifestacoes-globais\\\/#breadcrumb\"},\"inLanguage\":\"pt-BR\",\"potentialAction\":[{\"@type\":\"ReadAction\",\"target\":[\"https:\\\/\\\/ellotv.com.br\\\/site\\\/2026\\\/01\\\/30\\\/jovens-da-geracao-z-levam-frustracao-as-ruas-e-se-tornam-protagonistas-de-grandes-manifestacoes-globais\\\/\"]}]},{\"@type\":\"ImageObject\",\"inLanguage\":\"pt-BR\",\"@id\":\"https:\\\/\\\/ellotv.com.br\\\/site\\\/2026\\\/01\\\/30\\\/jovens-da-geracao-z-levam-frustracao-as-ruas-e-se-tornam-protagonistas-de-grandes-manifestacoes-globais\\\/#primaryimage\",\"url\":\"https:\\\/\\\/ellotv.com.br\\\/site\\\/wp-content\\\/uploads\\\/2026\\\/01\\\/WhatsApp-Image-2026-01-30-at-09.12.25.jpeg\",\"contentUrl\":\"https:\\\/\\\/ellotv.com.br\\\/site\\\/wp-content\\\/uploads\\\/2026\\\/01\\\/WhatsApp-Image-2026-01-30-at-09.12.25.jpeg\",\"width\":1089,\"height\":726},{\"@type\":\"BreadcrumbList\",\"@id\":\"https:\\\/\\\/ellotv.com.br\\\/site\\\/2026\\\/01\\\/30\\\/jovens-da-geracao-z-levam-frustracao-as-ruas-e-se-tornam-protagonistas-de-grandes-manifestacoes-globais\\\/#breadcrumb\",\"itemListElement\":[{\"@type\":\"ListItem\",\"position\":1,\"name\":\"In\u00edcio\",\"item\":\"https:\\\/\\\/ellotv.com.br\\\/site\\\/\"},{\"@type\":\"ListItem\",\"position\":2,\"name\":\"Jovens da Gera\u00e7\u00e3o Z levam frustra\u00e7\u00e3o \u00e0s ruas e se tornam protagonistas de grandes manifesta\u00e7\u00f5es globais\"}]},{\"@type\":\"WebSite\",\"@id\":\"https:\\\/\\\/ellotv.com.br\\\/site\\\/#website\",\"url\":\"https:\\\/\\\/ellotv.com.br\\\/site\\\/\",\"name\":\"ELLO TV\",\"description\":\"\",\"publisher\":{\"@id\":\"https:\\\/\\\/ellotv.com.br\\\/site\\\/#organization\"},\"potentialAction\":[{\"@type\":\"SearchAction\",\"target\":{\"@type\":\"EntryPoint\",\"urlTemplate\":\"https:\\\/\\\/ellotv.com.br\\\/site\\\/?s={search_term_string}\"},\"query-input\":{\"@type\":\"PropertyValueSpecification\",\"valueRequired\":true,\"valueName\":\"search_term_string\"}}],\"inLanguage\":\"pt-BR\"},{\"@type\":\"Organization\",\"@id\":\"https:\\\/\\\/ellotv.com.br\\\/site\\\/#organization\",\"name\":\"ELLO TV\",\"url\":\"https:\\\/\\\/ellotv.com.br\\\/site\\\/\",\"logo\":{\"@type\":\"ImageObject\",\"inLanguage\":\"pt-BR\",\"@id\":\"https:\\\/\\\/ellotv.com.br\\\/site\\\/#\\\/schema\\\/logo\\\/image\\\/\",\"url\":\"https:\\\/\\\/ellotv.com.br\\\/site\\\/wp-content\\\/uploads\\\/2025\\\/11\\\/ello-logo-2.fw_.png\",\"contentUrl\":\"https:\\\/\\\/ellotv.com.br\\\/site\\\/wp-content\\\/uploads\\\/2025\\\/11\\\/ello-logo-2.fw_.png\",\"width\":400,\"height\":146,\"caption\":\"ELLO TV\"},\"image\":{\"@id\":\"https:\\\/\\\/ellotv.com.br\\\/site\\\/#\\\/schema\\\/logo\\\/image\\\/\"}},{\"@type\":\"Person\",\"@id\":\"https:\\\/\\\/ellotv.com.br\\\/site\\\/#\\\/schema\\\/person\\\/2dbe3abaee38dcc7332fc8205cd2b15d\",\"name\":\"ELLO TV\",\"image\":{\"@type\":\"ImageObject\",\"inLanguage\":\"pt-BR\",\"@id\":\"https:\\\/\\\/secure.gravatar.com\\\/avatar\\\/c38242b9da8ec217ac3f0aaee31a54f7d7befb11b2b47fdbc8fb0fad60afa1c6?s=96&d=mm&r=g\",\"url\":\"https:\\\/\\\/secure.gravatar.com\\\/avatar\\\/c38242b9da8ec217ac3f0aaee31a54f7d7befb11b2b47fdbc8fb0fad60afa1c6?s=96&d=mm&r=g\",\"contentUrl\":\"https:\\\/\\\/secure.gravatar.com\\\/avatar\\\/c38242b9da8ec217ac3f0aaee31a54f7d7befb11b2b47fdbc8fb0fad60afa1c6?s=96&d=mm&r=g\",\"caption\":\"ELLO TV\"},\"url\":\"https:\\\/\\\/ellotv.com.br\\\/site\\\/author\\\/elloagencia\\\/\"}]}<\/script>\n<!-- \/ Yoast SEO plugin. -->","yoast_head_json":{"title":"Jovens da Gera\u00e7\u00e3o Z levam frustra\u00e7\u00e3o \u00e0s ruas e se tornam protagonistas de grandes manifesta\u00e7\u00f5es globais - Ello TV","description":"Jovens da Gera\u00e7\u00e3o Z protagonizam protestos ao redor do mundo, impulsionados por desigualdade, falta de oportunidades e uso estrat\u00e9gico das redes sociais como ferramenta de mobiliza\u00e7\u00e3o e ativismo.","robots":{"index":"index","follow":"follow","max-snippet":"max-snippet:-1","max-image-preview":"max-image-preview:large","max-video-preview":"max-video-preview:-1"},"canonical":"https:\/\/ellotv.com.br\/site\/2026\/01\/30\/jovens-da-geracao-z-levam-frustracao-as-ruas-e-se-tornam-protagonistas-de-grandes-manifestacoes-globais\/","og_locale":"pt_BR","og_type":"article","og_title":"Jovens da Gera\u00e7\u00e3o Z levam frustra\u00e7\u00e3o \u00e0s ruas e se tornam protagonistas de grandes manifesta\u00e7\u00f5es globais - Ello TV","og_description":"Jovens da Gera\u00e7\u00e3o Z protagonizam protestos ao redor do mundo, impulsionados por desigualdade, falta de oportunidades e uso estrat\u00e9gico das redes sociais como ferramenta de mobiliza\u00e7\u00e3o e ativismo.","og_url":"https:\/\/ellotv.com.br\/site\/2026\/01\/30\/jovens-da-geracao-z-levam-frustracao-as-ruas-e-se-tornam-protagonistas-de-grandes-manifestacoes-globais\/","og_site_name":"Ello TV","article_published_time":"2026-01-30T12:15:28+00:00","og_image":[{"width":1089,"height":726,"url":"https:\/\/ellotv.com.br\/site\/wp-content\/uploads\/2026\/01\/WhatsApp-Image-2026-01-30-at-09.12.25.jpeg","type":"image\/jpeg"}],"author":"ELLO TV","twitter_card":"summary_large_image","twitter_misc":{"Escrito por":"ELLO TV","Est. tempo de leitura":"2 minutos"},"schema":{"@context":"https:\/\/schema.org","@graph":[{"@type":"Article","@id":"https:\/\/ellotv.com.br\/site\/2026\/01\/30\/jovens-da-geracao-z-levam-frustracao-as-ruas-e-se-tornam-protagonistas-de-grandes-manifestacoes-globais\/#article","isPartOf":{"@id":"https:\/\/ellotv.com.br\/site\/2026\/01\/30\/jovens-da-geracao-z-levam-frustracao-as-ruas-e-se-tornam-protagonistas-de-grandes-manifestacoes-globais\/"},"author":{"name":"ELLO TV","@id":"https:\/\/ellotv.com.br\/site\/#\/schema\/person\/2dbe3abaee38dcc7332fc8205cd2b15d"},"headline":"Jovens da Gera\u00e7\u00e3o Z levam frustra\u00e7\u00e3o \u00e0s ruas e se tornam protagonistas de grandes manifesta\u00e7\u00f5es globais","datePublished":"2026-01-30T12:15:28+00:00","mainEntityOfPage":{"@id":"https:\/\/ellotv.com.br\/site\/2026\/01\/30\/jovens-da-geracao-z-levam-frustracao-as-ruas-e-se-tornam-protagonistas-de-grandes-manifestacoes-globais\/"},"wordCount":365,"commentCount":0,"publisher":{"@id":"https:\/\/ellotv.com.br\/site\/#organization"},"image":{"@id":"https:\/\/ellotv.com.br\/site\/2026\/01\/30\/jovens-da-geracao-z-levam-frustracao-as-ruas-e-se-tornam-protagonistas-de-grandes-manifestacoes-globais\/#primaryimage"},"thumbnailUrl":"https:\/\/ellotv.com.br\/site\/wp-content\/uploads\/2026\/01\/WhatsApp-Image-2026-01-30-at-09.12.25.jpeg","articleSection":["Mundo","Noticias"],"inLanguage":"pt-BR","potentialAction":[{"@type":"CommentAction","name":"Comment","target":["https:\/\/ellotv.com.br\/site\/2026\/01\/30\/jovens-da-geracao-z-levam-frustracao-as-ruas-e-se-tornam-protagonistas-de-grandes-manifestacoes-globais\/#respond"]}]},{"@type":"WebPage","@id":"https:\/\/ellotv.com.br\/site\/2026\/01\/30\/jovens-da-geracao-z-levam-frustracao-as-ruas-e-se-tornam-protagonistas-de-grandes-manifestacoes-globais\/","url":"https:\/\/ellotv.com.br\/site\/2026\/01\/30\/jovens-da-geracao-z-levam-frustracao-as-ruas-e-se-tornam-protagonistas-de-grandes-manifestacoes-globais\/","name":"Jovens da Gera\u00e7\u00e3o Z levam frustra\u00e7\u00e3o \u00e0s ruas e se tornam protagonistas de grandes manifesta\u00e7\u00f5es globais - Ello TV","isPartOf":{"@id":"https:\/\/ellotv.com.br\/site\/#website"},"primaryImageOfPage":{"@id":"https:\/\/ellotv.com.br\/site\/2026\/01\/30\/jovens-da-geracao-z-levam-frustracao-as-ruas-e-se-tornam-protagonistas-de-grandes-manifestacoes-globais\/#primaryimage"},"image":{"@id":"https:\/\/ellotv.com.br\/site\/2026\/01\/30\/jovens-da-geracao-z-levam-frustracao-as-ruas-e-se-tornam-protagonistas-de-grandes-manifestacoes-globais\/#primaryimage"},"thumbnailUrl":"https:\/\/ellotv.com.br\/site\/wp-content\/uploads\/2026\/01\/WhatsApp-Image-2026-01-30-at-09.12.25.jpeg","datePublished":"2026-01-30T12:15:28+00:00","description":"Jovens da Gera\u00e7\u00e3o Z protagonizam protestos ao redor do mundo, impulsionados por desigualdade, falta de oportunidades e uso estrat\u00e9gico das redes sociais como ferramenta de mobiliza\u00e7\u00e3o e ativismo.","breadcrumb":{"@id":"https:\/\/ellotv.com.br\/site\/2026\/01\/30\/jovens-da-geracao-z-levam-frustracao-as-ruas-e-se-tornam-protagonistas-de-grandes-manifestacoes-globais\/#breadcrumb"},"inLanguage":"pt-BR","potentialAction":[{"@type":"ReadAction","target":["https:\/\/ellotv.com.br\/site\/2026\/01\/30\/jovens-da-geracao-z-levam-frustracao-as-ruas-e-se-tornam-protagonistas-de-grandes-manifestacoes-globais\/"]}]},{"@type":"ImageObject","inLanguage":"pt-BR","@id":"https:\/\/ellotv.com.br\/site\/2026\/01\/30\/jovens-da-geracao-z-levam-frustracao-as-ruas-e-se-tornam-protagonistas-de-grandes-manifestacoes-globais\/#primaryimage","url":"https:\/\/ellotv.com.br\/site\/wp-content\/uploads\/2026\/01\/WhatsApp-Image-2026-01-30-at-09.12.25.jpeg","contentUrl":"https:\/\/ellotv.com.br\/site\/wp-content\/uploads\/2026\/01\/WhatsApp-Image-2026-01-30-at-09.12.25.jpeg","width":1089,"height":726},{"@type":"BreadcrumbList","@id":"https:\/\/ellotv.com.br\/site\/2026\/01\/30\/jovens-da-geracao-z-levam-frustracao-as-ruas-e-se-tornam-protagonistas-de-grandes-manifestacoes-globais\/#breadcrumb","itemListElement":[{"@type":"ListItem","position":1,"name":"In\u00edcio","item":"https:\/\/ellotv.com.br\/site\/"},{"@type":"ListItem","position":2,"name":"Jovens da Gera\u00e7\u00e3o Z levam frustra\u00e7\u00e3o \u00e0s ruas e se tornam protagonistas de grandes manifesta\u00e7\u00f5es globais"}]},{"@type":"WebSite","@id":"https:\/\/ellotv.com.br\/site\/#website","url":"https:\/\/ellotv.com.br\/site\/","name":"ELLO TV","description":"","publisher":{"@id":"https:\/\/ellotv.com.br\/site\/#organization"},"potentialAction":[{"@type":"SearchAction","target":{"@type":"EntryPoint","urlTemplate":"https:\/\/ellotv.com.br\/site\/?s={search_term_string}"},"query-input":{"@type":"PropertyValueSpecification","valueRequired":true,"valueName":"search_term_string"}}],"inLanguage":"pt-BR"},{"@type":"Organization","@id":"https:\/\/ellotv.com.br\/site\/#organization","name":"ELLO TV","url":"https:\/\/ellotv.com.br\/site\/","logo":{"@type":"ImageObject","inLanguage":"pt-BR","@id":"https:\/\/ellotv.com.br\/site\/#\/schema\/logo\/image\/","url":"https:\/\/ellotv.com.br\/site\/wp-content\/uploads\/2025\/11\/ello-logo-2.fw_.png","contentUrl":"https:\/\/ellotv.com.br\/site\/wp-content\/uploads\/2025\/11\/ello-logo-2.fw_.png","width":400,"height":146,"caption":"ELLO TV"},"image":{"@id":"https:\/\/ellotv.com.br\/site\/#\/schema\/logo\/image\/"}},{"@type":"Person","@id":"https:\/\/ellotv.com.br\/site\/#\/schema\/person\/2dbe3abaee38dcc7332fc8205cd2b15d","name":"ELLO TV","image":{"@type":"ImageObject","inLanguage":"pt-BR","@id":"https:\/\/secure.gravatar.com\/avatar\/c38242b9da8ec217ac3f0aaee31a54f7d7befb11b2b47fdbc8fb0fad60afa1c6?s=96&d=mm&r=g","url":"https:\/\/secure.gravatar.com\/avatar\/c38242b9da8ec217ac3f0aaee31a54f7d7befb11b2b47fdbc8fb0fad60afa1c6?s=96&d=mm&r=g","contentUrl":"https:\/\/secure.gravatar.com\/avatar\/c38242b9da8ec217ac3f0aaee31a54f7d7befb11b2b47fdbc8fb0fad60afa1c6?s=96&d=mm&r=g","caption":"ELLO TV"},"url":"https:\/\/ellotv.com.br\/site\/author\/elloagencia\/"}]}},"featured_image_urls":{"full":["https:\/\/ellotv.com.br\/site\/wp-content\/uploads\/2026\/01\/WhatsApp-Image-2026-01-30-at-09.12.25.jpeg",1089,726,false],"thumbnail":["https:\/\/ellotv.com.br\/site\/wp-content\/uploads\/2026\/01\/WhatsApp-Image-2026-01-30-at-09.12.25-150x150.jpeg",150,150,true],"medium":["https:\/\/ellotv.com.br\/site\/wp-content\/uploads\/2026\/01\/WhatsApp-Image-2026-01-30-at-09.12.25-300x200.jpeg",300,200,true],"medium_large":["https:\/\/ellotv.com.br\/site\/wp-content\/uploads\/2026\/01\/WhatsApp-Image-2026-01-30-at-09.12.25-768x512.jpeg",640,427,true],"large":["https:\/\/ellotv.com.br\/site\/wp-content\/uploads\/2026\/01\/WhatsApp-Image-2026-01-30-at-09.12.25-1024x683.jpeg",640,427,true],"1536x1536":["https:\/\/ellotv.com.br\/site\/wp-content\/uploads\/2026\/01\/WhatsApp-Image-2026-01-30-at-09.12.25.jpeg",1089,726,false],"2048x2048":["https:\/\/ellotv.com.br\/site\/wp-content\/uploads\/2026\/01\/WhatsApp-Image-2026-01-30-at-09.12.25.jpeg",1089,726,false],"darknews-slider-full":["https:\/\/ellotv.com.br\/site\/wp-content\/uploads\/2026\/01\/WhatsApp-Image-2026-01-30-at-09.12.25-1089x720.jpeg",1089,720,true],"darknews-featured":["https:\/\/ellotv.com.br\/site\/wp-content\/uploads\/2026\/01\/WhatsApp-Image-2026-01-30-at-09.12.25-1024x683.jpeg",1024,683,true],"darknews-medium":["https:\/\/ellotv.com.br\/site\/wp-content\/uploads\/2026\/01\/WhatsApp-Image-2026-01-30-at-09.12.25-720x530.jpeg",720,530,true],"darknews-medium-square":["https:\/\/ellotv.com.br\/site\/wp-content\/uploads\/2026\/01\/WhatsApp-Image-2026-01-30-at-09.12.25-350x350.jpeg",350,350,true]},"author_info":{"info":["ELLO TV"]},"category_info":"<a href=\"https:\/\/ellotv.com.br\/site\/category\/mundo\/\" rel=\"category tag\">Mundo<\/a> <a href=\"https:\/\/ellotv.com.br\/site\/category\/noticias\/\" rel=\"category tag\">Noticias<\/a>","tag_info":"Noticias","comment_count":"0","_links":{"self":[{"href":"https:\/\/ellotv.com.br\/site\/wp-json\/wp\/v2\/posts\/4724","targetHints":{"allow":["GET"]}}],"collection":[{"href":"https:\/\/ellotv.com.br\/site\/wp-json\/wp\/v2\/posts"}],"about":[{"href":"https:\/\/ellotv.com.br\/site\/wp-json\/wp\/v2\/types\/post"}],"author":[{"embeddable":true,"href":"https:\/\/ellotv.com.br\/site\/wp-json\/wp\/v2\/users\/2"}],"replies":[{"embeddable":true,"href":"https:\/\/ellotv.com.br\/site\/wp-json\/wp\/v2\/comments?post=4724"}],"version-history":[{"count":2,"href":"https:\/\/ellotv.com.br\/site\/wp-json\/wp\/v2\/posts\/4724\/revisions"}],"predecessor-version":[{"id":4726,"href":"https:\/\/ellotv.com.br\/site\/wp-json\/wp\/v2\/posts\/4724\/revisions\/4726"}],"wp:featuredmedia":[{"embeddable":true,"href":"https:\/\/ellotv.com.br\/site\/wp-json\/wp\/v2\/media\/4727"}],"wp:attachment":[{"href":"https:\/\/ellotv.com.br\/site\/wp-json\/wp\/v2\/media?parent=4724"}],"wp:term":[{"taxonomy":"category","embeddable":true,"href":"https:\/\/ellotv.com.br\/site\/wp-json\/wp\/v2\/categories?post=4724"},{"taxonomy":"post_tag","embeddable":true,"href":"https:\/\/ellotv.com.br\/site\/wp-json\/wp\/v2\/tags?post=4724"}],"curies":[{"name":"wp","href":"https:\/\/api.w.org\/{rel}","templated":true}]}}