{"id":4728,"date":"2026-01-30T09:18:20","date_gmt":"2026-01-30T12:18:20","guid":{"rendered":"https:\/\/ellotv.com.br\/site\/?p=4728"},"modified":"2026-01-30T09:18:20","modified_gmt":"2026-01-30T12:18:20","slug":"mulher-de-bruce-willis-diz-que-ator-nao-tem-consciencia-do-avanco-da-demencia","status":"publish","type":"post","link":"https:\/\/ellotv.com.br\/site\/2026\/01\/30\/mulher-de-bruce-willis-diz-que-ator-nao-tem-consciencia-do-avanco-da-demencia\/","title":{"rendered":"Mulher de Bruce Willis diz que ator n\u00e3o tem consci\u00eancia do avan\u00e7o da dem\u00eancia"},"content":{"rendered":"<p>A esposa do ator Bruce Willis, Emma Heming Willis, revelou que o astro de Hollywood n\u00e3o tem plena consci\u00eancia de que sofre de dem\u00eancia frontotemporal. A declara\u00e7\u00e3o foi feita durante a participa\u00e7\u00e3o dela em um podcast internacional, no qual falou sobre os desafios emocionais e pr\u00e1ticos enfrentados pela fam\u00edlia desde o diagn\u00f3stico.<\/p>\n<p>Segundo Emma, a doen\u00e7a afeta \u00e1reas do c\u00e9rebro ligadas ao comportamento, \u00e0 linguagem e \u00e0 tomada de decis\u00f5es, o que faz com que o ator n\u00e3o compreenda totalmente a gravidade da pr\u00f3pria condi\u00e7\u00e3o. Bruce Willis, de 69 anos, afastou-se oficialmente da atua\u00e7\u00e3o em 2022 ap\u00f3s ser diagnosticado inicialmente com afasia; no ano seguinte, a fam\u00edlia confirmou a evolu\u00e7\u00e3o para dem\u00eancia frontotemporal.<\/p>\n<p>Emma destacou que a falta de consci\u00eancia sobre a doen\u00e7a \u00e9 comum nesse tipo de dem\u00eancia e que isso torna o cuidado ainda mais delicado. Ela afirmou que a fam\u00edlia busca oferecer ao ator conforto, dignidade e uma rotina est\u00e1vel, al\u00e9m de conscientizar o p\u00fablico sobre a condi\u00e7\u00e3o.<\/p>\n<p>A esposa do ator tamb\u00e9m tem se dedicado a compartilhar informa\u00e7\u00f5es sobre a doen\u00e7a e apoiar outras fam\u00edlias que enfrentam situa\u00e7\u00f5es semelhantes, refor\u00e7ando a import\u00e2ncia do diagn\u00f3stico precoce e da empatia com pacientes e cuidadores.<\/p>\n<p>Bruce Willis \u00e9 um dos nomes mais conhecidos do cinema mundial, com pap\u00e9is marcantes em franquias como Duro de Matar, O Sexto Sentido e Armageddon. Desde o afastamento, a fam\u00edlia tem mantido atualiza\u00e7\u00f5es pontuais sobre seu estado de sa\u00fade.<\/p>\n","protected":false},"excerpt":{"rendered":"<p>A esposa do ator Bruce Willis, Emma Heming Willis, revelou que o astro de Hollywood n\u00e3o tem plena<\/p>\n","protected":false},"author":2,"featured_media":4729,"comment_status":"open","ping_status":"open","sticky":false,"template":"","format":"standard","meta":{"footnotes":""},"categories":[10,12],"tags":[],"class_list":["post-4728","post","type-post","status-publish","format-standard","has-post-thumbnail","hentry","category-mundo","category-noticias"],"yoast_head":"<!-- This site is optimized with the Yoast SEO plugin v28.3 - https:\/\/yoast.com\/product\/yoast-seo-wordpress\/ -->\n<title>Mulher de Bruce Willis diz que ator n\u00e3o tem consci\u00eancia do avan\u00e7o da dem\u00eancia - Ello TV<\/title>\n<meta name=\"description\" content=\"Emma Heming Willis afirma que Bruce Willis n\u00e3o compreende totalmente a dem\u00eancia frontotemporal. Esposa fala sobre os desafios do cuidado e a import\u00e2ncia da conscientiza\u00e7\u00e3o sobre a doen\u00e7a.\" \/>\n<meta name=\"robots\" content=\"index, follow, max-snippet:-1, max-image-preview:large, max-video-preview:-1\" \/>\n<link rel=\"canonical\" href=\"https:\/\/ellotv.com.br\/site\/2026\/01\/30\/mulher-de-bruce-willis-diz-que-ator-nao-tem-consciencia-do-avanco-da-demencia\/\" \/>\n<meta property=\"og:locale\" content=\"pt_BR\" \/>\n<meta property=\"og:type\" content=\"article\" \/>\n<meta property=\"og:title\" content=\"Mulher de Bruce Willis diz que ator n\u00e3o tem consci\u00eancia do avan\u00e7o da dem\u00eancia - Ello TV\" \/>\n<meta property=\"og:description\" content=\"Emma Heming Willis afirma que Bruce Willis n\u00e3o compreende totalmente a dem\u00eancia frontotemporal. Esposa fala sobre os desafios do cuidado e a import\u00e2ncia da conscientiza\u00e7\u00e3o sobre a doen\u00e7a.\" \/>\n<meta property=\"og:url\" content=\"https:\/\/ellotv.com.br\/site\/2026\/01\/30\/mulher-de-bruce-willis-diz-que-ator-nao-tem-consciencia-do-avanco-da-demencia\/\" \/>\n<meta property=\"og:site_name\" content=\"Ello TV\" \/>\n<meta property=\"article:published_time\" content=\"2026-01-30T12:18:20+00:00\" \/>\n<meta property=\"og:image\" content=\"https:\/\/ellotv.com.br\/site\/wp-content\/uploads\/2026\/01\/WhatsApp-Image-2026-01-30-at-09.15.16.jpeg\" \/>\n\t<meta property=\"og:image:width\" content=\"1200\" \/>\n\t<meta property=\"og:image:height\" content=\"1200\" \/>\n\t<meta property=\"og:image:type\" content=\"image\/jpeg\" \/>\n<meta name=\"author\" content=\"ELLO TV\" \/>\n<meta name=\"twitter:card\" content=\"summary_large_image\" \/>\n<meta name=\"twitter:label1\" content=\"Escrito por\" \/>\n\t<meta name=\"twitter:data1\" content=\"ELLO TV\" \/>\n\t<meta name=\"twitter:label2\" content=\"Est. tempo de leitura\" \/>\n\t<meta name=\"twitter:data2\" content=\"1 minuto\" \/>\n<script type=\"application\/ld+json\" class=\"yoast-schema-graph\">{\"@context\":\"https:\\\/\\\/schema.org\",\"@graph\":[{\"@type\":\"Article\",\"@id\":\"https:\\\/\\\/ellotv.com.br\\\/site\\\/2026\\\/01\\\/30\\\/mulher-de-bruce-willis-diz-que-ator-nao-tem-consciencia-do-avanco-da-demencia\\\/#article\",\"isPartOf\":{\"@id\":\"https:\\\/\\\/ellotv.com.br\\\/site\\\/2026\\\/01\\\/30\\\/mulher-de-bruce-willis-diz-que-ator-nao-tem-consciencia-do-avanco-da-demencia\\\/\"},\"author\":{\"name\":\"ELLO TV\",\"@id\":\"https:\\\/\\\/ellotv.com.br\\\/site\\\/#\\\/schema\\\/person\\\/2dbe3abaee38dcc7332fc8205cd2b15d\"},\"headline\":\"Mulher de Bruce Willis diz que ator n\u00e3o tem consci\u00eancia do avan\u00e7o da dem\u00eancia\",\"datePublished\":\"2026-01-30T12:18:20+00:00\",\"mainEntityOfPage\":{\"@id\":\"https:\\\/\\\/ellotv.com.br\\\/site\\\/2026\\\/01\\\/30\\\/mulher-de-bruce-willis-diz-que-ator-nao-tem-consciencia-do-avanco-da-demencia\\\/\"},\"wordCount\":286,\"commentCount\":0,\"publisher\":{\"@id\":\"https:\\\/\\\/ellotv.com.br\\\/site\\\/#organization\"},\"image\":{\"@id\":\"https:\\\/\\\/ellotv.com.br\\\/site\\\/2026\\\/01\\\/30\\\/mulher-de-bruce-willis-diz-que-ator-nao-tem-consciencia-do-avanco-da-demencia\\\/#primaryimage\"},\"thumbnailUrl\":\"https:\\\/\\\/ellotv.com.br\\\/site\\\/wp-content\\\/uploads\\\/2026\\\/01\\\/WhatsApp-Image-2026-01-30-at-09.15.16.jpeg\",\"articleSection\":[\"Mundo\",\"Noticias\"],\"inLanguage\":\"pt-BR\",\"potentialAction\":[{\"@type\":\"CommentAction\",\"name\":\"Comment\",\"target\":[\"https:\\\/\\\/ellotv.com.br\\\/site\\\/2026\\\/01\\\/30\\\/mulher-de-bruce-willis-diz-que-ator-nao-tem-consciencia-do-avanco-da-demencia\\\/#respond\"]}]},{\"@type\":\"WebPage\",\"@id\":\"https:\\\/\\\/ellotv.com.br\\\/site\\\/2026\\\/01\\\/30\\\/mulher-de-bruce-willis-diz-que-ator-nao-tem-consciencia-do-avanco-da-demencia\\\/\",\"url\":\"https:\\\/\\\/ellotv.com.br\\\/site\\\/2026\\\/01\\\/30\\\/mulher-de-bruce-willis-diz-que-ator-nao-tem-consciencia-do-avanco-da-demencia\\\/\",\"name\":\"Mulher de Bruce Willis diz que ator n\u00e3o tem consci\u00eancia do avan\u00e7o da dem\u00eancia - Ello TV\",\"isPartOf\":{\"@id\":\"https:\\\/\\\/ellotv.com.br\\\/site\\\/#website\"},\"primaryImageOfPage\":{\"@id\":\"https:\\\/\\\/ellotv.com.br\\\/site\\\/2026\\\/01\\\/30\\\/mulher-de-bruce-willis-diz-que-ator-nao-tem-consciencia-do-avanco-da-demencia\\\/#primaryimage\"},\"image\":{\"@id\":\"https:\\\/\\\/ellotv.com.br\\\/site\\\/2026\\\/01\\\/30\\\/mulher-de-bruce-willis-diz-que-ator-nao-tem-consciencia-do-avanco-da-demencia\\\/#primaryimage\"},\"thumbnailUrl\":\"https:\\\/\\\/ellotv.com.br\\\/site\\\/wp-content\\\/uploads\\\/2026\\\/01\\\/WhatsApp-Image-2026-01-30-at-09.15.16.jpeg\",\"datePublished\":\"2026-01-30T12:18:20+00:00\",\"description\":\"Emma Heming Willis afirma que Bruce Willis n\u00e3o compreende totalmente a dem\u00eancia frontotemporal. Esposa fala sobre os desafios do cuidado e a import\u00e2ncia da conscientiza\u00e7\u00e3o sobre a doen\u00e7a.\",\"breadcrumb\":{\"@id\":\"https:\\\/\\\/ellotv.com.br\\\/site\\\/2026\\\/01\\\/30\\\/mulher-de-bruce-willis-diz-que-ator-nao-tem-consciencia-do-avanco-da-demencia\\\/#breadcrumb\"},\"inLanguage\":\"pt-BR\",\"potentialAction\":[{\"@type\":\"ReadAction\",\"target\":[\"https:\\\/\\\/ellotv.com.br\\\/site\\\/2026\\\/01\\\/30\\\/mulher-de-bruce-willis-diz-que-ator-nao-tem-consciencia-do-avanco-da-demencia\\\/\"]}]},{\"@type\":\"ImageObject\",\"inLanguage\":\"pt-BR\",\"@id\":\"https:\\\/\\\/ellotv.com.br\\\/site\\\/2026\\\/01\\\/30\\\/mulher-de-bruce-willis-diz-que-ator-nao-tem-consciencia-do-avanco-da-demencia\\\/#primaryimage\",\"url\":\"https:\\\/\\\/ellotv.com.br\\\/site\\\/wp-content\\\/uploads\\\/2026\\\/01\\\/WhatsApp-Image-2026-01-30-at-09.15.16.jpeg\",\"contentUrl\":\"https:\\\/\\\/ellotv.com.br\\\/site\\\/wp-content\\\/uploads\\\/2026\\\/01\\\/WhatsApp-Image-2026-01-30-at-09.15.16.jpeg\",\"width\":1200,\"height\":1200},{\"@type\":\"BreadcrumbList\",\"@id\":\"https:\\\/\\\/ellotv.com.br\\\/site\\\/2026\\\/01\\\/30\\\/mulher-de-bruce-willis-diz-que-ator-nao-tem-consciencia-do-avanco-da-demencia\\\/#breadcrumb\",\"itemListElement\":[{\"@type\":\"ListItem\",\"position\":1,\"name\":\"In\u00edcio\",\"item\":\"https:\\\/\\\/ellotv.com.br\\\/site\\\/\"},{\"@type\":\"ListItem\",\"position\":2,\"name\":\"Mulher de Bruce Willis diz que ator n\u00e3o tem consci\u00eancia do avan\u00e7o da dem\u00eancia\"}]},{\"@type\":\"WebSite\",\"@id\":\"https:\\\/\\\/ellotv.com.br\\\/site\\\/#website\",\"url\":\"https:\\\/\\\/ellotv.com.br\\\/site\\\/\",\"name\":\"ELLO TV\",\"description\":\"\",\"publisher\":{\"@id\":\"https:\\\/\\\/ellotv.com.br\\\/site\\\/#organization\"},\"potentialAction\":[{\"@type\":\"SearchAction\",\"target\":{\"@type\":\"EntryPoint\",\"urlTemplate\":\"https:\\\/\\\/ellotv.com.br\\\/site\\\/?s={search_term_string}\"},\"query-input\":{\"@type\":\"PropertyValueSpecification\",\"valueRequired\":true,\"valueName\":\"search_term_string\"}}],\"inLanguage\":\"pt-BR\"},{\"@type\":\"Organization\",\"@id\":\"https:\\\/\\\/ellotv.com.br\\\/site\\\/#organization\",\"name\":\"ELLO TV\",\"url\":\"https:\\\/\\\/ellotv.com.br\\\/site\\\/\",\"logo\":{\"@type\":\"ImageObject\",\"inLanguage\":\"pt-BR\",\"@id\":\"https:\\\/\\\/ellotv.com.br\\\/site\\\/#\\\/schema\\\/logo\\\/image\\\/\",\"url\":\"https:\\\/\\\/ellotv.com.br\\\/site\\\/wp-content\\\/uploads\\\/2025\\\/11\\\/ello-logo-2.fw_.png\",\"contentUrl\":\"https:\\\/\\\/ellotv.com.br\\\/site\\\/wp-content\\\/uploads\\\/2025\\\/11\\\/ello-logo-2.fw_.png\",\"width\":400,\"height\":146,\"caption\":\"ELLO TV\"},\"image\":{\"@id\":\"https:\\\/\\\/ellotv.com.br\\\/site\\\/#\\\/schema\\\/logo\\\/image\\\/\"}},{\"@type\":\"Person\",\"@id\":\"https:\\\/\\\/ellotv.com.br\\\/site\\\/#\\\/schema\\\/person\\\/2dbe3abaee38dcc7332fc8205cd2b15d\",\"name\":\"ELLO TV\",\"image\":{\"@type\":\"ImageObject\",\"inLanguage\":\"pt-BR\",\"@id\":\"https:\\\/\\\/secure.gravatar.com\\\/avatar\\\/c38242b9da8ec217ac3f0aaee31a54f7d7befb11b2b47fdbc8fb0fad60afa1c6?s=96&d=mm&r=g\",\"url\":\"https:\\\/\\\/secure.gravatar.com\\\/avatar\\\/c38242b9da8ec217ac3f0aaee31a54f7d7befb11b2b47fdbc8fb0fad60afa1c6?s=96&d=mm&r=g\",\"contentUrl\":\"https:\\\/\\\/secure.gravatar.com\\\/avatar\\\/c38242b9da8ec217ac3f0aaee31a54f7d7befb11b2b47fdbc8fb0fad60afa1c6?s=96&d=mm&r=g\",\"caption\":\"ELLO TV\"},\"url\":\"https:\\\/\\\/ellotv.com.br\\\/site\\\/author\\\/elloagencia\\\/\"}]}<\/script>\n<!-- \/ Yoast SEO plugin. -->","yoast_head_json":{"title":"Mulher de Bruce Willis diz que ator n\u00e3o tem consci\u00eancia do avan\u00e7o da dem\u00eancia - Ello TV","description":"Emma Heming Willis afirma que Bruce Willis n\u00e3o compreende totalmente a dem\u00eancia frontotemporal. Esposa fala sobre os desafios do cuidado e a import\u00e2ncia da conscientiza\u00e7\u00e3o sobre a doen\u00e7a.","robots":{"index":"index","follow":"follow","max-snippet":"max-snippet:-1","max-image-preview":"max-image-preview:large","max-video-preview":"max-video-preview:-1"},"canonical":"https:\/\/ellotv.com.br\/site\/2026\/01\/30\/mulher-de-bruce-willis-diz-que-ator-nao-tem-consciencia-do-avanco-da-demencia\/","og_locale":"pt_BR","og_type":"article","og_title":"Mulher de Bruce Willis diz que ator n\u00e3o tem consci\u00eancia do avan\u00e7o da dem\u00eancia - Ello TV","og_description":"Emma Heming Willis afirma que Bruce Willis n\u00e3o compreende totalmente a dem\u00eancia frontotemporal. Esposa fala sobre os desafios do cuidado e a import\u00e2ncia da conscientiza\u00e7\u00e3o sobre a doen\u00e7a.","og_url":"https:\/\/ellotv.com.br\/site\/2026\/01\/30\/mulher-de-bruce-willis-diz-que-ator-nao-tem-consciencia-do-avanco-da-demencia\/","og_site_name":"Ello TV","article_published_time":"2026-01-30T12:18:20+00:00","og_image":[{"width":1200,"height":1200,"url":"https:\/\/ellotv.com.br\/site\/wp-content\/uploads\/2026\/01\/WhatsApp-Image-2026-01-30-at-09.15.16.jpeg","type":"image\/jpeg"}],"author":"ELLO TV","twitter_card":"summary_large_image","twitter_misc":{"Escrito por":"ELLO TV","Est. tempo de leitura":"1 minuto"},"schema":{"@context":"https:\/\/schema.org","@graph":[{"@type":"Article","@id":"https:\/\/ellotv.com.br\/site\/2026\/01\/30\/mulher-de-bruce-willis-diz-que-ator-nao-tem-consciencia-do-avanco-da-demencia\/#article","isPartOf":{"@id":"https:\/\/ellotv.com.br\/site\/2026\/01\/30\/mulher-de-bruce-willis-diz-que-ator-nao-tem-consciencia-do-avanco-da-demencia\/"},"author":{"name":"ELLO TV","@id":"https:\/\/ellotv.com.br\/site\/#\/schema\/person\/2dbe3abaee38dcc7332fc8205cd2b15d"},"headline":"Mulher de Bruce Willis diz que ator n\u00e3o tem consci\u00eancia do avan\u00e7o da dem\u00eancia","datePublished":"2026-01-30T12:18:20+00:00","mainEntityOfPage":{"@id":"https:\/\/ellotv.com.br\/site\/2026\/01\/30\/mulher-de-bruce-willis-diz-que-ator-nao-tem-consciencia-do-avanco-da-demencia\/"},"wordCount":286,"commentCount":0,"publisher":{"@id":"https:\/\/ellotv.com.br\/site\/#organization"},"image":{"@id":"https:\/\/ellotv.com.br\/site\/2026\/01\/30\/mulher-de-bruce-willis-diz-que-ator-nao-tem-consciencia-do-avanco-da-demencia\/#primaryimage"},"thumbnailUrl":"https:\/\/ellotv.com.br\/site\/wp-content\/uploads\/2026\/01\/WhatsApp-Image-2026-01-30-at-09.15.16.jpeg","articleSection":["Mundo","Noticias"],"inLanguage":"pt-BR","potentialAction":[{"@type":"CommentAction","name":"Comment","target":["https:\/\/ellotv.com.br\/site\/2026\/01\/30\/mulher-de-bruce-willis-diz-que-ator-nao-tem-consciencia-do-avanco-da-demencia\/#respond"]}]},{"@type":"WebPage","@id":"https:\/\/ellotv.com.br\/site\/2026\/01\/30\/mulher-de-bruce-willis-diz-que-ator-nao-tem-consciencia-do-avanco-da-demencia\/","url":"https:\/\/ellotv.com.br\/site\/2026\/01\/30\/mulher-de-bruce-willis-diz-que-ator-nao-tem-consciencia-do-avanco-da-demencia\/","name":"Mulher de Bruce Willis diz que ator n\u00e3o tem consci\u00eancia do avan\u00e7o da dem\u00eancia - Ello TV","isPartOf":{"@id":"https:\/\/ellotv.com.br\/site\/#website"},"primaryImageOfPage":{"@id":"https:\/\/ellotv.com.br\/site\/2026\/01\/30\/mulher-de-bruce-willis-diz-que-ator-nao-tem-consciencia-do-avanco-da-demencia\/#primaryimage"},"image":{"@id":"https:\/\/ellotv.com.br\/site\/2026\/01\/30\/mulher-de-bruce-willis-diz-que-ator-nao-tem-consciencia-do-avanco-da-demencia\/#primaryimage"},"thumbnailUrl":"https:\/\/ellotv.com.br\/site\/wp-content\/uploads\/2026\/01\/WhatsApp-Image-2026-01-30-at-09.15.16.jpeg","datePublished":"2026-01-30T12:18:20+00:00","description":"Emma Heming Willis afirma que Bruce Willis n\u00e3o compreende totalmente a dem\u00eancia frontotemporal. Esposa fala sobre os desafios do cuidado e a import\u00e2ncia da conscientiza\u00e7\u00e3o sobre a doen\u00e7a.","breadcrumb":{"@id":"https:\/\/ellotv.com.br\/site\/2026\/01\/30\/mulher-de-bruce-willis-diz-que-ator-nao-tem-consciencia-do-avanco-da-demencia\/#breadcrumb"},"inLanguage":"pt-BR","potentialAction":[{"@type":"ReadAction","target":["https:\/\/ellotv.com.br\/site\/2026\/01\/30\/mulher-de-bruce-willis-diz-que-ator-nao-tem-consciencia-do-avanco-da-demencia\/"]}]},{"@type":"ImageObject","inLanguage":"pt-BR","@id":"https:\/\/ellotv.com.br\/site\/2026\/01\/30\/mulher-de-bruce-willis-diz-que-ator-nao-tem-consciencia-do-avanco-da-demencia\/#primaryimage","url":"https:\/\/ellotv.com.br\/site\/wp-content\/uploads\/2026\/01\/WhatsApp-Image-2026-01-30-at-09.15.16.jpeg","contentUrl":"https:\/\/ellotv.com.br\/site\/wp-content\/uploads\/2026\/01\/WhatsApp-Image-2026-01-30-at-09.15.16.jpeg","width":1200,"height":1200},{"@type":"BreadcrumbList","@id":"https:\/\/ellotv.com.br\/site\/2026\/01\/30\/mulher-de-bruce-willis-diz-que-ator-nao-tem-consciencia-do-avanco-da-demencia\/#breadcrumb","itemListElement":[{"@type":"ListItem","position":1,"name":"In\u00edcio","item":"https:\/\/ellotv.com.br\/site\/"},{"@type":"ListItem","position":2,"name":"Mulher de Bruce Willis diz que ator n\u00e3o tem consci\u00eancia do avan\u00e7o da dem\u00eancia"}]},{"@type":"WebSite","@id":"https:\/\/ellotv.com.br\/site\/#website","url":"https:\/\/ellotv.com.br\/site\/","name":"ELLO TV","description":"","publisher":{"@id":"https:\/\/ellotv.com.br\/site\/#organization"},"potentialAction":[{"@type":"SearchAction","target":{"@type":"EntryPoint","urlTemplate":"https:\/\/ellotv.com.br\/site\/?s={search_term_string}"},"query-input":{"@type":"PropertyValueSpecification","valueRequired":true,"valueName":"search_term_string"}}],"inLanguage":"pt-BR"},{"@type":"Organization","@id":"https:\/\/ellotv.com.br\/site\/#organization","name":"ELLO TV","url":"https:\/\/ellotv.com.br\/site\/","logo":{"@type":"ImageObject","inLanguage":"pt-BR","@id":"https:\/\/ellotv.com.br\/site\/#\/schema\/logo\/image\/","url":"https:\/\/ellotv.com.br\/site\/wp-content\/uploads\/2025\/11\/ello-logo-2.fw_.png","contentUrl":"https:\/\/ellotv.com.br\/site\/wp-content\/uploads\/2025\/11\/ello-logo-2.fw_.png","width":400,"height":146,"caption":"ELLO TV"},"image":{"@id":"https:\/\/ellotv.com.br\/site\/#\/schema\/logo\/image\/"}},{"@type":"Person","@id":"https:\/\/ellotv.com.br\/site\/#\/schema\/person\/2dbe3abaee38dcc7332fc8205cd2b15d","name":"ELLO TV","image":{"@type":"ImageObject","inLanguage":"pt-BR","@id":"https:\/\/secure.gravatar.com\/avatar\/c38242b9da8ec217ac3f0aaee31a54f7d7befb11b2b47fdbc8fb0fad60afa1c6?s=96&d=mm&r=g","url":"https:\/\/secure.gravatar.com\/avatar\/c38242b9da8ec217ac3f0aaee31a54f7d7befb11b2b47fdbc8fb0fad60afa1c6?s=96&d=mm&r=g","contentUrl":"https:\/\/secure.gravatar.com\/avatar\/c38242b9da8ec217ac3f0aaee31a54f7d7befb11b2b47fdbc8fb0fad60afa1c6?s=96&d=mm&r=g","caption":"ELLO TV"},"url":"https:\/\/ellotv.com.br\/site\/author\/elloagencia\/"}]}},"featured_image_urls":{"full":["https:\/\/ellotv.com.br\/site\/wp-content\/uploads\/2026\/01\/WhatsApp-Image-2026-01-30-at-09.15.16.jpeg",1200,1200,false],"thumbnail":["https:\/\/ellotv.com.br\/site\/wp-content\/uploads\/2026\/01\/WhatsApp-Image-2026-01-30-at-09.15.16-150x150.jpeg",150,150,true],"medium":["https:\/\/ellotv.com.br\/site\/wp-content\/uploads\/2026\/01\/WhatsApp-Image-2026-01-30-at-09.15.16-300x300.jpeg",300,300,true],"medium_large":["https:\/\/ellotv.com.br\/site\/wp-content\/uploads\/2026\/01\/WhatsApp-Image-2026-01-30-at-09.15.16-768x768.jpeg",640,640,true],"large":["https:\/\/ellotv.com.br\/site\/wp-content\/uploads\/2026\/01\/WhatsApp-Image-2026-01-30-at-09.15.16-1024x1024.jpeg",640,640,true],"1536x1536":["https:\/\/ellotv.com.br\/site\/wp-content\/uploads\/2026\/01\/WhatsApp-Image-2026-01-30-at-09.15.16.jpeg",1200,1200,false],"2048x2048":["https:\/\/ellotv.com.br\/site\/wp-content\/uploads\/2026\/01\/WhatsApp-Image-2026-01-30-at-09.15.16.jpeg",1200,1200,false],"darknews-slider-full":["https:\/\/ellotv.com.br\/site\/wp-content\/uploads\/2026\/01\/WhatsApp-Image-2026-01-30-at-09.15.16-1200x720.jpeg",1200,720,true],"darknews-featured":["https:\/\/ellotv.com.br\/site\/wp-content\/uploads\/2026\/01\/WhatsApp-Image-2026-01-30-at-09.15.16-1024x1024.jpeg",1024,1024,true],"darknews-medium":["https:\/\/ellotv.com.br\/site\/wp-content\/uploads\/2026\/01\/WhatsApp-Image-2026-01-30-at-09.15.16-720x530.jpeg",720,530,true],"darknews-medium-square":["https:\/\/ellotv.com.br\/site\/wp-content\/uploads\/2026\/01\/WhatsApp-Image-2026-01-30-at-09.15.16-350x350.jpeg",350,350,true]},"author_info":{"info":["ELLO TV"]},"category_info":"<a href=\"https:\/\/ellotv.com.br\/site\/category\/mundo\/\" rel=\"category tag\">Mundo<\/a> <a href=\"https:\/\/ellotv.com.br\/site\/category\/noticias\/\" rel=\"category tag\">Noticias<\/a>","tag_info":"Noticias","comment_count":"0","_links":{"self":[{"href":"https:\/\/ellotv.com.br\/site\/wp-json\/wp\/v2\/posts\/4728","targetHints":{"allow":["GET"]}}],"collection":[{"href":"https:\/\/ellotv.com.br\/site\/wp-json\/wp\/v2\/posts"}],"about":[{"href":"https:\/\/ellotv.com.br\/site\/wp-json\/wp\/v2\/types\/post"}],"author":[{"embeddable":true,"href":"https:\/\/ellotv.com.br\/site\/wp-json\/wp\/v2\/users\/2"}],"replies":[{"embeddable":true,"href":"https:\/\/ellotv.com.br\/site\/wp-json\/wp\/v2\/comments?post=4728"}],"version-history":[{"count":1,"href":"https:\/\/ellotv.com.br\/site\/wp-json\/wp\/v2\/posts\/4728\/revisions"}],"predecessor-version":[{"id":4730,"href":"https:\/\/ellotv.com.br\/site\/wp-json\/wp\/v2\/posts\/4728\/revisions\/4730"}],"wp:featuredmedia":[{"embeddable":true,"href":"https:\/\/ellotv.com.br\/site\/wp-json\/wp\/v2\/media\/4729"}],"wp:attachment":[{"href":"https:\/\/ellotv.com.br\/site\/wp-json\/wp\/v2\/media?parent=4728"}],"wp:term":[{"taxonomy":"category","embeddable":true,"href":"https:\/\/ellotv.com.br\/site\/wp-json\/wp\/v2\/categories?post=4728"},{"taxonomy":"post_tag","embeddable":true,"href":"https:\/\/ellotv.com.br\/site\/wp-json\/wp\/v2\/tags?post=4728"}],"curies":[{"name":"wp","href":"https:\/\/api.w.org\/{rel}","templated":true}]}}