{"id":4804,"date":"2026-02-02T08:16:55","date_gmt":"2026-02-02T11:16:55","guid":{"rendered":"https:\/\/ellotv.com.br\/site\/?p=4804"},"modified":"2026-02-02T08:16:55","modified_gmt":"2026-02-02T11:16:55","slug":"empresarios-2026-nao-e-sobre-resiliencia-e-sobre-estrategia-juridica","status":"publish","type":"post","link":"https:\/\/ellotv.com.br\/site\/2026\/02\/02\/empresarios-2026-nao-e-sobre-resiliencia-e-sobre-estrategia-juridica\/","title":{"rendered":"Empres\u00e1rios: 2026 n\u00e3o \u00e9 sobre resili\u00eancia, \u00e9 sobre estrat\u00e9gia jur\u00eddica"},"content":{"rendered":"<p>Se existe uma palavra que definiu os \u00faltimos anos foi &#8220;resili\u00eancia&#8221;, mas para 2026<br \/>\nconvido o empres\u00e1rio a adotar um termo mais din\u00e2mico: &#8220;Adapta\u00e7\u00e3o Ativa&#8221;. O cen\u00e1rio atual<br \/>\nn\u00e3o permite mais apenas suportar as mudan\u00e7as legislativas; ele exige que empresas<br \/>\ndeixem de ser reativas, esperando o processo chegar, para se tornarem preventivas,<br \/>\nutilizando a lei como uma verdadeira ferramenta de estrat\u00e9gia. Na minha viv\u00eancia di\u00e1ria<br \/>\npercebo que o sucesso dos neg\u00f3cios neste ano depender\u00e1 de como se navegar\u00e1 por tr\u00eas<br \/>\nfrentes cruciais: a tribut\u00e1ria, a trabalhista e a empresarial.<\/p>\n<p>No campo tribut\u00e1rio, \u00e9 essencial abandonar a ideia de que a Reforma \u00e9 um<br \/>\nproblema futuro, pois j\u00e1 estamos vivendo o cora\u00e7\u00e3o da transi\u00e7\u00e3o. O empres\u00e1rio precisa<br \/>\nentender que a consolida\u00e7\u00e3o do novo sistema altera profundamente a l\u00f3gica de instala\u00e7\u00e3o<br \/>\ndas companhias, deslocando a vantagem competitiva dos incentivos fiscais regionais para<br \/>\na efici\u00eancia operacional. Mais do que decorar al\u00edquotas, o desafio agora \u00e9 revisar contratos<br \/>\nde longo prazo para garantir o repasse correto da carga tribut\u00e1ria e evitar a corros\u00e3o<br \/>\nsilenciosa das margens de lucro. A tributa\u00e7\u00e3o deixou de ser uma tarefa exclusiva da<br \/>\ncontabilidade para se tornar pauta obrigat\u00f3ria nas reuni\u00f5es de diretoria.<\/p>\n<p>Simultaneamente, as rela\u00e7\u00f5es de trabalho exigem um olhar renovado sobre a<br \/>\nflexibilidade com seguran\u00e7a. Embora o modelo h\u00edbrido e a contrata\u00e7\u00e3o de prestadores de<br \/>\nservi\u00e7o sejam pr\u00e1ticas consolidadas, o judici\u00e1rio est\u00e1 cir\u00fargico na an\u00e1lise das zonas<br \/>\ncinzentas, utilizando cada vez mais rastros digitais para identificar a subordina\u00e7\u00e3o velada.<br \/>\nAl\u00e9m disso, a sa\u00fade mental emergiu como um risco jur\u00eddico tang\u00edvel, transformando o<br \/>\nesgotamento profissional em passivos trabalhistas significativos. A melhor defesa, neste<br \/>\ncontexto, \u00e9 a cultura da empresa: gerenciar o tempo de desconex\u00e3o e respeitar o hor\u00e1rio<br \/>\nde descanso n\u00e3o \u00e9 apenas gentileza, \u00e9 uma estrat\u00e9gia vital de prote\u00e7\u00e3o ao caixa da<br \/>\nempresa.<\/p>\n<p>Por fim, no \u00e2mbito do Direito Empresarial, a governan\u00e7a e a sustentabilidade<br \/>\ndeixaram definitivamente de ser ferramentas de marketing para se tornarem requisitos de<br \/>\nsobreviv\u00eancia e cr\u00e9dito. Grandes players do mercado j\u00e1 imp\u00f5em uma corrente de<br \/>\nresponsabilidade, recusando fornecedores que n\u00e3o estejam adequados \u00e0 prote\u00e7\u00e3o de<br \/>\ndados ou que apresentem riscos ambientais. Organizar a casa, com acordos de s\u00f3cios<br \/>\nrobustos e regras claras, tornou-se mais valioso do que um faturamento alto constru\u00eddo<br \/>\nsobre bases fr\u00e1geis.<\/p>\n<p><strong>A conclus\u00e3o para 2026 \u00e9 clara:<\/strong> quem ainda enxerga o departamento jur\u00eddico<br \/>\napenas como um centro de custos ficar\u00e1 para tr\u00e1s. O Direito deve ser encarado como uma<br \/>\nalavanca de neg\u00f3cios, pois \u00e9 a seguran\u00e7a jur\u00eddica que permite inovar com ousadia. O<br \/>\nsucesso neste ano n\u00e3o vir\u00e1 para quem corre mais r\u00e1pido, mas para quem corre com o<br \/>\nterreno mais firme sob os p\u00e9s, antecipando cen\u00e1rios e transformando obriga\u00e7\u00f5es legais em<br \/>\ndiferenciais competitivos.<\/p>\n<p>Por <em>Dr. Renato Melo<\/em> <strong>@renatomelo_adv<\/strong><\/p>\n","protected":false},"excerpt":{"rendered":"<p>Se existe uma palavra que definiu os \u00faltimos anos foi &#8220;resili\u00eancia&#8221;, mas para 2026 convido o empres\u00e1rio a<\/p>\n","protected":false},"author":2,"featured_media":4805,"comment_status":"open","ping_status":"open","sticky":false,"template":"","format":"standard","meta":{"footnotes":""},"categories":[13,12],"tags":[],"class_list":["post-4804","post","type-post","status-publish","format-standard","has-post-thumbnail","hentry","category-geral","category-noticias"],"yoast_head":"<!-- This site is optimized with the Yoast SEO plugin v28.3 - https:\/\/yoast.com\/product\/yoast-seo-wordpress\/ -->\n<title>Empres\u00e1rios: 2026 n\u00e3o \u00e9 sobre resili\u00eancia, \u00e9 sobre estrat\u00e9gia jur\u00eddica - Ello TV<\/title>\n<meta name=\"description\" content=\"Em 2026, o sucesso empresarial vai al\u00e9m da resili\u00eancia e exige estrat\u00e9gia jur\u00eddica, com foco em adapta\u00e7\u00e3o ativa, tributa\u00e7\u00e3o, rela\u00e7\u00f5es de trabalho e governan\u00e7a corporativa.\" \/>\n<meta name=\"robots\" content=\"index, follow, max-snippet:-1, max-image-preview:large, max-video-preview:-1\" \/>\n<link rel=\"canonical\" href=\"https:\/\/ellotv.com.br\/site\/2026\/02\/02\/empresarios-2026-nao-e-sobre-resiliencia-e-sobre-estrategia-juridica\/\" \/>\n<meta property=\"og:locale\" content=\"pt_BR\" \/>\n<meta property=\"og:type\" content=\"article\" \/>\n<meta property=\"og:title\" content=\"Empres\u00e1rios: 2026 n\u00e3o \u00e9 sobre resili\u00eancia, \u00e9 sobre estrat\u00e9gia jur\u00eddica - Ello TV\" \/>\n<meta property=\"og:description\" content=\"Em 2026, o sucesso empresarial vai al\u00e9m da resili\u00eancia e exige estrat\u00e9gia jur\u00eddica, com foco em adapta\u00e7\u00e3o ativa, tributa\u00e7\u00e3o, rela\u00e7\u00f5es de trabalho e governan\u00e7a corporativa.\" \/>\n<meta property=\"og:url\" content=\"https:\/\/ellotv.com.br\/site\/2026\/02\/02\/empresarios-2026-nao-e-sobre-resiliencia-e-sobre-estrategia-juridica\/\" \/>\n<meta property=\"og:site_name\" content=\"Ello TV\" \/>\n<meta property=\"article:published_time\" content=\"2026-02-02T11:16:55+00:00\" \/>\n<meta property=\"og:image\" content=\"https:\/\/ellotv.com.br\/site\/wp-content\/uploads\/2026\/02\/WhatsApp-Image-2026-01-31-at-10.23.45.jpeg\" \/>\n\t<meta property=\"og:image:width\" content=\"557\" \/>\n\t<meta property=\"og:image:height\" content=\"650\" \/>\n\t<meta property=\"og:image:type\" content=\"image\/jpeg\" \/>\n<meta name=\"author\" content=\"ELLO TV\" \/>\n<meta name=\"twitter:card\" content=\"summary_large_image\" \/>\n<meta name=\"twitter:label1\" content=\"Escrito por\" \/>\n\t<meta name=\"twitter:data1\" content=\"ELLO TV\" \/>\n\t<meta name=\"twitter:label2\" content=\"Est. tempo de leitura\" \/>\n\t<meta name=\"twitter:data2\" content=\"3 minutos\" \/>\n<script type=\"application\/ld+json\" class=\"yoast-schema-graph\">{\"@context\":\"https:\\\/\\\/schema.org\",\"@graph\":[{\"@type\":\"Article\",\"@id\":\"https:\\\/\\\/ellotv.com.br\\\/site\\\/2026\\\/02\\\/02\\\/empresarios-2026-nao-e-sobre-resiliencia-e-sobre-estrategia-juridica\\\/#article\",\"isPartOf\":{\"@id\":\"https:\\\/\\\/ellotv.com.br\\\/site\\\/2026\\\/02\\\/02\\\/empresarios-2026-nao-e-sobre-resiliencia-e-sobre-estrategia-juridica\\\/\"},\"author\":{\"name\":\"ELLO TV\",\"@id\":\"https:\\\/\\\/ellotv.com.br\\\/site\\\/#\\\/schema\\\/person\\\/2dbe3abaee38dcc7332fc8205cd2b15d\"},\"headline\":\"Empres\u00e1rios: 2026 n\u00e3o \u00e9 sobre resili\u00eancia, \u00e9 sobre estrat\u00e9gia jur\u00eddica\",\"datePublished\":\"2026-02-02T11:16:55+00:00\",\"mainEntityOfPage\":{\"@id\":\"https:\\\/\\\/ellotv.com.br\\\/site\\\/2026\\\/02\\\/02\\\/empresarios-2026-nao-e-sobre-resiliencia-e-sobre-estrategia-juridica\\\/\"},\"wordCount\":516,\"commentCount\":0,\"publisher\":{\"@id\":\"https:\\\/\\\/ellotv.com.br\\\/site\\\/#organization\"},\"image\":{\"@id\":\"https:\\\/\\\/ellotv.com.br\\\/site\\\/2026\\\/02\\\/02\\\/empresarios-2026-nao-e-sobre-resiliencia-e-sobre-estrategia-juridica\\\/#primaryimage\"},\"thumbnailUrl\":\"https:\\\/\\\/ellotv.com.br\\\/site\\\/wp-content\\\/uploads\\\/2026\\\/02\\\/WhatsApp-Image-2026-01-31-at-10.23.45.jpeg\",\"articleSection\":[\"Geral\",\"Noticias\"],\"inLanguage\":\"pt-BR\",\"potentialAction\":[{\"@type\":\"CommentAction\",\"name\":\"Comment\",\"target\":[\"https:\\\/\\\/ellotv.com.br\\\/site\\\/2026\\\/02\\\/02\\\/empresarios-2026-nao-e-sobre-resiliencia-e-sobre-estrategia-juridica\\\/#respond\"]}]},{\"@type\":\"WebPage\",\"@id\":\"https:\\\/\\\/ellotv.com.br\\\/site\\\/2026\\\/02\\\/02\\\/empresarios-2026-nao-e-sobre-resiliencia-e-sobre-estrategia-juridica\\\/\",\"url\":\"https:\\\/\\\/ellotv.com.br\\\/site\\\/2026\\\/02\\\/02\\\/empresarios-2026-nao-e-sobre-resiliencia-e-sobre-estrategia-juridica\\\/\",\"name\":\"Empres\u00e1rios: 2026 n\u00e3o \u00e9 sobre resili\u00eancia, \u00e9 sobre estrat\u00e9gia jur\u00eddica - Ello TV\",\"isPartOf\":{\"@id\":\"https:\\\/\\\/ellotv.com.br\\\/site\\\/#website\"},\"primaryImageOfPage\":{\"@id\":\"https:\\\/\\\/ellotv.com.br\\\/site\\\/2026\\\/02\\\/02\\\/empresarios-2026-nao-e-sobre-resiliencia-e-sobre-estrategia-juridica\\\/#primaryimage\"},\"image\":{\"@id\":\"https:\\\/\\\/ellotv.com.br\\\/site\\\/2026\\\/02\\\/02\\\/empresarios-2026-nao-e-sobre-resiliencia-e-sobre-estrategia-juridica\\\/#primaryimage\"},\"thumbnailUrl\":\"https:\\\/\\\/ellotv.com.br\\\/site\\\/wp-content\\\/uploads\\\/2026\\\/02\\\/WhatsApp-Image-2026-01-31-at-10.23.45.jpeg\",\"datePublished\":\"2026-02-02T11:16:55+00:00\",\"description\":\"Em 2026, o sucesso empresarial vai al\u00e9m da resili\u00eancia e exige estrat\u00e9gia jur\u00eddica, com foco em adapta\u00e7\u00e3o ativa, tributa\u00e7\u00e3o, rela\u00e7\u00f5es de trabalho e governan\u00e7a corporativa.\",\"breadcrumb\":{\"@id\":\"https:\\\/\\\/ellotv.com.br\\\/site\\\/2026\\\/02\\\/02\\\/empresarios-2026-nao-e-sobre-resiliencia-e-sobre-estrategia-juridica\\\/#breadcrumb\"},\"inLanguage\":\"pt-BR\",\"potentialAction\":[{\"@type\":\"ReadAction\",\"target\":[\"https:\\\/\\\/ellotv.com.br\\\/site\\\/2026\\\/02\\\/02\\\/empresarios-2026-nao-e-sobre-resiliencia-e-sobre-estrategia-juridica\\\/\"]}]},{\"@type\":\"ImageObject\",\"inLanguage\":\"pt-BR\",\"@id\":\"https:\\\/\\\/ellotv.com.br\\\/site\\\/2026\\\/02\\\/02\\\/empresarios-2026-nao-e-sobre-resiliencia-e-sobre-estrategia-juridica\\\/#primaryimage\",\"url\":\"https:\\\/\\\/ellotv.com.br\\\/site\\\/wp-content\\\/uploads\\\/2026\\\/02\\\/WhatsApp-Image-2026-01-31-at-10.23.45.jpeg\",\"contentUrl\":\"https:\\\/\\\/ellotv.com.br\\\/site\\\/wp-content\\\/uploads\\\/2026\\\/02\\\/WhatsApp-Image-2026-01-31-at-10.23.45.jpeg\",\"width\":557,\"height\":650},{\"@type\":\"BreadcrumbList\",\"@id\":\"https:\\\/\\\/ellotv.com.br\\\/site\\\/2026\\\/02\\\/02\\\/empresarios-2026-nao-e-sobre-resiliencia-e-sobre-estrategia-juridica\\\/#breadcrumb\",\"itemListElement\":[{\"@type\":\"ListItem\",\"position\":1,\"name\":\"In\u00edcio\",\"item\":\"https:\\\/\\\/ellotv.com.br\\\/site\\\/\"},{\"@type\":\"ListItem\",\"position\":2,\"name\":\"Empres\u00e1rios: 2026 n\u00e3o \u00e9 sobre resili\u00eancia, \u00e9 sobre estrat\u00e9gia jur\u00eddica\"}]},{\"@type\":\"WebSite\",\"@id\":\"https:\\\/\\\/ellotv.com.br\\\/site\\\/#website\",\"url\":\"https:\\\/\\\/ellotv.com.br\\\/site\\\/\",\"name\":\"ELLO TV\",\"description\":\"\",\"publisher\":{\"@id\":\"https:\\\/\\\/ellotv.com.br\\\/site\\\/#organization\"},\"potentialAction\":[{\"@type\":\"SearchAction\",\"target\":{\"@type\":\"EntryPoint\",\"urlTemplate\":\"https:\\\/\\\/ellotv.com.br\\\/site\\\/?s={search_term_string}\"},\"query-input\":{\"@type\":\"PropertyValueSpecification\",\"valueRequired\":true,\"valueName\":\"search_term_string\"}}],\"inLanguage\":\"pt-BR\"},{\"@type\":\"Organization\",\"@id\":\"https:\\\/\\\/ellotv.com.br\\\/site\\\/#organization\",\"name\":\"ELLO TV\",\"url\":\"https:\\\/\\\/ellotv.com.br\\\/site\\\/\",\"logo\":{\"@type\":\"ImageObject\",\"inLanguage\":\"pt-BR\",\"@id\":\"https:\\\/\\\/ellotv.com.br\\\/site\\\/#\\\/schema\\\/logo\\\/image\\\/\",\"url\":\"https:\\\/\\\/ellotv.com.br\\\/site\\\/wp-content\\\/uploads\\\/2025\\\/11\\\/ello-logo-2.fw_.png\",\"contentUrl\":\"https:\\\/\\\/ellotv.com.br\\\/site\\\/wp-content\\\/uploads\\\/2025\\\/11\\\/ello-logo-2.fw_.png\",\"width\":400,\"height\":146,\"caption\":\"ELLO TV\"},\"image\":{\"@id\":\"https:\\\/\\\/ellotv.com.br\\\/site\\\/#\\\/schema\\\/logo\\\/image\\\/\"}},{\"@type\":\"Person\",\"@id\":\"https:\\\/\\\/ellotv.com.br\\\/site\\\/#\\\/schema\\\/person\\\/2dbe3abaee38dcc7332fc8205cd2b15d\",\"name\":\"ELLO TV\",\"image\":{\"@type\":\"ImageObject\",\"inLanguage\":\"pt-BR\",\"@id\":\"https:\\\/\\\/secure.gravatar.com\\\/avatar\\\/c38242b9da8ec217ac3f0aaee31a54f7d7befb11b2b47fdbc8fb0fad60afa1c6?s=96&d=mm&r=g\",\"url\":\"https:\\\/\\\/secure.gravatar.com\\\/avatar\\\/c38242b9da8ec217ac3f0aaee31a54f7d7befb11b2b47fdbc8fb0fad60afa1c6?s=96&d=mm&r=g\",\"contentUrl\":\"https:\\\/\\\/secure.gravatar.com\\\/avatar\\\/c38242b9da8ec217ac3f0aaee31a54f7d7befb11b2b47fdbc8fb0fad60afa1c6?s=96&d=mm&r=g\",\"caption\":\"ELLO TV\"},\"url\":\"https:\\\/\\\/ellotv.com.br\\\/site\\\/author\\\/elloagencia\\\/\"}]}<\/script>\n<!-- \/ Yoast SEO plugin. -->","yoast_head_json":{"title":"Empres\u00e1rios: 2026 n\u00e3o \u00e9 sobre resili\u00eancia, \u00e9 sobre estrat\u00e9gia jur\u00eddica - Ello TV","description":"Em 2026, o sucesso empresarial vai al\u00e9m da resili\u00eancia e exige estrat\u00e9gia jur\u00eddica, com foco em adapta\u00e7\u00e3o ativa, tributa\u00e7\u00e3o, rela\u00e7\u00f5es de trabalho e governan\u00e7a corporativa.","robots":{"index":"index","follow":"follow","max-snippet":"max-snippet:-1","max-image-preview":"max-image-preview:large","max-video-preview":"max-video-preview:-1"},"canonical":"https:\/\/ellotv.com.br\/site\/2026\/02\/02\/empresarios-2026-nao-e-sobre-resiliencia-e-sobre-estrategia-juridica\/","og_locale":"pt_BR","og_type":"article","og_title":"Empres\u00e1rios: 2026 n\u00e3o \u00e9 sobre resili\u00eancia, \u00e9 sobre estrat\u00e9gia jur\u00eddica - Ello TV","og_description":"Em 2026, o sucesso empresarial vai al\u00e9m da resili\u00eancia e exige estrat\u00e9gia jur\u00eddica, com foco em adapta\u00e7\u00e3o ativa, tributa\u00e7\u00e3o, rela\u00e7\u00f5es de trabalho e governan\u00e7a corporativa.","og_url":"https:\/\/ellotv.com.br\/site\/2026\/02\/02\/empresarios-2026-nao-e-sobre-resiliencia-e-sobre-estrategia-juridica\/","og_site_name":"Ello TV","article_published_time":"2026-02-02T11:16:55+00:00","og_image":[{"width":557,"height":650,"url":"https:\/\/ellotv.com.br\/site\/wp-content\/uploads\/2026\/02\/WhatsApp-Image-2026-01-31-at-10.23.45.jpeg","type":"image\/jpeg"}],"author":"ELLO TV","twitter_card":"summary_large_image","twitter_misc":{"Escrito por":"ELLO TV","Est. tempo de leitura":"3 minutos"},"schema":{"@context":"https:\/\/schema.org","@graph":[{"@type":"Article","@id":"https:\/\/ellotv.com.br\/site\/2026\/02\/02\/empresarios-2026-nao-e-sobre-resiliencia-e-sobre-estrategia-juridica\/#article","isPartOf":{"@id":"https:\/\/ellotv.com.br\/site\/2026\/02\/02\/empresarios-2026-nao-e-sobre-resiliencia-e-sobre-estrategia-juridica\/"},"author":{"name":"ELLO TV","@id":"https:\/\/ellotv.com.br\/site\/#\/schema\/person\/2dbe3abaee38dcc7332fc8205cd2b15d"},"headline":"Empres\u00e1rios: 2026 n\u00e3o \u00e9 sobre resili\u00eancia, \u00e9 sobre estrat\u00e9gia jur\u00eddica","datePublished":"2026-02-02T11:16:55+00:00","mainEntityOfPage":{"@id":"https:\/\/ellotv.com.br\/site\/2026\/02\/02\/empresarios-2026-nao-e-sobre-resiliencia-e-sobre-estrategia-juridica\/"},"wordCount":516,"commentCount":0,"publisher":{"@id":"https:\/\/ellotv.com.br\/site\/#organization"},"image":{"@id":"https:\/\/ellotv.com.br\/site\/2026\/02\/02\/empresarios-2026-nao-e-sobre-resiliencia-e-sobre-estrategia-juridica\/#primaryimage"},"thumbnailUrl":"https:\/\/ellotv.com.br\/site\/wp-content\/uploads\/2026\/02\/WhatsApp-Image-2026-01-31-at-10.23.45.jpeg","articleSection":["Geral","Noticias"],"inLanguage":"pt-BR","potentialAction":[{"@type":"CommentAction","name":"Comment","target":["https:\/\/ellotv.com.br\/site\/2026\/02\/02\/empresarios-2026-nao-e-sobre-resiliencia-e-sobre-estrategia-juridica\/#respond"]}]},{"@type":"WebPage","@id":"https:\/\/ellotv.com.br\/site\/2026\/02\/02\/empresarios-2026-nao-e-sobre-resiliencia-e-sobre-estrategia-juridica\/","url":"https:\/\/ellotv.com.br\/site\/2026\/02\/02\/empresarios-2026-nao-e-sobre-resiliencia-e-sobre-estrategia-juridica\/","name":"Empres\u00e1rios: 2026 n\u00e3o \u00e9 sobre resili\u00eancia, \u00e9 sobre estrat\u00e9gia jur\u00eddica - Ello TV","isPartOf":{"@id":"https:\/\/ellotv.com.br\/site\/#website"},"primaryImageOfPage":{"@id":"https:\/\/ellotv.com.br\/site\/2026\/02\/02\/empresarios-2026-nao-e-sobre-resiliencia-e-sobre-estrategia-juridica\/#primaryimage"},"image":{"@id":"https:\/\/ellotv.com.br\/site\/2026\/02\/02\/empresarios-2026-nao-e-sobre-resiliencia-e-sobre-estrategia-juridica\/#primaryimage"},"thumbnailUrl":"https:\/\/ellotv.com.br\/site\/wp-content\/uploads\/2026\/02\/WhatsApp-Image-2026-01-31-at-10.23.45.jpeg","datePublished":"2026-02-02T11:16:55+00:00","description":"Em 2026, o sucesso empresarial vai al\u00e9m da resili\u00eancia e exige estrat\u00e9gia jur\u00eddica, com foco em adapta\u00e7\u00e3o ativa, tributa\u00e7\u00e3o, rela\u00e7\u00f5es de trabalho e governan\u00e7a corporativa.","breadcrumb":{"@id":"https:\/\/ellotv.com.br\/site\/2026\/02\/02\/empresarios-2026-nao-e-sobre-resiliencia-e-sobre-estrategia-juridica\/#breadcrumb"},"inLanguage":"pt-BR","potentialAction":[{"@type":"ReadAction","target":["https:\/\/ellotv.com.br\/site\/2026\/02\/02\/empresarios-2026-nao-e-sobre-resiliencia-e-sobre-estrategia-juridica\/"]}]},{"@type":"ImageObject","inLanguage":"pt-BR","@id":"https:\/\/ellotv.com.br\/site\/2026\/02\/02\/empresarios-2026-nao-e-sobre-resiliencia-e-sobre-estrategia-juridica\/#primaryimage","url":"https:\/\/ellotv.com.br\/site\/wp-content\/uploads\/2026\/02\/WhatsApp-Image-2026-01-31-at-10.23.45.jpeg","contentUrl":"https:\/\/ellotv.com.br\/site\/wp-content\/uploads\/2026\/02\/WhatsApp-Image-2026-01-31-at-10.23.45.jpeg","width":557,"height":650},{"@type":"BreadcrumbList","@id":"https:\/\/ellotv.com.br\/site\/2026\/02\/02\/empresarios-2026-nao-e-sobre-resiliencia-e-sobre-estrategia-juridica\/#breadcrumb","itemListElement":[{"@type":"ListItem","position":1,"name":"In\u00edcio","item":"https:\/\/ellotv.com.br\/site\/"},{"@type":"ListItem","position":2,"name":"Empres\u00e1rios: 2026 n\u00e3o \u00e9 sobre resili\u00eancia, \u00e9 sobre estrat\u00e9gia jur\u00eddica"}]},{"@type":"WebSite","@id":"https:\/\/ellotv.com.br\/site\/#website","url":"https:\/\/ellotv.com.br\/site\/","name":"ELLO TV","description":"","publisher":{"@id":"https:\/\/ellotv.com.br\/site\/#organization"},"potentialAction":[{"@type":"SearchAction","target":{"@type":"EntryPoint","urlTemplate":"https:\/\/ellotv.com.br\/site\/?s={search_term_string}"},"query-input":{"@type":"PropertyValueSpecification","valueRequired":true,"valueName":"search_term_string"}}],"inLanguage":"pt-BR"},{"@type":"Organization","@id":"https:\/\/ellotv.com.br\/site\/#organization","name":"ELLO TV","url":"https:\/\/ellotv.com.br\/site\/","logo":{"@type":"ImageObject","inLanguage":"pt-BR","@id":"https:\/\/ellotv.com.br\/site\/#\/schema\/logo\/image\/","url":"https:\/\/ellotv.com.br\/site\/wp-content\/uploads\/2025\/11\/ello-logo-2.fw_.png","contentUrl":"https:\/\/ellotv.com.br\/site\/wp-content\/uploads\/2025\/11\/ello-logo-2.fw_.png","width":400,"height":146,"caption":"ELLO TV"},"image":{"@id":"https:\/\/ellotv.com.br\/site\/#\/schema\/logo\/image\/"}},{"@type":"Person","@id":"https:\/\/ellotv.com.br\/site\/#\/schema\/person\/2dbe3abaee38dcc7332fc8205cd2b15d","name":"ELLO TV","image":{"@type":"ImageObject","inLanguage":"pt-BR","@id":"https:\/\/secure.gravatar.com\/avatar\/c38242b9da8ec217ac3f0aaee31a54f7d7befb11b2b47fdbc8fb0fad60afa1c6?s=96&d=mm&r=g","url":"https:\/\/secure.gravatar.com\/avatar\/c38242b9da8ec217ac3f0aaee31a54f7d7befb11b2b47fdbc8fb0fad60afa1c6?s=96&d=mm&r=g","contentUrl":"https:\/\/secure.gravatar.com\/avatar\/c38242b9da8ec217ac3f0aaee31a54f7d7befb11b2b47fdbc8fb0fad60afa1c6?s=96&d=mm&r=g","caption":"ELLO TV"},"url":"https:\/\/ellotv.com.br\/site\/author\/elloagencia\/"}]}},"featured_image_urls":{"full":["https:\/\/ellotv.com.br\/site\/wp-content\/uploads\/2026\/02\/WhatsApp-Image-2026-01-31-at-10.23.45.jpeg",557,650,false],"thumbnail":["https:\/\/ellotv.com.br\/site\/wp-content\/uploads\/2026\/02\/WhatsApp-Image-2026-01-31-at-10.23.45-150x150.jpeg",150,150,true],"medium":["https:\/\/ellotv.com.br\/site\/wp-content\/uploads\/2026\/02\/WhatsApp-Image-2026-01-31-at-10.23.45-257x300.jpeg",257,300,true],"medium_large":["https:\/\/ellotv.com.br\/site\/wp-content\/uploads\/2026\/02\/WhatsApp-Image-2026-01-31-at-10.23.45.jpeg",557,650,false],"large":["https:\/\/ellotv.com.br\/site\/wp-content\/uploads\/2026\/02\/WhatsApp-Image-2026-01-31-at-10.23.45.jpeg",557,650,false],"1536x1536":["https:\/\/ellotv.com.br\/site\/wp-content\/uploads\/2026\/02\/WhatsApp-Image-2026-01-31-at-10.23.45.jpeg",557,650,false],"2048x2048":["https:\/\/ellotv.com.br\/site\/wp-content\/uploads\/2026\/02\/WhatsApp-Image-2026-01-31-at-10.23.45.jpeg",557,650,false],"darknews-slider-full":["https:\/\/ellotv.com.br\/site\/wp-content\/uploads\/2026\/02\/WhatsApp-Image-2026-01-31-at-10.23.45.jpeg",557,650,false],"darknews-featured":["https:\/\/ellotv.com.br\/site\/wp-content\/uploads\/2026\/02\/WhatsApp-Image-2026-01-31-at-10.23.45.jpeg",557,650,false],"darknews-medium":["https:\/\/ellotv.com.br\/site\/wp-content\/uploads\/2026\/02\/WhatsApp-Image-2026-01-31-at-10.23.45-557x530.jpeg",557,530,true],"darknews-medium-square":["https:\/\/ellotv.com.br\/site\/wp-content\/uploads\/2026\/02\/WhatsApp-Image-2026-01-31-at-10.23.45-350x350.jpeg",350,350,true]},"author_info":{"info":["ELLO TV"]},"category_info":"<a href=\"https:\/\/ellotv.com.br\/site\/category\/geral\/\" rel=\"category tag\">Geral<\/a> <a href=\"https:\/\/ellotv.com.br\/site\/category\/noticias\/\" rel=\"category tag\">Noticias<\/a>","tag_info":"Noticias","comment_count":"0","_links":{"self":[{"href":"https:\/\/ellotv.com.br\/site\/wp-json\/wp\/v2\/posts\/4804","targetHints":{"allow":["GET"]}}],"collection":[{"href":"https:\/\/ellotv.com.br\/site\/wp-json\/wp\/v2\/posts"}],"about":[{"href":"https:\/\/ellotv.com.br\/site\/wp-json\/wp\/v2\/types\/post"}],"author":[{"embeddable":true,"href":"https:\/\/ellotv.com.br\/site\/wp-json\/wp\/v2\/users\/2"}],"replies":[{"embeddable":true,"href":"https:\/\/ellotv.com.br\/site\/wp-json\/wp\/v2\/comments?post=4804"}],"version-history":[{"count":3,"href":"https:\/\/ellotv.com.br\/site\/wp-json\/wp\/v2\/posts\/4804\/revisions"}],"predecessor-version":[{"id":4808,"href":"https:\/\/ellotv.com.br\/site\/wp-json\/wp\/v2\/posts\/4804\/revisions\/4808"}],"wp:featuredmedia":[{"embeddable":true,"href":"https:\/\/ellotv.com.br\/site\/wp-json\/wp\/v2\/media\/4805"}],"wp:attachment":[{"href":"https:\/\/ellotv.com.br\/site\/wp-json\/wp\/v2\/media?parent=4804"}],"wp:term":[{"taxonomy":"category","embeddable":true,"href":"https:\/\/ellotv.com.br\/site\/wp-json\/wp\/v2\/categories?post=4804"},{"taxonomy":"post_tag","embeddable":true,"href":"https:\/\/ellotv.com.br\/site\/wp-json\/wp\/v2\/tags?post=4804"}],"curies":[{"name":"wp","href":"https:\/\/api.w.org\/{rel}","templated":true}]}}