{"id":4812,"date":"2026-02-02T08:34:30","date_gmt":"2026-02-02T11:34:30","guid":{"rendered":"https:\/\/ellotv.com.br\/site\/?p=4812"},"modified":"2026-02-02T08:34:30","modified_gmt":"2026-02-02T11:34:30","slug":"marconi-santana-percorre-os-sertoes-central-e-do-araripe-e-amplia-base-de-apoio-ouvindo-centenas-de-pessoas","status":"publish","type":"post","link":"https:\/\/ellotv.com.br\/site\/2026\/02\/02\/marconi-santana-percorre-os-sertoes-central-e-do-araripe-e-amplia-base-de-apoio-ouvindo-centenas-de-pessoas\/","title":{"rendered":"Marconi Santana percorre os Sert\u00f5es Central e do Araripe e amplia base de apoio ouvindo centenas de pessoas"},"content":{"rendered":"<p>O pr\u00e9-candidato a deputado estadual Marconi Santana intensificou, neste fim de semana, sua agenda pol\u00edtica pelo Sert\u00e3o Central e Sert\u00e3o do Araripe, percorrendo importantes munic\u00edpios da regi\u00e3o em uma jornada marcada por encontros estrat\u00e9gicos, reencontros hist\u00f3ricos e di\u00e1logo direto com a popula\u00e7\u00e3o. A caravana que saiu do munic\u00edpio de Flores e seguiu pelas cidades de Salgueiro, Ouricuri, Parnamirim e Bodoc\u00f3, refor\u00e7ando o projeto pol\u00edtico que vem sendo constru\u00eddo com foco no desenvolvimento regional e no fortalecimento de Pernambuco.<\/p>\n<p>Em Salgueiro, Marconi Santana esteve ao lado de lideran\u00e7as locais e participou de encontros que refor\u00e7am sua presen\u00e7a no Sert\u00e3o Central. Acompanhado de Sizenando, o pr\u00e9-candidato reencontrou o advogado e empres\u00e1rio Alvinho Patriota, ex-presidente da C\u00e2mara Municipal e uma refer\u00eancia no munic\u00edpio.<\/p>\n<p>Seguindo a agenda, Marconi passou por Ouricuri, onde recebeu manifesta\u00e7\u00f5es espont\u00e2neas de apoio que refor\u00e7am a capilaridade do seu projeto pol\u00edtico. Entre os gestos que marcaram a passagem pelo munic\u00edpio, destaque para o apoio do Seu Ant\u00f4nio, figura respeitada na comunidade, e o carinho recebido do afilhado Jo\u00e3o Victor, simbolizando a for\u00e7a do respaldo familiar e o engajamento da juventude na constru\u00e7\u00e3o de um novo caminho para o estado.<\/p>\n<p>O ponto alto da viagem aconteceu em Bodoc\u00f3, onde Marconi Santana foi recebido de forma calorosa pelo amigo Dr. Joelson e sua fam\u00edlia. No munic\u00edpio, o pr\u00e9-candidato participou de um encontro especial que reuniu lideran\u00e7as pol\u00edticas, comunit\u00e1rias e amigos, em um almo\u00e7o na resid\u00eancia de Jos\u00e9 e Silvia, que se destacou pela hospitalidade e pelo ambiente de di\u00e1logo produtivo. A agenda contou ainda com a presen\u00e7a do deputado federal Fernando Rodolfo, refor\u00e7ando a uni\u00e3o pol\u00edtica e o alinhamento de prop\u00f3sitos em prol do Sert\u00e3o e de Pernambuco.<\/p>\n<p>Em Bodoc\u00f3, o projeto \u201cConversando com o povo, ouvindo Pernambuco\u201d viveu um de seus momentos mais emblem\u00e1ticos. A casa cheia e a participa\u00e7\u00e3o ativa da popula\u00e7\u00e3o evidenciaram a receptividade da proposta, baseada na escuta qualificada, no contato direto e na constru\u00e7\u00e3o de solu\u00e7\u00f5es a partir das demandas reais de cada regi\u00e3o. O encontro consolidou a mensagem de renova\u00e7\u00e3o, trabalho e compromisso com quem mais precisa da presen\u00e7a do poder p\u00fablico.<\/p>\n<p>Ao final da agenda, Marconi Santana destacou o sentimento de gratid\u00e3o e energia renovada refor\u00e7ando uma caminhada pol\u00edtica pautada na uni\u00e3o, no di\u00e1logo e no compromisso com o desenvolvimento regional. A movimenta\u00e7\u00e3o pelos Sert\u00f5es pernambucano reafirma que a pr\u00e9-candidatura segue ganhando corpo, apoio popular e for\u00e7a pol\u00edtica, com Pernambuco no centro das decis\u00f5es e das prioridades.<\/p>\n","protected":false},"excerpt":{"rendered":"<p>O pr\u00e9-candidato a deputado estadual Marconi Santana intensificou, neste fim de semana, sua agenda pol\u00edtica pelo Sert\u00e3o Central<\/p>\n","protected":false},"author":2,"featured_media":4813,"comment_status":"open","ping_status":"open","sticky":false,"template":"","format":"standard","meta":{"footnotes":""},"categories":[12,9],"tags":[],"class_list":["post-4812","post","type-post","status-publish","format-standard","has-post-thumbnail","hentry","category-noticias","category-regional"],"yoast_head":"<!-- This site is optimized with the Yoast SEO plugin v28.3 - https:\/\/yoast.com\/product\/yoast-seo-wordpress\/ -->\n<title>Marconi Santana percorre os Sert\u00f5es Central e do Araripe e amplia base de apoio ouvindo centenas de pessoas - Ello TV<\/title>\n<meta name=\"description\" content=\"Marconi Santana percorre munic\u00edpios do Sert\u00e3o Central e do Araripe, fortalecendo alian\u00e7as pol\u00edticas, dialogando com lideran\u00e7as locais e refor\u00e7ando seu projeto voltado ao desenvolvimento regional de Pernambuco.\" \/>\n<meta name=\"robots\" content=\"index, follow, max-snippet:-1, max-image-preview:large, max-video-preview:-1\" \/>\n<link rel=\"canonical\" href=\"https:\/\/ellotv.com.br\/site\/2026\/02\/02\/marconi-santana-percorre-os-sertoes-central-e-do-araripe-e-amplia-base-de-apoio-ouvindo-centenas-de-pessoas\/\" \/>\n<meta property=\"og:locale\" content=\"pt_BR\" \/>\n<meta property=\"og:type\" content=\"article\" \/>\n<meta property=\"og:title\" content=\"Marconi Santana percorre os Sert\u00f5es Central e do Araripe e amplia base de apoio ouvindo centenas de pessoas - Ello TV\" \/>\n<meta property=\"og:description\" content=\"Marconi Santana percorre munic\u00edpios do Sert\u00e3o Central e do Araripe, fortalecendo alian\u00e7as pol\u00edticas, dialogando com lideran\u00e7as locais e refor\u00e7ando seu projeto voltado ao desenvolvimento regional de Pernambuco.\" \/>\n<meta property=\"og:url\" content=\"https:\/\/ellotv.com.br\/site\/2026\/02\/02\/marconi-santana-percorre-os-sertoes-central-e-do-araripe-e-amplia-base-de-apoio-ouvindo-centenas-de-pessoas\/\" \/>\n<meta property=\"og:site_name\" content=\"Ello TV\" \/>\n<meta property=\"article:published_time\" content=\"2026-02-02T11:34:30+00:00\" \/>\n<meta property=\"og:image\" content=\"https:\/\/ellotv.com.br\/site\/wp-content\/uploads\/2026\/02\/WhatsApp-Image-2026-02-02-at-08.25.03.jpeg\" \/>\n\t<meta property=\"og:image:width\" content=\"1000\" \/>\n\t<meta property=\"og:image:height\" content=\"879\" \/>\n\t<meta property=\"og:image:type\" content=\"image\/jpeg\" \/>\n<meta name=\"author\" content=\"ELLO TV\" \/>\n<meta name=\"twitter:card\" content=\"summary_large_image\" \/>\n<meta name=\"twitter:label1\" content=\"Escrito por\" \/>\n\t<meta name=\"twitter:data1\" content=\"ELLO TV\" \/>\n\t<meta name=\"twitter:label2\" content=\"Est. tempo de leitura\" \/>\n\t<meta name=\"twitter:data2\" content=\"2 minutos\" \/>\n<script type=\"application\/ld+json\" class=\"yoast-schema-graph\">{\"@context\":\"https:\\\/\\\/schema.org\",\"@graph\":[{\"@type\":\"Article\",\"@id\":\"https:\\\/\\\/ellotv.com.br\\\/site\\\/2026\\\/02\\\/02\\\/marconi-santana-percorre-os-sertoes-central-e-do-araripe-e-amplia-base-de-apoio-ouvindo-centenas-de-pessoas\\\/#article\",\"isPartOf\":{\"@id\":\"https:\\\/\\\/ellotv.com.br\\\/site\\\/2026\\\/02\\\/02\\\/marconi-santana-percorre-os-sertoes-central-e-do-araripe-e-amplia-base-de-apoio-ouvindo-centenas-de-pessoas\\\/\"},\"author\":{\"name\":\"ELLO TV\",\"@id\":\"https:\\\/\\\/ellotv.com.br\\\/site\\\/#\\\/schema\\\/person\\\/2dbe3abaee38dcc7332fc8205cd2b15d\"},\"headline\":\"Marconi Santana percorre os Sert\u00f5es Central e do Araripe e amplia base de apoio ouvindo centenas de pessoas\",\"datePublished\":\"2026-02-02T11:34:30+00:00\",\"mainEntityOfPage\":{\"@id\":\"https:\\\/\\\/ellotv.com.br\\\/site\\\/2026\\\/02\\\/02\\\/marconi-santana-percorre-os-sertoes-central-e-do-araripe-e-amplia-base-de-apoio-ouvindo-centenas-de-pessoas\\\/\"},\"wordCount\":488,\"commentCount\":0,\"publisher\":{\"@id\":\"https:\\\/\\\/ellotv.com.br\\\/site\\\/#organization\"},\"image\":{\"@id\":\"https:\\\/\\\/ellotv.com.br\\\/site\\\/2026\\\/02\\\/02\\\/marconi-santana-percorre-os-sertoes-central-e-do-araripe-e-amplia-base-de-apoio-ouvindo-centenas-de-pessoas\\\/#primaryimage\"},\"thumbnailUrl\":\"https:\\\/\\\/ellotv.com.br\\\/site\\\/wp-content\\\/uploads\\\/2026\\\/02\\\/WhatsApp-Image-2026-02-02-at-08.25.03.jpeg\",\"articleSection\":[\"Noticias\",\"Regional\"],\"inLanguage\":\"pt-BR\",\"potentialAction\":[{\"@type\":\"CommentAction\",\"name\":\"Comment\",\"target\":[\"https:\\\/\\\/ellotv.com.br\\\/site\\\/2026\\\/02\\\/02\\\/marconi-santana-percorre-os-sertoes-central-e-do-araripe-e-amplia-base-de-apoio-ouvindo-centenas-de-pessoas\\\/#respond\"]}]},{\"@type\":\"WebPage\",\"@id\":\"https:\\\/\\\/ellotv.com.br\\\/site\\\/2026\\\/02\\\/02\\\/marconi-santana-percorre-os-sertoes-central-e-do-araripe-e-amplia-base-de-apoio-ouvindo-centenas-de-pessoas\\\/\",\"url\":\"https:\\\/\\\/ellotv.com.br\\\/site\\\/2026\\\/02\\\/02\\\/marconi-santana-percorre-os-sertoes-central-e-do-araripe-e-amplia-base-de-apoio-ouvindo-centenas-de-pessoas\\\/\",\"name\":\"Marconi Santana percorre os Sert\u00f5es Central e do Araripe e amplia base de apoio ouvindo centenas de pessoas - Ello TV\",\"isPartOf\":{\"@id\":\"https:\\\/\\\/ellotv.com.br\\\/site\\\/#website\"},\"primaryImageOfPage\":{\"@id\":\"https:\\\/\\\/ellotv.com.br\\\/site\\\/2026\\\/02\\\/02\\\/marconi-santana-percorre-os-sertoes-central-e-do-araripe-e-amplia-base-de-apoio-ouvindo-centenas-de-pessoas\\\/#primaryimage\"},\"image\":{\"@id\":\"https:\\\/\\\/ellotv.com.br\\\/site\\\/2026\\\/02\\\/02\\\/marconi-santana-percorre-os-sertoes-central-e-do-araripe-e-amplia-base-de-apoio-ouvindo-centenas-de-pessoas\\\/#primaryimage\"},\"thumbnailUrl\":\"https:\\\/\\\/ellotv.com.br\\\/site\\\/wp-content\\\/uploads\\\/2026\\\/02\\\/WhatsApp-Image-2026-02-02-at-08.25.03.jpeg\",\"datePublished\":\"2026-02-02T11:34:30+00:00\",\"description\":\"Marconi Santana percorre munic\u00edpios do Sert\u00e3o Central e do Araripe, fortalecendo alian\u00e7as pol\u00edticas, dialogando com lideran\u00e7as locais e refor\u00e7ando seu projeto voltado ao desenvolvimento regional de Pernambuco.\",\"breadcrumb\":{\"@id\":\"https:\\\/\\\/ellotv.com.br\\\/site\\\/2026\\\/02\\\/02\\\/marconi-santana-percorre-os-sertoes-central-e-do-araripe-e-amplia-base-de-apoio-ouvindo-centenas-de-pessoas\\\/#breadcrumb\"},\"inLanguage\":\"pt-BR\",\"potentialAction\":[{\"@type\":\"ReadAction\",\"target\":[\"https:\\\/\\\/ellotv.com.br\\\/site\\\/2026\\\/02\\\/02\\\/marconi-santana-percorre-os-sertoes-central-e-do-araripe-e-amplia-base-de-apoio-ouvindo-centenas-de-pessoas\\\/\"]}]},{\"@type\":\"ImageObject\",\"inLanguage\":\"pt-BR\",\"@id\":\"https:\\\/\\\/ellotv.com.br\\\/site\\\/2026\\\/02\\\/02\\\/marconi-santana-percorre-os-sertoes-central-e-do-araripe-e-amplia-base-de-apoio-ouvindo-centenas-de-pessoas\\\/#primaryimage\",\"url\":\"https:\\\/\\\/ellotv.com.br\\\/site\\\/wp-content\\\/uploads\\\/2026\\\/02\\\/WhatsApp-Image-2026-02-02-at-08.25.03.jpeg\",\"contentUrl\":\"https:\\\/\\\/ellotv.com.br\\\/site\\\/wp-content\\\/uploads\\\/2026\\\/02\\\/WhatsApp-Image-2026-02-02-at-08.25.03.jpeg\",\"width\":1000,\"height\":879},{\"@type\":\"BreadcrumbList\",\"@id\":\"https:\\\/\\\/ellotv.com.br\\\/site\\\/2026\\\/02\\\/02\\\/marconi-santana-percorre-os-sertoes-central-e-do-araripe-e-amplia-base-de-apoio-ouvindo-centenas-de-pessoas\\\/#breadcrumb\",\"itemListElement\":[{\"@type\":\"ListItem\",\"position\":1,\"name\":\"In\u00edcio\",\"item\":\"https:\\\/\\\/ellotv.com.br\\\/site\\\/\"},{\"@type\":\"ListItem\",\"position\":2,\"name\":\"Marconi Santana percorre os Sert\u00f5es Central e do Araripe e amplia base de apoio ouvindo centenas de pessoas\"}]},{\"@type\":\"WebSite\",\"@id\":\"https:\\\/\\\/ellotv.com.br\\\/site\\\/#website\",\"url\":\"https:\\\/\\\/ellotv.com.br\\\/site\\\/\",\"name\":\"ELLO TV\",\"description\":\"\",\"publisher\":{\"@id\":\"https:\\\/\\\/ellotv.com.br\\\/site\\\/#organization\"},\"potentialAction\":[{\"@type\":\"SearchAction\",\"target\":{\"@type\":\"EntryPoint\",\"urlTemplate\":\"https:\\\/\\\/ellotv.com.br\\\/site\\\/?s={search_term_string}\"},\"query-input\":{\"@type\":\"PropertyValueSpecification\",\"valueRequired\":true,\"valueName\":\"search_term_string\"}}],\"inLanguage\":\"pt-BR\"},{\"@type\":\"Organization\",\"@id\":\"https:\\\/\\\/ellotv.com.br\\\/site\\\/#organization\",\"name\":\"ELLO TV\",\"url\":\"https:\\\/\\\/ellotv.com.br\\\/site\\\/\",\"logo\":{\"@type\":\"ImageObject\",\"inLanguage\":\"pt-BR\",\"@id\":\"https:\\\/\\\/ellotv.com.br\\\/site\\\/#\\\/schema\\\/logo\\\/image\\\/\",\"url\":\"https:\\\/\\\/ellotv.com.br\\\/site\\\/wp-content\\\/uploads\\\/2025\\\/11\\\/ello-logo-2.fw_.png\",\"contentUrl\":\"https:\\\/\\\/ellotv.com.br\\\/site\\\/wp-content\\\/uploads\\\/2025\\\/11\\\/ello-logo-2.fw_.png\",\"width\":400,\"height\":146,\"caption\":\"ELLO TV\"},\"image\":{\"@id\":\"https:\\\/\\\/ellotv.com.br\\\/site\\\/#\\\/schema\\\/logo\\\/image\\\/\"}},{\"@type\":\"Person\",\"@id\":\"https:\\\/\\\/ellotv.com.br\\\/site\\\/#\\\/schema\\\/person\\\/2dbe3abaee38dcc7332fc8205cd2b15d\",\"name\":\"ELLO TV\",\"image\":{\"@type\":\"ImageObject\",\"inLanguage\":\"pt-BR\",\"@id\":\"https:\\\/\\\/secure.gravatar.com\\\/avatar\\\/c38242b9da8ec217ac3f0aaee31a54f7d7befb11b2b47fdbc8fb0fad60afa1c6?s=96&d=mm&r=g\",\"url\":\"https:\\\/\\\/secure.gravatar.com\\\/avatar\\\/c38242b9da8ec217ac3f0aaee31a54f7d7befb11b2b47fdbc8fb0fad60afa1c6?s=96&d=mm&r=g\",\"contentUrl\":\"https:\\\/\\\/secure.gravatar.com\\\/avatar\\\/c38242b9da8ec217ac3f0aaee31a54f7d7befb11b2b47fdbc8fb0fad60afa1c6?s=96&d=mm&r=g\",\"caption\":\"ELLO TV\"},\"url\":\"https:\\\/\\\/ellotv.com.br\\\/site\\\/author\\\/elloagencia\\\/\"}]}<\/script>\n<!-- \/ Yoast SEO plugin. -->","yoast_head_json":{"title":"Marconi Santana percorre os Sert\u00f5es Central e do Araripe e amplia base de apoio ouvindo centenas de pessoas - Ello TV","description":"Marconi Santana percorre munic\u00edpios do Sert\u00e3o Central e do Araripe, fortalecendo alian\u00e7as pol\u00edticas, dialogando com lideran\u00e7as locais e refor\u00e7ando seu projeto voltado ao desenvolvimento regional de Pernambuco.","robots":{"index":"index","follow":"follow","max-snippet":"max-snippet:-1","max-image-preview":"max-image-preview:large","max-video-preview":"max-video-preview:-1"},"canonical":"https:\/\/ellotv.com.br\/site\/2026\/02\/02\/marconi-santana-percorre-os-sertoes-central-e-do-araripe-e-amplia-base-de-apoio-ouvindo-centenas-de-pessoas\/","og_locale":"pt_BR","og_type":"article","og_title":"Marconi Santana percorre os Sert\u00f5es Central e do Araripe e amplia base de apoio ouvindo centenas de pessoas - Ello TV","og_description":"Marconi Santana percorre munic\u00edpios do Sert\u00e3o Central e do Araripe, fortalecendo alian\u00e7as pol\u00edticas, dialogando com lideran\u00e7as locais e refor\u00e7ando seu projeto voltado ao desenvolvimento regional de Pernambuco.","og_url":"https:\/\/ellotv.com.br\/site\/2026\/02\/02\/marconi-santana-percorre-os-sertoes-central-e-do-araripe-e-amplia-base-de-apoio-ouvindo-centenas-de-pessoas\/","og_site_name":"Ello TV","article_published_time":"2026-02-02T11:34:30+00:00","og_image":[{"width":1000,"height":879,"url":"https:\/\/ellotv.com.br\/site\/wp-content\/uploads\/2026\/02\/WhatsApp-Image-2026-02-02-at-08.25.03.jpeg","type":"image\/jpeg"}],"author":"ELLO TV","twitter_card":"summary_large_image","twitter_misc":{"Escrito por":"ELLO TV","Est. tempo de leitura":"2 minutos"},"schema":{"@context":"https:\/\/schema.org","@graph":[{"@type":"Article","@id":"https:\/\/ellotv.com.br\/site\/2026\/02\/02\/marconi-santana-percorre-os-sertoes-central-e-do-araripe-e-amplia-base-de-apoio-ouvindo-centenas-de-pessoas\/#article","isPartOf":{"@id":"https:\/\/ellotv.com.br\/site\/2026\/02\/02\/marconi-santana-percorre-os-sertoes-central-e-do-araripe-e-amplia-base-de-apoio-ouvindo-centenas-de-pessoas\/"},"author":{"name":"ELLO TV","@id":"https:\/\/ellotv.com.br\/site\/#\/schema\/person\/2dbe3abaee38dcc7332fc8205cd2b15d"},"headline":"Marconi Santana percorre os Sert\u00f5es Central e do Araripe e amplia base de apoio ouvindo centenas de pessoas","datePublished":"2026-02-02T11:34:30+00:00","mainEntityOfPage":{"@id":"https:\/\/ellotv.com.br\/site\/2026\/02\/02\/marconi-santana-percorre-os-sertoes-central-e-do-araripe-e-amplia-base-de-apoio-ouvindo-centenas-de-pessoas\/"},"wordCount":488,"commentCount":0,"publisher":{"@id":"https:\/\/ellotv.com.br\/site\/#organization"},"image":{"@id":"https:\/\/ellotv.com.br\/site\/2026\/02\/02\/marconi-santana-percorre-os-sertoes-central-e-do-araripe-e-amplia-base-de-apoio-ouvindo-centenas-de-pessoas\/#primaryimage"},"thumbnailUrl":"https:\/\/ellotv.com.br\/site\/wp-content\/uploads\/2026\/02\/WhatsApp-Image-2026-02-02-at-08.25.03.jpeg","articleSection":["Noticias","Regional"],"inLanguage":"pt-BR","potentialAction":[{"@type":"CommentAction","name":"Comment","target":["https:\/\/ellotv.com.br\/site\/2026\/02\/02\/marconi-santana-percorre-os-sertoes-central-e-do-araripe-e-amplia-base-de-apoio-ouvindo-centenas-de-pessoas\/#respond"]}]},{"@type":"WebPage","@id":"https:\/\/ellotv.com.br\/site\/2026\/02\/02\/marconi-santana-percorre-os-sertoes-central-e-do-araripe-e-amplia-base-de-apoio-ouvindo-centenas-de-pessoas\/","url":"https:\/\/ellotv.com.br\/site\/2026\/02\/02\/marconi-santana-percorre-os-sertoes-central-e-do-araripe-e-amplia-base-de-apoio-ouvindo-centenas-de-pessoas\/","name":"Marconi Santana percorre os Sert\u00f5es Central e do Araripe e amplia base de apoio ouvindo centenas de pessoas - Ello TV","isPartOf":{"@id":"https:\/\/ellotv.com.br\/site\/#website"},"primaryImageOfPage":{"@id":"https:\/\/ellotv.com.br\/site\/2026\/02\/02\/marconi-santana-percorre-os-sertoes-central-e-do-araripe-e-amplia-base-de-apoio-ouvindo-centenas-de-pessoas\/#primaryimage"},"image":{"@id":"https:\/\/ellotv.com.br\/site\/2026\/02\/02\/marconi-santana-percorre-os-sertoes-central-e-do-araripe-e-amplia-base-de-apoio-ouvindo-centenas-de-pessoas\/#primaryimage"},"thumbnailUrl":"https:\/\/ellotv.com.br\/site\/wp-content\/uploads\/2026\/02\/WhatsApp-Image-2026-02-02-at-08.25.03.jpeg","datePublished":"2026-02-02T11:34:30+00:00","description":"Marconi Santana percorre munic\u00edpios do Sert\u00e3o Central e do Araripe, fortalecendo alian\u00e7as pol\u00edticas, dialogando com lideran\u00e7as locais e refor\u00e7ando seu projeto voltado ao desenvolvimento regional de Pernambuco.","breadcrumb":{"@id":"https:\/\/ellotv.com.br\/site\/2026\/02\/02\/marconi-santana-percorre-os-sertoes-central-e-do-araripe-e-amplia-base-de-apoio-ouvindo-centenas-de-pessoas\/#breadcrumb"},"inLanguage":"pt-BR","potentialAction":[{"@type":"ReadAction","target":["https:\/\/ellotv.com.br\/site\/2026\/02\/02\/marconi-santana-percorre-os-sertoes-central-e-do-araripe-e-amplia-base-de-apoio-ouvindo-centenas-de-pessoas\/"]}]},{"@type":"ImageObject","inLanguage":"pt-BR","@id":"https:\/\/ellotv.com.br\/site\/2026\/02\/02\/marconi-santana-percorre-os-sertoes-central-e-do-araripe-e-amplia-base-de-apoio-ouvindo-centenas-de-pessoas\/#primaryimage","url":"https:\/\/ellotv.com.br\/site\/wp-content\/uploads\/2026\/02\/WhatsApp-Image-2026-02-02-at-08.25.03.jpeg","contentUrl":"https:\/\/ellotv.com.br\/site\/wp-content\/uploads\/2026\/02\/WhatsApp-Image-2026-02-02-at-08.25.03.jpeg","width":1000,"height":879},{"@type":"BreadcrumbList","@id":"https:\/\/ellotv.com.br\/site\/2026\/02\/02\/marconi-santana-percorre-os-sertoes-central-e-do-araripe-e-amplia-base-de-apoio-ouvindo-centenas-de-pessoas\/#breadcrumb","itemListElement":[{"@type":"ListItem","position":1,"name":"In\u00edcio","item":"https:\/\/ellotv.com.br\/site\/"},{"@type":"ListItem","position":2,"name":"Marconi Santana percorre os Sert\u00f5es Central e do Araripe e amplia base de apoio ouvindo centenas de pessoas"}]},{"@type":"WebSite","@id":"https:\/\/ellotv.com.br\/site\/#website","url":"https:\/\/ellotv.com.br\/site\/","name":"ELLO TV","description":"","publisher":{"@id":"https:\/\/ellotv.com.br\/site\/#organization"},"potentialAction":[{"@type":"SearchAction","target":{"@type":"EntryPoint","urlTemplate":"https:\/\/ellotv.com.br\/site\/?s={search_term_string}"},"query-input":{"@type":"PropertyValueSpecification","valueRequired":true,"valueName":"search_term_string"}}],"inLanguage":"pt-BR"},{"@type":"Organization","@id":"https:\/\/ellotv.com.br\/site\/#organization","name":"ELLO TV","url":"https:\/\/ellotv.com.br\/site\/","logo":{"@type":"ImageObject","inLanguage":"pt-BR","@id":"https:\/\/ellotv.com.br\/site\/#\/schema\/logo\/image\/","url":"https:\/\/ellotv.com.br\/site\/wp-content\/uploads\/2025\/11\/ello-logo-2.fw_.png","contentUrl":"https:\/\/ellotv.com.br\/site\/wp-content\/uploads\/2025\/11\/ello-logo-2.fw_.png","width":400,"height":146,"caption":"ELLO TV"},"image":{"@id":"https:\/\/ellotv.com.br\/site\/#\/schema\/logo\/image\/"}},{"@type":"Person","@id":"https:\/\/ellotv.com.br\/site\/#\/schema\/person\/2dbe3abaee38dcc7332fc8205cd2b15d","name":"ELLO TV","image":{"@type":"ImageObject","inLanguage":"pt-BR","@id":"https:\/\/secure.gravatar.com\/avatar\/c38242b9da8ec217ac3f0aaee31a54f7d7befb11b2b47fdbc8fb0fad60afa1c6?s=96&d=mm&r=g","url":"https:\/\/secure.gravatar.com\/avatar\/c38242b9da8ec217ac3f0aaee31a54f7d7befb11b2b47fdbc8fb0fad60afa1c6?s=96&d=mm&r=g","contentUrl":"https:\/\/secure.gravatar.com\/avatar\/c38242b9da8ec217ac3f0aaee31a54f7d7befb11b2b47fdbc8fb0fad60afa1c6?s=96&d=mm&r=g","caption":"ELLO TV"},"url":"https:\/\/ellotv.com.br\/site\/author\/elloagencia\/"}]}},"featured_image_urls":{"full":["https:\/\/ellotv.com.br\/site\/wp-content\/uploads\/2026\/02\/WhatsApp-Image-2026-02-02-at-08.25.03.jpeg",1000,879,false],"thumbnail":["https:\/\/ellotv.com.br\/site\/wp-content\/uploads\/2026\/02\/WhatsApp-Image-2026-02-02-at-08.25.03-150x150.jpeg",150,150,true],"medium":["https:\/\/ellotv.com.br\/site\/wp-content\/uploads\/2026\/02\/WhatsApp-Image-2026-02-02-at-08.25.03-300x264.jpeg",300,264,true],"medium_large":["https:\/\/ellotv.com.br\/site\/wp-content\/uploads\/2026\/02\/WhatsApp-Image-2026-02-02-at-08.25.03-768x675.jpeg",640,563,true],"large":["https:\/\/ellotv.com.br\/site\/wp-content\/uploads\/2026\/02\/WhatsApp-Image-2026-02-02-at-08.25.03.jpeg",640,563,false],"1536x1536":["https:\/\/ellotv.com.br\/site\/wp-content\/uploads\/2026\/02\/WhatsApp-Image-2026-02-02-at-08.25.03.jpeg",1000,879,false],"2048x2048":["https:\/\/ellotv.com.br\/site\/wp-content\/uploads\/2026\/02\/WhatsApp-Image-2026-02-02-at-08.25.03.jpeg",1000,879,false],"darknews-slider-full":["https:\/\/ellotv.com.br\/site\/wp-content\/uploads\/2026\/02\/WhatsApp-Image-2026-02-02-at-08.25.03-1000x720.jpeg",1000,720,true],"darknews-featured":["https:\/\/ellotv.com.br\/site\/wp-content\/uploads\/2026\/02\/WhatsApp-Image-2026-02-02-at-08.25.03.jpeg",1000,879,false],"darknews-medium":["https:\/\/ellotv.com.br\/site\/wp-content\/uploads\/2026\/02\/WhatsApp-Image-2026-02-02-at-08.25.03-720x530.jpeg",720,530,true],"darknews-medium-square":["https:\/\/ellotv.com.br\/site\/wp-content\/uploads\/2026\/02\/WhatsApp-Image-2026-02-02-at-08.25.03-350x350.jpeg",350,350,true]},"author_info":{"info":["ELLO TV"]},"category_info":"<a href=\"https:\/\/ellotv.com.br\/site\/category\/noticias\/\" rel=\"category tag\">Noticias<\/a> <a href=\"https:\/\/ellotv.com.br\/site\/category\/regional\/\" rel=\"category tag\">Regional<\/a>","tag_info":"Regional","comment_count":"0","_links":{"self":[{"href":"https:\/\/ellotv.com.br\/site\/wp-json\/wp\/v2\/posts\/4812","targetHints":{"allow":["GET"]}}],"collection":[{"href":"https:\/\/ellotv.com.br\/site\/wp-json\/wp\/v2\/posts"}],"about":[{"href":"https:\/\/ellotv.com.br\/site\/wp-json\/wp\/v2\/types\/post"}],"author":[{"embeddable":true,"href":"https:\/\/ellotv.com.br\/site\/wp-json\/wp\/v2\/users\/2"}],"replies":[{"embeddable":true,"href":"https:\/\/ellotv.com.br\/site\/wp-json\/wp\/v2\/comments?post=4812"}],"version-history":[{"count":1,"href":"https:\/\/ellotv.com.br\/site\/wp-json\/wp\/v2\/posts\/4812\/revisions"}],"predecessor-version":[{"id":4814,"href":"https:\/\/ellotv.com.br\/site\/wp-json\/wp\/v2\/posts\/4812\/revisions\/4814"}],"wp:featuredmedia":[{"embeddable":true,"href":"https:\/\/ellotv.com.br\/site\/wp-json\/wp\/v2\/media\/4813"}],"wp:attachment":[{"href":"https:\/\/ellotv.com.br\/site\/wp-json\/wp\/v2\/media?parent=4812"}],"wp:term":[{"taxonomy":"category","embeddable":true,"href":"https:\/\/ellotv.com.br\/site\/wp-json\/wp\/v2\/categories?post=4812"},{"taxonomy":"post_tag","embeddable":true,"href":"https:\/\/ellotv.com.br\/site\/wp-json\/wp\/v2\/tags?post=4812"}],"curies":[{"name":"wp","href":"https:\/\/api.w.org\/{rel}","templated":true}]}}