{"id":4821,"date":"2026-02-02T11:42:30","date_gmt":"2026-02-02T14:42:30","guid":{"rendered":"https:\/\/ellotv.com.br\/site\/?p=4821"},"modified":"2026-02-02T11:42:30","modified_gmt":"2026-02-02T14:42:30","slug":"multidao-ocupa-a-avenida-paulista-em-protesto-por-justica-no-caso-do-cao-orelha","status":"publish","type":"post","link":"https:\/\/ellotv.com.br\/site\/2026\/02\/02\/multidao-ocupa-a-avenida-paulista-em-protesto-por-justica-no-caso-do-cao-orelha\/","title":{"rendered":"Multid\u00e3o ocupa a Avenida Paulista em protesto por justi\u00e7a no caso do c\u00e3o Orelha"},"content":{"rendered":"<p>Uma multid\u00e3o ocupou a Avenida Paulista, em S\u00e3o Paulo, neste domingo (1\u00ba), em um ato que chamou aten\u00e7\u00e3o pela dimens\u00e3o e pela causa. A manifesta\u00e7\u00e3o ocorreu ap\u00f3s a forte repercuss\u00e3o nacional do caso do c\u00e3o Orelha, que mobilizou moradores, ativistas e defensores dos direitos dos animais em diferentes partes do pa\u00eds.<\/p>\n<p>Imagens captadas por drones mostraram a avenida tomada por pessoas segurando cartazes e pedindo justi\u00e7a, al\u00e9m de mudan\u00e7as mais r\u00edgidas na legisla\u00e7\u00e3o de prote\u00e7\u00e3o animal. O protesto transformou um dos principais cart\u00f5es-postais da capital paulista em um espa\u00e7o de mobiliza\u00e7\u00e3o e cobran\u00e7a por respostas das autoridades.<\/p>\n<p>Orelha vivia na Praia Brava, em Florian\u00f3polis (SC), e era cuidado pela comunidade local. O caso gerou como\u00e7\u00e3o nas redes sociais e levantou debates sobre viol\u00eancia contra animais, responsabilidade coletiva e puni\u00e7\u00e3o para atos desse tipo.<\/p>\n<p>A manifesta\u00e7\u00e3o em S\u00e3o Paulo refor\u00e7ou o alcance nacional do tema e a press\u00e3o popular por medidas mais efetivas de prote\u00e7\u00e3o animal, al\u00e9m de conscientiza\u00e7\u00e3o e preven\u00e7\u00e3o para evitar novos epis\u00f3dios semelhantes.<\/p>\n<div style=\"width: 640px;\" class=\"wp-video\"><video class=\"wp-video-shortcode\" id=\"video-4821-1\" width=\"640\" height=\"1138\" preload=\"metadata\" controls=\"controls\"><source type=\"video\/mp4\" src=\"https:\/\/ellotv.com.br\/site\/wp-content\/uploads\/2026\/02\/noticia-caso-orelha2.mp4?_=1\" \/><a href=\"https:\/\/ellotv.com.br\/site\/wp-content\/uploads\/2026\/02\/noticia-caso-orelha2.mp4\">https:\/\/ellotv.com.br\/site\/wp-content\/uploads\/2026\/02\/noticia-caso-orelha2.mp4<\/a><\/video><\/div>\n","protected":false},"excerpt":{"rendered":"<p>Uma multid\u00e3o ocupou a Avenida Paulista, em S\u00e3o Paulo, neste domingo (1\u00ba), em um ato que chamou aten\u00e7\u00e3o<\/p>\n","protected":false},"author":2,"featured_media":4824,"comment_status":"open","ping_status":"open","sticky":false,"template":"","format":"standard","meta":{"footnotes":""},"categories":[8,12],"tags":[],"class_list":["post-4821","post","type-post","status-publish","format-standard","has-post-thumbnail","hentry","category-brasil","category-noticias"],"yoast_head":"<!-- This site is optimized with the Yoast SEO plugin v28.3 - https:\/\/yoast.com\/product\/yoast-seo-wordpress\/ -->\n<title>Multid\u00e3o ocupa a Avenida Paulista em protesto por justi\u00e7a no caso do c\u00e3o Orelha - Ello TV<\/title>\n<meta name=\"description\" content=\"Manifesta\u00e7\u00e3o lota a Avenida Paulista ap\u00f3s repercuss\u00e3o nacional do caso do c\u00e3o Orelha e cobra justi\u00e7a, leis mais r\u00edgidas e maior prote\u00e7\u00e3o aos direitos dos animais.\" \/>\n<meta name=\"robots\" content=\"index, follow, max-snippet:-1, max-image-preview:large, max-video-preview:-1\" \/>\n<link rel=\"canonical\" href=\"https:\/\/ellotv.com.br\/site\/2026\/02\/02\/multidao-ocupa-a-avenida-paulista-em-protesto-por-justica-no-caso-do-cao-orelha\/\" \/>\n<meta property=\"og:locale\" content=\"pt_BR\" \/>\n<meta property=\"og:type\" content=\"article\" \/>\n<meta property=\"og:title\" content=\"Multid\u00e3o ocupa a Avenida Paulista em protesto por justi\u00e7a no caso do c\u00e3o Orelha - Ello TV\" \/>\n<meta property=\"og:description\" content=\"Manifesta\u00e7\u00e3o lota a Avenida Paulista ap\u00f3s repercuss\u00e3o nacional do caso do c\u00e3o Orelha e cobra justi\u00e7a, leis mais r\u00edgidas e maior prote\u00e7\u00e3o aos direitos dos animais.\" \/>\n<meta property=\"og:url\" content=\"https:\/\/ellotv.com.br\/site\/2026\/02\/02\/multidao-ocupa-a-avenida-paulista-em-protesto-por-justica-no-caso-do-cao-orelha\/\" \/>\n<meta property=\"og:site_name\" content=\"Ello TV\" \/>\n<meta property=\"article:published_time\" content=\"2026-02-02T14:42:30+00:00\" \/>\n<meta property=\"og:image\" content=\"https:\/\/ellotv.com.br\/site\/wp-content\/uploads\/2026\/02\/WhatsApp-Image-2026-02-02-at-11.38.24.jpeg\" \/>\n\t<meta property=\"og:image:width\" content=\"900\" \/>\n\t<meta property=\"og:image:height\" content=\"601\" \/>\n\t<meta property=\"og:image:type\" content=\"image\/jpeg\" \/>\n<meta name=\"author\" content=\"ELLO TV\" \/>\n<meta name=\"twitter:card\" content=\"summary_large_image\" \/>\n<meta name=\"twitter:label1\" content=\"Escrito por\" \/>\n\t<meta name=\"twitter:data1\" content=\"ELLO TV\" \/>\n\t<meta name=\"twitter:label2\" content=\"Est. tempo de leitura\" \/>\n\t<meta name=\"twitter:data2\" content=\"1 minuto\" \/>\n<script type=\"application\/ld+json\" class=\"yoast-schema-graph\">{\"@context\":\"https:\\\/\\\/schema.org\",\"@graph\":[{\"@type\":\"Article\",\"@id\":\"https:\\\/\\\/ellotv.com.br\\\/site\\\/2026\\\/02\\\/02\\\/multidao-ocupa-a-avenida-paulista-em-protesto-por-justica-no-caso-do-cao-orelha\\\/#article\",\"isPartOf\":{\"@id\":\"https:\\\/\\\/ellotv.com.br\\\/site\\\/2026\\\/02\\\/02\\\/multidao-ocupa-a-avenida-paulista-em-protesto-por-justica-no-caso-do-cao-orelha\\\/\"},\"author\":{\"name\":\"ELLO TV\",\"@id\":\"https:\\\/\\\/ellotv.com.br\\\/site\\\/#\\\/schema\\\/person\\\/2dbe3abaee38dcc7332fc8205cd2b15d\"},\"headline\":\"Multid\u00e3o ocupa a Avenida Paulista em protesto por justi\u00e7a no caso do c\u00e3o Orelha\",\"datePublished\":\"2026-02-02T14:42:30+00:00\",\"mainEntityOfPage\":{\"@id\":\"https:\\\/\\\/ellotv.com.br\\\/site\\\/2026\\\/02\\\/02\\\/multidao-ocupa-a-avenida-paulista-em-protesto-por-justica-no-caso-do-cao-orelha\\\/\"},\"wordCount\":227,\"commentCount\":0,\"publisher\":{\"@id\":\"https:\\\/\\\/ellotv.com.br\\\/site\\\/#organization\"},\"image\":{\"@id\":\"https:\\\/\\\/ellotv.com.br\\\/site\\\/2026\\\/02\\\/02\\\/multidao-ocupa-a-avenida-paulista-em-protesto-por-justica-no-caso-do-cao-orelha\\\/#primaryimage\"},\"thumbnailUrl\":\"https:\\\/\\\/ellotv.com.br\\\/site\\\/wp-content\\\/uploads\\\/2026\\\/02\\\/WhatsApp-Image-2026-02-02-at-11.38.24.jpeg\",\"articleSection\":[\"Brasil\",\"Noticias\"],\"inLanguage\":\"pt-BR\",\"potentialAction\":[{\"@type\":\"CommentAction\",\"name\":\"Comment\",\"target\":[\"https:\\\/\\\/ellotv.com.br\\\/site\\\/2026\\\/02\\\/02\\\/multidao-ocupa-a-avenida-paulista-em-protesto-por-justica-no-caso-do-cao-orelha\\\/#respond\"]}]},{\"@type\":\"WebPage\",\"@id\":\"https:\\\/\\\/ellotv.com.br\\\/site\\\/2026\\\/02\\\/02\\\/multidao-ocupa-a-avenida-paulista-em-protesto-por-justica-no-caso-do-cao-orelha\\\/\",\"url\":\"https:\\\/\\\/ellotv.com.br\\\/site\\\/2026\\\/02\\\/02\\\/multidao-ocupa-a-avenida-paulista-em-protesto-por-justica-no-caso-do-cao-orelha\\\/\",\"name\":\"Multid\u00e3o ocupa a Avenida Paulista em protesto por justi\u00e7a no caso do c\u00e3o Orelha - Ello TV\",\"isPartOf\":{\"@id\":\"https:\\\/\\\/ellotv.com.br\\\/site\\\/#website\"},\"primaryImageOfPage\":{\"@id\":\"https:\\\/\\\/ellotv.com.br\\\/site\\\/2026\\\/02\\\/02\\\/multidao-ocupa-a-avenida-paulista-em-protesto-por-justica-no-caso-do-cao-orelha\\\/#primaryimage\"},\"image\":{\"@id\":\"https:\\\/\\\/ellotv.com.br\\\/site\\\/2026\\\/02\\\/02\\\/multidao-ocupa-a-avenida-paulista-em-protesto-por-justica-no-caso-do-cao-orelha\\\/#primaryimage\"},\"thumbnailUrl\":\"https:\\\/\\\/ellotv.com.br\\\/site\\\/wp-content\\\/uploads\\\/2026\\\/02\\\/WhatsApp-Image-2026-02-02-at-11.38.24.jpeg\",\"datePublished\":\"2026-02-02T14:42:30+00:00\",\"description\":\"Manifesta\u00e7\u00e3o lota a Avenida Paulista ap\u00f3s repercuss\u00e3o nacional do caso do c\u00e3o Orelha e cobra justi\u00e7a, leis mais r\u00edgidas e maior prote\u00e7\u00e3o aos direitos dos animais.\",\"breadcrumb\":{\"@id\":\"https:\\\/\\\/ellotv.com.br\\\/site\\\/2026\\\/02\\\/02\\\/multidao-ocupa-a-avenida-paulista-em-protesto-por-justica-no-caso-do-cao-orelha\\\/#breadcrumb\"},\"inLanguage\":\"pt-BR\",\"potentialAction\":[{\"@type\":\"ReadAction\",\"target\":[\"https:\\\/\\\/ellotv.com.br\\\/site\\\/2026\\\/02\\\/02\\\/multidao-ocupa-a-avenida-paulista-em-protesto-por-justica-no-caso-do-cao-orelha\\\/\"]}]},{\"@type\":\"ImageObject\",\"inLanguage\":\"pt-BR\",\"@id\":\"https:\\\/\\\/ellotv.com.br\\\/site\\\/2026\\\/02\\\/02\\\/multidao-ocupa-a-avenida-paulista-em-protesto-por-justica-no-caso-do-cao-orelha\\\/#primaryimage\",\"url\":\"https:\\\/\\\/ellotv.com.br\\\/site\\\/wp-content\\\/uploads\\\/2026\\\/02\\\/WhatsApp-Image-2026-02-02-at-11.38.24.jpeg\",\"contentUrl\":\"https:\\\/\\\/ellotv.com.br\\\/site\\\/wp-content\\\/uploads\\\/2026\\\/02\\\/WhatsApp-Image-2026-02-02-at-11.38.24.jpeg\",\"width\":900,\"height\":601},{\"@type\":\"BreadcrumbList\",\"@id\":\"https:\\\/\\\/ellotv.com.br\\\/site\\\/2026\\\/02\\\/02\\\/multidao-ocupa-a-avenida-paulista-em-protesto-por-justica-no-caso-do-cao-orelha\\\/#breadcrumb\",\"itemListElement\":[{\"@type\":\"ListItem\",\"position\":1,\"name\":\"In\u00edcio\",\"item\":\"https:\\\/\\\/ellotv.com.br\\\/site\\\/\"},{\"@type\":\"ListItem\",\"position\":2,\"name\":\"Multid\u00e3o ocupa a Avenida Paulista em protesto por justi\u00e7a no caso do c\u00e3o Orelha\"}]},{\"@type\":\"WebSite\",\"@id\":\"https:\\\/\\\/ellotv.com.br\\\/site\\\/#website\",\"url\":\"https:\\\/\\\/ellotv.com.br\\\/site\\\/\",\"name\":\"ELLO TV\",\"description\":\"\",\"publisher\":{\"@id\":\"https:\\\/\\\/ellotv.com.br\\\/site\\\/#organization\"},\"potentialAction\":[{\"@type\":\"SearchAction\",\"target\":{\"@type\":\"EntryPoint\",\"urlTemplate\":\"https:\\\/\\\/ellotv.com.br\\\/site\\\/?s={search_term_string}\"},\"query-input\":{\"@type\":\"PropertyValueSpecification\",\"valueRequired\":true,\"valueName\":\"search_term_string\"}}],\"inLanguage\":\"pt-BR\"},{\"@type\":\"Organization\",\"@id\":\"https:\\\/\\\/ellotv.com.br\\\/site\\\/#organization\",\"name\":\"ELLO TV\",\"url\":\"https:\\\/\\\/ellotv.com.br\\\/site\\\/\",\"logo\":{\"@type\":\"ImageObject\",\"inLanguage\":\"pt-BR\",\"@id\":\"https:\\\/\\\/ellotv.com.br\\\/site\\\/#\\\/schema\\\/logo\\\/image\\\/\",\"url\":\"https:\\\/\\\/ellotv.com.br\\\/site\\\/wp-content\\\/uploads\\\/2025\\\/11\\\/ello-logo-2.fw_.png\",\"contentUrl\":\"https:\\\/\\\/ellotv.com.br\\\/site\\\/wp-content\\\/uploads\\\/2025\\\/11\\\/ello-logo-2.fw_.png\",\"width\":400,\"height\":146,\"caption\":\"ELLO TV\"},\"image\":{\"@id\":\"https:\\\/\\\/ellotv.com.br\\\/site\\\/#\\\/schema\\\/logo\\\/image\\\/\"}},{\"@type\":\"Person\",\"@id\":\"https:\\\/\\\/ellotv.com.br\\\/site\\\/#\\\/schema\\\/person\\\/2dbe3abaee38dcc7332fc8205cd2b15d\",\"name\":\"ELLO TV\",\"image\":{\"@type\":\"ImageObject\",\"inLanguage\":\"pt-BR\",\"@id\":\"https:\\\/\\\/secure.gravatar.com\\\/avatar\\\/c38242b9da8ec217ac3f0aaee31a54f7d7befb11b2b47fdbc8fb0fad60afa1c6?s=96&d=mm&r=g\",\"url\":\"https:\\\/\\\/secure.gravatar.com\\\/avatar\\\/c38242b9da8ec217ac3f0aaee31a54f7d7befb11b2b47fdbc8fb0fad60afa1c6?s=96&d=mm&r=g\",\"contentUrl\":\"https:\\\/\\\/secure.gravatar.com\\\/avatar\\\/c38242b9da8ec217ac3f0aaee31a54f7d7befb11b2b47fdbc8fb0fad60afa1c6?s=96&d=mm&r=g\",\"caption\":\"ELLO TV\"},\"url\":\"https:\\\/\\\/ellotv.com.br\\\/site\\\/author\\\/elloagencia\\\/\"}]}<\/script>\n<!-- \/ Yoast SEO plugin. -->","yoast_head_json":{"title":"Multid\u00e3o ocupa a Avenida Paulista em protesto por justi\u00e7a no caso do c\u00e3o Orelha - Ello TV","description":"Manifesta\u00e7\u00e3o lota a Avenida Paulista ap\u00f3s repercuss\u00e3o nacional do caso do c\u00e3o Orelha e cobra justi\u00e7a, leis mais r\u00edgidas e maior prote\u00e7\u00e3o aos direitos dos animais.","robots":{"index":"index","follow":"follow","max-snippet":"max-snippet:-1","max-image-preview":"max-image-preview:large","max-video-preview":"max-video-preview:-1"},"canonical":"https:\/\/ellotv.com.br\/site\/2026\/02\/02\/multidao-ocupa-a-avenida-paulista-em-protesto-por-justica-no-caso-do-cao-orelha\/","og_locale":"pt_BR","og_type":"article","og_title":"Multid\u00e3o ocupa a Avenida Paulista em protesto por justi\u00e7a no caso do c\u00e3o Orelha - Ello TV","og_description":"Manifesta\u00e7\u00e3o lota a Avenida Paulista ap\u00f3s repercuss\u00e3o nacional do caso do c\u00e3o Orelha e cobra justi\u00e7a, leis mais r\u00edgidas e maior prote\u00e7\u00e3o aos direitos dos animais.","og_url":"https:\/\/ellotv.com.br\/site\/2026\/02\/02\/multidao-ocupa-a-avenida-paulista-em-protesto-por-justica-no-caso-do-cao-orelha\/","og_site_name":"Ello TV","article_published_time":"2026-02-02T14:42:30+00:00","og_image":[{"width":900,"height":601,"url":"https:\/\/ellotv.com.br\/site\/wp-content\/uploads\/2026\/02\/WhatsApp-Image-2026-02-02-at-11.38.24.jpeg","type":"image\/jpeg"}],"author":"ELLO TV","twitter_card":"summary_large_image","twitter_misc":{"Escrito por":"ELLO TV","Est. tempo de leitura":"1 minuto"},"schema":{"@context":"https:\/\/schema.org","@graph":[{"@type":"Article","@id":"https:\/\/ellotv.com.br\/site\/2026\/02\/02\/multidao-ocupa-a-avenida-paulista-em-protesto-por-justica-no-caso-do-cao-orelha\/#article","isPartOf":{"@id":"https:\/\/ellotv.com.br\/site\/2026\/02\/02\/multidao-ocupa-a-avenida-paulista-em-protesto-por-justica-no-caso-do-cao-orelha\/"},"author":{"name":"ELLO TV","@id":"https:\/\/ellotv.com.br\/site\/#\/schema\/person\/2dbe3abaee38dcc7332fc8205cd2b15d"},"headline":"Multid\u00e3o ocupa a Avenida Paulista em protesto por justi\u00e7a no caso do c\u00e3o Orelha","datePublished":"2026-02-02T14:42:30+00:00","mainEntityOfPage":{"@id":"https:\/\/ellotv.com.br\/site\/2026\/02\/02\/multidao-ocupa-a-avenida-paulista-em-protesto-por-justica-no-caso-do-cao-orelha\/"},"wordCount":227,"commentCount":0,"publisher":{"@id":"https:\/\/ellotv.com.br\/site\/#organization"},"image":{"@id":"https:\/\/ellotv.com.br\/site\/2026\/02\/02\/multidao-ocupa-a-avenida-paulista-em-protesto-por-justica-no-caso-do-cao-orelha\/#primaryimage"},"thumbnailUrl":"https:\/\/ellotv.com.br\/site\/wp-content\/uploads\/2026\/02\/WhatsApp-Image-2026-02-02-at-11.38.24.jpeg","articleSection":["Brasil","Noticias"],"inLanguage":"pt-BR","potentialAction":[{"@type":"CommentAction","name":"Comment","target":["https:\/\/ellotv.com.br\/site\/2026\/02\/02\/multidao-ocupa-a-avenida-paulista-em-protesto-por-justica-no-caso-do-cao-orelha\/#respond"]}]},{"@type":"WebPage","@id":"https:\/\/ellotv.com.br\/site\/2026\/02\/02\/multidao-ocupa-a-avenida-paulista-em-protesto-por-justica-no-caso-do-cao-orelha\/","url":"https:\/\/ellotv.com.br\/site\/2026\/02\/02\/multidao-ocupa-a-avenida-paulista-em-protesto-por-justica-no-caso-do-cao-orelha\/","name":"Multid\u00e3o ocupa a Avenida Paulista em protesto por justi\u00e7a no caso do c\u00e3o Orelha - Ello TV","isPartOf":{"@id":"https:\/\/ellotv.com.br\/site\/#website"},"primaryImageOfPage":{"@id":"https:\/\/ellotv.com.br\/site\/2026\/02\/02\/multidao-ocupa-a-avenida-paulista-em-protesto-por-justica-no-caso-do-cao-orelha\/#primaryimage"},"image":{"@id":"https:\/\/ellotv.com.br\/site\/2026\/02\/02\/multidao-ocupa-a-avenida-paulista-em-protesto-por-justica-no-caso-do-cao-orelha\/#primaryimage"},"thumbnailUrl":"https:\/\/ellotv.com.br\/site\/wp-content\/uploads\/2026\/02\/WhatsApp-Image-2026-02-02-at-11.38.24.jpeg","datePublished":"2026-02-02T14:42:30+00:00","description":"Manifesta\u00e7\u00e3o lota a Avenida Paulista ap\u00f3s repercuss\u00e3o nacional do caso do c\u00e3o Orelha e cobra justi\u00e7a, leis mais r\u00edgidas e maior prote\u00e7\u00e3o aos direitos dos animais.","breadcrumb":{"@id":"https:\/\/ellotv.com.br\/site\/2026\/02\/02\/multidao-ocupa-a-avenida-paulista-em-protesto-por-justica-no-caso-do-cao-orelha\/#breadcrumb"},"inLanguage":"pt-BR","potentialAction":[{"@type":"ReadAction","target":["https:\/\/ellotv.com.br\/site\/2026\/02\/02\/multidao-ocupa-a-avenida-paulista-em-protesto-por-justica-no-caso-do-cao-orelha\/"]}]},{"@type":"ImageObject","inLanguage":"pt-BR","@id":"https:\/\/ellotv.com.br\/site\/2026\/02\/02\/multidao-ocupa-a-avenida-paulista-em-protesto-por-justica-no-caso-do-cao-orelha\/#primaryimage","url":"https:\/\/ellotv.com.br\/site\/wp-content\/uploads\/2026\/02\/WhatsApp-Image-2026-02-02-at-11.38.24.jpeg","contentUrl":"https:\/\/ellotv.com.br\/site\/wp-content\/uploads\/2026\/02\/WhatsApp-Image-2026-02-02-at-11.38.24.jpeg","width":900,"height":601},{"@type":"BreadcrumbList","@id":"https:\/\/ellotv.com.br\/site\/2026\/02\/02\/multidao-ocupa-a-avenida-paulista-em-protesto-por-justica-no-caso-do-cao-orelha\/#breadcrumb","itemListElement":[{"@type":"ListItem","position":1,"name":"In\u00edcio","item":"https:\/\/ellotv.com.br\/site\/"},{"@type":"ListItem","position":2,"name":"Multid\u00e3o ocupa a Avenida Paulista em protesto por justi\u00e7a no caso do c\u00e3o Orelha"}]},{"@type":"WebSite","@id":"https:\/\/ellotv.com.br\/site\/#website","url":"https:\/\/ellotv.com.br\/site\/","name":"ELLO TV","description":"","publisher":{"@id":"https:\/\/ellotv.com.br\/site\/#organization"},"potentialAction":[{"@type":"SearchAction","target":{"@type":"EntryPoint","urlTemplate":"https:\/\/ellotv.com.br\/site\/?s={search_term_string}"},"query-input":{"@type":"PropertyValueSpecification","valueRequired":true,"valueName":"search_term_string"}}],"inLanguage":"pt-BR"},{"@type":"Organization","@id":"https:\/\/ellotv.com.br\/site\/#organization","name":"ELLO TV","url":"https:\/\/ellotv.com.br\/site\/","logo":{"@type":"ImageObject","inLanguage":"pt-BR","@id":"https:\/\/ellotv.com.br\/site\/#\/schema\/logo\/image\/","url":"https:\/\/ellotv.com.br\/site\/wp-content\/uploads\/2025\/11\/ello-logo-2.fw_.png","contentUrl":"https:\/\/ellotv.com.br\/site\/wp-content\/uploads\/2025\/11\/ello-logo-2.fw_.png","width":400,"height":146,"caption":"ELLO TV"},"image":{"@id":"https:\/\/ellotv.com.br\/site\/#\/schema\/logo\/image\/"}},{"@type":"Person","@id":"https:\/\/ellotv.com.br\/site\/#\/schema\/person\/2dbe3abaee38dcc7332fc8205cd2b15d","name":"ELLO TV","image":{"@type":"ImageObject","inLanguage":"pt-BR","@id":"https:\/\/secure.gravatar.com\/avatar\/c38242b9da8ec217ac3f0aaee31a54f7d7befb11b2b47fdbc8fb0fad60afa1c6?s=96&d=mm&r=g","url":"https:\/\/secure.gravatar.com\/avatar\/c38242b9da8ec217ac3f0aaee31a54f7d7befb11b2b47fdbc8fb0fad60afa1c6?s=96&d=mm&r=g","contentUrl":"https:\/\/secure.gravatar.com\/avatar\/c38242b9da8ec217ac3f0aaee31a54f7d7befb11b2b47fdbc8fb0fad60afa1c6?s=96&d=mm&r=g","caption":"ELLO TV"},"url":"https:\/\/ellotv.com.br\/site\/author\/elloagencia\/"}]}},"featured_image_urls":{"full":["https:\/\/ellotv.com.br\/site\/wp-content\/uploads\/2026\/02\/WhatsApp-Image-2026-02-02-at-11.38.24.jpeg",900,601,false],"thumbnail":["https:\/\/ellotv.com.br\/site\/wp-content\/uploads\/2026\/02\/WhatsApp-Image-2026-02-02-at-11.38.24-150x150.jpeg",150,150,true],"medium":["https:\/\/ellotv.com.br\/site\/wp-content\/uploads\/2026\/02\/WhatsApp-Image-2026-02-02-at-11.38.24-300x200.jpeg",300,200,true],"medium_large":["https:\/\/ellotv.com.br\/site\/wp-content\/uploads\/2026\/02\/WhatsApp-Image-2026-02-02-at-11.38.24-768x513.jpeg",640,428,true],"large":["https:\/\/ellotv.com.br\/site\/wp-content\/uploads\/2026\/02\/WhatsApp-Image-2026-02-02-at-11.38.24.jpeg",640,427,false],"1536x1536":["https:\/\/ellotv.com.br\/site\/wp-content\/uploads\/2026\/02\/WhatsApp-Image-2026-02-02-at-11.38.24.jpeg",900,601,false],"2048x2048":["https:\/\/ellotv.com.br\/site\/wp-content\/uploads\/2026\/02\/WhatsApp-Image-2026-02-02-at-11.38.24.jpeg",900,601,false],"darknews-slider-full":["https:\/\/ellotv.com.br\/site\/wp-content\/uploads\/2026\/02\/WhatsApp-Image-2026-02-02-at-11.38.24.jpeg",900,601,false],"darknews-featured":["https:\/\/ellotv.com.br\/site\/wp-content\/uploads\/2026\/02\/WhatsApp-Image-2026-02-02-at-11.38.24.jpeg",900,601,false],"darknews-medium":["https:\/\/ellotv.com.br\/site\/wp-content\/uploads\/2026\/02\/WhatsApp-Image-2026-02-02-at-11.38.24-720x530.jpeg",720,530,true],"darknews-medium-square":["https:\/\/ellotv.com.br\/site\/wp-content\/uploads\/2026\/02\/WhatsApp-Image-2026-02-02-at-11.38.24-350x350.jpeg",350,350,true]},"author_info":{"info":["ELLO TV"]},"category_info":"<a href=\"https:\/\/ellotv.com.br\/site\/category\/brasil\/\" rel=\"category tag\">Brasil<\/a> <a href=\"https:\/\/ellotv.com.br\/site\/category\/noticias\/\" rel=\"category tag\">Noticias<\/a>","tag_info":"Noticias","comment_count":"0","_links":{"self":[{"href":"https:\/\/ellotv.com.br\/site\/wp-json\/wp\/v2\/posts\/4821","targetHints":{"allow":["GET"]}}],"collection":[{"href":"https:\/\/ellotv.com.br\/site\/wp-json\/wp\/v2\/posts"}],"about":[{"href":"https:\/\/ellotv.com.br\/site\/wp-json\/wp\/v2\/types\/post"}],"author":[{"embeddable":true,"href":"https:\/\/ellotv.com.br\/site\/wp-json\/wp\/v2\/users\/2"}],"replies":[{"embeddable":true,"href":"https:\/\/ellotv.com.br\/site\/wp-json\/wp\/v2\/comments?post=4821"}],"version-history":[{"count":1,"href":"https:\/\/ellotv.com.br\/site\/wp-json\/wp\/v2\/posts\/4821\/revisions"}],"predecessor-version":[{"id":4823,"href":"https:\/\/ellotv.com.br\/site\/wp-json\/wp\/v2\/posts\/4821\/revisions\/4823"}],"wp:featuredmedia":[{"embeddable":true,"href":"https:\/\/ellotv.com.br\/site\/wp-json\/wp\/v2\/media\/4824"}],"wp:attachment":[{"href":"https:\/\/ellotv.com.br\/site\/wp-json\/wp\/v2\/media?parent=4821"}],"wp:term":[{"taxonomy":"category","embeddable":true,"href":"https:\/\/ellotv.com.br\/site\/wp-json\/wp\/v2\/categories?post=4821"},{"taxonomy":"post_tag","embeddable":true,"href":"https:\/\/ellotv.com.br\/site\/wp-json\/wp\/v2\/tags?post=4821"}],"curies":[{"name":"wp","href":"https:\/\/api.w.org\/{rel}","templated":true}]}}