{"id":4825,"date":"2026-02-02T11:44:20","date_gmt":"2026-02-02T14:44:20","guid":{"rendered":"https:\/\/ellotv.com.br\/site\/?p=4825"},"modified":"2026-02-02T11:44:20","modified_gmt":"2026-02-02T14:44:20","slug":"saude-mental-afasta-trabalhadores-em-mais-de-2-mil-profissoes-no-brasil","status":"publish","type":"post","link":"https:\/\/ellotv.com.br\/site\/2026\/02\/02\/saude-mental-afasta-trabalhadores-em-mais-de-2-mil-profissoes-no-brasil\/","title":{"rendered":"Sa\u00fade mental afasta trabalhadores em mais de 2 mil profiss\u00f5es no Brasil"},"content":{"rendered":"<p>Mais de duas mil profiss\u00f5es registraram afastamentos do trabalho por transtornos mentais no Brasil, revelando um cen\u00e1rio preocupante para a sa\u00fade dos trabalhadores. Dados do Minist\u00e9rio da Previd\u00eancia Social, obtidos com exclusividade pelo g1, mostram que, em 2025, mais de 500 mil pessoas precisaram se afastar de suas atividades profissionais por motivos relacionados \u00e0 sa\u00fade mental.<\/p>\n<p>Este \u00e9 o segundo ano consecutivo em que o pa\u00eds bate recorde nesse tipo de afastamento. Em 2024, o Brasil j\u00e1 havia registrado a maior marca da d\u00e9cada, evidenciando uma tend\u00eancia de crescimento dos casos e o agravamento do problema no mercado de trabalho.<\/p>\n<p>Para entender como os afastamentos se distribuem entre as profiss\u00f5es, foi analisada uma lista com mais de 2 mil ocupa\u00e7\u00f5es, elaborada pela Organiza\u00e7\u00e3o Internacional do Trabalho (OIT) em parceria com o Minist\u00e9rio P\u00fablico do Trabalho (MPT), com base em dados do INSS. O levantamento considera informa\u00e7\u00f5es detalhadas do per\u00edodo entre 2012 e 2024.<\/p>\n<p>No topo da lista est\u00e3o profiss\u00f5es como vendedor do com\u00e9rcio varejista, faxineiro, auxiliar de escrit\u00f3rio, assistente administrativo e alimentador de linha de produ\u00e7\u00e3o. Segundo especialistas, essas ocupa\u00e7\u00f5es t\u00eam em comum fatores como contratos mais fr\u00e1geis, press\u00e3o por metas, jornadas prolongadas e maior exposi\u00e7\u00e3o a riscos, incluindo a viol\u00eancia urbana, no caso de motoristas e vigilantes.<\/p>\n<p>O aumento dos afastamentos acende um alerta sobre a necessidade de pol\u00edticas p\u00fablicas, a\u00e7\u00f5es de preven\u00e7\u00e3o e maior aten\u00e7\u00e3o das empresas \u00e0s condi\u00e7\u00f5es de trabalho, \u00e0 sa\u00fade emocional e ao bem-estar dos profissionais que sustentam boa parte da rotina urbana no pa\u00eds.<\/p>\n","protected":false},"excerpt":{"rendered":"<p>Mais de duas mil profiss\u00f5es registraram afastamentos do trabalho por transtornos mentais no Brasil, revelando um cen\u00e1rio preocupante<\/p>\n","protected":false},"author":2,"featured_media":4826,"comment_status":"open","ping_status":"open","sticky":false,"template":"","format":"standard","meta":{"footnotes":""},"categories":[8,12],"tags":[],"class_list":["post-4825","post","type-post","status-publish","format-standard","has-post-thumbnail","hentry","category-brasil","category-noticias"],"yoast_head":"<!-- This site is optimized with the Yoast SEO plugin v28.3 - https:\/\/yoast.com\/product\/yoast-seo-wordpress\/ -->\n<title>Sa\u00fade mental afasta trabalhadores em mais de 2 mil profiss\u00f5es no Brasil - Ello TV<\/title>\n<meta name=\"description\" content=\"Mais de 500 mil trabalhadores se afastaram em 2025 por problemas de sa\u00fade mental. Levantamento revela profiss\u00f5es mais afetadas e acende alerta sobre condi\u00e7\u00f5es de trabalho no pa\u00eds.\" \/>\n<meta name=\"robots\" content=\"index, follow, max-snippet:-1, max-image-preview:large, max-video-preview:-1\" \/>\n<link rel=\"canonical\" href=\"https:\/\/ellotv.com.br\/site\/2026\/02\/02\/saude-mental-afasta-trabalhadores-em-mais-de-2-mil-profissoes-no-brasil\/\" \/>\n<meta property=\"og:locale\" content=\"pt_BR\" \/>\n<meta property=\"og:type\" content=\"article\" \/>\n<meta property=\"og:title\" content=\"Sa\u00fade mental afasta trabalhadores em mais de 2 mil profiss\u00f5es no Brasil - Ello TV\" \/>\n<meta property=\"og:description\" content=\"Mais de 500 mil trabalhadores se afastaram em 2025 por problemas de sa\u00fade mental. Levantamento revela profiss\u00f5es mais afetadas e acende alerta sobre condi\u00e7\u00f5es de trabalho no pa\u00eds.\" \/>\n<meta property=\"og:url\" content=\"https:\/\/ellotv.com.br\/site\/2026\/02\/02\/saude-mental-afasta-trabalhadores-em-mais-de-2-mil-profissoes-no-brasil\/\" \/>\n<meta property=\"og:site_name\" content=\"Ello TV\" \/>\n<meta property=\"article:published_time\" content=\"2026-02-02T14:44:20+00:00\" \/>\n<meta property=\"og:image\" content=\"https:\/\/ellotv.com.br\/site\/wp-content\/uploads\/2026\/02\/WhatsApp-Image-2026-02-02-at-11.38.46.jpeg\" \/>\n\t<meta property=\"og:image:width\" content=\"1200\" \/>\n\t<meta property=\"og:image:height\" content=\"675\" \/>\n\t<meta property=\"og:image:type\" content=\"image\/jpeg\" \/>\n<meta name=\"author\" content=\"ELLO TV\" \/>\n<meta name=\"twitter:card\" content=\"summary_large_image\" \/>\n<meta name=\"twitter:label1\" content=\"Escrito por\" \/>\n\t<meta name=\"twitter:data1\" content=\"ELLO TV\" \/>\n\t<meta name=\"twitter:label2\" content=\"Est. tempo de leitura\" \/>\n\t<meta name=\"twitter:data2\" content=\"1 minuto\" \/>\n<script type=\"application\/ld+json\" class=\"yoast-schema-graph\">{\"@context\":\"https:\\\/\\\/schema.org\",\"@graph\":[{\"@type\":\"Article\",\"@id\":\"https:\\\/\\\/ellotv.com.br\\\/site\\\/2026\\\/02\\\/02\\\/saude-mental-afasta-trabalhadores-em-mais-de-2-mil-profissoes-no-brasil\\\/#article\",\"isPartOf\":{\"@id\":\"https:\\\/\\\/ellotv.com.br\\\/site\\\/2026\\\/02\\\/02\\\/saude-mental-afasta-trabalhadores-em-mais-de-2-mil-profissoes-no-brasil\\\/\"},\"author\":{\"name\":\"ELLO TV\",\"@id\":\"https:\\\/\\\/ellotv.com.br\\\/site\\\/#\\\/schema\\\/person\\\/2dbe3abaee38dcc7332fc8205cd2b15d\"},\"headline\":\"Sa\u00fade mental afasta trabalhadores em mais de 2 mil profiss\u00f5es no Brasil\",\"datePublished\":\"2026-02-02T14:44:20+00:00\",\"mainEntityOfPage\":{\"@id\":\"https:\\\/\\\/ellotv.com.br\\\/site\\\/2026\\\/02\\\/02\\\/saude-mental-afasta-trabalhadores-em-mais-de-2-mil-profissoes-no-brasil\\\/\"},\"wordCount\":289,\"commentCount\":0,\"publisher\":{\"@id\":\"https:\\\/\\\/ellotv.com.br\\\/site\\\/#organization\"},\"image\":{\"@id\":\"https:\\\/\\\/ellotv.com.br\\\/site\\\/2026\\\/02\\\/02\\\/saude-mental-afasta-trabalhadores-em-mais-de-2-mil-profissoes-no-brasil\\\/#primaryimage\"},\"thumbnailUrl\":\"https:\\\/\\\/ellotv.com.br\\\/site\\\/wp-content\\\/uploads\\\/2026\\\/02\\\/WhatsApp-Image-2026-02-02-at-11.38.46.jpeg\",\"articleSection\":[\"Brasil\",\"Noticias\"],\"inLanguage\":\"pt-BR\",\"potentialAction\":[{\"@type\":\"CommentAction\",\"name\":\"Comment\",\"target\":[\"https:\\\/\\\/ellotv.com.br\\\/site\\\/2026\\\/02\\\/02\\\/saude-mental-afasta-trabalhadores-em-mais-de-2-mil-profissoes-no-brasil\\\/#respond\"]}]},{\"@type\":\"WebPage\",\"@id\":\"https:\\\/\\\/ellotv.com.br\\\/site\\\/2026\\\/02\\\/02\\\/saude-mental-afasta-trabalhadores-em-mais-de-2-mil-profissoes-no-brasil\\\/\",\"url\":\"https:\\\/\\\/ellotv.com.br\\\/site\\\/2026\\\/02\\\/02\\\/saude-mental-afasta-trabalhadores-em-mais-de-2-mil-profissoes-no-brasil\\\/\",\"name\":\"Sa\u00fade mental afasta trabalhadores em mais de 2 mil profiss\u00f5es no Brasil - Ello TV\",\"isPartOf\":{\"@id\":\"https:\\\/\\\/ellotv.com.br\\\/site\\\/#website\"},\"primaryImageOfPage\":{\"@id\":\"https:\\\/\\\/ellotv.com.br\\\/site\\\/2026\\\/02\\\/02\\\/saude-mental-afasta-trabalhadores-em-mais-de-2-mil-profissoes-no-brasil\\\/#primaryimage\"},\"image\":{\"@id\":\"https:\\\/\\\/ellotv.com.br\\\/site\\\/2026\\\/02\\\/02\\\/saude-mental-afasta-trabalhadores-em-mais-de-2-mil-profissoes-no-brasil\\\/#primaryimage\"},\"thumbnailUrl\":\"https:\\\/\\\/ellotv.com.br\\\/site\\\/wp-content\\\/uploads\\\/2026\\\/02\\\/WhatsApp-Image-2026-02-02-at-11.38.46.jpeg\",\"datePublished\":\"2026-02-02T14:44:20+00:00\",\"description\":\"Mais de 500 mil trabalhadores se afastaram em 2025 por problemas de sa\u00fade mental. Levantamento revela profiss\u00f5es mais afetadas e acende alerta sobre condi\u00e7\u00f5es de trabalho no pa\u00eds.\",\"breadcrumb\":{\"@id\":\"https:\\\/\\\/ellotv.com.br\\\/site\\\/2026\\\/02\\\/02\\\/saude-mental-afasta-trabalhadores-em-mais-de-2-mil-profissoes-no-brasil\\\/#breadcrumb\"},\"inLanguage\":\"pt-BR\",\"potentialAction\":[{\"@type\":\"ReadAction\",\"target\":[\"https:\\\/\\\/ellotv.com.br\\\/site\\\/2026\\\/02\\\/02\\\/saude-mental-afasta-trabalhadores-em-mais-de-2-mil-profissoes-no-brasil\\\/\"]}]},{\"@type\":\"ImageObject\",\"inLanguage\":\"pt-BR\",\"@id\":\"https:\\\/\\\/ellotv.com.br\\\/site\\\/2026\\\/02\\\/02\\\/saude-mental-afasta-trabalhadores-em-mais-de-2-mil-profissoes-no-brasil\\\/#primaryimage\",\"url\":\"https:\\\/\\\/ellotv.com.br\\\/site\\\/wp-content\\\/uploads\\\/2026\\\/02\\\/WhatsApp-Image-2026-02-02-at-11.38.46.jpeg\",\"contentUrl\":\"https:\\\/\\\/ellotv.com.br\\\/site\\\/wp-content\\\/uploads\\\/2026\\\/02\\\/WhatsApp-Image-2026-02-02-at-11.38.46.jpeg\",\"width\":1200,\"height\":675},{\"@type\":\"BreadcrumbList\",\"@id\":\"https:\\\/\\\/ellotv.com.br\\\/site\\\/2026\\\/02\\\/02\\\/saude-mental-afasta-trabalhadores-em-mais-de-2-mil-profissoes-no-brasil\\\/#breadcrumb\",\"itemListElement\":[{\"@type\":\"ListItem\",\"position\":1,\"name\":\"In\u00edcio\",\"item\":\"https:\\\/\\\/ellotv.com.br\\\/site\\\/\"},{\"@type\":\"ListItem\",\"position\":2,\"name\":\"Sa\u00fade mental afasta trabalhadores em mais de 2 mil profiss\u00f5es no Brasil\"}]},{\"@type\":\"WebSite\",\"@id\":\"https:\\\/\\\/ellotv.com.br\\\/site\\\/#website\",\"url\":\"https:\\\/\\\/ellotv.com.br\\\/site\\\/\",\"name\":\"ELLO TV\",\"description\":\"\",\"publisher\":{\"@id\":\"https:\\\/\\\/ellotv.com.br\\\/site\\\/#organization\"},\"potentialAction\":[{\"@type\":\"SearchAction\",\"target\":{\"@type\":\"EntryPoint\",\"urlTemplate\":\"https:\\\/\\\/ellotv.com.br\\\/site\\\/?s={search_term_string}\"},\"query-input\":{\"@type\":\"PropertyValueSpecification\",\"valueRequired\":true,\"valueName\":\"search_term_string\"}}],\"inLanguage\":\"pt-BR\"},{\"@type\":\"Organization\",\"@id\":\"https:\\\/\\\/ellotv.com.br\\\/site\\\/#organization\",\"name\":\"ELLO TV\",\"url\":\"https:\\\/\\\/ellotv.com.br\\\/site\\\/\",\"logo\":{\"@type\":\"ImageObject\",\"inLanguage\":\"pt-BR\",\"@id\":\"https:\\\/\\\/ellotv.com.br\\\/site\\\/#\\\/schema\\\/logo\\\/image\\\/\",\"url\":\"https:\\\/\\\/ellotv.com.br\\\/site\\\/wp-content\\\/uploads\\\/2025\\\/11\\\/ello-logo-2.fw_.png\",\"contentUrl\":\"https:\\\/\\\/ellotv.com.br\\\/site\\\/wp-content\\\/uploads\\\/2025\\\/11\\\/ello-logo-2.fw_.png\",\"width\":400,\"height\":146,\"caption\":\"ELLO TV\"},\"image\":{\"@id\":\"https:\\\/\\\/ellotv.com.br\\\/site\\\/#\\\/schema\\\/logo\\\/image\\\/\"}},{\"@type\":\"Person\",\"@id\":\"https:\\\/\\\/ellotv.com.br\\\/site\\\/#\\\/schema\\\/person\\\/2dbe3abaee38dcc7332fc8205cd2b15d\",\"name\":\"ELLO TV\",\"image\":{\"@type\":\"ImageObject\",\"inLanguage\":\"pt-BR\",\"@id\":\"https:\\\/\\\/secure.gravatar.com\\\/avatar\\\/c38242b9da8ec217ac3f0aaee31a54f7d7befb11b2b47fdbc8fb0fad60afa1c6?s=96&d=mm&r=g\",\"url\":\"https:\\\/\\\/secure.gravatar.com\\\/avatar\\\/c38242b9da8ec217ac3f0aaee31a54f7d7befb11b2b47fdbc8fb0fad60afa1c6?s=96&d=mm&r=g\",\"contentUrl\":\"https:\\\/\\\/secure.gravatar.com\\\/avatar\\\/c38242b9da8ec217ac3f0aaee31a54f7d7befb11b2b47fdbc8fb0fad60afa1c6?s=96&d=mm&r=g\",\"caption\":\"ELLO TV\"},\"url\":\"https:\\\/\\\/ellotv.com.br\\\/site\\\/author\\\/elloagencia\\\/\"}]}<\/script>\n<!-- \/ Yoast SEO plugin. -->","yoast_head_json":{"title":"Sa\u00fade mental afasta trabalhadores em mais de 2 mil profiss\u00f5es no Brasil - Ello TV","description":"Mais de 500 mil trabalhadores se afastaram em 2025 por problemas de sa\u00fade mental. Levantamento revela profiss\u00f5es mais afetadas e acende alerta sobre condi\u00e7\u00f5es de trabalho no pa\u00eds.","robots":{"index":"index","follow":"follow","max-snippet":"max-snippet:-1","max-image-preview":"max-image-preview:large","max-video-preview":"max-video-preview:-1"},"canonical":"https:\/\/ellotv.com.br\/site\/2026\/02\/02\/saude-mental-afasta-trabalhadores-em-mais-de-2-mil-profissoes-no-brasil\/","og_locale":"pt_BR","og_type":"article","og_title":"Sa\u00fade mental afasta trabalhadores em mais de 2 mil profiss\u00f5es no Brasil - Ello TV","og_description":"Mais de 500 mil trabalhadores se afastaram em 2025 por problemas de sa\u00fade mental. Levantamento revela profiss\u00f5es mais afetadas e acende alerta sobre condi\u00e7\u00f5es de trabalho no pa\u00eds.","og_url":"https:\/\/ellotv.com.br\/site\/2026\/02\/02\/saude-mental-afasta-trabalhadores-em-mais-de-2-mil-profissoes-no-brasil\/","og_site_name":"Ello TV","article_published_time":"2026-02-02T14:44:20+00:00","og_image":[{"width":1200,"height":675,"url":"https:\/\/ellotv.com.br\/site\/wp-content\/uploads\/2026\/02\/WhatsApp-Image-2026-02-02-at-11.38.46.jpeg","type":"image\/jpeg"}],"author":"ELLO TV","twitter_card":"summary_large_image","twitter_misc":{"Escrito por":"ELLO TV","Est. tempo de leitura":"1 minuto"},"schema":{"@context":"https:\/\/schema.org","@graph":[{"@type":"Article","@id":"https:\/\/ellotv.com.br\/site\/2026\/02\/02\/saude-mental-afasta-trabalhadores-em-mais-de-2-mil-profissoes-no-brasil\/#article","isPartOf":{"@id":"https:\/\/ellotv.com.br\/site\/2026\/02\/02\/saude-mental-afasta-trabalhadores-em-mais-de-2-mil-profissoes-no-brasil\/"},"author":{"name":"ELLO TV","@id":"https:\/\/ellotv.com.br\/site\/#\/schema\/person\/2dbe3abaee38dcc7332fc8205cd2b15d"},"headline":"Sa\u00fade mental afasta trabalhadores em mais de 2 mil profiss\u00f5es no Brasil","datePublished":"2026-02-02T14:44:20+00:00","mainEntityOfPage":{"@id":"https:\/\/ellotv.com.br\/site\/2026\/02\/02\/saude-mental-afasta-trabalhadores-em-mais-de-2-mil-profissoes-no-brasil\/"},"wordCount":289,"commentCount":0,"publisher":{"@id":"https:\/\/ellotv.com.br\/site\/#organization"},"image":{"@id":"https:\/\/ellotv.com.br\/site\/2026\/02\/02\/saude-mental-afasta-trabalhadores-em-mais-de-2-mil-profissoes-no-brasil\/#primaryimage"},"thumbnailUrl":"https:\/\/ellotv.com.br\/site\/wp-content\/uploads\/2026\/02\/WhatsApp-Image-2026-02-02-at-11.38.46.jpeg","articleSection":["Brasil","Noticias"],"inLanguage":"pt-BR","potentialAction":[{"@type":"CommentAction","name":"Comment","target":["https:\/\/ellotv.com.br\/site\/2026\/02\/02\/saude-mental-afasta-trabalhadores-em-mais-de-2-mil-profissoes-no-brasil\/#respond"]}]},{"@type":"WebPage","@id":"https:\/\/ellotv.com.br\/site\/2026\/02\/02\/saude-mental-afasta-trabalhadores-em-mais-de-2-mil-profissoes-no-brasil\/","url":"https:\/\/ellotv.com.br\/site\/2026\/02\/02\/saude-mental-afasta-trabalhadores-em-mais-de-2-mil-profissoes-no-brasil\/","name":"Sa\u00fade mental afasta trabalhadores em mais de 2 mil profiss\u00f5es no Brasil - Ello TV","isPartOf":{"@id":"https:\/\/ellotv.com.br\/site\/#website"},"primaryImageOfPage":{"@id":"https:\/\/ellotv.com.br\/site\/2026\/02\/02\/saude-mental-afasta-trabalhadores-em-mais-de-2-mil-profissoes-no-brasil\/#primaryimage"},"image":{"@id":"https:\/\/ellotv.com.br\/site\/2026\/02\/02\/saude-mental-afasta-trabalhadores-em-mais-de-2-mil-profissoes-no-brasil\/#primaryimage"},"thumbnailUrl":"https:\/\/ellotv.com.br\/site\/wp-content\/uploads\/2026\/02\/WhatsApp-Image-2026-02-02-at-11.38.46.jpeg","datePublished":"2026-02-02T14:44:20+00:00","description":"Mais de 500 mil trabalhadores se afastaram em 2025 por problemas de sa\u00fade mental. Levantamento revela profiss\u00f5es mais afetadas e acende alerta sobre condi\u00e7\u00f5es de trabalho no pa\u00eds.","breadcrumb":{"@id":"https:\/\/ellotv.com.br\/site\/2026\/02\/02\/saude-mental-afasta-trabalhadores-em-mais-de-2-mil-profissoes-no-brasil\/#breadcrumb"},"inLanguage":"pt-BR","potentialAction":[{"@type":"ReadAction","target":["https:\/\/ellotv.com.br\/site\/2026\/02\/02\/saude-mental-afasta-trabalhadores-em-mais-de-2-mil-profissoes-no-brasil\/"]}]},{"@type":"ImageObject","inLanguage":"pt-BR","@id":"https:\/\/ellotv.com.br\/site\/2026\/02\/02\/saude-mental-afasta-trabalhadores-em-mais-de-2-mil-profissoes-no-brasil\/#primaryimage","url":"https:\/\/ellotv.com.br\/site\/wp-content\/uploads\/2026\/02\/WhatsApp-Image-2026-02-02-at-11.38.46.jpeg","contentUrl":"https:\/\/ellotv.com.br\/site\/wp-content\/uploads\/2026\/02\/WhatsApp-Image-2026-02-02-at-11.38.46.jpeg","width":1200,"height":675},{"@type":"BreadcrumbList","@id":"https:\/\/ellotv.com.br\/site\/2026\/02\/02\/saude-mental-afasta-trabalhadores-em-mais-de-2-mil-profissoes-no-brasil\/#breadcrumb","itemListElement":[{"@type":"ListItem","position":1,"name":"In\u00edcio","item":"https:\/\/ellotv.com.br\/site\/"},{"@type":"ListItem","position":2,"name":"Sa\u00fade mental afasta trabalhadores em mais de 2 mil profiss\u00f5es no Brasil"}]},{"@type":"WebSite","@id":"https:\/\/ellotv.com.br\/site\/#website","url":"https:\/\/ellotv.com.br\/site\/","name":"ELLO TV","description":"","publisher":{"@id":"https:\/\/ellotv.com.br\/site\/#organization"},"potentialAction":[{"@type":"SearchAction","target":{"@type":"EntryPoint","urlTemplate":"https:\/\/ellotv.com.br\/site\/?s={search_term_string}"},"query-input":{"@type":"PropertyValueSpecification","valueRequired":true,"valueName":"search_term_string"}}],"inLanguage":"pt-BR"},{"@type":"Organization","@id":"https:\/\/ellotv.com.br\/site\/#organization","name":"ELLO TV","url":"https:\/\/ellotv.com.br\/site\/","logo":{"@type":"ImageObject","inLanguage":"pt-BR","@id":"https:\/\/ellotv.com.br\/site\/#\/schema\/logo\/image\/","url":"https:\/\/ellotv.com.br\/site\/wp-content\/uploads\/2025\/11\/ello-logo-2.fw_.png","contentUrl":"https:\/\/ellotv.com.br\/site\/wp-content\/uploads\/2025\/11\/ello-logo-2.fw_.png","width":400,"height":146,"caption":"ELLO TV"},"image":{"@id":"https:\/\/ellotv.com.br\/site\/#\/schema\/logo\/image\/"}},{"@type":"Person","@id":"https:\/\/ellotv.com.br\/site\/#\/schema\/person\/2dbe3abaee38dcc7332fc8205cd2b15d","name":"ELLO TV","image":{"@type":"ImageObject","inLanguage":"pt-BR","@id":"https:\/\/secure.gravatar.com\/avatar\/c38242b9da8ec217ac3f0aaee31a54f7d7befb11b2b47fdbc8fb0fad60afa1c6?s=96&d=mm&r=g","url":"https:\/\/secure.gravatar.com\/avatar\/c38242b9da8ec217ac3f0aaee31a54f7d7befb11b2b47fdbc8fb0fad60afa1c6?s=96&d=mm&r=g","contentUrl":"https:\/\/secure.gravatar.com\/avatar\/c38242b9da8ec217ac3f0aaee31a54f7d7befb11b2b47fdbc8fb0fad60afa1c6?s=96&d=mm&r=g","caption":"ELLO TV"},"url":"https:\/\/ellotv.com.br\/site\/author\/elloagencia\/"}]}},"featured_image_urls":{"full":["https:\/\/ellotv.com.br\/site\/wp-content\/uploads\/2026\/02\/WhatsApp-Image-2026-02-02-at-11.38.46.jpeg",1200,675,false],"thumbnail":["https:\/\/ellotv.com.br\/site\/wp-content\/uploads\/2026\/02\/WhatsApp-Image-2026-02-02-at-11.38.46-150x150.jpeg",150,150,true],"medium":["https:\/\/ellotv.com.br\/site\/wp-content\/uploads\/2026\/02\/WhatsApp-Image-2026-02-02-at-11.38.46-300x169.jpeg",300,169,true],"medium_large":["https:\/\/ellotv.com.br\/site\/wp-content\/uploads\/2026\/02\/WhatsApp-Image-2026-02-02-at-11.38.46-768x432.jpeg",640,360,true],"large":["https:\/\/ellotv.com.br\/site\/wp-content\/uploads\/2026\/02\/WhatsApp-Image-2026-02-02-at-11.38.46-1024x576.jpeg",640,360,true],"1536x1536":["https:\/\/ellotv.com.br\/site\/wp-content\/uploads\/2026\/02\/WhatsApp-Image-2026-02-02-at-11.38.46.jpeg",1200,675,false],"2048x2048":["https:\/\/ellotv.com.br\/site\/wp-content\/uploads\/2026\/02\/WhatsApp-Image-2026-02-02-at-11.38.46.jpeg",1200,675,false],"darknews-slider-full":["https:\/\/ellotv.com.br\/site\/wp-content\/uploads\/2026\/02\/WhatsApp-Image-2026-02-02-at-11.38.46.jpeg",1200,675,false],"darknews-featured":["https:\/\/ellotv.com.br\/site\/wp-content\/uploads\/2026\/02\/WhatsApp-Image-2026-02-02-at-11.38.46-1024x576.jpeg",1024,576,true],"darknews-medium":["https:\/\/ellotv.com.br\/site\/wp-content\/uploads\/2026\/02\/WhatsApp-Image-2026-02-02-at-11.38.46-720x530.jpeg",720,530,true],"darknews-medium-square":["https:\/\/ellotv.com.br\/site\/wp-content\/uploads\/2026\/02\/WhatsApp-Image-2026-02-02-at-11.38.46-350x350.jpeg",350,350,true]},"author_info":{"info":["ELLO TV"]},"category_info":"<a href=\"https:\/\/ellotv.com.br\/site\/category\/brasil\/\" rel=\"category tag\">Brasil<\/a> <a href=\"https:\/\/ellotv.com.br\/site\/category\/noticias\/\" rel=\"category tag\">Noticias<\/a>","tag_info":"Noticias","comment_count":"0","_links":{"self":[{"href":"https:\/\/ellotv.com.br\/site\/wp-json\/wp\/v2\/posts\/4825","targetHints":{"allow":["GET"]}}],"collection":[{"href":"https:\/\/ellotv.com.br\/site\/wp-json\/wp\/v2\/posts"}],"about":[{"href":"https:\/\/ellotv.com.br\/site\/wp-json\/wp\/v2\/types\/post"}],"author":[{"embeddable":true,"href":"https:\/\/ellotv.com.br\/site\/wp-json\/wp\/v2\/users\/2"}],"replies":[{"embeddable":true,"href":"https:\/\/ellotv.com.br\/site\/wp-json\/wp\/v2\/comments?post=4825"}],"version-history":[{"count":1,"href":"https:\/\/ellotv.com.br\/site\/wp-json\/wp\/v2\/posts\/4825\/revisions"}],"predecessor-version":[{"id":4827,"href":"https:\/\/ellotv.com.br\/site\/wp-json\/wp\/v2\/posts\/4825\/revisions\/4827"}],"wp:featuredmedia":[{"embeddable":true,"href":"https:\/\/ellotv.com.br\/site\/wp-json\/wp\/v2\/media\/4826"}],"wp:attachment":[{"href":"https:\/\/ellotv.com.br\/site\/wp-json\/wp\/v2\/media?parent=4825"}],"wp:term":[{"taxonomy":"category","embeddable":true,"href":"https:\/\/ellotv.com.br\/site\/wp-json\/wp\/v2\/categories?post=4825"},{"taxonomy":"post_tag","embeddable":true,"href":"https:\/\/ellotv.com.br\/site\/wp-json\/wp\/v2\/tags?post=4825"}],"curies":[{"name":"wp","href":"https:\/\/api.w.org\/{rel}","templated":true}]}}