{"id":4838,"date":"2026-02-03T10:34:58","date_gmt":"2026-02-03T13:34:58","guid":{"rendered":"https:\/\/ellotv.com.br\/site\/?p=4838"},"modified":"2026-02-03T10:34:58","modified_gmt":"2026-02-03T13:34:58","slug":"com-apenas-2-anos-crianca-surpreende-ao-correr-4-km-e-impressiona-adultos","status":"publish","type":"post","link":"https:\/\/ellotv.com.br\/site\/2026\/02\/03\/com-apenas-2-anos-crianca-surpreende-ao-correr-4-km-e-impressiona-adultos\/","title":{"rendered":"Com apenas 2 anos, crian\u00e7a surpreende ao correr 4 km e impressiona adultos"},"content":{"rendered":"<p>Uma cena que mistura fofura, surpresa e muita admira\u00e7\u00e3o tomou conta das redes sociais. Com apenas 2 anos de idade, a pequena Aninha viralizou ao participar de uma corrida de 4 quil\u00f4metros, demonstrando energia, confian\u00e7a e f\u00f4lego de gente grande.<\/p>\n<p>No v\u00eddeo que circula nas plataformas digitais, Aninha aparece correndo com seguran\u00e7a e mantendo o ritmo durante todo o percurso, chegando a ultrapassar diversos adultos. A naturalidade com que ela encara o desafio chamou a aten\u00e7\u00e3o de internautas e amantes do esporte.<\/p>\n<p>A repercuss\u00e3o foi imediata, com milhares de coment\u00e1rios exaltando a disposi\u00e7\u00e3o da crian\u00e7a e destacando que talento, for\u00e7a de vontade e amor pelo esporte podem surgir desde muito cedo.<\/p>\n<p>A grava\u00e7\u00e3o foi compartilhada por lumavieirapersonal, no Instagram, e pela p\u00e1gina myhoodbr, refor\u00e7ando o impacto positivo da pr\u00e1tica esportiva desde a inf\u00e2ncia.<\/p>\n<p>O epis\u00f3dio tamb\u00e9m reacende o debate sobre a import\u00e2ncia de incentivar atividades f\u00edsicas de forma saud\u00e1vel e supervisionada, respeitando sempre os limites de cada crian\u00e7a.<\/p>\n<p>&nbsp;<\/p>\n<div style=\"width: 640px;\" class=\"wp-video\"><video class=\"wp-video-shortcode\" id=\"video-4838-1\" width=\"640\" height=\"1138\" preload=\"metadata\" controls=\"controls\"><source type=\"video\/mp4\" src=\"https:\/\/ellotv.com.br\/site\/wp-content\/uploads\/2026\/02\/noticia-2-anos-4km2.mp4?_=1\" \/><a href=\"https:\/\/ellotv.com.br\/site\/wp-content\/uploads\/2026\/02\/noticia-2-anos-4km2.mp4\">https:\/\/ellotv.com.br\/site\/wp-content\/uploads\/2026\/02\/noticia-2-anos-4km2.mp4<\/a><\/video><\/div>\n<p>&nbsp;<\/p>\n<p>&nbsp;<\/p>\n<p>&nbsp;<\/p>\n<p>&nbsp;<\/p>\n","protected":false},"excerpt":{"rendered":"<p>Uma cena que mistura fofura, surpresa e muita admira\u00e7\u00e3o tomou conta das redes sociais. Com apenas 2 anos<\/p>\n","protected":false},"author":2,"featured_media":4841,"comment_status":"open","ping_status":"open","sticky":false,"template":"","format":"standard","meta":{"footnotes":""},"categories":[8,12],"tags":[],"class_list":["post-4838","post","type-post","status-publish","format-standard","has-post-thumbnail","hentry","category-brasil","category-noticias"],"yoast_head":"<!-- This site is optimized with the Yoast SEO plugin v28.3 - https:\/\/yoast.com\/product\/yoast-seo-wordpress\/ -->\n<title>Com apenas 2 anos, crian\u00e7a surpreende ao correr 4 km e impressiona adultos - Ello TV<\/title>\n<meta name=\"description\" content=\"Com s\u00f3 2 anos de idade, Aninha encantou as redes sociais ao participar de uma corrida de 4 km, demonstrando energia, confian\u00e7a e paix\u00e3o pelo esporte desde cedo.\" \/>\n<meta name=\"robots\" content=\"index, follow, max-snippet:-1, max-image-preview:large, max-video-preview:-1\" \/>\n<link rel=\"canonical\" href=\"https:\/\/ellotv.com.br\/site\/2026\/02\/03\/com-apenas-2-anos-crianca-surpreende-ao-correr-4-km-e-impressiona-adultos\/\" \/>\n<meta property=\"og:locale\" content=\"pt_BR\" \/>\n<meta property=\"og:type\" content=\"article\" \/>\n<meta property=\"og:title\" content=\"Com apenas 2 anos, crian\u00e7a surpreende ao correr 4 km e impressiona adultos - Ello TV\" \/>\n<meta property=\"og:description\" content=\"Com s\u00f3 2 anos de idade, Aninha encantou as redes sociais ao participar de uma corrida de 4 km, demonstrando energia, confian\u00e7a e paix\u00e3o pelo esporte desde cedo.\" \/>\n<meta property=\"og:url\" content=\"https:\/\/ellotv.com.br\/site\/2026\/02\/03\/com-apenas-2-anos-crianca-surpreende-ao-correr-4-km-e-impressiona-adultos\/\" \/>\n<meta property=\"og:site_name\" content=\"Ello TV\" \/>\n<meta property=\"article:published_time\" content=\"2026-02-03T13:34:58+00:00\" \/>\n<meta property=\"og:image\" content=\"https:\/\/ellotv.com.br\/site\/wp-content\/uploads\/2026\/02\/WhatsApp-Image-2026-02-03-at-10.33.02.jpeg\" \/>\n\t<meta property=\"og:image:width\" content=\"382\" \/>\n\t<meta property=\"og:image:height\" content=\"310\" \/>\n\t<meta property=\"og:image:type\" content=\"image\/jpeg\" \/>\n<meta name=\"author\" content=\"ELLO TV\" \/>\n<meta name=\"twitter:card\" content=\"summary_large_image\" \/>\n<meta name=\"twitter:label1\" content=\"Escrito por\" \/>\n\t<meta name=\"twitter:data1\" content=\"ELLO TV\" \/>\n\t<meta name=\"twitter:label2\" content=\"Est. tempo de leitura\" \/>\n\t<meta name=\"twitter:data2\" content=\"1 minuto\" \/>\n<script type=\"application\/ld+json\" class=\"yoast-schema-graph\">{\"@context\":\"https:\\\/\\\/schema.org\",\"@graph\":[{\"@type\":\"Article\",\"@id\":\"https:\\\/\\\/ellotv.com.br\\\/site\\\/2026\\\/02\\\/03\\\/com-apenas-2-anos-crianca-surpreende-ao-correr-4-km-e-impressiona-adultos\\\/#article\",\"isPartOf\":{\"@id\":\"https:\\\/\\\/ellotv.com.br\\\/site\\\/2026\\\/02\\\/03\\\/com-apenas-2-anos-crianca-surpreende-ao-correr-4-km-e-impressiona-adultos\\\/\"},\"author\":{\"name\":\"ELLO TV\",\"@id\":\"https:\\\/\\\/ellotv.com.br\\\/site\\\/#\\\/schema\\\/person\\\/2dbe3abaee38dcc7332fc8205cd2b15d\"},\"headline\":\"Com apenas 2 anos, crian\u00e7a surpreende ao correr 4 km e impressiona adultos\",\"datePublished\":\"2026-02-03T13:34:58+00:00\",\"mainEntityOfPage\":{\"@id\":\"https:\\\/\\\/ellotv.com.br\\\/site\\\/2026\\\/02\\\/03\\\/com-apenas-2-anos-crianca-surpreende-ao-correr-4-km-e-impressiona-adultos\\\/\"},\"wordCount\":212,\"commentCount\":0,\"publisher\":{\"@id\":\"https:\\\/\\\/ellotv.com.br\\\/site\\\/#organization\"},\"image\":{\"@id\":\"https:\\\/\\\/ellotv.com.br\\\/site\\\/2026\\\/02\\\/03\\\/com-apenas-2-anos-crianca-surpreende-ao-correr-4-km-e-impressiona-adultos\\\/#primaryimage\"},\"thumbnailUrl\":\"https:\\\/\\\/ellotv.com.br\\\/site\\\/wp-content\\\/uploads\\\/2026\\\/02\\\/WhatsApp-Image-2026-02-03-at-10.33.02.jpeg\",\"articleSection\":[\"Brasil\",\"Noticias\"],\"inLanguage\":\"pt-BR\",\"potentialAction\":[{\"@type\":\"CommentAction\",\"name\":\"Comment\",\"target\":[\"https:\\\/\\\/ellotv.com.br\\\/site\\\/2026\\\/02\\\/03\\\/com-apenas-2-anos-crianca-surpreende-ao-correr-4-km-e-impressiona-adultos\\\/#respond\"]}]},{\"@type\":\"WebPage\",\"@id\":\"https:\\\/\\\/ellotv.com.br\\\/site\\\/2026\\\/02\\\/03\\\/com-apenas-2-anos-crianca-surpreende-ao-correr-4-km-e-impressiona-adultos\\\/\",\"url\":\"https:\\\/\\\/ellotv.com.br\\\/site\\\/2026\\\/02\\\/03\\\/com-apenas-2-anos-crianca-surpreende-ao-correr-4-km-e-impressiona-adultos\\\/\",\"name\":\"Com apenas 2 anos, crian\u00e7a surpreende ao correr 4 km e impressiona adultos - Ello TV\",\"isPartOf\":{\"@id\":\"https:\\\/\\\/ellotv.com.br\\\/site\\\/#website\"},\"primaryImageOfPage\":{\"@id\":\"https:\\\/\\\/ellotv.com.br\\\/site\\\/2026\\\/02\\\/03\\\/com-apenas-2-anos-crianca-surpreende-ao-correr-4-km-e-impressiona-adultos\\\/#primaryimage\"},\"image\":{\"@id\":\"https:\\\/\\\/ellotv.com.br\\\/site\\\/2026\\\/02\\\/03\\\/com-apenas-2-anos-crianca-surpreende-ao-correr-4-km-e-impressiona-adultos\\\/#primaryimage\"},\"thumbnailUrl\":\"https:\\\/\\\/ellotv.com.br\\\/site\\\/wp-content\\\/uploads\\\/2026\\\/02\\\/WhatsApp-Image-2026-02-03-at-10.33.02.jpeg\",\"datePublished\":\"2026-02-03T13:34:58+00:00\",\"description\":\"Com s\u00f3 2 anos de idade, Aninha encantou as redes sociais ao participar de uma corrida de 4 km, demonstrando energia, confian\u00e7a e paix\u00e3o pelo esporte desde cedo.\",\"breadcrumb\":{\"@id\":\"https:\\\/\\\/ellotv.com.br\\\/site\\\/2026\\\/02\\\/03\\\/com-apenas-2-anos-crianca-surpreende-ao-correr-4-km-e-impressiona-adultos\\\/#breadcrumb\"},\"inLanguage\":\"pt-BR\",\"potentialAction\":[{\"@type\":\"ReadAction\",\"target\":[\"https:\\\/\\\/ellotv.com.br\\\/site\\\/2026\\\/02\\\/03\\\/com-apenas-2-anos-crianca-surpreende-ao-correr-4-km-e-impressiona-adultos\\\/\"]}]},{\"@type\":\"ImageObject\",\"inLanguage\":\"pt-BR\",\"@id\":\"https:\\\/\\\/ellotv.com.br\\\/site\\\/2026\\\/02\\\/03\\\/com-apenas-2-anos-crianca-surpreende-ao-correr-4-km-e-impressiona-adultos\\\/#primaryimage\",\"url\":\"https:\\\/\\\/ellotv.com.br\\\/site\\\/wp-content\\\/uploads\\\/2026\\\/02\\\/WhatsApp-Image-2026-02-03-at-10.33.02.jpeg\",\"contentUrl\":\"https:\\\/\\\/ellotv.com.br\\\/site\\\/wp-content\\\/uploads\\\/2026\\\/02\\\/WhatsApp-Image-2026-02-03-at-10.33.02.jpeg\",\"width\":382,\"height\":310},{\"@type\":\"BreadcrumbList\",\"@id\":\"https:\\\/\\\/ellotv.com.br\\\/site\\\/2026\\\/02\\\/03\\\/com-apenas-2-anos-crianca-surpreende-ao-correr-4-km-e-impressiona-adultos\\\/#breadcrumb\",\"itemListElement\":[{\"@type\":\"ListItem\",\"position\":1,\"name\":\"In\u00edcio\",\"item\":\"https:\\\/\\\/ellotv.com.br\\\/site\\\/\"},{\"@type\":\"ListItem\",\"position\":2,\"name\":\"Com apenas 2 anos, crian\u00e7a surpreende ao correr 4 km e impressiona adultos\"}]},{\"@type\":\"WebSite\",\"@id\":\"https:\\\/\\\/ellotv.com.br\\\/site\\\/#website\",\"url\":\"https:\\\/\\\/ellotv.com.br\\\/site\\\/\",\"name\":\"ELLO TV\",\"description\":\"\",\"publisher\":{\"@id\":\"https:\\\/\\\/ellotv.com.br\\\/site\\\/#organization\"},\"potentialAction\":[{\"@type\":\"SearchAction\",\"target\":{\"@type\":\"EntryPoint\",\"urlTemplate\":\"https:\\\/\\\/ellotv.com.br\\\/site\\\/?s={search_term_string}\"},\"query-input\":{\"@type\":\"PropertyValueSpecification\",\"valueRequired\":true,\"valueName\":\"search_term_string\"}}],\"inLanguage\":\"pt-BR\"},{\"@type\":\"Organization\",\"@id\":\"https:\\\/\\\/ellotv.com.br\\\/site\\\/#organization\",\"name\":\"ELLO TV\",\"url\":\"https:\\\/\\\/ellotv.com.br\\\/site\\\/\",\"logo\":{\"@type\":\"ImageObject\",\"inLanguage\":\"pt-BR\",\"@id\":\"https:\\\/\\\/ellotv.com.br\\\/site\\\/#\\\/schema\\\/logo\\\/image\\\/\",\"url\":\"https:\\\/\\\/ellotv.com.br\\\/site\\\/wp-content\\\/uploads\\\/2025\\\/11\\\/ello-logo-2.fw_.png\",\"contentUrl\":\"https:\\\/\\\/ellotv.com.br\\\/site\\\/wp-content\\\/uploads\\\/2025\\\/11\\\/ello-logo-2.fw_.png\",\"width\":400,\"height\":146,\"caption\":\"ELLO TV\"},\"image\":{\"@id\":\"https:\\\/\\\/ellotv.com.br\\\/site\\\/#\\\/schema\\\/logo\\\/image\\\/\"}},{\"@type\":\"Person\",\"@id\":\"https:\\\/\\\/ellotv.com.br\\\/site\\\/#\\\/schema\\\/person\\\/2dbe3abaee38dcc7332fc8205cd2b15d\",\"name\":\"ELLO TV\",\"image\":{\"@type\":\"ImageObject\",\"inLanguage\":\"pt-BR\",\"@id\":\"https:\\\/\\\/secure.gravatar.com\\\/avatar\\\/c38242b9da8ec217ac3f0aaee31a54f7d7befb11b2b47fdbc8fb0fad60afa1c6?s=96&d=mm&r=g\",\"url\":\"https:\\\/\\\/secure.gravatar.com\\\/avatar\\\/c38242b9da8ec217ac3f0aaee31a54f7d7befb11b2b47fdbc8fb0fad60afa1c6?s=96&d=mm&r=g\",\"contentUrl\":\"https:\\\/\\\/secure.gravatar.com\\\/avatar\\\/c38242b9da8ec217ac3f0aaee31a54f7d7befb11b2b47fdbc8fb0fad60afa1c6?s=96&d=mm&r=g\",\"caption\":\"ELLO TV\"},\"url\":\"https:\\\/\\\/ellotv.com.br\\\/site\\\/author\\\/elloagencia\\\/\"}]}<\/script>\n<!-- \/ Yoast SEO plugin. -->","yoast_head_json":{"title":"Com apenas 2 anos, crian\u00e7a surpreende ao correr 4 km e impressiona adultos - Ello TV","description":"Com s\u00f3 2 anos de idade, Aninha encantou as redes sociais ao participar de uma corrida de 4 km, demonstrando energia, confian\u00e7a e paix\u00e3o pelo esporte desde cedo.","robots":{"index":"index","follow":"follow","max-snippet":"max-snippet:-1","max-image-preview":"max-image-preview:large","max-video-preview":"max-video-preview:-1"},"canonical":"https:\/\/ellotv.com.br\/site\/2026\/02\/03\/com-apenas-2-anos-crianca-surpreende-ao-correr-4-km-e-impressiona-adultos\/","og_locale":"pt_BR","og_type":"article","og_title":"Com apenas 2 anos, crian\u00e7a surpreende ao correr 4 km e impressiona adultos - Ello TV","og_description":"Com s\u00f3 2 anos de idade, Aninha encantou as redes sociais ao participar de uma corrida de 4 km, demonstrando energia, confian\u00e7a e paix\u00e3o pelo esporte desde cedo.","og_url":"https:\/\/ellotv.com.br\/site\/2026\/02\/03\/com-apenas-2-anos-crianca-surpreende-ao-correr-4-km-e-impressiona-adultos\/","og_site_name":"Ello TV","article_published_time":"2026-02-03T13:34:58+00:00","og_image":[{"width":382,"height":310,"url":"https:\/\/ellotv.com.br\/site\/wp-content\/uploads\/2026\/02\/WhatsApp-Image-2026-02-03-at-10.33.02.jpeg","type":"image\/jpeg"}],"author":"ELLO TV","twitter_card":"summary_large_image","twitter_misc":{"Escrito por":"ELLO TV","Est. tempo de leitura":"1 minuto"},"schema":{"@context":"https:\/\/schema.org","@graph":[{"@type":"Article","@id":"https:\/\/ellotv.com.br\/site\/2026\/02\/03\/com-apenas-2-anos-crianca-surpreende-ao-correr-4-km-e-impressiona-adultos\/#article","isPartOf":{"@id":"https:\/\/ellotv.com.br\/site\/2026\/02\/03\/com-apenas-2-anos-crianca-surpreende-ao-correr-4-km-e-impressiona-adultos\/"},"author":{"name":"ELLO TV","@id":"https:\/\/ellotv.com.br\/site\/#\/schema\/person\/2dbe3abaee38dcc7332fc8205cd2b15d"},"headline":"Com apenas 2 anos, crian\u00e7a surpreende ao correr 4 km e impressiona adultos","datePublished":"2026-02-03T13:34:58+00:00","mainEntityOfPage":{"@id":"https:\/\/ellotv.com.br\/site\/2026\/02\/03\/com-apenas-2-anos-crianca-surpreende-ao-correr-4-km-e-impressiona-adultos\/"},"wordCount":212,"commentCount":0,"publisher":{"@id":"https:\/\/ellotv.com.br\/site\/#organization"},"image":{"@id":"https:\/\/ellotv.com.br\/site\/2026\/02\/03\/com-apenas-2-anos-crianca-surpreende-ao-correr-4-km-e-impressiona-adultos\/#primaryimage"},"thumbnailUrl":"https:\/\/ellotv.com.br\/site\/wp-content\/uploads\/2026\/02\/WhatsApp-Image-2026-02-03-at-10.33.02.jpeg","articleSection":["Brasil","Noticias"],"inLanguage":"pt-BR","potentialAction":[{"@type":"CommentAction","name":"Comment","target":["https:\/\/ellotv.com.br\/site\/2026\/02\/03\/com-apenas-2-anos-crianca-surpreende-ao-correr-4-km-e-impressiona-adultos\/#respond"]}]},{"@type":"WebPage","@id":"https:\/\/ellotv.com.br\/site\/2026\/02\/03\/com-apenas-2-anos-crianca-surpreende-ao-correr-4-km-e-impressiona-adultos\/","url":"https:\/\/ellotv.com.br\/site\/2026\/02\/03\/com-apenas-2-anos-crianca-surpreende-ao-correr-4-km-e-impressiona-adultos\/","name":"Com apenas 2 anos, crian\u00e7a surpreende ao correr 4 km e impressiona adultos - Ello TV","isPartOf":{"@id":"https:\/\/ellotv.com.br\/site\/#website"},"primaryImageOfPage":{"@id":"https:\/\/ellotv.com.br\/site\/2026\/02\/03\/com-apenas-2-anos-crianca-surpreende-ao-correr-4-km-e-impressiona-adultos\/#primaryimage"},"image":{"@id":"https:\/\/ellotv.com.br\/site\/2026\/02\/03\/com-apenas-2-anos-crianca-surpreende-ao-correr-4-km-e-impressiona-adultos\/#primaryimage"},"thumbnailUrl":"https:\/\/ellotv.com.br\/site\/wp-content\/uploads\/2026\/02\/WhatsApp-Image-2026-02-03-at-10.33.02.jpeg","datePublished":"2026-02-03T13:34:58+00:00","description":"Com s\u00f3 2 anos de idade, Aninha encantou as redes sociais ao participar de uma corrida de 4 km, demonstrando energia, confian\u00e7a e paix\u00e3o pelo esporte desde cedo.","breadcrumb":{"@id":"https:\/\/ellotv.com.br\/site\/2026\/02\/03\/com-apenas-2-anos-crianca-surpreende-ao-correr-4-km-e-impressiona-adultos\/#breadcrumb"},"inLanguage":"pt-BR","potentialAction":[{"@type":"ReadAction","target":["https:\/\/ellotv.com.br\/site\/2026\/02\/03\/com-apenas-2-anos-crianca-surpreende-ao-correr-4-km-e-impressiona-adultos\/"]}]},{"@type":"ImageObject","inLanguage":"pt-BR","@id":"https:\/\/ellotv.com.br\/site\/2026\/02\/03\/com-apenas-2-anos-crianca-surpreende-ao-correr-4-km-e-impressiona-adultos\/#primaryimage","url":"https:\/\/ellotv.com.br\/site\/wp-content\/uploads\/2026\/02\/WhatsApp-Image-2026-02-03-at-10.33.02.jpeg","contentUrl":"https:\/\/ellotv.com.br\/site\/wp-content\/uploads\/2026\/02\/WhatsApp-Image-2026-02-03-at-10.33.02.jpeg","width":382,"height":310},{"@type":"BreadcrumbList","@id":"https:\/\/ellotv.com.br\/site\/2026\/02\/03\/com-apenas-2-anos-crianca-surpreende-ao-correr-4-km-e-impressiona-adultos\/#breadcrumb","itemListElement":[{"@type":"ListItem","position":1,"name":"In\u00edcio","item":"https:\/\/ellotv.com.br\/site\/"},{"@type":"ListItem","position":2,"name":"Com apenas 2 anos, crian\u00e7a surpreende ao correr 4 km e impressiona adultos"}]},{"@type":"WebSite","@id":"https:\/\/ellotv.com.br\/site\/#website","url":"https:\/\/ellotv.com.br\/site\/","name":"ELLO TV","description":"","publisher":{"@id":"https:\/\/ellotv.com.br\/site\/#organization"},"potentialAction":[{"@type":"SearchAction","target":{"@type":"EntryPoint","urlTemplate":"https:\/\/ellotv.com.br\/site\/?s={search_term_string}"},"query-input":{"@type":"PropertyValueSpecification","valueRequired":true,"valueName":"search_term_string"}}],"inLanguage":"pt-BR"},{"@type":"Organization","@id":"https:\/\/ellotv.com.br\/site\/#organization","name":"ELLO TV","url":"https:\/\/ellotv.com.br\/site\/","logo":{"@type":"ImageObject","inLanguage":"pt-BR","@id":"https:\/\/ellotv.com.br\/site\/#\/schema\/logo\/image\/","url":"https:\/\/ellotv.com.br\/site\/wp-content\/uploads\/2025\/11\/ello-logo-2.fw_.png","contentUrl":"https:\/\/ellotv.com.br\/site\/wp-content\/uploads\/2025\/11\/ello-logo-2.fw_.png","width":400,"height":146,"caption":"ELLO TV"},"image":{"@id":"https:\/\/ellotv.com.br\/site\/#\/schema\/logo\/image\/"}},{"@type":"Person","@id":"https:\/\/ellotv.com.br\/site\/#\/schema\/person\/2dbe3abaee38dcc7332fc8205cd2b15d","name":"ELLO TV","image":{"@type":"ImageObject","inLanguage":"pt-BR","@id":"https:\/\/secure.gravatar.com\/avatar\/c38242b9da8ec217ac3f0aaee31a54f7d7befb11b2b47fdbc8fb0fad60afa1c6?s=96&d=mm&r=g","url":"https:\/\/secure.gravatar.com\/avatar\/c38242b9da8ec217ac3f0aaee31a54f7d7befb11b2b47fdbc8fb0fad60afa1c6?s=96&d=mm&r=g","contentUrl":"https:\/\/secure.gravatar.com\/avatar\/c38242b9da8ec217ac3f0aaee31a54f7d7befb11b2b47fdbc8fb0fad60afa1c6?s=96&d=mm&r=g","caption":"ELLO TV"},"url":"https:\/\/ellotv.com.br\/site\/author\/elloagencia\/"}]}},"featured_image_urls":{"full":["https:\/\/ellotv.com.br\/site\/wp-content\/uploads\/2026\/02\/WhatsApp-Image-2026-02-03-at-10.33.02.jpeg",382,310,false],"thumbnail":["https:\/\/ellotv.com.br\/site\/wp-content\/uploads\/2026\/02\/WhatsApp-Image-2026-02-03-at-10.33.02-150x150.jpeg",150,150,true],"medium":["https:\/\/ellotv.com.br\/site\/wp-content\/uploads\/2026\/02\/WhatsApp-Image-2026-02-03-at-10.33.02-300x243.jpeg",300,243,true],"medium_large":["https:\/\/ellotv.com.br\/site\/wp-content\/uploads\/2026\/02\/WhatsApp-Image-2026-02-03-at-10.33.02.jpeg",382,310,false],"large":["https:\/\/ellotv.com.br\/site\/wp-content\/uploads\/2026\/02\/WhatsApp-Image-2026-02-03-at-10.33.02.jpeg",382,310,false],"1536x1536":["https:\/\/ellotv.com.br\/site\/wp-content\/uploads\/2026\/02\/WhatsApp-Image-2026-02-03-at-10.33.02.jpeg",382,310,false],"2048x2048":["https:\/\/ellotv.com.br\/site\/wp-content\/uploads\/2026\/02\/WhatsApp-Image-2026-02-03-at-10.33.02.jpeg",382,310,false],"darknews-slider-full":["https:\/\/ellotv.com.br\/site\/wp-content\/uploads\/2026\/02\/WhatsApp-Image-2026-02-03-at-10.33.02.jpeg",382,310,false],"darknews-featured":["https:\/\/ellotv.com.br\/site\/wp-content\/uploads\/2026\/02\/WhatsApp-Image-2026-02-03-at-10.33.02.jpeg",382,310,false],"darknews-medium":["https:\/\/ellotv.com.br\/site\/wp-content\/uploads\/2026\/02\/WhatsApp-Image-2026-02-03-at-10.33.02.jpeg",382,310,false],"darknews-medium-square":["https:\/\/ellotv.com.br\/site\/wp-content\/uploads\/2026\/02\/WhatsApp-Image-2026-02-03-at-10.33.02-350x310.jpeg",350,310,true]},"author_info":{"info":["ELLO TV"]},"category_info":"<a href=\"https:\/\/ellotv.com.br\/site\/category\/brasil\/\" rel=\"category tag\">Brasil<\/a> <a href=\"https:\/\/ellotv.com.br\/site\/category\/noticias\/\" rel=\"category tag\">Noticias<\/a>","tag_info":"Noticias","comment_count":"0","_links":{"self":[{"href":"https:\/\/ellotv.com.br\/site\/wp-json\/wp\/v2\/posts\/4838","targetHints":{"allow":["GET"]}}],"collection":[{"href":"https:\/\/ellotv.com.br\/site\/wp-json\/wp\/v2\/posts"}],"about":[{"href":"https:\/\/ellotv.com.br\/site\/wp-json\/wp\/v2\/types\/post"}],"author":[{"embeddable":true,"href":"https:\/\/ellotv.com.br\/site\/wp-json\/wp\/v2\/users\/2"}],"replies":[{"embeddable":true,"href":"https:\/\/ellotv.com.br\/site\/wp-json\/wp\/v2\/comments?post=4838"}],"version-history":[{"count":1,"href":"https:\/\/ellotv.com.br\/site\/wp-json\/wp\/v2\/posts\/4838\/revisions"}],"predecessor-version":[{"id":4842,"href":"https:\/\/ellotv.com.br\/site\/wp-json\/wp\/v2\/posts\/4838\/revisions\/4842"}],"wp:featuredmedia":[{"embeddable":true,"href":"https:\/\/ellotv.com.br\/site\/wp-json\/wp\/v2\/media\/4841"}],"wp:attachment":[{"href":"https:\/\/ellotv.com.br\/site\/wp-json\/wp\/v2\/media?parent=4838"}],"wp:term":[{"taxonomy":"category","embeddable":true,"href":"https:\/\/ellotv.com.br\/site\/wp-json\/wp\/v2\/categories?post=4838"},{"taxonomy":"post_tag","embeddable":true,"href":"https:\/\/ellotv.com.br\/site\/wp-json\/wp\/v2\/tags?post=4838"}],"curies":[{"name":"wp","href":"https:\/\/api.w.org\/{rel}","templated":true}]}}