{"id":4850,"date":"2026-02-03T10:46:27","date_gmt":"2026-02-03T13:46:27","guid":{"rendered":"https:\/\/ellotv.com.br\/site\/?p=4850"},"modified":"2026-02-03T10:46:27","modified_gmt":"2026-02-03T13:46:27","slug":"michael-jackson-cinebiografia-ganha-trailer-emocionante-e-revela-bastidores-do-rei-do-pop","status":"publish","type":"post","link":"https:\/\/ellotv.com.br\/site\/2026\/02\/03\/michael-jackson-cinebiografia-ganha-trailer-emocionante-e-revela-bastidores-do-rei-do-pop\/","title":{"rendered":"Michael Jackson: cinebiografia ganha trailer emocionante e revela bastidores do Rei do Pop"},"content":{"rendered":"<p>A Universal Pictures divulgou o primeiro trailer e o cartaz oficial de Michael, cinebiografia que retrata a vida e o legado de Michael Jackson. O longa estreia nos cinemas brasileiros em 23 de abril e aposta em uma narrativa emocional para contar a trajet\u00f3ria de um dos maiores artistas da hist\u00f3ria da m\u00fasica.<\/p>\n<p>O trailer revisita momentos marcantes da carreira do cantor, desde a inf\u00e2ncia como l\u00edder do Jackson 5 at\u00e9 a consolida\u00e7\u00e3o como artista solo e \u00edcone global. A produ\u00e7\u00e3o destaca performances hist\u00f3ricas, a evolu\u00e7\u00e3o art\u00edstica de Michael e sua busca constante por inova\u00e7\u00e3o.<\/p>\n<p>Al\u00e9m dos palcos, o filme tamb\u00e9m mergulha nos bastidores da vida pessoal do astro, mostrando desafios, decis\u00f5es e conflitos que ajudaram a moldar sua trajet\u00f3ria. A proposta \u00e9 apresentar um retrato amplo, indo al\u00e9m da imagem p\u00fablica do Rei do Pop.<\/p>\n<p>No elenco, Juliano Valdi interpreta Michael na inf\u00e2ncia, enquanto Jaafar Jackson, sobrinho do cantor, assume o papel na fase adulta. A dire\u00e7\u00e3o \u00e9 de Antoine Fuqua e a produ\u00e7\u00e3o leva a assinatura de Graham King, vencedor do Oscar por Bohemian Rhapsody.<\/p>\n<p>O elenco de apoio re\u00fane nomes como Colman Domingo, Nia Long, Laura Harrier e Miles Teller. O cartaz rec\u00e9m-divulgado destaca Michael no palco com um de seus figurinos mais emblem\u00e1ticos, refor\u00e7ando o tom \u00e9pico da produ\u00e7\u00e3o.<\/p>\n<p><iframe  id=\"_ytid_32672\"  width=\"640\" height=\"360\"  data-origwidth=\"640\" data-origheight=\"360\" src=\"https:\/\/www.youtube.com\/embed\/14YXeHKOBUY?enablejsapi=1&#038;autoplay=0&#038;cc_load_policy=0&#038;cc_lang_pref=&#038;iv_load_policy=1&#038;loop=0&#038;rel=1&#038;fs=1&#038;playsinline=0&#038;autohide=2&#038;theme=dark&#038;color=red&#038;controls=1&#038;disablekb=0&#038;\" class=\"__youtube_prefs__  epyt-is-override  no-lazyload\" title=\"YouTube player\"  allow=\"fullscreen; accelerometer; autoplay; clipboard-write; encrypted-media; gyroscope; picture-in-picture; web-share\" referrerpolicy=\"strict-origin-when-cross-origin\" allowfullscreen data-no-lazy=\"1\" data-skipgform_ajax_framebjll=\"\"><\/iframe><\/p>\n","protected":false},"excerpt":{"rendered":"<p>A Universal Pictures divulgou o primeiro trailer e o cartaz oficial de Michael, cinebiografia que retrata a vida<\/p>\n","protected":false},"author":2,"featured_media":4851,"comment_status":"open","ping_status":"open","sticky":false,"template":"","format":"standard","meta":{"footnotes":""},"categories":[10,12],"tags":[],"class_list":["post-4850","post","type-post","status-publish","format-standard","has-post-thumbnail","hentry","category-mundo","category-noticias"],"yoast_head":"<!-- This site is optimized with the Yoast SEO plugin v28.3 - https:\/\/yoast.com\/product\/yoast-seo-wordpress\/ -->\n<title>Michael Jackson: cinebiografia ganha trailer emocionante e revela bastidores do Rei do Pop - Ello TV<\/title>\n<meta name=\"description\" content=\"Universal Pictures divulga o primeiro trailer e o cartaz de Michael, cinebiografia que retrata a vida e o legado de Michael Jackson. O filme estreia nos cinemas brasileiros em 23 de abril.\" \/>\n<meta name=\"robots\" content=\"index, follow, max-snippet:-1, max-image-preview:large, max-video-preview:-1\" \/>\n<link rel=\"canonical\" href=\"https:\/\/ellotv.com.br\/site\/2026\/02\/03\/michael-jackson-cinebiografia-ganha-trailer-emocionante-e-revela-bastidores-do-rei-do-pop\/\" \/>\n<meta property=\"og:locale\" content=\"pt_BR\" \/>\n<meta property=\"og:type\" content=\"article\" \/>\n<meta property=\"og:title\" content=\"Michael Jackson: cinebiografia ganha trailer emocionante e revela bastidores do Rei do Pop - Ello TV\" \/>\n<meta property=\"og:description\" content=\"Universal Pictures divulga o primeiro trailer e o cartaz de Michael, cinebiografia que retrata a vida e o legado de Michael Jackson. O filme estreia nos cinemas brasileiros em 23 de abril.\" \/>\n<meta property=\"og:url\" content=\"https:\/\/ellotv.com.br\/site\/2026\/02\/03\/michael-jackson-cinebiografia-ganha-trailer-emocionante-e-revela-bastidores-do-rei-do-pop\/\" \/>\n<meta property=\"og:site_name\" content=\"Ello TV\" \/>\n<meta property=\"article:published_time\" content=\"2026-02-03T13:46:27+00:00\" \/>\n<meta property=\"og:image\" content=\"https:\/\/ellotv.com.br\/site\/wp-content\/uploads\/2026\/02\/WhatsApp-Image-2026-02-03-at-10.35.05.jpeg\" \/>\n\t<meta property=\"og:image:width\" content=\"1000\" \/>\n\t<meta property=\"og:image:height\" content=\"563\" \/>\n\t<meta property=\"og:image:type\" content=\"image\/jpeg\" \/>\n<meta name=\"author\" content=\"ELLO TV\" \/>\n<meta name=\"twitter:card\" content=\"summary_large_image\" \/>\n<meta name=\"twitter:label1\" content=\"Escrito por\" \/>\n\t<meta name=\"twitter:data1\" content=\"ELLO TV\" \/>\n\t<meta name=\"twitter:label2\" content=\"Est. tempo de leitura\" \/>\n\t<meta name=\"twitter:data2\" content=\"1 minuto\" \/>\n<script type=\"application\/ld+json\" class=\"yoast-schema-graph\">{\"@context\":\"https:\\\/\\\/schema.org\",\"@graph\":[{\"@type\":\"Article\",\"@id\":\"https:\\\/\\\/ellotv.com.br\\\/site\\\/2026\\\/02\\\/03\\\/michael-jackson-cinebiografia-ganha-trailer-emocionante-e-revela-bastidores-do-rei-do-pop\\\/#article\",\"isPartOf\":{\"@id\":\"https:\\\/\\\/ellotv.com.br\\\/site\\\/2026\\\/02\\\/03\\\/michael-jackson-cinebiografia-ganha-trailer-emocionante-e-revela-bastidores-do-rei-do-pop\\\/\"},\"author\":{\"name\":\"ELLO TV\",\"@id\":\"https:\\\/\\\/ellotv.com.br\\\/site\\\/#\\\/schema\\\/person\\\/2dbe3abaee38dcc7332fc8205cd2b15d\"},\"headline\":\"Michael Jackson: cinebiografia ganha trailer emocionante e revela bastidores do Rei do Pop\",\"datePublished\":\"2026-02-03T13:46:27+00:00\",\"mainEntityOfPage\":{\"@id\":\"https:\\\/\\\/ellotv.com.br\\\/site\\\/2026\\\/02\\\/03\\\/michael-jackson-cinebiografia-ganha-trailer-emocionante-e-revela-bastidores-do-rei-do-pop\\\/\"},\"wordCount\":254,\"commentCount\":0,\"publisher\":{\"@id\":\"https:\\\/\\\/ellotv.com.br\\\/site\\\/#organization\"},\"image\":{\"@id\":\"https:\\\/\\\/ellotv.com.br\\\/site\\\/2026\\\/02\\\/03\\\/michael-jackson-cinebiografia-ganha-trailer-emocionante-e-revela-bastidores-do-rei-do-pop\\\/#primaryimage\"},\"thumbnailUrl\":\"https:\\\/\\\/ellotv.com.br\\\/site\\\/wp-content\\\/uploads\\\/2026\\\/02\\\/WhatsApp-Image-2026-02-03-at-10.35.05.jpeg\",\"articleSection\":[\"Mundo\",\"Noticias\"],\"inLanguage\":\"pt-BR\",\"potentialAction\":[{\"@type\":\"CommentAction\",\"name\":\"Comment\",\"target\":[\"https:\\\/\\\/ellotv.com.br\\\/site\\\/2026\\\/02\\\/03\\\/michael-jackson-cinebiografia-ganha-trailer-emocionante-e-revela-bastidores-do-rei-do-pop\\\/#respond\"]}]},{\"@type\":\"WebPage\",\"@id\":\"https:\\\/\\\/ellotv.com.br\\\/site\\\/2026\\\/02\\\/03\\\/michael-jackson-cinebiografia-ganha-trailer-emocionante-e-revela-bastidores-do-rei-do-pop\\\/\",\"url\":\"https:\\\/\\\/ellotv.com.br\\\/site\\\/2026\\\/02\\\/03\\\/michael-jackson-cinebiografia-ganha-trailer-emocionante-e-revela-bastidores-do-rei-do-pop\\\/\",\"name\":\"Michael Jackson: cinebiografia ganha trailer emocionante e revela bastidores do Rei do Pop - Ello TV\",\"isPartOf\":{\"@id\":\"https:\\\/\\\/ellotv.com.br\\\/site\\\/#website\"},\"primaryImageOfPage\":{\"@id\":\"https:\\\/\\\/ellotv.com.br\\\/site\\\/2026\\\/02\\\/03\\\/michael-jackson-cinebiografia-ganha-trailer-emocionante-e-revela-bastidores-do-rei-do-pop\\\/#primaryimage\"},\"image\":{\"@id\":\"https:\\\/\\\/ellotv.com.br\\\/site\\\/2026\\\/02\\\/03\\\/michael-jackson-cinebiografia-ganha-trailer-emocionante-e-revela-bastidores-do-rei-do-pop\\\/#primaryimage\"},\"thumbnailUrl\":\"https:\\\/\\\/ellotv.com.br\\\/site\\\/wp-content\\\/uploads\\\/2026\\\/02\\\/WhatsApp-Image-2026-02-03-at-10.35.05.jpeg\",\"datePublished\":\"2026-02-03T13:46:27+00:00\",\"description\":\"Universal Pictures divulga o primeiro trailer e o cartaz de Michael, cinebiografia que retrata a vida e o legado de Michael Jackson. O filme estreia nos cinemas brasileiros em 23 de abril.\",\"breadcrumb\":{\"@id\":\"https:\\\/\\\/ellotv.com.br\\\/site\\\/2026\\\/02\\\/03\\\/michael-jackson-cinebiografia-ganha-trailer-emocionante-e-revela-bastidores-do-rei-do-pop\\\/#breadcrumb\"},\"inLanguage\":\"pt-BR\",\"potentialAction\":[{\"@type\":\"ReadAction\",\"target\":[\"https:\\\/\\\/ellotv.com.br\\\/site\\\/2026\\\/02\\\/03\\\/michael-jackson-cinebiografia-ganha-trailer-emocionante-e-revela-bastidores-do-rei-do-pop\\\/\"]}]},{\"@type\":\"ImageObject\",\"inLanguage\":\"pt-BR\",\"@id\":\"https:\\\/\\\/ellotv.com.br\\\/site\\\/2026\\\/02\\\/03\\\/michael-jackson-cinebiografia-ganha-trailer-emocionante-e-revela-bastidores-do-rei-do-pop\\\/#primaryimage\",\"url\":\"https:\\\/\\\/ellotv.com.br\\\/site\\\/wp-content\\\/uploads\\\/2026\\\/02\\\/WhatsApp-Image-2026-02-03-at-10.35.05.jpeg\",\"contentUrl\":\"https:\\\/\\\/ellotv.com.br\\\/site\\\/wp-content\\\/uploads\\\/2026\\\/02\\\/WhatsApp-Image-2026-02-03-at-10.35.05.jpeg\",\"width\":1000,\"height\":563},{\"@type\":\"BreadcrumbList\",\"@id\":\"https:\\\/\\\/ellotv.com.br\\\/site\\\/2026\\\/02\\\/03\\\/michael-jackson-cinebiografia-ganha-trailer-emocionante-e-revela-bastidores-do-rei-do-pop\\\/#breadcrumb\",\"itemListElement\":[{\"@type\":\"ListItem\",\"position\":1,\"name\":\"In\u00edcio\",\"item\":\"https:\\\/\\\/ellotv.com.br\\\/site\\\/\"},{\"@type\":\"ListItem\",\"position\":2,\"name\":\"Michael Jackson: cinebiografia ganha trailer emocionante e revela bastidores do Rei do Pop\"}]},{\"@type\":\"WebSite\",\"@id\":\"https:\\\/\\\/ellotv.com.br\\\/site\\\/#website\",\"url\":\"https:\\\/\\\/ellotv.com.br\\\/site\\\/\",\"name\":\"ELLO TV\",\"description\":\"\",\"publisher\":{\"@id\":\"https:\\\/\\\/ellotv.com.br\\\/site\\\/#organization\"},\"potentialAction\":[{\"@type\":\"SearchAction\",\"target\":{\"@type\":\"EntryPoint\",\"urlTemplate\":\"https:\\\/\\\/ellotv.com.br\\\/site\\\/?s={search_term_string}\"},\"query-input\":{\"@type\":\"PropertyValueSpecification\",\"valueRequired\":true,\"valueName\":\"search_term_string\"}}],\"inLanguage\":\"pt-BR\"},{\"@type\":\"Organization\",\"@id\":\"https:\\\/\\\/ellotv.com.br\\\/site\\\/#organization\",\"name\":\"ELLO TV\",\"url\":\"https:\\\/\\\/ellotv.com.br\\\/site\\\/\",\"logo\":{\"@type\":\"ImageObject\",\"inLanguage\":\"pt-BR\",\"@id\":\"https:\\\/\\\/ellotv.com.br\\\/site\\\/#\\\/schema\\\/logo\\\/image\\\/\",\"url\":\"https:\\\/\\\/ellotv.com.br\\\/site\\\/wp-content\\\/uploads\\\/2025\\\/11\\\/ello-logo-2.fw_.png\",\"contentUrl\":\"https:\\\/\\\/ellotv.com.br\\\/site\\\/wp-content\\\/uploads\\\/2025\\\/11\\\/ello-logo-2.fw_.png\",\"width\":400,\"height\":146,\"caption\":\"ELLO TV\"},\"image\":{\"@id\":\"https:\\\/\\\/ellotv.com.br\\\/site\\\/#\\\/schema\\\/logo\\\/image\\\/\"}},{\"@type\":\"Person\",\"@id\":\"https:\\\/\\\/ellotv.com.br\\\/site\\\/#\\\/schema\\\/person\\\/2dbe3abaee38dcc7332fc8205cd2b15d\",\"name\":\"ELLO TV\",\"image\":{\"@type\":\"ImageObject\",\"inLanguage\":\"pt-BR\",\"@id\":\"https:\\\/\\\/secure.gravatar.com\\\/avatar\\\/c38242b9da8ec217ac3f0aaee31a54f7d7befb11b2b47fdbc8fb0fad60afa1c6?s=96&d=mm&r=g\",\"url\":\"https:\\\/\\\/secure.gravatar.com\\\/avatar\\\/c38242b9da8ec217ac3f0aaee31a54f7d7befb11b2b47fdbc8fb0fad60afa1c6?s=96&d=mm&r=g\",\"contentUrl\":\"https:\\\/\\\/secure.gravatar.com\\\/avatar\\\/c38242b9da8ec217ac3f0aaee31a54f7d7befb11b2b47fdbc8fb0fad60afa1c6?s=96&d=mm&r=g\",\"caption\":\"ELLO TV\"},\"url\":\"https:\\\/\\\/ellotv.com.br\\\/site\\\/author\\\/elloagencia\\\/\"}]}<\/script>\n<!-- \/ Yoast SEO plugin. -->","yoast_head_json":{"title":"Michael Jackson: cinebiografia ganha trailer emocionante e revela bastidores do Rei do Pop - Ello TV","description":"Universal Pictures divulga o primeiro trailer e o cartaz de Michael, cinebiografia que retrata a vida e o legado de Michael Jackson. O filme estreia nos cinemas brasileiros em 23 de abril.","robots":{"index":"index","follow":"follow","max-snippet":"max-snippet:-1","max-image-preview":"max-image-preview:large","max-video-preview":"max-video-preview:-1"},"canonical":"https:\/\/ellotv.com.br\/site\/2026\/02\/03\/michael-jackson-cinebiografia-ganha-trailer-emocionante-e-revela-bastidores-do-rei-do-pop\/","og_locale":"pt_BR","og_type":"article","og_title":"Michael Jackson: cinebiografia ganha trailer emocionante e revela bastidores do Rei do Pop - Ello TV","og_description":"Universal Pictures divulga o primeiro trailer e o cartaz de Michael, cinebiografia que retrata a vida e o legado de Michael Jackson. O filme estreia nos cinemas brasileiros em 23 de abril.","og_url":"https:\/\/ellotv.com.br\/site\/2026\/02\/03\/michael-jackson-cinebiografia-ganha-trailer-emocionante-e-revela-bastidores-do-rei-do-pop\/","og_site_name":"Ello TV","article_published_time":"2026-02-03T13:46:27+00:00","og_image":[{"width":1000,"height":563,"url":"https:\/\/ellotv.com.br\/site\/wp-content\/uploads\/2026\/02\/WhatsApp-Image-2026-02-03-at-10.35.05.jpeg","type":"image\/jpeg"}],"author":"ELLO TV","twitter_card":"summary_large_image","twitter_misc":{"Escrito por":"ELLO TV","Est. tempo de leitura":"1 minuto"},"schema":{"@context":"https:\/\/schema.org","@graph":[{"@type":"Article","@id":"https:\/\/ellotv.com.br\/site\/2026\/02\/03\/michael-jackson-cinebiografia-ganha-trailer-emocionante-e-revela-bastidores-do-rei-do-pop\/#article","isPartOf":{"@id":"https:\/\/ellotv.com.br\/site\/2026\/02\/03\/michael-jackson-cinebiografia-ganha-trailer-emocionante-e-revela-bastidores-do-rei-do-pop\/"},"author":{"name":"ELLO TV","@id":"https:\/\/ellotv.com.br\/site\/#\/schema\/person\/2dbe3abaee38dcc7332fc8205cd2b15d"},"headline":"Michael Jackson: cinebiografia ganha trailer emocionante e revela bastidores do Rei do Pop","datePublished":"2026-02-03T13:46:27+00:00","mainEntityOfPage":{"@id":"https:\/\/ellotv.com.br\/site\/2026\/02\/03\/michael-jackson-cinebiografia-ganha-trailer-emocionante-e-revela-bastidores-do-rei-do-pop\/"},"wordCount":254,"commentCount":0,"publisher":{"@id":"https:\/\/ellotv.com.br\/site\/#organization"},"image":{"@id":"https:\/\/ellotv.com.br\/site\/2026\/02\/03\/michael-jackson-cinebiografia-ganha-trailer-emocionante-e-revela-bastidores-do-rei-do-pop\/#primaryimage"},"thumbnailUrl":"https:\/\/ellotv.com.br\/site\/wp-content\/uploads\/2026\/02\/WhatsApp-Image-2026-02-03-at-10.35.05.jpeg","articleSection":["Mundo","Noticias"],"inLanguage":"pt-BR","potentialAction":[{"@type":"CommentAction","name":"Comment","target":["https:\/\/ellotv.com.br\/site\/2026\/02\/03\/michael-jackson-cinebiografia-ganha-trailer-emocionante-e-revela-bastidores-do-rei-do-pop\/#respond"]}]},{"@type":"WebPage","@id":"https:\/\/ellotv.com.br\/site\/2026\/02\/03\/michael-jackson-cinebiografia-ganha-trailer-emocionante-e-revela-bastidores-do-rei-do-pop\/","url":"https:\/\/ellotv.com.br\/site\/2026\/02\/03\/michael-jackson-cinebiografia-ganha-trailer-emocionante-e-revela-bastidores-do-rei-do-pop\/","name":"Michael Jackson: cinebiografia ganha trailer emocionante e revela bastidores do Rei do Pop - Ello TV","isPartOf":{"@id":"https:\/\/ellotv.com.br\/site\/#website"},"primaryImageOfPage":{"@id":"https:\/\/ellotv.com.br\/site\/2026\/02\/03\/michael-jackson-cinebiografia-ganha-trailer-emocionante-e-revela-bastidores-do-rei-do-pop\/#primaryimage"},"image":{"@id":"https:\/\/ellotv.com.br\/site\/2026\/02\/03\/michael-jackson-cinebiografia-ganha-trailer-emocionante-e-revela-bastidores-do-rei-do-pop\/#primaryimage"},"thumbnailUrl":"https:\/\/ellotv.com.br\/site\/wp-content\/uploads\/2026\/02\/WhatsApp-Image-2026-02-03-at-10.35.05.jpeg","datePublished":"2026-02-03T13:46:27+00:00","description":"Universal Pictures divulga o primeiro trailer e o cartaz de Michael, cinebiografia que retrata a vida e o legado de Michael Jackson. O filme estreia nos cinemas brasileiros em 23 de abril.","breadcrumb":{"@id":"https:\/\/ellotv.com.br\/site\/2026\/02\/03\/michael-jackson-cinebiografia-ganha-trailer-emocionante-e-revela-bastidores-do-rei-do-pop\/#breadcrumb"},"inLanguage":"pt-BR","potentialAction":[{"@type":"ReadAction","target":["https:\/\/ellotv.com.br\/site\/2026\/02\/03\/michael-jackson-cinebiografia-ganha-trailer-emocionante-e-revela-bastidores-do-rei-do-pop\/"]}]},{"@type":"ImageObject","inLanguage":"pt-BR","@id":"https:\/\/ellotv.com.br\/site\/2026\/02\/03\/michael-jackson-cinebiografia-ganha-trailer-emocionante-e-revela-bastidores-do-rei-do-pop\/#primaryimage","url":"https:\/\/ellotv.com.br\/site\/wp-content\/uploads\/2026\/02\/WhatsApp-Image-2026-02-03-at-10.35.05.jpeg","contentUrl":"https:\/\/ellotv.com.br\/site\/wp-content\/uploads\/2026\/02\/WhatsApp-Image-2026-02-03-at-10.35.05.jpeg","width":1000,"height":563},{"@type":"BreadcrumbList","@id":"https:\/\/ellotv.com.br\/site\/2026\/02\/03\/michael-jackson-cinebiografia-ganha-trailer-emocionante-e-revela-bastidores-do-rei-do-pop\/#breadcrumb","itemListElement":[{"@type":"ListItem","position":1,"name":"In\u00edcio","item":"https:\/\/ellotv.com.br\/site\/"},{"@type":"ListItem","position":2,"name":"Michael Jackson: cinebiografia ganha trailer emocionante e revela bastidores do Rei do Pop"}]},{"@type":"WebSite","@id":"https:\/\/ellotv.com.br\/site\/#website","url":"https:\/\/ellotv.com.br\/site\/","name":"ELLO TV","description":"","publisher":{"@id":"https:\/\/ellotv.com.br\/site\/#organization"},"potentialAction":[{"@type":"SearchAction","target":{"@type":"EntryPoint","urlTemplate":"https:\/\/ellotv.com.br\/site\/?s={search_term_string}"},"query-input":{"@type":"PropertyValueSpecification","valueRequired":true,"valueName":"search_term_string"}}],"inLanguage":"pt-BR"},{"@type":"Organization","@id":"https:\/\/ellotv.com.br\/site\/#organization","name":"ELLO TV","url":"https:\/\/ellotv.com.br\/site\/","logo":{"@type":"ImageObject","inLanguage":"pt-BR","@id":"https:\/\/ellotv.com.br\/site\/#\/schema\/logo\/image\/","url":"https:\/\/ellotv.com.br\/site\/wp-content\/uploads\/2025\/11\/ello-logo-2.fw_.png","contentUrl":"https:\/\/ellotv.com.br\/site\/wp-content\/uploads\/2025\/11\/ello-logo-2.fw_.png","width":400,"height":146,"caption":"ELLO TV"},"image":{"@id":"https:\/\/ellotv.com.br\/site\/#\/schema\/logo\/image\/"}},{"@type":"Person","@id":"https:\/\/ellotv.com.br\/site\/#\/schema\/person\/2dbe3abaee38dcc7332fc8205cd2b15d","name":"ELLO TV","image":{"@type":"ImageObject","inLanguage":"pt-BR","@id":"https:\/\/secure.gravatar.com\/avatar\/c38242b9da8ec217ac3f0aaee31a54f7d7befb11b2b47fdbc8fb0fad60afa1c6?s=96&d=mm&r=g","url":"https:\/\/secure.gravatar.com\/avatar\/c38242b9da8ec217ac3f0aaee31a54f7d7befb11b2b47fdbc8fb0fad60afa1c6?s=96&d=mm&r=g","contentUrl":"https:\/\/secure.gravatar.com\/avatar\/c38242b9da8ec217ac3f0aaee31a54f7d7befb11b2b47fdbc8fb0fad60afa1c6?s=96&d=mm&r=g","caption":"ELLO TV"},"url":"https:\/\/ellotv.com.br\/site\/author\/elloagencia\/"}]}},"featured_image_urls":{"full":["https:\/\/ellotv.com.br\/site\/wp-content\/uploads\/2026\/02\/WhatsApp-Image-2026-02-03-at-10.35.05.jpeg",1000,563,false],"thumbnail":["https:\/\/ellotv.com.br\/site\/wp-content\/uploads\/2026\/02\/WhatsApp-Image-2026-02-03-at-10.35.05-150x150.jpeg",150,150,true],"medium":["https:\/\/ellotv.com.br\/site\/wp-content\/uploads\/2026\/02\/WhatsApp-Image-2026-02-03-at-10.35.05-300x169.jpeg",300,169,true],"medium_large":["https:\/\/ellotv.com.br\/site\/wp-content\/uploads\/2026\/02\/WhatsApp-Image-2026-02-03-at-10.35.05-768x432.jpeg",640,360,true],"large":["https:\/\/ellotv.com.br\/site\/wp-content\/uploads\/2026\/02\/WhatsApp-Image-2026-02-03-at-10.35.05.jpeg",640,360,false],"1536x1536":["https:\/\/ellotv.com.br\/site\/wp-content\/uploads\/2026\/02\/WhatsApp-Image-2026-02-03-at-10.35.05.jpeg",1000,563,false],"2048x2048":["https:\/\/ellotv.com.br\/site\/wp-content\/uploads\/2026\/02\/WhatsApp-Image-2026-02-03-at-10.35.05.jpeg",1000,563,false],"darknews-slider-full":["https:\/\/ellotv.com.br\/site\/wp-content\/uploads\/2026\/02\/WhatsApp-Image-2026-02-03-at-10.35.05.jpeg",1000,563,false],"darknews-featured":["https:\/\/ellotv.com.br\/site\/wp-content\/uploads\/2026\/02\/WhatsApp-Image-2026-02-03-at-10.35.05.jpeg",1000,563,false],"darknews-medium":["https:\/\/ellotv.com.br\/site\/wp-content\/uploads\/2026\/02\/WhatsApp-Image-2026-02-03-at-10.35.05-720x530.jpeg",720,530,true],"darknews-medium-square":["https:\/\/ellotv.com.br\/site\/wp-content\/uploads\/2026\/02\/WhatsApp-Image-2026-02-03-at-10.35.05-350x350.jpeg",350,350,true]},"author_info":{"info":["ELLO TV"]},"category_info":"<a href=\"https:\/\/ellotv.com.br\/site\/category\/mundo\/\" rel=\"category tag\">Mundo<\/a> <a href=\"https:\/\/ellotv.com.br\/site\/category\/noticias\/\" rel=\"category tag\">Noticias<\/a>","tag_info":"Noticias","comment_count":"0","_links":{"self":[{"href":"https:\/\/ellotv.com.br\/site\/wp-json\/wp\/v2\/posts\/4850","targetHints":{"allow":["GET"]}}],"collection":[{"href":"https:\/\/ellotv.com.br\/site\/wp-json\/wp\/v2\/posts"}],"about":[{"href":"https:\/\/ellotv.com.br\/site\/wp-json\/wp\/v2\/types\/post"}],"author":[{"embeddable":true,"href":"https:\/\/ellotv.com.br\/site\/wp-json\/wp\/v2\/users\/2"}],"replies":[{"embeddable":true,"href":"https:\/\/ellotv.com.br\/site\/wp-json\/wp\/v2\/comments?post=4850"}],"version-history":[{"count":1,"href":"https:\/\/ellotv.com.br\/site\/wp-json\/wp\/v2\/posts\/4850\/revisions"}],"predecessor-version":[{"id":4852,"href":"https:\/\/ellotv.com.br\/site\/wp-json\/wp\/v2\/posts\/4850\/revisions\/4852"}],"wp:featuredmedia":[{"embeddable":true,"href":"https:\/\/ellotv.com.br\/site\/wp-json\/wp\/v2\/media\/4851"}],"wp:attachment":[{"href":"https:\/\/ellotv.com.br\/site\/wp-json\/wp\/v2\/media?parent=4850"}],"wp:term":[{"taxonomy":"category","embeddable":true,"href":"https:\/\/ellotv.com.br\/site\/wp-json\/wp\/v2\/categories?post=4850"},{"taxonomy":"post_tag","embeddable":true,"href":"https:\/\/ellotv.com.br\/site\/wp-json\/wp\/v2\/tags?post=4850"}],"curies":[{"name":"wp","href":"https:\/\/api.w.org\/{rel}","templated":true}]}}