{"id":4874,"date":"2026-02-04T16:10:09","date_gmt":"2026-02-04T19:10:09","guid":{"rendered":"https:\/\/ellotv.com.br\/site\/?p=4874"},"modified":"2026-02-04T16:10:09","modified_gmt":"2026-02-04T19:10:09","slug":"brasil-tem-mais-de-330-procurados-pela-justica-por-feminicidio","status":"publish","type":"post","link":"https:\/\/ellotv.com.br\/site\/2026\/02\/04\/brasil-tem-mais-de-330-procurados-pela-justica-por-feminicidio\/","title":{"rendered":"Brasil tem mais de 330 procurados pela Justi\u00e7a por feminic\u00eddio"},"content":{"rendered":"<p>O Brasil registra um n\u00famero preocupante de suspeitos e condenados por feminic\u00eddio ainda foragidos da Justi\u00e7a, segundo dados oficiais divulgados nesta quarta-feira. Ao todo, pelo menos 336 pessoas com mandados de pris\u00e3o por crimes de feminic\u00eddio ou tentativa de feminic\u00eddio continuam procuradas em diferentes estados do pa\u00eds, mesmo com o avan\u00e7o da viol\u00eancia de g\u00eanero nos \u00faltimos anos.<\/p>\n<p>Os n\u00fameros exp\u00f5em a dimens\u00e3o da impunidade em casos de viol\u00eancia letal contra mulheres, que seguem em n\u00edveis elevados em diversas regi\u00f5es brasileiras. Em 2025, o pa\u00eds registrou mais de 1.500 feminic\u00eddios, o que representa, em m\u00e9dia, cerca de quatro mulheres mortas por dia em raz\u00e3o do g\u00eanero.<\/p>\n<p>Os estados com maior n\u00famero de procurados incluem S\u00e3o Paulo, Bahia, Maranh\u00e3o e Par\u00e1, segundo levantamento que compila mandados de pris\u00e3o ainda em aberto e senten\u00e7as j\u00e1 decretadas, mas n\u00e3o cumpridas. A maioria dessas ordens \u00e9 de pris\u00e3o preventiva, quando o suspeito j\u00e1 foi identificado por autoridades policiais, mas continua em liberdade.<\/p>\n<p>O contexto de altos \u00edndices de feminic\u00eddio motivou uma s\u00e9rie de iniciativas p\u00fablicas, incluindo o lan\u00e7amento, nesta quarta, de um Pacto Nacional Brasil de Enfrentamento ao Feminic\u00eddio, assinado pelos Tr\u00eas Poderes da Rep\u00fablica em Bras\u00edlia. O acordo prev\u00ea a\u00e7\u00f5es integradas de preven\u00e7\u00e3o, prote\u00e7\u00e3o das v\u00edtimas, responsabiliza\u00e7\u00e3o dos agressores e fortalecimento das pol\u00edticas p\u00fablicas de combate \u00e0 viol\u00eancia de g\u00eanero.<\/p>\n<p>Especialistas e autoridades ressaltam que controlar a lista de procurados \u00e9 um dos desafios centrais no enfrentamento ao feminic\u00eddio, j\u00e1 que muitos casos envolvem viol\u00eancia dom\u00e9stica ou familiar, em que os agressores fogem ap\u00f3s cometer o crime. A falta de cumprimento de mandados de pris\u00e3o dificulta a responsabiliza\u00e7\u00e3o desses autores, aprofundando a sensa\u00e7\u00e3o de impunidade e o risco para outras poss\u00edveis v\u00edtimas.<\/p>\n","protected":false},"excerpt":{"rendered":"<p>O Brasil registra um n\u00famero preocupante de suspeitos e condenados por feminic\u00eddio ainda foragidos da Justi\u00e7a, segundo dados<\/p>\n","protected":false},"author":2,"featured_media":4875,"comment_status":"open","ping_status":"open","sticky":false,"template":"","format":"standard","meta":{"footnotes":""},"categories":[8,12],"tags":[],"class_list":["post-4874","post","type-post","status-publish","format-standard","has-post-thumbnail","hentry","category-brasil","category-noticias"],"yoast_head":"<!-- This site is optimized with the Yoast SEO plugin v28.3 - https:\/\/yoast.com\/product\/yoast-seo-wordpress\/ -->\n<title>Brasil tem mais de 330 procurados pela Justi\u00e7a por feminic\u00eddio - Ello TV<\/title>\n<meta name=\"description\" content=\"Levantamento aponta que 336 pessoas com mandados por feminic\u00eddio ou tentativa seguem foragidas no Brasil, em meio a altos \u00edndices de viol\u00eancia contra mulheres.\" \/>\n<meta name=\"robots\" content=\"index, follow, max-snippet:-1, max-image-preview:large, max-video-preview:-1\" \/>\n<link rel=\"canonical\" href=\"https:\/\/ellotv.com.br\/site\/2026\/02\/04\/brasil-tem-mais-de-330-procurados-pela-justica-por-feminicidio\/\" \/>\n<meta property=\"og:locale\" content=\"pt_BR\" \/>\n<meta property=\"og:type\" content=\"article\" \/>\n<meta property=\"og:title\" content=\"Brasil tem mais de 330 procurados pela Justi\u00e7a por feminic\u00eddio - Ello TV\" \/>\n<meta property=\"og:description\" content=\"Levantamento aponta que 336 pessoas com mandados por feminic\u00eddio ou tentativa seguem foragidas no Brasil, em meio a altos \u00edndices de viol\u00eancia contra mulheres.\" \/>\n<meta property=\"og:url\" content=\"https:\/\/ellotv.com.br\/site\/2026\/02\/04\/brasil-tem-mais-de-330-procurados-pela-justica-por-feminicidio\/\" \/>\n<meta property=\"og:site_name\" content=\"Ello TV\" \/>\n<meta property=\"article:published_time\" content=\"2026-02-04T19:10:09+00:00\" \/>\n<meta property=\"og:image\" content=\"https:\/\/ellotv.com.br\/site\/wp-content\/uploads\/2026\/02\/MATERIA.png\" \/>\n\t<meta property=\"og:image:width\" content=\"984\" \/>\n\t<meta property=\"og:image:height\" content=\"1057\" \/>\n\t<meta property=\"og:image:type\" content=\"image\/png\" \/>\n<meta name=\"author\" content=\"ELLO TV\" \/>\n<meta name=\"twitter:card\" content=\"summary_large_image\" \/>\n<meta name=\"twitter:label1\" content=\"Escrito por\" \/>\n\t<meta name=\"twitter:data1\" content=\"ELLO TV\" \/>\n\t<meta name=\"twitter:label2\" content=\"Est. tempo de leitura\" \/>\n\t<meta name=\"twitter:data2\" content=\"2 minutos\" \/>\n<script type=\"application\/ld+json\" class=\"yoast-schema-graph\">{\"@context\":\"https:\\\/\\\/schema.org\",\"@graph\":[{\"@type\":\"Article\",\"@id\":\"https:\\\/\\\/ellotv.com.br\\\/site\\\/2026\\\/02\\\/04\\\/brasil-tem-mais-de-330-procurados-pela-justica-por-feminicidio\\\/#article\",\"isPartOf\":{\"@id\":\"https:\\\/\\\/ellotv.com.br\\\/site\\\/2026\\\/02\\\/04\\\/brasil-tem-mais-de-330-procurados-pela-justica-por-feminicidio\\\/\"},\"author\":{\"name\":\"ELLO TV\",\"@id\":\"https:\\\/\\\/ellotv.com.br\\\/site\\\/#\\\/schema\\\/person\\\/2dbe3abaee38dcc7332fc8205cd2b15d\"},\"headline\":\"Brasil tem mais de 330 procurados pela Justi\u00e7a por feminic\u00eddio\",\"datePublished\":\"2026-02-04T19:10:09+00:00\",\"mainEntityOfPage\":{\"@id\":\"https:\\\/\\\/ellotv.com.br\\\/site\\\/2026\\\/02\\\/04\\\/brasil-tem-mais-de-330-procurados-pela-justica-por-feminicidio\\\/\"},\"wordCount\":338,\"commentCount\":0,\"publisher\":{\"@id\":\"https:\\\/\\\/ellotv.com.br\\\/site\\\/#organization\"},\"image\":{\"@id\":\"https:\\\/\\\/ellotv.com.br\\\/site\\\/2026\\\/02\\\/04\\\/brasil-tem-mais-de-330-procurados-pela-justica-por-feminicidio\\\/#primaryimage\"},\"thumbnailUrl\":\"https:\\\/\\\/ellotv.com.br\\\/site\\\/wp-content\\\/uploads\\\/2026\\\/02\\\/MATERIA.png\",\"articleSection\":[\"Brasil\",\"Noticias\"],\"inLanguage\":\"pt-BR\",\"potentialAction\":[{\"@type\":\"CommentAction\",\"name\":\"Comment\",\"target\":[\"https:\\\/\\\/ellotv.com.br\\\/site\\\/2026\\\/02\\\/04\\\/brasil-tem-mais-de-330-procurados-pela-justica-por-feminicidio\\\/#respond\"]}]},{\"@type\":\"WebPage\",\"@id\":\"https:\\\/\\\/ellotv.com.br\\\/site\\\/2026\\\/02\\\/04\\\/brasil-tem-mais-de-330-procurados-pela-justica-por-feminicidio\\\/\",\"url\":\"https:\\\/\\\/ellotv.com.br\\\/site\\\/2026\\\/02\\\/04\\\/brasil-tem-mais-de-330-procurados-pela-justica-por-feminicidio\\\/\",\"name\":\"Brasil tem mais de 330 procurados pela Justi\u00e7a por feminic\u00eddio - Ello TV\",\"isPartOf\":{\"@id\":\"https:\\\/\\\/ellotv.com.br\\\/site\\\/#website\"},\"primaryImageOfPage\":{\"@id\":\"https:\\\/\\\/ellotv.com.br\\\/site\\\/2026\\\/02\\\/04\\\/brasil-tem-mais-de-330-procurados-pela-justica-por-feminicidio\\\/#primaryimage\"},\"image\":{\"@id\":\"https:\\\/\\\/ellotv.com.br\\\/site\\\/2026\\\/02\\\/04\\\/brasil-tem-mais-de-330-procurados-pela-justica-por-feminicidio\\\/#primaryimage\"},\"thumbnailUrl\":\"https:\\\/\\\/ellotv.com.br\\\/site\\\/wp-content\\\/uploads\\\/2026\\\/02\\\/MATERIA.png\",\"datePublished\":\"2026-02-04T19:10:09+00:00\",\"description\":\"Levantamento aponta que 336 pessoas com mandados por feminic\u00eddio ou tentativa seguem foragidas no Brasil, em meio a altos \u00edndices de viol\u00eancia contra mulheres.\",\"breadcrumb\":{\"@id\":\"https:\\\/\\\/ellotv.com.br\\\/site\\\/2026\\\/02\\\/04\\\/brasil-tem-mais-de-330-procurados-pela-justica-por-feminicidio\\\/#breadcrumb\"},\"inLanguage\":\"pt-BR\",\"potentialAction\":[{\"@type\":\"ReadAction\",\"target\":[\"https:\\\/\\\/ellotv.com.br\\\/site\\\/2026\\\/02\\\/04\\\/brasil-tem-mais-de-330-procurados-pela-justica-por-feminicidio\\\/\"]}]},{\"@type\":\"ImageObject\",\"inLanguage\":\"pt-BR\",\"@id\":\"https:\\\/\\\/ellotv.com.br\\\/site\\\/2026\\\/02\\\/04\\\/brasil-tem-mais-de-330-procurados-pela-justica-por-feminicidio\\\/#primaryimage\",\"url\":\"https:\\\/\\\/ellotv.com.br\\\/site\\\/wp-content\\\/uploads\\\/2026\\\/02\\\/MATERIA.png\",\"contentUrl\":\"https:\\\/\\\/ellotv.com.br\\\/site\\\/wp-content\\\/uploads\\\/2026\\\/02\\\/MATERIA.png\",\"width\":984,\"height\":1057},{\"@type\":\"BreadcrumbList\",\"@id\":\"https:\\\/\\\/ellotv.com.br\\\/site\\\/2026\\\/02\\\/04\\\/brasil-tem-mais-de-330-procurados-pela-justica-por-feminicidio\\\/#breadcrumb\",\"itemListElement\":[{\"@type\":\"ListItem\",\"position\":1,\"name\":\"In\u00edcio\",\"item\":\"https:\\\/\\\/ellotv.com.br\\\/site\\\/\"},{\"@type\":\"ListItem\",\"position\":2,\"name\":\"Brasil tem mais de 330 procurados pela Justi\u00e7a por feminic\u00eddio\"}]},{\"@type\":\"WebSite\",\"@id\":\"https:\\\/\\\/ellotv.com.br\\\/site\\\/#website\",\"url\":\"https:\\\/\\\/ellotv.com.br\\\/site\\\/\",\"name\":\"ELLO TV\",\"description\":\"\",\"publisher\":{\"@id\":\"https:\\\/\\\/ellotv.com.br\\\/site\\\/#organization\"},\"potentialAction\":[{\"@type\":\"SearchAction\",\"target\":{\"@type\":\"EntryPoint\",\"urlTemplate\":\"https:\\\/\\\/ellotv.com.br\\\/site\\\/?s={search_term_string}\"},\"query-input\":{\"@type\":\"PropertyValueSpecification\",\"valueRequired\":true,\"valueName\":\"search_term_string\"}}],\"inLanguage\":\"pt-BR\"},{\"@type\":\"Organization\",\"@id\":\"https:\\\/\\\/ellotv.com.br\\\/site\\\/#organization\",\"name\":\"ELLO TV\",\"url\":\"https:\\\/\\\/ellotv.com.br\\\/site\\\/\",\"logo\":{\"@type\":\"ImageObject\",\"inLanguage\":\"pt-BR\",\"@id\":\"https:\\\/\\\/ellotv.com.br\\\/site\\\/#\\\/schema\\\/logo\\\/image\\\/\",\"url\":\"https:\\\/\\\/ellotv.com.br\\\/site\\\/wp-content\\\/uploads\\\/2025\\\/11\\\/ello-logo-2.fw_.png\",\"contentUrl\":\"https:\\\/\\\/ellotv.com.br\\\/site\\\/wp-content\\\/uploads\\\/2025\\\/11\\\/ello-logo-2.fw_.png\",\"width\":400,\"height\":146,\"caption\":\"ELLO TV\"},\"image\":{\"@id\":\"https:\\\/\\\/ellotv.com.br\\\/site\\\/#\\\/schema\\\/logo\\\/image\\\/\"}},{\"@type\":\"Person\",\"@id\":\"https:\\\/\\\/ellotv.com.br\\\/site\\\/#\\\/schema\\\/person\\\/2dbe3abaee38dcc7332fc8205cd2b15d\",\"name\":\"ELLO TV\",\"image\":{\"@type\":\"ImageObject\",\"inLanguage\":\"pt-BR\",\"@id\":\"https:\\\/\\\/secure.gravatar.com\\\/avatar\\\/c38242b9da8ec217ac3f0aaee31a54f7d7befb11b2b47fdbc8fb0fad60afa1c6?s=96&d=mm&r=g\",\"url\":\"https:\\\/\\\/secure.gravatar.com\\\/avatar\\\/c38242b9da8ec217ac3f0aaee31a54f7d7befb11b2b47fdbc8fb0fad60afa1c6?s=96&d=mm&r=g\",\"contentUrl\":\"https:\\\/\\\/secure.gravatar.com\\\/avatar\\\/c38242b9da8ec217ac3f0aaee31a54f7d7befb11b2b47fdbc8fb0fad60afa1c6?s=96&d=mm&r=g\",\"caption\":\"ELLO TV\"},\"url\":\"https:\\\/\\\/ellotv.com.br\\\/site\\\/author\\\/elloagencia\\\/\"}]}<\/script>\n<!-- \/ Yoast SEO plugin. -->","yoast_head_json":{"title":"Brasil tem mais de 330 procurados pela Justi\u00e7a por feminic\u00eddio - Ello TV","description":"Levantamento aponta que 336 pessoas com mandados por feminic\u00eddio ou tentativa seguem foragidas no Brasil, em meio a altos \u00edndices de viol\u00eancia contra mulheres.","robots":{"index":"index","follow":"follow","max-snippet":"max-snippet:-1","max-image-preview":"max-image-preview:large","max-video-preview":"max-video-preview:-1"},"canonical":"https:\/\/ellotv.com.br\/site\/2026\/02\/04\/brasil-tem-mais-de-330-procurados-pela-justica-por-feminicidio\/","og_locale":"pt_BR","og_type":"article","og_title":"Brasil tem mais de 330 procurados pela Justi\u00e7a por feminic\u00eddio - Ello TV","og_description":"Levantamento aponta que 336 pessoas com mandados por feminic\u00eddio ou tentativa seguem foragidas no Brasil, em meio a altos \u00edndices de viol\u00eancia contra mulheres.","og_url":"https:\/\/ellotv.com.br\/site\/2026\/02\/04\/brasil-tem-mais-de-330-procurados-pela-justica-por-feminicidio\/","og_site_name":"Ello TV","article_published_time":"2026-02-04T19:10:09+00:00","og_image":[{"width":984,"height":1057,"url":"https:\/\/ellotv.com.br\/site\/wp-content\/uploads\/2026\/02\/MATERIA.png","type":"image\/png"}],"author":"ELLO TV","twitter_card":"summary_large_image","twitter_misc":{"Escrito por":"ELLO TV","Est. tempo de leitura":"2 minutos"},"schema":{"@context":"https:\/\/schema.org","@graph":[{"@type":"Article","@id":"https:\/\/ellotv.com.br\/site\/2026\/02\/04\/brasil-tem-mais-de-330-procurados-pela-justica-por-feminicidio\/#article","isPartOf":{"@id":"https:\/\/ellotv.com.br\/site\/2026\/02\/04\/brasil-tem-mais-de-330-procurados-pela-justica-por-feminicidio\/"},"author":{"name":"ELLO TV","@id":"https:\/\/ellotv.com.br\/site\/#\/schema\/person\/2dbe3abaee38dcc7332fc8205cd2b15d"},"headline":"Brasil tem mais de 330 procurados pela Justi\u00e7a por feminic\u00eddio","datePublished":"2026-02-04T19:10:09+00:00","mainEntityOfPage":{"@id":"https:\/\/ellotv.com.br\/site\/2026\/02\/04\/brasil-tem-mais-de-330-procurados-pela-justica-por-feminicidio\/"},"wordCount":338,"commentCount":0,"publisher":{"@id":"https:\/\/ellotv.com.br\/site\/#organization"},"image":{"@id":"https:\/\/ellotv.com.br\/site\/2026\/02\/04\/brasil-tem-mais-de-330-procurados-pela-justica-por-feminicidio\/#primaryimage"},"thumbnailUrl":"https:\/\/ellotv.com.br\/site\/wp-content\/uploads\/2026\/02\/MATERIA.png","articleSection":["Brasil","Noticias"],"inLanguage":"pt-BR","potentialAction":[{"@type":"CommentAction","name":"Comment","target":["https:\/\/ellotv.com.br\/site\/2026\/02\/04\/brasil-tem-mais-de-330-procurados-pela-justica-por-feminicidio\/#respond"]}]},{"@type":"WebPage","@id":"https:\/\/ellotv.com.br\/site\/2026\/02\/04\/brasil-tem-mais-de-330-procurados-pela-justica-por-feminicidio\/","url":"https:\/\/ellotv.com.br\/site\/2026\/02\/04\/brasil-tem-mais-de-330-procurados-pela-justica-por-feminicidio\/","name":"Brasil tem mais de 330 procurados pela Justi\u00e7a por feminic\u00eddio - Ello TV","isPartOf":{"@id":"https:\/\/ellotv.com.br\/site\/#website"},"primaryImageOfPage":{"@id":"https:\/\/ellotv.com.br\/site\/2026\/02\/04\/brasil-tem-mais-de-330-procurados-pela-justica-por-feminicidio\/#primaryimage"},"image":{"@id":"https:\/\/ellotv.com.br\/site\/2026\/02\/04\/brasil-tem-mais-de-330-procurados-pela-justica-por-feminicidio\/#primaryimage"},"thumbnailUrl":"https:\/\/ellotv.com.br\/site\/wp-content\/uploads\/2026\/02\/MATERIA.png","datePublished":"2026-02-04T19:10:09+00:00","description":"Levantamento aponta que 336 pessoas com mandados por feminic\u00eddio ou tentativa seguem foragidas no Brasil, em meio a altos \u00edndices de viol\u00eancia contra mulheres.","breadcrumb":{"@id":"https:\/\/ellotv.com.br\/site\/2026\/02\/04\/brasil-tem-mais-de-330-procurados-pela-justica-por-feminicidio\/#breadcrumb"},"inLanguage":"pt-BR","potentialAction":[{"@type":"ReadAction","target":["https:\/\/ellotv.com.br\/site\/2026\/02\/04\/brasil-tem-mais-de-330-procurados-pela-justica-por-feminicidio\/"]}]},{"@type":"ImageObject","inLanguage":"pt-BR","@id":"https:\/\/ellotv.com.br\/site\/2026\/02\/04\/brasil-tem-mais-de-330-procurados-pela-justica-por-feminicidio\/#primaryimage","url":"https:\/\/ellotv.com.br\/site\/wp-content\/uploads\/2026\/02\/MATERIA.png","contentUrl":"https:\/\/ellotv.com.br\/site\/wp-content\/uploads\/2026\/02\/MATERIA.png","width":984,"height":1057},{"@type":"BreadcrumbList","@id":"https:\/\/ellotv.com.br\/site\/2026\/02\/04\/brasil-tem-mais-de-330-procurados-pela-justica-por-feminicidio\/#breadcrumb","itemListElement":[{"@type":"ListItem","position":1,"name":"In\u00edcio","item":"https:\/\/ellotv.com.br\/site\/"},{"@type":"ListItem","position":2,"name":"Brasil tem mais de 330 procurados pela Justi\u00e7a por feminic\u00eddio"}]},{"@type":"WebSite","@id":"https:\/\/ellotv.com.br\/site\/#website","url":"https:\/\/ellotv.com.br\/site\/","name":"ELLO TV","description":"","publisher":{"@id":"https:\/\/ellotv.com.br\/site\/#organization"},"potentialAction":[{"@type":"SearchAction","target":{"@type":"EntryPoint","urlTemplate":"https:\/\/ellotv.com.br\/site\/?s={search_term_string}"},"query-input":{"@type":"PropertyValueSpecification","valueRequired":true,"valueName":"search_term_string"}}],"inLanguage":"pt-BR"},{"@type":"Organization","@id":"https:\/\/ellotv.com.br\/site\/#organization","name":"ELLO TV","url":"https:\/\/ellotv.com.br\/site\/","logo":{"@type":"ImageObject","inLanguage":"pt-BR","@id":"https:\/\/ellotv.com.br\/site\/#\/schema\/logo\/image\/","url":"https:\/\/ellotv.com.br\/site\/wp-content\/uploads\/2025\/11\/ello-logo-2.fw_.png","contentUrl":"https:\/\/ellotv.com.br\/site\/wp-content\/uploads\/2025\/11\/ello-logo-2.fw_.png","width":400,"height":146,"caption":"ELLO TV"},"image":{"@id":"https:\/\/ellotv.com.br\/site\/#\/schema\/logo\/image\/"}},{"@type":"Person","@id":"https:\/\/ellotv.com.br\/site\/#\/schema\/person\/2dbe3abaee38dcc7332fc8205cd2b15d","name":"ELLO TV","image":{"@type":"ImageObject","inLanguage":"pt-BR","@id":"https:\/\/secure.gravatar.com\/avatar\/c38242b9da8ec217ac3f0aaee31a54f7d7befb11b2b47fdbc8fb0fad60afa1c6?s=96&d=mm&r=g","url":"https:\/\/secure.gravatar.com\/avatar\/c38242b9da8ec217ac3f0aaee31a54f7d7befb11b2b47fdbc8fb0fad60afa1c6?s=96&d=mm&r=g","contentUrl":"https:\/\/secure.gravatar.com\/avatar\/c38242b9da8ec217ac3f0aaee31a54f7d7befb11b2b47fdbc8fb0fad60afa1c6?s=96&d=mm&r=g","caption":"ELLO TV"},"url":"https:\/\/ellotv.com.br\/site\/author\/elloagencia\/"}]}},"featured_image_urls":{"full":["https:\/\/ellotv.com.br\/site\/wp-content\/uploads\/2026\/02\/MATERIA.png",984,1057,false],"thumbnail":["https:\/\/ellotv.com.br\/site\/wp-content\/uploads\/2026\/02\/MATERIA-150x150.png",150,150,true],"medium":["https:\/\/ellotv.com.br\/site\/wp-content\/uploads\/2026\/02\/MATERIA-279x300.png",279,300,true],"medium_large":["https:\/\/ellotv.com.br\/site\/wp-content\/uploads\/2026\/02\/MATERIA-768x825.png",640,688,true],"large":["https:\/\/ellotv.com.br\/site\/wp-content\/uploads\/2026\/02\/MATERIA-953x1024.png",640,688,true],"1536x1536":["https:\/\/ellotv.com.br\/site\/wp-content\/uploads\/2026\/02\/MATERIA.png",984,1057,false],"2048x2048":["https:\/\/ellotv.com.br\/site\/wp-content\/uploads\/2026\/02\/MATERIA.png",984,1057,false],"darknews-slider-full":["https:\/\/ellotv.com.br\/site\/wp-content\/uploads\/2026\/02\/MATERIA-984x720.png",984,720,true],"darknews-featured":["https:\/\/ellotv.com.br\/site\/wp-content\/uploads\/2026\/02\/MATERIA.png",984,1057,false],"darknews-medium":["https:\/\/ellotv.com.br\/site\/wp-content\/uploads\/2026\/02\/MATERIA-720x530.png",720,530,true],"darknews-medium-square":["https:\/\/ellotv.com.br\/site\/wp-content\/uploads\/2026\/02\/MATERIA-350x350.png",350,350,true]},"author_info":{"info":["ELLO TV"]},"category_info":"<a href=\"https:\/\/ellotv.com.br\/site\/category\/brasil\/\" rel=\"category tag\">Brasil<\/a> <a href=\"https:\/\/ellotv.com.br\/site\/category\/noticias\/\" rel=\"category tag\">Noticias<\/a>","tag_info":"Noticias","comment_count":"0","_links":{"self":[{"href":"https:\/\/ellotv.com.br\/site\/wp-json\/wp\/v2\/posts\/4874","targetHints":{"allow":["GET"]}}],"collection":[{"href":"https:\/\/ellotv.com.br\/site\/wp-json\/wp\/v2\/posts"}],"about":[{"href":"https:\/\/ellotv.com.br\/site\/wp-json\/wp\/v2\/types\/post"}],"author":[{"embeddable":true,"href":"https:\/\/ellotv.com.br\/site\/wp-json\/wp\/v2\/users\/2"}],"replies":[{"embeddable":true,"href":"https:\/\/ellotv.com.br\/site\/wp-json\/wp\/v2\/comments?post=4874"}],"version-history":[{"count":1,"href":"https:\/\/ellotv.com.br\/site\/wp-json\/wp\/v2\/posts\/4874\/revisions"}],"predecessor-version":[{"id":4876,"href":"https:\/\/ellotv.com.br\/site\/wp-json\/wp\/v2\/posts\/4874\/revisions\/4876"}],"wp:featuredmedia":[{"embeddable":true,"href":"https:\/\/ellotv.com.br\/site\/wp-json\/wp\/v2\/media\/4875"}],"wp:attachment":[{"href":"https:\/\/ellotv.com.br\/site\/wp-json\/wp\/v2\/media?parent=4874"}],"wp:term":[{"taxonomy":"category","embeddable":true,"href":"https:\/\/ellotv.com.br\/site\/wp-json\/wp\/v2\/categories?post=4874"},{"taxonomy":"post_tag","embeddable":true,"href":"https:\/\/ellotv.com.br\/site\/wp-json\/wp\/v2\/tags?post=4874"}],"curies":[{"name":"wp","href":"https:\/\/api.w.org\/{rel}","templated":true}]}}