{"id":4887,"date":"2026-02-06T08:30:56","date_gmt":"2026-02-06T11:30:56","guid":{"rendered":"https:\/\/ellotv.com.br\/site\/?p=4887"},"modified":"2026-02-06T08:30:56","modified_gmt":"2026-02-06T11:30:56","slug":"%f0%9f%93%8a-saiu-a-pesquisa-datafolha-sobre-o-governo-de-pernambuco","status":"publish","type":"post","link":"https:\/\/ellotv.com.br\/site\/2026\/02\/06\/%f0%9f%93%8a-saiu-a-pesquisa-datafolha-sobre-o-governo-de-pernambuco\/","title":{"rendered":"\ud83d\udcca Saiu a Pesquisa Datafolha sobre o Governo de Pernambuco!"},"content":{"rendered":"<p>O novo levantamento do Instituto Datafolha traz um retrato atualizado da avalia\u00e7\u00e3o da popula\u00e7\u00e3o pernambucana sobre a gest\u00e3o estadual. Os n\u00fameros mostram como os cidad\u00e3os enxergam o trabalho do Governo, os \u00edndices de aprova\u00e7\u00e3o, reprova\u00e7\u00e3o e os principais pontos analisados pela pesquisa.<\/p>\n<p>A pesquisa serve como term\u00f4metro da opini\u00e3o p\u00fablica e ajuda a entender o cen\u00e1rio pol\u00edtico e administrativo do Estado neste momento.<\/p>\n<p>&nbsp;<\/p>\n<p><img fetchpriority=\"high\" decoding=\"async\" class=\"aligncenter wp-image-4889 size-full\" src=\"https:\/\/ellotv.com.br\/site\/wp-content\/uploads\/2026\/02\/WhatsApp-Image-2026-02-06-at-00.23.28-1.jpeg\" alt=\"\" width=\"1290\" height=\"1198\" srcset=\"https:\/\/ellotv.com.br\/site\/wp-content\/uploads\/2026\/02\/WhatsApp-Image-2026-02-06-at-00.23.28-1.jpeg 1290w, https:\/\/ellotv.com.br\/site\/wp-content\/uploads\/2026\/02\/WhatsApp-Image-2026-02-06-at-00.23.28-1-300x279.jpeg 300w, https:\/\/ellotv.com.br\/site\/wp-content\/uploads\/2026\/02\/WhatsApp-Image-2026-02-06-at-00.23.28-1-1024x951.jpeg 1024w, https:\/\/ellotv.com.br\/site\/wp-content\/uploads\/2026\/02\/WhatsApp-Image-2026-02-06-at-00.23.28-1-768x713.jpeg 768w\" sizes=\"(max-width: 1290px) 100vw, 1290px\" \/><\/p>\n","protected":false},"excerpt":{"rendered":"<p>O novo levantamento do Instituto Datafolha traz um retrato atualizado da avalia\u00e7\u00e3o da popula\u00e7\u00e3o pernambucana sobre a gest\u00e3o<\/p>\n","protected":false},"author":2,"featured_media":4888,"comment_status":"open","ping_status":"open","sticky":false,"template":"","format":"standard","meta":{"footnotes":""},"categories":[12,9],"tags":[],"class_list":["post-4887","post","type-post","status-publish","format-standard","has-post-thumbnail","hentry","category-noticias","category-regional"],"yoast_head":"<!-- This site is optimized with the Yoast SEO plugin v28.3 - https:\/\/yoast.com\/product\/yoast-seo-wordpress\/ -->\n<title>\ud83d\udcca Saiu a Pesquisa Datafolha sobre o Governo de Pernambuco! - Ello TV<\/title>\n<meta name=\"description\" content=\"Levantamento do Instituto Datafolha apresenta \u00edndices de aprova\u00e7\u00e3o e reprova\u00e7\u00e3o do Governo de Pernambuco e funciona como term\u00f4metro da opini\u00e3o p\u00fablica sobre a gest\u00e3o estadual neste momento.\" \/>\n<meta name=\"robots\" content=\"index, follow, max-snippet:-1, max-image-preview:large, max-video-preview:-1\" \/>\n<link rel=\"canonical\" href=\"https:\/\/ellotv.com.br\/site\/2026\/02\/06\/\ud83d\udcca-saiu-a-pesquisa-datafolha-sobre-o-governo-de-pernambuco\/\" \/>\n<meta property=\"og:locale\" content=\"pt_BR\" \/>\n<meta property=\"og:type\" content=\"article\" \/>\n<meta property=\"og:title\" content=\"\ud83d\udcca Saiu a Pesquisa Datafolha sobre o Governo de Pernambuco! - Ello TV\" \/>\n<meta property=\"og:description\" content=\"Levantamento do Instituto Datafolha apresenta \u00edndices de aprova\u00e7\u00e3o e reprova\u00e7\u00e3o do Governo de Pernambuco e funciona como term\u00f4metro da opini\u00e3o p\u00fablica sobre a gest\u00e3o estadual neste momento.\" \/>\n<meta property=\"og:url\" content=\"https:\/\/ellotv.com.br\/site\/2026\/02\/06\/\ud83d\udcca-saiu-a-pesquisa-datafolha-sobre-o-governo-de-pernambuco\/\" \/>\n<meta property=\"og:site_name\" content=\"Ello TV\" \/>\n<meta property=\"article:published_time\" content=\"2026-02-06T11:30:56+00:00\" \/>\n<meta property=\"og:image\" content=\"https:\/\/ellotv.com.br\/site\/wp-content\/uploads\/2026\/02\/WhatsApp-Image-2026-02-06-at-00.23.28.jpeg\" \/>\n\t<meta property=\"og:image:width\" content=\"1290\" \/>\n\t<meta property=\"og:image:height\" content=\"1180\" \/>\n\t<meta property=\"og:image:type\" content=\"image\/jpeg\" \/>\n<meta name=\"author\" content=\"ELLO TV\" \/>\n<meta name=\"twitter:card\" content=\"summary_large_image\" \/>\n<meta name=\"twitter:label1\" content=\"Escrito por\" \/>\n\t<meta name=\"twitter:data1\" content=\"ELLO TV\" \/>\n<script type=\"application\/ld+json\" class=\"yoast-schema-graph\">{\"@context\":\"https:\\\/\\\/schema.org\",\"@graph\":[{\"@type\":\"Article\",\"@id\":\"https:\\\/\\\/ellotv.com.br\\\/site\\\/2026\\\/02\\\/06\\\/%f0%9f%93%8a-saiu-a-pesquisa-datafolha-sobre-o-governo-de-pernambuco\\\/#article\",\"isPartOf\":{\"@id\":\"https:\\\/\\\/ellotv.com.br\\\/site\\\/2026\\\/02\\\/06\\\/%f0%9f%93%8a-saiu-a-pesquisa-datafolha-sobre-o-governo-de-pernambuco\\\/\"},\"author\":{\"name\":\"ELLO TV\",\"@id\":\"https:\\\/\\\/ellotv.com.br\\\/site\\\/#\\\/schema\\\/person\\\/2dbe3abaee38dcc7332fc8205cd2b15d\"},\"headline\":\"\ud83d\udcca Saiu a Pesquisa Datafolha sobre o Governo de Pernambuco!\",\"datePublished\":\"2026-02-06T11:30:56+00:00\",\"mainEntityOfPage\":{\"@id\":\"https:\\\/\\\/ellotv.com.br\\\/site\\\/2026\\\/02\\\/06\\\/%f0%9f%93%8a-saiu-a-pesquisa-datafolha-sobre-o-governo-de-pernambuco\\\/\"},\"wordCount\":85,\"commentCount\":0,\"publisher\":{\"@id\":\"https:\\\/\\\/ellotv.com.br\\\/site\\\/#organization\"},\"image\":{\"@id\":\"https:\\\/\\\/ellotv.com.br\\\/site\\\/2026\\\/02\\\/06\\\/%f0%9f%93%8a-saiu-a-pesquisa-datafolha-sobre-o-governo-de-pernambuco\\\/#primaryimage\"},\"thumbnailUrl\":\"https:\\\/\\\/ellotv.com.br\\\/site\\\/wp-content\\\/uploads\\\/2026\\\/02\\\/WhatsApp-Image-2026-02-06-at-00.23.28.jpeg\",\"articleSection\":[\"Noticias\",\"Regional\"],\"inLanguage\":\"pt-BR\",\"potentialAction\":[{\"@type\":\"CommentAction\",\"name\":\"Comment\",\"target\":[\"https:\\\/\\\/ellotv.com.br\\\/site\\\/2026\\\/02\\\/06\\\/%f0%9f%93%8a-saiu-a-pesquisa-datafolha-sobre-o-governo-de-pernambuco\\\/#respond\"]}]},{\"@type\":\"WebPage\",\"@id\":\"https:\\\/\\\/ellotv.com.br\\\/site\\\/2026\\\/02\\\/06\\\/%f0%9f%93%8a-saiu-a-pesquisa-datafolha-sobre-o-governo-de-pernambuco\\\/\",\"url\":\"https:\\\/\\\/ellotv.com.br\\\/site\\\/2026\\\/02\\\/06\\\/%f0%9f%93%8a-saiu-a-pesquisa-datafolha-sobre-o-governo-de-pernambuco\\\/\",\"name\":\"\ud83d\udcca Saiu a Pesquisa Datafolha sobre o Governo de Pernambuco! - Ello TV\",\"isPartOf\":{\"@id\":\"https:\\\/\\\/ellotv.com.br\\\/site\\\/#website\"},\"primaryImageOfPage\":{\"@id\":\"https:\\\/\\\/ellotv.com.br\\\/site\\\/2026\\\/02\\\/06\\\/%f0%9f%93%8a-saiu-a-pesquisa-datafolha-sobre-o-governo-de-pernambuco\\\/#primaryimage\"},\"image\":{\"@id\":\"https:\\\/\\\/ellotv.com.br\\\/site\\\/2026\\\/02\\\/06\\\/%f0%9f%93%8a-saiu-a-pesquisa-datafolha-sobre-o-governo-de-pernambuco\\\/#primaryimage\"},\"thumbnailUrl\":\"https:\\\/\\\/ellotv.com.br\\\/site\\\/wp-content\\\/uploads\\\/2026\\\/02\\\/WhatsApp-Image-2026-02-06-at-00.23.28.jpeg\",\"datePublished\":\"2026-02-06T11:30:56+00:00\",\"description\":\"Levantamento do Instituto Datafolha apresenta \u00edndices de aprova\u00e7\u00e3o e reprova\u00e7\u00e3o do Governo de Pernambuco e funciona como term\u00f4metro da opini\u00e3o p\u00fablica sobre a gest\u00e3o estadual neste momento.\",\"breadcrumb\":{\"@id\":\"https:\\\/\\\/ellotv.com.br\\\/site\\\/2026\\\/02\\\/06\\\/%f0%9f%93%8a-saiu-a-pesquisa-datafolha-sobre-o-governo-de-pernambuco\\\/#breadcrumb\"},\"inLanguage\":\"pt-BR\",\"potentialAction\":[{\"@type\":\"ReadAction\",\"target\":[\"https:\\\/\\\/ellotv.com.br\\\/site\\\/2026\\\/02\\\/06\\\/%f0%9f%93%8a-saiu-a-pesquisa-datafolha-sobre-o-governo-de-pernambuco\\\/\"]}]},{\"@type\":\"ImageObject\",\"inLanguage\":\"pt-BR\",\"@id\":\"https:\\\/\\\/ellotv.com.br\\\/site\\\/2026\\\/02\\\/06\\\/%f0%9f%93%8a-saiu-a-pesquisa-datafolha-sobre-o-governo-de-pernambuco\\\/#primaryimage\",\"url\":\"https:\\\/\\\/ellotv.com.br\\\/site\\\/wp-content\\\/uploads\\\/2026\\\/02\\\/WhatsApp-Image-2026-02-06-at-00.23.28.jpeg\",\"contentUrl\":\"https:\\\/\\\/ellotv.com.br\\\/site\\\/wp-content\\\/uploads\\\/2026\\\/02\\\/WhatsApp-Image-2026-02-06-at-00.23.28.jpeg\",\"width\":1290,\"height\":1180},{\"@type\":\"BreadcrumbList\",\"@id\":\"https:\\\/\\\/ellotv.com.br\\\/site\\\/2026\\\/02\\\/06\\\/%f0%9f%93%8a-saiu-a-pesquisa-datafolha-sobre-o-governo-de-pernambuco\\\/#breadcrumb\",\"itemListElement\":[{\"@type\":\"ListItem\",\"position\":1,\"name\":\"In\u00edcio\",\"item\":\"https:\\\/\\\/ellotv.com.br\\\/site\\\/\"},{\"@type\":\"ListItem\",\"position\":2,\"name\":\"\ud83d\udcca Saiu a Pesquisa Datafolha sobre o Governo de Pernambuco!\"}]},{\"@type\":\"WebSite\",\"@id\":\"https:\\\/\\\/ellotv.com.br\\\/site\\\/#website\",\"url\":\"https:\\\/\\\/ellotv.com.br\\\/site\\\/\",\"name\":\"ELLO TV\",\"description\":\"\",\"publisher\":{\"@id\":\"https:\\\/\\\/ellotv.com.br\\\/site\\\/#organization\"},\"potentialAction\":[{\"@type\":\"SearchAction\",\"target\":{\"@type\":\"EntryPoint\",\"urlTemplate\":\"https:\\\/\\\/ellotv.com.br\\\/site\\\/?s={search_term_string}\"},\"query-input\":{\"@type\":\"PropertyValueSpecification\",\"valueRequired\":true,\"valueName\":\"search_term_string\"}}],\"inLanguage\":\"pt-BR\"},{\"@type\":\"Organization\",\"@id\":\"https:\\\/\\\/ellotv.com.br\\\/site\\\/#organization\",\"name\":\"ELLO TV\",\"url\":\"https:\\\/\\\/ellotv.com.br\\\/site\\\/\",\"logo\":{\"@type\":\"ImageObject\",\"inLanguage\":\"pt-BR\",\"@id\":\"https:\\\/\\\/ellotv.com.br\\\/site\\\/#\\\/schema\\\/logo\\\/image\\\/\",\"url\":\"https:\\\/\\\/ellotv.com.br\\\/site\\\/wp-content\\\/uploads\\\/2025\\\/11\\\/ello-logo-2.fw_.png\",\"contentUrl\":\"https:\\\/\\\/ellotv.com.br\\\/site\\\/wp-content\\\/uploads\\\/2025\\\/11\\\/ello-logo-2.fw_.png\",\"width\":400,\"height\":146,\"caption\":\"ELLO TV\"},\"image\":{\"@id\":\"https:\\\/\\\/ellotv.com.br\\\/site\\\/#\\\/schema\\\/logo\\\/image\\\/\"}},{\"@type\":\"Person\",\"@id\":\"https:\\\/\\\/ellotv.com.br\\\/site\\\/#\\\/schema\\\/person\\\/2dbe3abaee38dcc7332fc8205cd2b15d\",\"name\":\"ELLO TV\",\"image\":{\"@type\":\"ImageObject\",\"inLanguage\":\"pt-BR\",\"@id\":\"https:\\\/\\\/secure.gravatar.com\\\/avatar\\\/c38242b9da8ec217ac3f0aaee31a54f7d7befb11b2b47fdbc8fb0fad60afa1c6?s=96&d=mm&r=g\",\"url\":\"https:\\\/\\\/secure.gravatar.com\\\/avatar\\\/c38242b9da8ec217ac3f0aaee31a54f7d7befb11b2b47fdbc8fb0fad60afa1c6?s=96&d=mm&r=g\",\"contentUrl\":\"https:\\\/\\\/secure.gravatar.com\\\/avatar\\\/c38242b9da8ec217ac3f0aaee31a54f7d7befb11b2b47fdbc8fb0fad60afa1c6?s=96&d=mm&r=g\",\"caption\":\"ELLO TV\"},\"url\":\"https:\\\/\\\/ellotv.com.br\\\/site\\\/author\\\/elloagencia\\\/\"}]}<\/script>\n<!-- \/ Yoast SEO plugin. -->","yoast_head_json":{"title":"\ud83d\udcca Saiu a Pesquisa Datafolha sobre o Governo de Pernambuco! - Ello TV","description":"Levantamento do Instituto Datafolha apresenta \u00edndices de aprova\u00e7\u00e3o e reprova\u00e7\u00e3o do Governo de Pernambuco e funciona como term\u00f4metro da opini\u00e3o p\u00fablica sobre a gest\u00e3o estadual neste momento.","robots":{"index":"index","follow":"follow","max-snippet":"max-snippet:-1","max-image-preview":"max-image-preview:large","max-video-preview":"max-video-preview:-1"},"canonical":"https:\/\/ellotv.com.br\/site\/2026\/02\/06\/\ud83d\udcca-saiu-a-pesquisa-datafolha-sobre-o-governo-de-pernambuco\/","og_locale":"pt_BR","og_type":"article","og_title":"\ud83d\udcca Saiu a Pesquisa Datafolha sobre o Governo de Pernambuco! - Ello TV","og_description":"Levantamento do Instituto Datafolha apresenta \u00edndices de aprova\u00e7\u00e3o e reprova\u00e7\u00e3o do Governo de Pernambuco e funciona como term\u00f4metro da opini\u00e3o p\u00fablica sobre a gest\u00e3o estadual neste momento.","og_url":"https:\/\/ellotv.com.br\/site\/2026\/02\/06\/\ud83d\udcca-saiu-a-pesquisa-datafolha-sobre-o-governo-de-pernambuco\/","og_site_name":"Ello TV","article_published_time":"2026-02-06T11:30:56+00:00","og_image":[{"width":1290,"height":1180,"url":"https:\/\/ellotv.com.br\/site\/wp-content\/uploads\/2026\/02\/WhatsApp-Image-2026-02-06-at-00.23.28.jpeg","type":"image\/jpeg"}],"author":"ELLO TV","twitter_card":"summary_large_image","twitter_misc":{"Escrito por":"ELLO TV"},"schema":{"@context":"https:\/\/schema.org","@graph":[{"@type":"Article","@id":"https:\/\/ellotv.com.br\/site\/2026\/02\/06\/%f0%9f%93%8a-saiu-a-pesquisa-datafolha-sobre-o-governo-de-pernambuco\/#article","isPartOf":{"@id":"https:\/\/ellotv.com.br\/site\/2026\/02\/06\/%f0%9f%93%8a-saiu-a-pesquisa-datafolha-sobre-o-governo-de-pernambuco\/"},"author":{"name":"ELLO TV","@id":"https:\/\/ellotv.com.br\/site\/#\/schema\/person\/2dbe3abaee38dcc7332fc8205cd2b15d"},"headline":"\ud83d\udcca Saiu a Pesquisa Datafolha sobre o Governo de Pernambuco!","datePublished":"2026-02-06T11:30:56+00:00","mainEntityOfPage":{"@id":"https:\/\/ellotv.com.br\/site\/2026\/02\/06\/%f0%9f%93%8a-saiu-a-pesquisa-datafolha-sobre-o-governo-de-pernambuco\/"},"wordCount":85,"commentCount":0,"publisher":{"@id":"https:\/\/ellotv.com.br\/site\/#organization"},"image":{"@id":"https:\/\/ellotv.com.br\/site\/2026\/02\/06\/%f0%9f%93%8a-saiu-a-pesquisa-datafolha-sobre-o-governo-de-pernambuco\/#primaryimage"},"thumbnailUrl":"https:\/\/ellotv.com.br\/site\/wp-content\/uploads\/2026\/02\/WhatsApp-Image-2026-02-06-at-00.23.28.jpeg","articleSection":["Noticias","Regional"],"inLanguage":"pt-BR","potentialAction":[{"@type":"CommentAction","name":"Comment","target":["https:\/\/ellotv.com.br\/site\/2026\/02\/06\/%f0%9f%93%8a-saiu-a-pesquisa-datafolha-sobre-o-governo-de-pernambuco\/#respond"]}]},{"@type":"WebPage","@id":"https:\/\/ellotv.com.br\/site\/2026\/02\/06\/%f0%9f%93%8a-saiu-a-pesquisa-datafolha-sobre-o-governo-de-pernambuco\/","url":"https:\/\/ellotv.com.br\/site\/2026\/02\/06\/%f0%9f%93%8a-saiu-a-pesquisa-datafolha-sobre-o-governo-de-pernambuco\/","name":"\ud83d\udcca Saiu a Pesquisa Datafolha sobre o Governo de Pernambuco! - Ello TV","isPartOf":{"@id":"https:\/\/ellotv.com.br\/site\/#website"},"primaryImageOfPage":{"@id":"https:\/\/ellotv.com.br\/site\/2026\/02\/06\/%f0%9f%93%8a-saiu-a-pesquisa-datafolha-sobre-o-governo-de-pernambuco\/#primaryimage"},"image":{"@id":"https:\/\/ellotv.com.br\/site\/2026\/02\/06\/%f0%9f%93%8a-saiu-a-pesquisa-datafolha-sobre-o-governo-de-pernambuco\/#primaryimage"},"thumbnailUrl":"https:\/\/ellotv.com.br\/site\/wp-content\/uploads\/2026\/02\/WhatsApp-Image-2026-02-06-at-00.23.28.jpeg","datePublished":"2026-02-06T11:30:56+00:00","description":"Levantamento do Instituto Datafolha apresenta \u00edndices de aprova\u00e7\u00e3o e reprova\u00e7\u00e3o do Governo de Pernambuco e funciona como term\u00f4metro da opini\u00e3o p\u00fablica sobre a gest\u00e3o estadual neste momento.","breadcrumb":{"@id":"https:\/\/ellotv.com.br\/site\/2026\/02\/06\/%f0%9f%93%8a-saiu-a-pesquisa-datafolha-sobre-o-governo-de-pernambuco\/#breadcrumb"},"inLanguage":"pt-BR","potentialAction":[{"@type":"ReadAction","target":["https:\/\/ellotv.com.br\/site\/2026\/02\/06\/%f0%9f%93%8a-saiu-a-pesquisa-datafolha-sobre-o-governo-de-pernambuco\/"]}]},{"@type":"ImageObject","inLanguage":"pt-BR","@id":"https:\/\/ellotv.com.br\/site\/2026\/02\/06\/%f0%9f%93%8a-saiu-a-pesquisa-datafolha-sobre-o-governo-de-pernambuco\/#primaryimage","url":"https:\/\/ellotv.com.br\/site\/wp-content\/uploads\/2026\/02\/WhatsApp-Image-2026-02-06-at-00.23.28.jpeg","contentUrl":"https:\/\/ellotv.com.br\/site\/wp-content\/uploads\/2026\/02\/WhatsApp-Image-2026-02-06-at-00.23.28.jpeg","width":1290,"height":1180},{"@type":"BreadcrumbList","@id":"https:\/\/ellotv.com.br\/site\/2026\/02\/06\/%f0%9f%93%8a-saiu-a-pesquisa-datafolha-sobre-o-governo-de-pernambuco\/#breadcrumb","itemListElement":[{"@type":"ListItem","position":1,"name":"In\u00edcio","item":"https:\/\/ellotv.com.br\/site\/"},{"@type":"ListItem","position":2,"name":"\ud83d\udcca Saiu a Pesquisa Datafolha sobre o Governo de Pernambuco!"}]},{"@type":"WebSite","@id":"https:\/\/ellotv.com.br\/site\/#website","url":"https:\/\/ellotv.com.br\/site\/","name":"ELLO TV","description":"","publisher":{"@id":"https:\/\/ellotv.com.br\/site\/#organization"},"potentialAction":[{"@type":"SearchAction","target":{"@type":"EntryPoint","urlTemplate":"https:\/\/ellotv.com.br\/site\/?s={search_term_string}"},"query-input":{"@type":"PropertyValueSpecification","valueRequired":true,"valueName":"search_term_string"}}],"inLanguage":"pt-BR"},{"@type":"Organization","@id":"https:\/\/ellotv.com.br\/site\/#organization","name":"ELLO TV","url":"https:\/\/ellotv.com.br\/site\/","logo":{"@type":"ImageObject","inLanguage":"pt-BR","@id":"https:\/\/ellotv.com.br\/site\/#\/schema\/logo\/image\/","url":"https:\/\/ellotv.com.br\/site\/wp-content\/uploads\/2025\/11\/ello-logo-2.fw_.png","contentUrl":"https:\/\/ellotv.com.br\/site\/wp-content\/uploads\/2025\/11\/ello-logo-2.fw_.png","width":400,"height":146,"caption":"ELLO TV"},"image":{"@id":"https:\/\/ellotv.com.br\/site\/#\/schema\/logo\/image\/"}},{"@type":"Person","@id":"https:\/\/ellotv.com.br\/site\/#\/schema\/person\/2dbe3abaee38dcc7332fc8205cd2b15d","name":"ELLO TV","image":{"@type":"ImageObject","inLanguage":"pt-BR","@id":"https:\/\/secure.gravatar.com\/avatar\/c38242b9da8ec217ac3f0aaee31a54f7d7befb11b2b47fdbc8fb0fad60afa1c6?s=96&d=mm&r=g","url":"https:\/\/secure.gravatar.com\/avatar\/c38242b9da8ec217ac3f0aaee31a54f7d7befb11b2b47fdbc8fb0fad60afa1c6?s=96&d=mm&r=g","contentUrl":"https:\/\/secure.gravatar.com\/avatar\/c38242b9da8ec217ac3f0aaee31a54f7d7befb11b2b47fdbc8fb0fad60afa1c6?s=96&d=mm&r=g","caption":"ELLO TV"},"url":"https:\/\/ellotv.com.br\/site\/author\/elloagencia\/"}]}},"featured_image_urls":{"full":["https:\/\/ellotv.com.br\/site\/wp-content\/uploads\/2026\/02\/WhatsApp-Image-2026-02-06-at-00.23.28.jpeg",1290,1180,false],"thumbnail":["https:\/\/ellotv.com.br\/site\/wp-content\/uploads\/2026\/02\/WhatsApp-Image-2026-02-06-at-00.23.28-150x150.jpeg",150,150,true],"medium":["https:\/\/ellotv.com.br\/site\/wp-content\/uploads\/2026\/02\/WhatsApp-Image-2026-02-06-at-00.23.28-300x274.jpeg",300,274,true],"medium_large":["https:\/\/ellotv.com.br\/site\/wp-content\/uploads\/2026\/02\/WhatsApp-Image-2026-02-06-at-00.23.28-768x703.jpeg",640,586,true],"large":["https:\/\/ellotv.com.br\/site\/wp-content\/uploads\/2026\/02\/WhatsApp-Image-2026-02-06-at-00.23.28-1024x937.jpeg",640,586,true],"1536x1536":["https:\/\/ellotv.com.br\/site\/wp-content\/uploads\/2026\/02\/WhatsApp-Image-2026-02-06-at-00.23.28.jpeg",1290,1180,false],"2048x2048":["https:\/\/ellotv.com.br\/site\/wp-content\/uploads\/2026\/02\/WhatsApp-Image-2026-02-06-at-00.23.28.jpeg",1290,1180,false],"darknews-slider-full":["https:\/\/ellotv.com.br\/site\/wp-content\/uploads\/2026\/02\/WhatsApp-Image-2026-02-06-at-00.23.28-1280x720.jpeg",1280,720,true],"darknews-featured":["https:\/\/ellotv.com.br\/site\/wp-content\/uploads\/2026\/02\/WhatsApp-Image-2026-02-06-at-00.23.28-1024x937.jpeg",1024,937,true],"darknews-medium":["https:\/\/ellotv.com.br\/site\/wp-content\/uploads\/2026\/02\/WhatsApp-Image-2026-02-06-at-00.23.28-720x530.jpeg",720,530,true],"darknews-medium-square":["https:\/\/ellotv.com.br\/site\/wp-content\/uploads\/2026\/02\/WhatsApp-Image-2026-02-06-at-00.23.28-350x350.jpeg",350,350,true]},"author_info":{"info":["ELLO TV"]},"category_info":"<a href=\"https:\/\/ellotv.com.br\/site\/category\/noticias\/\" rel=\"category tag\">Noticias<\/a> <a href=\"https:\/\/ellotv.com.br\/site\/category\/regional\/\" rel=\"category tag\">Regional<\/a>","tag_info":"Regional","comment_count":"0","_links":{"self":[{"href":"https:\/\/ellotv.com.br\/site\/wp-json\/wp\/v2\/posts\/4887","targetHints":{"allow":["GET"]}}],"collection":[{"href":"https:\/\/ellotv.com.br\/site\/wp-json\/wp\/v2\/posts"}],"about":[{"href":"https:\/\/ellotv.com.br\/site\/wp-json\/wp\/v2\/types\/post"}],"author":[{"embeddable":true,"href":"https:\/\/ellotv.com.br\/site\/wp-json\/wp\/v2\/users\/2"}],"replies":[{"embeddable":true,"href":"https:\/\/ellotv.com.br\/site\/wp-json\/wp\/v2\/comments?post=4887"}],"version-history":[{"count":1,"href":"https:\/\/ellotv.com.br\/site\/wp-json\/wp\/v2\/posts\/4887\/revisions"}],"predecessor-version":[{"id":4890,"href":"https:\/\/ellotv.com.br\/site\/wp-json\/wp\/v2\/posts\/4887\/revisions\/4890"}],"wp:featuredmedia":[{"embeddable":true,"href":"https:\/\/ellotv.com.br\/site\/wp-json\/wp\/v2\/media\/4888"}],"wp:attachment":[{"href":"https:\/\/ellotv.com.br\/site\/wp-json\/wp\/v2\/media?parent=4887"}],"wp:term":[{"taxonomy":"category","embeddable":true,"href":"https:\/\/ellotv.com.br\/site\/wp-json\/wp\/v2\/categories?post=4887"},{"taxonomy":"post_tag","embeddable":true,"href":"https:\/\/ellotv.com.br\/site\/wp-json\/wp\/v2\/tags?post=4887"}],"curies":[{"name":"wp","href":"https:\/\/api.w.org\/{rel}","templated":true}]}}