{"id":4891,"date":"2026-02-06T11:29:42","date_gmt":"2026-02-06T14:29:42","guid":{"rendered":"https:\/\/ellotv.com.br\/site\/?p=4891"},"modified":"2026-02-06T11:29:42","modified_gmt":"2026-02-06T14:29:42","slug":"aprovacao-de-raquel-lyra-cresce-e-chega-a-61-aponta-datafolha-cbn","status":"publish","type":"post","link":"https:\/\/ellotv.com.br\/site\/2026\/02\/06\/aprovacao-de-raquel-lyra-cresce-e-chega-a-61-aponta-datafolha-cbn\/","title":{"rendered":"Aprova\u00e7\u00e3o de Raquel Lyra cresce e chega a 61%, aponta Datafolha\/CBN"},"content":{"rendered":"<h2>Levantamento mostra alta de 4 pontos percentuais na avalia\u00e7\u00e3o positiva da governadora; interior do Estado registra maior \u00edndice de aprova\u00e7\u00e3o<\/h2>\n<p data-start=\"339\" data-end=\"546\">A governadora de Pernambuco, <strong data-start=\"368\" data-end=\"389\">Raquel Lyra (PSD)<\/strong>, registrou crescimento em sua avalia\u00e7\u00e3o positiva entre os pernambucanos, segundo a mais recente pesquisa <strong data-start=\"495\" data-end=\"512\">Datafolha\/CBN<\/strong>, divulgada nesta sexta-feira (6).<\/p>\n<p data-start=\"548\" data-end=\"724\">De acordo com o levantamento, a <strong data-start=\"580\" data-end=\"631\">aprova\u00e7\u00e3o do governo subiu 4 pontos percentuais<\/strong> em rela\u00e7\u00e3o ao \u00faltimo resultado, de outubro de 2025, alcan\u00e7ando <strong data-start=\"695\" data-end=\"723\">61% em fevereiro de 2026<\/strong>.<\/p>\n<p data-start=\"726\" data-end=\"896\">J\u00e1 o \u00edndice de <strong data-start=\"741\" data-end=\"778\">desaprova\u00e7\u00e3o caiu de 39% para 34%<\/strong>, enquanto <strong data-start=\"789\" data-end=\"813\">4% dos entrevistados<\/strong> n\u00e3o souberam ou n\u00e3o quiseram opinar sobre a gest\u00e3o da chefe do Executivo estadual.<\/p>\n<h3 data-start=\"903\" data-end=\"926\">Detalhes da pesquisa<\/h3>\n<p data-start=\"928\" data-end=\"1032\">O levantamento foi encomendado pelas r\u00e1dios <strong data-start=\"972\" data-end=\"986\">CBN Recife<\/strong>, <strong data-start=\"988\" data-end=\"1003\">CBN Caruaru<\/strong> e pelo <strong data-start=\"1011\" data-end=\"1031\">Blog do Elielson<\/strong>.<\/p>\n<p data-start=\"1034\" data-end=\"1192\">Ao todo, <strong data-start=\"1043\" data-end=\"1107\">1.022 pessoas foram ouvidas entre os dias 2 e 4 de fevereiro<\/strong>.<br data-start=\"1108\" data-end=\"1111\" \/>A margem de erro \u00e9 de <strong data-start=\"1133\" data-end=\"1157\">3 pontos percentuais<\/strong>, com grau de confian\u00e7a de <strong data-start=\"1184\" data-end=\"1191\">95%<\/strong>.<\/p>\n<h3 data-start=\"1199\" data-end=\"1231\">Interior aprova mais a gest\u00e3o<\/h3>\n<p data-start=\"1233\" data-end=\"1323\">A pesquisa mostra que o desempenho da governadora \u00e9 melhor avaliado no interior do Estado.<\/p>\n<ul>\n<li><strong data-start=\"1327\" data-end=\"1382\">68% dos entrevistados no interior aprovam o governo<\/strong>;<\/li>\n<li data-start=\"1386\" data-end=\"1466\">Na <strong data-start=\"1389\" data-end=\"1429\">Regi\u00e3o Metropolitana do Recife (RMR)<\/strong>, o \u00edndice de aprova\u00e7\u00e3o \u00e9 de <strong data-start=\"1458\" data-end=\"1465\">53%<\/strong>.<\/li>\n<\/ul>\n<h3 data-start=\"1473\" data-end=\"1502\">Avalia\u00e7\u00e3o geral do governo<\/h3>\n<p data-start=\"1504\" data-end=\"1580\">Quando analisados os n\u00edveis de avalia\u00e7\u00e3o da gest\u00e3o, o Datafolha apontou que:<\/p>\n<ul>\n<li data-start=\"1584\" data-end=\"1660\"><strong data-start=\"1584\" data-end=\"1591\">38%<\/strong> consideram o governo \u201c\u00f3timo\u201d ou \u201cbom\u201d (eram 36% em outubro de 2025);<\/li>\n<li data-start=\"1663\" data-end=\"1705\"><strong data-start=\"1663\" data-end=\"1670\">36%<\/strong> avaliam como \u201cregular\u201d (eram 37%);<\/li>\n<li data-start=\"1708\" data-end=\"1764\"><strong data-start=\"1708\" data-end=\"1715\">23%<\/strong> classificam como \u201cruim\u201d ou \u201cp\u00e9ssimo\u201d (ante 24%).<\/li>\n<\/ul>\n<p data-start=\"1766\" data-end=\"1924\">No recorte regional, a soma das avalia\u00e7\u00f5es positivas (\u201c\u00f3timo\u201d e \u201cbom\u201d) chega a <strong data-start=\"1845\" data-end=\"1874\">45% no interior do Estado<\/strong>, enquanto na <strong data-start=\"1888\" data-end=\"1923\">Grande Recife o \u00edndice \u00e9 de 29%<\/strong>.<\/p>\n","protected":false},"excerpt":{"rendered":"<p>Levantamento mostra alta de 4 pontos percentuais na avalia\u00e7\u00e3o positiva da governadora; interior do Estado registra maior \u00edndice<\/p>\n","protected":false},"author":2,"featured_media":4893,"comment_status":"open","ping_status":"open","sticky":false,"template":"","format":"standard","meta":{"footnotes":""},"categories":[12,9],"tags":[],"class_list":["post-4891","post","type-post","status-publish","format-standard","has-post-thumbnail","hentry","category-noticias","category-regional"],"yoast_head":"<!-- This site is optimized with the Yoast SEO plugin v28.3 - https:\/\/yoast.com\/product\/yoast-seo-wordpress\/ -->\n<title>Aprova\u00e7\u00e3o de Raquel Lyra cresce e chega a 61%, aponta Datafolha\/CBN - Ello TV<\/title>\n<meta name=\"description\" content=\"Aprova\u00e7\u00e3o da governadora Raquel Lyra (PSD) sobe para 61%, segundo pesquisa Datafolha\/CBN. Levantamento mostra queda na desaprova\u00e7\u00e3o e maior apoio no interior de Pernambuco.\" \/>\n<meta name=\"robots\" content=\"index, follow, max-snippet:-1, max-image-preview:large, max-video-preview:-1\" \/>\n<link rel=\"canonical\" href=\"https:\/\/ellotv.com.br\/site\/2026\/02\/06\/aprovacao-de-raquel-lyra-cresce-e-chega-a-61-aponta-datafolha-cbn\/\" \/>\n<meta property=\"og:locale\" content=\"pt_BR\" \/>\n<meta property=\"og:type\" content=\"article\" \/>\n<meta property=\"og:title\" content=\"Aprova\u00e7\u00e3o de Raquel Lyra cresce e chega a 61%, aponta Datafolha\/CBN - Ello TV\" \/>\n<meta property=\"og:description\" content=\"Aprova\u00e7\u00e3o da governadora Raquel Lyra (PSD) sobe para 61%, segundo pesquisa Datafolha\/CBN. Levantamento mostra queda na desaprova\u00e7\u00e3o e maior apoio no interior de Pernambuco.\" \/>\n<meta property=\"og:url\" content=\"https:\/\/ellotv.com.br\/site\/2026\/02\/06\/aprovacao-de-raquel-lyra-cresce-e-chega-a-61-aponta-datafolha-cbn\/\" \/>\n<meta property=\"og:site_name\" content=\"Ello TV\" \/>\n<meta property=\"article:published_time\" content=\"2026-02-06T14:29:42+00:00\" \/>\n<meta property=\"og:image\" content=\"https:\/\/ellotv.com.br\/site\/wp-content\/uploads\/2026\/02\/WhatsApp-Image-2026-02-06-at-09.53.23.jpeg\" \/>\n\t<meta property=\"og:image:width\" content=\"1024\" \/>\n\t<meta property=\"og:image:height\" content=\"1536\" \/>\n\t<meta property=\"og:image:type\" content=\"image\/jpeg\" \/>\n<meta name=\"author\" content=\"ELLO TV\" \/>\n<meta name=\"twitter:card\" content=\"summary_large_image\" \/>\n<meta name=\"twitter:label1\" content=\"Escrito por\" \/>\n\t<meta name=\"twitter:data1\" content=\"ELLO TV\" \/>\n\t<meta name=\"twitter:label2\" content=\"Est. tempo de leitura\" \/>\n\t<meta name=\"twitter:data2\" content=\"1 minuto\" \/>\n<script type=\"application\/ld+json\" class=\"yoast-schema-graph\">{\"@context\":\"https:\\\/\\\/schema.org\",\"@graph\":[{\"@type\":\"Article\",\"@id\":\"https:\\\/\\\/ellotv.com.br\\\/site\\\/2026\\\/02\\\/06\\\/aprovacao-de-raquel-lyra-cresce-e-chega-a-61-aponta-datafolha-cbn\\\/#article\",\"isPartOf\":{\"@id\":\"https:\\\/\\\/ellotv.com.br\\\/site\\\/2026\\\/02\\\/06\\\/aprovacao-de-raquel-lyra-cresce-e-chega-a-61-aponta-datafolha-cbn\\\/\"},\"author\":{\"name\":\"ELLO TV\",\"@id\":\"https:\\\/\\\/ellotv.com.br\\\/site\\\/#\\\/schema\\\/person\\\/2dbe3abaee38dcc7332fc8205cd2b15d\"},\"headline\":\"Aprova\u00e7\u00e3o de Raquel Lyra cresce e chega a 61%, aponta Datafolha\\\/CBN\",\"datePublished\":\"2026-02-06T14:29:42+00:00\",\"mainEntityOfPage\":{\"@id\":\"https:\\\/\\\/ellotv.com.br\\\/site\\\/2026\\\/02\\\/06\\\/aprovacao-de-raquel-lyra-cresce-e-chega-a-61-aponta-datafolha-cbn\\\/\"},\"wordCount\":265,\"commentCount\":0,\"publisher\":{\"@id\":\"https:\\\/\\\/ellotv.com.br\\\/site\\\/#organization\"},\"image\":{\"@id\":\"https:\\\/\\\/ellotv.com.br\\\/site\\\/2026\\\/02\\\/06\\\/aprovacao-de-raquel-lyra-cresce-e-chega-a-61-aponta-datafolha-cbn\\\/#primaryimage\"},\"thumbnailUrl\":\"https:\\\/\\\/ellotv.com.br\\\/site\\\/wp-content\\\/uploads\\\/2026\\\/02\\\/WhatsApp-Image-2026-02-06-at-09.53.23.jpeg\",\"articleSection\":[\"Noticias\",\"Regional\"],\"inLanguage\":\"pt-BR\",\"potentialAction\":[{\"@type\":\"CommentAction\",\"name\":\"Comment\",\"target\":[\"https:\\\/\\\/ellotv.com.br\\\/site\\\/2026\\\/02\\\/06\\\/aprovacao-de-raquel-lyra-cresce-e-chega-a-61-aponta-datafolha-cbn\\\/#respond\"]}]},{\"@type\":\"WebPage\",\"@id\":\"https:\\\/\\\/ellotv.com.br\\\/site\\\/2026\\\/02\\\/06\\\/aprovacao-de-raquel-lyra-cresce-e-chega-a-61-aponta-datafolha-cbn\\\/\",\"url\":\"https:\\\/\\\/ellotv.com.br\\\/site\\\/2026\\\/02\\\/06\\\/aprovacao-de-raquel-lyra-cresce-e-chega-a-61-aponta-datafolha-cbn\\\/\",\"name\":\"Aprova\u00e7\u00e3o de Raquel Lyra cresce e chega a 61%, aponta Datafolha\\\/CBN - Ello TV\",\"isPartOf\":{\"@id\":\"https:\\\/\\\/ellotv.com.br\\\/site\\\/#website\"},\"primaryImageOfPage\":{\"@id\":\"https:\\\/\\\/ellotv.com.br\\\/site\\\/2026\\\/02\\\/06\\\/aprovacao-de-raquel-lyra-cresce-e-chega-a-61-aponta-datafolha-cbn\\\/#primaryimage\"},\"image\":{\"@id\":\"https:\\\/\\\/ellotv.com.br\\\/site\\\/2026\\\/02\\\/06\\\/aprovacao-de-raquel-lyra-cresce-e-chega-a-61-aponta-datafolha-cbn\\\/#primaryimage\"},\"thumbnailUrl\":\"https:\\\/\\\/ellotv.com.br\\\/site\\\/wp-content\\\/uploads\\\/2026\\\/02\\\/WhatsApp-Image-2026-02-06-at-09.53.23.jpeg\",\"datePublished\":\"2026-02-06T14:29:42+00:00\",\"description\":\"Aprova\u00e7\u00e3o da governadora Raquel Lyra (PSD) sobe para 61%, segundo pesquisa Datafolha\\\/CBN. Levantamento mostra queda na desaprova\u00e7\u00e3o e maior apoio no interior de Pernambuco.\",\"breadcrumb\":{\"@id\":\"https:\\\/\\\/ellotv.com.br\\\/site\\\/2026\\\/02\\\/06\\\/aprovacao-de-raquel-lyra-cresce-e-chega-a-61-aponta-datafolha-cbn\\\/#breadcrumb\"},\"inLanguage\":\"pt-BR\",\"potentialAction\":[{\"@type\":\"ReadAction\",\"target\":[\"https:\\\/\\\/ellotv.com.br\\\/site\\\/2026\\\/02\\\/06\\\/aprovacao-de-raquel-lyra-cresce-e-chega-a-61-aponta-datafolha-cbn\\\/\"]}]},{\"@type\":\"ImageObject\",\"inLanguage\":\"pt-BR\",\"@id\":\"https:\\\/\\\/ellotv.com.br\\\/site\\\/2026\\\/02\\\/06\\\/aprovacao-de-raquel-lyra-cresce-e-chega-a-61-aponta-datafolha-cbn\\\/#primaryimage\",\"url\":\"https:\\\/\\\/ellotv.com.br\\\/site\\\/wp-content\\\/uploads\\\/2026\\\/02\\\/WhatsApp-Image-2026-02-06-at-09.53.23.jpeg\",\"contentUrl\":\"https:\\\/\\\/ellotv.com.br\\\/site\\\/wp-content\\\/uploads\\\/2026\\\/02\\\/WhatsApp-Image-2026-02-06-at-09.53.23.jpeg\",\"width\":1024,\"height\":1536},{\"@type\":\"BreadcrumbList\",\"@id\":\"https:\\\/\\\/ellotv.com.br\\\/site\\\/2026\\\/02\\\/06\\\/aprovacao-de-raquel-lyra-cresce-e-chega-a-61-aponta-datafolha-cbn\\\/#breadcrumb\",\"itemListElement\":[{\"@type\":\"ListItem\",\"position\":1,\"name\":\"In\u00edcio\",\"item\":\"https:\\\/\\\/ellotv.com.br\\\/site\\\/\"},{\"@type\":\"ListItem\",\"position\":2,\"name\":\"Aprova\u00e7\u00e3o de Raquel Lyra cresce e chega a 61%, aponta Datafolha\\\/CBN\"}]},{\"@type\":\"WebSite\",\"@id\":\"https:\\\/\\\/ellotv.com.br\\\/site\\\/#website\",\"url\":\"https:\\\/\\\/ellotv.com.br\\\/site\\\/\",\"name\":\"ELLO TV\",\"description\":\"\",\"publisher\":{\"@id\":\"https:\\\/\\\/ellotv.com.br\\\/site\\\/#organization\"},\"potentialAction\":[{\"@type\":\"SearchAction\",\"target\":{\"@type\":\"EntryPoint\",\"urlTemplate\":\"https:\\\/\\\/ellotv.com.br\\\/site\\\/?s={search_term_string}\"},\"query-input\":{\"@type\":\"PropertyValueSpecification\",\"valueRequired\":true,\"valueName\":\"search_term_string\"}}],\"inLanguage\":\"pt-BR\"},{\"@type\":\"Organization\",\"@id\":\"https:\\\/\\\/ellotv.com.br\\\/site\\\/#organization\",\"name\":\"ELLO TV\",\"url\":\"https:\\\/\\\/ellotv.com.br\\\/site\\\/\",\"logo\":{\"@type\":\"ImageObject\",\"inLanguage\":\"pt-BR\",\"@id\":\"https:\\\/\\\/ellotv.com.br\\\/site\\\/#\\\/schema\\\/logo\\\/image\\\/\",\"url\":\"https:\\\/\\\/ellotv.com.br\\\/site\\\/wp-content\\\/uploads\\\/2025\\\/11\\\/ello-logo-2.fw_.png\",\"contentUrl\":\"https:\\\/\\\/ellotv.com.br\\\/site\\\/wp-content\\\/uploads\\\/2025\\\/11\\\/ello-logo-2.fw_.png\",\"width\":400,\"height\":146,\"caption\":\"ELLO TV\"},\"image\":{\"@id\":\"https:\\\/\\\/ellotv.com.br\\\/site\\\/#\\\/schema\\\/logo\\\/image\\\/\"}},{\"@type\":\"Person\",\"@id\":\"https:\\\/\\\/ellotv.com.br\\\/site\\\/#\\\/schema\\\/person\\\/2dbe3abaee38dcc7332fc8205cd2b15d\",\"name\":\"ELLO TV\",\"image\":{\"@type\":\"ImageObject\",\"inLanguage\":\"pt-BR\",\"@id\":\"https:\\\/\\\/secure.gravatar.com\\\/avatar\\\/c38242b9da8ec217ac3f0aaee31a54f7d7befb11b2b47fdbc8fb0fad60afa1c6?s=96&d=mm&r=g\",\"url\":\"https:\\\/\\\/secure.gravatar.com\\\/avatar\\\/c38242b9da8ec217ac3f0aaee31a54f7d7befb11b2b47fdbc8fb0fad60afa1c6?s=96&d=mm&r=g\",\"contentUrl\":\"https:\\\/\\\/secure.gravatar.com\\\/avatar\\\/c38242b9da8ec217ac3f0aaee31a54f7d7befb11b2b47fdbc8fb0fad60afa1c6?s=96&d=mm&r=g\",\"caption\":\"ELLO TV\"},\"url\":\"https:\\\/\\\/ellotv.com.br\\\/site\\\/author\\\/elloagencia\\\/\"}]}<\/script>\n<!-- \/ Yoast SEO plugin. -->","yoast_head_json":{"title":"Aprova\u00e7\u00e3o de Raquel Lyra cresce e chega a 61%, aponta Datafolha\/CBN - Ello TV","description":"Aprova\u00e7\u00e3o da governadora Raquel Lyra (PSD) sobe para 61%, segundo pesquisa Datafolha\/CBN. Levantamento mostra queda na desaprova\u00e7\u00e3o e maior apoio no interior de Pernambuco.","robots":{"index":"index","follow":"follow","max-snippet":"max-snippet:-1","max-image-preview":"max-image-preview:large","max-video-preview":"max-video-preview:-1"},"canonical":"https:\/\/ellotv.com.br\/site\/2026\/02\/06\/aprovacao-de-raquel-lyra-cresce-e-chega-a-61-aponta-datafolha-cbn\/","og_locale":"pt_BR","og_type":"article","og_title":"Aprova\u00e7\u00e3o de Raquel Lyra cresce e chega a 61%, aponta Datafolha\/CBN - Ello TV","og_description":"Aprova\u00e7\u00e3o da governadora Raquel Lyra (PSD) sobe para 61%, segundo pesquisa Datafolha\/CBN. Levantamento mostra queda na desaprova\u00e7\u00e3o e maior apoio no interior de Pernambuco.","og_url":"https:\/\/ellotv.com.br\/site\/2026\/02\/06\/aprovacao-de-raquel-lyra-cresce-e-chega-a-61-aponta-datafolha-cbn\/","og_site_name":"Ello TV","article_published_time":"2026-02-06T14:29:42+00:00","og_image":[{"width":1024,"height":1536,"url":"https:\/\/ellotv.com.br\/site\/wp-content\/uploads\/2026\/02\/WhatsApp-Image-2026-02-06-at-09.53.23.jpeg","type":"image\/jpeg"}],"author":"ELLO TV","twitter_card":"summary_large_image","twitter_misc":{"Escrito por":"ELLO TV","Est. tempo de leitura":"1 minuto"},"schema":{"@context":"https:\/\/schema.org","@graph":[{"@type":"Article","@id":"https:\/\/ellotv.com.br\/site\/2026\/02\/06\/aprovacao-de-raquel-lyra-cresce-e-chega-a-61-aponta-datafolha-cbn\/#article","isPartOf":{"@id":"https:\/\/ellotv.com.br\/site\/2026\/02\/06\/aprovacao-de-raquel-lyra-cresce-e-chega-a-61-aponta-datafolha-cbn\/"},"author":{"name":"ELLO TV","@id":"https:\/\/ellotv.com.br\/site\/#\/schema\/person\/2dbe3abaee38dcc7332fc8205cd2b15d"},"headline":"Aprova\u00e7\u00e3o de Raquel Lyra cresce e chega a 61%, aponta Datafolha\/CBN","datePublished":"2026-02-06T14:29:42+00:00","mainEntityOfPage":{"@id":"https:\/\/ellotv.com.br\/site\/2026\/02\/06\/aprovacao-de-raquel-lyra-cresce-e-chega-a-61-aponta-datafolha-cbn\/"},"wordCount":265,"commentCount":0,"publisher":{"@id":"https:\/\/ellotv.com.br\/site\/#organization"},"image":{"@id":"https:\/\/ellotv.com.br\/site\/2026\/02\/06\/aprovacao-de-raquel-lyra-cresce-e-chega-a-61-aponta-datafolha-cbn\/#primaryimage"},"thumbnailUrl":"https:\/\/ellotv.com.br\/site\/wp-content\/uploads\/2026\/02\/WhatsApp-Image-2026-02-06-at-09.53.23.jpeg","articleSection":["Noticias","Regional"],"inLanguage":"pt-BR","potentialAction":[{"@type":"CommentAction","name":"Comment","target":["https:\/\/ellotv.com.br\/site\/2026\/02\/06\/aprovacao-de-raquel-lyra-cresce-e-chega-a-61-aponta-datafolha-cbn\/#respond"]}]},{"@type":"WebPage","@id":"https:\/\/ellotv.com.br\/site\/2026\/02\/06\/aprovacao-de-raquel-lyra-cresce-e-chega-a-61-aponta-datafolha-cbn\/","url":"https:\/\/ellotv.com.br\/site\/2026\/02\/06\/aprovacao-de-raquel-lyra-cresce-e-chega-a-61-aponta-datafolha-cbn\/","name":"Aprova\u00e7\u00e3o de Raquel Lyra cresce e chega a 61%, aponta Datafolha\/CBN - Ello TV","isPartOf":{"@id":"https:\/\/ellotv.com.br\/site\/#website"},"primaryImageOfPage":{"@id":"https:\/\/ellotv.com.br\/site\/2026\/02\/06\/aprovacao-de-raquel-lyra-cresce-e-chega-a-61-aponta-datafolha-cbn\/#primaryimage"},"image":{"@id":"https:\/\/ellotv.com.br\/site\/2026\/02\/06\/aprovacao-de-raquel-lyra-cresce-e-chega-a-61-aponta-datafolha-cbn\/#primaryimage"},"thumbnailUrl":"https:\/\/ellotv.com.br\/site\/wp-content\/uploads\/2026\/02\/WhatsApp-Image-2026-02-06-at-09.53.23.jpeg","datePublished":"2026-02-06T14:29:42+00:00","description":"Aprova\u00e7\u00e3o da governadora Raquel Lyra (PSD) sobe para 61%, segundo pesquisa Datafolha\/CBN. Levantamento mostra queda na desaprova\u00e7\u00e3o e maior apoio no interior de Pernambuco.","breadcrumb":{"@id":"https:\/\/ellotv.com.br\/site\/2026\/02\/06\/aprovacao-de-raquel-lyra-cresce-e-chega-a-61-aponta-datafolha-cbn\/#breadcrumb"},"inLanguage":"pt-BR","potentialAction":[{"@type":"ReadAction","target":["https:\/\/ellotv.com.br\/site\/2026\/02\/06\/aprovacao-de-raquel-lyra-cresce-e-chega-a-61-aponta-datafolha-cbn\/"]}]},{"@type":"ImageObject","inLanguage":"pt-BR","@id":"https:\/\/ellotv.com.br\/site\/2026\/02\/06\/aprovacao-de-raquel-lyra-cresce-e-chega-a-61-aponta-datafolha-cbn\/#primaryimage","url":"https:\/\/ellotv.com.br\/site\/wp-content\/uploads\/2026\/02\/WhatsApp-Image-2026-02-06-at-09.53.23.jpeg","contentUrl":"https:\/\/ellotv.com.br\/site\/wp-content\/uploads\/2026\/02\/WhatsApp-Image-2026-02-06-at-09.53.23.jpeg","width":1024,"height":1536},{"@type":"BreadcrumbList","@id":"https:\/\/ellotv.com.br\/site\/2026\/02\/06\/aprovacao-de-raquel-lyra-cresce-e-chega-a-61-aponta-datafolha-cbn\/#breadcrumb","itemListElement":[{"@type":"ListItem","position":1,"name":"In\u00edcio","item":"https:\/\/ellotv.com.br\/site\/"},{"@type":"ListItem","position":2,"name":"Aprova\u00e7\u00e3o de Raquel Lyra cresce e chega a 61%, aponta Datafolha\/CBN"}]},{"@type":"WebSite","@id":"https:\/\/ellotv.com.br\/site\/#website","url":"https:\/\/ellotv.com.br\/site\/","name":"ELLO TV","description":"","publisher":{"@id":"https:\/\/ellotv.com.br\/site\/#organization"},"potentialAction":[{"@type":"SearchAction","target":{"@type":"EntryPoint","urlTemplate":"https:\/\/ellotv.com.br\/site\/?s={search_term_string}"},"query-input":{"@type":"PropertyValueSpecification","valueRequired":true,"valueName":"search_term_string"}}],"inLanguage":"pt-BR"},{"@type":"Organization","@id":"https:\/\/ellotv.com.br\/site\/#organization","name":"ELLO TV","url":"https:\/\/ellotv.com.br\/site\/","logo":{"@type":"ImageObject","inLanguage":"pt-BR","@id":"https:\/\/ellotv.com.br\/site\/#\/schema\/logo\/image\/","url":"https:\/\/ellotv.com.br\/site\/wp-content\/uploads\/2025\/11\/ello-logo-2.fw_.png","contentUrl":"https:\/\/ellotv.com.br\/site\/wp-content\/uploads\/2025\/11\/ello-logo-2.fw_.png","width":400,"height":146,"caption":"ELLO TV"},"image":{"@id":"https:\/\/ellotv.com.br\/site\/#\/schema\/logo\/image\/"}},{"@type":"Person","@id":"https:\/\/ellotv.com.br\/site\/#\/schema\/person\/2dbe3abaee38dcc7332fc8205cd2b15d","name":"ELLO TV","image":{"@type":"ImageObject","inLanguage":"pt-BR","@id":"https:\/\/secure.gravatar.com\/avatar\/c38242b9da8ec217ac3f0aaee31a54f7d7befb11b2b47fdbc8fb0fad60afa1c6?s=96&d=mm&r=g","url":"https:\/\/secure.gravatar.com\/avatar\/c38242b9da8ec217ac3f0aaee31a54f7d7befb11b2b47fdbc8fb0fad60afa1c6?s=96&d=mm&r=g","contentUrl":"https:\/\/secure.gravatar.com\/avatar\/c38242b9da8ec217ac3f0aaee31a54f7d7befb11b2b47fdbc8fb0fad60afa1c6?s=96&d=mm&r=g","caption":"ELLO TV"},"url":"https:\/\/ellotv.com.br\/site\/author\/elloagencia\/"}]}},"featured_image_urls":{"full":["https:\/\/ellotv.com.br\/site\/wp-content\/uploads\/2026\/02\/WhatsApp-Image-2026-02-06-at-09.53.23.jpeg",1024,1536,false],"thumbnail":["https:\/\/ellotv.com.br\/site\/wp-content\/uploads\/2026\/02\/WhatsApp-Image-2026-02-06-at-09.53.23-150x150.jpeg",150,150,true],"medium":["https:\/\/ellotv.com.br\/site\/wp-content\/uploads\/2026\/02\/WhatsApp-Image-2026-02-06-at-09.53.23-200x300.jpeg",200,300,true],"medium_large":["https:\/\/ellotv.com.br\/site\/wp-content\/uploads\/2026\/02\/WhatsApp-Image-2026-02-06-at-09.53.23-768x1152.jpeg",640,960,true],"large":["https:\/\/ellotv.com.br\/site\/wp-content\/uploads\/2026\/02\/WhatsApp-Image-2026-02-06-at-09.53.23-683x1024.jpeg",640,960,true],"1536x1536":["https:\/\/ellotv.com.br\/site\/wp-content\/uploads\/2026\/02\/WhatsApp-Image-2026-02-06-at-09.53.23.jpeg",1024,1536,false],"2048x2048":["https:\/\/ellotv.com.br\/site\/wp-content\/uploads\/2026\/02\/WhatsApp-Image-2026-02-06-at-09.53.23.jpeg",1024,1536,false],"darknews-slider-full":["https:\/\/ellotv.com.br\/site\/wp-content\/uploads\/2026\/02\/WhatsApp-Image-2026-02-06-at-09.53.23-1024x720.jpeg",1024,720,true],"darknews-featured":["https:\/\/ellotv.com.br\/site\/wp-content\/uploads\/2026\/02\/WhatsApp-Image-2026-02-06-at-09.53.23.jpeg",1024,1536,false],"darknews-medium":["https:\/\/ellotv.com.br\/site\/wp-content\/uploads\/2026\/02\/WhatsApp-Image-2026-02-06-at-09.53.23-720x530.jpeg",720,530,true],"darknews-medium-square":["https:\/\/ellotv.com.br\/site\/wp-content\/uploads\/2026\/02\/WhatsApp-Image-2026-02-06-at-09.53.23-350x350.jpeg",350,350,true]},"author_info":{"info":["ELLO TV"]},"category_info":"<a href=\"https:\/\/ellotv.com.br\/site\/category\/noticias\/\" rel=\"category tag\">Noticias<\/a> <a href=\"https:\/\/ellotv.com.br\/site\/category\/regional\/\" rel=\"category tag\">Regional<\/a>","tag_info":"Regional","comment_count":"0","_links":{"self":[{"href":"https:\/\/ellotv.com.br\/site\/wp-json\/wp\/v2\/posts\/4891","targetHints":{"allow":["GET"]}}],"collection":[{"href":"https:\/\/ellotv.com.br\/site\/wp-json\/wp\/v2\/posts"}],"about":[{"href":"https:\/\/ellotv.com.br\/site\/wp-json\/wp\/v2\/types\/post"}],"author":[{"embeddable":true,"href":"https:\/\/ellotv.com.br\/site\/wp-json\/wp\/v2\/users\/2"}],"replies":[{"embeddable":true,"href":"https:\/\/ellotv.com.br\/site\/wp-json\/wp\/v2\/comments?post=4891"}],"version-history":[{"count":9,"href":"https:\/\/ellotv.com.br\/site\/wp-json\/wp\/v2\/posts\/4891\/revisions"}],"predecessor-version":[{"id":4901,"href":"https:\/\/ellotv.com.br\/site\/wp-json\/wp\/v2\/posts\/4891\/revisions\/4901"}],"wp:featuredmedia":[{"embeddable":true,"href":"https:\/\/ellotv.com.br\/site\/wp-json\/wp\/v2\/media\/4893"}],"wp:attachment":[{"href":"https:\/\/ellotv.com.br\/site\/wp-json\/wp\/v2\/media?parent=4891"}],"wp:term":[{"taxonomy":"category","embeddable":true,"href":"https:\/\/ellotv.com.br\/site\/wp-json\/wp\/v2\/categories?post=4891"},{"taxonomy":"post_tag","embeddable":true,"href":"https:\/\/ellotv.com.br\/site\/wp-json\/wp\/v2\/tags?post=4891"}],"curies":[{"name":"wp","href":"https:\/\/api.w.org\/{rel}","templated":true}]}}