{"id":4902,"date":"2026-02-06T11:33:55","date_gmt":"2026-02-06T14:33:55","guid":{"rendered":"https:\/\/ellotv.com.br\/site\/?p=4902"},"modified":"2026-02-06T11:33:55","modified_gmt":"2026-02-06T14:33:55","slug":"uniao-europeia-acusa-tiktok-de-usar-design-viciante-para-criancas-e-aponta-possivel-violacao","status":"publish","type":"post","link":"https:\/\/ellotv.com.br\/site\/2026\/02\/06\/uniao-europeia-acusa-tiktok-de-usar-design-viciante-para-criancas-e-aponta-possivel-violacao\/","title":{"rendered":"Uni\u00e3o Europeia acusa TikTok de usar \u201cdesign viciante\u201d para crian\u00e7as e aponta poss\u00edvel viola\u00e7\u00e3o"},"content":{"rendered":"<h2 data-start=\"167\" data-end=\"297\">Comiss\u00e3o Europeia afirma que recursos como rolagem infinita e reprodu\u00e7\u00e3o autom\u00e1tica podem estimular uso excessivo da plataforma<\/h2>\n<p data-start=\"299\" data-end=\"555\">A Comiss\u00e3o Europeia, bra\u00e7o executivo da Uni\u00e3o Europeia, acusou nesta sexta-feira (6) o TikTok de violar as regras digitais do bloco ao utilizar recursos considerados de \u201cdesign viciante\u201d, como a reprodu\u00e7\u00e3o autom\u00e1tica de v\u00eddeos e a rolagem infinita do feed.<\/p>\n<p data-start=\"557\" data-end=\"706\">As acusa\u00e7\u00f5es fazem parte de conclus\u00f5es preliminares de uma investiga\u00e7\u00e3o conduzida com base na <strong data-start=\"651\" data-end=\"705\">Lei de Servi\u00e7os Digitais (DSA, na sigla em ingl\u00eas)<\/strong>.<\/p>\n<h3 data-start=\"713\" data-end=\"767\">Impacto na sa\u00fade de crian\u00e7as e usu\u00e1rios vulner\u00e1veis<\/h3>\n<p data-start=\"769\" data-end=\"991\">De acordo com os reguladores europeus, o TikTok n\u00e3o teria feito o suficiente para avaliar os impactos dessas funcionalidades na sa\u00fade f\u00edsica e mental dos usu\u00e1rios, especialmente crian\u00e7as e adultos considerados vulner\u00e1veis.<\/p>\n<p data-start=\"993\" data-end=\"1120\">Para a Comiss\u00e3o, esses mecanismos podem estimular o uso excessivo da plataforma, criando padr\u00f5es de comportamento prejudiciais.<\/p>\n<p data-start=\"1122\" data-end=\"1364\">Diante das evid\u00eancias levantadas, a Uni\u00e3o Europeia avalia que o TikTok precisaria rever o \u201cdesign b\u00e1sico\u201d do servi\u00e7o para se adequar \u00e0s exig\u00eancias da legisla\u00e7\u00e3o, que imp\u00f5e medidas mais rigorosas de prote\u00e7\u00e3o aos usu\u00e1rios e mitiga\u00e7\u00e3o de riscos.<\/p>\n<h3 data-start=\"1371\" data-end=\"1412\">O que prev\u00ea a Lei de Servi\u00e7os Digitais<\/h3>\n<p data-start=\"1414\" data-end=\"1554\">A Lei de Servi\u00e7os Digitais estabelece uma s\u00e9rie de responsabilidades \u00e0s empresas de tecnologia que operam no territ\u00f3rio europeu, entre elas:<\/p>\n<ul>\n<li data-start=\"1558\" data-end=\"1587\">Transpar\u00eancia nos algoritmos;<\/li>\n<li data-start=\"1590\" data-end=\"1625\">Controle de conte\u00fados prejudiciais;<\/li>\n<li data-start=\"1628\" data-end=\"1684\">Medidas efetivas de prote\u00e7\u00e3o ao p\u00fablico mais vulner\u00e1vel.<\/li>\n<\/ul>\n<p data-start=\"1686\" data-end=\"1791\">O descumprimento das normas pode resultar em multas de at\u00e9 <strong data-start=\"1745\" data-end=\"1790\">6% do faturamento anual global da empresa<\/strong>.<\/p>\n<h3 data-start=\"1798\" data-end=\"1822\">TikTok nega acusa\u00e7\u00f5es<\/h3>\n<p data-start=\"1824\" data-end=\"1960\">Em nota, o TikTok negou as acusa\u00e7\u00f5es e classificou as conclus\u00f5es preliminares como \u201ccategoricamente falsas e totalmente sem fundamento\u201d.<\/p>\n<p data-start=\"1962\" data-end=\"2089\">A empresa afirmou ainda que tomar\u00e1 todas as medidas necess\u00e1rias para contestar a decis\u00e3o por todos os meios legais dispon\u00edveis.<\/p>\n<p data-start=\"2091\" data-end=\"2326\">Agora, a plataforma ter\u00e1 a oportunidade de responder formalmente \u00e0s conclus\u00f5es da Comiss\u00e3o Europeia. O processo ainda pode evoluir para uma decis\u00e3o definitiva de descumprimento das regras, com eventual aplica\u00e7\u00e3o de san\u00e7\u00f5es financeiras.<\/p>\n","protected":false},"excerpt":{"rendered":"<p>Comiss\u00e3o Europeia afirma que recursos como rolagem infinita e reprodu\u00e7\u00e3o autom\u00e1tica podem estimular uso excessivo da plataforma A<\/p>\n","protected":false},"author":2,"featured_media":4904,"comment_status":"open","ping_status":"open","sticky":false,"template":"","format":"standard","meta":{"footnotes":""},"categories":[10,12],"tags":[],"class_list":["post-4902","post","type-post","status-publish","format-standard","has-post-thumbnail","hentry","category-mundo","category-noticias"],"yoast_head":"<!-- This site is optimized with the Yoast SEO plugin v28.3 - https:\/\/yoast.com\/product\/yoast-seo-wordpress\/ -->\n<title>Uni\u00e3o Europeia acusa TikTok de usar \u201cdesign viciante\u201d para crian\u00e7as e aponta poss\u00edvel viola\u00e7\u00e3o - Ello TV<\/title>\n<meta name=\"description\" content=\"Uni\u00e3o Europeia acusa TikTok de usar recursos considerados \u201cviciantes\u201d, como rolagem infinita e reprodu\u00e7\u00e3o autom\u00e1tica, e aponta poss\u00edvel viola\u00e7\u00e3o da Lei de Servi\u00e7os Digitais. Plataforma nega irregularidades.\" \/>\n<meta name=\"robots\" content=\"index, follow, max-snippet:-1, max-image-preview:large, max-video-preview:-1\" \/>\n<link rel=\"canonical\" href=\"https:\/\/ellotv.com.br\/site\/2026\/02\/06\/uniao-europeia-acusa-tiktok-de-usar-design-viciante-para-criancas-e-aponta-possivel-violacao\/\" \/>\n<meta property=\"og:locale\" content=\"pt_BR\" \/>\n<meta property=\"og:type\" content=\"article\" \/>\n<meta property=\"og:title\" content=\"Uni\u00e3o Europeia acusa TikTok de usar \u201cdesign viciante\u201d para crian\u00e7as e aponta poss\u00edvel viola\u00e7\u00e3o - Ello TV\" \/>\n<meta property=\"og:description\" content=\"Uni\u00e3o Europeia acusa TikTok de usar recursos considerados \u201cviciantes\u201d, como rolagem infinita e reprodu\u00e7\u00e3o autom\u00e1tica, e aponta poss\u00edvel viola\u00e7\u00e3o da Lei de Servi\u00e7os Digitais. Plataforma nega irregularidades.\" \/>\n<meta property=\"og:url\" content=\"https:\/\/ellotv.com.br\/site\/2026\/02\/06\/uniao-europeia-acusa-tiktok-de-usar-design-viciante-para-criancas-e-aponta-possivel-violacao\/\" \/>\n<meta property=\"og:site_name\" content=\"Ello TV\" \/>\n<meta property=\"article:published_time\" content=\"2026-02-06T14:33:55+00:00\" \/>\n<meta property=\"og:image\" content=\"https:\/\/ellotv.com.br\/site\/wp-content\/uploads\/2026\/02\/WhatsApp-Image-2026-02-06-at-10.08.46.jpeg\" \/>\n\t<meta property=\"og:image:width\" content=\"1024\" \/>\n\t<meta property=\"og:image:height\" content=\"682\" \/>\n\t<meta property=\"og:image:type\" content=\"image\/jpeg\" \/>\n<meta name=\"author\" content=\"ELLO TV\" \/>\n<meta name=\"twitter:card\" content=\"summary_large_image\" \/>\n<meta name=\"twitter:label1\" content=\"Escrito por\" \/>\n\t<meta name=\"twitter:data1\" content=\"ELLO TV\" \/>\n\t<meta name=\"twitter:label2\" content=\"Est. tempo de leitura\" \/>\n\t<meta name=\"twitter:data2\" content=\"2 minutos\" \/>\n<script type=\"application\/ld+json\" class=\"yoast-schema-graph\">{\"@context\":\"https:\\\/\\\/schema.org\",\"@graph\":[{\"@type\":\"Article\",\"@id\":\"https:\\\/\\\/ellotv.com.br\\\/site\\\/2026\\\/02\\\/06\\\/uniao-europeia-acusa-tiktok-de-usar-design-viciante-para-criancas-e-aponta-possivel-violacao\\\/#article\",\"isPartOf\":{\"@id\":\"https:\\\/\\\/ellotv.com.br\\\/site\\\/2026\\\/02\\\/06\\\/uniao-europeia-acusa-tiktok-de-usar-design-viciante-para-criancas-e-aponta-possivel-violacao\\\/\"},\"author\":{\"name\":\"ELLO TV\",\"@id\":\"https:\\\/\\\/ellotv.com.br\\\/site\\\/#\\\/schema\\\/person\\\/2dbe3abaee38dcc7332fc8205cd2b15d\"},\"headline\":\"Uni\u00e3o Europeia acusa TikTok de usar \u201cdesign viciante\u201d para crian\u00e7as e aponta poss\u00edvel viola\u00e7\u00e3o\",\"datePublished\":\"2026-02-06T14:33:55+00:00\",\"mainEntityOfPage\":{\"@id\":\"https:\\\/\\\/ellotv.com.br\\\/site\\\/2026\\\/02\\\/06\\\/uniao-europeia-acusa-tiktok-de-usar-design-viciante-para-criancas-e-aponta-possivel-violacao\\\/\"},\"wordCount\":383,\"commentCount\":0,\"publisher\":{\"@id\":\"https:\\\/\\\/ellotv.com.br\\\/site\\\/#organization\"},\"image\":{\"@id\":\"https:\\\/\\\/ellotv.com.br\\\/site\\\/2026\\\/02\\\/06\\\/uniao-europeia-acusa-tiktok-de-usar-design-viciante-para-criancas-e-aponta-possivel-violacao\\\/#primaryimage\"},\"thumbnailUrl\":\"https:\\\/\\\/ellotv.com.br\\\/site\\\/wp-content\\\/uploads\\\/2026\\\/02\\\/WhatsApp-Image-2026-02-06-at-10.08.46.jpeg\",\"articleSection\":[\"Mundo\",\"Noticias\"],\"inLanguage\":\"pt-BR\",\"potentialAction\":[{\"@type\":\"CommentAction\",\"name\":\"Comment\",\"target\":[\"https:\\\/\\\/ellotv.com.br\\\/site\\\/2026\\\/02\\\/06\\\/uniao-europeia-acusa-tiktok-de-usar-design-viciante-para-criancas-e-aponta-possivel-violacao\\\/#respond\"]}]},{\"@type\":\"WebPage\",\"@id\":\"https:\\\/\\\/ellotv.com.br\\\/site\\\/2026\\\/02\\\/06\\\/uniao-europeia-acusa-tiktok-de-usar-design-viciante-para-criancas-e-aponta-possivel-violacao\\\/\",\"url\":\"https:\\\/\\\/ellotv.com.br\\\/site\\\/2026\\\/02\\\/06\\\/uniao-europeia-acusa-tiktok-de-usar-design-viciante-para-criancas-e-aponta-possivel-violacao\\\/\",\"name\":\"Uni\u00e3o Europeia acusa TikTok de usar \u201cdesign viciante\u201d para crian\u00e7as e aponta poss\u00edvel viola\u00e7\u00e3o - Ello TV\",\"isPartOf\":{\"@id\":\"https:\\\/\\\/ellotv.com.br\\\/site\\\/#website\"},\"primaryImageOfPage\":{\"@id\":\"https:\\\/\\\/ellotv.com.br\\\/site\\\/2026\\\/02\\\/06\\\/uniao-europeia-acusa-tiktok-de-usar-design-viciante-para-criancas-e-aponta-possivel-violacao\\\/#primaryimage\"},\"image\":{\"@id\":\"https:\\\/\\\/ellotv.com.br\\\/site\\\/2026\\\/02\\\/06\\\/uniao-europeia-acusa-tiktok-de-usar-design-viciante-para-criancas-e-aponta-possivel-violacao\\\/#primaryimage\"},\"thumbnailUrl\":\"https:\\\/\\\/ellotv.com.br\\\/site\\\/wp-content\\\/uploads\\\/2026\\\/02\\\/WhatsApp-Image-2026-02-06-at-10.08.46.jpeg\",\"datePublished\":\"2026-02-06T14:33:55+00:00\",\"description\":\"Uni\u00e3o Europeia acusa TikTok de usar recursos considerados \u201cviciantes\u201d, como rolagem infinita e reprodu\u00e7\u00e3o autom\u00e1tica, e aponta poss\u00edvel viola\u00e7\u00e3o da Lei de Servi\u00e7os Digitais. Plataforma nega irregularidades.\",\"breadcrumb\":{\"@id\":\"https:\\\/\\\/ellotv.com.br\\\/site\\\/2026\\\/02\\\/06\\\/uniao-europeia-acusa-tiktok-de-usar-design-viciante-para-criancas-e-aponta-possivel-violacao\\\/#breadcrumb\"},\"inLanguage\":\"pt-BR\",\"potentialAction\":[{\"@type\":\"ReadAction\",\"target\":[\"https:\\\/\\\/ellotv.com.br\\\/site\\\/2026\\\/02\\\/06\\\/uniao-europeia-acusa-tiktok-de-usar-design-viciante-para-criancas-e-aponta-possivel-violacao\\\/\"]}]},{\"@type\":\"ImageObject\",\"inLanguage\":\"pt-BR\",\"@id\":\"https:\\\/\\\/ellotv.com.br\\\/site\\\/2026\\\/02\\\/06\\\/uniao-europeia-acusa-tiktok-de-usar-design-viciante-para-criancas-e-aponta-possivel-violacao\\\/#primaryimage\",\"url\":\"https:\\\/\\\/ellotv.com.br\\\/site\\\/wp-content\\\/uploads\\\/2026\\\/02\\\/WhatsApp-Image-2026-02-06-at-10.08.46.jpeg\",\"contentUrl\":\"https:\\\/\\\/ellotv.com.br\\\/site\\\/wp-content\\\/uploads\\\/2026\\\/02\\\/WhatsApp-Image-2026-02-06-at-10.08.46.jpeg\",\"width\":1024,\"height\":682},{\"@type\":\"BreadcrumbList\",\"@id\":\"https:\\\/\\\/ellotv.com.br\\\/site\\\/2026\\\/02\\\/06\\\/uniao-europeia-acusa-tiktok-de-usar-design-viciante-para-criancas-e-aponta-possivel-violacao\\\/#breadcrumb\",\"itemListElement\":[{\"@type\":\"ListItem\",\"position\":1,\"name\":\"In\u00edcio\",\"item\":\"https:\\\/\\\/ellotv.com.br\\\/site\\\/\"},{\"@type\":\"ListItem\",\"position\":2,\"name\":\"Uni\u00e3o Europeia acusa TikTok de usar \u201cdesign viciante\u201d para crian\u00e7as e aponta poss\u00edvel viola\u00e7\u00e3o\"}]},{\"@type\":\"WebSite\",\"@id\":\"https:\\\/\\\/ellotv.com.br\\\/site\\\/#website\",\"url\":\"https:\\\/\\\/ellotv.com.br\\\/site\\\/\",\"name\":\"ELLO TV\",\"description\":\"\",\"publisher\":{\"@id\":\"https:\\\/\\\/ellotv.com.br\\\/site\\\/#organization\"},\"potentialAction\":[{\"@type\":\"SearchAction\",\"target\":{\"@type\":\"EntryPoint\",\"urlTemplate\":\"https:\\\/\\\/ellotv.com.br\\\/site\\\/?s={search_term_string}\"},\"query-input\":{\"@type\":\"PropertyValueSpecification\",\"valueRequired\":true,\"valueName\":\"search_term_string\"}}],\"inLanguage\":\"pt-BR\"},{\"@type\":\"Organization\",\"@id\":\"https:\\\/\\\/ellotv.com.br\\\/site\\\/#organization\",\"name\":\"ELLO TV\",\"url\":\"https:\\\/\\\/ellotv.com.br\\\/site\\\/\",\"logo\":{\"@type\":\"ImageObject\",\"inLanguage\":\"pt-BR\",\"@id\":\"https:\\\/\\\/ellotv.com.br\\\/site\\\/#\\\/schema\\\/logo\\\/image\\\/\",\"url\":\"https:\\\/\\\/ellotv.com.br\\\/site\\\/wp-content\\\/uploads\\\/2025\\\/11\\\/ello-logo-2.fw_.png\",\"contentUrl\":\"https:\\\/\\\/ellotv.com.br\\\/site\\\/wp-content\\\/uploads\\\/2025\\\/11\\\/ello-logo-2.fw_.png\",\"width\":400,\"height\":146,\"caption\":\"ELLO TV\"},\"image\":{\"@id\":\"https:\\\/\\\/ellotv.com.br\\\/site\\\/#\\\/schema\\\/logo\\\/image\\\/\"}},{\"@type\":\"Person\",\"@id\":\"https:\\\/\\\/ellotv.com.br\\\/site\\\/#\\\/schema\\\/person\\\/2dbe3abaee38dcc7332fc8205cd2b15d\",\"name\":\"ELLO TV\",\"image\":{\"@type\":\"ImageObject\",\"inLanguage\":\"pt-BR\",\"@id\":\"https:\\\/\\\/secure.gravatar.com\\\/avatar\\\/c38242b9da8ec217ac3f0aaee31a54f7d7befb11b2b47fdbc8fb0fad60afa1c6?s=96&d=mm&r=g\",\"url\":\"https:\\\/\\\/secure.gravatar.com\\\/avatar\\\/c38242b9da8ec217ac3f0aaee31a54f7d7befb11b2b47fdbc8fb0fad60afa1c6?s=96&d=mm&r=g\",\"contentUrl\":\"https:\\\/\\\/secure.gravatar.com\\\/avatar\\\/c38242b9da8ec217ac3f0aaee31a54f7d7befb11b2b47fdbc8fb0fad60afa1c6?s=96&d=mm&r=g\",\"caption\":\"ELLO TV\"},\"url\":\"https:\\\/\\\/ellotv.com.br\\\/site\\\/author\\\/elloagencia\\\/\"}]}<\/script>\n<!-- \/ Yoast SEO plugin. -->","yoast_head_json":{"title":"Uni\u00e3o Europeia acusa TikTok de usar \u201cdesign viciante\u201d para crian\u00e7as e aponta poss\u00edvel viola\u00e7\u00e3o - Ello TV","description":"Uni\u00e3o Europeia acusa TikTok de usar recursos considerados \u201cviciantes\u201d, como rolagem infinita e reprodu\u00e7\u00e3o autom\u00e1tica, e aponta poss\u00edvel viola\u00e7\u00e3o da Lei de Servi\u00e7os Digitais. Plataforma nega irregularidades.","robots":{"index":"index","follow":"follow","max-snippet":"max-snippet:-1","max-image-preview":"max-image-preview:large","max-video-preview":"max-video-preview:-1"},"canonical":"https:\/\/ellotv.com.br\/site\/2026\/02\/06\/uniao-europeia-acusa-tiktok-de-usar-design-viciante-para-criancas-e-aponta-possivel-violacao\/","og_locale":"pt_BR","og_type":"article","og_title":"Uni\u00e3o Europeia acusa TikTok de usar \u201cdesign viciante\u201d para crian\u00e7as e aponta poss\u00edvel viola\u00e7\u00e3o - Ello TV","og_description":"Uni\u00e3o Europeia acusa TikTok de usar recursos considerados \u201cviciantes\u201d, como rolagem infinita e reprodu\u00e7\u00e3o autom\u00e1tica, e aponta poss\u00edvel viola\u00e7\u00e3o da Lei de Servi\u00e7os Digitais. Plataforma nega irregularidades.","og_url":"https:\/\/ellotv.com.br\/site\/2026\/02\/06\/uniao-europeia-acusa-tiktok-de-usar-design-viciante-para-criancas-e-aponta-possivel-violacao\/","og_site_name":"Ello TV","article_published_time":"2026-02-06T14:33:55+00:00","og_image":[{"width":1024,"height":682,"url":"https:\/\/ellotv.com.br\/site\/wp-content\/uploads\/2026\/02\/WhatsApp-Image-2026-02-06-at-10.08.46.jpeg","type":"image\/jpeg"}],"author":"ELLO TV","twitter_card":"summary_large_image","twitter_misc":{"Escrito por":"ELLO TV","Est. tempo de leitura":"2 minutos"},"schema":{"@context":"https:\/\/schema.org","@graph":[{"@type":"Article","@id":"https:\/\/ellotv.com.br\/site\/2026\/02\/06\/uniao-europeia-acusa-tiktok-de-usar-design-viciante-para-criancas-e-aponta-possivel-violacao\/#article","isPartOf":{"@id":"https:\/\/ellotv.com.br\/site\/2026\/02\/06\/uniao-europeia-acusa-tiktok-de-usar-design-viciante-para-criancas-e-aponta-possivel-violacao\/"},"author":{"name":"ELLO TV","@id":"https:\/\/ellotv.com.br\/site\/#\/schema\/person\/2dbe3abaee38dcc7332fc8205cd2b15d"},"headline":"Uni\u00e3o Europeia acusa TikTok de usar \u201cdesign viciante\u201d para crian\u00e7as e aponta poss\u00edvel viola\u00e7\u00e3o","datePublished":"2026-02-06T14:33:55+00:00","mainEntityOfPage":{"@id":"https:\/\/ellotv.com.br\/site\/2026\/02\/06\/uniao-europeia-acusa-tiktok-de-usar-design-viciante-para-criancas-e-aponta-possivel-violacao\/"},"wordCount":383,"commentCount":0,"publisher":{"@id":"https:\/\/ellotv.com.br\/site\/#organization"},"image":{"@id":"https:\/\/ellotv.com.br\/site\/2026\/02\/06\/uniao-europeia-acusa-tiktok-de-usar-design-viciante-para-criancas-e-aponta-possivel-violacao\/#primaryimage"},"thumbnailUrl":"https:\/\/ellotv.com.br\/site\/wp-content\/uploads\/2026\/02\/WhatsApp-Image-2026-02-06-at-10.08.46.jpeg","articleSection":["Mundo","Noticias"],"inLanguage":"pt-BR","potentialAction":[{"@type":"CommentAction","name":"Comment","target":["https:\/\/ellotv.com.br\/site\/2026\/02\/06\/uniao-europeia-acusa-tiktok-de-usar-design-viciante-para-criancas-e-aponta-possivel-violacao\/#respond"]}]},{"@type":"WebPage","@id":"https:\/\/ellotv.com.br\/site\/2026\/02\/06\/uniao-europeia-acusa-tiktok-de-usar-design-viciante-para-criancas-e-aponta-possivel-violacao\/","url":"https:\/\/ellotv.com.br\/site\/2026\/02\/06\/uniao-europeia-acusa-tiktok-de-usar-design-viciante-para-criancas-e-aponta-possivel-violacao\/","name":"Uni\u00e3o Europeia acusa TikTok de usar \u201cdesign viciante\u201d para crian\u00e7as e aponta poss\u00edvel viola\u00e7\u00e3o - Ello TV","isPartOf":{"@id":"https:\/\/ellotv.com.br\/site\/#website"},"primaryImageOfPage":{"@id":"https:\/\/ellotv.com.br\/site\/2026\/02\/06\/uniao-europeia-acusa-tiktok-de-usar-design-viciante-para-criancas-e-aponta-possivel-violacao\/#primaryimage"},"image":{"@id":"https:\/\/ellotv.com.br\/site\/2026\/02\/06\/uniao-europeia-acusa-tiktok-de-usar-design-viciante-para-criancas-e-aponta-possivel-violacao\/#primaryimage"},"thumbnailUrl":"https:\/\/ellotv.com.br\/site\/wp-content\/uploads\/2026\/02\/WhatsApp-Image-2026-02-06-at-10.08.46.jpeg","datePublished":"2026-02-06T14:33:55+00:00","description":"Uni\u00e3o Europeia acusa TikTok de usar recursos considerados \u201cviciantes\u201d, como rolagem infinita e reprodu\u00e7\u00e3o autom\u00e1tica, e aponta poss\u00edvel viola\u00e7\u00e3o da Lei de Servi\u00e7os Digitais. Plataforma nega irregularidades.","breadcrumb":{"@id":"https:\/\/ellotv.com.br\/site\/2026\/02\/06\/uniao-europeia-acusa-tiktok-de-usar-design-viciante-para-criancas-e-aponta-possivel-violacao\/#breadcrumb"},"inLanguage":"pt-BR","potentialAction":[{"@type":"ReadAction","target":["https:\/\/ellotv.com.br\/site\/2026\/02\/06\/uniao-europeia-acusa-tiktok-de-usar-design-viciante-para-criancas-e-aponta-possivel-violacao\/"]}]},{"@type":"ImageObject","inLanguage":"pt-BR","@id":"https:\/\/ellotv.com.br\/site\/2026\/02\/06\/uniao-europeia-acusa-tiktok-de-usar-design-viciante-para-criancas-e-aponta-possivel-violacao\/#primaryimage","url":"https:\/\/ellotv.com.br\/site\/wp-content\/uploads\/2026\/02\/WhatsApp-Image-2026-02-06-at-10.08.46.jpeg","contentUrl":"https:\/\/ellotv.com.br\/site\/wp-content\/uploads\/2026\/02\/WhatsApp-Image-2026-02-06-at-10.08.46.jpeg","width":1024,"height":682},{"@type":"BreadcrumbList","@id":"https:\/\/ellotv.com.br\/site\/2026\/02\/06\/uniao-europeia-acusa-tiktok-de-usar-design-viciante-para-criancas-e-aponta-possivel-violacao\/#breadcrumb","itemListElement":[{"@type":"ListItem","position":1,"name":"In\u00edcio","item":"https:\/\/ellotv.com.br\/site\/"},{"@type":"ListItem","position":2,"name":"Uni\u00e3o Europeia acusa TikTok de usar \u201cdesign viciante\u201d para crian\u00e7as e aponta poss\u00edvel viola\u00e7\u00e3o"}]},{"@type":"WebSite","@id":"https:\/\/ellotv.com.br\/site\/#website","url":"https:\/\/ellotv.com.br\/site\/","name":"ELLO TV","description":"","publisher":{"@id":"https:\/\/ellotv.com.br\/site\/#organization"},"potentialAction":[{"@type":"SearchAction","target":{"@type":"EntryPoint","urlTemplate":"https:\/\/ellotv.com.br\/site\/?s={search_term_string}"},"query-input":{"@type":"PropertyValueSpecification","valueRequired":true,"valueName":"search_term_string"}}],"inLanguage":"pt-BR"},{"@type":"Organization","@id":"https:\/\/ellotv.com.br\/site\/#organization","name":"ELLO TV","url":"https:\/\/ellotv.com.br\/site\/","logo":{"@type":"ImageObject","inLanguage":"pt-BR","@id":"https:\/\/ellotv.com.br\/site\/#\/schema\/logo\/image\/","url":"https:\/\/ellotv.com.br\/site\/wp-content\/uploads\/2025\/11\/ello-logo-2.fw_.png","contentUrl":"https:\/\/ellotv.com.br\/site\/wp-content\/uploads\/2025\/11\/ello-logo-2.fw_.png","width":400,"height":146,"caption":"ELLO TV"},"image":{"@id":"https:\/\/ellotv.com.br\/site\/#\/schema\/logo\/image\/"}},{"@type":"Person","@id":"https:\/\/ellotv.com.br\/site\/#\/schema\/person\/2dbe3abaee38dcc7332fc8205cd2b15d","name":"ELLO TV","image":{"@type":"ImageObject","inLanguage":"pt-BR","@id":"https:\/\/secure.gravatar.com\/avatar\/c38242b9da8ec217ac3f0aaee31a54f7d7befb11b2b47fdbc8fb0fad60afa1c6?s=96&d=mm&r=g","url":"https:\/\/secure.gravatar.com\/avatar\/c38242b9da8ec217ac3f0aaee31a54f7d7befb11b2b47fdbc8fb0fad60afa1c6?s=96&d=mm&r=g","contentUrl":"https:\/\/secure.gravatar.com\/avatar\/c38242b9da8ec217ac3f0aaee31a54f7d7befb11b2b47fdbc8fb0fad60afa1c6?s=96&d=mm&r=g","caption":"ELLO TV"},"url":"https:\/\/ellotv.com.br\/site\/author\/elloagencia\/"}]}},"featured_image_urls":{"full":["https:\/\/ellotv.com.br\/site\/wp-content\/uploads\/2026\/02\/WhatsApp-Image-2026-02-06-at-10.08.46.jpeg",1024,682,false],"thumbnail":["https:\/\/ellotv.com.br\/site\/wp-content\/uploads\/2026\/02\/WhatsApp-Image-2026-02-06-at-10.08.46-150x150.jpeg",150,150,true],"medium":["https:\/\/ellotv.com.br\/site\/wp-content\/uploads\/2026\/02\/WhatsApp-Image-2026-02-06-at-10.08.46-300x200.jpeg",300,200,true],"medium_large":["https:\/\/ellotv.com.br\/site\/wp-content\/uploads\/2026\/02\/WhatsApp-Image-2026-02-06-at-10.08.46-768x512.jpeg",640,427,true],"large":["https:\/\/ellotv.com.br\/site\/wp-content\/uploads\/2026\/02\/WhatsApp-Image-2026-02-06-at-10.08.46.jpeg",640,426,false],"1536x1536":["https:\/\/ellotv.com.br\/site\/wp-content\/uploads\/2026\/02\/WhatsApp-Image-2026-02-06-at-10.08.46.jpeg",1024,682,false],"2048x2048":["https:\/\/ellotv.com.br\/site\/wp-content\/uploads\/2026\/02\/WhatsApp-Image-2026-02-06-at-10.08.46.jpeg",1024,682,false],"darknews-slider-full":["https:\/\/ellotv.com.br\/site\/wp-content\/uploads\/2026\/02\/WhatsApp-Image-2026-02-06-at-10.08.46.jpeg",1024,682,false],"darknews-featured":["https:\/\/ellotv.com.br\/site\/wp-content\/uploads\/2026\/02\/WhatsApp-Image-2026-02-06-at-10.08.46.jpeg",1024,682,false],"darknews-medium":["https:\/\/ellotv.com.br\/site\/wp-content\/uploads\/2026\/02\/WhatsApp-Image-2026-02-06-at-10.08.46-720x530.jpeg",720,530,true],"darknews-medium-square":["https:\/\/ellotv.com.br\/site\/wp-content\/uploads\/2026\/02\/WhatsApp-Image-2026-02-06-at-10.08.46-350x350.jpeg",350,350,true]},"author_info":{"info":["ELLO TV"]},"category_info":"<a href=\"https:\/\/ellotv.com.br\/site\/category\/mundo\/\" rel=\"category tag\">Mundo<\/a> <a href=\"https:\/\/ellotv.com.br\/site\/category\/noticias\/\" rel=\"category tag\">Noticias<\/a>","tag_info":"Noticias","comment_count":"0","_links":{"self":[{"href":"https:\/\/ellotv.com.br\/site\/wp-json\/wp\/v2\/posts\/4902","targetHints":{"allow":["GET"]}}],"collection":[{"href":"https:\/\/ellotv.com.br\/site\/wp-json\/wp\/v2\/posts"}],"about":[{"href":"https:\/\/ellotv.com.br\/site\/wp-json\/wp\/v2\/types\/post"}],"author":[{"embeddable":true,"href":"https:\/\/ellotv.com.br\/site\/wp-json\/wp\/v2\/users\/2"}],"replies":[{"embeddable":true,"href":"https:\/\/ellotv.com.br\/site\/wp-json\/wp\/v2\/comments?post=4902"}],"version-history":[{"count":1,"href":"https:\/\/ellotv.com.br\/site\/wp-json\/wp\/v2\/posts\/4902\/revisions"}],"predecessor-version":[{"id":4903,"href":"https:\/\/ellotv.com.br\/site\/wp-json\/wp\/v2\/posts\/4902\/revisions\/4903"}],"wp:featuredmedia":[{"embeddable":true,"href":"https:\/\/ellotv.com.br\/site\/wp-json\/wp\/v2\/media\/4904"}],"wp:attachment":[{"href":"https:\/\/ellotv.com.br\/site\/wp-json\/wp\/v2\/media?parent=4902"}],"wp:term":[{"taxonomy":"category","embeddable":true,"href":"https:\/\/ellotv.com.br\/site\/wp-json\/wp\/v2\/categories?post=4902"},{"taxonomy":"post_tag","embeddable":true,"href":"https:\/\/ellotv.com.br\/site\/wp-json\/wp\/v2\/tags?post=4902"}],"curies":[{"name":"wp","href":"https:\/\/api.w.org\/{rel}","templated":true}]}}