{"id":4905,"date":"2026-02-06T11:44:12","date_gmt":"2026-02-06T14:44:12","guid":{"rendered":"https:\/\/ellotv.com.br\/site\/?p=4905"},"modified":"2026-02-09T08:28:49","modified_gmt":"2026-02-09T11:28:49","slug":"terco-da-misericordia-com-padre-fabricio-sera-transmitido-ao-vivo-pela-ello-tv-nesta-terca-10","status":"publish","type":"post","link":"https:\/\/ellotv.com.br\/site\/2026\/02\/06\/terco-da-misericordia-com-padre-fabricio-sera-transmitido-ao-vivo-pela-ello-tv-nesta-terca-10\/","title":{"rendered":"Ter\u00e7o da Miseric\u00f3rdia com Padre Fabr\u00edcio ser\u00e1 transmitido ao vivo pela ELLO TV nesta ter\u00e7a (10)"},"content":{"rendered":"<h3 data-start=\"190\" data-end=\"257\">Momento de f\u00e9 e ora\u00e7\u00e3o come\u00e7a \u00e0s 19h, direto da sede da emissora<\/h3>\n<p data-start=\"259\" data-end=\"312\">Ter\u00e7a-feira \u00e9 dia de f\u00e9, ora\u00e7\u00e3o e miseric\u00f3rdia. \ud83d\ude4f\u2728<\/p>\n<p data-start=\"314\" data-end=\"478\">O <strong data-start=\"316\" data-end=\"362\">Ter\u00e7o da Miseric\u00f3rdia com o Padre Fabr\u00edcio<\/strong> ser\u00e1 transmitido ao vivo pela <strong data-start=\"393\" data-end=\"404\">ELLO TV<\/strong>, a partir das <strong data-start=\"419\" data-end=\"449\">19h do dia 10 de fevereiro<\/strong>, direto da sede da emissora.<\/p>\n<p data-start=\"480\" data-end=\"640\">Um momento especial de espiritualidade, proporcionando a oportunidade de rezar juntos, fortalecer a f\u00e9 e renovar a esperan\u00e7a.<\/p>\n<h3 data-start=\"647\" data-end=\"667\">Participe ao vivo<\/h3>\n<p data-start=\"669\" data-end=\"866\">A transmiss\u00e3o ser\u00e1 aberta ao p\u00fablico por meio da programa\u00e7\u00e3o da ELLO TV. A orienta\u00e7\u00e3o \u00e9 que os telespectadores acompanhem, participem e compartilhem esse momento de b\u00ean\u00e7\u00e3os com familiares e amigos.<\/p>\n<p data-start=\"868\" data-end=\"942\">Uma noite dedicada \u00e0 ora\u00e7\u00e3o, \u00e0 reflex\u00e3o e \u00e0 viv\u00eancia da miseric\u00f3rdia. \ud83d\udc99<\/p>\n","protected":false},"excerpt":{"rendered":"<p>Momento de f\u00e9 e ora\u00e7\u00e3o come\u00e7a \u00e0s 19h, direto da sede da emissora Ter\u00e7a-feira \u00e9 dia de f\u00e9,<\/p>\n","protected":false},"author":2,"featured_media":4906,"comment_status":"open","ping_status":"open","sticky":false,"template":"","format":"standard","meta":{"footnotes":""},"categories":[1,12],"tags":[],"class_list":["post-4905","post","type-post","status-publish","format-standard","has-post-thumbnail","hentry","category-ello","category-noticias"],"yoast_head":"<!-- This site is optimized with the Yoast SEO plugin v28.3 - https:\/\/yoast.com\/product\/yoast-seo-wordpress\/ -->\n<title>Ter\u00e7o da Miseric\u00f3rdia com Padre Fabr\u00edcio ser\u00e1 transmitido ao vivo pela ELLO TV nesta ter\u00e7a (10) - Ello TV<\/title>\n<meta name=\"description\" content=\"ELLO TV transmite ao vivo o Ter\u00e7o da Miseric\u00f3rdia com Padre Fabr\u00edcio nesta ter\u00e7a (10), \u00e0s 19h. Um momento especial de f\u00e9, ora\u00e7\u00e3o e renova\u00e7\u00e3o da esperan\u00e7a.\" \/>\n<meta name=\"robots\" content=\"index, follow, max-snippet:-1, max-image-preview:large, max-video-preview:-1\" \/>\n<link rel=\"canonical\" href=\"https:\/\/ellotv.com.br\/site\/2026\/02\/06\/terco-da-misericordia-com-padre-fabricio-sera-transmitido-ao-vivo-pela-ello-tv-nesta-terca-10\/\" \/>\n<meta property=\"og:locale\" content=\"pt_BR\" \/>\n<meta property=\"og:type\" content=\"article\" \/>\n<meta property=\"og:title\" content=\"Ter\u00e7o da Miseric\u00f3rdia com Padre Fabr\u00edcio ser\u00e1 transmitido ao vivo pela ELLO TV nesta ter\u00e7a (10) - Ello TV\" \/>\n<meta property=\"og:description\" content=\"ELLO TV transmite ao vivo o Ter\u00e7o da Miseric\u00f3rdia com Padre Fabr\u00edcio nesta ter\u00e7a (10), \u00e0s 19h. Um momento especial de f\u00e9, ora\u00e7\u00e3o e renova\u00e7\u00e3o da esperan\u00e7a.\" \/>\n<meta property=\"og:url\" content=\"https:\/\/ellotv.com.br\/site\/2026\/02\/06\/terco-da-misericordia-com-padre-fabricio-sera-transmitido-ao-vivo-pela-ello-tv-nesta-terca-10\/\" \/>\n<meta property=\"og:site_name\" content=\"Ello TV\" \/>\n<meta property=\"article:published_time\" content=\"2026-02-06T14:44:12+00:00\" \/>\n<meta property=\"article:modified_time\" content=\"2026-02-09T11:28:49+00:00\" \/>\n<meta property=\"og:image\" content=\"https:\/\/ellotv.com.br\/site\/wp-content\/uploads\/2026\/02\/WhatsApp-Image-2026-02-06-at-11.38.24.jpeg\" \/>\n\t<meta property=\"og:image:width\" content=\"1080\" \/>\n\t<meta property=\"og:image:height\" content=\"1350\" \/>\n\t<meta property=\"og:image:type\" content=\"image\/jpeg\" \/>\n<meta name=\"author\" content=\"ELLO TV\" \/>\n<meta name=\"twitter:card\" content=\"summary_large_image\" \/>\n<meta name=\"twitter:label1\" content=\"Escrito por\" \/>\n\t<meta name=\"twitter:data1\" content=\"ELLO TV\" \/>\n\t<meta name=\"twitter:label2\" content=\"Est. tempo de leitura\" \/>\n\t<meta name=\"twitter:data2\" content=\"1 minuto\" \/>\n<script type=\"application\/ld+json\" class=\"yoast-schema-graph\">{\"@context\":\"https:\\\/\\\/schema.org\",\"@graph\":[{\"@type\":\"Article\",\"@id\":\"https:\\\/\\\/ellotv.com.br\\\/site\\\/2026\\\/02\\\/06\\\/terco-da-misericordia-com-padre-fabricio-sera-transmitido-ao-vivo-pela-ello-tv-nesta-terca-10\\\/#article\",\"isPartOf\":{\"@id\":\"https:\\\/\\\/ellotv.com.br\\\/site\\\/2026\\\/02\\\/06\\\/terco-da-misericordia-com-padre-fabricio-sera-transmitido-ao-vivo-pela-ello-tv-nesta-terca-10\\\/\"},\"author\":{\"name\":\"ELLO TV\",\"@id\":\"https:\\\/\\\/ellotv.com.br\\\/site\\\/#\\\/schema\\\/person\\\/2dbe3abaee38dcc7332fc8205cd2b15d\"},\"headline\":\"Ter\u00e7o da Miseric\u00f3rdia com Padre Fabr\u00edcio ser\u00e1 transmitido ao vivo pela ELLO TV nesta ter\u00e7a (10)\",\"datePublished\":\"2026-02-06T14:44:12+00:00\",\"dateModified\":\"2026-02-09T11:28:49+00:00\",\"mainEntityOfPage\":{\"@id\":\"https:\\\/\\\/ellotv.com.br\\\/site\\\/2026\\\/02\\\/06\\\/terco-da-misericordia-com-padre-fabricio-sera-transmitido-ao-vivo-pela-ello-tv-nesta-terca-10\\\/\"},\"wordCount\":146,\"commentCount\":0,\"publisher\":{\"@id\":\"https:\\\/\\\/ellotv.com.br\\\/site\\\/#organization\"},\"image\":{\"@id\":\"https:\\\/\\\/ellotv.com.br\\\/site\\\/2026\\\/02\\\/06\\\/terco-da-misericordia-com-padre-fabricio-sera-transmitido-ao-vivo-pela-ello-tv-nesta-terca-10\\\/#primaryimage\"},\"thumbnailUrl\":\"https:\\\/\\\/ellotv.com.br\\\/site\\\/wp-content\\\/uploads\\\/2026\\\/02\\\/WhatsApp-Image-2026-02-06-at-11.38.24.jpeg\",\"articleSection\":[\"Ello\",\"Noticias\"],\"inLanguage\":\"pt-BR\",\"potentialAction\":[{\"@type\":\"CommentAction\",\"name\":\"Comment\",\"target\":[\"https:\\\/\\\/ellotv.com.br\\\/site\\\/2026\\\/02\\\/06\\\/terco-da-misericordia-com-padre-fabricio-sera-transmitido-ao-vivo-pela-ello-tv-nesta-terca-10\\\/#respond\"]}]},{\"@type\":\"WebPage\",\"@id\":\"https:\\\/\\\/ellotv.com.br\\\/site\\\/2026\\\/02\\\/06\\\/terco-da-misericordia-com-padre-fabricio-sera-transmitido-ao-vivo-pela-ello-tv-nesta-terca-10\\\/\",\"url\":\"https:\\\/\\\/ellotv.com.br\\\/site\\\/2026\\\/02\\\/06\\\/terco-da-misericordia-com-padre-fabricio-sera-transmitido-ao-vivo-pela-ello-tv-nesta-terca-10\\\/\",\"name\":\"Ter\u00e7o da Miseric\u00f3rdia com Padre Fabr\u00edcio ser\u00e1 transmitido ao vivo pela ELLO TV nesta ter\u00e7a (10) - Ello TV\",\"isPartOf\":{\"@id\":\"https:\\\/\\\/ellotv.com.br\\\/site\\\/#website\"},\"primaryImageOfPage\":{\"@id\":\"https:\\\/\\\/ellotv.com.br\\\/site\\\/2026\\\/02\\\/06\\\/terco-da-misericordia-com-padre-fabricio-sera-transmitido-ao-vivo-pela-ello-tv-nesta-terca-10\\\/#primaryimage\"},\"image\":{\"@id\":\"https:\\\/\\\/ellotv.com.br\\\/site\\\/2026\\\/02\\\/06\\\/terco-da-misericordia-com-padre-fabricio-sera-transmitido-ao-vivo-pela-ello-tv-nesta-terca-10\\\/#primaryimage\"},\"thumbnailUrl\":\"https:\\\/\\\/ellotv.com.br\\\/site\\\/wp-content\\\/uploads\\\/2026\\\/02\\\/WhatsApp-Image-2026-02-06-at-11.38.24.jpeg\",\"datePublished\":\"2026-02-06T14:44:12+00:00\",\"dateModified\":\"2026-02-09T11:28:49+00:00\",\"description\":\"ELLO TV transmite ao vivo o Ter\u00e7o da Miseric\u00f3rdia com Padre Fabr\u00edcio nesta ter\u00e7a (10), \u00e0s 19h. Um momento especial de f\u00e9, ora\u00e7\u00e3o e renova\u00e7\u00e3o da esperan\u00e7a.\",\"breadcrumb\":{\"@id\":\"https:\\\/\\\/ellotv.com.br\\\/site\\\/2026\\\/02\\\/06\\\/terco-da-misericordia-com-padre-fabricio-sera-transmitido-ao-vivo-pela-ello-tv-nesta-terca-10\\\/#breadcrumb\"},\"inLanguage\":\"pt-BR\",\"potentialAction\":[{\"@type\":\"ReadAction\",\"target\":[\"https:\\\/\\\/ellotv.com.br\\\/site\\\/2026\\\/02\\\/06\\\/terco-da-misericordia-com-padre-fabricio-sera-transmitido-ao-vivo-pela-ello-tv-nesta-terca-10\\\/\"]}]},{\"@type\":\"ImageObject\",\"inLanguage\":\"pt-BR\",\"@id\":\"https:\\\/\\\/ellotv.com.br\\\/site\\\/2026\\\/02\\\/06\\\/terco-da-misericordia-com-padre-fabricio-sera-transmitido-ao-vivo-pela-ello-tv-nesta-terca-10\\\/#primaryimage\",\"url\":\"https:\\\/\\\/ellotv.com.br\\\/site\\\/wp-content\\\/uploads\\\/2026\\\/02\\\/WhatsApp-Image-2026-02-06-at-11.38.24.jpeg\",\"contentUrl\":\"https:\\\/\\\/ellotv.com.br\\\/site\\\/wp-content\\\/uploads\\\/2026\\\/02\\\/WhatsApp-Image-2026-02-06-at-11.38.24.jpeg\",\"width\":1080,\"height\":1350},{\"@type\":\"BreadcrumbList\",\"@id\":\"https:\\\/\\\/ellotv.com.br\\\/site\\\/2026\\\/02\\\/06\\\/terco-da-misericordia-com-padre-fabricio-sera-transmitido-ao-vivo-pela-ello-tv-nesta-terca-10\\\/#breadcrumb\",\"itemListElement\":[{\"@type\":\"ListItem\",\"position\":1,\"name\":\"In\u00edcio\",\"item\":\"https:\\\/\\\/ellotv.com.br\\\/site\\\/\"},{\"@type\":\"ListItem\",\"position\":2,\"name\":\"Ter\u00e7o da Miseric\u00f3rdia com Padre Fabr\u00edcio ser\u00e1 transmitido ao vivo pela ELLO TV nesta ter\u00e7a (10)\"}]},{\"@type\":\"WebSite\",\"@id\":\"https:\\\/\\\/ellotv.com.br\\\/site\\\/#website\",\"url\":\"https:\\\/\\\/ellotv.com.br\\\/site\\\/\",\"name\":\"ELLO TV\",\"description\":\"\",\"publisher\":{\"@id\":\"https:\\\/\\\/ellotv.com.br\\\/site\\\/#organization\"},\"potentialAction\":[{\"@type\":\"SearchAction\",\"target\":{\"@type\":\"EntryPoint\",\"urlTemplate\":\"https:\\\/\\\/ellotv.com.br\\\/site\\\/?s={search_term_string}\"},\"query-input\":{\"@type\":\"PropertyValueSpecification\",\"valueRequired\":true,\"valueName\":\"search_term_string\"}}],\"inLanguage\":\"pt-BR\"},{\"@type\":\"Organization\",\"@id\":\"https:\\\/\\\/ellotv.com.br\\\/site\\\/#organization\",\"name\":\"ELLO TV\",\"url\":\"https:\\\/\\\/ellotv.com.br\\\/site\\\/\",\"logo\":{\"@type\":\"ImageObject\",\"inLanguage\":\"pt-BR\",\"@id\":\"https:\\\/\\\/ellotv.com.br\\\/site\\\/#\\\/schema\\\/logo\\\/image\\\/\",\"url\":\"https:\\\/\\\/ellotv.com.br\\\/site\\\/wp-content\\\/uploads\\\/2025\\\/11\\\/ello-logo-2.fw_.png\",\"contentUrl\":\"https:\\\/\\\/ellotv.com.br\\\/site\\\/wp-content\\\/uploads\\\/2025\\\/11\\\/ello-logo-2.fw_.png\",\"width\":400,\"height\":146,\"caption\":\"ELLO TV\"},\"image\":{\"@id\":\"https:\\\/\\\/ellotv.com.br\\\/site\\\/#\\\/schema\\\/logo\\\/image\\\/\"}},{\"@type\":\"Person\",\"@id\":\"https:\\\/\\\/ellotv.com.br\\\/site\\\/#\\\/schema\\\/person\\\/2dbe3abaee38dcc7332fc8205cd2b15d\",\"name\":\"ELLO TV\",\"image\":{\"@type\":\"ImageObject\",\"inLanguage\":\"pt-BR\",\"@id\":\"https:\\\/\\\/secure.gravatar.com\\\/avatar\\\/c38242b9da8ec217ac3f0aaee31a54f7d7befb11b2b47fdbc8fb0fad60afa1c6?s=96&d=mm&r=g\",\"url\":\"https:\\\/\\\/secure.gravatar.com\\\/avatar\\\/c38242b9da8ec217ac3f0aaee31a54f7d7befb11b2b47fdbc8fb0fad60afa1c6?s=96&d=mm&r=g\",\"contentUrl\":\"https:\\\/\\\/secure.gravatar.com\\\/avatar\\\/c38242b9da8ec217ac3f0aaee31a54f7d7befb11b2b47fdbc8fb0fad60afa1c6?s=96&d=mm&r=g\",\"caption\":\"ELLO TV\"},\"url\":\"https:\\\/\\\/ellotv.com.br\\\/site\\\/author\\\/elloagencia\\\/\"}]}<\/script>\n<!-- \/ Yoast SEO plugin. -->","yoast_head_json":{"title":"Ter\u00e7o da Miseric\u00f3rdia com Padre Fabr\u00edcio ser\u00e1 transmitido ao vivo pela ELLO TV nesta ter\u00e7a (10) - Ello TV","description":"ELLO TV transmite ao vivo o Ter\u00e7o da Miseric\u00f3rdia com Padre Fabr\u00edcio nesta ter\u00e7a (10), \u00e0s 19h. Um momento especial de f\u00e9, ora\u00e7\u00e3o e renova\u00e7\u00e3o da esperan\u00e7a.","robots":{"index":"index","follow":"follow","max-snippet":"max-snippet:-1","max-image-preview":"max-image-preview:large","max-video-preview":"max-video-preview:-1"},"canonical":"https:\/\/ellotv.com.br\/site\/2026\/02\/06\/terco-da-misericordia-com-padre-fabricio-sera-transmitido-ao-vivo-pela-ello-tv-nesta-terca-10\/","og_locale":"pt_BR","og_type":"article","og_title":"Ter\u00e7o da Miseric\u00f3rdia com Padre Fabr\u00edcio ser\u00e1 transmitido ao vivo pela ELLO TV nesta ter\u00e7a (10) - Ello TV","og_description":"ELLO TV transmite ao vivo o Ter\u00e7o da Miseric\u00f3rdia com Padre Fabr\u00edcio nesta ter\u00e7a (10), \u00e0s 19h. Um momento especial de f\u00e9, ora\u00e7\u00e3o e renova\u00e7\u00e3o da esperan\u00e7a.","og_url":"https:\/\/ellotv.com.br\/site\/2026\/02\/06\/terco-da-misericordia-com-padre-fabricio-sera-transmitido-ao-vivo-pela-ello-tv-nesta-terca-10\/","og_site_name":"Ello TV","article_published_time":"2026-02-06T14:44:12+00:00","article_modified_time":"2026-02-09T11:28:49+00:00","og_image":[{"width":1080,"height":1350,"url":"https:\/\/ellotv.com.br\/site\/wp-content\/uploads\/2026\/02\/WhatsApp-Image-2026-02-06-at-11.38.24.jpeg","type":"image\/jpeg"}],"author":"ELLO TV","twitter_card":"summary_large_image","twitter_misc":{"Escrito por":"ELLO TV","Est. tempo de leitura":"1 minuto"},"schema":{"@context":"https:\/\/schema.org","@graph":[{"@type":"Article","@id":"https:\/\/ellotv.com.br\/site\/2026\/02\/06\/terco-da-misericordia-com-padre-fabricio-sera-transmitido-ao-vivo-pela-ello-tv-nesta-terca-10\/#article","isPartOf":{"@id":"https:\/\/ellotv.com.br\/site\/2026\/02\/06\/terco-da-misericordia-com-padre-fabricio-sera-transmitido-ao-vivo-pela-ello-tv-nesta-terca-10\/"},"author":{"name":"ELLO TV","@id":"https:\/\/ellotv.com.br\/site\/#\/schema\/person\/2dbe3abaee38dcc7332fc8205cd2b15d"},"headline":"Ter\u00e7o da Miseric\u00f3rdia com Padre Fabr\u00edcio ser\u00e1 transmitido ao vivo pela ELLO TV nesta ter\u00e7a (10)","datePublished":"2026-02-06T14:44:12+00:00","dateModified":"2026-02-09T11:28:49+00:00","mainEntityOfPage":{"@id":"https:\/\/ellotv.com.br\/site\/2026\/02\/06\/terco-da-misericordia-com-padre-fabricio-sera-transmitido-ao-vivo-pela-ello-tv-nesta-terca-10\/"},"wordCount":146,"commentCount":0,"publisher":{"@id":"https:\/\/ellotv.com.br\/site\/#organization"},"image":{"@id":"https:\/\/ellotv.com.br\/site\/2026\/02\/06\/terco-da-misericordia-com-padre-fabricio-sera-transmitido-ao-vivo-pela-ello-tv-nesta-terca-10\/#primaryimage"},"thumbnailUrl":"https:\/\/ellotv.com.br\/site\/wp-content\/uploads\/2026\/02\/WhatsApp-Image-2026-02-06-at-11.38.24.jpeg","articleSection":["Ello","Noticias"],"inLanguage":"pt-BR","potentialAction":[{"@type":"CommentAction","name":"Comment","target":["https:\/\/ellotv.com.br\/site\/2026\/02\/06\/terco-da-misericordia-com-padre-fabricio-sera-transmitido-ao-vivo-pela-ello-tv-nesta-terca-10\/#respond"]}]},{"@type":"WebPage","@id":"https:\/\/ellotv.com.br\/site\/2026\/02\/06\/terco-da-misericordia-com-padre-fabricio-sera-transmitido-ao-vivo-pela-ello-tv-nesta-terca-10\/","url":"https:\/\/ellotv.com.br\/site\/2026\/02\/06\/terco-da-misericordia-com-padre-fabricio-sera-transmitido-ao-vivo-pela-ello-tv-nesta-terca-10\/","name":"Ter\u00e7o da Miseric\u00f3rdia com Padre Fabr\u00edcio ser\u00e1 transmitido ao vivo pela ELLO TV nesta ter\u00e7a (10) - Ello TV","isPartOf":{"@id":"https:\/\/ellotv.com.br\/site\/#website"},"primaryImageOfPage":{"@id":"https:\/\/ellotv.com.br\/site\/2026\/02\/06\/terco-da-misericordia-com-padre-fabricio-sera-transmitido-ao-vivo-pela-ello-tv-nesta-terca-10\/#primaryimage"},"image":{"@id":"https:\/\/ellotv.com.br\/site\/2026\/02\/06\/terco-da-misericordia-com-padre-fabricio-sera-transmitido-ao-vivo-pela-ello-tv-nesta-terca-10\/#primaryimage"},"thumbnailUrl":"https:\/\/ellotv.com.br\/site\/wp-content\/uploads\/2026\/02\/WhatsApp-Image-2026-02-06-at-11.38.24.jpeg","datePublished":"2026-02-06T14:44:12+00:00","dateModified":"2026-02-09T11:28:49+00:00","description":"ELLO TV transmite ao vivo o Ter\u00e7o da Miseric\u00f3rdia com Padre Fabr\u00edcio nesta ter\u00e7a (10), \u00e0s 19h. Um momento especial de f\u00e9, ora\u00e7\u00e3o e renova\u00e7\u00e3o da esperan\u00e7a.","breadcrumb":{"@id":"https:\/\/ellotv.com.br\/site\/2026\/02\/06\/terco-da-misericordia-com-padre-fabricio-sera-transmitido-ao-vivo-pela-ello-tv-nesta-terca-10\/#breadcrumb"},"inLanguage":"pt-BR","potentialAction":[{"@type":"ReadAction","target":["https:\/\/ellotv.com.br\/site\/2026\/02\/06\/terco-da-misericordia-com-padre-fabricio-sera-transmitido-ao-vivo-pela-ello-tv-nesta-terca-10\/"]}]},{"@type":"ImageObject","inLanguage":"pt-BR","@id":"https:\/\/ellotv.com.br\/site\/2026\/02\/06\/terco-da-misericordia-com-padre-fabricio-sera-transmitido-ao-vivo-pela-ello-tv-nesta-terca-10\/#primaryimage","url":"https:\/\/ellotv.com.br\/site\/wp-content\/uploads\/2026\/02\/WhatsApp-Image-2026-02-06-at-11.38.24.jpeg","contentUrl":"https:\/\/ellotv.com.br\/site\/wp-content\/uploads\/2026\/02\/WhatsApp-Image-2026-02-06-at-11.38.24.jpeg","width":1080,"height":1350},{"@type":"BreadcrumbList","@id":"https:\/\/ellotv.com.br\/site\/2026\/02\/06\/terco-da-misericordia-com-padre-fabricio-sera-transmitido-ao-vivo-pela-ello-tv-nesta-terca-10\/#breadcrumb","itemListElement":[{"@type":"ListItem","position":1,"name":"In\u00edcio","item":"https:\/\/ellotv.com.br\/site\/"},{"@type":"ListItem","position":2,"name":"Ter\u00e7o da Miseric\u00f3rdia com Padre Fabr\u00edcio ser\u00e1 transmitido ao vivo pela ELLO TV nesta ter\u00e7a (10)"}]},{"@type":"WebSite","@id":"https:\/\/ellotv.com.br\/site\/#website","url":"https:\/\/ellotv.com.br\/site\/","name":"ELLO TV","description":"","publisher":{"@id":"https:\/\/ellotv.com.br\/site\/#organization"},"potentialAction":[{"@type":"SearchAction","target":{"@type":"EntryPoint","urlTemplate":"https:\/\/ellotv.com.br\/site\/?s={search_term_string}"},"query-input":{"@type":"PropertyValueSpecification","valueRequired":true,"valueName":"search_term_string"}}],"inLanguage":"pt-BR"},{"@type":"Organization","@id":"https:\/\/ellotv.com.br\/site\/#organization","name":"ELLO TV","url":"https:\/\/ellotv.com.br\/site\/","logo":{"@type":"ImageObject","inLanguage":"pt-BR","@id":"https:\/\/ellotv.com.br\/site\/#\/schema\/logo\/image\/","url":"https:\/\/ellotv.com.br\/site\/wp-content\/uploads\/2025\/11\/ello-logo-2.fw_.png","contentUrl":"https:\/\/ellotv.com.br\/site\/wp-content\/uploads\/2025\/11\/ello-logo-2.fw_.png","width":400,"height":146,"caption":"ELLO TV"},"image":{"@id":"https:\/\/ellotv.com.br\/site\/#\/schema\/logo\/image\/"}},{"@type":"Person","@id":"https:\/\/ellotv.com.br\/site\/#\/schema\/person\/2dbe3abaee38dcc7332fc8205cd2b15d","name":"ELLO TV","image":{"@type":"ImageObject","inLanguage":"pt-BR","@id":"https:\/\/secure.gravatar.com\/avatar\/c38242b9da8ec217ac3f0aaee31a54f7d7befb11b2b47fdbc8fb0fad60afa1c6?s=96&d=mm&r=g","url":"https:\/\/secure.gravatar.com\/avatar\/c38242b9da8ec217ac3f0aaee31a54f7d7befb11b2b47fdbc8fb0fad60afa1c6?s=96&d=mm&r=g","contentUrl":"https:\/\/secure.gravatar.com\/avatar\/c38242b9da8ec217ac3f0aaee31a54f7d7befb11b2b47fdbc8fb0fad60afa1c6?s=96&d=mm&r=g","caption":"ELLO TV"},"url":"https:\/\/ellotv.com.br\/site\/author\/elloagencia\/"}]}},"featured_image_urls":{"full":["https:\/\/ellotv.com.br\/site\/wp-content\/uploads\/2026\/02\/WhatsApp-Image-2026-02-06-at-11.38.24.jpeg",1080,1350,false],"thumbnail":["https:\/\/ellotv.com.br\/site\/wp-content\/uploads\/2026\/02\/WhatsApp-Image-2026-02-06-at-11.38.24-150x150.jpeg",150,150,true],"medium":["https:\/\/ellotv.com.br\/site\/wp-content\/uploads\/2026\/02\/WhatsApp-Image-2026-02-06-at-11.38.24-240x300.jpeg",240,300,true],"medium_large":["https:\/\/ellotv.com.br\/site\/wp-content\/uploads\/2026\/02\/WhatsApp-Image-2026-02-06-at-11.38.24-768x960.jpeg",640,800,true],"large":["https:\/\/ellotv.com.br\/site\/wp-content\/uploads\/2026\/02\/WhatsApp-Image-2026-02-06-at-11.38.24-819x1024.jpeg",640,800,true],"1536x1536":["https:\/\/ellotv.com.br\/site\/wp-content\/uploads\/2026\/02\/WhatsApp-Image-2026-02-06-at-11.38.24.jpeg",1080,1350,false],"2048x2048":["https:\/\/ellotv.com.br\/site\/wp-content\/uploads\/2026\/02\/WhatsApp-Image-2026-02-06-at-11.38.24.jpeg",1080,1350,false],"darknews-slider-full":["https:\/\/ellotv.com.br\/site\/wp-content\/uploads\/2026\/02\/WhatsApp-Image-2026-02-06-at-11.38.24-1080x720.jpeg",1080,720,true],"darknews-featured":["https:\/\/ellotv.com.br\/site\/wp-content\/uploads\/2026\/02\/WhatsApp-Image-2026-02-06-at-11.38.24-1024x1280.jpeg",1024,1280,true],"darknews-medium":["https:\/\/ellotv.com.br\/site\/wp-content\/uploads\/2026\/02\/WhatsApp-Image-2026-02-06-at-11.38.24-720x530.jpeg",720,530,true],"darknews-medium-square":["https:\/\/ellotv.com.br\/site\/wp-content\/uploads\/2026\/02\/WhatsApp-Image-2026-02-06-at-11.38.24-350x350.jpeg",350,350,true]},"author_info":{"info":["ELLO TV"]},"category_info":"<a href=\"https:\/\/ellotv.com.br\/site\/category\/ello\/\" rel=\"category tag\">Ello<\/a> <a href=\"https:\/\/ellotv.com.br\/site\/category\/noticias\/\" rel=\"category tag\">Noticias<\/a>","tag_info":"Noticias","comment_count":"0","_links":{"self":[{"href":"https:\/\/ellotv.com.br\/site\/wp-json\/wp\/v2\/posts\/4905","targetHints":{"allow":["GET"]}}],"collection":[{"href":"https:\/\/ellotv.com.br\/site\/wp-json\/wp\/v2\/posts"}],"about":[{"href":"https:\/\/ellotv.com.br\/site\/wp-json\/wp\/v2\/types\/post"}],"author":[{"embeddable":true,"href":"https:\/\/ellotv.com.br\/site\/wp-json\/wp\/v2\/users\/2"}],"replies":[{"embeddable":true,"href":"https:\/\/ellotv.com.br\/site\/wp-json\/wp\/v2\/comments?post=4905"}],"version-history":[{"count":2,"href":"https:\/\/ellotv.com.br\/site\/wp-json\/wp\/v2\/posts\/4905\/revisions"}],"predecessor-version":[{"id":4908,"href":"https:\/\/ellotv.com.br\/site\/wp-json\/wp\/v2\/posts\/4905\/revisions\/4908"}],"wp:featuredmedia":[{"embeddable":true,"href":"https:\/\/ellotv.com.br\/site\/wp-json\/wp\/v2\/media\/4906"}],"wp:attachment":[{"href":"https:\/\/ellotv.com.br\/site\/wp-json\/wp\/v2\/media?parent=4905"}],"wp:term":[{"taxonomy":"category","embeddable":true,"href":"https:\/\/ellotv.com.br\/site\/wp-json\/wp\/v2\/categories?post=4905"},{"taxonomy":"post_tag","embeddable":true,"href":"https:\/\/ellotv.com.br\/site\/wp-json\/wp\/v2\/tags?post=4905"}],"curies":[{"name":"wp","href":"https:\/\/api.w.org\/{rel}","templated":true}]}}