{"id":4921,"date":"2026-02-06T17:37:49","date_gmt":"2026-02-06T20:37:49","guid":{"rendered":"https:\/\/ellotv.com.br\/site\/?p=4921"},"modified":"2026-02-06T17:37:49","modified_gmt":"2026-02-06T20:37:49","slug":"olimpiadas-de-inverno-2026-sao-oficialmente-abertas","status":"publish","type":"post","link":"https:\/\/ellotv.com.br\/site\/2026\/02\/06\/olimpiadas-de-inverno-2026-sao-oficialmente-abertas\/","title":{"rendered":"Olimp\u00edadas de Inverno 2026 s\u00e3o oficialmente abertas"},"content":{"rendered":"<h2>Cerim\u00f4nia destacou cultura italiana, sustentabilidade e reuniu atletas de mais de 90 pa\u00edses<\/h2>\n<p data-start=\"240\" data-end=\"473\">As <strong data-start=\"243\" data-end=\"273\">Olimp\u00edadas de Inverno 2026<\/strong> foram oficialmente abertas nesta sexta-feira com uma cerim\u00f4nia marcada por emo\u00e7\u00e3o, inova\u00e7\u00e3o tecnol\u00f3gica e fortes refer\u00eancias culturais da It\u00e1lia, pa\u00eds-sede do evento ao lado de <strong data-start=\"451\" data-end=\"472\">Cortina d\u2019Ampezzo<\/strong>.<\/p>\n<p data-start=\"475\" data-end=\"620\">A abertura aconteceu em <strong data-start=\"499\" data-end=\"508\">Mil\u00e3o<\/strong> e deu in\u00edcio a mais de duas semanas de competi\u00e7\u00f5es entre os principais atletas de esportes de inverno do mundo.<\/p>\n<h3 data-start=\"627\" data-end=\"676\">Cultura, arte e futuro no centro do espet\u00e1culo<\/h3>\n<p data-start=\"678\" data-end=\"863\">O show apostou em uma narrativa que conectou hist\u00f3ria, arte e futuro, destacando desde as paisagens alpinas italianas at\u00e9 o papel da tecnologia e da sustentabilidade no esporte moderno.<\/p>\n<p data-start=\"865\" data-end=\"1057\">Proje\u00e7\u00f5es visuais, performances coreografadas e trilhas sonoras originais transformaram o est\u00e1dio em um grande palco multim\u00eddia, encantando o p\u00fablico presente e espectadores ao redor do mundo.<\/p>\n<h3 data-start=\"1064\" data-end=\"1106\">Desfile das delega\u00e7\u00f5es emociona p\u00fablico<\/h3>\n<p data-start=\"1108\" data-end=\"1245\">Um dos momentos mais simb\u00f3licos da noite foi o desfile das delega\u00e7\u00f5es, com atletas de mais de 90 pa\u00edses entrando no est\u00e1dio sob aplausos.<\/p>\n<p data-start=\"1247\" data-end=\"1412\">A delega\u00e7\u00e3o italiana, anfitri\u00e3 dos Jogos, recebeu entusiasmo especial, refor\u00e7ando o orgulho nacional em sediar novamente uma Olimp\u00edada de Inverno ap\u00f3s quase 20 anos.<\/p>\n<h3 data-start=\"1419\" data-end=\"1462\">Sustentabilidade e inclus\u00e3o como pilares<\/h3>\n<p data-start=\"1464\" data-end=\"1599\">A cerim\u00f4nia tamb\u00e9m evidenciou pautas contempor\u00e2neas como preserva\u00e7\u00e3o ambiental, inclus\u00e3o e diversidade \u2014 temas centrais da edi\u00e7\u00e3o 2026.<\/p>\n<p data-start=\"1601\" data-end=\"1770\">Os organizadores refor\u00e7aram o compromisso com Jogos mais sustent\u00e1veis, priorizando o uso reduzido de estruturas tempor\u00e1rias e o reaproveitamento de arenas j\u00e1 existentes.<\/p>\n<h3 data-start=\"1777\" data-end=\"1830\">Pira ol\u00edmpica marca in\u00edcio oficial das competi\u00e7\u00f5es<\/h3>\n<p data-start=\"1832\" data-end=\"1969\">O tradicional acendimento da pira ol\u00edmpica encerrou a noite, simbolizando o in\u00edcio oficial da competi\u00e7\u00e3o e renovando o esp\u00edrito ol\u00edmpico.<\/p>\n<p data-start=\"1971\" data-end=\"2043\">A chama permanecer\u00e1 acesa at\u00e9 a cerim\u00f4nia de encerramento, em fevereiro.<\/p>\n<p data-start=\"2045\" data-end=\"2177\">Com a abertura, come\u00e7am as disputas em modalidades como <strong data-start=\"2101\" data-end=\"2174\">esqui alpino, snowboard, patina\u00e7\u00e3o art\u00edstica, h\u00f3quei no gelo e biatlo<\/strong>.<\/p>\n<p data-start=\"2179\" data-end=\"2279\">A expectativa \u00e9 de performances hist\u00f3ricas, recordes e hist\u00f3rias marcantes dentro e fora das pistas.<\/p>\n","protected":false},"excerpt":{"rendered":"<p>Cerim\u00f4nia destacou cultura italiana, sustentabilidade e reuniu atletas de mais de 90 pa\u00edses As Olimp\u00edadas de Inverno 2026<\/p>\n","protected":false},"author":2,"featured_media":4922,"comment_status":"open","ping_status":"open","sticky":false,"template":"","format":"standard","meta":{"footnotes":""},"categories":[10,12],"tags":[],"class_list":["post-4921","post","type-post","status-publish","format-standard","has-post-thumbnail","hentry","category-mundo","category-noticias"],"yoast_head":"<!-- This site is optimized with the Yoast SEO plugin v28.3 - https:\/\/yoast.com\/product\/yoast-seo-wordpress\/ -->\n<title>Olimp\u00edadas de Inverno 2026 s\u00e3o oficialmente abertas - Ello TV<\/title>\n<meta name=\"description\" content=\"Olimp\u00edadas de Inverno 2026 s\u00e3o abertas em Mil\u00e3o com cerim\u00f4nia marcada por tecnologia, cultura italiana e sustentabilidade. Jogos re\u00fanem atletas de mais de 90 pa\u00edses.\" \/>\n<meta name=\"robots\" content=\"index, follow, max-snippet:-1, max-image-preview:large, max-video-preview:-1\" \/>\n<link rel=\"canonical\" href=\"https:\/\/ellotv.com.br\/site\/2026\/02\/06\/olimpiadas-de-inverno-2026-sao-oficialmente-abertas\/\" \/>\n<meta property=\"og:locale\" content=\"pt_BR\" \/>\n<meta property=\"og:type\" content=\"article\" \/>\n<meta property=\"og:title\" content=\"Olimp\u00edadas de Inverno 2026 s\u00e3o oficialmente abertas - Ello TV\" \/>\n<meta property=\"og:description\" content=\"Olimp\u00edadas de Inverno 2026 s\u00e3o abertas em Mil\u00e3o com cerim\u00f4nia marcada por tecnologia, cultura italiana e sustentabilidade. Jogos re\u00fanem atletas de mais de 90 pa\u00edses.\" \/>\n<meta property=\"og:url\" content=\"https:\/\/ellotv.com.br\/site\/2026\/02\/06\/olimpiadas-de-inverno-2026-sao-oficialmente-abertas\/\" \/>\n<meta property=\"og:site_name\" content=\"Ello TV\" \/>\n<meta property=\"article:published_time\" content=\"2026-02-06T20:37:49+00:00\" \/>\n<meta property=\"og:image\" content=\"https:\/\/ellotv.com.br\/site\/wp-content\/uploads\/2026\/02\/WhatsApp-Image-2026-02-06-at-17.18.44.jpeg\" \/>\n\t<meta property=\"og:image:width\" content=\"1292\" \/>\n\t<meta property=\"og:image:height\" content=\"568\" \/>\n\t<meta property=\"og:image:type\" content=\"image\/jpeg\" \/>\n<meta name=\"author\" content=\"ELLO TV\" \/>\n<meta name=\"twitter:card\" content=\"summary_large_image\" \/>\n<meta name=\"twitter:label1\" content=\"Escrito por\" \/>\n\t<meta name=\"twitter:data1\" content=\"ELLO TV\" \/>\n\t<meta name=\"twitter:label2\" content=\"Est. tempo de leitura\" \/>\n\t<meta name=\"twitter:data2\" content=\"2 minutos\" \/>\n<script type=\"application\/ld+json\" class=\"yoast-schema-graph\">{\"@context\":\"https:\\\/\\\/schema.org\",\"@graph\":[{\"@type\":\"Article\",\"@id\":\"https:\\\/\\\/ellotv.com.br\\\/site\\\/2026\\\/02\\\/06\\\/olimpiadas-de-inverno-2026-sao-oficialmente-abertas\\\/#article\",\"isPartOf\":{\"@id\":\"https:\\\/\\\/ellotv.com.br\\\/site\\\/2026\\\/02\\\/06\\\/olimpiadas-de-inverno-2026-sao-oficialmente-abertas\\\/\"},\"author\":{\"name\":\"ELLO TV\",\"@id\":\"https:\\\/\\\/ellotv.com.br\\\/site\\\/#\\\/schema\\\/person\\\/2dbe3abaee38dcc7332fc8205cd2b15d\"},\"headline\":\"Olimp\u00edadas de Inverno 2026 s\u00e3o oficialmente abertas\",\"datePublished\":\"2026-02-06T20:37:49+00:00\",\"mainEntityOfPage\":{\"@id\":\"https:\\\/\\\/ellotv.com.br\\\/site\\\/2026\\\/02\\\/06\\\/olimpiadas-de-inverno-2026-sao-oficialmente-abertas\\\/\"},\"wordCount\":360,\"commentCount\":0,\"publisher\":{\"@id\":\"https:\\\/\\\/ellotv.com.br\\\/site\\\/#organization\"},\"image\":{\"@id\":\"https:\\\/\\\/ellotv.com.br\\\/site\\\/2026\\\/02\\\/06\\\/olimpiadas-de-inverno-2026-sao-oficialmente-abertas\\\/#primaryimage\"},\"thumbnailUrl\":\"https:\\\/\\\/ellotv.com.br\\\/site\\\/wp-content\\\/uploads\\\/2026\\\/02\\\/WhatsApp-Image-2026-02-06-at-17.18.44.jpeg\",\"articleSection\":[\"Mundo\",\"Noticias\"],\"inLanguage\":\"pt-BR\",\"potentialAction\":[{\"@type\":\"CommentAction\",\"name\":\"Comment\",\"target\":[\"https:\\\/\\\/ellotv.com.br\\\/site\\\/2026\\\/02\\\/06\\\/olimpiadas-de-inverno-2026-sao-oficialmente-abertas\\\/#respond\"]}]},{\"@type\":\"WebPage\",\"@id\":\"https:\\\/\\\/ellotv.com.br\\\/site\\\/2026\\\/02\\\/06\\\/olimpiadas-de-inverno-2026-sao-oficialmente-abertas\\\/\",\"url\":\"https:\\\/\\\/ellotv.com.br\\\/site\\\/2026\\\/02\\\/06\\\/olimpiadas-de-inverno-2026-sao-oficialmente-abertas\\\/\",\"name\":\"Olimp\u00edadas de Inverno 2026 s\u00e3o oficialmente abertas - Ello TV\",\"isPartOf\":{\"@id\":\"https:\\\/\\\/ellotv.com.br\\\/site\\\/#website\"},\"primaryImageOfPage\":{\"@id\":\"https:\\\/\\\/ellotv.com.br\\\/site\\\/2026\\\/02\\\/06\\\/olimpiadas-de-inverno-2026-sao-oficialmente-abertas\\\/#primaryimage\"},\"image\":{\"@id\":\"https:\\\/\\\/ellotv.com.br\\\/site\\\/2026\\\/02\\\/06\\\/olimpiadas-de-inverno-2026-sao-oficialmente-abertas\\\/#primaryimage\"},\"thumbnailUrl\":\"https:\\\/\\\/ellotv.com.br\\\/site\\\/wp-content\\\/uploads\\\/2026\\\/02\\\/WhatsApp-Image-2026-02-06-at-17.18.44.jpeg\",\"datePublished\":\"2026-02-06T20:37:49+00:00\",\"description\":\"Olimp\u00edadas de Inverno 2026 s\u00e3o abertas em Mil\u00e3o com cerim\u00f4nia marcada por tecnologia, cultura italiana e sustentabilidade. Jogos re\u00fanem atletas de mais de 90 pa\u00edses.\",\"breadcrumb\":{\"@id\":\"https:\\\/\\\/ellotv.com.br\\\/site\\\/2026\\\/02\\\/06\\\/olimpiadas-de-inverno-2026-sao-oficialmente-abertas\\\/#breadcrumb\"},\"inLanguage\":\"pt-BR\",\"potentialAction\":[{\"@type\":\"ReadAction\",\"target\":[\"https:\\\/\\\/ellotv.com.br\\\/site\\\/2026\\\/02\\\/06\\\/olimpiadas-de-inverno-2026-sao-oficialmente-abertas\\\/\"]}]},{\"@type\":\"ImageObject\",\"inLanguage\":\"pt-BR\",\"@id\":\"https:\\\/\\\/ellotv.com.br\\\/site\\\/2026\\\/02\\\/06\\\/olimpiadas-de-inverno-2026-sao-oficialmente-abertas\\\/#primaryimage\",\"url\":\"https:\\\/\\\/ellotv.com.br\\\/site\\\/wp-content\\\/uploads\\\/2026\\\/02\\\/WhatsApp-Image-2026-02-06-at-17.18.44.jpeg\",\"contentUrl\":\"https:\\\/\\\/ellotv.com.br\\\/site\\\/wp-content\\\/uploads\\\/2026\\\/02\\\/WhatsApp-Image-2026-02-06-at-17.18.44.jpeg\",\"width\":1292,\"height\":568},{\"@type\":\"BreadcrumbList\",\"@id\":\"https:\\\/\\\/ellotv.com.br\\\/site\\\/2026\\\/02\\\/06\\\/olimpiadas-de-inverno-2026-sao-oficialmente-abertas\\\/#breadcrumb\",\"itemListElement\":[{\"@type\":\"ListItem\",\"position\":1,\"name\":\"In\u00edcio\",\"item\":\"https:\\\/\\\/ellotv.com.br\\\/site\\\/\"},{\"@type\":\"ListItem\",\"position\":2,\"name\":\"Olimp\u00edadas de Inverno 2026 s\u00e3o oficialmente abertas\"}]},{\"@type\":\"WebSite\",\"@id\":\"https:\\\/\\\/ellotv.com.br\\\/site\\\/#website\",\"url\":\"https:\\\/\\\/ellotv.com.br\\\/site\\\/\",\"name\":\"ELLO TV\",\"description\":\"\",\"publisher\":{\"@id\":\"https:\\\/\\\/ellotv.com.br\\\/site\\\/#organization\"},\"potentialAction\":[{\"@type\":\"SearchAction\",\"target\":{\"@type\":\"EntryPoint\",\"urlTemplate\":\"https:\\\/\\\/ellotv.com.br\\\/site\\\/?s={search_term_string}\"},\"query-input\":{\"@type\":\"PropertyValueSpecification\",\"valueRequired\":true,\"valueName\":\"search_term_string\"}}],\"inLanguage\":\"pt-BR\"},{\"@type\":\"Organization\",\"@id\":\"https:\\\/\\\/ellotv.com.br\\\/site\\\/#organization\",\"name\":\"ELLO TV\",\"url\":\"https:\\\/\\\/ellotv.com.br\\\/site\\\/\",\"logo\":{\"@type\":\"ImageObject\",\"inLanguage\":\"pt-BR\",\"@id\":\"https:\\\/\\\/ellotv.com.br\\\/site\\\/#\\\/schema\\\/logo\\\/image\\\/\",\"url\":\"https:\\\/\\\/ellotv.com.br\\\/site\\\/wp-content\\\/uploads\\\/2025\\\/11\\\/ello-logo-2.fw_.png\",\"contentUrl\":\"https:\\\/\\\/ellotv.com.br\\\/site\\\/wp-content\\\/uploads\\\/2025\\\/11\\\/ello-logo-2.fw_.png\",\"width\":400,\"height\":146,\"caption\":\"ELLO TV\"},\"image\":{\"@id\":\"https:\\\/\\\/ellotv.com.br\\\/site\\\/#\\\/schema\\\/logo\\\/image\\\/\"}},{\"@type\":\"Person\",\"@id\":\"https:\\\/\\\/ellotv.com.br\\\/site\\\/#\\\/schema\\\/person\\\/2dbe3abaee38dcc7332fc8205cd2b15d\",\"name\":\"ELLO TV\",\"image\":{\"@type\":\"ImageObject\",\"inLanguage\":\"pt-BR\",\"@id\":\"https:\\\/\\\/secure.gravatar.com\\\/avatar\\\/c38242b9da8ec217ac3f0aaee31a54f7d7befb11b2b47fdbc8fb0fad60afa1c6?s=96&d=mm&r=g\",\"url\":\"https:\\\/\\\/secure.gravatar.com\\\/avatar\\\/c38242b9da8ec217ac3f0aaee31a54f7d7befb11b2b47fdbc8fb0fad60afa1c6?s=96&d=mm&r=g\",\"contentUrl\":\"https:\\\/\\\/secure.gravatar.com\\\/avatar\\\/c38242b9da8ec217ac3f0aaee31a54f7d7befb11b2b47fdbc8fb0fad60afa1c6?s=96&d=mm&r=g\",\"caption\":\"ELLO TV\"},\"url\":\"https:\\\/\\\/ellotv.com.br\\\/site\\\/author\\\/elloagencia\\\/\"}]}<\/script>\n<!-- \/ Yoast SEO plugin. -->","yoast_head_json":{"title":"Olimp\u00edadas de Inverno 2026 s\u00e3o oficialmente abertas - Ello TV","description":"Olimp\u00edadas de Inverno 2026 s\u00e3o abertas em Mil\u00e3o com cerim\u00f4nia marcada por tecnologia, cultura italiana e sustentabilidade. Jogos re\u00fanem atletas de mais de 90 pa\u00edses.","robots":{"index":"index","follow":"follow","max-snippet":"max-snippet:-1","max-image-preview":"max-image-preview:large","max-video-preview":"max-video-preview:-1"},"canonical":"https:\/\/ellotv.com.br\/site\/2026\/02\/06\/olimpiadas-de-inverno-2026-sao-oficialmente-abertas\/","og_locale":"pt_BR","og_type":"article","og_title":"Olimp\u00edadas de Inverno 2026 s\u00e3o oficialmente abertas - Ello TV","og_description":"Olimp\u00edadas de Inverno 2026 s\u00e3o abertas em Mil\u00e3o com cerim\u00f4nia marcada por tecnologia, cultura italiana e sustentabilidade. Jogos re\u00fanem atletas de mais de 90 pa\u00edses.","og_url":"https:\/\/ellotv.com.br\/site\/2026\/02\/06\/olimpiadas-de-inverno-2026-sao-oficialmente-abertas\/","og_site_name":"Ello TV","article_published_time":"2026-02-06T20:37:49+00:00","og_image":[{"width":1292,"height":568,"url":"https:\/\/ellotv.com.br\/site\/wp-content\/uploads\/2026\/02\/WhatsApp-Image-2026-02-06-at-17.18.44.jpeg","type":"image\/jpeg"}],"author":"ELLO TV","twitter_card":"summary_large_image","twitter_misc":{"Escrito por":"ELLO TV","Est. tempo de leitura":"2 minutos"},"schema":{"@context":"https:\/\/schema.org","@graph":[{"@type":"Article","@id":"https:\/\/ellotv.com.br\/site\/2026\/02\/06\/olimpiadas-de-inverno-2026-sao-oficialmente-abertas\/#article","isPartOf":{"@id":"https:\/\/ellotv.com.br\/site\/2026\/02\/06\/olimpiadas-de-inverno-2026-sao-oficialmente-abertas\/"},"author":{"name":"ELLO TV","@id":"https:\/\/ellotv.com.br\/site\/#\/schema\/person\/2dbe3abaee38dcc7332fc8205cd2b15d"},"headline":"Olimp\u00edadas de Inverno 2026 s\u00e3o oficialmente abertas","datePublished":"2026-02-06T20:37:49+00:00","mainEntityOfPage":{"@id":"https:\/\/ellotv.com.br\/site\/2026\/02\/06\/olimpiadas-de-inverno-2026-sao-oficialmente-abertas\/"},"wordCount":360,"commentCount":0,"publisher":{"@id":"https:\/\/ellotv.com.br\/site\/#organization"},"image":{"@id":"https:\/\/ellotv.com.br\/site\/2026\/02\/06\/olimpiadas-de-inverno-2026-sao-oficialmente-abertas\/#primaryimage"},"thumbnailUrl":"https:\/\/ellotv.com.br\/site\/wp-content\/uploads\/2026\/02\/WhatsApp-Image-2026-02-06-at-17.18.44.jpeg","articleSection":["Mundo","Noticias"],"inLanguage":"pt-BR","potentialAction":[{"@type":"CommentAction","name":"Comment","target":["https:\/\/ellotv.com.br\/site\/2026\/02\/06\/olimpiadas-de-inverno-2026-sao-oficialmente-abertas\/#respond"]}]},{"@type":"WebPage","@id":"https:\/\/ellotv.com.br\/site\/2026\/02\/06\/olimpiadas-de-inverno-2026-sao-oficialmente-abertas\/","url":"https:\/\/ellotv.com.br\/site\/2026\/02\/06\/olimpiadas-de-inverno-2026-sao-oficialmente-abertas\/","name":"Olimp\u00edadas de Inverno 2026 s\u00e3o oficialmente abertas - Ello TV","isPartOf":{"@id":"https:\/\/ellotv.com.br\/site\/#website"},"primaryImageOfPage":{"@id":"https:\/\/ellotv.com.br\/site\/2026\/02\/06\/olimpiadas-de-inverno-2026-sao-oficialmente-abertas\/#primaryimage"},"image":{"@id":"https:\/\/ellotv.com.br\/site\/2026\/02\/06\/olimpiadas-de-inverno-2026-sao-oficialmente-abertas\/#primaryimage"},"thumbnailUrl":"https:\/\/ellotv.com.br\/site\/wp-content\/uploads\/2026\/02\/WhatsApp-Image-2026-02-06-at-17.18.44.jpeg","datePublished":"2026-02-06T20:37:49+00:00","description":"Olimp\u00edadas de Inverno 2026 s\u00e3o abertas em Mil\u00e3o com cerim\u00f4nia marcada por tecnologia, cultura italiana e sustentabilidade. Jogos re\u00fanem atletas de mais de 90 pa\u00edses.","breadcrumb":{"@id":"https:\/\/ellotv.com.br\/site\/2026\/02\/06\/olimpiadas-de-inverno-2026-sao-oficialmente-abertas\/#breadcrumb"},"inLanguage":"pt-BR","potentialAction":[{"@type":"ReadAction","target":["https:\/\/ellotv.com.br\/site\/2026\/02\/06\/olimpiadas-de-inverno-2026-sao-oficialmente-abertas\/"]}]},{"@type":"ImageObject","inLanguage":"pt-BR","@id":"https:\/\/ellotv.com.br\/site\/2026\/02\/06\/olimpiadas-de-inverno-2026-sao-oficialmente-abertas\/#primaryimage","url":"https:\/\/ellotv.com.br\/site\/wp-content\/uploads\/2026\/02\/WhatsApp-Image-2026-02-06-at-17.18.44.jpeg","contentUrl":"https:\/\/ellotv.com.br\/site\/wp-content\/uploads\/2026\/02\/WhatsApp-Image-2026-02-06-at-17.18.44.jpeg","width":1292,"height":568},{"@type":"BreadcrumbList","@id":"https:\/\/ellotv.com.br\/site\/2026\/02\/06\/olimpiadas-de-inverno-2026-sao-oficialmente-abertas\/#breadcrumb","itemListElement":[{"@type":"ListItem","position":1,"name":"In\u00edcio","item":"https:\/\/ellotv.com.br\/site\/"},{"@type":"ListItem","position":2,"name":"Olimp\u00edadas de Inverno 2026 s\u00e3o oficialmente abertas"}]},{"@type":"WebSite","@id":"https:\/\/ellotv.com.br\/site\/#website","url":"https:\/\/ellotv.com.br\/site\/","name":"ELLO TV","description":"","publisher":{"@id":"https:\/\/ellotv.com.br\/site\/#organization"},"potentialAction":[{"@type":"SearchAction","target":{"@type":"EntryPoint","urlTemplate":"https:\/\/ellotv.com.br\/site\/?s={search_term_string}"},"query-input":{"@type":"PropertyValueSpecification","valueRequired":true,"valueName":"search_term_string"}}],"inLanguage":"pt-BR"},{"@type":"Organization","@id":"https:\/\/ellotv.com.br\/site\/#organization","name":"ELLO TV","url":"https:\/\/ellotv.com.br\/site\/","logo":{"@type":"ImageObject","inLanguage":"pt-BR","@id":"https:\/\/ellotv.com.br\/site\/#\/schema\/logo\/image\/","url":"https:\/\/ellotv.com.br\/site\/wp-content\/uploads\/2025\/11\/ello-logo-2.fw_.png","contentUrl":"https:\/\/ellotv.com.br\/site\/wp-content\/uploads\/2025\/11\/ello-logo-2.fw_.png","width":400,"height":146,"caption":"ELLO TV"},"image":{"@id":"https:\/\/ellotv.com.br\/site\/#\/schema\/logo\/image\/"}},{"@type":"Person","@id":"https:\/\/ellotv.com.br\/site\/#\/schema\/person\/2dbe3abaee38dcc7332fc8205cd2b15d","name":"ELLO TV","image":{"@type":"ImageObject","inLanguage":"pt-BR","@id":"https:\/\/secure.gravatar.com\/avatar\/c38242b9da8ec217ac3f0aaee31a54f7d7befb11b2b47fdbc8fb0fad60afa1c6?s=96&d=mm&r=g","url":"https:\/\/secure.gravatar.com\/avatar\/c38242b9da8ec217ac3f0aaee31a54f7d7befb11b2b47fdbc8fb0fad60afa1c6?s=96&d=mm&r=g","contentUrl":"https:\/\/secure.gravatar.com\/avatar\/c38242b9da8ec217ac3f0aaee31a54f7d7befb11b2b47fdbc8fb0fad60afa1c6?s=96&d=mm&r=g","caption":"ELLO TV"},"url":"https:\/\/ellotv.com.br\/site\/author\/elloagencia\/"}]}},"featured_image_urls":{"full":["https:\/\/ellotv.com.br\/site\/wp-content\/uploads\/2026\/02\/WhatsApp-Image-2026-02-06-at-17.18.44.jpeg",1292,568,false],"thumbnail":["https:\/\/ellotv.com.br\/site\/wp-content\/uploads\/2026\/02\/WhatsApp-Image-2026-02-06-at-17.18.44-150x150.jpeg",150,150,true],"medium":["https:\/\/ellotv.com.br\/site\/wp-content\/uploads\/2026\/02\/WhatsApp-Image-2026-02-06-at-17.18.44-300x132.jpeg",300,132,true],"medium_large":["https:\/\/ellotv.com.br\/site\/wp-content\/uploads\/2026\/02\/WhatsApp-Image-2026-02-06-at-17.18.44-768x338.jpeg",640,282,true],"large":["https:\/\/ellotv.com.br\/site\/wp-content\/uploads\/2026\/02\/WhatsApp-Image-2026-02-06-at-17.18.44-1024x450.jpeg",640,281,true],"1536x1536":["https:\/\/ellotv.com.br\/site\/wp-content\/uploads\/2026\/02\/WhatsApp-Image-2026-02-06-at-17.18.44.jpeg",1292,568,false],"2048x2048":["https:\/\/ellotv.com.br\/site\/wp-content\/uploads\/2026\/02\/WhatsApp-Image-2026-02-06-at-17.18.44.jpeg",1292,568,false],"darknews-slider-full":["https:\/\/ellotv.com.br\/site\/wp-content\/uploads\/2026\/02\/WhatsApp-Image-2026-02-06-at-17.18.44-1280x568.jpeg",1280,568,true],"darknews-featured":["https:\/\/ellotv.com.br\/site\/wp-content\/uploads\/2026\/02\/WhatsApp-Image-2026-02-06-at-17.18.44-1024x450.jpeg",1024,450,true],"darknews-medium":["https:\/\/ellotv.com.br\/site\/wp-content\/uploads\/2026\/02\/WhatsApp-Image-2026-02-06-at-17.18.44-720x530.jpeg",720,530,true],"darknews-medium-square":["https:\/\/ellotv.com.br\/site\/wp-content\/uploads\/2026\/02\/WhatsApp-Image-2026-02-06-at-17.18.44-350x350.jpeg",350,350,true]},"author_info":{"info":["ELLO TV"]},"category_info":"<a href=\"https:\/\/ellotv.com.br\/site\/category\/mundo\/\" rel=\"category tag\">Mundo<\/a> <a href=\"https:\/\/ellotv.com.br\/site\/category\/noticias\/\" rel=\"category tag\">Noticias<\/a>","tag_info":"Noticias","comment_count":"0","_links":{"self":[{"href":"https:\/\/ellotv.com.br\/site\/wp-json\/wp\/v2\/posts\/4921","targetHints":{"allow":["GET"]}}],"collection":[{"href":"https:\/\/ellotv.com.br\/site\/wp-json\/wp\/v2\/posts"}],"about":[{"href":"https:\/\/ellotv.com.br\/site\/wp-json\/wp\/v2\/types\/post"}],"author":[{"embeddable":true,"href":"https:\/\/ellotv.com.br\/site\/wp-json\/wp\/v2\/users\/2"}],"replies":[{"embeddable":true,"href":"https:\/\/ellotv.com.br\/site\/wp-json\/wp\/v2\/comments?post=4921"}],"version-history":[{"count":1,"href":"https:\/\/ellotv.com.br\/site\/wp-json\/wp\/v2\/posts\/4921\/revisions"}],"predecessor-version":[{"id":4923,"href":"https:\/\/ellotv.com.br\/site\/wp-json\/wp\/v2\/posts\/4921\/revisions\/4923"}],"wp:featuredmedia":[{"embeddable":true,"href":"https:\/\/ellotv.com.br\/site\/wp-json\/wp\/v2\/media\/4922"}],"wp:attachment":[{"href":"https:\/\/ellotv.com.br\/site\/wp-json\/wp\/v2\/media?parent=4921"}],"wp:term":[{"taxonomy":"category","embeddable":true,"href":"https:\/\/ellotv.com.br\/site\/wp-json\/wp\/v2\/categories?post=4921"},{"taxonomy":"post_tag","embeddable":true,"href":"https:\/\/ellotv.com.br\/site\/wp-json\/wp\/v2\/tags?post=4921"}],"curies":[{"name":"wp","href":"https:\/\/api.w.org\/{rel}","templated":true}]}}