{"id":4926,"date":"2026-02-09T08:23:23","date_gmt":"2026-02-09T11:23:23","guid":{"rendered":"https:\/\/ellotv.com.br\/site\/?p=4926"},"modified":"2026-02-09T08:28:45","modified_gmt":"2026-02-09T11:28:45","slug":"programa-diga-la-poeta-recebe-ismenia-maria-no-episodio-81","status":"publish","type":"post","link":"https:\/\/ellotv.com.br\/site\/2026\/02\/09\/programa-diga-la-poeta-recebe-ismenia-maria-no-episodio-81\/","title":{"rendered":"Programa \u201cDiga L\u00e1 Poeta\u201d recebe Ismenia Maria no Epis\u00f3dio 81"},"content":{"rendered":"<h2 style=\"text-align: left;\" data-start=\"119\" data-end=\"207\">Jovem poetisa \u00e9 destaque em encontro marcado por sensibilidade e valoriza\u00e7\u00e3o cultural<\/h2>\n<p style=\"text-align: left;\" data-start=\"209\" data-end=\"328\">O <strong data-start=\"211\" data-end=\"237\">Programa Diga L\u00e1 Poeta<\/strong>, exibido pela <strong data-start=\"252\" data-end=\"263\">ELLO TV<\/strong>, segue encantando o p\u00fablico com momentos de arte e emo\u00e7\u00e3o. \u2728\ud83d\udcda<\/p>\n<p style=\"text-align: left;\" data-start=\"330\" data-end=\"545\">No <strong data-start=\"333\" data-end=\"348\">Epis\u00f3dio 81<\/strong>, os apresentadores <strong data-start=\"368\" data-end=\"384\">F\u00e1bio Renato<\/strong> e <strong data-start=\"387\" data-end=\"402\">Ruann Jorge<\/strong> recebem a poetisa <strong data-start=\"421\" data-end=\"438\">Ismenia Maria<\/strong>, uma crian\u00e7a apaixonada pela nossa cultura e que j\u00e1 impressiona ao transformar sentimentos em poesia.<\/p>\n<h3 style=\"text-align: left;\" data-start=\"552\" data-end=\"574\">Arte que nasce cedo<\/h3>\n<p style=\"text-align: left;\" data-start=\"576\" data-end=\"749\">O encontro promete ser leve, sens\u00edvel e cheio de significado, celebrando a for\u00e7a da arte que surge na inf\u00e2ncia e j\u00e1 carrega a identidade e as ra\u00edzes culturais do nosso povo.<\/p>\n<h3 style=\"text-align: left;\" data-start=\"756\" data-end=\"774\">Quando assistir<\/h3>\n<p style=\"text-align: left;\" data-start=\"776\" data-end=\"862\">\ud83d\udcc5 <strong data-start=\"779\" data-end=\"798\">13 de fevereiro<\/strong><br data-start=\"798\" data-end=\"801\" \/>\ud83d\udd56 <strong data-start=\"804\" data-end=\"814\">\u00c0s 19h<\/strong><br data-start=\"814\" data-end=\"817\" \/>\ud83d\udcfa <strong data-start=\"820\" data-end=\"862\">No canal oficial da ELLO TV no YouTube<\/strong><\/p>\n<h3 style=\"text-align: left;\" data-start=\"869\" data-end=\"877\">Apoio<\/h3>\n<p style=\"text-align: left;\" data-start=\"879\" data-end=\"974\">Pronto Mais Lab \u2022 Pronto Mais Clinic \u2022 Pronto Mais Farma \u2022 Pronto Mais Card \u2022 Pronto Mais Med<\/p>\n","protected":false},"excerpt":{"rendered":"<p>Jovem poetisa \u00e9 destaque em encontro marcado por sensibilidade e valoriza\u00e7\u00e3o cultural O Programa Diga L\u00e1 Poeta, exibido<\/p>\n","protected":false},"author":2,"featured_media":4927,"comment_status":"open","ping_status":"open","sticky":false,"template":"","format":"standard","meta":{"footnotes":""},"categories":[1,12],"tags":[],"class_list":["post-4926","post","type-post","status-publish","format-standard","has-post-thumbnail","hentry","category-ello","category-noticias"],"yoast_head":"<!-- This site is optimized with the Yoast SEO plugin v28.3 - https:\/\/yoast.com\/product\/yoast-seo-wordpress\/ -->\n<title>Programa \u201cDiga L\u00e1 Poeta\u201d recebe Ismenia Maria no Epis\u00f3dio 81 - Ello TV<\/title>\n<meta name=\"description\" content=\"Programa Diga L\u00e1 Poeta exibe o Epis\u00f3dio 81 com participa\u00e7\u00e3o da jovem poetisa Ismenia Maria. Arte, sensibilidade e cultura no dia 13 de fevereiro, \u00e0s 19h, no YouTube da ELLO TV.\" \/>\n<meta name=\"robots\" content=\"index, follow, max-snippet:-1, max-image-preview:large, max-video-preview:-1\" \/>\n<link rel=\"canonical\" href=\"https:\/\/ellotv.com.br\/site\/2026\/02\/09\/programa-diga-la-poeta-recebe-ismenia-maria-no-episodio-81\/\" \/>\n<meta property=\"og:locale\" content=\"pt_BR\" \/>\n<meta property=\"og:type\" content=\"article\" \/>\n<meta property=\"og:title\" content=\"Programa \u201cDiga L\u00e1 Poeta\u201d recebe Ismenia Maria no Epis\u00f3dio 81 - Ello TV\" \/>\n<meta property=\"og:description\" content=\"Programa Diga L\u00e1 Poeta exibe o Epis\u00f3dio 81 com participa\u00e7\u00e3o da jovem poetisa Ismenia Maria. Arte, sensibilidade e cultura no dia 13 de fevereiro, \u00e0s 19h, no YouTube da ELLO TV.\" \/>\n<meta property=\"og:url\" content=\"https:\/\/ellotv.com.br\/site\/2026\/02\/09\/programa-diga-la-poeta-recebe-ismenia-maria-no-episodio-81\/\" \/>\n<meta property=\"og:site_name\" content=\"Ello TV\" \/>\n<meta property=\"article:published_time\" content=\"2026-02-09T11:23:23+00:00\" \/>\n<meta property=\"article:modified_time\" content=\"2026-02-09T11:28:45+00:00\" \/>\n<meta property=\"og:image\" content=\"https:\/\/ellotv.com.br\/site\/wp-content\/uploads\/2026\/02\/WhatsApp-Image-2026-02-07-at-10.33.29.jpeg\" \/>\n\t<meta property=\"og:image:width\" content=\"1080\" \/>\n\t<meta property=\"og:image:height\" content=\"1350\" \/>\n\t<meta property=\"og:image:type\" content=\"image\/jpeg\" \/>\n<meta name=\"author\" content=\"ELLO TV\" \/>\n<meta name=\"twitter:card\" content=\"summary_large_image\" \/>\n<meta name=\"twitter:label1\" content=\"Escrito por\" \/>\n\t<meta name=\"twitter:data1\" content=\"ELLO TV\" \/>\n\t<meta name=\"twitter:label2\" content=\"Est. tempo de leitura\" \/>\n\t<meta name=\"twitter:data2\" content=\"1 minuto\" \/>\n<script type=\"application\/ld+json\" class=\"yoast-schema-graph\">{\"@context\":\"https:\\\/\\\/schema.org\",\"@graph\":[{\"@type\":\"Article\",\"@id\":\"https:\\\/\\\/ellotv.com.br\\\/site\\\/2026\\\/02\\\/09\\\/programa-diga-la-poeta-recebe-ismenia-maria-no-episodio-81\\\/#article\",\"isPartOf\":{\"@id\":\"https:\\\/\\\/ellotv.com.br\\\/site\\\/2026\\\/02\\\/09\\\/programa-diga-la-poeta-recebe-ismenia-maria-no-episodio-81\\\/\"},\"author\":{\"name\":\"ELLO TV\",\"@id\":\"https:\\\/\\\/ellotv.com.br\\\/site\\\/#\\\/schema\\\/person\\\/2dbe3abaee38dcc7332fc8205cd2b15d\"},\"headline\":\"Programa \u201cDiga L\u00e1 Poeta\u201d recebe Ismenia Maria no Epis\u00f3dio 81\",\"datePublished\":\"2026-02-09T11:23:23+00:00\",\"dateModified\":\"2026-02-09T11:28:45+00:00\",\"mainEntityOfPage\":{\"@id\":\"https:\\\/\\\/ellotv.com.br\\\/site\\\/2026\\\/02\\\/09\\\/programa-diga-la-poeta-recebe-ismenia-maria-no-episodio-81\\\/\"},\"wordCount\":144,\"commentCount\":0,\"publisher\":{\"@id\":\"https:\\\/\\\/ellotv.com.br\\\/site\\\/#organization\"},\"image\":{\"@id\":\"https:\\\/\\\/ellotv.com.br\\\/site\\\/2026\\\/02\\\/09\\\/programa-diga-la-poeta-recebe-ismenia-maria-no-episodio-81\\\/#primaryimage\"},\"thumbnailUrl\":\"https:\\\/\\\/ellotv.com.br\\\/site\\\/wp-content\\\/uploads\\\/2026\\\/02\\\/WhatsApp-Image-2026-02-07-at-10.33.29.jpeg\",\"articleSection\":[\"Ello\",\"Noticias\"],\"inLanguage\":\"pt-BR\",\"potentialAction\":[{\"@type\":\"CommentAction\",\"name\":\"Comment\",\"target\":[\"https:\\\/\\\/ellotv.com.br\\\/site\\\/2026\\\/02\\\/09\\\/programa-diga-la-poeta-recebe-ismenia-maria-no-episodio-81\\\/#respond\"]}]},{\"@type\":\"WebPage\",\"@id\":\"https:\\\/\\\/ellotv.com.br\\\/site\\\/2026\\\/02\\\/09\\\/programa-diga-la-poeta-recebe-ismenia-maria-no-episodio-81\\\/\",\"url\":\"https:\\\/\\\/ellotv.com.br\\\/site\\\/2026\\\/02\\\/09\\\/programa-diga-la-poeta-recebe-ismenia-maria-no-episodio-81\\\/\",\"name\":\"Programa \u201cDiga L\u00e1 Poeta\u201d recebe Ismenia Maria no Epis\u00f3dio 81 - Ello TV\",\"isPartOf\":{\"@id\":\"https:\\\/\\\/ellotv.com.br\\\/site\\\/#website\"},\"primaryImageOfPage\":{\"@id\":\"https:\\\/\\\/ellotv.com.br\\\/site\\\/2026\\\/02\\\/09\\\/programa-diga-la-poeta-recebe-ismenia-maria-no-episodio-81\\\/#primaryimage\"},\"image\":{\"@id\":\"https:\\\/\\\/ellotv.com.br\\\/site\\\/2026\\\/02\\\/09\\\/programa-diga-la-poeta-recebe-ismenia-maria-no-episodio-81\\\/#primaryimage\"},\"thumbnailUrl\":\"https:\\\/\\\/ellotv.com.br\\\/site\\\/wp-content\\\/uploads\\\/2026\\\/02\\\/WhatsApp-Image-2026-02-07-at-10.33.29.jpeg\",\"datePublished\":\"2026-02-09T11:23:23+00:00\",\"dateModified\":\"2026-02-09T11:28:45+00:00\",\"description\":\"Programa Diga L\u00e1 Poeta exibe o Epis\u00f3dio 81 com participa\u00e7\u00e3o da jovem poetisa Ismenia Maria. Arte, sensibilidade e cultura no dia 13 de fevereiro, \u00e0s 19h, no YouTube da ELLO TV.\",\"breadcrumb\":{\"@id\":\"https:\\\/\\\/ellotv.com.br\\\/site\\\/2026\\\/02\\\/09\\\/programa-diga-la-poeta-recebe-ismenia-maria-no-episodio-81\\\/#breadcrumb\"},\"inLanguage\":\"pt-BR\",\"potentialAction\":[{\"@type\":\"ReadAction\",\"target\":[\"https:\\\/\\\/ellotv.com.br\\\/site\\\/2026\\\/02\\\/09\\\/programa-diga-la-poeta-recebe-ismenia-maria-no-episodio-81\\\/\"]}]},{\"@type\":\"ImageObject\",\"inLanguage\":\"pt-BR\",\"@id\":\"https:\\\/\\\/ellotv.com.br\\\/site\\\/2026\\\/02\\\/09\\\/programa-diga-la-poeta-recebe-ismenia-maria-no-episodio-81\\\/#primaryimage\",\"url\":\"https:\\\/\\\/ellotv.com.br\\\/site\\\/wp-content\\\/uploads\\\/2026\\\/02\\\/WhatsApp-Image-2026-02-07-at-10.33.29.jpeg\",\"contentUrl\":\"https:\\\/\\\/ellotv.com.br\\\/site\\\/wp-content\\\/uploads\\\/2026\\\/02\\\/WhatsApp-Image-2026-02-07-at-10.33.29.jpeg\",\"width\":1080,\"height\":1350},{\"@type\":\"BreadcrumbList\",\"@id\":\"https:\\\/\\\/ellotv.com.br\\\/site\\\/2026\\\/02\\\/09\\\/programa-diga-la-poeta-recebe-ismenia-maria-no-episodio-81\\\/#breadcrumb\",\"itemListElement\":[{\"@type\":\"ListItem\",\"position\":1,\"name\":\"In\u00edcio\",\"item\":\"https:\\\/\\\/ellotv.com.br\\\/site\\\/\"},{\"@type\":\"ListItem\",\"position\":2,\"name\":\"Programa \u201cDiga L\u00e1 Poeta\u201d recebe Ismenia Maria no Epis\u00f3dio 81\"}]},{\"@type\":\"WebSite\",\"@id\":\"https:\\\/\\\/ellotv.com.br\\\/site\\\/#website\",\"url\":\"https:\\\/\\\/ellotv.com.br\\\/site\\\/\",\"name\":\"ELLO TV\",\"description\":\"\",\"publisher\":{\"@id\":\"https:\\\/\\\/ellotv.com.br\\\/site\\\/#organization\"},\"potentialAction\":[{\"@type\":\"SearchAction\",\"target\":{\"@type\":\"EntryPoint\",\"urlTemplate\":\"https:\\\/\\\/ellotv.com.br\\\/site\\\/?s={search_term_string}\"},\"query-input\":{\"@type\":\"PropertyValueSpecification\",\"valueRequired\":true,\"valueName\":\"search_term_string\"}}],\"inLanguage\":\"pt-BR\"},{\"@type\":\"Organization\",\"@id\":\"https:\\\/\\\/ellotv.com.br\\\/site\\\/#organization\",\"name\":\"ELLO TV\",\"url\":\"https:\\\/\\\/ellotv.com.br\\\/site\\\/\",\"logo\":{\"@type\":\"ImageObject\",\"inLanguage\":\"pt-BR\",\"@id\":\"https:\\\/\\\/ellotv.com.br\\\/site\\\/#\\\/schema\\\/logo\\\/image\\\/\",\"url\":\"https:\\\/\\\/ellotv.com.br\\\/site\\\/wp-content\\\/uploads\\\/2025\\\/11\\\/ello-logo-2.fw_.png\",\"contentUrl\":\"https:\\\/\\\/ellotv.com.br\\\/site\\\/wp-content\\\/uploads\\\/2025\\\/11\\\/ello-logo-2.fw_.png\",\"width\":400,\"height\":146,\"caption\":\"ELLO TV\"},\"image\":{\"@id\":\"https:\\\/\\\/ellotv.com.br\\\/site\\\/#\\\/schema\\\/logo\\\/image\\\/\"}},{\"@type\":\"Person\",\"@id\":\"https:\\\/\\\/ellotv.com.br\\\/site\\\/#\\\/schema\\\/person\\\/2dbe3abaee38dcc7332fc8205cd2b15d\",\"name\":\"ELLO TV\",\"image\":{\"@type\":\"ImageObject\",\"inLanguage\":\"pt-BR\",\"@id\":\"https:\\\/\\\/secure.gravatar.com\\\/avatar\\\/c38242b9da8ec217ac3f0aaee31a54f7d7befb11b2b47fdbc8fb0fad60afa1c6?s=96&d=mm&r=g\",\"url\":\"https:\\\/\\\/secure.gravatar.com\\\/avatar\\\/c38242b9da8ec217ac3f0aaee31a54f7d7befb11b2b47fdbc8fb0fad60afa1c6?s=96&d=mm&r=g\",\"contentUrl\":\"https:\\\/\\\/secure.gravatar.com\\\/avatar\\\/c38242b9da8ec217ac3f0aaee31a54f7d7befb11b2b47fdbc8fb0fad60afa1c6?s=96&d=mm&r=g\",\"caption\":\"ELLO TV\"},\"url\":\"https:\\\/\\\/ellotv.com.br\\\/site\\\/author\\\/elloagencia\\\/\"}]}<\/script>\n<!-- \/ Yoast SEO plugin. -->","yoast_head_json":{"title":"Programa \u201cDiga L\u00e1 Poeta\u201d recebe Ismenia Maria no Epis\u00f3dio 81 - Ello TV","description":"Programa Diga L\u00e1 Poeta exibe o Epis\u00f3dio 81 com participa\u00e7\u00e3o da jovem poetisa Ismenia Maria. Arte, sensibilidade e cultura no dia 13 de fevereiro, \u00e0s 19h, no YouTube da ELLO TV.","robots":{"index":"index","follow":"follow","max-snippet":"max-snippet:-1","max-image-preview":"max-image-preview:large","max-video-preview":"max-video-preview:-1"},"canonical":"https:\/\/ellotv.com.br\/site\/2026\/02\/09\/programa-diga-la-poeta-recebe-ismenia-maria-no-episodio-81\/","og_locale":"pt_BR","og_type":"article","og_title":"Programa \u201cDiga L\u00e1 Poeta\u201d recebe Ismenia Maria no Epis\u00f3dio 81 - Ello TV","og_description":"Programa Diga L\u00e1 Poeta exibe o Epis\u00f3dio 81 com participa\u00e7\u00e3o da jovem poetisa Ismenia Maria. Arte, sensibilidade e cultura no dia 13 de fevereiro, \u00e0s 19h, no YouTube da ELLO TV.","og_url":"https:\/\/ellotv.com.br\/site\/2026\/02\/09\/programa-diga-la-poeta-recebe-ismenia-maria-no-episodio-81\/","og_site_name":"Ello TV","article_published_time":"2026-02-09T11:23:23+00:00","article_modified_time":"2026-02-09T11:28:45+00:00","og_image":[{"width":1080,"height":1350,"url":"https:\/\/ellotv.com.br\/site\/wp-content\/uploads\/2026\/02\/WhatsApp-Image-2026-02-07-at-10.33.29.jpeg","type":"image\/jpeg"}],"author":"ELLO TV","twitter_card":"summary_large_image","twitter_misc":{"Escrito por":"ELLO TV","Est. tempo de leitura":"1 minuto"},"schema":{"@context":"https:\/\/schema.org","@graph":[{"@type":"Article","@id":"https:\/\/ellotv.com.br\/site\/2026\/02\/09\/programa-diga-la-poeta-recebe-ismenia-maria-no-episodio-81\/#article","isPartOf":{"@id":"https:\/\/ellotv.com.br\/site\/2026\/02\/09\/programa-diga-la-poeta-recebe-ismenia-maria-no-episodio-81\/"},"author":{"name":"ELLO TV","@id":"https:\/\/ellotv.com.br\/site\/#\/schema\/person\/2dbe3abaee38dcc7332fc8205cd2b15d"},"headline":"Programa \u201cDiga L\u00e1 Poeta\u201d recebe Ismenia Maria no Epis\u00f3dio 81","datePublished":"2026-02-09T11:23:23+00:00","dateModified":"2026-02-09T11:28:45+00:00","mainEntityOfPage":{"@id":"https:\/\/ellotv.com.br\/site\/2026\/02\/09\/programa-diga-la-poeta-recebe-ismenia-maria-no-episodio-81\/"},"wordCount":144,"commentCount":0,"publisher":{"@id":"https:\/\/ellotv.com.br\/site\/#organization"},"image":{"@id":"https:\/\/ellotv.com.br\/site\/2026\/02\/09\/programa-diga-la-poeta-recebe-ismenia-maria-no-episodio-81\/#primaryimage"},"thumbnailUrl":"https:\/\/ellotv.com.br\/site\/wp-content\/uploads\/2026\/02\/WhatsApp-Image-2026-02-07-at-10.33.29.jpeg","articleSection":["Ello","Noticias"],"inLanguage":"pt-BR","potentialAction":[{"@type":"CommentAction","name":"Comment","target":["https:\/\/ellotv.com.br\/site\/2026\/02\/09\/programa-diga-la-poeta-recebe-ismenia-maria-no-episodio-81\/#respond"]}]},{"@type":"WebPage","@id":"https:\/\/ellotv.com.br\/site\/2026\/02\/09\/programa-diga-la-poeta-recebe-ismenia-maria-no-episodio-81\/","url":"https:\/\/ellotv.com.br\/site\/2026\/02\/09\/programa-diga-la-poeta-recebe-ismenia-maria-no-episodio-81\/","name":"Programa \u201cDiga L\u00e1 Poeta\u201d recebe Ismenia Maria no Epis\u00f3dio 81 - Ello TV","isPartOf":{"@id":"https:\/\/ellotv.com.br\/site\/#website"},"primaryImageOfPage":{"@id":"https:\/\/ellotv.com.br\/site\/2026\/02\/09\/programa-diga-la-poeta-recebe-ismenia-maria-no-episodio-81\/#primaryimage"},"image":{"@id":"https:\/\/ellotv.com.br\/site\/2026\/02\/09\/programa-diga-la-poeta-recebe-ismenia-maria-no-episodio-81\/#primaryimage"},"thumbnailUrl":"https:\/\/ellotv.com.br\/site\/wp-content\/uploads\/2026\/02\/WhatsApp-Image-2026-02-07-at-10.33.29.jpeg","datePublished":"2026-02-09T11:23:23+00:00","dateModified":"2026-02-09T11:28:45+00:00","description":"Programa Diga L\u00e1 Poeta exibe o Epis\u00f3dio 81 com participa\u00e7\u00e3o da jovem poetisa Ismenia Maria. Arte, sensibilidade e cultura no dia 13 de fevereiro, \u00e0s 19h, no YouTube da ELLO TV.","breadcrumb":{"@id":"https:\/\/ellotv.com.br\/site\/2026\/02\/09\/programa-diga-la-poeta-recebe-ismenia-maria-no-episodio-81\/#breadcrumb"},"inLanguage":"pt-BR","potentialAction":[{"@type":"ReadAction","target":["https:\/\/ellotv.com.br\/site\/2026\/02\/09\/programa-diga-la-poeta-recebe-ismenia-maria-no-episodio-81\/"]}]},{"@type":"ImageObject","inLanguage":"pt-BR","@id":"https:\/\/ellotv.com.br\/site\/2026\/02\/09\/programa-diga-la-poeta-recebe-ismenia-maria-no-episodio-81\/#primaryimage","url":"https:\/\/ellotv.com.br\/site\/wp-content\/uploads\/2026\/02\/WhatsApp-Image-2026-02-07-at-10.33.29.jpeg","contentUrl":"https:\/\/ellotv.com.br\/site\/wp-content\/uploads\/2026\/02\/WhatsApp-Image-2026-02-07-at-10.33.29.jpeg","width":1080,"height":1350},{"@type":"BreadcrumbList","@id":"https:\/\/ellotv.com.br\/site\/2026\/02\/09\/programa-diga-la-poeta-recebe-ismenia-maria-no-episodio-81\/#breadcrumb","itemListElement":[{"@type":"ListItem","position":1,"name":"In\u00edcio","item":"https:\/\/ellotv.com.br\/site\/"},{"@type":"ListItem","position":2,"name":"Programa \u201cDiga L\u00e1 Poeta\u201d recebe Ismenia Maria no Epis\u00f3dio 81"}]},{"@type":"WebSite","@id":"https:\/\/ellotv.com.br\/site\/#website","url":"https:\/\/ellotv.com.br\/site\/","name":"ELLO TV","description":"","publisher":{"@id":"https:\/\/ellotv.com.br\/site\/#organization"},"potentialAction":[{"@type":"SearchAction","target":{"@type":"EntryPoint","urlTemplate":"https:\/\/ellotv.com.br\/site\/?s={search_term_string}"},"query-input":{"@type":"PropertyValueSpecification","valueRequired":true,"valueName":"search_term_string"}}],"inLanguage":"pt-BR"},{"@type":"Organization","@id":"https:\/\/ellotv.com.br\/site\/#organization","name":"ELLO TV","url":"https:\/\/ellotv.com.br\/site\/","logo":{"@type":"ImageObject","inLanguage":"pt-BR","@id":"https:\/\/ellotv.com.br\/site\/#\/schema\/logo\/image\/","url":"https:\/\/ellotv.com.br\/site\/wp-content\/uploads\/2025\/11\/ello-logo-2.fw_.png","contentUrl":"https:\/\/ellotv.com.br\/site\/wp-content\/uploads\/2025\/11\/ello-logo-2.fw_.png","width":400,"height":146,"caption":"ELLO TV"},"image":{"@id":"https:\/\/ellotv.com.br\/site\/#\/schema\/logo\/image\/"}},{"@type":"Person","@id":"https:\/\/ellotv.com.br\/site\/#\/schema\/person\/2dbe3abaee38dcc7332fc8205cd2b15d","name":"ELLO TV","image":{"@type":"ImageObject","inLanguage":"pt-BR","@id":"https:\/\/secure.gravatar.com\/avatar\/c38242b9da8ec217ac3f0aaee31a54f7d7befb11b2b47fdbc8fb0fad60afa1c6?s=96&d=mm&r=g","url":"https:\/\/secure.gravatar.com\/avatar\/c38242b9da8ec217ac3f0aaee31a54f7d7befb11b2b47fdbc8fb0fad60afa1c6?s=96&d=mm&r=g","contentUrl":"https:\/\/secure.gravatar.com\/avatar\/c38242b9da8ec217ac3f0aaee31a54f7d7befb11b2b47fdbc8fb0fad60afa1c6?s=96&d=mm&r=g","caption":"ELLO TV"},"url":"https:\/\/ellotv.com.br\/site\/author\/elloagencia\/"}]}},"featured_image_urls":{"full":["https:\/\/ellotv.com.br\/site\/wp-content\/uploads\/2026\/02\/WhatsApp-Image-2026-02-07-at-10.33.29.jpeg",1080,1350,false],"thumbnail":["https:\/\/ellotv.com.br\/site\/wp-content\/uploads\/2026\/02\/WhatsApp-Image-2026-02-07-at-10.33.29-150x150.jpeg",150,150,true],"medium":["https:\/\/ellotv.com.br\/site\/wp-content\/uploads\/2026\/02\/WhatsApp-Image-2026-02-07-at-10.33.29-240x300.jpeg",240,300,true],"medium_large":["https:\/\/ellotv.com.br\/site\/wp-content\/uploads\/2026\/02\/WhatsApp-Image-2026-02-07-at-10.33.29-768x960.jpeg",640,800,true],"large":["https:\/\/ellotv.com.br\/site\/wp-content\/uploads\/2026\/02\/WhatsApp-Image-2026-02-07-at-10.33.29-819x1024.jpeg",640,800,true],"1536x1536":["https:\/\/ellotv.com.br\/site\/wp-content\/uploads\/2026\/02\/WhatsApp-Image-2026-02-07-at-10.33.29.jpeg",1080,1350,false],"2048x2048":["https:\/\/ellotv.com.br\/site\/wp-content\/uploads\/2026\/02\/WhatsApp-Image-2026-02-07-at-10.33.29.jpeg",1080,1350,false],"darknews-slider-full":["https:\/\/ellotv.com.br\/site\/wp-content\/uploads\/2026\/02\/WhatsApp-Image-2026-02-07-at-10.33.29-1080x720.jpeg",1080,720,true],"darknews-featured":["https:\/\/ellotv.com.br\/site\/wp-content\/uploads\/2026\/02\/WhatsApp-Image-2026-02-07-at-10.33.29-1024x1280.jpeg",1024,1280,true],"darknews-medium":["https:\/\/ellotv.com.br\/site\/wp-content\/uploads\/2026\/02\/WhatsApp-Image-2026-02-07-at-10.33.29-720x530.jpeg",720,530,true],"darknews-medium-square":["https:\/\/ellotv.com.br\/site\/wp-content\/uploads\/2026\/02\/WhatsApp-Image-2026-02-07-at-10.33.29-350x350.jpeg",350,350,true]},"author_info":{"info":["ELLO TV"]},"category_info":"<a href=\"https:\/\/ellotv.com.br\/site\/category\/ello\/\" rel=\"category tag\">Ello<\/a> <a href=\"https:\/\/ellotv.com.br\/site\/category\/noticias\/\" rel=\"category tag\">Noticias<\/a>","tag_info":"Noticias","comment_count":"0","_links":{"self":[{"href":"https:\/\/ellotv.com.br\/site\/wp-json\/wp\/v2\/posts\/4926","targetHints":{"allow":["GET"]}}],"collection":[{"href":"https:\/\/ellotv.com.br\/site\/wp-json\/wp\/v2\/posts"}],"about":[{"href":"https:\/\/ellotv.com.br\/site\/wp-json\/wp\/v2\/types\/post"}],"author":[{"embeddable":true,"href":"https:\/\/ellotv.com.br\/site\/wp-json\/wp\/v2\/users\/2"}],"replies":[{"embeddable":true,"href":"https:\/\/ellotv.com.br\/site\/wp-json\/wp\/v2\/comments?post=4926"}],"version-history":[{"count":5,"href":"https:\/\/ellotv.com.br\/site\/wp-json\/wp\/v2\/posts\/4926\/revisions"}],"predecessor-version":[{"id":4932,"href":"https:\/\/ellotv.com.br\/site\/wp-json\/wp\/v2\/posts\/4926\/revisions\/4932"}],"wp:featuredmedia":[{"embeddable":true,"href":"https:\/\/ellotv.com.br\/site\/wp-json\/wp\/v2\/media\/4927"}],"wp:attachment":[{"href":"https:\/\/ellotv.com.br\/site\/wp-json\/wp\/v2\/media?parent=4926"}],"wp:term":[{"taxonomy":"category","embeddable":true,"href":"https:\/\/ellotv.com.br\/site\/wp-json\/wp\/v2\/categories?post=4926"},{"taxonomy":"post_tag","embeddable":true,"href":"https:\/\/ellotv.com.br\/site\/wp-json\/wp\/v2\/tags?post=4926"}],"curies":[{"name":"wp","href":"https:\/\/api.w.org\/{rel}","templated":true}]}}