{"id":4933,"date":"2026-02-09T08:26:41","date_gmt":"2026-02-09T11:26:41","guid":{"rendered":"https:\/\/ellotv.com.br\/site\/?p=4933"},"modified":"2026-02-09T08:28:42","modified_gmt":"2026-02-09T11:28:42","slug":"programa-super-acao-recebe-a-jovem-baterista-kaillany-emilly-no-episodio-72","status":"publish","type":"post","link":"https:\/\/ellotv.com.br\/site\/2026\/02\/09\/programa-super-acao-recebe-a-jovem-baterista-kaillany-emilly-no-episodio-72\/","title":{"rendered":"Programa \u201cSuper A\u00e7\u00e3o\u201d recebe a jovem baterista Kaillany Emilly no Epis\u00f3dio 72"},"content":{"rendered":"<h2>Andr\u00e9 Lu\u00eds entrevista talento mirim que vem se destacando na m\u00fasica<\/h2>\n<p data-start=\"208\" data-end=\"326\">O <strong data-start=\"210\" data-end=\"233\">Programa Super A\u00e7\u00e3o<\/strong>, da <strong data-start=\"238\" data-end=\"249\">ELLO TV<\/strong>, apresenta no Epis\u00f3dio 72 uma hist\u00f3ria inspiradora e cheia de energia. \ud83e\udd41\u2728<\/p>\n<p data-start=\"328\" data-end=\"422\">No dia 11, o apresentador <strong data-start=\"354\" data-end=\"368\">Andr\u00e9 Lu\u00eds<\/strong> recebe <strong data-start=\"376\" data-end=\"395\">Kaillany Emilly<\/strong>, diretamente de S\u00e3o Paulo.<\/p>\n<p data-start=\"424\" data-end=\"632\">Com apenas <strong data-start=\"435\" data-end=\"445\">9 anos<\/strong>, ela j\u00e1 se destaca como baterista e chama aten\u00e7\u00e3o pela personalidade forte, comunica\u00e7\u00e3o segura e determina\u00e7\u00e3o. Um talento precoce que mostra que atitude e amor pela m\u00fasica n\u00e3o t\u00eam idade.<\/p>\n<h3 data-start=\"639\" data-end=\"664\">Um epis\u00f3dio inspirador<\/h3>\n<p data-start=\"666\" data-end=\"810\">A edi\u00e7\u00e3o promete ser leve, emocionante e inspiradora, celebrando o potencial art\u00edstico das novas gera\u00e7\u00f5es e a for\u00e7a dos sonhos que come\u00e7am cedo.<\/p>\n<p data-start=\"812\" data-end=\"839\">\ud83d\udcfa <strong data-start=\"815\" data-end=\"837\">Ao vivo na ELLO TV<\/strong><\/p>\n<h3 data-start=\"846\" data-end=\"854\">Apoio<\/h3>\n<p data-start=\"856\" data-end=\"932\">@guilassje<br data-start=\"866\" data-end=\"869\" \/>@casashoppingconceito<br data-start=\"890\" data-end=\"893\" \/>@solartech_nordeste<br data-start=\"912\" data-end=\"915\" \/>@docesdemel1989<\/p>\n","protected":false},"excerpt":{"rendered":"<p>Andr\u00e9 Lu\u00eds entrevista talento mirim que vem se destacando na m\u00fasica O Programa Super A\u00e7\u00e3o, da ELLO TV,<\/p>\n","protected":false},"author":2,"featured_media":4934,"comment_status":"open","ping_status":"open","sticky":false,"template":"","format":"standard","meta":{"footnotes":""},"categories":[1,12],"tags":[],"class_list":["post-4933","post","type-post","status-publish","format-standard","has-post-thumbnail","hentry","category-ello","category-noticias"],"yoast_head":"<!-- This site is optimized with the Yoast SEO plugin v28.3 - https:\/\/yoast.com\/product\/yoast-seo-wordpress\/ -->\n<title>Programa \u201cSuper A\u00e7\u00e3o\u201d recebe a jovem baterista Kaillany Emilly no Epis\u00f3dio 72 - Ello TV<\/title>\n<meta name=\"description\" content=\"Programa Super A\u00e7\u00e3o recebe a jovem baterista Kaillany Emilly, de 9 anos, no Epis\u00f3dio 72. Talento, atitude e inspira\u00e7\u00e3o ao vivo na ELLO TV.\" \/>\n<meta name=\"robots\" content=\"index, follow, max-snippet:-1, max-image-preview:large, max-video-preview:-1\" \/>\n<link rel=\"canonical\" href=\"https:\/\/ellotv.com.br\/site\/2026\/02\/09\/programa-super-acao-recebe-a-jovem-baterista-kaillany-emilly-no-episodio-72\/\" \/>\n<meta property=\"og:locale\" content=\"pt_BR\" \/>\n<meta property=\"og:type\" content=\"article\" \/>\n<meta property=\"og:title\" content=\"Programa \u201cSuper A\u00e7\u00e3o\u201d recebe a jovem baterista Kaillany Emilly no Epis\u00f3dio 72 - Ello TV\" \/>\n<meta property=\"og:description\" content=\"Programa Super A\u00e7\u00e3o recebe a jovem baterista Kaillany Emilly, de 9 anos, no Epis\u00f3dio 72. Talento, atitude e inspira\u00e7\u00e3o ao vivo na ELLO TV.\" \/>\n<meta property=\"og:url\" content=\"https:\/\/ellotv.com.br\/site\/2026\/02\/09\/programa-super-acao-recebe-a-jovem-baterista-kaillany-emilly-no-episodio-72\/\" \/>\n<meta property=\"og:site_name\" content=\"Ello TV\" \/>\n<meta property=\"article:published_time\" content=\"2026-02-09T11:26:41+00:00\" \/>\n<meta property=\"article:modified_time\" content=\"2026-02-09T11:28:42+00:00\" \/>\n<meta property=\"og:image\" content=\"https:\/\/ellotv.com.br\/site\/wp-content\/uploads\/2026\/02\/WhatsApp-Image-2026-02-07-at-14.57.33.jpeg\" \/>\n\t<meta property=\"og:image:width\" content=\"1080\" \/>\n\t<meta property=\"og:image:height\" content=\"1350\" \/>\n\t<meta property=\"og:image:type\" content=\"image\/jpeg\" \/>\n<meta name=\"author\" content=\"ELLO TV\" \/>\n<meta name=\"twitter:card\" content=\"summary_large_image\" \/>\n<meta name=\"twitter:label1\" content=\"Escrito por\" \/>\n\t<meta name=\"twitter:data1\" content=\"ELLO TV\" \/>\n\t<meta name=\"twitter:label2\" content=\"Est. tempo de leitura\" \/>\n\t<meta name=\"twitter:data2\" content=\"1 minuto\" \/>\n<script type=\"application\/ld+json\" class=\"yoast-schema-graph\">{\"@context\":\"https:\\\/\\\/schema.org\",\"@graph\":[{\"@type\":\"Article\",\"@id\":\"https:\\\/\\\/ellotv.com.br\\\/site\\\/2026\\\/02\\\/09\\\/programa-super-acao-recebe-a-jovem-baterista-kaillany-emilly-no-episodio-72\\\/#article\",\"isPartOf\":{\"@id\":\"https:\\\/\\\/ellotv.com.br\\\/site\\\/2026\\\/02\\\/09\\\/programa-super-acao-recebe-a-jovem-baterista-kaillany-emilly-no-episodio-72\\\/\"},\"author\":{\"name\":\"ELLO TV\",\"@id\":\"https:\\\/\\\/ellotv.com.br\\\/site\\\/#\\\/schema\\\/person\\\/2dbe3abaee38dcc7332fc8205cd2b15d\"},\"headline\":\"Programa \u201cSuper A\u00e7\u00e3o\u201d recebe a jovem baterista Kaillany Emilly no Epis\u00f3dio 72\",\"datePublished\":\"2026-02-09T11:26:41+00:00\",\"dateModified\":\"2026-02-09T11:28:42+00:00\",\"mainEntityOfPage\":{\"@id\":\"https:\\\/\\\/ellotv.com.br\\\/site\\\/2026\\\/02\\\/09\\\/programa-super-acao-recebe-a-jovem-baterista-kaillany-emilly-no-episodio-72\\\/\"},\"wordCount\":143,\"commentCount\":0,\"publisher\":{\"@id\":\"https:\\\/\\\/ellotv.com.br\\\/site\\\/#organization\"},\"image\":{\"@id\":\"https:\\\/\\\/ellotv.com.br\\\/site\\\/2026\\\/02\\\/09\\\/programa-super-acao-recebe-a-jovem-baterista-kaillany-emilly-no-episodio-72\\\/#primaryimage\"},\"thumbnailUrl\":\"https:\\\/\\\/ellotv.com.br\\\/site\\\/wp-content\\\/uploads\\\/2026\\\/02\\\/WhatsApp-Image-2026-02-07-at-14.57.33.jpeg\",\"articleSection\":[\"Ello\",\"Noticias\"],\"inLanguage\":\"pt-BR\",\"potentialAction\":[{\"@type\":\"CommentAction\",\"name\":\"Comment\",\"target\":[\"https:\\\/\\\/ellotv.com.br\\\/site\\\/2026\\\/02\\\/09\\\/programa-super-acao-recebe-a-jovem-baterista-kaillany-emilly-no-episodio-72\\\/#respond\"]}]},{\"@type\":\"WebPage\",\"@id\":\"https:\\\/\\\/ellotv.com.br\\\/site\\\/2026\\\/02\\\/09\\\/programa-super-acao-recebe-a-jovem-baterista-kaillany-emilly-no-episodio-72\\\/\",\"url\":\"https:\\\/\\\/ellotv.com.br\\\/site\\\/2026\\\/02\\\/09\\\/programa-super-acao-recebe-a-jovem-baterista-kaillany-emilly-no-episodio-72\\\/\",\"name\":\"Programa \u201cSuper A\u00e7\u00e3o\u201d recebe a jovem baterista Kaillany Emilly no Epis\u00f3dio 72 - Ello TV\",\"isPartOf\":{\"@id\":\"https:\\\/\\\/ellotv.com.br\\\/site\\\/#website\"},\"primaryImageOfPage\":{\"@id\":\"https:\\\/\\\/ellotv.com.br\\\/site\\\/2026\\\/02\\\/09\\\/programa-super-acao-recebe-a-jovem-baterista-kaillany-emilly-no-episodio-72\\\/#primaryimage\"},\"image\":{\"@id\":\"https:\\\/\\\/ellotv.com.br\\\/site\\\/2026\\\/02\\\/09\\\/programa-super-acao-recebe-a-jovem-baterista-kaillany-emilly-no-episodio-72\\\/#primaryimage\"},\"thumbnailUrl\":\"https:\\\/\\\/ellotv.com.br\\\/site\\\/wp-content\\\/uploads\\\/2026\\\/02\\\/WhatsApp-Image-2026-02-07-at-14.57.33.jpeg\",\"datePublished\":\"2026-02-09T11:26:41+00:00\",\"dateModified\":\"2026-02-09T11:28:42+00:00\",\"description\":\"Programa Super A\u00e7\u00e3o recebe a jovem baterista Kaillany Emilly, de 9 anos, no Epis\u00f3dio 72. Talento, atitude e inspira\u00e7\u00e3o ao vivo na ELLO TV.\",\"breadcrumb\":{\"@id\":\"https:\\\/\\\/ellotv.com.br\\\/site\\\/2026\\\/02\\\/09\\\/programa-super-acao-recebe-a-jovem-baterista-kaillany-emilly-no-episodio-72\\\/#breadcrumb\"},\"inLanguage\":\"pt-BR\",\"potentialAction\":[{\"@type\":\"ReadAction\",\"target\":[\"https:\\\/\\\/ellotv.com.br\\\/site\\\/2026\\\/02\\\/09\\\/programa-super-acao-recebe-a-jovem-baterista-kaillany-emilly-no-episodio-72\\\/\"]}]},{\"@type\":\"ImageObject\",\"inLanguage\":\"pt-BR\",\"@id\":\"https:\\\/\\\/ellotv.com.br\\\/site\\\/2026\\\/02\\\/09\\\/programa-super-acao-recebe-a-jovem-baterista-kaillany-emilly-no-episodio-72\\\/#primaryimage\",\"url\":\"https:\\\/\\\/ellotv.com.br\\\/site\\\/wp-content\\\/uploads\\\/2026\\\/02\\\/WhatsApp-Image-2026-02-07-at-14.57.33.jpeg\",\"contentUrl\":\"https:\\\/\\\/ellotv.com.br\\\/site\\\/wp-content\\\/uploads\\\/2026\\\/02\\\/WhatsApp-Image-2026-02-07-at-14.57.33.jpeg\",\"width\":1080,\"height\":1350},{\"@type\":\"BreadcrumbList\",\"@id\":\"https:\\\/\\\/ellotv.com.br\\\/site\\\/2026\\\/02\\\/09\\\/programa-super-acao-recebe-a-jovem-baterista-kaillany-emilly-no-episodio-72\\\/#breadcrumb\",\"itemListElement\":[{\"@type\":\"ListItem\",\"position\":1,\"name\":\"In\u00edcio\",\"item\":\"https:\\\/\\\/ellotv.com.br\\\/site\\\/\"},{\"@type\":\"ListItem\",\"position\":2,\"name\":\"Programa \u201cSuper A\u00e7\u00e3o\u201d recebe a jovem baterista Kaillany Emilly no Epis\u00f3dio 72\"}]},{\"@type\":\"WebSite\",\"@id\":\"https:\\\/\\\/ellotv.com.br\\\/site\\\/#website\",\"url\":\"https:\\\/\\\/ellotv.com.br\\\/site\\\/\",\"name\":\"ELLO TV\",\"description\":\"\",\"publisher\":{\"@id\":\"https:\\\/\\\/ellotv.com.br\\\/site\\\/#organization\"},\"potentialAction\":[{\"@type\":\"SearchAction\",\"target\":{\"@type\":\"EntryPoint\",\"urlTemplate\":\"https:\\\/\\\/ellotv.com.br\\\/site\\\/?s={search_term_string}\"},\"query-input\":{\"@type\":\"PropertyValueSpecification\",\"valueRequired\":true,\"valueName\":\"search_term_string\"}}],\"inLanguage\":\"pt-BR\"},{\"@type\":\"Organization\",\"@id\":\"https:\\\/\\\/ellotv.com.br\\\/site\\\/#organization\",\"name\":\"ELLO TV\",\"url\":\"https:\\\/\\\/ellotv.com.br\\\/site\\\/\",\"logo\":{\"@type\":\"ImageObject\",\"inLanguage\":\"pt-BR\",\"@id\":\"https:\\\/\\\/ellotv.com.br\\\/site\\\/#\\\/schema\\\/logo\\\/image\\\/\",\"url\":\"https:\\\/\\\/ellotv.com.br\\\/site\\\/wp-content\\\/uploads\\\/2025\\\/11\\\/ello-logo-2.fw_.png\",\"contentUrl\":\"https:\\\/\\\/ellotv.com.br\\\/site\\\/wp-content\\\/uploads\\\/2025\\\/11\\\/ello-logo-2.fw_.png\",\"width\":400,\"height\":146,\"caption\":\"ELLO TV\"},\"image\":{\"@id\":\"https:\\\/\\\/ellotv.com.br\\\/site\\\/#\\\/schema\\\/logo\\\/image\\\/\"}},{\"@type\":\"Person\",\"@id\":\"https:\\\/\\\/ellotv.com.br\\\/site\\\/#\\\/schema\\\/person\\\/2dbe3abaee38dcc7332fc8205cd2b15d\",\"name\":\"ELLO TV\",\"image\":{\"@type\":\"ImageObject\",\"inLanguage\":\"pt-BR\",\"@id\":\"https:\\\/\\\/secure.gravatar.com\\\/avatar\\\/c38242b9da8ec217ac3f0aaee31a54f7d7befb11b2b47fdbc8fb0fad60afa1c6?s=96&d=mm&r=g\",\"url\":\"https:\\\/\\\/secure.gravatar.com\\\/avatar\\\/c38242b9da8ec217ac3f0aaee31a54f7d7befb11b2b47fdbc8fb0fad60afa1c6?s=96&d=mm&r=g\",\"contentUrl\":\"https:\\\/\\\/secure.gravatar.com\\\/avatar\\\/c38242b9da8ec217ac3f0aaee31a54f7d7befb11b2b47fdbc8fb0fad60afa1c6?s=96&d=mm&r=g\",\"caption\":\"ELLO TV\"},\"url\":\"https:\\\/\\\/ellotv.com.br\\\/site\\\/author\\\/elloagencia\\\/\"}]}<\/script>\n<!-- \/ Yoast SEO plugin. -->","yoast_head_json":{"title":"Programa \u201cSuper A\u00e7\u00e3o\u201d recebe a jovem baterista Kaillany Emilly no Epis\u00f3dio 72 - Ello TV","description":"Programa Super A\u00e7\u00e3o recebe a jovem baterista Kaillany Emilly, de 9 anos, no Epis\u00f3dio 72. Talento, atitude e inspira\u00e7\u00e3o ao vivo na ELLO TV.","robots":{"index":"index","follow":"follow","max-snippet":"max-snippet:-1","max-image-preview":"max-image-preview:large","max-video-preview":"max-video-preview:-1"},"canonical":"https:\/\/ellotv.com.br\/site\/2026\/02\/09\/programa-super-acao-recebe-a-jovem-baterista-kaillany-emilly-no-episodio-72\/","og_locale":"pt_BR","og_type":"article","og_title":"Programa \u201cSuper A\u00e7\u00e3o\u201d recebe a jovem baterista Kaillany Emilly no Epis\u00f3dio 72 - Ello TV","og_description":"Programa Super A\u00e7\u00e3o recebe a jovem baterista Kaillany Emilly, de 9 anos, no Epis\u00f3dio 72. Talento, atitude e inspira\u00e7\u00e3o ao vivo na ELLO TV.","og_url":"https:\/\/ellotv.com.br\/site\/2026\/02\/09\/programa-super-acao-recebe-a-jovem-baterista-kaillany-emilly-no-episodio-72\/","og_site_name":"Ello TV","article_published_time":"2026-02-09T11:26:41+00:00","article_modified_time":"2026-02-09T11:28:42+00:00","og_image":[{"width":1080,"height":1350,"url":"https:\/\/ellotv.com.br\/site\/wp-content\/uploads\/2026\/02\/WhatsApp-Image-2026-02-07-at-14.57.33.jpeg","type":"image\/jpeg"}],"author":"ELLO TV","twitter_card":"summary_large_image","twitter_misc":{"Escrito por":"ELLO TV","Est. tempo de leitura":"1 minuto"},"schema":{"@context":"https:\/\/schema.org","@graph":[{"@type":"Article","@id":"https:\/\/ellotv.com.br\/site\/2026\/02\/09\/programa-super-acao-recebe-a-jovem-baterista-kaillany-emilly-no-episodio-72\/#article","isPartOf":{"@id":"https:\/\/ellotv.com.br\/site\/2026\/02\/09\/programa-super-acao-recebe-a-jovem-baterista-kaillany-emilly-no-episodio-72\/"},"author":{"name":"ELLO TV","@id":"https:\/\/ellotv.com.br\/site\/#\/schema\/person\/2dbe3abaee38dcc7332fc8205cd2b15d"},"headline":"Programa \u201cSuper A\u00e7\u00e3o\u201d recebe a jovem baterista Kaillany Emilly no Epis\u00f3dio 72","datePublished":"2026-02-09T11:26:41+00:00","dateModified":"2026-02-09T11:28:42+00:00","mainEntityOfPage":{"@id":"https:\/\/ellotv.com.br\/site\/2026\/02\/09\/programa-super-acao-recebe-a-jovem-baterista-kaillany-emilly-no-episodio-72\/"},"wordCount":143,"commentCount":0,"publisher":{"@id":"https:\/\/ellotv.com.br\/site\/#organization"},"image":{"@id":"https:\/\/ellotv.com.br\/site\/2026\/02\/09\/programa-super-acao-recebe-a-jovem-baterista-kaillany-emilly-no-episodio-72\/#primaryimage"},"thumbnailUrl":"https:\/\/ellotv.com.br\/site\/wp-content\/uploads\/2026\/02\/WhatsApp-Image-2026-02-07-at-14.57.33.jpeg","articleSection":["Ello","Noticias"],"inLanguage":"pt-BR","potentialAction":[{"@type":"CommentAction","name":"Comment","target":["https:\/\/ellotv.com.br\/site\/2026\/02\/09\/programa-super-acao-recebe-a-jovem-baterista-kaillany-emilly-no-episodio-72\/#respond"]}]},{"@type":"WebPage","@id":"https:\/\/ellotv.com.br\/site\/2026\/02\/09\/programa-super-acao-recebe-a-jovem-baterista-kaillany-emilly-no-episodio-72\/","url":"https:\/\/ellotv.com.br\/site\/2026\/02\/09\/programa-super-acao-recebe-a-jovem-baterista-kaillany-emilly-no-episodio-72\/","name":"Programa \u201cSuper A\u00e7\u00e3o\u201d recebe a jovem baterista Kaillany Emilly no Epis\u00f3dio 72 - Ello TV","isPartOf":{"@id":"https:\/\/ellotv.com.br\/site\/#website"},"primaryImageOfPage":{"@id":"https:\/\/ellotv.com.br\/site\/2026\/02\/09\/programa-super-acao-recebe-a-jovem-baterista-kaillany-emilly-no-episodio-72\/#primaryimage"},"image":{"@id":"https:\/\/ellotv.com.br\/site\/2026\/02\/09\/programa-super-acao-recebe-a-jovem-baterista-kaillany-emilly-no-episodio-72\/#primaryimage"},"thumbnailUrl":"https:\/\/ellotv.com.br\/site\/wp-content\/uploads\/2026\/02\/WhatsApp-Image-2026-02-07-at-14.57.33.jpeg","datePublished":"2026-02-09T11:26:41+00:00","dateModified":"2026-02-09T11:28:42+00:00","description":"Programa Super A\u00e7\u00e3o recebe a jovem baterista Kaillany Emilly, de 9 anos, no Epis\u00f3dio 72. Talento, atitude e inspira\u00e7\u00e3o ao vivo na ELLO TV.","breadcrumb":{"@id":"https:\/\/ellotv.com.br\/site\/2026\/02\/09\/programa-super-acao-recebe-a-jovem-baterista-kaillany-emilly-no-episodio-72\/#breadcrumb"},"inLanguage":"pt-BR","potentialAction":[{"@type":"ReadAction","target":["https:\/\/ellotv.com.br\/site\/2026\/02\/09\/programa-super-acao-recebe-a-jovem-baterista-kaillany-emilly-no-episodio-72\/"]}]},{"@type":"ImageObject","inLanguage":"pt-BR","@id":"https:\/\/ellotv.com.br\/site\/2026\/02\/09\/programa-super-acao-recebe-a-jovem-baterista-kaillany-emilly-no-episodio-72\/#primaryimage","url":"https:\/\/ellotv.com.br\/site\/wp-content\/uploads\/2026\/02\/WhatsApp-Image-2026-02-07-at-14.57.33.jpeg","contentUrl":"https:\/\/ellotv.com.br\/site\/wp-content\/uploads\/2026\/02\/WhatsApp-Image-2026-02-07-at-14.57.33.jpeg","width":1080,"height":1350},{"@type":"BreadcrumbList","@id":"https:\/\/ellotv.com.br\/site\/2026\/02\/09\/programa-super-acao-recebe-a-jovem-baterista-kaillany-emilly-no-episodio-72\/#breadcrumb","itemListElement":[{"@type":"ListItem","position":1,"name":"In\u00edcio","item":"https:\/\/ellotv.com.br\/site\/"},{"@type":"ListItem","position":2,"name":"Programa \u201cSuper A\u00e7\u00e3o\u201d recebe a jovem baterista Kaillany Emilly no Epis\u00f3dio 72"}]},{"@type":"WebSite","@id":"https:\/\/ellotv.com.br\/site\/#website","url":"https:\/\/ellotv.com.br\/site\/","name":"ELLO TV","description":"","publisher":{"@id":"https:\/\/ellotv.com.br\/site\/#organization"},"potentialAction":[{"@type":"SearchAction","target":{"@type":"EntryPoint","urlTemplate":"https:\/\/ellotv.com.br\/site\/?s={search_term_string}"},"query-input":{"@type":"PropertyValueSpecification","valueRequired":true,"valueName":"search_term_string"}}],"inLanguage":"pt-BR"},{"@type":"Organization","@id":"https:\/\/ellotv.com.br\/site\/#organization","name":"ELLO TV","url":"https:\/\/ellotv.com.br\/site\/","logo":{"@type":"ImageObject","inLanguage":"pt-BR","@id":"https:\/\/ellotv.com.br\/site\/#\/schema\/logo\/image\/","url":"https:\/\/ellotv.com.br\/site\/wp-content\/uploads\/2025\/11\/ello-logo-2.fw_.png","contentUrl":"https:\/\/ellotv.com.br\/site\/wp-content\/uploads\/2025\/11\/ello-logo-2.fw_.png","width":400,"height":146,"caption":"ELLO TV"},"image":{"@id":"https:\/\/ellotv.com.br\/site\/#\/schema\/logo\/image\/"}},{"@type":"Person","@id":"https:\/\/ellotv.com.br\/site\/#\/schema\/person\/2dbe3abaee38dcc7332fc8205cd2b15d","name":"ELLO TV","image":{"@type":"ImageObject","inLanguage":"pt-BR","@id":"https:\/\/secure.gravatar.com\/avatar\/c38242b9da8ec217ac3f0aaee31a54f7d7befb11b2b47fdbc8fb0fad60afa1c6?s=96&d=mm&r=g","url":"https:\/\/secure.gravatar.com\/avatar\/c38242b9da8ec217ac3f0aaee31a54f7d7befb11b2b47fdbc8fb0fad60afa1c6?s=96&d=mm&r=g","contentUrl":"https:\/\/secure.gravatar.com\/avatar\/c38242b9da8ec217ac3f0aaee31a54f7d7befb11b2b47fdbc8fb0fad60afa1c6?s=96&d=mm&r=g","caption":"ELLO TV"},"url":"https:\/\/ellotv.com.br\/site\/author\/elloagencia\/"}]}},"featured_image_urls":{"full":["https:\/\/ellotv.com.br\/site\/wp-content\/uploads\/2026\/02\/WhatsApp-Image-2026-02-07-at-14.57.33.jpeg",1080,1350,false],"thumbnail":["https:\/\/ellotv.com.br\/site\/wp-content\/uploads\/2026\/02\/WhatsApp-Image-2026-02-07-at-14.57.33-150x150.jpeg",150,150,true],"medium":["https:\/\/ellotv.com.br\/site\/wp-content\/uploads\/2026\/02\/WhatsApp-Image-2026-02-07-at-14.57.33-240x300.jpeg",240,300,true],"medium_large":["https:\/\/ellotv.com.br\/site\/wp-content\/uploads\/2026\/02\/WhatsApp-Image-2026-02-07-at-14.57.33-768x960.jpeg",640,800,true],"large":["https:\/\/ellotv.com.br\/site\/wp-content\/uploads\/2026\/02\/WhatsApp-Image-2026-02-07-at-14.57.33-819x1024.jpeg",640,800,true],"1536x1536":["https:\/\/ellotv.com.br\/site\/wp-content\/uploads\/2026\/02\/WhatsApp-Image-2026-02-07-at-14.57.33.jpeg",1080,1350,false],"2048x2048":["https:\/\/ellotv.com.br\/site\/wp-content\/uploads\/2026\/02\/WhatsApp-Image-2026-02-07-at-14.57.33.jpeg",1080,1350,false],"darknews-slider-full":["https:\/\/ellotv.com.br\/site\/wp-content\/uploads\/2026\/02\/WhatsApp-Image-2026-02-07-at-14.57.33-1080x720.jpeg",1080,720,true],"darknews-featured":["https:\/\/ellotv.com.br\/site\/wp-content\/uploads\/2026\/02\/WhatsApp-Image-2026-02-07-at-14.57.33-1024x1280.jpeg",1024,1280,true],"darknews-medium":["https:\/\/ellotv.com.br\/site\/wp-content\/uploads\/2026\/02\/WhatsApp-Image-2026-02-07-at-14.57.33-720x530.jpeg",720,530,true],"darknews-medium-square":["https:\/\/ellotv.com.br\/site\/wp-content\/uploads\/2026\/02\/WhatsApp-Image-2026-02-07-at-14.57.33-350x350.jpeg",350,350,true]},"author_info":{"info":["ELLO TV"]},"category_info":"<a href=\"https:\/\/ellotv.com.br\/site\/category\/ello\/\" rel=\"category tag\">Ello<\/a> <a href=\"https:\/\/ellotv.com.br\/site\/category\/noticias\/\" rel=\"category tag\">Noticias<\/a>","tag_info":"Noticias","comment_count":"0","_links":{"self":[{"href":"https:\/\/ellotv.com.br\/site\/wp-json\/wp\/v2\/posts\/4933","targetHints":{"allow":["GET"]}}],"collection":[{"href":"https:\/\/ellotv.com.br\/site\/wp-json\/wp\/v2\/posts"}],"about":[{"href":"https:\/\/ellotv.com.br\/site\/wp-json\/wp\/v2\/types\/post"}],"author":[{"embeddable":true,"href":"https:\/\/ellotv.com.br\/site\/wp-json\/wp\/v2\/users\/2"}],"replies":[{"embeddable":true,"href":"https:\/\/ellotv.com.br\/site\/wp-json\/wp\/v2\/comments?post=4933"}],"version-history":[{"count":1,"href":"https:\/\/ellotv.com.br\/site\/wp-json\/wp\/v2\/posts\/4933\/revisions"}],"predecessor-version":[{"id":4935,"href":"https:\/\/ellotv.com.br\/site\/wp-json\/wp\/v2\/posts\/4933\/revisions\/4935"}],"wp:featuredmedia":[{"embeddable":true,"href":"https:\/\/ellotv.com.br\/site\/wp-json\/wp\/v2\/media\/4934"}],"wp:attachment":[{"href":"https:\/\/ellotv.com.br\/site\/wp-json\/wp\/v2\/media?parent=4933"}],"wp:term":[{"taxonomy":"category","embeddable":true,"href":"https:\/\/ellotv.com.br\/site\/wp-json\/wp\/v2\/categories?post=4933"},{"taxonomy":"post_tag","embeddable":true,"href":"https:\/\/ellotv.com.br\/site\/wp-json\/wp\/v2\/tags?post=4933"}],"curies":[{"name":"wp","href":"https:\/\/api.w.org\/{rel}","templated":true}]}}