{"id":4940,"date":"2026-02-09T11:28:58","date_gmt":"2026-02-09T14:28:58","guid":{"rendered":"https:\/\/ellotv.com.br\/site\/?p=4940"},"modified":"2026-02-09T11:28:58","modified_gmt":"2026-02-09T14:28:58","slug":"marconi-santana-desembarca-em-petrolina-participa-de-programa-de-radio-e-consolida-apoios-em-lagoa-grande","status":"publish","type":"post","link":"https:\/\/ellotv.com.br\/site\/2026\/02\/09\/marconi-santana-desembarca-em-petrolina-participa-de-programa-de-radio-e-consolida-apoios-em-lagoa-grande\/","title":{"rendered":"Marconi Santana desembarca em Petrolina, participa de programa de r\u00e1dio e consolida apoios em Lagoa Grande"},"content":{"rendered":"<h2>Pr\u00e9-candidato intensifica agenda no Sert\u00e3o do S\u00e3o Francisco e amplia articula\u00e7\u00f5es pol\u00edticas<\/h2>\n<p data-start=\"261\" data-end=\"514\">Com agenda intensa, discurso firme e forte articula\u00e7\u00e3o pol\u00edtica, o pr\u00e9-candidato a deputado estadual <strong data-start=\"362\" data-end=\"381\">Marconi Santana<\/strong> iniciou, na \u00faltima sexta-feira (6), mais uma jornada pelo <strong data-start=\"440\" data-end=\"467\">Sert\u00e3o do S\u00e3o Francisco<\/strong>, refor\u00e7ando o crescimento de sua pr\u00e9-campanha.<\/p>\n<p data-start=\"516\" data-end=\"724\">Logo ap\u00f3s desembarcar em <strong data-start=\"541\" data-end=\"554\">Petrolina<\/strong>, Marconi se reuniu com o deputado federal <strong data-start=\"597\" data-end=\"612\">Lucas Ramos<\/strong>, em um encontro que simbolizou alinhamento pol\u00edtico e compromisso conjunto com o desenvolvimento de Pernambuco.<\/p>\n<h3 data-start=\"731\" data-end=\"767\">Articula\u00e7\u00e3o com lideran\u00e7as locais<\/h3>\n<p data-start=\"769\" data-end=\"985\">A passagem por Petrolina tamb\u00e9m foi marcada pelo di\u00e1logo com lideran\u00e7as estrat\u00e9gicas da regi\u00e3o, como <strong data-start=\"870\" data-end=\"883\">Sizenando<\/strong> e <strong data-start=\"886\" data-end=\"897\">Peixoto<\/strong>, fortalecendo a base pol\u00edtica constru\u00edda a partir da presen\u00e7a constante nos munic\u00edpios.<\/p>\n<p data-start=\"987\" data-end=\"1155\">Na sequ\u00eancia, a agenda seguiu para <strong data-start=\"1022\" data-end=\"1038\">Lagoa Grande<\/strong>, onde o pr\u00e9-candidato foi recebido por amigos, apoiadores e lideran\u00e7as que declararam apoio ao seu projeto pol\u00edtico.<\/p>\n<h3 data-start=\"1162\" data-end=\"1202\">Participa\u00e7\u00e3o na R\u00e1dio Lagoa Grande FM<\/h3>\n<p data-start=\"1204\" data-end=\"1364\">Em Lagoa Grande, um dos destaques foi a participa\u00e7\u00e3o de Marconi Santana na <strong data-start=\"1279\" data-end=\"1309\">R\u00e1dio Lagoa Grande FM 88,7<\/strong>, em entrevista conduzida pela apresentadora <strong data-start=\"1354\" data-end=\"1363\">C\u00e9lia<\/strong>.<\/p>\n<p data-start=\"1366\" data-end=\"1588\">O encontro reuniu importantes nomes da pol\u00edtica local, como <strong data-start=\"1426\" data-end=\"1499\">\u00c2ngela, Z\u00e9 Filho, Sizenando, Nena Gato, C\u00edcero Sena, Neguinho Rezende<\/strong> e <strong data-start=\"1502\" data-end=\"1513\">Peixoto<\/strong>, evidenciando a consolida\u00e7\u00e3o das alian\u00e7as e o respaldo pol\u00edtico na regi\u00e3o.<\/p>\n<h3 data-start=\"1595\" data-end=\"1625\">Crescimento da pr\u00e9-campanha<\/h3>\n<p data-start=\"1627\" data-end=\"1796\">Com uma agenda marcada por escuta ativa, articula\u00e7\u00e3o e presen\u00e7a popular, Marconi Santana refor\u00e7a seu nome como uma das lideran\u00e7as em ascens\u00e3o no Sert\u00e3o do S\u00e3o Francisco.<\/p>\n<p data-start=\"1798\" data-end=\"1978\">A estrat\u00e9gia segue focada na amplia\u00e7\u00e3o de apoios, fortalecimento de v\u00ednculos e constru\u00e7\u00e3o de um projeto voltado \u00e0 representa\u00e7\u00e3o do Sert\u00e3o e de Pernambuco na Assembleia Legislativa.<\/p>\n<p data-start=\"1980\" data-end=\"2075\">O trabalho continua em ritmo acelerado, consolidando cada vez mais sua base pol\u00edtica na regi\u00e3o.<\/p>\n","protected":false},"excerpt":{"rendered":"<p>Pr\u00e9-candidato intensifica agenda no Sert\u00e3o do S\u00e3o Francisco e amplia articula\u00e7\u00f5es pol\u00edticas Com agenda intensa, discurso firme e<\/p>\n","protected":false},"author":2,"featured_media":4941,"comment_status":"open","ping_status":"open","sticky":false,"template":"","format":"standard","meta":{"footnotes":""},"categories":[12,9],"tags":[],"class_list":["post-4940","post","type-post","status-publish","format-standard","has-post-thumbnail","hentry","category-noticias","category-regional"],"yoast_head":"<!-- This site is optimized with the Yoast SEO plugin v28.3 - https:\/\/yoast.com\/product\/yoast-seo-wordpress\/ -->\n<title>Marconi Santana desembarca em Petrolina, participa de programa de r\u00e1dio e consolida apoios em Lagoa Grande - Ello TV<\/title>\n<meta name=\"description\" content=\"Marconi Santana cumpre agenda em Petrolina e Lagoa Grande, participa de entrevista em r\u00e1dio e amplia articula\u00e7\u00f5es no Sert\u00e3o do S\u00e3o Francisco, fortalecendo sua pr\u00e9-campanha.\" \/>\n<meta name=\"robots\" content=\"index, follow, max-snippet:-1, max-image-preview:large, max-video-preview:-1\" \/>\n<link rel=\"canonical\" href=\"https:\/\/ellotv.com.br\/site\/2026\/02\/09\/marconi-santana-desembarca-em-petrolina-participa-de-programa-de-radio-e-consolida-apoios-em-lagoa-grande\/\" \/>\n<meta property=\"og:locale\" content=\"pt_BR\" \/>\n<meta property=\"og:type\" content=\"article\" \/>\n<meta property=\"og:title\" content=\"Marconi Santana desembarca em Petrolina, participa de programa de r\u00e1dio e consolida apoios em Lagoa Grande - Ello TV\" \/>\n<meta property=\"og:description\" content=\"Marconi Santana cumpre agenda em Petrolina e Lagoa Grande, participa de entrevista em r\u00e1dio e amplia articula\u00e7\u00f5es no Sert\u00e3o do S\u00e3o Francisco, fortalecendo sua pr\u00e9-campanha.\" \/>\n<meta property=\"og:url\" content=\"https:\/\/ellotv.com.br\/site\/2026\/02\/09\/marconi-santana-desembarca-em-petrolina-participa-de-programa-de-radio-e-consolida-apoios-em-lagoa-grande\/\" \/>\n<meta property=\"og:site_name\" content=\"Ello TV\" \/>\n<meta property=\"article:published_time\" content=\"2026-02-09T14:28:58+00:00\" \/>\n<meta property=\"og:image\" content=\"https:\/\/ellotv.com.br\/site\/wp-content\/uploads\/2026\/02\/WhatsApp-Image-2026-02-09-at-11.08.32.jpeg\" \/>\n\t<meta property=\"og:image:width\" content=\"1000\" \/>\n\t<meta property=\"og:image:height\" content=\"850\" \/>\n\t<meta property=\"og:image:type\" content=\"image\/jpeg\" \/>\n<meta name=\"author\" content=\"ELLO TV\" \/>\n<meta name=\"twitter:card\" content=\"summary_large_image\" \/>\n<meta name=\"twitter:label1\" content=\"Escrito por\" \/>\n\t<meta name=\"twitter:data1\" content=\"ELLO TV\" \/>\n\t<meta name=\"twitter:label2\" content=\"Est. tempo de leitura\" \/>\n\t<meta name=\"twitter:data2\" content=\"2 minutos\" \/>\n<script type=\"application\/ld+json\" class=\"yoast-schema-graph\">{\"@context\":\"https:\\\/\\\/schema.org\",\"@graph\":[{\"@type\":\"Article\",\"@id\":\"https:\\\/\\\/ellotv.com.br\\\/site\\\/2026\\\/02\\\/09\\\/marconi-santana-desembarca-em-petrolina-participa-de-programa-de-radio-e-consolida-apoios-em-lagoa-grande\\\/#article\",\"isPartOf\":{\"@id\":\"https:\\\/\\\/ellotv.com.br\\\/site\\\/2026\\\/02\\\/09\\\/marconi-santana-desembarca-em-petrolina-participa-de-programa-de-radio-e-consolida-apoios-em-lagoa-grande\\\/\"},\"author\":{\"name\":\"ELLO TV\",\"@id\":\"https:\\\/\\\/ellotv.com.br\\\/site\\\/#\\\/schema\\\/person\\\/2dbe3abaee38dcc7332fc8205cd2b15d\"},\"headline\":\"Marconi Santana desembarca em Petrolina, participa de programa de r\u00e1dio e consolida apoios em Lagoa Grande\",\"datePublished\":\"2026-02-09T14:28:58+00:00\",\"mainEntityOfPage\":{\"@id\":\"https:\\\/\\\/ellotv.com.br\\\/site\\\/2026\\\/02\\\/09\\\/marconi-santana-desembarca-em-petrolina-participa-de-programa-de-radio-e-consolida-apoios-em-lagoa-grande\\\/\"},\"wordCount\":339,\"commentCount\":0,\"publisher\":{\"@id\":\"https:\\\/\\\/ellotv.com.br\\\/site\\\/#organization\"},\"image\":{\"@id\":\"https:\\\/\\\/ellotv.com.br\\\/site\\\/2026\\\/02\\\/09\\\/marconi-santana-desembarca-em-petrolina-participa-de-programa-de-radio-e-consolida-apoios-em-lagoa-grande\\\/#primaryimage\"},\"thumbnailUrl\":\"https:\\\/\\\/ellotv.com.br\\\/site\\\/wp-content\\\/uploads\\\/2026\\\/02\\\/WhatsApp-Image-2026-02-09-at-11.08.32.jpeg\",\"articleSection\":[\"Noticias\",\"Regional\"],\"inLanguage\":\"pt-BR\",\"potentialAction\":[{\"@type\":\"CommentAction\",\"name\":\"Comment\",\"target\":[\"https:\\\/\\\/ellotv.com.br\\\/site\\\/2026\\\/02\\\/09\\\/marconi-santana-desembarca-em-petrolina-participa-de-programa-de-radio-e-consolida-apoios-em-lagoa-grande\\\/#respond\"]}]},{\"@type\":\"WebPage\",\"@id\":\"https:\\\/\\\/ellotv.com.br\\\/site\\\/2026\\\/02\\\/09\\\/marconi-santana-desembarca-em-petrolina-participa-de-programa-de-radio-e-consolida-apoios-em-lagoa-grande\\\/\",\"url\":\"https:\\\/\\\/ellotv.com.br\\\/site\\\/2026\\\/02\\\/09\\\/marconi-santana-desembarca-em-petrolina-participa-de-programa-de-radio-e-consolida-apoios-em-lagoa-grande\\\/\",\"name\":\"Marconi Santana desembarca em Petrolina, participa de programa de r\u00e1dio e consolida apoios em Lagoa Grande - Ello TV\",\"isPartOf\":{\"@id\":\"https:\\\/\\\/ellotv.com.br\\\/site\\\/#website\"},\"primaryImageOfPage\":{\"@id\":\"https:\\\/\\\/ellotv.com.br\\\/site\\\/2026\\\/02\\\/09\\\/marconi-santana-desembarca-em-petrolina-participa-de-programa-de-radio-e-consolida-apoios-em-lagoa-grande\\\/#primaryimage\"},\"image\":{\"@id\":\"https:\\\/\\\/ellotv.com.br\\\/site\\\/2026\\\/02\\\/09\\\/marconi-santana-desembarca-em-petrolina-participa-de-programa-de-radio-e-consolida-apoios-em-lagoa-grande\\\/#primaryimage\"},\"thumbnailUrl\":\"https:\\\/\\\/ellotv.com.br\\\/site\\\/wp-content\\\/uploads\\\/2026\\\/02\\\/WhatsApp-Image-2026-02-09-at-11.08.32.jpeg\",\"datePublished\":\"2026-02-09T14:28:58+00:00\",\"description\":\"Marconi Santana cumpre agenda em Petrolina e Lagoa Grande, participa de entrevista em r\u00e1dio e amplia articula\u00e7\u00f5es no Sert\u00e3o do S\u00e3o Francisco, fortalecendo sua pr\u00e9-campanha.\",\"breadcrumb\":{\"@id\":\"https:\\\/\\\/ellotv.com.br\\\/site\\\/2026\\\/02\\\/09\\\/marconi-santana-desembarca-em-petrolina-participa-de-programa-de-radio-e-consolida-apoios-em-lagoa-grande\\\/#breadcrumb\"},\"inLanguage\":\"pt-BR\",\"potentialAction\":[{\"@type\":\"ReadAction\",\"target\":[\"https:\\\/\\\/ellotv.com.br\\\/site\\\/2026\\\/02\\\/09\\\/marconi-santana-desembarca-em-petrolina-participa-de-programa-de-radio-e-consolida-apoios-em-lagoa-grande\\\/\"]}]},{\"@type\":\"ImageObject\",\"inLanguage\":\"pt-BR\",\"@id\":\"https:\\\/\\\/ellotv.com.br\\\/site\\\/2026\\\/02\\\/09\\\/marconi-santana-desembarca-em-petrolina-participa-de-programa-de-radio-e-consolida-apoios-em-lagoa-grande\\\/#primaryimage\",\"url\":\"https:\\\/\\\/ellotv.com.br\\\/site\\\/wp-content\\\/uploads\\\/2026\\\/02\\\/WhatsApp-Image-2026-02-09-at-11.08.32.jpeg\",\"contentUrl\":\"https:\\\/\\\/ellotv.com.br\\\/site\\\/wp-content\\\/uploads\\\/2026\\\/02\\\/WhatsApp-Image-2026-02-09-at-11.08.32.jpeg\",\"width\":1000,\"height\":850},{\"@type\":\"BreadcrumbList\",\"@id\":\"https:\\\/\\\/ellotv.com.br\\\/site\\\/2026\\\/02\\\/09\\\/marconi-santana-desembarca-em-petrolina-participa-de-programa-de-radio-e-consolida-apoios-em-lagoa-grande\\\/#breadcrumb\",\"itemListElement\":[{\"@type\":\"ListItem\",\"position\":1,\"name\":\"In\u00edcio\",\"item\":\"https:\\\/\\\/ellotv.com.br\\\/site\\\/\"},{\"@type\":\"ListItem\",\"position\":2,\"name\":\"Marconi Santana desembarca em Petrolina, participa de programa de r\u00e1dio e consolida apoios em Lagoa Grande\"}]},{\"@type\":\"WebSite\",\"@id\":\"https:\\\/\\\/ellotv.com.br\\\/site\\\/#website\",\"url\":\"https:\\\/\\\/ellotv.com.br\\\/site\\\/\",\"name\":\"ELLO TV\",\"description\":\"\",\"publisher\":{\"@id\":\"https:\\\/\\\/ellotv.com.br\\\/site\\\/#organization\"},\"potentialAction\":[{\"@type\":\"SearchAction\",\"target\":{\"@type\":\"EntryPoint\",\"urlTemplate\":\"https:\\\/\\\/ellotv.com.br\\\/site\\\/?s={search_term_string}\"},\"query-input\":{\"@type\":\"PropertyValueSpecification\",\"valueRequired\":true,\"valueName\":\"search_term_string\"}}],\"inLanguage\":\"pt-BR\"},{\"@type\":\"Organization\",\"@id\":\"https:\\\/\\\/ellotv.com.br\\\/site\\\/#organization\",\"name\":\"ELLO TV\",\"url\":\"https:\\\/\\\/ellotv.com.br\\\/site\\\/\",\"logo\":{\"@type\":\"ImageObject\",\"inLanguage\":\"pt-BR\",\"@id\":\"https:\\\/\\\/ellotv.com.br\\\/site\\\/#\\\/schema\\\/logo\\\/image\\\/\",\"url\":\"https:\\\/\\\/ellotv.com.br\\\/site\\\/wp-content\\\/uploads\\\/2025\\\/11\\\/ello-logo-2.fw_.png\",\"contentUrl\":\"https:\\\/\\\/ellotv.com.br\\\/site\\\/wp-content\\\/uploads\\\/2025\\\/11\\\/ello-logo-2.fw_.png\",\"width\":400,\"height\":146,\"caption\":\"ELLO TV\"},\"image\":{\"@id\":\"https:\\\/\\\/ellotv.com.br\\\/site\\\/#\\\/schema\\\/logo\\\/image\\\/\"}},{\"@type\":\"Person\",\"@id\":\"https:\\\/\\\/ellotv.com.br\\\/site\\\/#\\\/schema\\\/person\\\/2dbe3abaee38dcc7332fc8205cd2b15d\",\"name\":\"ELLO TV\",\"image\":{\"@type\":\"ImageObject\",\"inLanguage\":\"pt-BR\",\"@id\":\"https:\\\/\\\/secure.gravatar.com\\\/avatar\\\/c38242b9da8ec217ac3f0aaee31a54f7d7befb11b2b47fdbc8fb0fad60afa1c6?s=96&d=mm&r=g\",\"url\":\"https:\\\/\\\/secure.gravatar.com\\\/avatar\\\/c38242b9da8ec217ac3f0aaee31a54f7d7befb11b2b47fdbc8fb0fad60afa1c6?s=96&d=mm&r=g\",\"contentUrl\":\"https:\\\/\\\/secure.gravatar.com\\\/avatar\\\/c38242b9da8ec217ac3f0aaee31a54f7d7befb11b2b47fdbc8fb0fad60afa1c6?s=96&d=mm&r=g\",\"caption\":\"ELLO TV\"},\"url\":\"https:\\\/\\\/ellotv.com.br\\\/site\\\/author\\\/elloagencia\\\/\"}]}<\/script>\n<!-- \/ Yoast SEO plugin. -->","yoast_head_json":{"title":"Marconi Santana desembarca em Petrolina, participa de programa de r\u00e1dio e consolida apoios em Lagoa Grande - Ello TV","description":"Marconi Santana cumpre agenda em Petrolina e Lagoa Grande, participa de entrevista em r\u00e1dio e amplia articula\u00e7\u00f5es no Sert\u00e3o do S\u00e3o Francisco, fortalecendo sua pr\u00e9-campanha.","robots":{"index":"index","follow":"follow","max-snippet":"max-snippet:-1","max-image-preview":"max-image-preview:large","max-video-preview":"max-video-preview:-1"},"canonical":"https:\/\/ellotv.com.br\/site\/2026\/02\/09\/marconi-santana-desembarca-em-petrolina-participa-de-programa-de-radio-e-consolida-apoios-em-lagoa-grande\/","og_locale":"pt_BR","og_type":"article","og_title":"Marconi Santana desembarca em Petrolina, participa de programa de r\u00e1dio e consolida apoios em Lagoa Grande - Ello TV","og_description":"Marconi Santana cumpre agenda em Petrolina e Lagoa Grande, participa de entrevista em r\u00e1dio e amplia articula\u00e7\u00f5es no Sert\u00e3o do S\u00e3o Francisco, fortalecendo sua pr\u00e9-campanha.","og_url":"https:\/\/ellotv.com.br\/site\/2026\/02\/09\/marconi-santana-desembarca-em-petrolina-participa-de-programa-de-radio-e-consolida-apoios-em-lagoa-grande\/","og_site_name":"Ello TV","article_published_time":"2026-02-09T14:28:58+00:00","og_image":[{"width":1000,"height":850,"url":"https:\/\/ellotv.com.br\/site\/wp-content\/uploads\/2026\/02\/WhatsApp-Image-2026-02-09-at-11.08.32.jpeg","type":"image\/jpeg"}],"author":"ELLO TV","twitter_card":"summary_large_image","twitter_misc":{"Escrito por":"ELLO TV","Est. tempo de leitura":"2 minutos"},"schema":{"@context":"https:\/\/schema.org","@graph":[{"@type":"Article","@id":"https:\/\/ellotv.com.br\/site\/2026\/02\/09\/marconi-santana-desembarca-em-petrolina-participa-de-programa-de-radio-e-consolida-apoios-em-lagoa-grande\/#article","isPartOf":{"@id":"https:\/\/ellotv.com.br\/site\/2026\/02\/09\/marconi-santana-desembarca-em-petrolina-participa-de-programa-de-radio-e-consolida-apoios-em-lagoa-grande\/"},"author":{"name":"ELLO TV","@id":"https:\/\/ellotv.com.br\/site\/#\/schema\/person\/2dbe3abaee38dcc7332fc8205cd2b15d"},"headline":"Marconi Santana desembarca em Petrolina, participa de programa de r\u00e1dio e consolida apoios em Lagoa Grande","datePublished":"2026-02-09T14:28:58+00:00","mainEntityOfPage":{"@id":"https:\/\/ellotv.com.br\/site\/2026\/02\/09\/marconi-santana-desembarca-em-petrolina-participa-de-programa-de-radio-e-consolida-apoios-em-lagoa-grande\/"},"wordCount":339,"commentCount":0,"publisher":{"@id":"https:\/\/ellotv.com.br\/site\/#organization"},"image":{"@id":"https:\/\/ellotv.com.br\/site\/2026\/02\/09\/marconi-santana-desembarca-em-petrolina-participa-de-programa-de-radio-e-consolida-apoios-em-lagoa-grande\/#primaryimage"},"thumbnailUrl":"https:\/\/ellotv.com.br\/site\/wp-content\/uploads\/2026\/02\/WhatsApp-Image-2026-02-09-at-11.08.32.jpeg","articleSection":["Noticias","Regional"],"inLanguage":"pt-BR","potentialAction":[{"@type":"CommentAction","name":"Comment","target":["https:\/\/ellotv.com.br\/site\/2026\/02\/09\/marconi-santana-desembarca-em-petrolina-participa-de-programa-de-radio-e-consolida-apoios-em-lagoa-grande\/#respond"]}]},{"@type":"WebPage","@id":"https:\/\/ellotv.com.br\/site\/2026\/02\/09\/marconi-santana-desembarca-em-petrolina-participa-de-programa-de-radio-e-consolida-apoios-em-lagoa-grande\/","url":"https:\/\/ellotv.com.br\/site\/2026\/02\/09\/marconi-santana-desembarca-em-petrolina-participa-de-programa-de-radio-e-consolida-apoios-em-lagoa-grande\/","name":"Marconi Santana desembarca em Petrolina, participa de programa de r\u00e1dio e consolida apoios em Lagoa Grande - Ello TV","isPartOf":{"@id":"https:\/\/ellotv.com.br\/site\/#website"},"primaryImageOfPage":{"@id":"https:\/\/ellotv.com.br\/site\/2026\/02\/09\/marconi-santana-desembarca-em-petrolina-participa-de-programa-de-radio-e-consolida-apoios-em-lagoa-grande\/#primaryimage"},"image":{"@id":"https:\/\/ellotv.com.br\/site\/2026\/02\/09\/marconi-santana-desembarca-em-petrolina-participa-de-programa-de-radio-e-consolida-apoios-em-lagoa-grande\/#primaryimage"},"thumbnailUrl":"https:\/\/ellotv.com.br\/site\/wp-content\/uploads\/2026\/02\/WhatsApp-Image-2026-02-09-at-11.08.32.jpeg","datePublished":"2026-02-09T14:28:58+00:00","description":"Marconi Santana cumpre agenda em Petrolina e Lagoa Grande, participa de entrevista em r\u00e1dio e amplia articula\u00e7\u00f5es no Sert\u00e3o do S\u00e3o Francisco, fortalecendo sua pr\u00e9-campanha.","breadcrumb":{"@id":"https:\/\/ellotv.com.br\/site\/2026\/02\/09\/marconi-santana-desembarca-em-petrolina-participa-de-programa-de-radio-e-consolida-apoios-em-lagoa-grande\/#breadcrumb"},"inLanguage":"pt-BR","potentialAction":[{"@type":"ReadAction","target":["https:\/\/ellotv.com.br\/site\/2026\/02\/09\/marconi-santana-desembarca-em-petrolina-participa-de-programa-de-radio-e-consolida-apoios-em-lagoa-grande\/"]}]},{"@type":"ImageObject","inLanguage":"pt-BR","@id":"https:\/\/ellotv.com.br\/site\/2026\/02\/09\/marconi-santana-desembarca-em-petrolina-participa-de-programa-de-radio-e-consolida-apoios-em-lagoa-grande\/#primaryimage","url":"https:\/\/ellotv.com.br\/site\/wp-content\/uploads\/2026\/02\/WhatsApp-Image-2026-02-09-at-11.08.32.jpeg","contentUrl":"https:\/\/ellotv.com.br\/site\/wp-content\/uploads\/2026\/02\/WhatsApp-Image-2026-02-09-at-11.08.32.jpeg","width":1000,"height":850},{"@type":"BreadcrumbList","@id":"https:\/\/ellotv.com.br\/site\/2026\/02\/09\/marconi-santana-desembarca-em-petrolina-participa-de-programa-de-radio-e-consolida-apoios-em-lagoa-grande\/#breadcrumb","itemListElement":[{"@type":"ListItem","position":1,"name":"In\u00edcio","item":"https:\/\/ellotv.com.br\/site\/"},{"@type":"ListItem","position":2,"name":"Marconi Santana desembarca em Petrolina, participa de programa de r\u00e1dio e consolida apoios em Lagoa Grande"}]},{"@type":"WebSite","@id":"https:\/\/ellotv.com.br\/site\/#website","url":"https:\/\/ellotv.com.br\/site\/","name":"ELLO TV","description":"","publisher":{"@id":"https:\/\/ellotv.com.br\/site\/#organization"},"potentialAction":[{"@type":"SearchAction","target":{"@type":"EntryPoint","urlTemplate":"https:\/\/ellotv.com.br\/site\/?s={search_term_string}"},"query-input":{"@type":"PropertyValueSpecification","valueRequired":true,"valueName":"search_term_string"}}],"inLanguage":"pt-BR"},{"@type":"Organization","@id":"https:\/\/ellotv.com.br\/site\/#organization","name":"ELLO TV","url":"https:\/\/ellotv.com.br\/site\/","logo":{"@type":"ImageObject","inLanguage":"pt-BR","@id":"https:\/\/ellotv.com.br\/site\/#\/schema\/logo\/image\/","url":"https:\/\/ellotv.com.br\/site\/wp-content\/uploads\/2025\/11\/ello-logo-2.fw_.png","contentUrl":"https:\/\/ellotv.com.br\/site\/wp-content\/uploads\/2025\/11\/ello-logo-2.fw_.png","width":400,"height":146,"caption":"ELLO TV"},"image":{"@id":"https:\/\/ellotv.com.br\/site\/#\/schema\/logo\/image\/"}},{"@type":"Person","@id":"https:\/\/ellotv.com.br\/site\/#\/schema\/person\/2dbe3abaee38dcc7332fc8205cd2b15d","name":"ELLO TV","image":{"@type":"ImageObject","inLanguage":"pt-BR","@id":"https:\/\/secure.gravatar.com\/avatar\/c38242b9da8ec217ac3f0aaee31a54f7d7befb11b2b47fdbc8fb0fad60afa1c6?s=96&d=mm&r=g","url":"https:\/\/secure.gravatar.com\/avatar\/c38242b9da8ec217ac3f0aaee31a54f7d7befb11b2b47fdbc8fb0fad60afa1c6?s=96&d=mm&r=g","contentUrl":"https:\/\/secure.gravatar.com\/avatar\/c38242b9da8ec217ac3f0aaee31a54f7d7befb11b2b47fdbc8fb0fad60afa1c6?s=96&d=mm&r=g","caption":"ELLO TV"},"url":"https:\/\/ellotv.com.br\/site\/author\/elloagencia\/"}]}},"featured_image_urls":{"full":["https:\/\/ellotv.com.br\/site\/wp-content\/uploads\/2026\/02\/WhatsApp-Image-2026-02-09-at-11.08.32.jpeg",1000,850,false],"thumbnail":["https:\/\/ellotv.com.br\/site\/wp-content\/uploads\/2026\/02\/WhatsApp-Image-2026-02-09-at-11.08.32-150x150.jpeg",150,150,true],"medium":["https:\/\/ellotv.com.br\/site\/wp-content\/uploads\/2026\/02\/WhatsApp-Image-2026-02-09-at-11.08.32-300x255.jpeg",300,255,true],"medium_large":["https:\/\/ellotv.com.br\/site\/wp-content\/uploads\/2026\/02\/WhatsApp-Image-2026-02-09-at-11.08.32-768x653.jpeg",640,544,true],"large":["https:\/\/ellotv.com.br\/site\/wp-content\/uploads\/2026\/02\/WhatsApp-Image-2026-02-09-at-11.08.32.jpeg",640,544,false],"1536x1536":["https:\/\/ellotv.com.br\/site\/wp-content\/uploads\/2026\/02\/WhatsApp-Image-2026-02-09-at-11.08.32.jpeg",1000,850,false],"2048x2048":["https:\/\/ellotv.com.br\/site\/wp-content\/uploads\/2026\/02\/WhatsApp-Image-2026-02-09-at-11.08.32.jpeg",1000,850,false],"darknews-slider-full":["https:\/\/ellotv.com.br\/site\/wp-content\/uploads\/2026\/02\/WhatsApp-Image-2026-02-09-at-11.08.32-1000x720.jpeg",1000,720,true],"darknews-featured":["https:\/\/ellotv.com.br\/site\/wp-content\/uploads\/2026\/02\/WhatsApp-Image-2026-02-09-at-11.08.32.jpeg",1000,850,false],"darknews-medium":["https:\/\/ellotv.com.br\/site\/wp-content\/uploads\/2026\/02\/WhatsApp-Image-2026-02-09-at-11.08.32-720x530.jpeg",720,530,true],"darknews-medium-square":["https:\/\/ellotv.com.br\/site\/wp-content\/uploads\/2026\/02\/WhatsApp-Image-2026-02-09-at-11.08.32-350x350.jpeg",350,350,true]},"author_info":{"info":["ELLO TV"]},"category_info":"<a href=\"https:\/\/ellotv.com.br\/site\/category\/noticias\/\" rel=\"category tag\">Noticias<\/a> <a href=\"https:\/\/ellotv.com.br\/site\/category\/regional\/\" rel=\"category tag\">Regional<\/a>","tag_info":"Regional","comment_count":"0","_links":{"self":[{"href":"https:\/\/ellotv.com.br\/site\/wp-json\/wp\/v2\/posts\/4940","targetHints":{"allow":["GET"]}}],"collection":[{"href":"https:\/\/ellotv.com.br\/site\/wp-json\/wp\/v2\/posts"}],"about":[{"href":"https:\/\/ellotv.com.br\/site\/wp-json\/wp\/v2\/types\/post"}],"author":[{"embeddable":true,"href":"https:\/\/ellotv.com.br\/site\/wp-json\/wp\/v2\/users\/2"}],"replies":[{"embeddable":true,"href":"https:\/\/ellotv.com.br\/site\/wp-json\/wp\/v2\/comments?post=4940"}],"version-history":[{"count":1,"href":"https:\/\/ellotv.com.br\/site\/wp-json\/wp\/v2\/posts\/4940\/revisions"}],"predecessor-version":[{"id":4942,"href":"https:\/\/ellotv.com.br\/site\/wp-json\/wp\/v2\/posts\/4940\/revisions\/4942"}],"wp:featuredmedia":[{"embeddable":true,"href":"https:\/\/ellotv.com.br\/site\/wp-json\/wp\/v2\/media\/4941"}],"wp:attachment":[{"href":"https:\/\/ellotv.com.br\/site\/wp-json\/wp\/v2\/media?parent=4940"}],"wp:term":[{"taxonomy":"category","embeddable":true,"href":"https:\/\/ellotv.com.br\/site\/wp-json\/wp\/v2\/categories?post=4940"},{"taxonomy":"post_tag","embeddable":true,"href":"https:\/\/ellotv.com.br\/site\/wp-json\/wp\/v2\/tags?post=4940"}],"curies":[{"name":"wp","href":"https:\/\/api.w.org\/{rel}","templated":true}]}}