{"id":4943,"date":"2026-02-10T15:28:51","date_gmt":"2026-02-10T18:28:51","guid":{"rendered":"https:\/\/ellotv.com.br\/site\/?p=4943"},"modified":"2026-02-10T15:28:51","modified_gmt":"2026-02-10T18:28:51","slug":"marconi-santana-destaca-investimentos-historicos-em-pernambuco-e-diz-que-sera-braco-forte-de-raquel-na-alepe","status":"publish","type":"post","link":"https:\/\/ellotv.com.br\/site\/2026\/02\/10\/marconi-santana-destaca-investimentos-historicos-em-pernambuco-e-diz-que-sera-braco-forte-de-raquel-na-alepe\/","title":{"rendered":"Marconi Santana destaca investimentos hist\u00f3ricos em Pernambuco e diz que ser\u00e1 \u201cbra\u00e7o forte\u201d de Raquel na Alepe"},"content":{"rendered":"<h2>Em entrevista \u00e0 R\u00e1dio Ponte FM, pr\u00e9-candidato elogia gest\u00e3o estadual e refor\u00e7a apoio \u00e0 governadora<\/h2>\n<p data-start=\"272\" data-end=\"501\">Em entrevista concedida \u00e0 <strong data-start=\"298\" data-end=\"316\">R\u00e1dio Ponte FM<\/strong>, no munic\u00edpio de <strong data-start=\"334\" data-end=\"347\">Petrolina<\/strong>, na manh\u00e3 da \u00faltima segunda-feira (9), o pr\u00e9-candidato a deputado estadual <strong data-start=\"423\" data-end=\"442\">Marconi Santana<\/strong> voltou a defender a gest\u00e3o da governadora <strong data-start=\"485\" data-end=\"500\">Raquel Lyra<\/strong>.<\/p>\n<p data-start=\"503\" data-end=\"734\">Em conversa com o radialista <strong data-start=\"532\" data-end=\"551\">Cauby Fernandes<\/strong>, Marconi classificou o governo como ousado, humano e transformador. Segundo ele, mesmo diante de resist\u00eancias, a governadora tem superado desafios com trabalho, coragem e resultados.<\/p>\n<h3 data-start=\"741\" data-end=\"799\">Reestrutura\u00e7\u00e3o da Compesa e investimentos estruturantes<\/h3>\n<p data-start=\"801\" data-end=\"928\">Marconi destacou os investimentos estruturantes realizados pelo Governo do Estado, com \u00eanfase na reestrutura\u00e7\u00e3o da <strong data-start=\"916\" data-end=\"927\">Compesa<\/strong>.<\/p>\n<p data-start=\"930\" data-end=\"1096\">De acordo com ele, o leil\u00e3o da companhia garantiu a chegada de recursos significativos aos munic\u00edpios, especialmente para obras de saneamento e esgotamento sanit\u00e1rio.<\/p>\n<p data-start=\"1098\" data-end=\"1178\">\u201cFoi uma decis\u00e3o corajosa, e ela teve coragem de fazer. Vai dar certo\u201d, afirmou.<\/p>\n<h3 data-start=\"1185\" data-end=\"1226\">Seguran\u00e7a p\u00fablica e refor\u00e7o no efetivo<\/h3>\n<p data-start=\"1228\" data-end=\"1411\">Na \u00e1rea da seguran\u00e7a p\u00fablica, o pr\u00e9-candidato elogiou a efetiva\u00e7\u00e3o de mais de <strong data-start=\"1306\" data-end=\"1332\">sete mil profissionais<\/strong> entre Pol\u00edcia Militar, Pol\u00edcia Civil, Pol\u00edcia Cient\u00edfica e Corpo de Bombeiros.<\/p>\n<p data-start=\"1413\" data-end=\"1656\">Ele tamb\u00e9m destacou o an\u00fancio de um novo concurso com mais <strong data-start=\"1472\" data-end=\"1490\">sete mil vagas<\/strong>, al\u00e9m de investimentos em viaturas e equipamentos. Segundo Marconi, as a\u00e7\u00f5es j\u00e1 refletem em maior presen\u00e7a policial, especialmente na Regi\u00e3o Metropolitana do Recife.<\/p>\n<h3 data-start=\"1663\" data-end=\"1713\">Retomada do IPA e fortalecimento do agroneg\u00f3cio<\/h3>\n<p data-start=\"1715\" data-end=\"1816\">Outro ponto ressaltado foi a retomada das atividades do <strong data-start=\"1771\" data-end=\"1815\">Instituto Agron\u00f4mico de Pernambuco (IPA)<\/strong>.<\/p>\n<p data-start=\"1818\" data-end=\"2175\">Marconi afirmou que o \u00f3rg\u00e3o voltou a atuar com efici\u00eancia, com novos t\u00e9cnicos, equipamentos e foco na extens\u00e3o rural. Ele mencionou cerca de <strong data-start=\"1959\" data-end=\"1993\">R$ 50 milh\u00f5es em investimentos<\/strong> e defendeu a amplia\u00e7\u00e3o de recursos para fortalecer o agroneg\u00f3cio e facilitar o acesso a financiamentos, sobretudo por meio do Banco do Nordeste, beneficiando regi\u00f5es como Petrolina.<\/p>\n<h3 data-start=\"2182\" data-end=\"2217\">A\u00e7\u00f5es sociais e sa\u00fade itinerante<\/h3>\n<p data-start=\"2219\" data-end=\"2453\">Na \u00e1rea social, o pr\u00e9-candidato destacou o funcionamento de mais de <strong data-start=\"2287\" data-end=\"2316\">260 cozinhas comunit\u00e1rias<\/strong> no estado, atendendo aproximadamente 200 pessoas por dia, al\u00e9m de mais de <strong data-start=\"2391\" data-end=\"2418\">100 cozinhas solid\u00e1rias<\/strong> com distribui\u00e7\u00e3o de sop\u00e3o noturno.<\/p>\n<p data-start=\"2455\" data-end=\"2696\">Marconi tamb\u00e9m citou o fortalecimento da Secretaria da Mulher, a entrega de ve\u00edculos \u00e0s prefeituras e a redu\u00e7\u00e3o das filas de exames, atribu\u00edda \u00e0s carretas itinerantes de sa\u00fade \u2014 incluindo uma unidade exclusiva para o Sert\u00e3o do S\u00e3o Francisco.<\/p>\n<p data-start=\"2698\" data-end=\"2751\">\u201cRaquel governa olhando para os invis\u00edveis\u201d, afirmou.<\/p>\n<h3 data-start=\"2758\" data-end=\"2804\">Educa\u00e7\u00e3o e fortalecimento da economia local<\/h3>\n<p data-start=\"2806\" data-end=\"3026\">Na educa\u00e7\u00e3o, ele mencionou iniciativas como o <strong data-start=\"2852\" data-end=\"2868\">PIX do T\u00eanis<\/strong> e o novo fardamento escolar, destacando a decis\u00e3o de adquirir os uniformes no interior do estado, fortalecendo polos t\u00eaxteis como <strong data-start=\"2999\" data-end=\"3011\">Toritama<\/strong> e <strong data-start=\"3014\" data-end=\"3025\">Caruaru<\/strong>.<\/p>\n<p data-start=\"3028\" data-end=\"3109\">\u201c\u00c9 dinheiro circulando dentro de Pernambuco e fortalecendo quem trabalha\u201d, disse.<\/p>\n<h3 data-start=\"3116\" data-end=\"3158\">\u201cBra\u00e7o forte\u201d na Assembleia Legislativa<\/h3>\n<p data-start=\"3160\" data-end=\"3348\">Ao encerrar a entrevista, Marconi Santana afirmou estar preparado para a miss\u00e3o e declarou que pretende ser um aliado direto da governadora na Assembleia Legislativa de Pernambuco (Alepe).<\/p>\n<p data-start=\"3350\" data-end=\"3626\">\u201cRaquel conquistou apoios na Alepe enfrentando muitas dificuldades, mas ter\u00e1 mais um bra\u00e7o forte a seu favor. Se Deus quiser, ela ter\u00e1 mais um deputado estadual ao seu lado para ajudar a potencializar um desenvolvimento ainda mais acentuado no Estado de Pernambuco\u201d, concluiu.<\/p>\n","protected":false},"excerpt":{"rendered":"<p>Em entrevista \u00e0 R\u00e1dio Ponte FM, pr\u00e9-candidato elogia gest\u00e3o estadual e refor\u00e7a apoio \u00e0 governadora Em entrevista concedida<\/p>\n","protected":false},"author":2,"featured_media":4944,"comment_status":"open","ping_status":"open","sticky":false,"template":"","format":"standard","meta":{"footnotes":""},"categories":[12,9],"tags":[],"class_list":["post-4943","post","type-post","status-publish","format-standard","has-post-thumbnail","hentry","category-noticias","category-regional"],"yoast_head":"<!-- This site is optimized with the Yoast SEO plugin v28.3 - https:\/\/yoast.com\/product\/yoast-seo-wordpress\/ -->\n<title>Marconi Santana destaca investimentos hist\u00f3ricos em Pernambuco e diz que ser\u00e1 \u201cbra\u00e7o forte\u201d de Raquel na Alepe - Ello TV<\/title>\n<meta name=\"description\" content=\"Em entrevista \u00e0 R\u00e1dio Ponte FM, Marconi Santana defende a gest\u00e3o de Raquel Lyra, destaca investimentos em seguran\u00e7a, Compesa, IPA e a\u00e7\u00f5es sociais, e afirma que ser\u00e1 um \u201cbra\u00e7o forte\u201d da governadora na Alepe.\" \/>\n<meta name=\"robots\" content=\"index, follow, max-snippet:-1, max-image-preview:large, max-video-preview:-1\" \/>\n<link rel=\"canonical\" href=\"https:\/\/ellotv.com.br\/site\/2026\/02\/10\/marconi-santana-destaca-investimentos-historicos-em-pernambuco-e-diz-que-sera-braco-forte-de-raquel-na-alepe\/\" \/>\n<meta property=\"og:locale\" content=\"pt_BR\" \/>\n<meta property=\"og:type\" content=\"article\" \/>\n<meta property=\"og:title\" content=\"Marconi Santana destaca investimentos hist\u00f3ricos em Pernambuco e diz que ser\u00e1 \u201cbra\u00e7o forte\u201d de Raquel na Alepe - Ello TV\" \/>\n<meta property=\"og:description\" content=\"Em entrevista \u00e0 R\u00e1dio Ponte FM, Marconi Santana defende a gest\u00e3o de Raquel Lyra, destaca investimentos em seguran\u00e7a, Compesa, IPA e a\u00e7\u00f5es sociais, e afirma que ser\u00e1 um \u201cbra\u00e7o forte\u201d da governadora na Alepe.\" \/>\n<meta property=\"og:url\" content=\"https:\/\/ellotv.com.br\/site\/2026\/02\/10\/marconi-santana-destaca-investimentos-historicos-em-pernambuco-e-diz-que-sera-braco-forte-de-raquel-na-alepe\/\" \/>\n<meta property=\"og:site_name\" content=\"Ello TV\" \/>\n<meta property=\"article:published_time\" content=\"2026-02-10T18:28:51+00:00\" \/>\n<meta property=\"og:image\" content=\"https:\/\/ellotv.com.br\/site\/wp-content\/uploads\/2026\/02\/WhatsApp-Image-2026-02-10-at-07.14.51.jpeg\" \/>\n\t<meta property=\"og:image:width\" content=\"1000\" \/>\n\t<meta property=\"og:image:height\" content=\"800\" \/>\n\t<meta property=\"og:image:type\" content=\"image\/jpeg\" \/>\n<meta name=\"author\" content=\"ELLO TV\" \/>\n<meta name=\"twitter:card\" content=\"summary_large_image\" \/>\n<meta name=\"twitter:label1\" content=\"Escrito por\" \/>\n\t<meta name=\"twitter:data1\" content=\"ELLO TV\" \/>\n\t<meta name=\"twitter:label2\" content=\"Est. tempo de leitura\" \/>\n\t<meta name=\"twitter:data2\" content=\"3 minutos\" \/>\n<script type=\"application\/ld+json\" class=\"yoast-schema-graph\">{\"@context\":\"https:\\\/\\\/schema.org\",\"@graph\":[{\"@type\":\"Article\",\"@id\":\"https:\\\/\\\/ellotv.com.br\\\/site\\\/2026\\\/02\\\/10\\\/marconi-santana-destaca-investimentos-historicos-em-pernambuco-e-diz-que-sera-braco-forte-de-raquel-na-alepe\\\/#article\",\"isPartOf\":{\"@id\":\"https:\\\/\\\/ellotv.com.br\\\/site\\\/2026\\\/02\\\/10\\\/marconi-santana-destaca-investimentos-historicos-em-pernambuco-e-diz-que-sera-braco-forte-de-raquel-na-alepe\\\/\"},\"author\":{\"name\":\"ELLO TV\",\"@id\":\"https:\\\/\\\/ellotv.com.br\\\/site\\\/#\\\/schema\\\/person\\\/2dbe3abaee38dcc7332fc8205cd2b15d\"},\"headline\":\"Marconi Santana destaca investimentos hist\u00f3ricos em Pernambuco e diz que ser\u00e1 \u201cbra\u00e7o forte\u201d de Raquel na Alepe\",\"datePublished\":\"2026-02-10T18:28:51+00:00\",\"mainEntityOfPage\":{\"@id\":\"https:\\\/\\\/ellotv.com.br\\\/site\\\/2026\\\/02\\\/10\\\/marconi-santana-destaca-investimentos-historicos-em-pernambuco-e-diz-que-sera-braco-forte-de-raquel-na-alepe\\\/\"},\"wordCount\":572,\"commentCount\":0,\"publisher\":{\"@id\":\"https:\\\/\\\/ellotv.com.br\\\/site\\\/#organization\"},\"image\":{\"@id\":\"https:\\\/\\\/ellotv.com.br\\\/site\\\/2026\\\/02\\\/10\\\/marconi-santana-destaca-investimentos-historicos-em-pernambuco-e-diz-que-sera-braco-forte-de-raquel-na-alepe\\\/#primaryimage\"},\"thumbnailUrl\":\"https:\\\/\\\/ellotv.com.br\\\/site\\\/wp-content\\\/uploads\\\/2026\\\/02\\\/WhatsApp-Image-2026-02-10-at-07.14.51.jpeg\",\"articleSection\":[\"Noticias\",\"Regional\"],\"inLanguage\":\"pt-BR\",\"potentialAction\":[{\"@type\":\"CommentAction\",\"name\":\"Comment\",\"target\":[\"https:\\\/\\\/ellotv.com.br\\\/site\\\/2026\\\/02\\\/10\\\/marconi-santana-destaca-investimentos-historicos-em-pernambuco-e-diz-que-sera-braco-forte-de-raquel-na-alepe\\\/#respond\"]}]},{\"@type\":\"WebPage\",\"@id\":\"https:\\\/\\\/ellotv.com.br\\\/site\\\/2026\\\/02\\\/10\\\/marconi-santana-destaca-investimentos-historicos-em-pernambuco-e-diz-que-sera-braco-forte-de-raquel-na-alepe\\\/\",\"url\":\"https:\\\/\\\/ellotv.com.br\\\/site\\\/2026\\\/02\\\/10\\\/marconi-santana-destaca-investimentos-historicos-em-pernambuco-e-diz-que-sera-braco-forte-de-raquel-na-alepe\\\/\",\"name\":\"Marconi Santana destaca investimentos hist\u00f3ricos em Pernambuco e diz que ser\u00e1 \u201cbra\u00e7o forte\u201d de Raquel na Alepe - Ello TV\",\"isPartOf\":{\"@id\":\"https:\\\/\\\/ellotv.com.br\\\/site\\\/#website\"},\"primaryImageOfPage\":{\"@id\":\"https:\\\/\\\/ellotv.com.br\\\/site\\\/2026\\\/02\\\/10\\\/marconi-santana-destaca-investimentos-historicos-em-pernambuco-e-diz-que-sera-braco-forte-de-raquel-na-alepe\\\/#primaryimage\"},\"image\":{\"@id\":\"https:\\\/\\\/ellotv.com.br\\\/site\\\/2026\\\/02\\\/10\\\/marconi-santana-destaca-investimentos-historicos-em-pernambuco-e-diz-que-sera-braco-forte-de-raquel-na-alepe\\\/#primaryimage\"},\"thumbnailUrl\":\"https:\\\/\\\/ellotv.com.br\\\/site\\\/wp-content\\\/uploads\\\/2026\\\/02\\\/WhatsApp-Image-2026-02-10-at-07.14.51.jpeg\",\"datePublished\":\"2026-02-10T18:28:51+00:00\",\"description\":\"Em entrevista \u00e0 R\u00e1dio Ponte FM, Marconi Santana defende a gest\u00e3o de Raquel Lyra, destaca investimentos em seguran\u00e7a, Compesa, IPA e a\u00e7\u00f5es sociais, e afirma que ser\u00e1 um \u201cbra\u00e7o forte\u201d da governadora na Alepe.\",\"breadcrumb\":{\"@id\":\"https:\\\/\\\/ellotv.com.br\\\/site\\\/2026\\\/02\\\/10\\\/marconi-santana-destaca-investimentos-historicos-em-pernambuco-e-diz-que-sera-braco-forte-de-raquel-na-alepe\\\/#breadcrumb\"},\"inLanguage\":\"pt-BR\",\"potentialAction\":[{\"@type\":\"ReadAction\",\"target\":[\"https:\\\/\\\/ellotv.com.br\\\/site\\\/2026\\\/02\\\/10\\\/marconi-santana-destaca-investimentos-historicos-em-pernambuco-e-diz-que-sera-braco-forte-de-raquel-na-alepe\\\/\"]}]},{\"@type\":\"ImageObject\",\"inLanguage\":\"pt-BR\",\"@id\":\"https:\\\/\\\/ellotv.com.br\\\/site\\\/2026\\\/02\\\/10\\\/marconi-santana-destaca-investimentos-historicos-em-pernambuco-e-diz-que-sera-braco-forte-de-raquel-na-alepe\\\/#primaryimage\",\"url\":\"https:\\\/\\\/ellotv.com.br\\\/site\\\/wp-content\\\/uploads\\\/2026\\\/02\\\/WhatsApp-Image-2026-02-10-at-07.14.51.jpeg\",\"contentUrl\":\"https:\\\/\\\/ellotv.com.br\\\/site\\\/wp-content\\\/uploads\\\/2026\\\/02\\\/WhatsApp-Image-2026-02-10-at-07.14.51.jpeg\",\"width\":1000,\"height\":800},{\"@type\":\"BreadcrumbList\",\"@id\":\"https:\\\/\\\/ellotv.com.br\\\/site\\\/2026\\\/02\\\/10\\\/marconi-santana-destaca-investimentos-historicos-em-pernambuco-e-diz-que-sera-braco-forte-de-raquel-na-alepe\\\/#breadcrumb\",\"itemListElement\":[{\"@type\":\"ListItem\",\"position\":1,\"name\":\"In\u00edcio\",\"item\":\"https:\\\/\\\/ellotv.com.br\\\/site\\\/\"},{\"@type\":\"ListItem\",\"position\":2,\"name\":\"Marconi Santana destaca investimentos hist\u00f3ricos em Pernambuco e diz que ser\u00e1 \u201cbra\u00e7o forte\u201d de Raquel na Alepe\"}]},{\"@type\":\"WebSite\",\"@id\":\"https:\\\/\\\/ellotv.com.br\\\/site\\\/#website\",\"url\":\"https:\\\/\\\/ellotv.com.br\\\/site\\\/\",\"name\":\"ELLO TV\",\"description\":\"\",\"publisher\":{\"@id\":\"https:\\\/\\\/ellotv.com.br\\\/site\\\/#organization\"},\"potentialAction\":[{\"@type\":\"SearchAction\",\"target\":{\"@type\":\"EntryPoint\",\"urlTemplate\":\"https:\\\/\\\/ellotv.com.br\\\/site\\\/?s={search_term_string}\"},\"query-input\":{\"@type\":\"PropertyValueSpecification\",\"valueRequired\":true,\"valueName\":\"search_term_string\"}}],\"inLanguage\":\"pt-BR\"},{\"@type\":\"Organization\",\"@id\":\"https:\\\/\\\/ellotv.com.br\\\/site\\\/#organization\",\"name\":\"ELLO TV\",\"url\":\"https:\\\/\\\/ellotv.com.br\\\/site\\\/\",\"logo\":{\"@type\":\"ImageObject\",\"inLanguage\":\"pt-BR\",\"@id\":\"https:\\\/\\\/ellotv.com.br\\\/site\\\/#\\\/schema\\\/logo\\\/image\\\/\",\"url\":\"https:\\\/\\\/ellotv.com.br\\\/site\\\/wp-content\\\/uploads\\\/2025\\\/11\\\/ello-logo-2.fw_.png\",\"contentUrl\":\"https:\\\/\\\/ellotv.com.br\\\/site\\\/wp-content\\\/uploads\\\/2025\\\/11\\\/ello-logo-2.fw_.png\",\"width\":400,\"height\":146,\"caption\":\"ELLO TV\"},\"image\":{\"@id\":\"https:\\\/\\\/ellotv.com.br\\\/site\\\/#\\\/schema\\\/logo\\\/image\\\/\"}},{\"@type\":\"Person\",\"@id\":\"https:\\\/\\\/ellotv.com.br\\\/site\\\/#\\\/schema\\\/person\\\/2dbe3abaee38dcc7332fc8205cd2b15d\",\"name\":\"ELLO TV\",\"image\":{\"@type\":\"ImageObject\",\"inLanguage\":\"pt-BR\",\"@id\":\"https:\\\/\\\/secure.gravatar.com\\\/avatar\\\/c38242b9da8ec217ac3f0aaee31a54f7d7befb11b2b47fdbc8fb0fad60afa1c6?s=96&d=mm&r=g\",\"url\":\"https:\\\/\\\/secure.gravatar.com\\\/avatar\\\/c38242b9da8ec217ac3f0aaee31a54f7d7befb11b2b47fdbc8fb0fad60afa1c6?s=96&d=mm&r=g\",\"contentUrl\":\"https:\\\/\\\/secure.gravatar.com\\\/avatar\\\/c38242b9da8ec217ac3f0aaee31a54f7d7befb11b2b47fdbc8fb0fad60afa1c6?s=96&d=mm&r=g\",\"caption\":\"ELLO TV\"},\"url\":\"https:\\\/\\\/ellotv.com.br\\\/site\\\/author\\\/elloagencia\\\/\"}]}<\/script>\n<!-- \/ Yoast SEO plugin. -->","yoast_head_json":{"title":"Marconi Santana destaca investimentos hist\u00f3ricos em Pernambuco e diz que ser\u00e1 \u201cbra\u00e7o forte\u201d de Raquel na Alepe - Ello TV","description":"Em entrevista \u00e0 R\u00e1dio Ponte FM, Marconi Santana defende a gest\u00e3o de Raquel Lyra, destaca investimentos em seguran\u00e7a, Compesa, IPA e a\u00e7\u00f5es sociais, e afirma que ser\u00e1 um \u201cbra\u00e7o forte\u201d da governadora na Alepe.","robots":{"index":"index","follow":"follow","max-snippet":"max-snippet:-1","max-image-preview":"max-image-preview:large","max-video-preview":"max-video-preview:-1"},"canonical":"https:\/\/ellotv.com.br\/site\/2026\/02\/10\/marconi-santana-destaca-investimentos-historicos-em-pernambuco-e-diz-que-sera-braco-forte-de-raquel-na-alepe\/","og_locale":"pt_BR","og_type":"article","og_title":"Marconi Santana destaca investimentos hist\u00f3ricos em Pernambuco e diz que ser\u00e1 \u201cbra\u00e7o forte\u201d de Raquel na Alepe - Ello TV","og_description":"Em entrevista \u00e0 R\u00e1dio Ponte FM, Marconi Santana defende a gest\u00e3o de Raquel Lyra, destaca investimentos em seguran\u00e7a, Compesa, IPA e a\u00e7\u00f5es sociais, e afirma que ser\u00e1 um \u201cbra\u00e7o forte\u201d da governadora na Alepe.","og_url":"https:\/\/ellotv.com.br\/site\/2026\/02\/10\/marconi-santana-destaca-investimentos-historicos-em-pernambuco-e-diz-que-sera-braco-forte-de-raquel-na-alepe\/","og_site_name":"Ello TV","article_published_time":"2026-02-10T18:28:51+00:00","og_image":[{"width":1000,"height":800,"url":"https:\/\/ellotv.com.br\/site\/wp-content\/uploads\/2026\/02\/WhatsApp-Image-2026-02-10-at-07.14.51.jpeg","type":"image\/jpeg"}],"author":"ELLO TV","twitter_card":"summary_large_image","twitter_misc":{"Escrito por":"ELLO TV","Est. tempo de leitura":"3 minutos"},"schema":{"@context":"https:\/\/schema.org","@graph":[{"@type":"Article","@id":"https:\/\/ellotv.com.br\/site\/2026\/02\/10\/marconi-santana-destaca-investimentos-historicos-em-pernambuco-e-diz-que-sera-braco-forte-de-raquel-na-alepe\/#article","isPartOf":{"@id":"https:\/\/ellotv.com.br\/site\/2026\/02\/10\/marconi-santana-destaca-investimentos-historicos-em-pernambuco-e-diz-que-sera-braco-forte-de-raquel-na-alepe\/"},"author":{"name":"ELLO TV","@id":"https:\/\/ellotv.com.br\/site\/#\/schema\/person\/2dbe3abaee38dcc7332fc8205cd2b15d"},"headline":"Marconi Santana destaca investimentos hist\u00f3ricos em Pernambuco e diz que ser\u00e1 \u201cbra\u00e7o forte\u201d de Raquel na Alepe","datePublished":"2026-02-10T18:28:51+00:00","mainEntityOfPage":{"@id":"https:\/\/ellotv.com.br\/site\/2026\/02\/10\/marconi-santana-destaca-investimentos-historicos-em-pernambuco-e-diz-que-sera-braco-forte-de-raquel-na-alepe\/"},"wordCount":572,"commentCount":0,"publisher":{"@id":"https:\/\/ellotv.com.br\/site\/#organization"},"image":{"@id":"https:\/\/ellotv.com.br\/site\/2026\/02\/10\/marconi-santana-destaca-investimentos-historicos-em-pernambuco-e-diz-que-sera-braco-forte-de-raquel-na-alepe\/#primaryimage"},"thumbnailUrl":"https:\/\/ellotv.com.br\/site\/wp-content\/uploads\/2026\/02\/WhatsApp-Image-2026-02-10-at-07.14.51.jpeg","articleSection":["Noticias","Regional"],"inLanguage":"pt-BR","potentialAction":[{"@type":"CommentAction","name":"Comment","target":["https:\/\/ellotv.com.br\/site\/2026\/02\/10\/marconi-santana-destaca-investimentos-historicos-em-pernambuco-e-diz-que-sera-braco-forte-de-raquel-na-alepe\/#respond"]}]},{"@type":"WebPage","@id":"https:\/\/ellotv.com.br\/site\/2026\/02\/10\/marconi-santana-destaca-investimentos-historicos-em-pernambuco-e-diz-que-sera-braco-forte-de-raquel-na-alepe\/","url":"https:\/\/ellotv.com.br\/site\/2026\/02\/10\/marconi-santana-destaca-investimentos-historicos-em-pernambuco-e-diz-que-sera-braco-forte-de-raquel-na-alepe\/","name":"Marconi Santana destaca investimentos hist\u00f3ricos em Pernambuco e diz que ser\u00e1 \u201cbra\u00e7o forte\u201d de Raquel na Alepe - Ello TV","isPartOf":{"@id":"https:\/\/ellotv.com.br\/site\/#website"},"primaryImageOfPage":{"@id":"https:\/\/ellotv.com.br\/site\/2026\/02\/10\/marconi-santana-destaca-investimentos-historicos-em-pernambuco-e-diz-que-sera-braco-forte-de-raquel-na-alepe\/#primaryimage"},"image":{"@id":"https:\/\/ellotv.com.br\/site\/2026\/02\/10\/marconi-santana-destaca-investimentos-historicos-em-pernambuco-e-diz-que-sera-braco-forte-de-raquel-na-alepe\/#primaryimage"},"thumbnailUrl":"https:\/\/ellotv.com.br\/site\/wp-content\/uploads\/2026\/02\/WhatsApp-Image-2026-02-10-at-07.14.51.jpeg","datePublished":"2026-02-10T18:28:51+00:00","description":"Em entrevista \u00e0 R\u00e1dio Ponte FM, Marconi Santana defende a gest\u00e3o de Raquel Lyra, destaca investimentos em seguran\u00e7a, Compesa, IPA e a\u00e7\u00f5es sociais, e afirma que ser\u00e1 um \u201cbra\u00e7o forte\u201d da governadora na Alepe.","breadcrumb":{"@id":"https:\/\/ellotv.com.br\/site\/2026\/02\/10\/marconi-santana-destaca-investimentos-historicos-em-pernambuco-e-diz-que-sera-braco-forte-de-raquel-na-alepe\/#breadcrumb"},"inLanguage":"pt-BR","potentialAction":[{"@type":"ReadAction","target":["https:\/\/ellotv.com.br\/site\/2026\/02\/10\/marconi-santana-destaca-investimentos-historicos-em-pernambuco-e-diz-que-sera-braco-forte-de-raquel-na-alepe\/"]}]},{"@type":"ImageObject","inLanguage":"pt-BR","@id":"https:\/\/ellotv.com.br\/site\/2026\/02\/10\/marconi-santana-destaca-investimentos-historicos-em-pernambuco-e-diz-que-sera-braco-forte-de-raquel-na-alepe\/#primaryimage","url":"https:\/\/ellotv.com.br\/site\/wp-content\/uploads\/2026\/02\/WhatsApp-Image-2026-02-10-at-07.14.51.jpeg","contentUrl":"https:\/\/ellotv.com.br\/site\/wp-content\/uploads\/2026\/02\/WhatsApp-Image-2026-02-10-at-07.14.51.jpeg","width":1000,"height":800},{"@type":"BreadcrumbList","@id":"https:\/\/ellotv.com.br\/site\/2026\/02\/10\/marconi-santana-destaca-investimentos-historicos-em-pernambuco-e-diz-que-sera-braco-forte-de-raquel-na-alepe\/#breadcrumb","itemListElement":[{"@type":"ListItem","position":1,"name":"In\u00edcio","item":"https:\/\/ellotv.com.br\/site\/"},{"@type":"ListItem","position":2,"name":"Marconi Santana destaca investimentos hist\u00f3ricos em Pernambuco e diz que ser\u00e1 \u201cbra\u00e7o forte\u201d de Raquel na Alepe"}]},{"@type":"WebSite","@id":"https:\/\/ellotv.com.br\/site\/#website","url":"https:\/\/ellotv.com.br\/site\/","name":"ELLO TV","description":"","publisher":{"@id":"https:\/\/ellotv.com.br\/site\/#organization"},"potentialAction":[{"@type":"SearchAction","target":{"@type":"EntryPoint","urlTemplate":"https:\/\/ellotv.com.br\/site\/?s={search_term_string}"},"query-input":{"@type":"PropertyValueSpecification","valueRequired":true,"valueName":"search_term_string"}}],"inLanguage":"pt-BR"},{"@type":"Organization","@id":"https:\/\/ellotv.com.br\/site\/#organization","name":"ELLO TV","url":"https:\/\/ellotv.com.br\/site\/","logo":{"@type":"ImageObject","inLanguage":"pt-BR","@id":"https:\/\/ellotv.com.br\/site\/#\/schema\/logo\/image\/","url":"https:\/\/ellotv.com.br\/site\/wp-content\/uploads\/2025\/11\/ello-logo-2.fw_.png","contentUrl":"https:\/\/ellotv.com.br\/site\/wp-content\/uploads\/2025\/11\/ello-logo-2.fw_.png","width":400,"height":146,"caption":"ELLO TV"},"image":{"@id":"https:\/\/ellotv.com.br\/site\/#\/schema\/logo\/image\/"}},{"@type":"Person","@id":"https:\/\/ellotv.com.br\/site\/#\/schema\/person\/2dbe3abaee38dcc7332fc8205cd2b15d","name":"ELLO TV","image":{"@type":"ImageObject","inLanguage":"pt-BR","@id":"https:\/\/secure.gravatar.com\/avatar\/c38242b9da8ec217ac3f0aaee31a54f7d7befb11b2b47fdbc8fb0fad60afa1c6?s=96&d=mm&r=g","url":"https:\/\/secure.gravatar.com\/avatar\/c38242b9da8ec217ac3f0aaee31a54f7d7befb11b2b47fdbc8fb0fad60afa1c6?s=96&d=mm&r=g","contentUrl":"https:\/\/secure.gravatar.com\/avatar\/c38242b9da8ec217ac3f0aaee31a54f7d7befb11b2b47fdbc8fb0fad60afa1c6?s=96&d=mm&r=g","caption":"ELLO TV"},"url":"https:\/\/ellotv.com.br\/site\/author\/elloagencia\/"}]}},"featured_image_urls":{"full":["https:\/\/ellotv.com.br\/site\/wp-content\/uploads\/2026\/02\/WhatsApp-Image-2026-02-10-at-07.14.51.jpeg",1000,800,false],"thumbnail":["https:\/\/ellotv.com.br\/site\/wp-content\/uploads\/2026\/02\/WhatsApp-Image-2026-02-10-at-07.14.51-150x150.jpeg",150,150,true],"medium":["https:\/\/ellotv.com.br\/site\/wp-content\/uploads\/2026\/02\/WhatsApp-Image-2026-02-10-at-07.14.51-300x240.jpeg",300,240,true],"medium_large":["https:\/\/ellotv.com.br\/site\/wp-content\/uploads\/2026\/02\/WhatsApp-Image-2026-02-10-at-07.14.51-768x614.jpeg",640,512,true],"large":["https:\/\/ellotv.com.br\/site\/wp-content\/uploads\/2026\/02\/WhatsApp-Image-2026-02-10-at-07.14.51.jpeg",640,512,false],"1536x1536":["https:\/\/ellotv.com.br\/site\/wp-content\/uploads\/2026\/02\/WhatsApp-Image-2026-02-10-at-07.14.51.jpeg",1000,800,false],"2048x2048":["https:\/\/ellotv.com.br\/site\/wp-content\/uploads\/2026\/02\/WhatsApp-Image-2026-02-10-at-07.14.51.jpeg",1000,800,false],"darknews-slider-full":["https:\/\/ellotv.com.br\/site\/wp-content\/uploads\/2026\/02\/WhatsApp-Image-2026-02-10-at-07.14.51-1000x720.jpeg",1000,720,true],"darknews-featured":["https:\/\/ellotv.com.br\/site\/wp-content\/uploads\/2026\/02\/WhatsApp-Image-2026-02-10-at-07.14.51.jpeg",1000,800,false],"darknews-medium":["https:\/\/ellotv.com.br\/site\/wp-content\/uploads\/2026\/02\/WhatsApp-Image-2026-02-10-at-07.14.51-720x530.jpeg",720,530,true],"darknews-medium-square":["https:\/\/ellotv.com.br\/site\/wp-content\/uploads\/2026\/02\/WhatsApp-Image-2026-02-10-at-07.14.51-350x350.jpeg",350,350,true]},"author_info":{"info":["ELLO TV"]},"category_info":"<a href=\"https:\/\/ellotv.com.br\/site\/category\/noticias\/\" rel=\"category tag\">Noticias<\/a> <a href=\"https:\/\/ellotv.com.br\/site\/category\/regional\/\" rel=\"category tag\">Regional<\/a>","tag_info":"Regional","comment_count":"0","_links":{"self":[{"href":"https:\/\/ellotv.com.br\/site\/wp-json\/wp\/v2\/posts\/4943","targetHints":{"allow":["GET"]}}],"collection":[{"href":"https:\/\/ellotv.com.br\/site\/wp-json\/wp\/v2\/posts"}],"about":[{"href":"https:\/\/ellotv.com.br\/site\/wp-json\/wp\/v2\/types\/post"}],"author":[{"embeddable":true,"href":"https:\/\/ellotv.com.br\/site\/wp-json\/wp\/v2\/users\/2"}],"replies":[{"embeddable":true,"href":"https:\/\/ellotv.com.br\/site\/wp-json\/wp\/v2\/comments?post=4943"}],"version-history":[{"count":1,"href":"https:\/\/ellotv.com.br\/site\/wp-json\/wp\/v2\/posts\/4943\/revisions"}],"predecessor-version":[{"id":4945,"href":"https:\/\/ellotv.com.br\/site\/wp-json\/wp\/v2\/posts\/4943\/revisions\/4945"}],"wp:featuredmedia":[{"embeddable":true,"href":"https:\/\/ellotv.com.br\/site\/wp-json\/wp\/v2\/media\/4944"}],"wp:attachment":[{"href":"https:\/\/ellotv.com.br\/site\/wp-json\/wp\/v2\/media?parent=4943"}],"wp:term":[{"taxonomy":"category","embeddable":true,"href":"https:\/\/ellotv.com.br\/site\/wp-json\/wp\/v2\/categories?post=4943"},{"taxonomy":"post_tag","embeddable":true,"href":"https:\/\/ellotv.com.br\/site\/wp-json\/wp\/v2\/tags?post=4943"}],"curies":[{"name":"wp","href":"https:\/\/api.w.org\/{rel}","templated":true}]}}