{"id":4946,"date":"2026-02-10T15:31:51","date_gmt":"2026-02-10T18:31:51","guid":{"rendered":"https:\/\/ellotv.com.br\/site\/?p=4946"},"modified":"2026-02-10T15:31:51","modified_gmt":"2026-02-10T18:31:51","slug":"stj-reconhece-validade-de-procuracao-assinada-pelo-gov-br-e-afasta-exigencia-de-firma-reconhecida","status":"publish","type":"post","link":"https:\/\/ellotv.com.br\/site\/2026\/02\/10\/stj-reconhece-validade-de-procuracao-assinada-pelo-gov-br-e-afasta-exigencia-de-firma-reconhecida\/","title":{"rendered":"STJ reconhece validade de procura\u00e7\u00e3o assinada pelo Gov.br e afasta exig\u00eancia de firma reconhecida"},"content":{"rendered":"<h2>Decis\u00e3o refor\u00e7a seguran\u00e7a jur\u00eddica das assinaturas eletr\u00f4nicas e reduz burocracia no acesso \u00e0 Justi\u00e7a<\/h2>\n<p data-start=\"262\" data-end=\"450\">O <strong data-start=\"264\" data-end=\"302\">Superior Tribunal de Justi\u00e7a (STJ)<\/strong> decidiu que a procura\u00e7\u00e3o assinada por meio da plataforma <strong data-start=\"360\" data-end=\"370\">Gov.br<\/strong> possui plena validade jur\u00eddica e n\u00e3o exige reconhecimento de firma em cart\u00f3rio.<\/p>\n<p data-start=\"452\" data-end=\"626\">A decis\u00e3o representa um avan\u00e7o na desburocratiza\u00e7\u00e3o do sistema judicial e refor\u00e7a a seguran\u00e7a jur\u00eddica das assinaturas eletr\u00f4nicas, facilitando o acesso do cidad\u00e3o \u00e0 Justi\u00e7a.<\/p>\n<h3 data-start=\"633\" data-end=\"677\">Excesso de formalismo \u00e9 vedado, diz Corte<\/h3>\n<p data-start=\"679\" data-end=\"892\">No entendimento do STJ, exigir assinatura presencial ou reconhecimento de firma sem a exist\u00eancia de v\u00edcio concreto no documento configura excesso de formalismo e viola o direito constitucional de acesso \u00e0 Justi\u00e7a.<\/p>\n<p data-start=\"894\" data-end=\"1060\">A ministra <strong data-start=\"905\" data-end=\"925\">Daniela Teixeira<\/strong> destacou que o chamado \u201cpoder geral de cautela\u201d do magistrado n\u00e3o pode ser utilizado para criar obst\u00e1culos processuais desnecess\u00e1rios.<\/p>\n<p data-start=\"1062\" data-end=\"1215\">Segundo ela, se a legisla\u00e7\u00e3o federal j\u00e1 reconhece a validade da assinatura eletr\u00f4nica, essa previs\u00e3o deve ser respeitada por tribunais e \u00f3rg\u00e3os p\u00fablicos.<\/p>\n<h3 data-start=\"1222\" data-end=\"1277\">Litig\u00e2ncia predat\u00f3ria n\u00e3o justifica novas exig\u00eancias<\/h3>\n<p data-start=\"1279\" data-end=\"1422\">A decis\u00e3o tamb\u00e9m abordou a preocupa\u00e7\u00e3o com a chamada litig\u00e2ncia predat\u00f3ria \u2014 pr\u00e1tica caracterizada pelo ajuizamento abusivo de a\u00e7\u00f5es judiciais.<\/p>\n<p data-start=\"1424\" data-end=\"1629\">Para o STJ, embora o combate a esse tipo de conduta seja relevante, ele n\u00e3o pode servir de justificativa para ignorar a legisla\u00e7\u00e3o vigente ou impor exig\u00eancias desproporcionais ao cidad\u00e3o que age de boa-f\u00e9.<\/p>\n<h3 data-start=\"1636\" data-end=\"1670\">Moderniza\u00e7\u00e3o e menos burocracia<\/h3>\n<p data-start=\"1672\" data-end=\"1853\">Com o entendimento firmado, o tribunal refor\u00e7a a necessidade de moderniza\u00e7\u00e3o dos procedimentos jur\u00eddicos, alinhando a pr\u00e1tica forense \u00e0s ferramentas digitais j\u00e1 reconhecidas em lei.<\/p>\n<p data-start=\"1855\" data-end=\"1990\">A medida representa menos burocracia, economia de tempo e recursos para a popula\u00e7\u00e3o, al\u00e9m de maior efetividade no acesso ao Judici\u00e1rio.<\/p>\n","protected":false},"excerpt":{"rendered":"<p>Decis\u00e3o refor\u00e7a seguran\u00e7a jur\u00eddica das assinaturas eletr\u00f4nicas e reduz burocracia no acesso \u00e0 Justi\u00e7a O Superior Tribunal de<\/p>\n","protected":false},"author":2,"featured_media":4947,"comment_status":"open","ping_status":"open","sticky":false,"template":"","format":"standard","meta":{"footnotes":""},"categories":[8,12],"tags":[],"class_list":["post-4946","post","type-post","status-publish","format-standard","has-post-thumbnail","hentry","category-brasil","category-noticias"],"yoast_head":"<!-- This site is optimized with the Yoast SEO plugin v28.3 - https:\/\/yoast.com\/product\/yoast-seo-wordpress\/ -->\n<title>STJ reconhece validade de procura\u00e7\u00e3o assinada pelo Gov.br e afasta exig\u00eancia de firma reconhecida - Ello TV<\/title>\n<meta name=\"description\" content=\"STJ reconhece validade de procura\u00e7\u00e3o assinada pelo Gov.br e afasta exig\u00eancia de firma reconhecida. Decis\u00e3o refor\u00e7a seguran\u00e7a jur\u00eddica das assinaturas eletr\u00f4nicas e reduz burocracia no acesso \u00e0 Justi\u00e7a.\" \/>\n<meta name=\"robots\" content=\"index, follow, max-snippet:-1, max-image-preview:large, max-video-preview:-1\" \/>\n<link rel=\"canonical\" href=\"https:\/\/ellotv.com.br\/site\/2026\/02\/10\/stj-reconhece-validade-de-procuracao-assinada-pelo-gov-br-e-afasta-exigencia-de-firma-reconhecida\/\" \/>\n<meta property=\"og:locale\" content=\"pt_BR\" \/>\n<meta property=\"og:type\" content=\"article\" \/>\n<meta property=\"og:title\" content=\"STJ reconhece validade de procura\u00e7\u00e3o assinada pelo Gov.br e afasta exig\u00eancia de firma reconhecida - Ello TV\" \/>\n<meta property=\"og:description\" content=\"STJ reconhece validade de procura\u00e7\u00e3o assinada pelo Gov.br e afasta exig\u00eancia de firma reconhecida. Decis\u00e3o refor\u00e7a seguran\u00e7a jur\u00eddica das assinaturas eletr\u00f4nicas e reduz burocracia no acesso \u00e0 Justi\u00e7a.\" \/>\n<meta property=\"og:url\" content=\"https:\/\/ellotv.com.br\/site\/2026\/02\/10\/stj-reconhece-validade-de-procuracao-assinada-pelo-gov-br-e-afasta-exigencia-de-firma-reconhecida\/\" \/>\n<meta property=\"og:site_name\" content=\"Ello TV\" \/>\n<meta property=\"article:published_time\" content=\"2026-02-10T18:31:51+00:00\" \/>\n<meta property=\"og:image\" content=\"https:\/\/ellotv.com.br\/site\/wp-content\/uploads\/2026\/02\/WhatsApp-Image-2026-02-10-at-10.43.23.jpeg\" \/>\n\t<meta property=\"og:image:width\" content=\"869\" \/>\n\t<meta property=\"og:image:height\" content=\"628\" \/>\n\t<meta property=\"og:image:type\" content=\"image\/jpeg\" \/>\n<meta name=\"author\" content=\"ELLO TV\" \/>\n<meta name=\"twitter:card\" content=\"summary_large_image\" \/>\n<meta name=\"twitter:label1\" content=\"Escrito por\" \/>\n\t<meta name=\"twitter:data1\" content=\"ELLO TV\" \/>\n\t<meta name=\"twitter:label2\" content=\"Est. tempo de leitura\" \/>\n\t<meta name=\"twitter:data2\" content=\"2 minutos\" \/>\n<script type=\"application\/ld+json\" class=\"yoast-schema-graph\">{\"@context\":\"https:\\\/\\\/schema.org\",\"@graph\":[{\"@type\":\"Article\",\"@id\":\"https:\\\/\\\/ellotv.com.br\\\/site\\\/2026\\\/02\\\/10\\\/stj-reconhece-validade-de-procuracao-assinada-pelo-gov-br-e-afasta-exigencia-de-firma-reconhecida\\\/#article\",\"isPartOf\":{\"@id\":\"https:\\\/\\\/ellotv.com.br\\\/site\\\/2026\\\/02\\\/10\\\/stj-reconhece-validade-de-procuracao-assinada-pelo-gov-br-e-afasta-exigencia-de-firma-reconhecida\\\/\"},\"author\":{\"name\":\"ELLO TV\",\"@id\":\"https:\\\/\\\/ellotv.com.br\\\/site\\\/#\\\/schema\\\/person\\\/2dbe3abaee38dcc7332fc8205cd2b15d\"},\"headline\":\"STJ reconhece validade de procura\u00e7\u00e3o assinada pelo Gov.br e afasta exig\u00eancia de firma reconhecida\",\"datePublished\":\"2026-02-10T18:31:51+00:00\",\"mainEntityOfPage\":{\"@id\":\"https:\\\/\\\/ellotv.com.br\\\/site\\\/2026\\\/02\\\/10\\\/stj-reconhece-validade-de-procuracao-assinada-pelo-gov-br-e-afasta-exigencia-de-firma-reconhecida\\\/\"},\"wordCount\":329,\"commentCount\":0,\"publisher\":{\"@id\":\"https:\\\/\\\/ellotv.com.br\\\/site\\\/#organization\"},\"image\":{\"@id\":\"https:\\\/\\\/ellotv.com.br\\\/site\\\/2026\\\/02\\\/10\\\/stj-reconhece-validade-de-procuracao-assinada-pelo-gov-br-e-afasta-exigencia-de-firma-reconhecida\\\/#primaryimage\"},\"thumbnailUrl\":\"https:\\\/\\\/ellotv.com.br\\\/site\\\/wp-content\\\/uploads\\\/2026\\\/02\\\/WhatsApp-Image-2026-02-10-at-10.43.23.jpeg\",\"articleSection\":[\"Brasil\",\"Noticias\"],\"inLanguage\":\"pt-BR\",\"potentialAction\":[{\"@type\":\"CommentAction\",\"name\":\"Comment\",\"target\":[\"https:\\\/\\\/ellotv.com.br\\\/site\\\/2026\\\/02\\\/10\\\/stj-reconhece-validade-de-procuracao-assinada-pelo-gov-br-e-afasta-exigencia-de-firma-reconhecida\\\/#respond\"]}]},{\"@type\":\"WebPage\",\"@id\":\"https:\\\/\\\/ellotv.com.br\\\/site\\\/2026\\\/02\\\/10\\\/stj-reconhece-validade-de-procuracao-assinada-pelo-gov-br-e-afasta-exigencia-de-firma-reconhecida\\\/\",\"url\":\"https:\\\/\\\/ellotv.com.br\\\/site\\\/2026\\\/02\\\/10\\\/stj-reconhece-validade-de-procuracao-assinada-pelo-gov-br-e-afasta-exigencia-de-firma-reconhecida\\\/\",\"name\":\"STJ reconhece validade de procura\u00e7\u00e3o assinada pelo Gov.br e afasta exig\u00eancia de firma reconhecida - Ello TV\",\"isPartOf\":{\"@id\":\"https:\\\/\\\/ellotv.com.br\\\/site\\\/#website\"},\"primaryImageOfPage\":{\"@id\":\"https:\\\/\\\/ellotv.com.br\\\/site\\\/2026\\\/02\\\/10\\\/stj-reconhece-validade-de-procuracao-assinada-pelo-gov-br-e-afasta-exigencia-de-firma-reconhecida\\\/#primaryimage\"},\"image\":{\"@id\":\"https:\\\/\\\/ellotv.com.br\\\/site\\\/2026\\\/02\\\/10\\\/stj-reconhece-validade-de-procuracao-assinada-pelo-gov-br-e-afasta-exigencia-de-firma-reconhecida\\\/#primaryimage\"},\"thumbnailUrl\":\"https:\\\/\\\/ellotv.com.br\\\/site\\\/wp-content\\\/uploads\\\/2026\\\/02\\\/WhatsApp-Image-2026-02-10-at-10.43.23.jpeg\",\"datePublished\":\"2026-02-10T18:31:51+00:00\",\"description\":\"STJ reconhece validade de procura\u00e7\u00e3o assinada pelo Gov.br e afasta exig\u00eancia de firma reconhecida. Decis\u00e3o refor\u00e7a seguran\u00e7a jur\u00eddica das assinaturas eletr\u00f4nicas e reduz burocracia no acesso \u00e0 Justi\u00e7a.\",\"breadcrumb\":{\"@id\":\"https:\\\/\\\/ellotv.com.br\\\/site\\\/2026\\\/02\\\/10\\\/stj-reconhece-validade-de-procuracao-assinada-pelo-gov-br-e-afasta-exigencia-de-firma-reconhecida\\\/#breadcrumb\"},\"inLanguage\":\"pt-BR\",\"potentialAction\":[{\"@type\":\"ReadAction\",\"target\":[\"https:\\\/\\\/ellotv.com.br\\\/site\\\/2026\\\/02\\\/10\\\/stj-reconhece-validade-de-procuracao-assinada-pelo-gov-br-e-afasta-exigencia-de-firma-reconhecida\\\/\"]}]},{\"@type\":\"ImageObject\",\"inLanguage\":\"pt-BR\",\"@id\":\"https:\\\/\\\/ellotv.com.br\\\/site\\\/2026\\\/02\\\/10\\\/stj-reconhece-validade-de-procuracao-assinada-pelo-gov-br-e-afasta-exigencia-de-firma-reconhecida\\\/#primaryimage\",\"url\":\"https:\\\/\\\/ellotv.com.br\\\/site\\\/wp-content\\\/uploads\\\/2026\\\/02\\\/WhatsApp-Image-2026-02-10-at-10.43.23.jpeg\",\"contentUrl\":\"https:\\\/\\\/ellotv.com.br\\\/site\\\/wp-content\\\/uploads\\\/2026\\\/02\\\/WhatsApp-Image-2026-02-10-at-10.43.23.jpeg\",\"width\":869,\"height\":628},{\"@type\":\"BreadcrumbList\",\"@id\":\"https:\\\/\\\/ellotv.com.br\\\/site\\\/2026\\\/02\\\/10\\\/stj-reconhece-validade-de-procuracao-assinada-pelo-gov-br-e-afasta-exigencia-de-firma-reconhecida\\\/#breadcrumb\",\"itemListElement\":[{\"@type\":\"ListItem\",\"position\":1,\"name\":\"In\u00edcio\",\"item\":\"https:\\\/\\\/ellotv.com.br\\\/site\\\/\"},{\"@type\":\"ListItem\",\"position\":2,\"name\":\"STJ reconhece validade de procura\u00e7\u00e3o assinada pelo Gov.br e afasta exig\u00eancia de firma reconhecida\"}]},{\"@type\":\"WebSite\",\"@id\":\"https:\\\/\\\/ellotv.com.br\\\/site\\\/#website\",\"url\":\"https:\\\/\\\/ellotv.com.br\\\/site\\\/\",\"name\":\"ELLO TV\",\"description\":\"\",\"publisher\":{\"@id\":\"https:\\\/\\\/ellotv.com.br\\\/site\\\/#organization\"},\"potentialAction\":[{\"@type\":\"SearchAction\",\"target\":{\"@type\":\"EntryPoint\",\"urlTemplate\":\"https:\\\/\\\/ellotv.com.br\\\/site\\\/?s={search_term_string}\"},\"query-input\":{\"@type\":\"PropertyValueSpecification\",\"valueRequired\":true,\"valueName\":\"search_term_string\"}}],\"inLanguage\":\"pt-BR\"},{\"@type\":\"Organization\",\"@id\":\"https:\\\/\\\/ellotv.com.br\\\/site\\\/#organization\",\"name\":\"ELLO TV\",\"url\":\"https:\\\/\\\/ellotv.com.br\\\/site\\\/\",\"logo\":{\"@type\":\"ImageObject\",\"inLanguage\":\"pt-BR\",\"@id\":\"https:\\\/\\\/ellotv.com.br\\\/site\\\/#\\\/schema\\\/logo\\\/image\\\/\",\"url\":\"https:\\\/\\\/ellotv.com.br\\\/site\\\/wp-content\\\/uploads\\\/2025\\\/11\\\/ello-logo-2.fw_.png\",\"contentUrl\":\"https:\\\/\\\/ellotv.com.br\\\/site\\\/wp-content\\\/uploads\\\/2025\\\/11\\\/ello-logo-2.fw_.png\",\"width\":400,\"height\":146,\"caption\":\"ELLO TV\"},\"image\":{\"@id\":\"https:\\\/\\\/ellotv.com.br\\\/site\\\/#\\\/schema\\\/logo\\\/image\\\/\"}},{\"@type\":\"Person\",\"@id\":\"https:\\\/\\\/ellotv.com.br\\\/site\\\/#\\\/schema\\\/person\\\/2dbe3abaee38dcc7332fc8205cd2b15d\",\"name\":\"ELLO TV\",\"image\":{\"@type\":\"ImageObject\",\"inLanguage\":\"pt-BR\",\"@id\":\"https:\\\/\\\/secure.gravatar.com\\\/avatar\\\/c38242b9da8ec217ac3f0aaee31a54f7d7befb11b2b47fdbc8fb0fad60afa1c6?s=96&d=mm&r=g\",\"url\":\"https:\\\/\\\/secure.gravatar.com\\\/avatar\\\/c38242b9da8ec217ac3f0aaee31a54f7d7befb11b2b47fdbc8fb0fad60afa1c6?s=96&d=mm&r=g\",\"contentUrl\":\"https:\\\/\\\/secure.gravatar.com\\\/avatar\\\/c38242b9da8ec217ac3f0aaee31a54f7d7befb11b2b47fdbc8fb0fad60afa1c6?s=96&d=mm&r=g\",\"caption\":\"ELLO TV\"},\"url\":\"https:\\\/\\\/ellotv.com.br\\\/site\\\/author\\\/elloagencia\\\/\"}]}<\/script>\n<!-- \/ Yoast SEO plugin. -->","yoast_head_json":{"title":"STJ reconhece validade de procura\u00e7\u00e3o assinada pelo Gov.br e afasta exig\u00eancia de firma reconhecida - Ello TV","description":"STJ reconhece validade de procura\u00e7\u00e3o assinada pelo Gov.br e afasta exig\u00eancia de firma reconhecida. Decis\u00e3o refor\u00e7a seguran\u00e7a jur\u00eddica das assinaturas eletr\u00f4nicas e reduz burocracia no acesso \u00e0 Justi\u00e7a.","robots":{"index":"index","follow":"follow","max-snippet":"max-snippet:-1","max-image-preview":"max-image-preview:large","max-video-preview":"max-video-preview:-1"},"canonical":"https:\/\/ellotv.com.br\/site\/2026\/02\/10\/stj-reconhece-validade-de-procuracao-assinada-pelo-gov-br-e-afasta-exigencia-de-firma-reconhecida\/","og_locale":"pt_BR","og_type":"article","og_title":"STJ reconhece validade de procura\u00e7\u00e3o assinada pelo Gov.br e afasta exig\u00eancia de firma reconhecida - Ello TV","og_description":"STJ reconhece validade de procura\u00e7\u00e3o assinada pelo Gov.br e afasta exig\u00eancia de firma reconhecida. Decis\u00e3o refor\u00e7a seguran\u00e7a jur\u00eddica das assinaturas eletr\u00f4nicas e reduz burocracia no acesso \u00e0 Justi\u00e7a.","og_url":"https:\/\/ellotv.com.br\/site\/2026\/02\/10\/stj-reconhece-validade-de-procuracao-assinada-pelo-gov-br-e-afasta-exigencia-de-firma-reconhecida\/","og_site_name":"Ello TV","article_published_time":"2026-02-10T18:31:51+00:00","og_image":[{"width":869,"height":628,"url":"https:\/\/ellotv.com.br\/site\/wp-content\/uploads\/2026\/02\/WhatsApp-Image-2026-02-10-at-10.43.23.jpeg","type":"image\/jpeg"}],"author":"ELLO TV","twitter_card":"summary_large_image","twitter_misc":{"Escrito por":"ELLO TV","Est. tempo de leitura":"2 minutos"},"schema":{"@context":"https:\/\/schema.org","@graph":[{"@type":"Article","@id":"https:\/\/ellotv.com.br\/site\/2026\/02\/10\/stj-reconhece-validade-de-procuracao-assinada-pelo-gov-br-e-afasta-exigencia-de-firma-reconhecida\/#article","isPartOf":{"@id":"https:\/\/ellotv.com.br\/site\/2026\/02\/10\/stj-reconhece-validade-de-procuracao-assinada-pelo-gov-br-e-afasta-exigencia-de-firma-reconhecida\/"},"author":{"name":"ELLO TV","@id":"https:\/\/ellotv.com.br\/site\/#\/schema\/person\/2dbe3abaee38dcc7332fc8205cd2b15d"},"headline":"STJ reconhece validade de procura\u00e7\u00e3o assinada pelo Gov.br e afasta exig\u00eancia de firma reconhecida","datePublished":"2026-02-10T18:31:51+00:00","mainEntityOfPage":{"@id":"https:\/\/ellotv.com.br\/site\/2026\/02\/10\/stj-reconhece-validade-de-procuracao-assinada-pelo-gov-br-e-afasta-exigencia-de-firma-reconhecida\/"},"wordCount":329,"commentCount":0,"publisher":{"@id":"https:\/\/ellotv.com.br\/site\/#organization"},"image":{"@id":"https:\/\/ellotv.com.br\/site\/2026\/02\/10\/stj-reconhece-validade-de-procuracao-assinada-pelo-gov-br-e-afasta-exigencia-de-firma-reconhecida\/#primaryimage"},"thumbnailUrl":"https:\/\/ellotv.com.br\/site\/wp-content\/uploads\/2026\/02\/WhatsApp-Image-2026-02-10-at-10.43.23.jpeg","articleSection":["Brasil","Noticias"],"inLanguage":"pt-BR","potentialAction":[{"@type":"CommentAction","name":"Comment","target":["https:\/\/ellotv.com.br\/site\/2026\/02\/10\/stj-reconhece-validade-de-procuracao-assinada-pelo-gov-br-e-afasta-exigencia-de-firma-reconhecida\/#respond"]}]},{"@type":"WebPage","@id":"https:\/\/ellotv.com.br\/site\/2026\/02\/10\/stj-reconhece-validade-de-procuracao-assinada-pelo-gov-br-e-afasta-exigencia-de-firma-reconhecida\/","url":"https:\/\/ellotv.com.br\/site\/2026\/02\/10\/stj-reconhece-validade-de-procuracao-assinada-pelo-gov-br-e-afasta-exigencia-de-firma-reconhecida\/","name":"STJ reconhece validade de procura\u00e7\u00e3o assinada pelo Gov.br e afasta exig\u00eancia de firma reconhecida - Ello TV","isPartOf":{"@id":"https:\/\/ellotv.com.br\/site\/#website"},"primaryImageOfPage":{"@id":"https:\/\/ellotv.com.br\/site\/2026\/02\/10\/stj-reconhece-validade-de-procuracao-assinada-pelo-gov-br-e-afasta-exigencia-de-firma-reconhecida\/#primaryimage"},"image":{"@id":"https:\/\/ellotv.com.br\/site\/2026\/02\/10\/stj-reconhece-validade-de-procuracao-assinada-pelo-gov-br-e-afasta-exigencia-de-firma-reconhecida\/#primaryimage"},"thumbnailUrl":"https:\/\/ellotv.com.br\/site\/wp-content\/uploads\/2026\/02\/WhatsApp-Image-2026-02-10-at-10.43.23.jpeg","datePublished":"2026-02-10T18:31:51+00:00","description":"STJ reconhece validade de procura\u00e7\u00e3o assinada pelo Gov.br e afasta exig\u00eancia de firma reconhecida. Decis\u00e3o refor\u00e7a seguran\u00e7a jur\u00eddica das assinaturas eletr\u00f4nicas e reduz burocracia no acesso \u00e0 Justi\u00e7a.","breadcrumb":{"@id":"https:\/\/ellotv.com.br\/site\/2026\/02\/10\/stj-reconhece-validade-de-procuracao-assinada-pelo-gov-br-e-afasta-exigencia-de-firma-reconhecida\/#breadcrumb"},"inLanguage":"pt-BR","potentialAction":[{"@type":"ReadAction","target":["https:\/\/ellotv.com.br\/site\/2026\/02\/10\/stj-reconhece-validade-de-procuracao-assinada-pelo-gov-br-e-afasta-exigencia-de-firma-reconhecida\/"]}]},{"@type":"ImageObject","inLanguage":"pt-BR","@id":"https:\/\/ellotv.com.br\/site\/2026\/02\/10\/stj-reconhece-validade-de-procuracao-assinada-pelo-gov-br-e-afasta-exigencia-de-firma-reconhecida\/#primaryimage","url":"https:\/\/ellotv.com.br\/site\/wp-content\/uploads\/2026\/02\/WhatsApp-Image-2026-02-10-at-10.43.23.jpeg","contentUrl":"https:\/\/ellotv.com.br\/site\/wp-content\/uploads\/2026\/02\/WhatsApp-Image-2026-02-10-at-10.43.23.jpeg","width":869,"height":628},{"@type":"BreadcrumbList","@id":"https:\/\/ellotv.com.br\/site\/2026\/02\/10\/stj-reconhece-validade-de-procuracao-assinada-pelo-gov-br-e-afasta-exigencia-de-firma-reconhecida\/#breadcrumb","itemListElement":[{"@type":"ListItem","position":1,"name":"In\u00edcio","item":"https:\/\/ellotv.com.br\/site\/"},{"@type":"ListItem","position":2,"name":"STJ reconhece validade de procura\u00e7\u00e3o assinada pelo Gov.br e afasta exig\u00eancia de firma reconhecida"}]},{"@type":"WebSite","@id":"https:\/\/ellotv.com.br\/site\/#website","url":"https:\/\/ellotv.com.br\/site\/","name":"ELLO TV","description":"","publisher":{"@id":"https:\/\/ellotv.com.br\/site\/#organization"},"potentialAction":[{"@type":"SearchAction","target":{"@type":"EntryPoint","urlTemplate":"https:\/\/ellotv.com.br\/site\/?s={search_term_string}"},"query-input":{"@type":"PropertyValueSpecification","valueRequired":true,"valueName":"search_term_string"}}],"inLanguage":"pt-BR"},{"@type":"Organization","@id":"https:\/\/ellotv.com.br\/site\/#organization","name":"ELLO TV","url":"https:\/\/ellotv.com.br\/site\/","logo":{"@type":"ImageObject","inLanguage":"pt-BR","@id":"https:\/\/ellotv.com.br\/site\/#\/schema\/logo\/image\/","url":"https:\/\/ellotv.com.br\/site\/wp-content\/uploads\/2025\/11\/ello-logo-2.fw_.png","contentUrl":"https:\/\/ellotv.com.br\/site\/wp-content\/uploads\/2025\/11\/ello-logo-2.fw_.png","width":400,"height":146,"caption":"ELLO TV"},"image":{"@id":"https:\/\/ellotv.com.br\/site\/#\/schema\/logo\/image\/"}},{"@type":"Person","@id":"https:\/\/ellotv.com.br\/site\/#\/schema\/person\/2dbe3abaee38dcc7332fc8205cd2b15d","name":"ELLO TV","image":{"@type":"ImageObject","inLanguage":"pt-BR","@id":"https:\/\/secure.gravatar.com\/avatar\/c38242b9da8ec217ac3f0aaee31a54f7d7befb11b2b47fdbc8fb0fad60afa1c6?s=96&d=mm&r=g","url":"https:\/\/secure.gravatar.com\/avatar\/c38242b9da8ec217ac3f0aaee31a54f7d7befb11b2b47fdbc8fb0fad60afa1c6?s=96&d=mm&r=g","contentUrl":"https:\/\/secure.gravatar.com\/avatar\/c38242b9da8ec217ac3f0aaee31a54f7d7befb11b2b47fdbc8fb0fad60afa1c6?s=96&d=mm&r=g","caption":"ELLO TV"},"url":"https:\/\/ellotv.com.br\/site\/author\/elloagencia\/"}]}},"featured_image_urls":{"full":["https:\/\/ellotv.com.br\/site\/wp-content\/uploads\/2026\/02\/WhatsApp-Image-2026-02-10-at-10.43.23.jpeg",869,628,false],"thumbnail":["https:\/\/ellotv.com.br\/site\/wp-content\/uploads\/2026\/02\/WhatsApp-Image-2026-02-10-at-10.43.23-150x150.jpeg",150,150,true],"medium":["https:\/\/ellotv.com.br\/site\/wp-content\/uploads\/2026\/02\/WhatsApp-Image-2026-02-10-at-10.43.23-300x217.jpeg",300,217,true],"medium_large":["https:\/\/ellotv.com.br\/site\/wp-content\/uploads\/2026\/02\/WhatsApp-Image-2026-02-10-at-10.43.23-768x555.jpeg",640,463,true],"large":["https:\/\/ellotv.com.br\/site\/wp-content\/uploads\/2026\/02\/WhatsApp-Image-2026-02-10-at-10.43.23.jpeg",640,463,false],"1536x1536":["https:\/\/ellotv.com.br\/site\/wp-content\/uploads\/2026\/02\/WhatsApp-Image-2026-02-10-at-10.43.23.jpeg",869,628,false],"2048x2048":["https:\/\/ellotv.com.br\/site\/wp-content\/uploads\/2026\/02\/WhatsApp-Image-2026-02-10-at-10.43.23.jpeg",869,628,false],"darknews-slider-full":["https:\/\/ellotv.com.br\/site\/wp-content\/uploads\/2026\/02\/WhatsApp-Image-2026-02-10-at-10.43.23.jpeg",869,628,false],"darknews-featured":["https:\/\/ellotv.com.br\/site\/wp-content\/uploads\/2026\/02\/WhatsApp-Image-2026-02-10-at-10.43.23.jpeg",869,628,false],"darknews-medium":["https:\/\/ellotv.com.br\/site\/wp-content\/uploads\/2026\/02\/WhatsApp-Image-2026-02-10-at-10.43.23-720x530.jpeg",720,530,true],"darknews-medium-square":["https:\/\/ellotv.com.br\/site\/wp-content\/uploads\/2026\/02\/WhatsApp-Image-2026-02-10-at-10.43.23-350x350.jpeg",350,350,true]},"author_info":{"info":["ELLO TV"]},"category_info":"<a href=\"https:\/\/ellotv.com.br\/site\/category\/brasil\/\" rel=\"category tag\">Brasil<\/a> <a href=\"https:\/\/ellotv.com.br\/site\/category\/noticias\/\" rel=\"category tag\">Noticias<\/a>","tag_info":"Noticias","comment_count":"0","_links":{"self":[{"href":"https:\/\/ellotv.com.br\/site\/wp-json\/wp\/v2\/posts\/4946","targetHints":{"allow":["GET"]}}],"collection":[{"href":"https:\/\/ellotv.com.br\/site\/wp-json\/wp\/v2\/posts"}],"about":[{"href":"https:\/\/ellotv.com.br\/site\/wp-json\/wp\/v2\/types\/post"}],"author":[{"embeddable":true,"href":"https:\/\/ellotv.com.br\/site\/wp-json\/wp\/v2\/users\/2"}],"replies":[{"embeddable":true,"href":"https:\/\/ellotv.com.br\/site\/wp-json\/wp\/v2\/comments?post=4946"}],"version-history":[{"count":1,"href":"https:\/\/ellotv.com.br\/site\/wp-json\/wp\/v2\/posts\/4946\/revisions"}],"predecessor-version":[{"id":4948,"href":"https:\/\/ellotv.com.br\/site\/wp-json\/wp\/v2\/posts\/4946\/revisions\/4948"}],"wp:featuredmedia":[{"embeddable":true,"href":"https:\/\/ellotv.com.br\/site\/wp-json\/wp\/v2\/media\/4947"}],"wp:attachment":[{"href":"https:\/\/ellotv.com.br\/site\/wp-json\/wp\/v2\/media?parent=4946"}],"wp:term":[{"taxonomy":"category","embeddable":true,"href":"https:\/\/ellotv.com.br\/site\/wp-json\/wp\/v2\/categories?post=4946"},{"taxonomy":"post_tag","embeddable":true,"href":"https:\/\/ellotv.com.br\/site\/wp-json\/wp\/v2\/tags?post=4946"}],"curies":[{"name":"wp","href":"https:\/\/api.w.org\/{rel}","templated":true}]}}