{"id":4949,"date":"2026-02-10T15:38:57","date_gmt":"2026-02-10T18:38:57","guid":{"rendered":"https:\/\/ellotv.com.br\/site\/?p=4949"},"modified":"2026-02-10T15:38:57","modified_gmt":"2026-02-10T18:38:57","slug":"laurinha-do-camarao-de-r-70-no-primeiro-dia-as-publis-de-r-30-mil-com-grandes-marcas","status":"publish","type":"post","link":"https:\/\/ellotv.com.br\/site\/2026\/02\/10\/laurinha-do-camarao-de-r-70-no-primeiro-dia-as-publis-de-r-30-mil-com-grandes-marcas\/","title":{"rendered":"Laurinha do Camar\u00e3o: de R$ 70 no primeiro dia \u00e0s publis de R$ 30 mil com grandes marcas"},"content":{"rendered":"<h2 data-start=\"146\" data-end=\"241\">Empreendedora transformou vendas simples nas redes sociais em um neg\u00f3cio de alto faturamento<\/h2>\n<p data-start=\"243\" data-end=\"563\">O que come\u00e7ou como uma tentativa simples de vender camar\u00e3o pelas redes sociais se transformou em um neg\u00f3cio altamente lucrativo. <strong data-start=\"372\" data-end=\"420\">Laurinha, conhecida como Laurinha do Camar\u00e3o<\/strong>, saiu de um faturamento de apenas <strong data-start=\"455\" data-end=\"480\">R$ 70 no primeiro dia<\/strong> para fechar contratos publicit\u00e1rios que chegam a <strong data-start=\"530\" data-end=\"562\">R$ 30 mil com grandes marcas<\/strong>.<\/p>\n<h3 data-start=\"570\" data-end=\"599\">A virada nas redes sociais<\/h3>\n<p data-start=\"601\" data-end=\"887\">A mudan\u00e7a aconteceu quando a empreendedora passou a utilizar as redes como vitrine estrat\u00e9gica para o neg\u00f3cio. Apostando em <strong data-start=\"725\" data-end=\"795\">v\u00eddeos espont\u00e2neos, linguagem direta e forte conex\u00e3o com o p\u00fablico<\/strong>, Laurinha conquistou seguidores e ampliou o alcance das vendas muito al\u00e9m do mercado local.<\/p>\n<p data-start=\"889\" data-end=\"1007\">O carisma e a autenticidade foram decisivos para que o conte\u00fado viralizasse, impulsionando o crescimento da audi\u00eancia.<\/p>\n<h3 data-start=\"1014\" data-end=\"1050\">De empreendedora a influenciadora<\/h3>\n<p data-start=\"1052\" data-end=\"1194\">Com o aumento expressivo de seguidores e engajamento, marcas passaram a enxergar Laurinha como uma influenciadora com alto poder de convers\u00e3o.<\/p>\n<p data-start=\"1196\" data-end=\"1392\">As primeiras parcerias surgiram de forma pontual, mas rapidamente se tornaram recorrentes, consolidando sua presen\u00e7a no mercado digital e abrindo espa\u00e7o para contratos publicit\u00e1rios de alto valor.<\/p>\n<h3 data-start=\"1399\" data-end=\"1444\">Criatividade e const\u00e2ncia como diferencial<\/h3>\n<p data-start=\"1446\" data-end=\"1590\">Hoje, al\u00e9m de empreendedora, Laurinha \u00e9 vista como exemplo de como transformar um neg\u00f3cio simples em uma marca forte por meio das redes sociais.<\/p>\n<p data-start=\"1592\" data-end=\"1735\">A trajet\u00f3ria refor\u00e7a que <strong data-start=\"1617\" data-end=\"1673\">criatividade, const\u00e2ncia e proximidade com o p\u00fablico<\/strong> podem abrir portas e gerar oportunidades antes inimagin\u00e1veis.<\/p>\n","protected":false},"excerpt":{"rendered":"<p>Empreendedora transformou vendas simples nas redes sociais em um neg\u00f3cio de alto faturamento O que come\u00e7ou como uma<\/p>\n","protected":false},"author":2,"featured_media":4950,"comment_status":"open","ping_status":"open","sticky":false,"template":"","format":"standard","meta":{"footnotes":""},"categories":[8,12],"tags":[],"class_list":["post-4949","post","type-post","status-publish","format-standard","has-post-thumbnail","hentry","category-brasil","category-noticias"],"yoast_head":"<!-- This site is optimized with the Yoast SEO plugin v28.3 - https:\/\/yoast.com\/product\/yoast-seo-wordpress\/ -->\n<title>Laurinha do Camar\u00e3o: de R$ 70 no primeiro dia \u00e0s publis de R$ 30 mil com grandes marcas - Ello TV<\/title>\n<meta name=\"description\" content=\"Laurinha do Camar\u00e3o saiu de R$ 70 no primeiro dia de vendas para contratos de at\u00e9 R$ 30 mil com grandes marcas. Empreendedora virou refer\u00eancia ao transformar o neg\u00f3cio nas redes sociais.\" \/>\n<meta name=\"robots\" content=\"index, follow, max-snippet:-1, max-image-preview:large, max-video-preview:-1\" \/>\n<link rel=\"canonical\" href=\"https:\/\/ellotv.com.br\/site\/2026\/02\/10\/laurinha-do-camarao-de-r-70-no-primeiro-dia-as-publis-de-r-30-mil-com-grandes-marcas\/\" \/>\n<meta property=\"og:locale\" content=\"pt_BR\" \/>\n<meta property=\"og:type\" content=\"article\" \/>\n<meta property=\"og:title\" content=\"Laurinha do Camar\u00e3o: de R$ 70 no primeiro dia \u00e0s publis de R$ 30 mil com grandes marcas - Ello TV\" \/>\n<meta property=\"og:description\" content=\"Laurinha do Camar\u00e3o saiu de R$ 70 no primeiro dia de vendas para contratos de at\u00e9 R$ 30 mil com grandes marcas. Empreendedora virou refer\u00eancia ao transformar o neg\u00f3cio nas redes sociais.\" \/>\n<meta property=\"og:url\" content=\"https:\/\/ellotv.com.br\/site\/2026\/02\/10\/laurinha-do-camarao-de-r-70-no-primeiro-dia-as-publis-de-r-30-mil-com-grandes-marcas\/\" \/>\n<meta property=\"og:site_name\" content=\"Ello TV\" \/>\n<meta property=\"article:published_time\" content=\"2026-02-10T18:38:57+00:00\" \/>\n<meta property=\"og:image\" content=\"https:\/\/ellotv.com.br\/site\/wp-content\/uploads\/2026\/02\/WhatsApp-Image-2026-02-10-at-14.52.49.jpeg\" \/>\n\t<meta property=\"og:image:width\" content=\"1080\" \/>\n\t<meta property=\"og:image:height\" content=\"1436\" \/>\n\t<meta property=\"og:image:type\" content=\"image\/jpeg\" \/>\n<meta name=\"author\" content=\"ELLO TV\" \/>\n<meta name=\"twitter:card\" content=\"summary_large_image\" \/>\n<meta name=\"twitter:label1\" content=\"Escrito por\" \/>\n\t<meta name=\"twitter:data1\" content=\"ELLO TV\" \/>\n\t<meta name=\"twitter:label2\" content=\"Est. tempo de leitura\" \/>\n\t<meta name=\"twitter:data2\" content=\"1 minuto\" \/>\n<script type=\"application\/ld+json\" class=\"yoast-schema-graph\">{\"@context\":\"https:\\\/\\\/schema.org\",\"@graph\":[{\"@type\":\"Article\",\"@id\":\"https:\\\/\\\/ellotv.com.br\\\/site\\\/2026\\\/02\\\/10\\\/laurinha-do-camarao-de-r-70-no-primeiro-dia-as-publis-de-r-30-mil-com-grandes-marcas\\\/#article\",\"isPartOf\":{\"@id\":\"https:\\\/\\\/ellotv.com.br\\\/site\\\/2026\\\/02\\\/10\\\/laurinha-do-camarao-de-r-70-no-primeiro-dia-as-publis-de-r-30-mil-com-grandes-marcas\\\/\"},\"author\":{\"name\":\"ELLO TV\",\"@id\":\"https:\\\/\\\/ellotv.com.br\\\/site\\\/#\\\/schema\\\/person\\\/2dbe3abaee38dcc7332fc8205cd2b15d\"},\"headline\":\"Laurinha do Camar\u00e3o: de R$ 70 no primeiro dia \u00e0s publis de R$ 30 mil com grandes marcas\",\"datePublished\":\"2026-02-10T18:38:57+00:00\",\"mainEntityOfPage\":{\"@id\":\"https:\\\/\\\/ellotv.com.br\\\/site\\\/2026\\\/02\\\/10\\\/laurinha-do-camarao-de-r-70-no-primeiro-dia-as-publis-de-r-30-mil-com-grandes-marcas\\\/\"},\"wordCount\":270,\"commentCount\":0,\"publisher\":{\"@id\":\"https:\\\/\\\/ellotv.com.br\\\/site\\\/#organization\"},\"image\":{\"@id\":\"https:\\\/\\\/ellotv.com.br\\\/site\\\/2026\\\/02\\\/10\\\/laurinha-do-camarao-de-r-70-no-primeiro-dia-as-publis-de-r-30-mil-com-grandes-marcas\\\/#primaryimage\"},\"thumbnailUrl\":\"https:\\\/\\\/ellotv.com.br\\\/site\\\/wp-content\\\/uploads\\\/2026\\\/02\\\/WhatsApp-Image-2026-02-10-at-14.52.49.jpeg\",\"articleSection\":[\"Brasil\",\"Noticias\"],\"inLanguage\":\"pt-BR\",\"potentialAction\":[{\"@type\":\"CommentAction\",\"name\":\"Comment\",\"target\":[\"https:\\\/\\\/ellotv.com.br\\\/site\\\/2026\\\/02\\\/10\\\/laurinha-do-camarao-de-r-70-no-primeiro-dia-as-publis-de-r-30-mil-com-grandes-marcas\\\/#respond\"]}]},{\"@type\":\"WebPage\",\"@id\":\"https:\\\/\\\/ellotv.com.br\\\/site\\\/2026\\\/02\\\/10\\\/laurinha-do-camarao-de-r-70-no-primeiro-dia-as-publis-de-r-30-mil-com-grandes-marcas\\\/\",\"url\":\"https:\\\/\\\/ellotv.com.br\\\/site\\\/2026\\\/02\\\/10\\\/laurinha-do-camarao-de-r-70-no-primeiro-dia-as-publis-de-r-30-mil-com-grandes-marcas\\\/\",\"name\":\"Laurinha do Camar\u00e3o: de R$ 70 no primeiro dia \u00e0s publis de R$ 30 mil com grandes marcas - Ello TV\",\"isPartOf\":{\"@id\":\"https:\\\/\\\/ellotv.com.br\\\/site\\\/#website\"},\"primaryImageOfPage\":{\"@id\":\"https:\\\/\\\/ellotv.com.br\\\/site\\\/2026\\\/02\\\/10\\\/laurinha-do-camarao-de-r-70-no-primeiro-dia-as-publis-de-r-30-mil-com-grandes-marcas\\\/#primaryimage\"},\"image\":{\"@id\":\"https:\\\/\\\/ellotv.com.br\\\/site\\\/2026\\\/02\\\/10\\\/laurinha-do-camarao-de-r-70-no-primeiro-dia-as-publis-de-r-30-mil-com-grandes-marcas\\\/#primaryimage\"},\"thumbnailUrl\":\"https:\\\/\\\/ellotv.com.br\\\/site\\\/wp-content\\\/uploads\\\/2026\\\/02\\\/WhatsApp-Image-2026-02-10-at-14.52.49.jpeg\",\"datePublished\":\"2026-02-10T18:38:57+00:00\",\"description\":\"Laurinha do Camar\u00e3o saiu de R$ 70 no primeiro dia de vendas para contratos de at\u00e9 R$ 30 mil com grandes marcas. Empreendedora virou refer\u00eancia ao transformar o neg\u00f3cio nas redes sociais.\",\"breadcrumb\":{\"@id\":\"https:\\\/\\\/ellotv.com.br\\\/site\\\/2026\\\/02\\\/10\\\/laurinha-do-camarao-de-r-70-no-primeiro-dia-as-publis-de-r-30-mil-com-grandes-marcas\\\/#breadcrumb\"},\"inLanguage\":\"pt-BR\",\"potentialAction\":[{\"@type\":\"ReadAction\",\"target\":[\"https:\\\/\\\/ellotv.com.br\\\/site\\\/2026\\\/02\\\/10\\\/laurinha-do-camarao-de-r-70-no-primeiro-dia-as-publis-de-r-30-mil-com-grandes-marcas\\\/\"]}]},{\"@type\":\"ImageObject\",\"inLanguage\":\"pt-BR\",\"@id\":\"https:\\\/\\\/ellotv.com.br\\\/site\\\/2026\\\/02\\\/10\\\/laurinha-do-camarao-de-r-70-no-primeiro-dia-as-publis-de-r-30-mil-com-grandes-marcas\\\/#primaryimage\",\"url\":\"https:\\\/\\\/ellotv.com.br\\\/site\\\/wp-content\\\/uploads\\\/2026\\\/02\\\/WhatsApp-Image-2026-02-10-at-14.52.49.jpeg\",\"contentUrl\":\"https:\\\/\\\/ellotv.com.br\\\/site\\\/wp-content\\\/uploads\\\/2026\\\/02\\\/WhatsApp-Image-2026-02-10-at-14.52.49.jpeg\",\"width\":1080,\"height\":1436},{\"@type\":\"BreadcrumbList\",\"@id\":\"https:\\\/\\\/ellotv.com.br\\\/site\\\/2026\\\/02\\\/10\\\/laurinha-do-camarao-de-r-70-no-primeiro-dia-as-publis-de-r-30-mil-com-grandes-marcas\\\/#breadcrumb\",\"itemListElement\":[{\"@type\":\"ListItem\",\"position\":1,\"name\":\"In\u00edcio\",\"item\":\"https:\\\/\\\/ellotv.com.br\\\/site\\\/\"},{\"@type\":\"ListItem\",\"position\":2,\"name\":\"Laurinha do Camar\u00e3o: de R$ 70 no primeiro dia \u00e0s publis de R$ 30 mil com grandes marcas\"}]},{\"@type\":\"WebSite\",\"@id\":\"https:\\\/\\\/ellotv.com.br\\\/site\\\/#website\",\"url\":\"https:\\\/\\\/ellotv.com.br\\\/site\\\/\",\"name\":\"ELLO TV\",\"description\":\"\",\"publisher\":{\"@id\":\"https:\\\/\\\/ellotv.com.br\\\/site\\\/#organization\"},\"potentialAction\":[{\"@type\":\"SearchAction\",\"target\":{\"@type\":\"EntryPoint\",\"urlTemplate\":\"https:\\\/\\\/ellotv.com.br\\\/site\\\/?s={search_term_string}\"},\"query-input\":{\"@type\":\"PropertyValueSpecification\",\"valueRequired\":true,\"valueName\":\"search_term_string\"}}],\"inLanguage\":\"pt-BR\"},{\"@type\":\"Organization\",\"@id\":\"https:\\\/\\\/ellotv.com.br\\\/site\\\/#organization\",\"name\":\"ELLO TV\",\"url\":\"https:\\\/\\\/ellotv.com.br\\\/site\\\/\",\"logo\":{\"@type\":\"ImageObject\",\"inLanguage\":\"pt-BR\",\"@id\":\"https:\\\/\\\/ellotv.com.br\\\/site\\\/#\\\/schema\\\/logo\\\/image\\\/\",\"url\":\"https:\\\/\\\/ellotv.com.br\\\/site\\\/wp-content\\\/uploads\\\/2025\\\/11\\\/ello-logo-2.fw_.png\",\"contentUrl\":\"https:\\\/\\\/ellotv.com.br\\\/site\\\/wp-content\\\/uploads\\\/2025\\\/11\\\/ello-logo-2.fw_.png\",\"width\":400,\"height\":146,\"caption\":\"ELLO TV\"},\"image\":{\"@id\":\"https:\\\/\\\/ellotv.com.br\\\/site\\\/#\\\/schema\\\/logo\\\/image\\\/\"}},{\"@type\":\"Person\",\"@id\":\"https:\\\/\\\/ellotv.com.br\\\/site\\\/#\\\/schema\\\/person\\\/2dbe3abaee38dcc7332fc8205cd2b15d\",\"name\":\"ELLO TV\",\"image\":{\"@type\":\"ImageObject\",\"inLanguage\":\"pt-BR\",\"@id\":\"https:\\\/\\\/secure.gravatar.com\\\/avatar\\\/c38242b9da8ec217ac3f0aaee31a54f7d7befb11b2b47fdbc8fb0fad60afa1c6?s=96&d=mm&r=g\",\"url\":\"https:\\\/\\\/secure.gravatar.com\\\/avatar\\\/c38242b9da8ec217ac3f0aaee31a54f7d7befb11b2b47fdbc8fb0fad60afa1c6?s=96&d=mm&r=g\",\"contentUrl\":\"https:\\\/\\\/secure.gravatar.com\\\/avatar\\\/c38242b9da8ec217ac3f0aaee31a54f7d7befb11b2b47fdbc8fb0fad60afa1c6?s=96&d=mm&r=g\",\"caption\":\"ELLO TV\"},\"url\":\"https:\\\/\\\/ellotv.com.br\\\/site\\\/author\\\/elloagencia\\\/\"}]}<\/script>\n<!-- \/ Yoast SEO plugin. -->","yoast_head_json":{"title":"Laurinha do Camar\u00e3o: de R$ 70 no primeiro dia \u00e0s publis de R$ 30 mil com grandes marcas - Ello TV","description":"Laurinha do Camar\u00e3o saiu de R$ 70 no primeiro dia de vendas para contratos de at\u00e9 R$ 30 mil com grandes marcas. Empreendedora virou refer\u00eancia ao transformar o neg\u00f3cio nas redes sociais.","robots":{"index":"index","follow":"follow","max-snippet":"max-snippet:-1","max-image-preview":"max-image-preview:large","max-video-preview":"max-video-preview:-1"},"canonical":"https:\/\/ellotv.com.br\/site\/2026\/02\/10\/laurinha-do-camarao-de-r-70-no-primeiro-dia-as-publis-de-r-30-mil-com-grandes-marcas\/","og_locale":"pt_BR","og_type":"article","og_title":"Laurinha do Camar\u00e3o: de R$ 70 no primeiro dia \u00e0s publis de R$ 30 mil com grandes marcas - Ello TV","og_description":"Laurinha do Camar\u00e3o saiu de R$ 70 no primeiro dia de vendas para contratos de at\u00e9 R$ 30 mil com grandes marcas. Empreendedora virou refer\u00eancia ao transformar o neg\u00f3cio nas redes sociais.","og_url":"https:\/\/ellotv.com.br\/site\/2026\/02\/10\/laurinha-do-camarao-de-r-70-no-primeiro-dia-as-publis-de-r-30-mil-com-grandes-marcas\/","og_site_name":"Ello TV","article_published_time":"2026-02-10T18:38:57+00:00","og_image":[{"width":1080,"height":1436,"url":"https:\/\/ellotv.com.br\/site\/wp-content\/uploads\/2026\/02\/WhatsApp-Image-2026-02-10-at-14.52.49.jpeg","type":"image\/jpeg"}],"author":"ELLO TV","twitter_card":"summary_large_image","twitter_misc":{"Escrito por":"ELLO TV","Est. tempo de leitura":"1 minuto"},"schema":{"@context":"https:\/\/schema.org","@graph":[{"@type":"Article","@id":"https:\/\/ellotv.com.br\/site\/2026\/02\/10\/laurinha-do-camarao-de-r-70-no-primeiro-dia-as-publis-de-r-30-mil-com-grandes-marcas\/#article","isPartOf":{"@id":"https:\/\/ellotv.com.br\/site\/2026\/02\/10\/laurinha-do-camarao-de-r-70-no-primeiro-dia-as-publis-de-r-30-mil-com-grandes-marcas\/"},"author":{"name":"ELLO TV","@id":"https:\/\/ellotv.com.br\/site\/#\/schema\/person\/2dbe3abaee38dcc7332fc8205cd2b15d"},"headline":"Laurinha do Camar\u00e3o: de R$ 70 no primeiro dia \u00e0s publis de R$ 30 mil com grandes marcas","datePublished":"2026-02-10T18:38:57+00:00","mainEntityOfPage":{"@id":"https:\/\/ellotv.com.br\/site\/2026\/02\/10\/laurinha-do-camarao-de-r-70-no-primeiro-dia-as-publis-de-r-30-mil-com-grandes-marcas\/"},"wordCount":270,"commentCount":0,"publisher":{"@id":"https:\/\/ellotv.com.br\/site\/#organization"},"image":{"@id":"https:\/\/ellotv.com.br\/site\/2026\/02\/10\/laurinha-do-camarao-de-r-70-no-primeiro-dia-as-publis-de-r-30-mil-com-grandes-marcas\/#primaryimage"},"thumbnailUrl":"https:\/\/ellotv.com.br\/site\/wp-content\/uploads\/2026\/02\/WhatsApp-Image-2026-02-10-at-14.52.49.jpeg","articleSection":["Brasil","Noticias"],"inLanguage":"pt-BR","potentialAction":[{"@type":"CommentAction","name":"Comment","target":["https:\/\/ellotv.com.br\/site\/2026\/02\/10\/laurinha-do-camarao-de-r-70-no-primeiro-dia-as-publis-de-r-30-mil-com-grandes-marcas\/#respond"]}]},{"@type":"WebPage","@id":"https:\/\/ellotv.com.br\/site\/2026\/02\/10\/laurinha-do-camarao-de-r-70-no-primeiro-dia-as-publis-de-r-30-mil-com-grandes-marcas\/","url":"https:\/\/ellotv.com.br\/site\/2026\/02\/10\/laurinha-do-camarao-de-r-70-no-primeiro-dia-as-publis-de-r-30-mil-com-grandes-marcas\/","name":"Laurinha do Camar\u00e3o: de R$ 70 no primeiro dia \u00e0s publis de R$ 30 mil com grandes marcas - Ello TV","isPartOf":{"@id":"https:\/\/ellotv.com.br\/site\/#website"},"primaryImageOfPage":{"@id":"https:\/\/ellotv.com.br\/site\/2026\/02\/10\/laurinha-do-camarao-de-r-70-no-primeiro-dia-as-publis-de-r-30-mil-com-grandes-marcas\/#primaryimage"},"image":{"@id":"https:\/\/ellotv.com.br\/site\/2026\/02\/10\/laurinha-do-camarao-de-r-70-no-primeiro-dia-as-publis-de-r-30-mil-com-grandes-marcas\/#primaryimage"},"thumbnailUrl":"https:\/\/ellotv.com.br\/site\/wp-content\/uploads\/2026\/02\/WhatsApp-Image-2026-02-10-at-14.52.49.jpeg","datePublished":"2026-02-10T18:38:57+00:00","description":"Laurinha do Camar\u00e3o saiu de R$ 70 no primeiro dia de vendas para contratos de at\u00e9 R$ 30 mil com grandes marcas. Empreendedora virou refer\u00eancia ao transformar o neg\u00f3cio nas redes sociais.","breadcrumb":{"@id":"https:\/\/ellotv.com.br\/site\/2026\/02\/10\/laurinha-do-camarao-de-r-70-no-primeiro-dia-as-publis-de-r-30-mil-com-grandes-marcas\/#breadcrumb"},"inLanguage":"pt-BR","potentialAction":[{"@type":"ReadAction","target":["https:\/\/ellotv.com.br\/site\/2026\/02\/10\/laurinha-do-camarao-de-r-70-no-primeiro-dia-as-publis-de-r-30-mil-com-grandes-marcas\/"]}]},{"@type":"ImageObject","inLanguage":"pt-BR","@id":"https:\/\/ellotv.com.br\/site\/2026\/02\/10\/laurinha-do-camarao-de-r-70-no-primeiro-dia-as-publis-de-r-30-mil-com-grandes-marcas\/#primaryimage","url":"https:\/\/ellotv.com.br\/site\/wp-content\/uploads\/2026\/02\/WhatsApp-Image-2026-02-10-at-14.52.49.jpeg","contentUrl":"https:\/\/ellotv.com.br\/site\/wp-content\/uploads\/2026\/02\/WhatsApp-Image-2026-02-10-at-14.52.49.jpeg","width":1080,"height":1436},{"@type":"BreadcrumbList","@id":"https:\/\/ellotv.com.br\/site\/2026\/02\/10\/laurinha-do-camarao-de-r-70-no-primeiro-dia-as-publis-de-r-30-mil-com-grandes-marcas\/#breadcrumb","itemListElement":[{"@type":"ListItem","position":1,"name":"In\u00edcio","item":"https:\/\/ellotv.com.br\/site\/"},{"@type":"ListItem","position":2,"name":"Laurinha do Camar\u00e3o: de R$ 70 no primeiro dia \u00e0s publis de R$ 30 mil com grandes marcas"}]},{"@type":"WebSite","@id":"https:\/\/ellotv.com.br\/site\/#website","url":"https:\/\/ellotv.com.br\/site\/","name":"ELLO TV","description":"","publisher":{"@id":"https:\/\/ellotv.com.br\/site\/#organization"},"potentialAction":[{"@type":"SearchAction","target":{"@type":"EntryPoint","urlTemplate":"https:\/\/ellotv.com.br\/site\/?s={search_term_string}"},"query-input":{"@type":"PropertyValueSpecification","valueRequired":true,"valueName":"search_term_string"}}],"inLanguage":"pt-BR"},{"@type":"Organization","@id":"https:\/\/ellotv.com.br\/site\/#organization","name":"ELLO TV","url":"https:\/\/ellotv.com.br\/site\/","logo":{"@type":"ImageObject","inLanguage":"pt-BR","@id":"https:\/\/ellotv.com.br\/site\/#\/schema\/logo\/image\/","url":"https:\/\/ellotv.com.br\/site\/wp-content\/uploads\/2025\/11\/ello-logo-2.fw_.png","contentUrl":"https:\/\/ellotv.com.br\/site\/wp-content\/uploads\/2025\/11\/ello-logo-2.fw_.png","width":400,"height":146,"caption":"ELLO TV"},"image":{"@id":"https:\/\/ellotv.com.br\/site\/#\/schema\/logo\/image\/"}},{"@type":"Person","@id":"https:\/\/ellotv.com.br\/site\/#\/schema\/person\/2dbe3abaee38dcc7332fc8205cd2b15d","name":"ELLO TV","image":{"@type":"ImageObject","inLanguage":"pt-BR","@id":"https:\/\/secure.gravatar.com\/avatar\/c38242b9da8ec217ac3f0aaee31a54f7d7befb11b2b47fdbc8fb0fad60afa1c6?s=96&d=mm&r=g","url":"https:\/\/secure.gravatar.com\/avatar\/c38242b9da8ec217ac3f0aaee31a54f7d7befb11b2b47fdbc8fb0fad60afa1c6?s=96&d=mm&r=g","contentUrl":"https:\/\/secure.gravatar.com\/avatar\/c38242b9da8ec217ac3f0aaee31a54f7d7befb11b2b47fdbc8fb0fad60afa1c6?s=96&d=mm&r=g","caption":"ELLO TV"},"url":"https:\/\/ellotv.com.br\/site\/author\/elloagencia\/"}]}},"featured_image_urls":{"full":["https:\/\/ellotv.com.br\/site\/wp-content\/uploads\/2026\/02\/WhatsApp-Image-2026-02-10-at-14.52.49.jpeg",1080,1436,false],"thumbnail":["https:\/\/ellotv.com.br\/site\/wp-content\/uploads\/2026\/02\/WhatsApp-Image-2026-02-10-at-14.52.49-150x150.jpeg",150,150,true],"medium":["https:\/\/ellotv.com.br\/site\/wp-content\/uploads\/2026\/02\/WhatsApp-Image-2026-02-10-at-14.52.49-226x300.jpeg",226,300,true],"medium_large":["https:\/\/ellotv.com.br\/site\/wp-content\/uploads\/2026\/02\/WhatsApp-Image-2026-02-10-at-14.52.49-768x1021.jpeg",640,851,true],"large":["https:\/\/ellotv.com.br\/site\/wp-content\/uploads\/2026\/02\/WhatsApp-Image-2026-02-10-at-14.52.49-770x1024.jpeg",640,851,true],"1536x1536":["https:\/\/ellotv.com.br\/site\/wp-content\/uploads\/2026\/02\/WhatsApp-Image-2026-02-10-at-14.52.49.jpeg",1080,1436,false],"2048x2048":["https:\/\/ellotv.com.br\/site\/wp-content\/uploads\/2026\/02\/WhatsApp-Image-2026-02-10-at-14.52.49.jpeg",1080,1436,false],"darknews-slider-full":["https:\/\/ellotv.com.br\/site\/wp-content\/uploads\/2026\/02\/WhatsApp-Image-2026-02-10-at-14.52.49-1080x720.jpeg",1080,720,true],"darknews-featured":["https:\/\/ellotv.com.br\/site\/wp-content\/uploads\/2026\/02\/WhatsApp-Image-2026-02-10-at-14.52.49-1024x1362.jpeg",1024,1362,true],"darknews-medium":["https:\/\/ellotv.com.br\/site\/wp-content\/uploads\/2026\/02\/WhatsApp-Image-2026-02-10-at-14.52.49-720x530.jpeg",720,530,true],"darknews-medium-square":["https:\/\/ellotv.com.br\/site\/wp-content\/uploads\/2026\/02\/WhatsApp-Image-2026-02-10-at-14.52.49-350x350.jpeg",350,350,true]},"author_info":{"info":["ELLO TV"]},"category_info":"<a href=\"https:\/\/ellotv.com.br\/site\/category\/brasil\/\" rel=\"category tag\">Brasil<\/a> <a href=\"https:\/\/ellotv.com.br\/site\/category\/noticias\/\" rel=\"category tag\">Noticias<\/a>","tag_info":"Noticias","comment_count":"0","_links":{"self":[{"href":"https:\/\/ellotv.com.br\/site\/wp-json\/wp\/v2\/posts\/4949","targetHints":{"allow":["GET"]}}],"collection":[{"href":"https:\/\/ellotv.com.br\/site\/wp-json\/wp\/v2\/posts"}],"about":[{"href":"https:\/\/ellotv.com.br\/site\/wp-json\/wp\/v2\/types\/post"}],"author":[{"embeddable":true,"href":"https:\/\/ellotv.com.br\/site\/wp-json\/wp\/v2\/users\/2"}],"replies":[{"embeddable":true,"href":"https:\/\/ellotv.com.br\/site\/wp-json\/wp\/v2\/comments?post=4949"}],"version-history":[{"count":1,"href":"https:\/\/ellotv.com.br\/site\/wp-json\/wp\/v2\/posts\/4949\/revisions"}],"predecessor-version":[{"id":4951,"href":"https:\/\/ellotv.com.br\/site\/wp-json\/wp\/v2\/posts\/4949\/revisions\/4951"}],"wp:featuredmedia":[{"embeddable":true,"href":"https:\/\/ellotv.com.br\/site\/wp-json\/wp\/v2\/media\/4950"}],"wp:attachment":[{"href":"https:\/\/ellotv.com.br\/site\/wp-json\/wp\/v2\/media?parent=4949"}],"wp:term":[{"taxonomy":"category","embeddable":true,"href":"https:\/\/ellotv.com.br\/site\/wp-json\/wp\/v2\/categories?post=4949"},{"taxonomy":"post_tag","embeddable":true,"href":"https:\/\/ellotv.com.br\/site\/wp-json\/wp\/v2\/tags?post=4949"}],"curies":[{"name":"wp","href":"https:\/\/api.w.org\/{rel}","templated":true}]}}