{"id":4952,"date":"2026-02-10T15:42:54","date_gmt":"2026-02-10T18:42:54","guid":{"rendered":"https:\/\/ellotv.com.br\/site\/?p=4952"},"modified":"2026-02-10T15:42:54","modified_gmt":"2026-02-10T18:42:54","slug":"marconi-santana-acelera-articulacoes-no-recife-e-busca-investimentos-para-o-pajeu","status":"publish","type":"post","link":"https:\/\/ellotv.com.br\/site\/2026\/02\/10\/marconi-santana-acelera-articulacoes-no-recife-e-busca-investimentos-para-o-pajeu\/","title":{"rendered":"Marconi Santana acelera articula\u00e7\u00f5es no Recife e busca investimentos para o Paje\u00fa"},"content":{"rendered":"<h2>Em agenda na Casa Civil, lideran\u00e7a refor\u00e7a di\u00e1logo para ampliar a\u00e7\u00f5es no interior de Pernambuco<\/h2>\n<p data-start=\"240\" data-end=\"424\">Ap\u00f3s cumprir uma extensa agenda no Vale do S\u00e3o Francisco, <strong data-start=\"298\" data-end=\"317\">Marconi Santana<\/strong> desembarcou no Recife e manteve o ritmo intenso de articula\u00e7\u00f5es pol\u00edticas em favor da <strong data-start=\"404\" data-end=\"423\">Regi\u00e3o do Paje\u00fa<\/strong>.<\/p>\n<p data-start=\"426\" data-end=\"608\">Desta vez, o encontro aconteceu na <strong data-start=\"461\" data-end=\"475\">Casa Civil<\/strong>, onde Marconi se reuniu com o chefe de gabinete da pasta, <strong data-start=\"534\" data-end=\"546\">Pop\u00f3 Vaz<\/strong>, e com o gerente regional de articula\u00e7\u00e3o, <strong data-start=\"589\" data-end=\"607\">Edson Henrique<\/strong>.<\/p>\n<h3 data-start=\"615\" data-end=\"656\">Pauta voltada para novos investimentos<\/h3>\n<p data-start=\"658\" data-end=\"839\">Durante a reuni\u00e3o, foi discutido um pacote de a\u00e7\u00f5es com o objetivo de destravar investimentos e garantir que as entregas do Governo do Estado cheguem com mais agilidade ao interior.<\/p>\n<p data-start=\"841\" data-end=\"1028\">Marconi destacou a import\u00e2ncia de iniciativas que resultem em melhoria direta na qualidade de vida da popula\u00e7\u00e3o, refor\u00e7ando a necessidade de ampliar a capilaridade das pol\u00edticas p\u00fablicas.<\/p>\n<h3 data-start=\"1035\" data-end=\"1070\">Sintonia com o Governo do Estado<\/h3>\n<p data-start=\"1072\" data-end=\"1292\">A aproxima\u00e7\u00e3o com o n\u00facleo do governo estadual tem sido apontada como estrat\u00e9gica em sua atua\u00e7\u00e3o. Marconi registrou agradecimento \u00e0 governadora <strong data-start=\"1216\" data-end=\"1231\">Raquel Lyra<\/strong>, destacando a receptividade da gest\u00e3o \u00e0s demandas regionais.<\/p>\n<p data-start=\"1294\" data-end=\"1454\">Nos bastidores, a movimenta\u00e7\u00e3o \u00e9 vista como parte de uma estrat\u00e9gia para consolidar seu papel como articulador entre o Paje\u00fa e o Pal\u00e1cio do Campo das Princesas.<\/p>\n<p data-start=\"1456\" data-end=\"1573\">A agenda na capital refor\u00e7a o foco em garantir resultados concretos para o desenvolvimento do interior de Pernambuco.<\/p>\n","protected":false},"excerpt":{"rendered":"<p>Em agenda na Casa Civil, lideran\u00e7a refor\u00e7a di\u00e1logo para ampliar a\u00e7\u00f5es no interior de Pernambuco Ap\u00f3s cumprir uma<\/p>\n","protected":false},"author":2,"featured_media":4953,"comment_status":"open","ping_status":"open","sticky":false,"template":"","format":"standard","meta":{"footnotes":""},"categories":[12,9],"tags":[],"class_list":["post-4952","post","type-post","status-publish","format-standard","has-post-thumbnail","hentry","category-noticias","category-regional"],"yoast_head":"<!-- This site is optimized with the Yoast SEO plugin v28.3 - https:\/\/yoast.com\/product\/yoast-seo-wordpress\/ -->\n<title>Marconi Santana acelera articula\u00e7\u00f5es no Recife e busca investimentos para o Paje\u00fa - Ello TV<\/title>\n<meta name=\"description\" content=\"Marconi Santana cumpre agenda na Casa Civil, no Recife, e articula novos investimentos para a Regi\u00e3o do Paje\u00fa, refor\u00e7ando di\u00e1logo com o Governo de Pernambuco e foco no desenvolvimento do interior.\" \/>\n<meta name=\"robots\" content=\"index, follow, max-snippet:-1, max-image-preview:large, max-video-preview:-1\" \/>\n<link rel=\"canonical\" href=\"https:\/\/ellotv.com.br\/site\/2026\/02\/10\/marconi-santana-acelera-articulacoes-no-recife-e-busca-investimentos-para-o-pajeu\/\" \/>\n<meta property=\"og:locale\" content=\"pt_BR\" \/>\n<meta property=\"og:type\" content=\"article\" \/>\n<meta property=\"og:title\" content=\"Marconi Santana acelera articula\u00e7\u00f5es no Recife e busca investimentos para o Paje\u00fa - Ello TV\" \/>\n<meta property=\"og:description\" content=\"Marconi Santana cumpre agenda na Casa Civil, no Recife, e articula novos investimentos para a Regi\u00e3o do Paje\u00fa, refor\u00e7ando di\u00e1logo com o Governo de Pernambuco e foco no desenvolvimento do interior.\" \/>\n<meta property=\"og:url\" content=\"https:\/\/ellotv.com.br\/site\/2026\/02\/10\/marconi-santana-acelera-articulacoes-no-recife-e-busca-investimentos-para-o-pajeu\/\" \/>\n<meta property=\"og:site_name\" content=\"Ello TV\" \/>\n<meta property=\"article:published_time\" content=\"2026-02-10T18:42:54+00:00\" \/>\n<meta property=\"og:image\" content=\"https:\/\/ellotv.com.br\/site\/wp-content\/uploads\/2026\/02\/WhatsApp-Image-2026-02-10-at-14.55.29.jpeg\" \/>\n\t<meta property=\"og:image:width\" content=\"1200\" \/>\n\t<meta property=\"og:image:height\" content=\"1153\" \/>\n\t<meta property=\"og:image:type\" content=\"image\/jpeg\" \/>\n<meta name=\"author\" content=\"ELLO TV\" \/>\n<meta name=\"twitter:card\" content=\"summary_large_image\" \/>\n<meta name=\"twitter:label1\" content=\"Escrito por\" \/>\n\t<meta name=\"twitter:data1\" content=\"ELLO TV\" \/>\n\t<meta name=\"twitter:label2\" content=\"Est. tempo de leitura\" \/>\n\t<meta name=\"twitter:data2\" content=\"1 minuto\" \/>\n<script type=\"application\/ld+json\" class=\"yoast-schema-graph\">{\"@context\":\"https:\\\/\\\/schema.org\",\"@graph\":[{\"@type\":\"Article\",\"@id\":\"https:\\\/\\\/ellotv.com.br\\\/site\\\/2026\\\/02\\\/10\\\/marconi-santana-acelera-articulacoes-no-recife-e-busca-investimentos-para-o-pajeu\\\/#article\",\"isPartOf\":{\"@id\":\"https:\\\/\\\/ellotv.com.br\\\/site\\\/2026\\\/02\\\/10\\\/marconi-santana-acelera-articulacoes-no-recife-e-busca-investimentos-para-o-pajeu\\\/\"},\"author\":{\"name\":\"ELLO TV\",\"@id\":\"https:\\\/\\\/ellotv.com.br\\\/site\\\/#\\\/schema\\\/person\\\/2dbe3abaee38dcc7332fc8205cd2b15d\"},\"headline\":\"Marconi Santana acelera articula\u00e7\u00f5es no Recife e busca investimentos para o Paje\u00fa\",\"datePublished\":\"2026-02-10T18:42:54+00:00\",\"mainEntityOfPage\":{\"@id\":\"https:\\\/\\\/ellotv.com.br\\\/site\\\/2026\\\/02\\\/10\\\/marconi-santana-acelera-articulacoes-no-recife-e-busca-investimentos-para-o-pajeu\\\/\"},\"wordCount\":255,\"commentCount\":0,\"publisher\":{\"@id\":\"https:\\\/\\\/ellotv.com.br\\\/site\\\/#organization\"},\"image\":{\"@id\":\"https:\\\/\\\/ellotv.com.br\\\/site\\\/2026\\\/02\\\/10\\\/marconi-santana-acelera-articulacoes-no-recife-e-busca-investimentos-para-o-pajeu\\\/#primaryimage\"},\"thumbnailUrl\":\"https:\\\/\\\/ellotv.com.br\\\/site\\\/wp-content\\\/uploads\\\/2026\\\/02\\\/WhatsApp-Image-2026-02-10-at-14.55.29.jpeg\",\"articleSection\":[\"Noticias\",\"Regional\"],\"inLanguage\":\"pt-BR\",\"potentialAction\":[{\"@type\":\"CommentAction\",\"name\":\"Comment\",\"target\":[\"https:\\\/\\\/ellotv.com.br\\\/site\\\/2026\\\/02\\\/10\\\/marconi-santana-acelera-articulacoes-no-recife-e-busca-investimentos-para-o-pajeu\\\/#respond\"]}]},{\"@type\":\"WebPage\",\"@id\":\"https:\\\/\\\/ellotv.com.br\\\/site\\\/2026\\\/02\\\/10\\\/marconi-santana-acelera-articulacoes-no-recife-e-busca-investimentos-para-o-pajeu\\\/\",\"url\":\"https:\\\/\\\/ellotv.com.br\\\/site\\\/2026\\\/02\\\/10\\\/marconi-santana-acelera-articulacoes-no-recife-e-busca-investimentos-para-o-pajeu\\\/\",\"name\":\"Marconi Santana acelera articula\u00e7\u00f5es no Recife e busca investimentos para o Paje\u00fa - Ello TV\",\"isPartOf\":{\"@id\":\"https:\\\/\\\/ellotv.com.br\\\/site\\\/#website\"},\"primaryImageOfPage\":{\"@id\":\"https:\\\/\\\/ellotv.com.br\\\/site\\\/2026\\\/02\\\/10\\\/marconi-santana-acelera-articulacoes-no-recife-e-busca-investimentos-para-o-pajeu\\\/#primaryimage\"},\"image\":{\"@id\":\"https:\\\/\\\/ellotv.com.br\\\/site\\\/2026\\\/02\\\/10\\\/marconi-santana-acelera-articulacoes-no-recife-e-busca-investimentos-para-o-pajeu\\\/#primaryimage\"},\"thumbnailUrl\":\"https:\\\/\\\/ellotv.com.br\\\/site\\\/wp-content\\\/uploads\\\/2026\\\/02\\\/WhatsApp-Image-2026-02-10-at-14.55.29.jpeg\",\"datePublished\":\"2026-02-10T18:42:54+00:00\",\"description\":\"Marconi Santana cumpre agenda na Casa Civil, no Recife, e articula novos investimentos para a Regi\u00e3o do Paje\u00fa, refor\u00e7ando di\u00e1logo com o Governo de Pernambuco e foco no desenvolvimento do interior.\",\"breadcrumb\":{\"@id\":\"https:\\\/\\\/ellotv.com.br\\\/site\\\/2026\\\/02\\\/10\\\/marconi-santana-acelera-articulacoes-no-recife-e-busca-investimentos-para-o-pajeu\\\/#breadcrumb\"},\"inLanguage\":\"pt-BR\",\"potentialAction\":[{\"@type\":\"ReadAction\",\"target\":[\"https:\\\/\\\/ellotv.com.br\\\/site\\\/2026\\\/02\\\/10\\\/marconi-santana-acelera-articulacoes-no-recife-e-busca-investimentos-para-o-pajeu\\\/\"]}]},{\"@type\":\"ImageObject\",\"inLanguage\":\"pt-BR\",\"@id\":\"https:\\\/\\\/ellotv.com.br\\\/site\\\/2026\\\/02\\\/10\\\/marconi-santana-acelera-articulacoes-no-recife-e-busca-investimentos-para-o-pajeu\\\/#primaryimage\",\"url\":\"https:\\\/\\\/ellotv.com.br\\\/site\\\/wp-content\\\/uploads\\\/2026\\\/02\\\/WhatsApp-Image-2026-02-10-at-14.55.29.jpeg\",\"contentUrl\":\"https:\\\/\\\/ellotv.com.br\\\/site\\\/wp-content\\\/uploads\\\/2026\\\/02\\\/WhatsApp-Image-2026-02-10-at-14.55.29.jpeg\",\"width\":1200,\"height\":1153},{\"@type\":\"BreadcrumbList\",\"@id\":\"https:\\\/\\\/ellotv.com.br\\\/site\\\/2026\\\/02\\\/10\\\/marconi-santana-acelera-articulacoes-no-recife-e-busca-investimentos-para-o-pajeu\\\/#breadcrumb\",\"itemListElement\":[{\"@type\":\"ListItem\",\"position\":1,\"name\":\"In\u00edcio\",\"item\":\"https:\\\/\\\/ellotv.com.br\\\/site\\\/\"},{\"@type\":\"ListItem\",\"position\":2,\"name\":\"Marconi Santana acelera articula\u00e7\u00f5es no Recife e busca investimentos para o Paje\u00fa\"}]},{\"@type\":\"WebSite\",\"@id\":\"https:\\\/\\\/ellotv.com.br\\\/site\\\/#website\",\"url\":\"https:\\\/\\\/ellotv.com.br\\\/site\\\/\",\"name\":\"ELLO TV\",\"description\":\"\",\"publisher\":{\"@id\":\"https:\\\/\\\/ellotv.com.br\\\/site\\\/#organization\"},\"potentialAction\":[{\"@type\":\"SearchAction\",\"target\":{\"@type\":\"EntryPoint\",\"urlTemplate\":\"https:\\\/\\\/ellotv.com.br\\\/site\\\/?s={search_term_string}\"},\"query-input\":{\"@type\":\"PropertyValueSpecification\",\"valueRequired\":true,\"valueName\":\"search_term_string\"}}],\"inLanguage\":\"pt-BR\"},{\"@type\":\"Organization\",\"@id\":\"https:\\\/\\\/ellotv.com.br\\\/site\\\/#organization\",\"name\":\"ELLO TV\",\"url\":\"https:\\\/\\\/ellotv.com.br\\\/site\\\/\",\"logo\":{\"@type\":\"ImageObject\",\"inLanguage\":\"pt-BR\",\"@id\":\"https:\\\/\\\/ellotv.com.br\\\/site\\\/#\\\/schema\\\/logo\\\/image\\\/\",\"url\":\"https:\\\/\\\/ellotv.com.br\\\/site\\\/wp-content\\\/uploads\\\/2025\\\/11\\\/ello-logo-2.fw_.png\",\"contentUrl\":\"https:\\\/\\\/ellotv.com.br\\\/site\\\/wp-content\\\/uploads\\\/2025\\\/11\\\/ello-logo-2.fw_.png\",\"width\":400,\"height\":146,\"caption\":\"ELLO TV\"},\"image\":{\"@id\":\"https:\\\/\\\/ellotv.com.br\\\/site\\\/#\\\/schema\\\/logo\\\/image\\\/\"}},{\"@type\":\"Person\",\"@id\":\"https:\\\/\\\/ellotv.com.br\\\/site\\\/#\\\/schema\\\/person\\\/2dbe3abaee38dcc7332fc8205cd2b15d\",\"name\":\"ELLO TV\",\"image\":{\"@type\":\"ImageObject\",\"inLanguage\":\"pt-BR\",\"@id\":\"https:\\\/\\\/secure.gravatar.com\\\/avatar\\\/c38242b9da8ec217ac3f0aaee31a54f7d7befb11b2b47fdbc8fb0fad60afa1c6?s=96&d=mm&r=g\",\"url\":\"https:\\\/\\\/secure.gravatar.com\\\/avatar\\\/c38242b9da8ec217ac3f0aaee31a54f7d7befb11b2b47fdbc8fb0fad60afa1c6?s=96&d=mm&r=g\",\"contentUrl\":\"https:\\\/\\\/secure.gravatar.com\\\/avatar\\\/c38242b9da8ec217ac3f0aaee31a54f7d7befb11b2b47fdbc8fb0fad60afa1c6?s=96&d=mm&r=g\",\"caption\":\"ELLO TV\"},\"url\":\"https:\\\/\\\/ellotv.com.br\\\/site\\\/author\\\/elloagencia\\\/\"}]}<\/script>\n<!-- \/ Yoast SEO plugin. -->","yoast_head_json":{"title":"Marconi Santana acelera articula\u00e7\u00f5es no Recife e busca investimentos para o Paje\u00fa - Ello TV","description":"Marconi Santana cumpre agenda na Casa Civil, no Recife, e articula novos investimentos para a Regi\u00e3o do Paje\u00fa, refor\u00e7ando di\u00e1logo com o Governo de Pernambuco e foco no desenvolvimento do interior.","robots":{"index":"index","follow":"follow","max-snippet":"max-snippet:-1","max-image-preview":"max-image-preview:large","max-video-preview":"max-video-preview:-1"},"canonical":"https:\/\/ellotv.com.br\/site\/2026\/02\/10\/marconi-santana-acelera-articulacoes-no-recife-e-busca-investimentos-para-o-pajeu\/","og_locale":"pt_BR","og_type":"article","og_title":"Marconi Santana acelera articula\u00e7\u00f5es no Recife e busca investimentos para o Paje\u00fa - Ello TV","og_description":"Marconi Santana cumpre agenda na Casa Civil, no Recife, e articula novos investimentos para a Regi\u00e3o do Paje\u00fa, refor\u00e7ando di\u00e1logo com o Governo de Pernambuco e foco no desenvolvimento do interior.","og_url":"https:\/\/ellotv.com.br\/site\/2026\/02\/10\/marconi-santana-acelera-articulacoes-no-recife-e-busca-investimentos-para-o-pajeu\/","og_site_name":"Ello TV","article_published_time":"2026-02-10T18:42:54+00:00","og_image":[{"width":1200,"height":1153,"url":"https:\/\/ellotv.com.br\/site\/wp-content\/uploads\/2026\/02\/WhatsApp-Image-2026-02-10-at-14.55.29.jpeg","type":"image\/jpeg"}],"author":"ELLO TV","twitter_card":"summary_large_image","twitter_misc":{"Escrito por":"ELLO TV","Est. tempo de leitura":"1 minuto"},"schema":{"@context":"https:\/\/schema.org","@graph":[{"@type":"Article","@id":"https:\/\/ellotv.com.br\/site\/2026\/02\/10\/marconi-santana-acelera-articulacoes-no-recife-e-busca-investimentos-para-o-pajeu\/#article","isPartOf":{"@id":"https:\/\/ellotv.com.br\/site\/2026\/02\/10\/marconi-santana-acelera-articulacoes-no-recife-e-busca-investimentos-para-o-pajeu\/"},"author":{"name":"ELLO TV","@id":"https:\/\/ellotv.com.br\/site\/#\/schema\/person\/2dbe3abaee38dcc7332fc8205cd2b15d"},"headline":"Marconi Santana acelera articula\u00e7\u00f5es no Recife e busca investimentos para o Paje\u00fa","datePublished":"2026-02-10T18:42:54+00:00","mainEntityOfPage":{"@id":"https:\/\/ellotv.com.br\/site\/2026\/02\/10\/marconi-santana-acelera-articulacoes-no-recife-e-busca-investimentos-para-o-pajeu\/"},"wordCount":255,"commentCount":0,"publisher":{"@id":"https:\/\/ellotv.com.br\/site\/#organization"},"image":{"@id":"https:\/\/ellotv.com.br\/site\/2026\/02\/10\/marconi-santana-acelera-articulacoes-no-recife-e-busca-investimentos-para-o-pajeu\/#primaryimage"},"thumbnailUrl":"https:\/\/ellotv.com.br\/site\/wp-content\/uploads\/2026\/02\/WhatsApp-Image-2026-02-10-at-14.55.29.jpeg","articleSection":["Noticias","Regional"],"inLanguage":"pt-BR","potentialAction":[{"@type":"CommentAction","name":"Comment","target":["https:\/\/ellotv.com.br\/site\/2026\/02\/10\/marconi-santana-acelera-articulacoes-no-recife-e-busca-investimentos-para-o-pajeu\/#respond"]}]},{"@type":"WebPage","@id":"https:\/\/ellotv.com.br\/site\/2026\/02\/10\/marconi-santana-acelera-articulacoes-no-recife-e-busca-investimentos-para-o-pajeu\/","url":"https:\/\/ellotv.com.br\/site\/2026\/02\/10\/marconi-santana-acelera-articulacoes-no-recife-e-busca-investimentos-para-o-pajeu\/","name":"Marconi Santana acelera articula\u00e7\u00f5es no Recife e busca investimentos para o Paje\u00fa - Ello TV","isPartOf":{"@id":"https:\/\/ellotv.com.br\/site\/#website"},"primaryImageOfPage":{"@id":"https:\/\/ellotv.com.br\/site\/2026\/02\/10\/marconi-santana-acelera-articulacoes-no-recife-e-busca-investimentos-para-o-pajeu\/#primaryimage"},"image":{"@id":"https:\/\/ellotv.com.br\/site\/2026\/02\/10\/marconi-santana-acelera-articulacoes-no-recife-e-busca-investimentos-para-o-pajeu\/#primaryimage"},"thumbnailUrl":"https:\/\/ellotv.com.br\/site\/wp-content\/uploads\/2026\/02\/WhatsApp-Image-2026-02-10-at-14.55.29.jpeg","datePublished":"2026-02-10T18:42:54+00:00","description":"Marconi Santana cumpre agenda na Casa Civil, no Recife, e articula novos investimentos para a Regi\u00e3o do Paje\u00fa, refor\u00e7ando di\u00e1logo com o Governo de Pernambuco e foco no desenvolvimento do interior.","breadcrumb":{"@id":"https:\/\/ellotv.com.br\/site\/2026\/02\/10\/marconi-santana-acelera-articulacoes-no-recife-e-busca-investimentos-para-o-pajeu\/#breadcrumb"},"inLanguage":"pt-BR","potentialAction":[{"@type":"ReadAction","target":["https:\/\/ellotv.com.br\/site\/2026\/02\/10\/marconi-santana-acelera-articulacoes-no-recife-e-busca-investimentos-para-o-pajeu\/"]}]},{"@type":"ImageObject","inLanguage":"pt-BR","@id":"https:\/\/ellotv.com.br\/site\/2026\/02\/10\/marconi-santana-acelera-articulacoes-no-recife-e-busca-investimentos-para-o-pajeu\/#primaryimage","url":"https:\/\/ellotv.com.br\/site\/wp-content\/uploads\/2026\/02\/WhatsApp-Image-2026-02-10-at-14.55.29.jpeg","contentUrl":"https:\/\/ellotv.com.br\/site\/wp-content\/uploads\/2026\/02\/WhatsApp-Image-2026-02-10-at-14.55.29.jpeg","width":1200,"height":1153},{"@type":"BreadcrumbList","@id":"https:\/\/ellotv.com.br\/site\/2026\/02\/10\/marconi-santana-acelera-articulacoes-no-recife-e-busca-investimentos-para-o-pajeu\/#breadcrumb","itemListElement":[{"@type":"ListItem","position":1,"name":"In\u00edcio","item":"https:\/\/ellotv.com.br\/site\/"},{"@type":"ListItem","position":2,"name":"Marconi Santana acelera articula\u00e7\u00f5es no Recife e busca investimentos para o Paje\u00fa"}]},{"@type":"WebSite","@id":"https:\/\/ellotv.com.br\/site\/#website","url":"https:\/\/ellotv.com.br\/site\/","name":"ELLO TV","description":"","publisher":{"@id":"https:\/\/ellotv.com.br\/site\/#organization"},"potentialAction":[{"@type":"SearchAction","target":{"@type":"EntryPoint","urlTemplate":"https:\/\/ellotv.com.br\/site\/?s={search_term_string}"},"query-input":{"@type":"PropertyValueSpecification","valueRequired":true,"valueName":"search_term_string"}}],"inLanguage":"pt-BR"},{"@type":"Organization","@id":"https:\/\/ellotv.com.br\/site\/#organization","name":"ELLO TV","url":"https:\/\/ellotv.com.br\/site\/","logo":{"@type":"ImageObject","inLanguage":"pt-BR","@id":"https:\/\/ellotv.com.br\/site\/#\/schema\/logo\/image\/","url":"https:\/\/ellotv.com.br\/site\/wp-content\/uploads\/2025\/11\/ello-logo-2.fw_.png","contentUrl":"https:\/\/ellotv.com.br\/site\/wp-content\/uploads\/2025\/11\/ello-logo-2.fw_.png","width":400,"height":146,"caption":"ELLO TV"},"image":{"@id":"https:\/\/ellotv.com.br\/site\/#\/schema\/logo\/image\/"}},{"@type":"Person","@id":"https:\/\/ellotv.com.br\/site\/#\/schema\/person\/2dbe3abaee38dcc7332fc8205cd2b15d","name":"ELLO TV","image":{"@type":"ImageObject","inLanguage":"pt-BR","@id":"https:\/\/secure.gravatar.com\/avatar\/c38242b9da8ec217ac3f0aaee31a54f7d7befb11b2b47fdbc8fb0fad60afa1c6?s=96&d=mm&r=g","url":"https:\/\/secure.gravatar.com\/avatar\/c38242b9da8ec217ac3f0aaee31a54f7d7befb11b2b47fdbc8fb0fad60afa1c6?s=96&d=mm&r=g","contentUrl":"https:\/\/secure.gravatar.com\/avatar\/c38242b9da8ec217ac3f0aaee31a54f7d7befb11b2b47fdbc8fb0fad60afa1c6?s=96&d=mm&r=g","caption":"ELLO TV"},"url":"https:\/\/ellotv.com.br\/site\/author\/elloagencia\/"}]}},"featured_image_urls":{"full":["https:\/\/ellotv.com.br\/site\/wp-content\/uploads\/2026\/02\/WhatsApp-Image-2026-02-10-at-14.55.29.jpeg",1200,1153,false],"thumbnail":["https:\/\/ellotv.com.br\/site\/wp-content\/uploads\/2026\/02\/WhatsApp-Image-2026-02-10-at-14.55.29-150x150.jpeg",150,150,true],"medium":["https:\/\/ellotv.com.br\/site\/wp-content\/uploads\/2026\/02\/WhatsApp-Image-2026-02-10-at-14.55.29-300x288.jpeg",300,288,true],"medium_large":["https:\/\/ellotv.com.br\/site\/wp-content\/uploads\/2026\/02\/WhatsApp-Image-2026-02-10-at-14.55.29-768x738.jpeg",640,615,true],"large":["https:\/\/ellotv.com.br\/site\/wp-content\/uploads\/2026\/02\/WhatsApp-Image-2026-02-10-at-14.55.29-1024x984.jpeg",640,615,true],"1536x1536":["https:\/\/ellotv.com.br\/site\/wp-content\/uploads\/2026\/02\/WhatsApp-Image-2026-02-10-at-14.55.29.jpeg",1200,1153,false],"2048x2048":["https:\/\/ellotv.com.br\/site\/wp-content\/uploads\/2026\/02\/WhatsApp-Image-2026-02-10-at-14.55.29.jpeg",1200,1153,false],"darknews-slider-full":["https:\/\/ellotv.com.br\/site\/wp-content\/uploads\/2026\/02\/WhatsApp-Image-2026-02-10-at-14.55.29-1200x720.jpeg",1200,720,true],"darknews-featured":["https:\/\/ellotv.com.br\/site\/wp-content\/uploads\/2026\/02\/WhatsApp-Image-2026-02-10-at-14.55.29-1024x984.jpeg",1024,984,true],"darknews-medium":["https:\/\/ellotv.com.br\/site\/wp-content\/uploads\/2026\/02\/WhatsApp-Image-2026-02-10-at-14.55.29-720x530.jpeg",720,530,true],"darknews-medium-square":["https:\/\/ellotv.com.br\/site\/wp-content\/uploads\/2026\/02\/WhatsApp-Image-2026-02-10-at-14.55.29-350x350.jpeg",350,350,true]},"author_info":{"info":["ELLO TV"]},"category_info":"<a href=\"https:\/\/ellotv.com.br\/site\/category\/noticias\/\" rel=\"category tag\">Noticias<\/a> <a href=\"https:\/\/ellotv.com.br\/site\/category\/regional\/\" rel=\"category tag\">Regional<\/a>","tag_info":"Regional","comment_count":"0","_links":{"self":[{"href":"https:\/\/ellotv.com.br\/site\/wp-json\/wp\/v2\/posts\/4952","targetHints":{"allow":["GET"]}}],"collection":[{"href":"https:\/\/ellotv.com.br\/site\/wp-json\/wp\/v2\/posts"}],"about":[{"href":"https:\/\/ellotv.com.br\/site\/wp-json\/wp\/v2\/types\/post"}],"author":[{"embeddable":true,"href":"https:\/\/ellotv.com.br\/site\/wp-json\/wp\/v2\/users\/2"}],"replies":[{"embeddable":true,"href":"https:\/\/ellotv.com.br\/site\/wp-json\/wp\/v2\/comments?post=4952"}],"version-history":[{"count":1,"href":"https:\/\/ellotv.com.br\/site\/wp-json\/wp\/v2\/posts\/4952\/revisions"}],"predecessor-version":[{"id":4954,"href":"https:\/\/ellotv.com.br\/site\/wp-json\/wp\/v2\/posts\/4952\/revisions\/4954"}],"wp:featuredmedia":[{"embeddable":true,"href":"https:\/\/ellotv.com.br\/site\/wp-json\/wp\/v2\/media\/4953"}],"wp:attachment":[{"href":"https:\/\/ellotv.com.br\/site\/wp-json\/wp\/v2\/media?parent=4952"}],"wp:term":[{"taxonomy":"category","embeddable":true,"href":"https:\/\/ellotv.com.br\/site\/wp-json\/wp\/v2\/categories?post=4952"},{"taxonomy":"post_tag","embeddable":true,"href":"https:\/\/ellotv.com.br\/site\/wp-json\/wp\/v2\/tags?post=4952"}],"curies":[{"name":"wp","href":"https:\/\/api.w.org\/{rel}","templated":true}]}}