{"id":4955,"date":"2026-02-12T08:14:54","date_gmt":"2026-02-12T11:14:54","guid":{"rendered":"https:\/\/ellotv.com.br\/site\/?p=4955"},"modified":"2026-02-12T08:14:54","modified_gmt":"2026-02-12T11:14:54","slug":"marconi-santana-amplia-aliancas-e-expande-base-politica-na-regiao-do-pajeu","status":"publish","type":"post","link":"https:\/\/ellotv.com.br\/site\/2026\/02\/12\/marconi-santana-amplia-aliancas-e-expande-base-politica-na-regiao-do-pajeu\/","title":{"rendered":"Marconi Santana amplia alian\u00e7as e expande base pol\u00edtica na regi\u00e3o do Paje\u00fa"},"content":{"rendered":"<h2>Ex-prefeito intensifica articula\u00e7\u00f5es e fortalece pr\u00e9-candidatura a deputado estadual<\/h2>\n<p data-start=\"222\" data-end=\"520\">Ap\u00f3s participar da posse dos 31 novos colaboradores da Prefeitura de Flores \u2014 onde exerce a fun\u00e7\u00e3o de secret\u00e1rio de Governo e \u00e9 apontado como um dos principais articuladores da gest\u00e3o \u2014 o ex-prefeito <strong data-start=\"422\" data-end=\"441\">Marconi Santana<\/strong> deu continuidade \u00e0 sua agenda de articula\u00e7\u00f5es estrat\u00e9gicas no Sert\u00e3o do Paje\u00fa.<\/p>\n<p data-start=\"522\" data-end=\"735\">Com foco na pr\u00e9-candidatura a deputado estadual, Marconi tem ampliado di\u00e1logos, fortalecido alian\u00e7as e estruturado metas para consolidar seu nome como alternativa da regi\u00e3o na Assembleia Legislativa de Pernambuco.<\/p>\n<h3 data-start=\"742\" data-end=\"776\">Agenda em Afogados da Ingazeira<\/h3>\n<p data-start=\"778\" data-end=\"941\">Dando sequ\u00eancia \u00e0s articula\u00e7\u00f5es, Marconi esteve em <strong data-start=\"829\" data-end=\"854\">Afogados da Ingazeira<\/strong>, onde se reuniu com as lideran\u00e7as <strong data-start=\"889\" data-end=\"913\">Toninho e Marquinhos<\/strong>, da cidade de <strong data-start=\"928\" data-end=\"940\">Carna\u00edba<\/strong>.<\/p>\n<p data-start=\"943\" data-end=\"1171\">O encontro foi marcado por di\u00e1logo, alinhamento pol\u00edtico e discuss\u00e3o de propostas voltadas ao desenvolvimento regional. Na pauta, a\u00e7\u00f5es voltadas \u00e0 melhoria da qualidade de vida da popula\u00e7\u00e3o e ao crescimento do Paje\u00fa e do Sert\u00e3o.<\/p>\n<p data-start=\"1173\" data-end=\"1392\">\u201c\u00c9 conversando, ouvindo e construindo juntos que avan\u00e7amos com responsabilidade e compromisso. Seguimos unidos, trabalhando pelo desenvolvimento da nossa regi\u00e3o e por um Pernambuco cada vez mais forte\u201d, afirmou Marconi.<\/p>\n<h3 data-start=\"1399\" data-end=\"1434\">Consolida\u00e7\u00e3o no cen\u00e1rio regional<\/h3>\n<p data-start=\"1436\" data-end=\"1560\">Com presen\u00e7a ativa e articula\u00e7\u00e3o permanente, Marconi Santana amplia sua base pol\u00edtica no Paje\u00fa e fortalece sua pr\u00e9-campanha.<\/p>\n<p data-start=\"1562\" data-end=\"1732\">Nos bastidores, aliados destacam que o ritmo de agendas e o fortalecimento de apoios consolidam o nome do ex-prefeito como uma lideran\u00e7a em ascens\u00e3o na pol\u00edtica regional.<\/p>\n","protected":false},"excerpt":{"rendered":"<p>Ex-prefeito intensifica articula\u00e7\u00f5es e fortalece pr\u00e9-candidatura a deputado estadual Ap\u00f3s participar da posse dos 31 novos colaboradores da<\/p>\n","protected":false},"author":2,"featured_media":4956,"comment_status":"open","ping_status":"open","sticky":false,"template":"","format":"standard","meta":{"footnotes":""},"categories":[12,9],"tags":[],"class_list":["post-4955","post","type-post","status-publish","format-standard","has-post-thumbnail","hentry","category-noticias","category-regional"],"yoast_head":"<!-- This site is optimized with the Yoast SEO plugin v28.3 - https:\/\/yoast.com\/product\/yoast-seo-wordpress\/ -->\n<title>Marconi Santana amplia alian\u00e7as e expande base pol\u00edtica na regi\u00e3o do Paje\u00fa - Ello TV<\/title>\n<meta name=\"description\" content=\"Marconi Santana amplia alian\u00e7as no Paje\u00fa, intensifica articula\u00e7\u00f5es em Afogados da Ingazeira e fortalece sua pr\u00e9-candidatura a deputado estadual no Sert\u00e3o.\" \/>\n<meta name=\"robots\" content=\"index, follow, max-snippet:-1, max-image-preview:large, max-video-preview:-1\" \/>\n<link rel=\"canonical\" href=\"https:\/\/ellotv.com.br\/site\/2026\/02\/12\/marconi-santana-amplia-aliancas-e-expande-base-politica-na-regiao-do-pajeu\/\" \/>\n<meta property=\"og:locale\" content=\"pt_BR\" \/>\n<meta property=\"og:type\" content=\"article\" \/>\n<meta property=\"og:title\" content=\"Marconi Santana amplia alian\u00e7as e expande base pol\u00edtica na regi\u00e3o do Paje\u00fa - Ello TV\" \/>\n<meta property=\"og:description\" content=\"Marconi Santana amplia alian\u00e7as no Paje\u00fa, intensifica articula\u00e7\u00f5es em Afogados da Ingazeira e fortalece sua pr\u00e9-candidatura a deputado estadual no Sert\u00e3o.\" \/>\n<meta property=\"og:url\" content=\"https:\/\/ellotv.com.br\/site\/2026\/02\/12\/marconi-santana-amplia-aliancas-e-expande-base-politica-na-regiao-do-pajeu\/\" \/>\n<meta property=\"og:site_name\" content=\"Ello TV\" \/>\n<meta property=\"article:published_time\" content=\"2026-02-12T11:14:54+00:00\" \/>\n<meta property=\"og:image\" content=\"https:\/\/ellotv.com.br\/site\/wp-content\/uploads\/2026\/02\/WhatsApp-Image-2026-02-11-at-19.24.53.jpeg\" \/>\n\t<meta property=\"og:image:width\" content=\"1000\" \/>\n\t<meta property=\"og:image:height\" content=\"800\" \/>\n\t<meta property=\"og:image:type\" content=\"image\/jpeg\" \/>\n<meta name=\"author\" content=\"ELLO TV\" \/>\n<meta name=\"twitter:card\" content=\"summary_large_image\" \/>\n<meta name=\"twitter:label1\" content=\"Escrito por\" \/>\n\t<meta name=\"twitter:data1\" content=\"ELLO TV\" \/>\n\t<meta name=\"twitter:label2\" content=\"Est. tempo de leitura\" \/>\n\t<meta name=\"twitter:data2\" content=\"1 minuto\" \/>\n<script type=\"application\/ld+json\" class=\"yoast-schema-graph\">{\"@context\":\"https:\\\/\\\/schema.org\",\"@graph\":[{\"@type\":\"Article\",\"@id\":\"https:\\\/\\\/ellotv.com.br\\\/site\\\/2026\\\/02\\\/12\\\/marconi-santana-amplia-aliancas-e-expande-base-politica-na-regiao-do-pajeu\\\/#article\",\"isPartOf\":{\"@id\":\"https:\\\/\\\/ellotv.com.br\\\/site\\\/2026\\\/02\\\/12\\\/marconi-santana-amplia-aliancas-e-expande-base-politica-na-regiao-do-pajeu\\\/\"},\"author\":{\"name\":\"ELLO TV\",\"@id\":\"https:\\\/\\\/ellotv.com.br\\\/site\\\/#\\\/schema\\\/person\\\/2dbe3abaee38dcc7332fc8205cd2b15d\"},\"headline\":\"Marconi Santana amplia alian\u00e7as e expande base pol\u00edtica na regi\u00e3o do Paje\u00fa\",\"datePublished\":\"2026-02-12T11:14:54+00:00\",\"mainEntityOfPage\":{\"@id\":\"https:\\\/\\\/ellotv.com.br\\\/site\\\/2026\\\/02\\\/12\\\/marconi-santana-amplia-aliancas-e-expande-base-politica-na-regiao-do-pajeu\\\/\"},\"wordCount\":271,\"commentCount\":0,\"publisher\":{\"@id\":\"https:\\\/\\\/ellotv.com.br\\\/site\\\/#organization\"},\"image\":{\"@id\":\"https:\\\/\\\/ellotv.com.br\\\/site\\\/2026\\\/02\\\/12\\\/marconi-santana-amplia-aliancas-e-expande-base-politica-na-regiao-do-pajeu\\\/#primaryimage\"},\"thumbnailUrl\":\"https:\\\/\\\/ellotv.com.br\\\/site\\\/wp-content\\\/uploads\\\/2026\\\/02\\\/WhatsApp-Image-2026-02-11-at-19.24.53.jpeg\",\"articleSection\":[\"Noticias\",\"Regional\"],\"inLanguage\":\"pt-BR\",\"potentialAction\":[{\"@type\":\"CommentAction\",\"name\":\"Comment\",\"target\":[\"https:\\\/\\\/ellotv.com.br\\\/site\\\/2026\\\/02\\\/12\\\/marconi-santana-amplia-aliancas-e-expande-base-politica-na-regiao-do-pajeu\\\/#respond\"]}]},{\"@type\":\"WebPage\",\"@id\":\"https:\\\/\\\/ellotv.com.br\\\/site\\\/2026\\\/02\\\/12\\\/marconi-santana-amplia-aliancas-e-expande-base-politica-na-regiao-do-pajeu\\\/\",\"url\":\"https:\\\/\\\/ellotv.com.br\\\/site\\\/2026\\\/02\\\/12\\\/marconi-santana-amplia-aliancas-e-expande-base-politica-na-regiao-do-pajeu\\\/\",\"name\":\"Marconi Santana amplia alian\u00e7as e expande base pol\u00edtica na regi\u00e3o do Paje\u00fa - Ello TV\",\"isPartOf\":{\"@id\":\"https:\\\/\\\/ellotv.com.br\\\/site\\\/#website\"},\"primaryImageOfPage\":{\"@id\":\"https:\\\/\\\/ellotv.com.br\\\/site\\\/2026\\\/02\\\/12\\\/marconi-santana-amplia-aliancas-e-expande-base-politica-na-regiao-do-pajeu\\\/#primaryimage\"},\"image\":{\"@id\":\"https:\\\/\\\/ellotv.com.br\\\/site\\\/2026\\\/02\\\/12\\\/marconi-santana-amplia-aliancas-e-expande-base-politica-na-regiao-do-pajeu\\\/#primaryimage\"},\"thumbnailUrl\":\"https:\\\/\\\/ellotv.com.br\\\/site\\\/wp-content\\\/uploads\\\/2026\\\/02\\\/WhatsApp-Image-2026-02-11-at-19.24.53.jpeg\",\"datePublished\":\"2026-02-12T11:14:54+00:00\",\"description\":\"Marconi Santana amplia alian\u00e7as no Paje\u00fa, intensifica articula\u00e7\u00f5es em Afogados da Ingazeira e fortalece sua pr\u00e9-candidatura a deputado estadual no Sert\u00e3o.\",\"breadcrumb\":{\"@id\":\"https:\\\/\\\/ellotv.com.br\\\/site\\\/2026\\\/02\\\/12\\\/marconi-santana-amplia-aliancas-e-expande-base-politica-na-regiao-do-pajeu\\\/#breadcrumb\"},\"inLanguage\":\"pt-BR\",\"potentialAction\":[{\"@type\":\"ReadAction\",\"target\":[\"https:\\\/\\\/ellotv.com.br\\\/site\\\/2026\\\/02\\\/12\\\/marconi-santana-amplia-aliancas-e-expande-base-politica-na-regiao-do-pajeu\\\/\"]}]},{\"@type\":\"ImageObject\",\"inLanguage\":\"pt-BR\",\"@id\":\"https:\\\/\\\/ellotv.com.br\\\/site\\\/2026\\\/02\\\/12\\\/marconi-santana-amplia-aliancas-e-expande-base-politica-na-regiao-do-pajeu\\\/#primaryimage\",\"url\":\"https:\\\/\\\/ellotv.com.br\\\/site\\\/wp-content\\\/uploads\\\/2026\\\/02\\\/WhatsApp-Image-2026-02-11-at-19.24.53.jpeg\",\"contentUrl\":\"https:\\\/\\\/ellotv.com.br\\\/site\\\/wp-content\\\/uploads\\\/2026\\\/02\\\/WhatsApp-Image-2026-02-11-at-19.24.53.jpeg\",\"width\":1000,\"height\":800},{\"@type\":\"BreadcrumbList\",\"@id\":\"https:\\\/\\\/ellotv.com.br\\\/site\\\/2026\\\/02\\\/12\\\/marconi-santana-amplia-aliancas-e-expande-base-politica-na-regiao-do-pajeu\\\/#breadcrumb\",\"itemListElement\":[{\"@type\":\"ListItem\",\"position\":1,\"name\":\"In\u00edcio\",\"item\":\"https:\\\/\\\/ellotv.com.br\\\/site\\\/\"},{\"@type\":\"ListItem\",\"position\":2,\"name\":\"Marconi Santana amplia alian\u00e7as e expande base pol\u00edtica na regi\u00e3o do Paje\u00fa\"}]},{\"@type\":\"WebSite\",\"@id\":\"https:\\\/\\\/ellotv.com.br\\\/site\\\/#website\",\"url\":\"https:\\\/\\\/ellotv.com.br\\\/site\\\/\",\"name\":\"ELLO TV\",\"description\":\"\",\"publisher\":{\"@id\":\"https:\\\/\\\/ellotv.com.br\\\/site\\\/#organization\"},\"potentialAction\":[{\"@type\":\"SearchAction\",\"target\":{\"@type\":\"EntryPoint\",\"urlTemplate\":\"https:\\\/\\\/ellotv.com.br\\\/site\\\/?s={search_term_string}\"},\"query-input\":{\"@type\":\"PropertyValueSpecification\",\"valueRequired\":true,\"valueName\":\"search_term_string\"}}],\"inLanguage\":\"pt-BR\"},{\"@type\":\"Organization\",\"@id\":\"https:\\\/\\\/ellotv.com.br\\\/site\\\/#organization\",\"name\":\"ELLO TV\",\"url\":\"https:\\\/\\\/ellotv.com.br\\\/site\\\/\",\"logo\":{\"@type\":\"ImageObject\",\"inLanguage\":\"pt-BR\",\"@id\":\"https:\\\/\\\/ellotv.com.br\\\/site\\\/#\\\/schema\\\/logo\\\/image\\\/\",\"url\":\"https:\\\/\\\/ellotv.com.br\\\/site\\\/wp-content\\\/uploads\\\/2025\\\/11\\\/ello-logo-2.fw_.png\",\"contentUrl\":\"https:\\\/\\\/ellotv.com.br\\\/site\\\/wp-content\\\/uploads\\\/2025\\\/11\\\/ello-logo-2.fw_.png\",\"width\":400,\"height\":146,\"caption\":\"ELLO TV\"},\"image\":{\"@id\":\"https:\\\/\\\/ellotv.com.br\\\/site\\\/#\\\/schema\\\/logo\\\/image\\\/\"}},{\"@type\":\"Person\",\"@id\":\"https:\\\/\\\/ellotv.com.br\\\/site\\\/#\\\/schema\\\/person\\\/2dbe3abaee38dcc7332fc8205cd2b15d\",\"name\":\"ELLO TV\",\"image\":{\"@type\":\"ImageObject\",\"inLanguage\":\"pt-BR\",\"@id\":\"https:\\\/\\\/secure.gravatar.com\\\/avatar\\\/c38242b9da8ec217ac3f0aaee31a54f7d7befb11b2b47fdbc8fb0fad60afa1c6?s=96&d=mm&r=g\",\"url\":\"https:\\\/\\\/secure.gravatar.com\\\/avatar\\\/c38242b9da8ec217ac3f0aaee31a54f7d7befb11b2b47fdbc8fb0fad60afa1c6?s=96&d=mm&r=g\",\"contentUrl\":\"https:\\\/\\\/secure.gravatar.com\\\/avatar\\\/c38242b9da8ec217ac3f0aaee31a54f7d7befb11b2b47fdbc8fb0fad60afa1c6?s=96&d=mm&r=g\",\"caption\":\"ELLO TV\"},\"url\":\"https:\\\/\\\/ellotv.com.br\\\/site\\\/author\\\/elloagencia\\\/\"}]}<\/script>\n<!-- \/ Yoast SEO plugin. -->","yoast_head_json":{"title":"Marconi Santana amplia alian\u00e7as e expande base pol\u00edtica na regi\u00e3o do Paje\u00fa - Ello TV","description":"Marconi Santana amplia alian\u00e7as no Paje\u00fa, intensifica articula\u00e7\u00f5es em Afogados da Ingazeira e fortalece sua pr\u00e9-candidatura a deputado estadual no Sert\u00e3o.","robots":{"index":"index","follow":"follow","max-snippet":"max-snippet:-1","max-image-preview":"max-image-preview:large","max-video-preview":"max-video-preview:-1"},"canonical":"https:\/\/ellotv.com.br\/site\/2026\/02\/12\/marconi-santana-amplia-aliancas-e-expande-base-politica-na-regiao-do-pajeu\/","og_locale":"pt_BR","og_type":"article","og_title":"Marconi Santana amplia alian\u00e7as e expande base pol\u00edtica na regi\u00e3o do Paje\u00fa - Ello TV","og_description":"Marconi Santana amplia alian\u00e7as no Paje\u00fa, intensifica articula\u00e7\u00f5es em Afogados da Ingazeira e fortalece sua pr\u00e9-candidatura a deputado estadual no Sert\u00e3o.","og_url":"https:\/\/ellotv.com.br\/site\/2026\/02\/12\/marconi-santana-amplia-aliancas-e-expande-base-politica-na-regiao-do-pajeu\/","og_site_name":"Ello TV","article_published_time":"2026-02-12T11:14:54+00:00","og_image":[{"width":1000,"height":800,"url":"https:\/\/ellotv.com.br\/site\/wp-content\/uploads\/2026\/02\/WhatsApp-Image-2026-02-11-at-19.24.53.jpeg","type":"image\/jpeg"}],"author":"ELLO TV","twitter_card":"summary_large_image","twitter_misc":{"Escrito por":"ELLO TV","Est. tempo de leitura":"1 minuto"},"schema":{"@context":"https:\/\/schema.org","@graph":[{"@type":"Article","@id":"https:\/\/ellotv.com.br\/site\/2026\/02\/12\/marconi-santana-amplia-aliancas-e-expande-base-politica-na-regiao-do-pajeu\/#article","isPartOf":{"@id":"https:\/\/ellotv.com.br\/site\/2026\/02\/12\/marconi-santana-amplia-aliancas-e-expande-base-politica-na-regiao-do-pajeu\/"},"author":{"name":"ELLO TV","@id":"https:\/\/ellotv.com.br\/site\/#\/schema\/person\/2dbe3abaee38dcc7332fc8205cd2b15d"},"headline":"Marconi Santana amplia alian\u00e7as e expande base pol\u00edtica na regi\u00e3o do Paje\u00fa","datePublished":"2026-02-12T11:14:54+00:00","mainEntityOfPage":{"@id":"https:\/\/ellotv.com.br\/site\/2026\/02\/12\/marconi-santana-amplia-aliancas-e-expande-base-politica-na-regiao-do-pajeu\/"},"wordCount":271,"commentCount":0,"publisher":{"@id":"https:\/\/ellotv.com.br\/site\/#organization"},"image":{"@id":"https:\/\/ellotv.com.br\/site\/2026\/02\/12\/marconi-santana-amplia-aliancas-e-expande-base-politica-na-regiao-do-pajeu\/#primaryimage"},"thumbnailUrl":"https:\/\/ellotv.com.br\/site\/wp-content\/uploads\/2026\/02\/WhatsApp-Image-2026-02-11-at-19.24.53.jpeg","articleSection":["Noticias","Regional"],"inLanguage":"pt-BR","potentialAction":[{"@type":"CommentAction","name":"Comment","target":["https:\/\/ellotv.com.br\/site\/2026\/02\/12\/marconi-santana-amplia-aliancas-e-expande-base-politica-na-regiao-do-pajeu\/#respond"]}]},{"@type":"WebPage","@id":"https:\/\/ellotv.com.br\/site\/2026\/02\/12\/marconi-santana-amplia-aliancas-e-expande-base-politica-na-regiao-do-pajeu\/","url":"https:\/\/ellotv.com.br\/site\/2026\/02\/12\/marconi-santana-amplia-aliancas-e-expande-base-politica-na-regiao-do-pajeu\/","name":"Marconi Santana amplia alian\u00e7as e expande base pol\u00edtica na regi\u00e3o do Paje\u00fa - Ello TV","isPartOf":{"@id":"https:\/\/ellotv.com.br\/site\/#website"},"primaryImageOfPage":{"@id":"https:\/\/ellotv.com.br\/site\/2026\/02\/12\/marconi-santana-amplia-aliancas-e-expande-base-politica-na-regiao-do-pajeu\/#primaryimage"},"image":{"@id":"https:\/\/ellotv.com.br\/site\/2026\/02\/12\/marconi-santana-amplia-aliancas-e-expande-base-politica-na-regiao-do-pajeu\/#primaryimage"},"thumbnailUrl":"https:\/\/ellotv.com.br\/site\/wp-content\/uploads\/2026\/02\/WhatsApp-Image-2026-02-11-at-19.24.53.jpeg","datePublished":"2026-02-12T11:14:54+00:00","description":"Marconi Santana amplia alian\u00e7as no Paje\u00fa, intensifica articula\u00e7\u00f5es em Afogados da Ingazeira e fortalece sua pr\u00e9-candidatura a deputado estadual no Sert\u00e3o.","breadcrumb":{"@id":"https:\/\/ellotv.com.br\/site\/2026\/02\/12\/marconi-santana-amplia-aliancas-e-expande-base-politica-na-regiao-do-pajeu\/#breadcrumb"},"inLanguage":"pt-BR","potentialAction":[{"@type":"ReadAction","target":["https:\/\/ellotv.com.br\/site\/2026\/02\/12\/marconi-santana-amplia-aliancas-e-expande-base-politica-na-regiao-do-pajeu\/"]}]},{"@type":"ImageObject","inLanguage":"pt-BR","@id":"https:\/\/ellotv.com.br\/site\/2026\/02\/12\/marconi-santana-amplia-aliancas-e-expande-base-politica-na-regiao-do-pajeu\/#primaryimage","url":"https:\/\/ellotv.com.br\/site\/wp-content\/uploads\/2026\/02\/WhatsApp-Image-2026-02-11-at-19.24.53.jpeg","contentUrl":"https:\/\/ellotv.com.br\/site\/wp-content\/uploads\/2026\/02\/WhatsApp-Image-2026-02-11-at-19.24.53.jpeg","width":1000,"height":800},{"@type":"BreadcrumbList","@id":"https:\/\/ellotv.com.br\/site\/2026\/02\/12\/marconi-santana-amplia-aliancas-e-expande-base-politica-na-regiao-do-pajeu\/#breadcrumb","itemListElement":[{"@type":"ListItem","position":1,"name":"In\u00edcio","item":"https:\/\/ellotv.com.br\/site\/"},{"@type":"ListItem","position":2,"name":"Marconi Santana amplia alian\u00e7as e expande base pol\u00edtica na regi\u00e3o do Paje\u00fa"}]},{"@type":"WebSite","@id":"https:\/\/ellotv.com.br\/site\/#website","url":"https:\/\/ellotv.com.br\/site\/","name":"ELLO TV","description":"","publisher":{"@id":"https:\/\/ellotv.com.br\/site\/#organization"},"potentialAction":[{"@type":"SearchAction","target":{"@type":"EntryPoint","urlTemplate":"https:\/\/ellotv.com.br\/site\/?s={search_term_string}"},"query-input":{"@type":"PropertyValueSpecification","valueRequired":true,"valueName":"search_term_string"}}],"inLanguage":"pt-BR"},{"@type":"Organization","@id":"https:\/\/ellotv.com.br\/site\/#organization","name":"ELLO TV","url":"https:\/\/ellotv.com.br\/site\/","logo":{"@type":"ImageObject","inLanguage":"pt-BR","@id":"https:\/\/ellotv.com.br\/site\/#\/schema\/logo\/image\/","url":"https:\/\/ellotv.com.br\/site\/wp-content\/uploads\/2025\/11\/ello-logo-2.fw_.png","contentUrl":"https:\/\/ellotv.com.br\/site\/wp-content\/uploads\/2025\/11\/ello-logo-2.fw_.png","width":400,"height":146,"caption":"ELLO TV"},"image":{"@id":"https:\/\/ellotv.com.br\/site\/#\/schema\/logo\/image\/"}},{"@type":"Person","@id":"https:\/\/ellotv.com.br\/site\/#\/schema\/person\/2dbe3abaee38dcc7332fc8205cd2b15d","name":"ELLO TV","image":{"@type":"ImageObject","inLanguage":"pt-BR","@id":"https:\/\/secure.gravatar.com\/avatar\/c38242b9da8ec217ac3f0aaee31a54f7d7befb11b2b47fdbc8fb0fad60afa1c6?s=96&d=mm&r=g","url":"https:\/\/secure.gravatar.com\/avatar\/c38242b9da8ec217ac3f0aaee31a54f7d7befb11b2b47fdbc8fb0fad60afa1c6?s=96&d=mm&r=g","contentUrl":"https:\/\/secure.gravatar.com\/avatar\/c38242b9da8ec217ac3f0aaee31a54f7d7befb11b2b47fdbc8fb0fad60afa1c6?s=96&d=mm&r=g","caption":"ELLO TV"},"url":"https:\/\/ellotv.com.br\/site\/author\/elloagencia\/"}]}},"featured_image_urls":{"full":["https:\/\/ellotv.com.br\/site\/wp-content\/uploads\/2026\/02\/WhatsApp-Image-2026-02-11-at-19.24.53.jpeg",1000,800,false],"thumbnail":["https:\/\/ellotv.com.br\/site\/wp-content\/uploads\/2026\/02\/WhatsApp-Image-2026-02-11-at-19.24.53-150x150.jpeg",150,150,true],"medium":["https:\/\/ellotv.com.br\/site\/wp-content\/uploads\/2026\/02\/WhatsApp-Image-2026-02-11-at-19.24.53-300x240.jpeg",300,240,true],"medium_large":["https:\/\/ellotv.com.br\/site\/wp-content\/uploads\/2026\/02\/WhatsApp-Image-2026-02-11-at-19.24.53-768x614.jpeg",640,512,true],"large":["https:\/\/ellotv.com.br\/site\/wp-content\/uploads\/2026\/02\/WhatsApp-Image-2026-02-11-at-19.24.53.jpeg",640,512,false],"1536x1536":["https:\/\/ellotv.com.br\/site\/wp-content\/uploads\/2026\/02\/WhatsApp-Image-2026-02-11-at-19.24.53.jpeg",1000,800,false],"2048x2048":["https:\/\/ellotv.com.br\/site\/wp-content\/uploads\/2026\/02\/WhatsApp-Image-2026-02-11-at-19.24.53.jpeg",1000,800,false],"darknews-slider-full":["https:\/\/ellotv.com.br\/site\/wp-content\/uploads\/2026\/02\/WhatsApp-Image-2026-02-11-at-19.24.53-1000x720.jpeg",1000,720,true],"darknews-featured":["https:\/\/ellotv.com.br\/site\/wp-content\/uploads\/2026\/02\/WhatsApp-Image-2026-02-11-at-19.24.53.jpeg",1000,800,false],"darknews-medium":["https:\/\/ellotv.com.br\/site\/wp-content\/uploads\/2026\/02\/WhatsApp-Image-2026-02-11-at-19.24.53-720x530.jpeg",720,530,true],"darknews-medium-square":["https:\/\/ellotv.com.br\/site\/wp-content\/uploads\/2026\/02\/WhatsApp-Image-2026-02-11-at-19.24.53-350x350.jpeg",350,350,true]},"author_info":{"info":["ELLO TV"]},"category_info":"<a href=\"https:\/\/ellotv.com.br\/site\/category\/noticias\/\" rel=\"category tag\">Noticias<\/a> <a href=\"https:\/\/ellotv.com.br\/site\/category\/regional\/\" rel=\"category tag\">Regional<\/a>","tag_info":"Regional","comment_count":"0","_links":{"self":[{"href":"https:\/\/ellotv.com.br\/site\/wp-json\/wp\/v2\/posts\/4955","targetHints":{"allow":["GET"]}}],"collection":[{"href":"https:\/\/ellotv.com.br\/site\/wp-json\/wp\/v2\/posts"}],"about":[{"href":"https:\/\/ellotv.com.br\/site\/wp-json\/wp\/v2\/types\/post"}],"author":[{"embeddable":true,"href":"https:\/\/ellotv.com.br\/site\/wp-json\/wp\/v2\/users\/2"}],"replies":[{"embeddable":true,"href":"https:\/\/ellotv.com.br\/site\/wp-json\/wp\/v2\/comments?post=4955"}],"version-history":[{"count":1,"href":"https:\/\/ellotv.com.br\/site\/wp-json\/wp\/v2\/posts\/4955\/revisions"}],"predecessor-version":[{"id":4957,"href":"https:\/\/ellotv.com.br\/site\/wp-json\/wp\/v2\/posts\/4955\/revisions\/4957"}],"wp:featuredmedia":[{"embeddable":true,"href":"https:\/\/ellotv.com.br\/site\/wp-json\/wp\/v2\/media\/4956"}],"wp:attachment":[{"href":"https:\/\/ellotv.com.br\/site\/wp-json\/wp\/v2\/media?parent=4955"}],"wp:term":[{"taxonomy":"category","embeddable":true,"href":"https:\/\/ellotv.com.br\/site\/wp-json\/wp\/v2\/categories?post=4955"},{"taxonomy":"post_tag","embeddable":true,"href":"https:\/\/ellotv.com.br\/site\/wp-json\/wp\/v2\/tags?post=4955"}],"curies":[{"name":"wp","href":"https:\/\/api.w.org\/{rel}","templated":true}]}}