{"id":4958,"date":"2026-02-12T11:22:49","date_gmt":"2026-02-12T14:22:49","guid":{"rendered":"https:\/\/ellotv.com.br\/site\/?p=4958"},"modified":"2026-02-12T11:22:49","modified_gmt":"2026-02-12T14:22:49","slug":"casal-frances-conquista-ouro-na-danca-no-gelo-em-meio-a-polemicas-fora-das-pistas","status":"publish","type":"post","link":"https:\/\/ellotv.com.br\/site\/2026\/02\/12\/casal-frances-conquista-ouro-na-danca-no-gelo-em-meio-a-polemicas-fora-das-pistas\/","title":{"rendered":"Casal franc\u00eas conquista ouro na dan\u00e7a no gelo em meio a pol\u00eamicas fora das pistas"},"content":{"rendered":"<h2>Dupla garante t\u00edtulo por menos de um ponto em uma das finais mais equilibradas de Mil\u00e3o-Cortina 2026<\/h2>\n<p data-start=\"245\" data-end=\"393\">A disputa da <strong data-start=\"258\" data-end=\"275\">dan\u00e7a no gelo<\/strong> na Olimp\u00edada de Inverno de <strong data-start=\"303\" data-end=\"325\">Mil\u00e3o-Cortina 2026<\/strong> foi marcada por emo\u00e7\u00e3o dentro da pista e controv\u00e9rsias fora dela.<\/p>\n<p data-start=\"395\" data-end=\"597\">A dupla francesa formada por <strong data-start=\"424\" data-end=\"445\">Guillaume Cizeron<\/strong> e <strong data-start=\"448\" data-end=\"477\">Laurence Fournier Beaudry<\/strong> conquistou a medalha de ouro por menos de um ponto de diferen\u00e7a sobre os americanos <strong data-start=\"562\" data-end=\"576\">Evan Bates<\/strong> e <strong data-start=\"579\" data-end=\"596\">Madison Chock<\/strong>.<\/p>\n<h3 data-start=\"604\" data-end=\"651\">Vit\u00f3ria apertada e desempenho t\u00e9cnico s\u00f3lido<\/h3>\n<p data-start=\"653\" data-end=\"830\">Os franceses alcan\u00e7aram as maiores pontua\u00e7\u00f5es tanto na <strong data-start=\"708\" data-end=\"725\">dan\u00e7a r\u00edtmica<\/strong> quanto na <strong data-start=\"736\" data-end=\"751\">dan\u00e7a livre<\/strong>, garantindo o topo do p\u00f3dio em uma das finais mais equilibradas da competi\u00e7\u00e3o.<\/p>\n<p data-start=\"832\" data-end=\"951\">Cizeron, de 31 anos, j\u00e1 havia sido campe\u00e3o ol\u00edmpico em <strong data-start=\"887\" data-end=\"902\">Pequim 2022<\/strong> e agora soma mais um t\u00edtulo ol\u00edmpico \u00e0 carreira.<\/p>\n<p data-start=\"953\" data-end=\"1195\">A parceria com Fournier Beaudry come\u00e7ou oficialmente em novembro do ano passado e rapidamente demonstrou entrosamento. Desde ent\u00e3o, a dupla venceu quatro das cinco principais competi\u00e7\u00f5es disputadas, incluindo o <strong data-start=\"1164\" data-end=\"1194\">Campeonato Europeu de 2026<\/strong>.<\/p>\n<h3 data-start=\"1202\" data-end=\"1227\">Pol\u00eamicas fora do gelo<\/h3>\n<p data-start=\"1229\" data-end=\"1324\">Apesar do sucesso nas pistas, a trajet\u00f3ria recente do casal tem sido marcada por controv\u00e9rsias.<\/p>\n<p data-start=\"1326\" data-end=\"1673\">Cizeron encerrou a parceria hist\u00f3rica com <strong data-start=\"1368\" data-end=\"1391\">Gabriella Papadakis<\/strong>, com quem conquistou cinco t\u00edtulos mundiais e um ouro ol\u00edmpico. Em um livro de mem\u00f3rias lan\u00e7ado este ano, Papadakis descreveu a rela\u00e7\u00e3o como \u201cdesequilibrada\u201d e acusou o ex-parceiro de comportamento controlador. Cizeron negou as acusa\u00e7\u00f5es e afirmou que est\u00e1 adotando medidas legais.<\/p>\n<p data-start=\"1675\" data-end=\"2014\">J\u00e1 Fournier Beaudry teve o processo de cidadania francesa acelerado para disputar os Jogos. Anteriormente, ela representava Canad\u00e1 e Dinamarca. Seu nome tamb\u00e9m esteve no centro de debates ap\u00f3s a suspens\u00e3o de seis anos de seu ex-parceiro, <strong data-start=\"1913\" data-end=\"1933\">Nikolaj S\u00f8rensen<\/strong>, acusado de abuso sexual em um caso relacionado a 2012 \u2014 acusa\u00e7\u00f5es que ele nega.<\/p>\n<h3 data-start=\"2021\" data-end=\"2045\">Ouro em meio \u00e0 tens\u00e3o<\/h3>\n<p data-start=\"2047\" data-end=\"2252\">Mesmo com o cen\u00e1rio conturbado fora das pistas, dentro do gelo a dupla francesa apresentou desempenho t\u00e9cnico consistente e garantiu o ouro em uma das disputas mais comentadas da Olimp\u00edada de Inverno 2026.<\/p>\n","protected":false},"excerpt":{"rendered":"<p>Dupla garante t\u00edtulo por menos de um ponto em uma das finais mais equilibradas de Mil\u00e3o-Cortina 2026 A<\/p>\n","protected":false},"author":2,"featured_media":4959,"comment_status":"open","ping_status":"open","sticky":false,"template":"","format":"standard","meta":{"footnotes":""},"categories":[10,12],"tags":[],"class_list":["post-4958","post","type-post","status-publish","format-standard","has-post-thumbnail","hentry","category-mundo","category-noticias"],"yoast_head":"<!-- This site is optimized with the Yoast SEO plugin v28.3 - https:\/\/yoast.com\/product\/yoast-seo-wordpress\/ -->\n<title>Casal franc\u00eas conquista ouro na dan\u00e7a no gelo em meio a pol\u00eamicas fora das pistas - Ello TV<\/title>\n<meta name=\"description\" content=\"Casal franc\u00eas Guillaume Cizeron e Laurence Fournier Beaudry conquista ouro na dan\u00e7a no gelo em Mil\u00e3o-Cortina 2026, em final apertada marcada por pol\u00eamicas fora das pistas.\" \/>\n<meta name=\"robots\" content=\"index, follow, max-snippet:-1, max-image-preview:large, max-video-preview:-1\" \/>\n<link rel=\"canonical\" href=\"https:\/\/ellotv.com.br\/site\/2026\/02\/12\/casal-frances-conquista-ouro-na-danca-no-gelo-em-meio-a-polemicas-fora-das-pistas\/\" \/>\n<meta property=\"og:locale\" content=\"pt_BR\" \/>\n<meta property=\"og:type\" content=\"article\" \/>\n<meta property=\"og:title\" content=\"Casal franc\u00eas conquista ouro na dan\u00e7a no gelo em meio a pol\u00eamicas fora das pistas - Ello TV\" \/>\n<meta property=\"og:description\" content=\"Casal franc\u00eas Guillaume Cizeron e Laurence Fournier Beaudry conquista ouro na dan\u00e7a no gelo em Mil\u00e3o-Cortina 2026, em final apertada marcada por pol\u00eamicas fora das pistas.\" \/>\n<meta property=\"og:url\" content=\"https:\/\/ellotv.com.br\/site\/2026\/02\/12\/casal-frances-conquista-ouro-na-danca-no-gelo-em-meio-a-polemicas-fora-das-pistas\/\" \/>\n<meta property=\"og:site_name\" content=\"Ello TV\" \/>\n<meta property=\"article:published_time\" content=\"2026-02-12T14:22:49+00:00\" \/>\n<meta property=\"og:image\" content=\"https:\/\/ellotv.com.br\/site\/wp-content\/uploads\/2026\/02\/WhatsApp-Image-2026-02-12-at-11.18.33.jpeg\" \/>\n\t<meta property=\"og:image:width\" content=\"1600\" \/>\n\t<meta property=\"og:image:height\" content=\"900\" \/>\n\t<meta property=\"og:image:type\" content=\"image\/jpeg\" \/>\n<meta name=\"author\" content=\"ELLO TV\" \/>\n<meta name=\"twitter:card\" content=\"summary_large_image\" \/>\n<meta name=\"twitter:label1\" content=\"Escrito por\" \/>\n\t<meta name=\"twitter:data1\" content=\"ELLO TV\" \/>\n\t<meta name=\"twitter:label2\" content=\"Est. tempo de leitura\" \/>\n\t<meta name=\"twitter:data2\" content=\"2 minutos\" \/>\n<script type=\"application\/ld+json\" class=\"yoast-schema-graph\">{\"@context\":\"https:\\\/\\\/schema.org\",\"@graph\":[{\"@type\":\"Article\",\"@id\":\"https:\\\/\\\/ellotv.com.br\\\/site\\\/2026\\\/02\\\/12\\\/casal-frances-conquista-ouro-na-danca-no-gelo-em-meio-a-polemicas-fora-das-pistas\\\/#article\",\"isPartOf\":{\"@id\":\"https:\\\/\\\/ellotv.com.br\\\/site\\\/2026\\\/02\\\/12\\\/casal-frances-conquista-ouro-na-danca-no-gelo-em-meio-a-polemicas-fora-das-pistas\\\/\"},\"author\":{\"name\":\"ELLO TV\",\"@id\":\"https:\\\/\\\/ellotv.com.br\\\/site\\\/#\\\/schema\\\/person\\\/2dbe3abaee38dcc7332fc8205cd2b15d\"},\"headline\":\"Casal franc\u00eas conquista ouro na dan\u00e7a no gelo em meio a pol\u00eamicas fora das pistas\",\"datePublished\":\"2026-02-12T14:22:49+00:00\",\"mainEntityOfPage\":{\"@id\":\"https:\\\/\\\/ellotv.com.br\\\/site\\\/2026\\\/02\\\/12\\\/casal-frances-conquista-ouro-na-danca-no-gelo-em-meio-a-polemicas-fora-das-pistas\\\/\"},\"wordCount\":372,\"commentCount\":0,\"publisher\":{\"@id\":\"https:\\\/\\\/ellotv.com.br\\\/site\\\/#organization\"},\"image\":{\"@id\":\"https:\\\/\\\/ellotv.com.br\\\/site\\\/2026\\\/02\\\/12\\\/casal-frances-conquista-ouro-na-danca-no-gelo-em-meio-a-polemicas-fora-das-pistas\\\/#primaryimage\"},\"thumbnailUrl\":\"https:\\\/\\\/ellotv.com.br\\\/site\\\/wp-content\\\/uploads\\\/2026\\\/02\\\/WhatsApp-Image-2026-02-12-at-11.18.33.jpeg\",\"articleSection\":[\"Mundo\",\"Noticias\"],\"inLanguage\":\"pt-BR\",\"potentialAction\":[{\"@type\":\"CommentAction\",\"name\":\"Comment\",\"target\":[\"https:\\\/\\\/ellotv.com.br\\\/site\\\/2026\\\/02\\\/12\\\/casal-frances-conquista-ouro-na-danca-no-gelo-em-meio-a-polemicas-fora-das-pistas\\\/#respond\"]}]},{\"@type\":\"WebPage\",\"@id\":\"https:\\\/\\\/ellotv.com.br\\\/site\\\/2026\\\/02\\\/12\\\/casal-frances-conquista-ouro-na-danca-no-gelo-em-meio-a-polemicas-fora-das-pistas\\\/\",\"url\":\"https:\\\/\\\/ellotv.com.br\\\/site\\\/2026\\\/02\\\/12\\\/casal-frances-conquista-ouro-na-danca-no-gelo-em-meio-a-polemicas-fora-das-pistas\\\/\",\"name\":\"Casal franc\u00eas conquista ouro na dan\u00e7a no gelo em meio a pol\u00eamicas fora das pistas - Ello TV\",\"isPartOf\":{\"@id\":\"https:\\\/\\\/ellotv.com.br\\\/site\\\/#website\"},\"primaryImageOfPage\":{\"@id\":\"https:\\\/\\\/ellotv.com.br\\\/site\\\/2026\\\/02\\\/12\\\/casal-frances-conquista-ouro-na-danca-no-gelo-em-meio-a-polemicas-fora-das-pistas\\\/#primaryimage\"},\"image\":{\"@id\":\"https:\\\/\\\/ellotv.com.br\\\/site\\\/2026\\\/02\\\/12\\\/casal-frances-conquista-ouro-na-danca-no-gelo-em-meio-a-polemicas-fora-das-pistas\\\/#primaryimage\"},\"thumbnailUrl\":\"https:\\\/\\\/ellotv.com.br\\\/site\\\/wp-content\\\/uploads\\\/2026\\\/02\\\/WhatsApp-Image-2026-02-12-at-11.18.33.jpeg\",\"datePublished\":\"2026-02-12T14:22:49+00:00\",\"description\":\"Casal franc\u00eas Guillaume Cizeron e Laurence Fournier Beaudry conquista ouro na dan\u00e7a no gelo em Mil\u00e3o-Cortina 2026, em final apertada marcada por pol\u00eamicas fora das pistas.\",\"breadcrumb\":{\"@id\":\"https:\\\/\\\/ellotv.com.br\\\/site\\\/2026\\\/02\\\/12\\\/casal-frances-conquista-ouro-na-danca-no-gelo-em-meio-a-polemicas-fora-das-pistas\\\/#breadcrumb\"},\"inLanguage\":\"pt-BR\",\"potentialAction\":[{\"@type\":\"ReadAction\",\"target\":[\"https:\\\/\\\/ellotv.com.br\\\/site\\\/2026\\\/02\\\/12\\\/casal-frances-conquista-ouro-na-danca-no-gelo-em-meio-a-polemicas-fora-das-pistas\\\/\"]}]},{\"@type\":\"ImageObject\",\"inLanguage\":\"pt-BR\",\"@id\":\"https:\\\/\\\/ellotv.com.br\\\/site\\\/2026\\\/02\\\/12\\\/casal-frances-conquista-ouro-na-danca-no-gelo-em-meio-a-polemicas-fora-das-pistas\\\/#primaryimage\",\"url\":\"https:\\\/\\\/ellotv.com.br\\\/site\\\/wp-content\\\/uploads\\\/2026\\\/02\\\/WhatsApp-Image-2026-02-12-at-11.18.33.jpeg\",\"contentUrl\":\"https:\\\/\\\/ellotv.com.br\\\/site\\\/wp-content\\\/uploads\\\/2026\\\/02\\\/WhatsApp-Image-2026-02-12-at-11.18.33.jpeg\",\"width\":1600,\"height\":900},{\"@type\":\"BreadcrumbList\",\"@id\":\"https:\\\/\\\/ellotv.com.br\\\/site\\\/2026\\\/02\\\/12\\\/casal-frances-conquista-ouro-na-danca-no-gelo-em-meio-a-polemicas-fora-das-pistas\\\/#breadcrumb\",\"itemListElement\":[{\"@type\":\"ListItem\",\"position\":1,\"name\":\"In\u00edcio\",\"item\":\"https:\\\/\\\/ellotv.com.br\\\/site\\\/\"},{\"@type\":\"ListItem\",\"position\":2,\"name\":\"Casal franc\u00eas conquista ouro na dan\u00e7a no gelo em meio a pol\u00eamicas fora das pistas\"}]},{\"@type\":\"WebSite\",\"@id\":\"https:\\\/\\\/ellotv.com.br\\\/site\\\/#website\",\"url\":\"https:\\\/\\\/ellotv.com.br\\\/site\\\/\",\"name\":\"ELLO TV\",\"description\":\"\",\"publisher\":{\"@id\":\"https:\\\/\\\/ellotv.com.br\\\/site\\\/#organization\"},\"potentialAction\":[{\"@type\":\"SearchAction\",\"target\":{\"@type\":\"EntryPoint\",\"urlTemplate\":\"https:\\\/\\\/ellotv.com.br\\\/site\\\/?s={search_term_string}\"},\"query-input\":{\"@type\":\"PropertyValueSpecification\",\"valueRequired\":true,\"valueName\":\"search_term_string\"}}],\"inLanguage\":\"pt-BR\"},{\"@type\":\"Organization\",\"@id\":\"https:\\\/\\\/ellotv.com.br\\\/site\\\/#organization\",\"name\":\"ELLO TV\",\"url\":\"https:\\\/\\\/ellotv.com.br\\\/site\\\/\",\"logo\":{\"@type\":\"ImageObject\",\"inLanguage\":\"pt-BR\",\"@id\":\"https:\\\/\\\/ellotv.com.br\\\/site\\\/#\\\/schema\\\/logo\\\/image\\\/\",\"url\":\"https:\\\/\\\/ellotv.com.br\\\/site\\\/wp-content\\\/uploads\\\/2025\\\/11\\\/ello-logo-2.fw_.png\",\"contentUrl\":\"https:\\\/\\\/ellotv.com.br\\\/site\\\/wp-content\\\/uploads\\\/2025\\\/11\\\/ello-logo-2.fw_.png\",\"width\":400,\"height\":146,\"caption\":\"ELLO TV\"},\"image\":{\"@id\":\"https:\\\/\\\/ellotv.com.br\\\/site\\\/#\\\/schema\\\/logo\\\/image\\\/\"}},{\"@type\":\"Person\",\"@id\":\"https:\\\/\\\/ellotv.com.br\\\/site\\\/#\\\/schema\\\/person\\\/2dbe3abaee38dcc7332fc8205cd2b15d\",\"name\":\"ELLO TV\",\"image\":{\"@type\":\"ImageObject\",\"inLanguage\":\"pt-BR\",\"@id\":\"https:\\\/\\\/secure.gravatar.com\\\/avatar\\\/c38242b9da8ec217ac3f0aaee31a54f7d7befb11b2b47fdbc8fb0fad60afa1c6?s=96&d=mm&r=g\",\"url\":\"https:\\\/\\\/secure.gravatar.com\\\/avatar\\\/c38242b9da8ec217ac3f0aaee31a54f7d7befb11b2b47fdbc8fb0fad60afa1c6?s=96&d=mm&r=g\",\"contentUrl\":\"https:\\\/\\\/secure.gravatar.com\\\/avatar\\\/c38242b9da8ec217ac3f0aaee31a54f7d7befb11b2b47fdbc8fb0fad60afa1c6?s=96&d=mm&r=g\",\"caption\":\"ELLO TV\"},\"url\":\"https:\\\/\\\/ellotv.com.br\\\/site\\\/author\\\/elloagencia\\\/\"}]}<\/script>\n<!-- \/ Yoast SEO plugin. -->","yoast_head_json":{"title":"Casal franc\u00eas conquista ouro na dan\u00e7a no gelo em meio a pol\u00eamicas fora das pistas - Ello TV","description":"Casal franc\u00eas Guillaume Cizeron e Laurence Fournier Beaudry conquista ouro na dan\u00e7a no gelo em Mil\u00e3o-Cortina 2026, em final apertada marcada por pol\u00eamicas fora das pistas.","robots":{"index":"index","follow":"follow","max-snippet":"max-snippet:-1","max-image-preview":"max-image-preview:large","max-video-preview":"max-video-preview:-1"},"canonical":"https:\/\/ellotv.com.br\/site\/2026\/02\/12\/casal-frances-conquista-ouro-na-danca-no-gelo-em-meio-a-polemicas-fora-das-pistas\/","og_locale":"pt_BR","og_type":"article","og_title":"Casal franc\u00eas conquista ouro na dan\u00e7a no gelo em meio a pol\u00eamicas fora das pistas - Ello TV","og_description":"Casal franc\u00eas Guillaume Cizeron e Laurence Fournier Beaudry conquista ouro na dan\u00e7a no gelo em Mil\u00e3o-Cortina 2026, em final apertada marcada por pol\u00eamicas fora das pistas.","og_url":"https:\/\/ellotv.com.br\/site\/2026\/02\/12\/casal-frances-conquista-ouro-na-danca-no-gelo-em-meio-a-polemicas-fora-das-pistas\/","og_site_name":"Ello TV","article_published_time":"2026-02-12T14:22:49+00:00","og_image":[{"width":1600,"height":900,"url":"https:\/\/ellotv.com.br\/site\/wp-content\/uploads\/2026\/02\/WhatsApp-Image-2026-02-12-at-11.18.33.jpeg","type":"image\/jpeg"}],"author":"ELLO TV","twitter_card":"summary_large_image","twitter_misc":{"Escrito por":"ELLO TV","Est. tempo de leitura":"2 minutos"},"schema":{"@context":"https:\/\/schema.org","@graph":[{"@type":"Article","@id":"https:\/\/ellotv.com.br\/site\/2026\/02\/12\/casal-frances-conquista-ouro-na-danca-no-gelo-em-meio-a-polemicas-fora-das-pistas\/#article","isPartOf":{"@id":"https:\/\/ellotv.com.br\/site\/2026\/02\/12\/casal-frances-conquista-ouro-na-danca-no-gelo-em-meio-a-polemicas-fora-das-pistas\/"},"author":{"name":"ELLO TV","@id":"https:\/\/ellotv.com.br\/site\/#\/schema\/person\/2dbe3abaee38dcc7332fc8205cd2b15d"},"headline":"Casal franc\u00eas conquista ouro na dan\u00e7a no gelo em meio a pol\u00eamicas fora das pistas","datePublished":"2026-02-12T14:22:49+00:00","mainEntityOfPage":{"@id":"https:\/\/ellotv.com.br\/site\/2026\/02\/12\/casal-frances-conquista-ouro-na-danca-no-gelo-em-meio-a-polemicas-fora-das-pistas\/"},"wordCount":372,"commentCount":0,"publisher":{"@id":"https:\/\/ellotv.com.br\/site\/#organization"},"image":{"@id":"https:\/\/ellotv.com.br\/site\/2026\/02\/12\/casal-frances-conquista-ouro-na-danca-no-gelo-em-meio-a-polemicas-fora-das-pistas\/#primaryimage"},"thumbnailUrl":"https:\/\/ellotv.com.br\/site\/wp-content\/uploads\/2026\/02\/WhatsApp-Image-2026-02-12-at-11.18.33.jpeg","articleSection":["Mundo","Noticias"],"inLanguage":"pt-BR","potentialAction":[{"@type":"CommentAction","name":"Comment","target":["https:\/\/ellotv.com.br\/site\/2026\/02\/12\/casal-frances-conquista-ouro-na-danca-no-gelo-em-meio-a-polemicas-fora-das-pistas\/#respond"]}]},{"@type":"WebPage","@id":"https:\/\/ellotv.com.br\/site\/2026\/02\/12\/casal-frances-conquista-ouro-na-danca-no-gelo-em-meio-a-polemicas-fora-das-pistas\/","url":"https:\/\/ellotv.com.br\/site\/2026\/02\/12\/casal-frances-conquista-ouro-na-danca-no-gelo-em-meio-a-polemicas-fora-das-pistas\/","name":"Casal franc\u00eas conquista ouro na dan\u00e7a no gelo em meio a pol\u00eamicas fora das pistas - Ello TV","isPartOf":{"@id":"https:\/\/ellotv.com.br\/site\/#website"},"primaryImageOfPage":{"@id":"https:\/\/ellotv.com.br\/site\/2026\/02\/12\/casal-frances-conquista-ouro-na-danca-no-gelo-em-meio-a-polemicas-fora-das-pistas\/#primaryimage"},"image":{"@id":"https:\/\/ellotv.com.br\/site\/2026\/02\/12\/casal-frances-conquista-ouro-na-danca-no-gelo-em-meio-a-polemicas-fora-das-pistas\/#primaryimage"},"thumbnailUrl":"https:\/\/ellotv.com.br\/site\/wp-content\/uploads\/2026\/02\/WhatsApp-Image-2026-02-12-at-11.18.33.jpeg","datePublished":"2026-02-12T14:22:49+00:00","description":"Casal franc\u00eas Guillaume Cizeron e Laurence Fournier Beaudry conquista ouro na dan\u00e7a no gelo em Mil\u00e3o-Cortina 2026, em final apertada marcada por pol\u00eamicas fora das pistas.","breadcrumb":{"@id":"https:\/\/ellotv.com.br\/site\/2026\/02\/12\/casal-frances-conquista-ouro-na-danca-no-gelo-em-meio-a-polemicas-fora-das-pistas\/#breadcrumb"},"inLanguage":"pt-BR","potentialAction":[{"@type":"ReadAction","target":["https:\/\/ellotv.com.br\/site\/2026\/02\/12\/casal-frances-conquista-ouro-na-danca-no-gelo-em-meio-a-polemicas-fora-das-pistas\/"]}]},{"@type":"ImageObject","inLanguage":"pt-BR","@id":"https:\/\/ellotv.com.br\/site\/2026\/02\/12\/casal-frances-conquista-ouro-na-danca-no-gelo-em-meio-a-polemicas-fora-das-pistas\/#primaryimage","url":"https:\/\/ellotv.com.br\/site\/wp-content\/uploads\/2026\/02\/WhatsApp-Image-2026-02-12-at-11.18.33.jpeg","contentUrl":"https:\/\/ellotv.com.br\/site\/wp-content\/uploads\/2026\/02\/WhatsApp-Image-2026-02-12-at-11.18.33.jpeg","width":1600,"height":900},{"@type":"BreadcrumbList","@id":"https:\/\/ellotv.com.br\/site\/2026\/02\/12\/casal-frances-conquista-ouro-na-danca-no-gelo-em-meio-a-polemicas-fora-das-pistas\/#breadcrumb","itemListElement":[{"@type":"ListItem","position":1,"name":"In\u00edcio","item":"https:\/\/ellotv.com.br\/site\/"},{"@type":"ListItem","position":2,"name":"Casal franc\u00eas conquista ouro na dan\u00e7a no gelo em meio a pol\u00eamicas fora das pistas"}]},{"@type":"WebSite","@id":"https:\/\/ellotv.com.br\/site\/#website","url":"https:\/\/ellotv.com.br\/site\/","name":"ELLO TV","description":"","publisher":{"@id":"https:\/\/ellotv.com.br\/site\/#organization"},"potentialAction":[{"@type":"SearchAction","target":{"@type":"EntryPoint","urlTemplate":"https:\/\/ellotv.com.br\/site\/?s={search_term_string}"},"query-input":{"@type":"PropertyValueSpecification","valueRequired":true,"valueName":"search_term_string"}}],"inLanguage":"pt-BR"},{"@type":"Organization","@id":"https:\/\/ellotv.com.br\/site\/#organization","name":"ELLO TV","url":"https:\/\/ellotv.com.br\/site\/","logo":{"@type":"ImageObject","inLanguage":"pt-BR","@id":"https:\/\/ellotv.com.br\/site\/#\/schema\/logo\/image\/","url":"https:\/\/ellotv.com.br\/site\/wp-content\/uploads\/2025\/11\/ello-logo-2.fw_.png","contentUrl":"https:\/\/ellotv.com.br\/site\/wp-content\/uploads\/2025\/11\/ello-logo-2.fw_.png","width":400,"height":146,"caption":"ELLO TV"},"image":{"@id":"https:\/\/ellotv.com.br\/site\/#\/schema\/logo\/image\/"}},{"@type":"Person","@id":"https:\/\/ellotv.com.br\/site\/#\/schema\/person\/2dbe3abaee38dcc7332fc8205cd2b15d","name":"ELLO TV","image":{"@type":"ImageObject","inLanguage":"pt-BR","@id":"https:\/\/secure.gravatar.com\/avatar\/c38242b9da8ec217ac3f0aaee31a54f7d7befb11b2b47fdbc8fb0fad60afa1c6?s=96&d=mm&r=g","url":"https:\/\/secure.gravatar.com\/avatar\/c38242b9da8ec217ac3f0aaee31a54f7d7befb11b2b47fdbc8fb0fad60afa1c6?s=96&d=mm&r=g","contentUrl":"https:\/\/secure.gravatar.com\/avatar\/c38242b9da8ec217ac3f0aaee31a54f7d7befb11b2b47fdbc8fb0fad60afa1c6?s=96&d=mm&r=g","caption":"ELLO TV"},"url":"https:\/\/ellotv.com.br\/site\/author\/elloagencia\/"}]}},"featured_image_urls":{"full":["https:\/\/ellotv.com.br\/site\/wp-content\/uploads\/2026\/02\/WhatsApp-Image-2026-02-12-at-11.18.33.jpeg",1600,900,false],"thumbnail":["https:\/\/ellotv.com.br\/site\/wp-content\/uploads\/2026\/02\/WhatsApp-Image-2026-02-12-at-11.18.33-150x150.jpeg",150,150,true],"medium":["https:\/\/ellotv.com.br\/site\/wp-content\/uploads\/2026\/02\/WhatsApp-Image-2026-02-12-at-11.18.33-300x169.jpeg",300,169,true],"medium_large":["https:\/\/ellotv.com.br\/site\/wp-content\/uploads\/2026\/02\/WhatsApp-Image-2026-02-12-at-11.18.33-768x432.jpeg",640,360,true],"large":["https:\/\/ellotv.com.br\/site\/wp-content\/uploads\/2026\/02\/WhatsApp-Image-2026-02-12-at-11.18.33-1024x576.jpeg",640,360,true],"1536x1536":["https:\/\/ellotv.com.br\/site\/wp-content\/uploads\/2026\/02\/WhatsApp-Image-2026-02-12-at-11.18.33-1536x864.jpeg",1536,864,true],"2048x2048":["https:\/\/ellotv.com.br\/site\/wp-content\/uploads\/2026\/02\/WhatsApp-Image-2026-02-12-at-11.18.33.jpeg",1600,900,false],"darknews-slider-full":["https:\/\/ellotv.com.br\/site\/wp-content\/uploads\/2026\/02\/WhatsApp-Image-2026-02-12-at-11.18.33-1280x720.jpeg",1280,720,true],"darknews-featured":["https:\/\/ellotv.com.br\/site\/wp-content\/uploads\/2026\/02\/WhatsApp-Image-2026-02-12-at-11.18.33-1024x576.jpeg",1024,576,true],"darknews-medium":["https:\/\/ellotv.com.br\/site\/wp-content\/uploads\/2026\/02\/WhatsApp-Image-2026-02-12-at-11.18.33-720x530.jpeg",720,530,true],"darknews-medium-square":["https:\/\/ellotv.com.br\/site\/wp-content\/uploads\/2026\/02\/WhatsApp-Image-2026-02-12-at-11.18.33-350x350.jpeg",350,350,true]},"author_info":{"info":["ELLO TV"]},"category_info":"<a href=\"https:\/\/ellotv.com.br\/site\/category\/mundo\/\" rel=\"category tag\">Mundo<\/a> <a href=\"https:\/\/ellotv.com.br\/site\/category\/noticias\/\" rel=\"category tag\">Noticias<\/a>","tag_info":"Noticias","comment_count":"0","_links":{"self":[{"href":"https:\/\/ellotv.com.br\/site\/wp-json\/wp\/v2\/posts\/4958","targetHints":{"allow":["GET"]}}],"collection":[{"href":"https:\/\/ellotv.com.br\/site\/wp-json\/wp\/v2\/posts"}],"about":[{"href":"https:\/\/ellotv.com.br\/site\/wp-json\/wp\/v2\/types\/post"}],"author":[{"embeddable":true,"href":"https:\/\/ellotv.com.br\/site\/wp-json\/wp\/v2\/users\/2"}],"replies":[{"embeddable":true,"href":"https:\/\/ellotv.com.br\/site\/wp-json\/wp\/v2\/comments?post=4958"}],"version-history":[{"count":1,"href":"https:\/\/ellotv.com.br\/site\/wp-json\/wp\/v2\/posts\/4958\/revisions"}],"predecessor-version":[{"id":4960,"href":"https:\/\/ellotv.com.br\/site\/wp-json\/wp\/v2\/posts\/4958\/revisions\/4960"}],"wp:featuredmedia":[{"embeddable":true,"href":"https:\/\/ellotv.com.br\/site\/wp-json\/wp\/v2\/media\/4959"}],"wp:attachment":[{"href":"https:\/\/ellotv.com.br\/site\/wp-json\/wp\/v2\/media?parent=4958"}],"wp:term":[{"taxonomy":"category","embeddable":true,"href":"https:\/\/ellotv.com.br\/site\/wp-json\/wp\/v2\/categories?post=4958"},{"taxonomy":"post_tag","embeddable":true,"href":"https:\/\/ellotv.com.br\/site\/wp-json\/wp\/v2\/tags?post=4958"}],"curies":[{"name":"wp","href":"https:\/\/api.w.org\/{rel}","templated":true}]}}