{"id":4961,"date":"2026-02-12T16:11:41","date_gmt":"2026-02-12T19:11:41","guid":{"rendered":"https:\/\/ellotv.com.br\/site\/?p=4961"},"modified":"2026-02-12T16:11:41","modified_gmt":"2026-02-12T19:11:41","slug":"sao-jose-do-egito-sedia-entrega-inedita-de-sementes-do-programa-terra-plantar-no-pajeu","status":"publish","type":"post","link":"https:\/\/ellotv.com.br\/site\/2026\/02\/12\/sao-jose-do-egito-sedia-entrega-inedita-de-sementes-do-programa-terra-plantar-no-pajeu\/","title":{"rendered":"S\u00e3o Jos\u00e9 do Egito sedia entrega in\u00e9dita de sementes do Programa Terra Plantar no Paje\u00fa"},"content":{"rendered":"<h2>Munic\u00edpio recebe a\u00e7\u00f5es do IPA e refor\u00e7a pol\u00edticas de fortalecimento da agricultura familiar<\/h2>\n<p data-start=\"241\" data-end=\"576\">Na manh\u00e3 desta quinta-feira (12), o prefeito <strong data-start=\"286\" data-end=\"303\">Fredson Brito<\/strong> recebeu, no audit\u00f3rio da Secretaria Municipal de Educa\u00e7\u00e3o, o presidente do <strong data-start=\"379\" data-end=\"400\">IPA de Pernambuco<\/strong>, <strong data-start=\"402\" data-end=\"418\">Miguel Duque<\/strong>, para um momento considerado hist\u00f3rico: pela primeira vez, a distribui\u00e7\u00e3o de sementes na regi\u00e3o do Paje\u00fa teve como sede o munic\u00edpio de <strong data-start=\"554\" data-end=\"575\">S\u00e3o Jos\u00e9 do Egito<\/strong>.<\/p>\n<p data-start=\"578\" data-end=\"753\">Durante o encontro, foi oficializada a implanta\u00e7\u00e3o do programa estadual <strong data-start=\"650\" data-end=\"667\">Terra Plantar<\/strong> no munic\u00edpio e na regi\u00e3o, garantindo sementes para fortalecer a agricultura familiar.<\/p>\n<h3 data-start=\"760\" data-end=\"795\">Novos investimentos para o campo<\/h3>\n<p data-start=\"797\" data-end=\"885\">Al\u00e9m da entrega de sementes, o IPA anunciou outras a\u00e7\u00f5es estruturantes para o munic\u00edpio:<\/p>\n<ul>\n<li>Chegada de uma <strong data-start=\"904\" data-end=\"937\">patrulha de estradas vicinais<\/strong>;<\/li>\n<li>Instala\u00e7\u00e3o de <strong data-start=\"957\" data-end=\"982\">oito dessalinizadores<\/strong>, ampliando o acesso \u00e0 \u00e1gua de qualidade nas comunidades rurais;<\/li>\n<li>Cria\u00e7\u00e3o de uma <strong data-start=\"1066\" data-end=\"1090\">Coordenadoria do IPA<\/strong> em S\u00e3o Jos\u00e9 do Egito.<\/li>\n<\/ul>\n<p>A nova coordena\u00e7\u00e3o ser\u00e1 assumida pela servidora de carreira <strong data-start=\"1174\" data-end=\"1187\">Bernadete<\/strong>, refor\u00e7ando a presen\u00e7a institucional do \u00f3rg\u00e3o na regi\u00e3o.<\/p>\n<h3 data-start=\"1251\" data-end=\"1287\">Parceria entre munic\u00edpio e Estado<\/h3>\n<p data-start=\"1289\" data-end=\"1429\">O prefeito Fredson Brito destacou a import\u00e2ncia da uni\u00e3o entre Prefeitura e Governo do Estado para o fortalecimento da agricultura familiar.<\/p>\n<p data-start=\"1431\" data-end=\"1757\">\u201cA agricultura familiar de S\u00e3o Jos\u00e9 do Egito est\u00e1 sendo contemplada atrav\u00e9s do Governo Raquel Lyra com estradas, dessalinizadores e sementes. E a Prefeitura tamb\u00e9m faz sua parte, garantindo horas-m\u00e1quina e comprando o que o agricultor planta. \u00c9 uni\u00e3o de for\u00e7as para fortalecer quem produz e movimenta nossa economia\u201d, afirmou.<\/p>\n<p data-start=\"1759\" data-end=\"1841\">O presidente do IPA, Miguel Duque, tamb\u00e9m ressaltou o compromisso com o munic\u00edpio.<\/p>\n<p data-start=\"1843\" data-end=\"2077\">\u201cS\u00e3o Jos\u00e9 do Egito tem recebido um trabalho forte da governadora Raquel Lyra, com muitas a\u00e7\u00f5es estruturadoras. Estamos ampliando investimentos para garantir apoio direto ao agricultor e desenvolvimento sustent\u00e1vel para toda a regi\u00e3o.\u201d<\/p>\n<h3 data-start=\"2084\" data-end=\"2106\">Refer\u00eancia regional<\/h3>\n<p data-start=\"2108\" data-end=\"2334\">Com os an\u00fancios, S\u00e3o Jos\u00e9 do Egito passa a se consolidar como refer\u00eancia regional nas pol\u00edticas de fortalecimento da agricultura familiar, reunindo a\u00e7\u00f5es que integram infraestrutura, acesso \u00e0 \u00e1gua e incentivo \u00e0 produ\u00e7\u00e3o rural.<\/p>\n","protected":false},"excerpt":{"rendered":"<p>Munic\u00edpio recebe a\u00e7\u00f5es do IPA e refor\u00e7a pol\u00edticas de fortalecimento da agricultura familiar Na manh\u00e3 desta quinta-feira (12),<\/p>\n","protected":false},"author":2,"featured_media":4962,"comment_status":"open","ping_status":"open","sticky":false,"template":"","format":"standard","meta":{"footnotes":""},"categories":[12,9],"tags":[],"class_list":["post-4961","post","type-post","status-publish","format-standard","has-post-thumbnail","hentry","category-noticias","category-regional"],"yoast_head":"<!-- This site is optimized with the Yoast SEO plugin v28.3 - https:\/\/yoast.com\/product\/yoast-seo-wordpress\/ -->\n<title>S\u00e3o Jos\u00e9 do Egito sedia entrega in\u00e9dita de sementes do Programa Terra Plantar no Paje\u00fa - Ello TV<\/title>\n<meta name=\"description\" content=\"S\u00e3o Jos\u00e9 do Egito sedia entrega in\u00e9dita de sementes do Programa Terra Plantar no Paje\u00fa, recebe patrulha de estradas, dessalinizadores e nova coordenadoria do IPA para fortalecer a agricultura familiar.\" \/>\n<meta name=\"robots\" content=\"index, follow, max-snippet:-1, max-image-preview:large, max-video-preview:-1\" \/>\n<link rel=\"canonical\" href=\"https:\/\/ellotv.com.br\/site\/2026\/02\/12\/sao-jose-do-egito-sedia-entrega-inedita-de-sementes-do-programa-terra-plantar-no-pajeu\/\" \/>\n<meta property=\"og:locale\" content=\"pt_BR\" \/>\n<meta property=\"og:type\" content=\"article\" \/>\n<meta property=\"og:title\" content=\"S\u00e3o Jos\u00e9 do Egito sedia entrega in\u00e9dita de sementes do Programa Terra Plantar no Paje\u00fa - Ello TV\" \/>\n<meta property=\"og:description\" content=\"S\u00e3o Jos\u00e9 do Egito sedia entrega in\u00e9dita de sementes do Programa Terra Plantar no Paje\u00fa, recebe patrulha de estradas, dessalinizadores e nova coordenadoria do IPA para fortalecer a agricultura familiar.\" \/>\n<meta property=\"og:url\" content=\"https:\/\/ellotv.com.br\/site\/2026\/02\/12\/sao-jose-do-egito-sedia-entrega-inedita-de-sementes-do-programa-terra-plantar-no-pajeu\/\" \/>\n<meta property=\"og:site_name\" content=\"Ello TV\" \/>\n<meta property=\"article:published_time\" content=\"2026-02-12T19:11:41+00:00\" \/>\n<meta property=\"og:image\" content=\"https:\/\/ellotv.com.br\/site\/wp-content\/uploads\/2026\/02\/WhatsApp-Image-2026-02-12-at-15.52.57.jpeg\" \/>\n\t<meta property=\"og:image:width\" content=\"1600\" \/>\n\t<meta property=\"og:image:height\" content=\"1066\" \/>\n\t<meta property=\"og:image:type\" content=\"image\/jpeg\" \/>\n<meta name=\"author\" content=\"ELLO TV\" \/>\n<meta name=\"twitter:card\" content=\"summary_large_image\" \/>\n<meta name=\"twitter:label1\" content=\"Escrito por\" \/>\n\t<meta name=\"twitter:data1\" content=\"ELLO TV\" \/>\n\t<meta name=\"twitter:label2\" content=\"Est. tempo de leitura\" \/>\n\t<meta name=\"twitter:data2\" content=\"2 minutos\" \/>\n<script type=\"application\/ld+json\" class=\"yoast-schema-graph\">{\"@context\":\"https:\\\/\\\/schema.org\",\"@graph\":[{\"@type\":\"Article\",\"@id\":\"https:\\\/\\\/ellotv.com.br\\\/site\\\/2026\\\/02\\\/12\\\/sao-jose-do-egito-sedia-entrega-inedita-de-sementes-do-programa-terra-plantar-no-pajeu\\\/#article\",\"isPartOf\":{\"@id\":\"https:\\\/\\\/ellotv.com.br\\\/site\\\/2026\\\/02\\\/12\\\/sao-jose-do-egito-sedia-entrega-inedita-de-sementes-do-programa-terra-plantar-no-pajeu\\\/\"},\"author\":{\"name\":\"ELLO TV\",\"@id\":\"https:\\\/\\\/ellotv.com.br\\\/site\\\/#\\\/schema\\\/person\\\/2dbe3abaee38dcc7332fc8205cd2b15d\"},\"headline\":\"S\u00e3o Jos\u00e9 do Egito sedia entrega in\u00e9dita de sementes do Programa Terra Plantar no Paje\u00fa\",\"datePublished\":\"2026-02-12T19:11:41+00:00\",\"mainEntityOfPage\":{\"@id\":\"https:\\\/\\\/ellotv.com.br\\\/site\\\/2026\\\/02\\\/12\\\/sao-jose-do-egito-sedia-entrega-inedita-de-sementes-do-programa-terra-plantar-no-pajeu\\\/\"},\"wordCount\":374,\"commentCount\":0,\"publisher\":{\"@id\":\"https:\\\/\\\/ellotv.com.br\\\/site\\\/#organization\"},\"image\":{\"@id\":\"https:\\\/\\\/ellotv.com.br\\\/site\\\/2026\\\/02\\\/12\\\/sao-jose-do-egito-sedia-entrega-inedita-de-sementes-do-programa-terra-plantar-no-pajeu\\\/#primaryimage\"},\"thumbnailUrl\":\"https:\\\/\\\/ellotv.com.br\\\/site\\\/wp-content\\\/uploads\\\/2026\\\/02\\\/WhatsApp-Image-2026-02-12-at-15.52.57.jpeg\",\"articleSection\":[\"Noticias\",\"Regional\"],\"inLanguage\":\"pt-BR\",\"potentialAction\":[{\"@type\":\"CommentAction\",\"name\":\"Comment\",\"target\":[\"https:\\\/\\\/ellotv.com.br\\\/site\\\/2026\\\/02\\\/12\\\/sao-jose-do-egito-sedia-entrega-inedita-de-sementes-do-programa-terra-plantar-no-pajeu\\\/#respond\"]}]},{\"@type\":\"WebPage\",\"@id\":\"https:\\\/\\\/ellotv.com.br\\\/site\\\/2026\\\/02\\\/12\\\/sao-jose-do-egito-sedia-entrega-inedita-de-sementes-do-programa-terra-plantar-no-pajeu\\\/\",\"url\":\"https:\\\/\\\/ellotv.com.br\\\/site\\\/2026\\\/02\\\/12\\\/sao-jose-do-egito-sedia-entrega-inedita-de-sementes-do-programa-terra-plantar-no-pajeu\\\/\",\"name\":\"S\u00e3o Jos\u00e9 do Egito sedia entrega in\u00e9dita de sementes do Programa Terra Plantar no Paje\u00fa - Ello TV\",\"isPartOf\":{\"@id\":\"https:\\\/\\\/ellotv.com.br\\\/site\\\/#website\"},\"primaryImageOfPage\":{\"@id\":\"https:\\\/\\\/ellotv.com.br\\\/site\\\/2026\\\/02\\\/12\\\/sao-jose-do-egito-sedia-entrega-inedita-de-sementes-do-programa-terra-plantar-no-pajeu\\\/#primaryimage\"},\"image\":{\"@id\":\"https:\\\/\\\/ellotv.com.br\\\/site\\\/2026\\\/02\\\/12\\\/sao-jose-do-egito-sedia-entrega-inedita-de-sementes-do-programa-terra-plantar-no-pajeu\\\/#primaryimage\"},\"thumbnailUrl\":\"https:\\\/\\\/ellotv.com.br\\\/site\\\/wp-content\\\/uploads\\\/2026\\\/02\\\/WhatsApp-Image-2026-02-12-at-15.52.57.jpeg\",\"datePublished\":\"2026-02-12T19:11:41+00:00\",\"description\":\"S\u00e3o Jos\u00e9 do Egito sedia entrega in\u00e9dita de sementes do Programa Terra Plantar no Paje\u00fa, recebe patrulha de estradas, dessalinizadores e nova coordenadoria do IPA para fortalecer a agricultura familiar.\",\"breadcrumb\":{\"@id\":\"https:\\\/\\\/ellotv.com.br\\\/site\\\/2026\\\/02\\\/12\\\/sao-jose-do-egito-sedia-entrega-inedita-de-sementes-do-programa-terra-plantar-no-pajeu\\\/#breadcrumb\"},\"inLanguage\":\"pt-BR\",\"potentialAction\":[{\"@type\":\"ReadAction\",\"target\":[\"https:\\\/\\\/ellotv.com.br\\\/site\\\/2026\\\/02\\\/12\\\/sao-jose-do-egito-sedia-entrega-inedita-de-sementes-do-programa-terra-plantar-no-pajeu\\\/\"]}]},{\"@type\":\"ImageObject\",\"inLanguage\":\"pt-BR\",\"@id\":\"https:\\\/\\\/ellotv.com.br\\\/site\\\/2026\\\/02\\\/12\\\/sao-jose-do-egito-sedia-entrega-inedita-de-sementes-do-programa-terra-plantar-no-pajeu\\\/#primaryimage\",\"url\":\"https:\\\/\\\/ellotv.com.br\\\/site\\\/wp-content\\\/uploads\\\/2026\\\/02\\\/WhatsApp-Image-2026-02-12-at-15.52.57.jpeg\",\"contentUrl\":\"https:\\\/\\\/ellotv.com.br\\\/site\\\/wp-content\\\/uploads\\\/2026\\\/02\\\/WhatsApp-Image-2026-02-12-at-15.52.57.jpeg\",\"width\":1600,\"height\":1066},{\"@type\":\"BreadcrumbList\",\"@id\":\"https:\\\/\\\/ellotv.com.br\\\/site\\\/2026\\\/02\\\/12\\\/sao-jose-do-egito-sedia-entrega-inedita-de-sementes-do-programa-terra-plantar-no-pajeu\\\/#breadcrumb\",\"itemListElement\":[{\"@type\":\"ListItem\",\"position\":1,\"name\":\"In\u00edcio\",\"item\":\"https:\\\/\\\/ellotv.com.br\\\/site\\\/\"},{\"@type\":\"ListItem\",\"position\":2,\"name\":\"S\u00e3o Jos\u00e9 do Egito sedia entrega in\u00e9dita de sementes do Programa Terra Plantar no Paje\u00fa\"}]},{\"@type\":\"WebSite\",\"@id\":\"https:\\\/\\\/ellotv.com.br\\\/site\\\/#website\",\"url\":\"https:\\\/\\\/ellotv.com.br\\\/site\\\/\",\"name\":\"ELLO TV\",\"description\":\"\",\"publisher\":{\"@id\":\"https:\\\/\\\/ellotv.com.br\\\/site\\\/#organization\"},\"potentialAction\":[{\"@type\":\"SearchAction\",\"target\":{\"@type\":\"EntryPoint\",\"urlTemplate\":\"https:\\\/\\\/ellotv.com.br\\\/site\\\/?s={search_term_string}\"},\"query-input\":{\"@type\":\"PropertyValueSpecification\",\"valueRequired\":true,\"valueName\":\"search_term_string\"}}],\"inLanguage\":\"pt-BR\"},{\"@type\":\"Organization\",\"@id\":\"https:\\\/\\\/ellotv.com.br\\\/site\\\/#organization\",\"name\":\"ELLO TV\",\"url\":\"https:\\\/\\\/ellotv.com.br\\\/site\\\/\",\"logo\":{\"@type\":\"ImageObject\",\"inLanguage\":\"pt-BR\",\"@id\":\"https:\\\/\\\/ellotv.com.br\\\/site\\\/#\\\/schema\\\/logo\\\/image\\\/\",\"url\":\"https:\\\/\\\/ellotv.com.br\\\/site\\\/wp-content\\\/uploads\\\/2025\\\/11\\\/ello-logo-2.fw_.png\",\"contentUrl\":\"https:\\\/\\\/ellotv.com.br\\\/site\\\/wp-content\\\/uploads\\\/2025\\\/11\\\/ello-logo-2.fw_.png\",\"width\":400,\"height\":146,\"caption\":\"ELLO TV\"},\"image\":{\"@id\":\"https:\\\/\\\/ellotv.com.br\\\/site\\\/#\\\/schema\\\/logo\\\/image\\\/\"}},{\"@type\":\"Person\",\"@id\":\"https:\\\/\\\/ellotv.com.br\\\/site\\\/#\\\/schema\\\/person\\\/2dbe3abaee38dcc7332fc8205cd2b15d\",\"name\":\"ELLO TV\",\"image\":{\"@type\":\"ImageObject\",\"inLanguage\":\"pt-BR\",\"@id\":\"https:\\\/\\\/secure.gravatar.com\\\/avatar\\\/c38242b9da8ec217ac3f0aaee31a54f7d7befb11b2b47fdbc8fb0fad60afa1c6?s=96&d=mm&r=g\",\"url\":\"https:\\\/\\\/secure.gravatar.com\\\/avatar\\\/c38242b9da8ec217ac3f0aaee31a54f7d7befb11b2b47fdbc8fb0fad60afa1c6?s=96&d=mm&r=g\",\"contentUrl\":\"https:\\\/\\\/secure.gravatar.com\\\/avatar\\\/c38242b9da8ec217ac3f0aaee31a54f7d7befb11b2b47fdbc8fb0fad60afa1c6?s=96&d=mm&r=g\",\"caption\":\"ELLO TV\"},\"url\":\"https:\\\/\\\/ellotv.com.br\\\/site\\\/author\\\/elloagencia\\\/\"}]}<\/script>\n<!-- \/ Yoast SEO plugin. -->","yoast_head_json":{"title":"S\u00e3o Jos\u00e9 do Egito sedia entrega in\u00e9dita de sementes do Programa Terra Plantar no Paje\u00fa - Ello TV","description":"S\u00e3o Jos\u00e9 do Egito sedia entrega in\u00e9dita de sementes do Programa Terra Plantar no Paje\u00fa, recebe patrulha de estradas, dessalinizadores e nova coordenadoria do IPA para fortalecer a agricultura familiar.","robots":{"index":"index","follow":"follow","max-snippet":"max-snippet:-1","max-image-preview":"max-image-preview:large","max-video-preview":"max-video-preview:-1"},"canonical":"https:\/\/ellotv.com.br\/site\/2026\/02\/12\/sao-jose-do-egito-sedia-entrega-inedita-de-sementes-do-programa-terra-plantar-no-pajeu\/","og_locale":"pt_BR","og_type":"article","og_title":"S\u00e3o Jos\u00e9 do Egito sedia entrega in\u00e9dita de sementes do Programa Terra Plantar no Paje\u00fa - Ello TV","og_description":"S\u00e3o Jos\u00e9 do Egito sedia entrega in\u00e9dita de sementes do Programa Terra Plantar no Paje\u00fa, recebe patrulha de estradas, dessalinizadores e nova coordenadoria do IPA para fortalecer a agricultura familiar.","og_url":"https:\/\/ellotv.com.br\/site\/2026\/02\/12\/sao-jose-do-egito-sedia-entrega-inedita-de-sementes-do-programa-terra-plantar-no-pajeu\/","og_site_name":"Ello TV","article_published_time":"2026-02-12T19:11:41+00:00","og_image":[{"width":1600,"height":1066,"url":"https:\/\/ellotv.com.br\/site\/wp-content\/uploads\/2026\/02\/WhatsApp-Image-2026-02-12-at-15.52.57.jpeg","type":"image\/jpeg"}],"author":"ELLO TV","twitter_card":"summary_large_image","twitter_misc":{"Escrito por":"ELLO TV","Est. tempo de leitura":"2 minutos"},"schema":{"@context":"https:\/\/schema.org","@graph":[{"@type":"Article","@id":"https:\/\/ellotv.com.br\/site\/2026\/02\/12\/sao-jose-do-egito-sedia-entrega-inedita-de-sementes-do-programa-terra-plantar-no-pajeu\/#article","isPartOf":{"@id":"https:\/\/ellotv.com.br\/site\/2026\/02\/12\/sao-jose-do-egito-sedia-entrega-inedita-de-sementes-do-programa-terra-plantar-no-pajeu\/"},"author":{"name":"ELLO TV","@id":"https:\/\/ellotv.com.br\/site\/#\/schema\/person\/2dbe3abaee38dcc7332fc8205cd2b15d"},"headline":"S\u00e3o Jos\u00e9 do Egito sedia entrega in\u00e9dita de sementes do Programa Terra Plantar no Paje\u00fa","datePublished":"2026-02-12T19:11:41+00:00","mainEntityOfPage":{"@id":"https:\/\/ellotv.com.br\/site\/2026\/02\/12\/sao-jose-do-egito-sedia-entrega-inedita-de-sementes-do-programa-terra-plantar-no-pajeu\/"},"wordCount":374,"commentCount":0,"publisher":{"@id":"https:\/\/ellotv.com.br\/site\/#organization"},"image":{"@id":"https:\/\/ellotv.com.br\/site\/2026\/02\/12\/sao-jose-do-egito-sedia-entrega-inedita-de-sementes-do-programa-terra-plantar-no-pajeu\/#primaryimage"},"thumbnailUrl":"https:\/\/ellotv.com.br\/site\/wp-content\/uploads\/2026\/02\/WhatsApp-Image-2026-02-12-at-15.52.57.jpeg","articleSection":["Noticias","Regional"],"inLanguage":"pt-BR","potentialAction":[{"@type":"CommentAction","name":"Comment","target":["https:\/\/ellotv.com.br\/site\/2026\/02\/12\/sao-jose-do-egito-sedia-entrega-inedita-de-sementes-do-programa-terra-plantar-no-pajeu\/#respond"]}]},{"@type":"WebPage","@id":"https:\/\/ellotv.com.br\/site\/2026\/02\/12\/sao-jose-do-egito-sedia-entrega-inedita-de-sementes-do-programa-terra-plantar-no-pajeu\/","url":"https:\/\/ellotv.com.br\/site\/2026\/02\/12\/sao-jose-do-egito-sedia-entrega-inedita-de-sementes-do-programa-terra-plantar-no-pajeu\/","name":"S\u00e3o Jos\u00e9 do Egito sedia entrega in\u00e9dita de sementes do Programa Terra Plantar no Paje\u00fa - Ello TV","isPartOf":{"@id":"https:\/\/ellotv.com.br\/site\/#website"},"primaryImageOfPage":{"@id":"https:\/\/ellotv.com.br\/site\/2026\/02\/12\/sao-jose-do-egito-sedia-entrega-inedita-de-sementes-do-programa-terra-plantar-no-pajeu\/#primaryimage"},"image":{"@id":"https:\/\/ellotv.com.br\/site\/2026\/02\/12\/sao-jose-do-egito-sedia-entrega-inedita-de-sementes-do-programa-terra-plantar-no-pajeu\/#primaryimage"},"thumbnailUrl":"https:\/\/ellotv.com.br\/site\/wp-content\/uploads\/2026\/02\/WhatsApp-Image-2026-02-12-at-15.52.57.jpeg","datePublished":"2026-02-12T19:11:41+00:00","description":"S\u00e3o Jos\u00e9 do Egito sedia entrega in\u00e9dita de sementes do Programa Terra Plantar no Paje\u00fa, recebe patrulha de estradas, dessalinizadores e nova coordenadoria do IPA para fortalecer a agricultura familiar.","breadcrumb":{"@id":"https:\/\/ellotv.com.br\/site\/2026\/02\/12\/sao-jose-do-egito-sedia-entrega-inedita-de-sementes-do-programa-terra-plantar-no-pajeu\/#breadcrumb"},"inLanguage":"pt-BR","potentialAction":[{"@type":"ReadAction","target":["https:\/\/ellotv.com.br\/site\/2026\/02\/12\/sao-jose-do-egito-sedia-entrega-inedita-de-sementes-do-programa-terra-plantar-no-pajeu\/"]}]},{"@type":"ImageObject","inLanguage":"pt-BR","@id":"https:\/\/ellotv.com.br\/site\/2026\/02\/12\/sao-jose-do-egito-sedia-entrega-inedita-de-sementes-do-programa-terra-plantar-no-pajeu\/#primaryimage","url":"https:\/\/ellotv.com.br\/site\/wp-content\/uploads\/2026\/02\/WhatsApp-Image-2026-02-12-at-15.52.57.jpeg","contentUrl":"https:\/\/ellotv.com.br\/site\/wp-content\/uploads\/2026\/02\/WhatsApp-Image-2026-02-12-at-15.52.57.jpeg","width":1600,"height":1066},{"@type":"BreadcrumbList","@id":"https:\/\/ellotv.com.br\/site\/2026\/02\/12\/sao-jose-do-egito-sedia-entrega-inedita-de-sementes-do-programa-terra-plantar-no-pajeu\/#breadcrumb","itemListElement":[{"@type":"ListItem","position":1,"name":"In\u00edcio","item":"https:\/\/ellotv.com.br\/site\/"},{"@type":"ListItem","position":2,"name":"S\u00e3o Jos\u00e9 do Egito sedia entrega in\u00e9dita de sementes do Programa Terra Plantar no Paje\u00fa"}]},{"@type":"WebSite","@id":"https:\/\/ellotv.com.br\/site\/#website","url":"https:\/\/ellotv.com.br\/site\/","name":"ELLO TV","description":"","publisher":{"@id":"https:\/\/ellotv.com.br\/site\/#organization"},"potentialAction":[{"@type":"SearchAction","target":{"@type":"EntryPoint","urlTemplate":"https:\/\/ellotv.com.br\/site\/?s={search_term_string}"},"query-input":{"@type":"PropertyValueSpecification","valueRequired":true,"valueName":"search_term_string"}}],"inLanguage":"pt-BR"},{"@type":"Organization","@id":"https:\/\/ellotv.com.br\/site\/#organization","name":"ELLO TV","url":"https:\/\/ellotv.com.br\/site\/","logo":{"@type":"ImageObject","inLanguage":"pt-BR","@id":"https:\/\/ellotv.com.br\/site\/#\/schema\/logo\/image\/","url":"https:\/\/ellotv.com.br\/site\/wp-content\/uploads\/2025\/11\/ello-logo-2.fw_.png","contentUrl":"https:\/\/ellotv.com.br\/site\/wp-content\/uploads\/2025\/11\/ello-logo-2.fw_.png","width":400,"height":146,"caption":"ELLO TV"},"image":{"@id":"https:\/\/ellotv.com.br\/site\/#\/schema\/logo\/image\/"}},{"@type":"Person","@id":"https:\/\/ellotv.com.br\/site\/#\/schema\/person\/2dbe3abaee38dcc7332fc8205cd2b15d","name":"ELLO TV","image":{"@type":"ImageObject","inLanguage":"pt-BR","@id":"https:\/\/secure.gravatar.com\/avatar\/c38242b9da8ec217ac3f0aaee31a54f7d7befb11b2b47fdbc8fb0fad60afa1c6?s=96&d=mm&r=g","url":"https:\/\/secure.gravatar.com\/avatar\/c38242b9da8ec217ac3f0aaee31a54f7d7befb11b2b47fdbc8fb0fad60afa1c6?s=96&d=mm&r=g","contentUrl":"https:\/\/secure.gravatar.com\/avatar\/c38242b9da8ec217ac3f0aaee31a54f7d7befb11b2b47fdbc8fb0fad60afa1c6?s=96&d=mm&r=g","caption":"ELLO TV"},"url":"https:\/\/ellotv.com.br\/site\/author\/elloagencia\/"}]}},"featured_image_urls":{"full":["https:\/\/ellotv.com.br\/site\/wp-content\/uploads\/2026\/02\/WhatsApp-Image-2026-02-12-at-15.52.57.jpeg",1600,1066,false],"thumbnail":["https:\/\/ellotv.com.br\/site\/wp-content\/uploads\/2026\/02\/WhatsApp-Image-2026-02-12-at-15.52.57-150x150.jpeg",150,150,true],"medium":["https:\/\/ellotv.com.br\/site\/wp-content\/uploads\/2026\/02\/WhatsApp-Image-2026-02-12-at-15.52.57-300x200.jpeg",300,200,true],"medium_large":["https:\/\/ellotv.com.br\/site\/wp-content\/uploads\/2026\/02\/WhatsApp-Image-2026-02-12-at-15.52.57-768x512.jpeg",640,427,true],"large":["https:\/\/ellotv.com.br\/site\/wp-content\/uploads\/2026\/02\/WhatsApp-Image-2026-02-12-at-15.52.57-1024x682.jpeg",640,426,true],"1536x1536":["https:\/\/ellotv.com.br\/site\/wp-content\/uploads\/2026\/02\/WhatsApp-Image-2026-02-12-at-15.52.57-1536x1023.jpeg",1536,1023,true],"2048x2048":["https:\/\/ellotv.com.br\/site\/wp-content\/uploads\/2026\/02\/WhatsApp-Image-2026-02-12-at-15.52.57.jpeg",1600,1066,false],"darknews-slider-full":["https:\/\/ellotv.com.br\/site\/wp-content\/uploads\/2026\/02\/WhatsApp-Image-2026-02-12-at-15.52.57-1280x720.jpeg",1280,720,true],"darknews-featured":["https:\/\/ellotv.com.br\/site\/wp-content\/uploads\/2026\/02\/WhatsApp-Image-2026-02-12-at-15.52.57-1024x682.jpeg",1024,682,true],"darknews-medium":["https:\/\/ellotv.com.br\/site\/wp-content\/uploads\/2026\/02\/WhatsApp-Image-2026-02-12-at-15.52.57-720x530.jpeg",720,530,true],"darknews-medium-square":["https:\/\/ellotv.com.br\/site\/wp-content\/uploads\/2026\/02\/WhatsApp-Image-2026-02-12-at-15.52.57-350x350.jpeg",350,350,true]},"author_info":{"info":["ELLO TV"]},"category_info":"<a href=\"https:\/\/ellotv.com.br\/site\/category\/noticias\/\" rel=\"category tag\">Noticias<\/a> <a href=\"https:\/\/ellotv.com.br\/site\/category\/regional\/\" rel=\"category tag\">Regional<\/a>","tag_info":"Regional","comment_count":"0","_links":{"self":[{"href":"https:\/\/ellotv.com.br\/site\/wp-json\/wp\/v2\/posts\/4961","targetHints":{"allow":["GET"]}}],"collection":[{"href":"https:\/\/ellotv.com.br\/site\/wp-json\/wp\/v2\/posts"}],"about":[{"href":"https:\/\/ellotv.com.br\/site\/wp-json\/wp\/v2\/types\/post"}],"author":[{"embeddable":true,"href":"https:\/\/ellotv.com.br\/site\/wp-json\/wp\/v2\/users\/2"}],"replies":[{"embeddable":true,"href":"https:\/\/ellotv.com.br\/site\/wp-json\/wp\/v2\/comments?post=4961"}],"version-history":[{"count":3,"href":"https:\/\/ellotv.com.br\/site\/wp-json\/wp\/v2\/posts\/4961\/revisions"}],"predecessor-version":[{"id":4965,"href":"https:\/\/ellotv.com.br\/site\/wp-json\/wp\/v2\/posts\/4961\/revisions\/4965"}],"wp:featuredmedia":[{"embeddable":true,"href":"https:\/\/ellotv.com.br\/site\/wp-json\/wp\/v2\/media\/4962"}],"wp:attachment":[{"href":"https:\/\/ellotv.com.br\/site\/wp-json\/wp\/v2\/media?parent=4961"}],"wp:term":[{"taxonomy":"category","embeddable":true,"href":"https:\/\/ellotv.com.br\/site\/wp-json\/wp\/v2\/categories?post=4961"},{"taxonomy":"post_tag","embeddable":true,"href":"https:\/\/ellotv.com.br\/site\/wp-json\/wp\/v2\/tags?post=4961"}],"curies":[{"name":"wp","href":"https:\/\/api.w.org\/{rel}","templated":true}]}}