{"id":4966,"date":"2026-02-12T17:30:53","date_gmt":"2026-02-12T20:30:53","guid":{"rendered":"https:\/\/ellotv.com.br\/site\/?p=4966"},"modified":"2026-02-12T17:30:53","modified_gmt":"2026-02-12T20:30:53","slug":"em-agenda-na-casa-civil-liderancas-tratam-de-acoes-estrategicas-para-flores-e-o-pajeu","status":"publish","type":"post","link":"https:\/\/ellotv.com.br\/site\/2026\/02\/12\/em-agenda-na-casa-civil-liderancas-tratam-de-acoes-estrategicas-para-flores-e-o-pajeu\/","title":{"rendered":"Em agenda na Casa Civil, lideran\u00e7as tratam de a\u00e7\u00f5es estrat\u00e9gicas para Flores e o Paje\u00fa"},"content":{"rendered":"<h2>Reuni\u00e3o discutiu investimentos, desenvolvimento regional e fortalecimento de pol\u00edticas p\u00fablicas<\/h2>\n<p data-start=\"288\" data-end=\"522\">Representantes do munic\u00edpio de Flores cumpriram agenda na Casa Civil do Governo de Pernambuco para tratar de diversos assuntos considerados priorit\u00e1rios para o munic\u00edpio, al\u00e9m de a\u00e7\u00f5es estrat\u00e9gicas voltadas ao Paje\u00fa e a todo o Estado.<\/p>\n<p data-start=\"524\" data-end=\"868\">O encontro teve como foco o fortalecimento do di\u00e1logo institucional e a constru\u00e7\u00e3o de solu\u00e7\u00f5es que garantam mais desenvolvimento, investimentos e oportunidades para a popula\u00e7\u00e3o. A articula\u00e7\u00e3o refor\u00e7a o compromisso de manter presen\u00e7a ativa junto ao Governo do Estado, buscando encaminhar demandas e acompanhar projetos importantes para a regi\u00e3o.<\/p>\n<p data-start=\"870\" data-end=\"1148\">Ao lado do secret\u00e1rio executivo Igor Cadena, a agenda tamb\u00e9m simbolizou o alinhamento t\u00e9cnico e pol\u00edtico necess\u00e1rio para assegurar avan\u00e7os concretos. A pauta incluiu discuss\u00f5es sobre iniciativas estruturadoras e medidas que impactam diretamente a qualidade de vida da popula\u00e7\u00e3o.<\/p>\n<p data-start=\"1150\" data-end=\"1385\" data-is-last-node=\"\" data-is-only-node=\"\">A mobiliza\u00e7\u00e3o demonstra que Flores, o Paje\u00fa e Pernambuco seguem avan\u00e7ando por meio da uni\u00e3o, do trabalho e do compromisso com os interesses do povo, mantendo o foco na responsabilidade administrativa e na busca por resultados efetivos.<\/p>\n","protected":false},"excerpt":{"rendered":"<p>Reuni\u00e3o discutiu investimentos, desenvolvimento regional e fortalecimento de pol\u00edticas p\u00fablicas Representantes do munic\u00edpio de Flores cumpriram agenda na<\/p>\n","protected":false},"author":2,"featured_media":4967,"comment_status":"open","ping_status":"open","sticky":false,"template":"","format":"standard","meta":{"footnotes":""},"categories":[12,9],"tags":[],"class_list":["post-4966","post","type-post","status-publish","format-standard","has-post-thumbnail","hentry","category-noticias","category-regional"],"yoast_head":"<!-- This site is optimized with the Yoast SEO plugin v28.3 - https:\/\/yoast.com\/product\/yoast-seo-wordpress\/ -->\n<title>Em agenda na Casa Civil, lideran\u00e7as tratam de a\u00e7\u00f5es estrat\u00e9gicas para Flores e o Paje\u00fa - Ello TV<\/title>\n<meta name=\"description\" content=\"Agenda na Casa Civil refor\u00e7a articula\u00e7\u00f5es por investimentos e a\u00e7\u00f5es estrat\u00e9gicas para Flores, o Paje\u00fa e Pernambuco, com foco em desenvolvimento, di\u00e1logo e compromisso com a popula\u00e7\u00e3o.\" \/>\n<meta name=\"robots\" content=\"index, follow, max-snippet:-1, max-image-preview:large, max-video-preview:-1\" \/>\n<link rel=\"canonical\" href=\"https:\/\/ellotv.com.br\/site\/2026\/02\/12\/em-agenda-na-casa-civil-liderancas-tratam-de-acoes-estrategicas-para-flores-e-o-pajeu\/\" \/>\n<meta property=\"og:locale\" content=\"pt_BR\" \/>\n<meta property=\"og:type\" content=\"article\" \/>\n<meta property=\"og:title\" content=\"Em agenda na Casa Civil, lideran\u00e7as tratam de a\u00e7\u00f5es estrat\u00e9gicas para Flores e o Paje\u00fa - Ello TV\" \/>\n<meta property=\"og:description\" content=\"Agenda na Casa Civil refor\u00e7a articula\u00e7\u00f5es por investimentos e a\u00e7\u00f5es estrat\u00e9gicas para Flores, o Paje\u00fa e Pernambuco, com foco em desenvolvimento, di\u00e1logo e compromisso com a popula\u00e7\u00e3o.\" \/>\n<meta property=\"og:url\" content=\"https:\/\/ellotv.com.br\/site\/2026\/02\/12\/em-agenda-na-casa-civil-liderancas-tratam-de-acoes-estrategicas-para-flores-e-o-pajeu\/\" \/>\n<meta property=\"og:site_name\" content=\"Ello TV\" \/>\n<meta property=\"article:published_time\" content=\"2026-02-12T20:30:53+00:00\" \/>\n<meta property=\"og:image\" content=\"https:\/\/ellotv.com.br\/site\/wp-content\/uploads\/2026\/02\/WhatsApp-Image-2026-02-12-at-17.21.16.jpeg\" \/>\n\t<meta property=\"og:image:width\" content=\"870\" \/>\n\t<meta property=\"og:image:height\" content=\"1160\" \/>\n\t<meta property=\"og:image:type\" content=\"image\/jpeg\" \/>\n<meta name=\"author\" content=\"ELLO TV\" \/>\n<meta name=\"twitter:card\" content=\"summary_large_image\" \/>\n<meta name=\"twitter:label1\" content=\"Escrito por\" \/>\n\t<meta name=\"twitter:data1\" content=\"ELLO TV\" \/>\n\t<meta name=\"twitter:label2\" content=\"Est. tempo de leitura\" \/>\n\t<meta name=\"twitter:data2\" content=\"1 minuto\" \/>\n<script type=\"application\/ld+json\" class=\"yoast-schema-graph\">{\"@context\":\"https:\\\/\\\/schema.org\",\"@graph\":[{\"@type\":\"Article\",\"@id\":\"https:\\\/\\\/ellotv.com.br\\\/site\\\/2026\\\/02\\\/12\\\/em-agenda-na-casa-civil-liderancas-tratam-de-acoes-estrategicas-para-flores-e-o-pajeu\\\/#article\",\"isPartOf\":{\"@id\":\"https:\\\/\\\/ellotv.com.br\\\/site\\\/2026\\\/02\\\/12\\\/em-agenda-na-casa-civil-liderancas-tratam-de-acoes-estrategicas-para-flores-e-o-pajeu\\\/\"},\"author\":{\"name\":\"ELLO TV\",\"@id\":\"https:\\\/\\\/ellotv.com.br\\\/site\\\/#\\\/schema\\\/person\\\/2dbe3abaee38dcc7332fc8205cd2b15d\"},\"headline\":\"Em agenda na Casa Civil, lideran\u00e7as tratam de a\u00e7\u00f5es estrat\u00e9gicas para Flores e o Paje\u00fa\",\"datePublished\":\"2026-02-12T20:30:53+00:00\",\"mainEntityOfPage\":{\"@id\":\"https:\\\/\\\/ellotv.com.br\\\/site\\\/2026\\\/02\\\/12\\\/em-agenda-na-casa-civil-liderancas-tratam-de-acoes-estrategicas-para-flores-e-o-pajeu\\\/\"},\"wordCount\":217,\"commentCount\":0,\"publisher\":{\"@id\":\"https:\\\/\\\/ellotv.com.br\\\/site\\\/#organization\"},\"image\":{\"@id\":\"https:\\\/\\\/ellotv.com.br\\\/site\\\/2026\\\/02\\\/12\\\/em-agenda-na-casa-civil-liderancas-tratam-de-acoes-estrategicas-para-flores-e-o-pajeu\\\/#primaryimage\"},\"thumbnailUrl\":\"https:\\\/\\\/ellotv.com.br\\\/site\\\/wp-content\\\/uploads\\\/2026\\\/02\\\/WhatsApp-Image-2026-02-12-at-17.21.16.jpeg\",\"articleSection\":[\"Noticias\",\"Regional\"],\"inLanguage\":\"pt-BR\",\"potentialAction\":[{\"@type\":\"CommentAction\",\"name\":\"Comment\",\"target\":[\"https:\\\/\\\/ellotv.com.br\\\/site\\\/2026\\\/02\\\/12\\\/em-agenda-na-casa-civil-liderancas-tratam-de-acoes-estrategicas-para-flores-e-o-pajeu\\\/#respond\"]}]},{\"@type\":\"WebPage\",\"@id\":\"https:\\\/\\\/ellotv.com.br\\\/site\\\/2026\\\/02\\\/12\\\/em-agenda-na-casa-civil-liderancas-tratam-de-acoes-estrategicas-para-flores-e-o-pajeu\\\/\",\"url\":\"https:\\\/\\\/ellotv.com.br\\\/site\\\/2026\\\/02\\\/12\\\/em-agenda-na-casa-civil-liderancas-tratam-de-acoes-estrategicas-para-flores-e-o-pajeu\\\/\",\"name\":\"Em agenda na Casa Civil, lideran\u00e7as tratam de a\u00e7\u00f5es estrat\u00e9gicas para Flores e o Paje\u00fa - Ello TV\",\"isPartOf\":{\"@id\":\"https:\\\/\\\/ellotv.com.br\\\/site\\\/#website\"},\"primaryImageOfPage\":{\"@id\":\"https:\\\/\\\/ellotv.com.br\\\/site\\\/2026\\\/02\\\/12\\\/em-agenda-na-casa-civil-liderancas-tratam-de-acoes-estrategicas-para-flores-e-o-pajeu\\\/#primaryimage\"},\"image\":{\"@id\":\"https:\\\/\\\/ellotv.com.br\\\/site\\\/2026\\\/02\\\/12\\\/em-agenda-na-casa-civil-liderancas-tratam-de-acoes-estrategicas-para-flores-e-o-pajeu\\\/#primaryimage\"},\"thumbnailUrl\":\"https:\\\/\\\/ellotv.com.br\\\/site\\\/wp-content\\\/uploads\\\/2026\\\/02\\\/WhatsApp-Image-2026-02-12-at-17.21.16.jpeg\",\"datePublished\":\"2026-02-12T20:30:53+00:00\",\"description\":\"Agenda na Casa Civil refor\u00e7a articula\u00e7\u00f5es por investimentos e a\u00e7\u00f5es estrat\u00e9gicas para Flores, o Paje\u00fa e Pernambuco, com foco em desenvolvimento, di\u00e1logo e compromisso com a popula\u00e7\u00e3o.\",\"breadcrumb\":{\"@id\":\"https:\\\/\\\/ellotv.com.br\\\/site\\\/2026\\\/02\\\/12\\\/em-agenda-na-casa-civil-liderancas-tratam-de-acoes-estrategicas-para-flores-e-o-pajeu\\\/#breadcrumb\"},\"inLanguage\":\"pt-BR\",\"potentialAction\":[{\"@type\":\"ReadAction\",\"target\":[\"https:\\\/\\\/ellotv.com.br\\\/site\\\/2026\\\/02\\\/12\\\/em-agenda-na-casa-civil-liderancas-tratam-de-acoes-estrategicas-para-flores-e-o-pajeu\\\/\"]}]},{\"@type\":\"ImageObject\",\"inLanguage\":\"pt-BR\",\"@id\":\"https:\\\/\\\/ellotv.com.br\\\/site\\\/2026\\\/02\\\/12\\\/em-agenda-na-casa-civil-liderancas-tratam-de-acoes-estrategicas-para-flores-e-o-pajeu\\\/#primaryimage\",\"url\":\"https:\\\/\\\/ellotv.com.br\\\/site\\\/wp-content\\\/uploads\\\/2026\\\/02\\\/WhatsApp-Image-2026-02-12-at-17.21.16.jpeg\",\"contentUrl\":\"https:\\\/\\\/ellotv.com.br\\\/site\\\/wp-content\\\/uploads\\\/2026\\\/02\\\/WhatsApp-Image-2026-02-12-at-17.21.16.jpeg\",\"width\":870,\"height\":1160},{\"@type\":\"BreadcrumbList\",\"@id\":\"https:\\\/\\\/ellotv.com.br\\\/site\\\/2026\\\/02\\\/12\\\/em-agenda-na-casa-civil-liderancas-tratam-de-acoes-estrategicas-para-flores-e-o-pajeu\\\/#breadcrumb\",\"itemListElement\":[{\"@type\":\"ListItem\",\"position\":1,\"name\":\"In\u00edcio\",\"item\":\"https:\\\/\\\/ellotv.com.br\\\/site\\\/\"},{\"@type\":\"ListItem\",\"position\":2,\"name\":\"Em agenda na Casa Civil, lideran\u00e7as tratam de a\u00e7\u00f5es estrat\u00e9gicas para Flores e o Paje\u00fa\"}]},{\"@type\":\"WebSite\",\"@id\":\"https:\\\/\\\/ellotv.com.br\\\/site\\\/#website\",\"url\":\"https:\\\/\\\/ellotv.com.br\\\/site\\\/\",\"name\":\"ELLO TV\",\"description\":\"\",\"publisher\":{\"@id\":\"https:\\\/\\\/ellotv.com.br\\\/site\\\/#organization\"},\"potentialAction\":[{\"@type\":\"SearchAction\",\"target\":{\"@type\":\"EntryPoint\",\"urlTemplate\":\"https:\\\/\\\/ellotv.com.br\\\/site\\\/?s={search_term_string}\"},\"query-input\":{\"@type\":\"PropertyValueSpecification\",\"valueRequired\":true,\"valueName\":\"search_term_string\"}}],\"inLanguage\":\"pt-BR\"},{\"@type\":\"Organization\",\"@id\":\"https:\\\/\\\/ellotv.com.br\\\/site\\\/#organization\",\"name\":\"ELLO TV\",\"url\":\"https:\\\/\\\/ellotv.com.br\\\/site\\\/\",\"logo\":{\"@type\":\"ImageObject\",\"inLanguage\":\"pt-BR\",\"@id\":\"https:\\\/\\\/ellotv.com.br\\\/site\\\/#\\\/schema\\\/logo\\\/image\\\/\",\"url\":\"https:\\\/\\\/ellotv.com.br\\\/site\\\/wp-content\\\/uploads\\\/2025\\\/11\\\/ello-logo-2.fw_.png\",\"contentUrl\":\"https:\\\/\\\/ellotv.com.br\\\/site\\\/wp-content\\\/uploads\\\/2025\\\/11\\\/ello-logo-2.fw_.png\",\"width\":400,\"height\":146,\"caption\":\"ELLO TV\"},\"image\":{\"@id\":\"https:\\\/\\\/ellotv.com.br\\\/site\\\/#\\\/schema\\\/logo\\\/image\\\/\"}},{\"@type\":\"Person\",\"@id\":\"https:\\\/\\\/ellotv.com.br\\\/site\\\/#\\\/schema\\\/person\\\/2dbe3abaee38dcc7332fc8205cd2b15d\",\"name\":\"ELLO TV\",\"image\":{\"@type\":\"ImageObject\",\"inLanguage\":\"pt-BR\",\"@id\":\"https:\\\/\\\/secure.gravatar.com\\\/avatar\\\/c38242b9da8ec217ac3f0aaee31a54f7d7befb11b2b47fdbc8fb0fad60afa1c6?s=96&d=mm&r=g\",\"url\":\"https:\\\/\\\/secure.gravatar.com\\\/avatar\\\/c38242b9da8ec217ac3f0aaee31a54f7d7befb11b2b47fdbc8fb0fad60afa1c6?s=96&d=mm&r=g\",\"contentUrl\":\"https:\\\/\\\/secure.gravatar.com\\\/avatar\\\/c38242b9da8ec217ac3f0aaee31a54f7d7befb11b2b47fdbc8fb0fad60afa1c6?s=96&d=mm&r=g\",\"caption\":\"ELLO TV\"},\"url\":\"https:\\\/\\\/ellotv.com.br\\\/site\\\/author\\\/elloagencia\\\/\"}]}<\/script>\n<!-- \/ Yoast SEO plugin. -->","yoast_head_json":{"title":"Em agenda na Casa Civil, lideran\u00e7as tratam de a\u00e7\u00f5es estrat\u00e9gicas para Flores e o Paje\u00fa - Ello TV","description":"Agenda na Casa Civil refor\u00e7a articula\u00e7\u00f5es por investimentos e a\u00e7\u00f5es estrat\u00e9gicas para Flores, o Paje\u00fa e Pernambuco, com foco em desenvolvimento, di\u00e1logo e compromisso com a popula\u00e7\u00e3o.","robots":{"index":"index","follow":"follow","max-snippet":"max-snippet:-1","max-image-preview":"max-image-preview:large","max-video-preview":"max-video-preview:-1"},"canonical":"https:\/\/ellotv.com.br\/site\/2026\/02\/12\/em-agenda-na-casa-civil-liderancas-tratam-de-acoes-estrategicas-para-flores-e-o-pajeu\/","og_locale":"pt_BR","og_type":"article","og_title":"Em agenda na Casa Civil, lideran\u00e7as tratam de a\u00e7\u00f5es estrat\u00e9gicas para Flores e o Paje\u00fa - Ello TV","og_description":"Agenda na Casa Civil refor\u00e7a articula\u00e7\u00f5es por investimentos e a\u00e7\u00f5es estrat\u00e9gicas para Flores, o Paje\u00fa e Pernambuco, com foco em desenvolvimento, di\u00e1logo e compromisso com a popula\u00e7\u00e3o.","og_url":"https:\/\/ellotv.com.br\/site\/2026\/02\/12\/em-agenda-na-casa-civil-liderancas-tratam-de-acoes-estrategicas-para-flores-e-o-pajeu\/","og_site_name":"Ello TV","article_published_time":"2026-02-12T20:30:53+00:00","og_image":[{"width":870,"height":1160,"url":"https:\/\/ellotv.com.br\/site\/wp-content\/uploads\/2026\/02\/WhatsApp-Image-2026-02-12-at-17.21.16.jpeg","type":"image\/jpeg"}],"author":"ELLO TV","twitter_card":"summary_large_image","twitter_misc":{"Escrito por":"ELLO TV","Est. tempo de leitura":"1 minuto"},"schema":{"@context":"https:\/\/schema.org","@graph":[{"@type":"Article","@id":"https:\/\/ellotv.com.br\/site\/2026\/02\/12\/em-agenda-na-casa-civil-liderancas-tratam-de-acoes-estrategicas-para-flores-e-o-pajeu\/#article","isPartOf":{"@id":"https:\/\/ellotv.com.br\/site\/2026\/02\/12\/em-agenda-na-casa-civil-liderancas-tratam-de-acoes-estrategicas-para-flores-e-o-pajeu\/"},"author":{"name":"ELLO TV","@id":"https:\/\/ellotv.com.br\/site\/#\/schema\/person\/2dbe3abaee38dcc7332fc8205cd2b15d"},"headline":"Em agenda na Casa Civil, lideran\u00e7as tratam de a\u00e7\u00f5es estrat\u00e9gicas para Flores e o Paje\u00fa","datePublished":"2026-02-12T20:30:53+00:00","mainEntityOfPage":{"@id":"https:\/\/ellotv.com.br\/site\/2026\/02\/12\/em-agenda-na-casa-civil-liderancas-tratam-de-acoes-estrategicas-para-flores-e-o-pajeu\/"},"wordCount":217,"commentCount":0,"publisher":{"@id":"https:\/\/ellotv.com.br\/site\/#organization"},"image":{"@id":"https:\/\/ellotv.com.br\/site\/2026\/02\/12\/em-agenda-na-casa-civil-liderancas-tratam-de-acoes-estrategicas-para-flores-e-o-pajeu\/#primaryimage"},"thumbnailUrl":"https:\/\/ellotv.com.br\/site\/wp-content\/uploads\/2026\/02\/WhatsApp-Image-2026-02-12-at-17.21.16.jpeg","articleSection":["Noticias","Regional"],"inLanguage":"pt-BR","potentialAction":[{"@type":"CommentAction","name":"Comment","target":["https:\/\/ellotv.com.br\/site\/2026\/02\/12\/em-agenda-na-casa-civil-liderancas-tratam-de-acoes-estrategicas-para-flores-e-o-pajeu\/#respond"]}]},{"@type":"WebPage","@id":"https:\/\/ellotv.com.br\/site\/2026\/02\/12\/em-agenda-na-casa-civil-liderancas-tratam-de-acoes-estrategicas-para-flores-e-o-pajeu\/","url":"https:\/\/ellotv.com.br\/site\/2026\/02\/12\/em-agenda-na-casa-civil-liderancas-tratam-de-acoes-estrategicas-para-flores-e-o-pajeu\/","name":"Em agenda na Casa Civil, lideran\u00e7as tratam de a\u00e7\u00f5es estrat\u00e9gicas para Flores e o Paje\u00fa - Ello TV","isPartOf":{"@id":"https:\/\/ellotv.com.br\/site\/#website"},"primaryImageOfPage":{"@id":"https:\/\/ellotv.com.br\/site\/2026\/02\/12\/em-agenda-na-casa-civil-liderancas-tratam-de-acoes-estrategicas-para-flores-e-o-pajeu\/#primaryimage"},"image":{"@id":"https:\/\/ellotv.com.br\/site\/2026\/02\/12\/em-agenda-na-casa-civil-liderancas-tratam-de-acoes-estrategicas-para-flores-e-o-pajeu\/#primaryimage"},"thumbnailUrl":"https:\/\/ellotv.com.br\/site\/wp-content\/uploads\/2026\/02\/WhatsApp-Image-2026-02-12-at-17.21.16.jpeg","datePublished":"2026-02-12T20:30:53+00:00","description":"Agenda na Casa Civil refor\u00e7a articula\u00e7\u00f5es por investimentos e a\u00e7\u00f5es estrat\u00e9gicas para Flores, o Paje\u00fa e Pernambuco, com foco em desenvolvimento, di\u00e1logo e compromisso com a popula\u00e7\u00e3o.","breadcrumb":{"@id":"https:\/\/ellotv.com.br\/site\/2026\/02\/12\/em-agenda-na-casa-civil-liderancas-tratam-de-acoes-estrategicas-para-flores-e-o-pajeu\/#breadcrumb"},"inLanguage":"pt-BR","potentialAction":[{"@type":"ReadAction","target":["https:\/\/ellotv.com.br\/site\/2026\/02\/12\/em-agenda-na-casa-civil-liderancas-tratam-de-acoes-estrategicas-para-flores-e-o-pajeu\/"]}]},{"@type":"ImageObject","inLanguage":"pt-BR","@id":"https:\/\/ellotv.com.br\/site\/2026\/02\/12\/em-agenda-na-casa-civil-liderancas-tratam-de-acoes-estrategicas-para-flores-e-o-pajeu\/#primaryimage","url":"https:\/\/ellotv.com.br\/site\/wp-content\/uploads\/2026\/02\/WhatsApp-Image-2026-02-12-at-17.21.16.jpeg","contentUrl":"https:\/\/ellotv.com.br\/site\/wp-content\/uploads\/2026\/02\/WhatsApp-Image-2026-02-12-at-17.21.16.jpeg","width":870,"height":1160},{"@type":"BreadcrumbList","@id":"https:\/\/ellotv.com.br\/site\/2026\/02\/12\/em-agenda-na-casa-civil-liderancas-tratam-de-acoes-estrategicas-para-flores-e-o-pajeu\/#breadcrumb","itemListElement":[{"@type":"ListItem","position":1,"name":"In\u00edcio","item":"https:\/\/ellotv.com.br\/site\/"},{"@type":"ListItem","position":2,"name":"Em agenda na Casa Civil, lideran\u00e7as tratam de a\u00e7\u00f5es estrat\u00e9gicas para Flores e o Paje\u00fa"}]},{"@type":"WebSite","@id":"https:\/\/ellotv.com.br\/site\/#website","url":"https:\/\/ellotv.com.br\/site\/","name":"ELLO TV","description":"","publisher":{"@id":"https:\/\/ellotv.com.br\/site\/#organization"},"potentialAction":[{"@type":"SearchAction","target":{"@type":"EntryPoint","urlTemplate":"https:\/\/ellotv.com.br\/site\/?s={search_term_string}"},"query-input":{"@type":"PropertyValueSpecification","valueRequired":true,"valueName":"search_term_string"}}],"inLanguage":"pt-BR"},{"@type":"Organization","@id":"https:\/\/ellotv.com.br\/site\/#organization","name":"ELLO TV","url":"https:\/\/ellotv.com.br\/site\/","logo":{"@type":"ImageObject","inLanguage":"pt-BR","@id":"https:\/\/ellotv.com.br\/site\/#\/schema\/logo\/image\/","url":"https:\/\/ellotv.com.br\/site\/wp-content\/uploads\/2025\/11\/ello-logo-2.fw_.png","contentUrl":"https:\/\/ellotv.com.br\/site\/wp-content\/uploads\/2025\/11\/ello-logo-2.fw_.png","width":400,"height":146,"caption":"ELLO TV"},"image":{"@id":"https:\/\/ellotv.com.br\/site\/#\/schema\/logo\/image\/"}},{"@type":"Person","@id":"https:\/\/ellotv.com.br\/site\/#\/schema\/person\/2dbe3abaee38dcc7332fc8205cd2b15d","name":"ELLO TV","image":{"@type":"ImageObject","inLanguage":"pt-BR","@id":"https:\/\/secure.gravatar.com\/avatar\/c38242b9da8ec217ac3f0aaee31a54f7d7befb11b2b47fdbc8fb0fad60afa1c6?s=96&d=mm&r=g","url":"https:\/\/secure.gravatar.com\/avatar\/c38242b9da8ec217ac3f0aaee31a54f7d7befb11b2b47fdbc8fb0fad60afa1c6?s=96&d=mm&r=g","contentUrl":"https:\/\/secure.gravatar.com\/avatar\/c38242b9da8ec217ac3f0aaee31a54f7d7befb11b2b47fdbc8fb0fad60afa1c6?s=96&d=mm&r=g","caption":"ELLO TV"},"url":"https:\/\/ellotv.com.br\/site\/author\/elloagencia\/"}]}},"featured_image_urls":{"full":["https:\/\/ellotv.com.br\/site\/wp-content\/uploads\/2026\/02\/WhatsApp-Image-2026-02-12-at-17.21.16.jpeg",870,1160,false],"thumbnail":["https:\/\/ellotv.com.br\/site\/wp-content\/uploads\/2026\/02\/WhatsApp-Image-2026-02-12-at-17.21.16-150x150.jpeg",150,150,true],"medium":["https:\/\/ellotv.com.br\/site\/wp-content\/uploads\/2026\/02\/WhatsApp-Image-2026-02-12-at-17.21.16-225x300.jpeg",225,300,true],"medium_large":["https:\/\/ellotv.com.br\/site\/wp-content\/uploads\/2026\/02\/WhatsApp-Image-2026-02-12-at-17.21.16-768x1024.jpeg",640,853,true],"large":["https:\/\/ellotv.com.br\/site\/wp-content\/uploads\/2026\/02\/WhatsApp-Image-2026-02-12-at-17.21.16-768x1024.jpeg",640,853,true],"1536x1536":["https:\/\/ellotv.com.br\/site\/wp-content\/uploads\/2026\/02\/WhatsApp-Image-2026-02-12-at-17.21.16.jpeg",870,1160,false],"2048x2048":["https:\/\/ellotv.com.br\/site\/wp-content\/uploads\/2026\/02\/WhatsApp-Image-2026-02-12-at-17.21.16.jpeg",870,1160,false],"darknews-slider-full":["https:\/\/ellotv.com.br\/site\/wp-content\/uploads\/2026\/02\/WhatsApp-Image-2026-02-12-at-17.21.16-870x720.jpeg",870,720,true],"darknews-featured":["https:\/\/ellotv.com.br\/site\/wp-content\/uploads\/2026\/02\/WhatsApp-Image-2026-02-12-at-17.21.16.jpeg",870,1160,false],"darknews-medium":["https:\/\/ellotv.com.br\/site\/wp-content\/uploads\/2026\/02\/WhatsApp-Image-2026-02-12-at-17.21.16-720x530.jpeg",720,530,true],"darknews-medium-square":["https:\/\/ellotv.com.br\/site\/wp-content\/uploads\/2026\/02\/WhatsApp-Image-2026-02-12-at-17.21.16-350x350.jpeg",350,350,true]},"author_info":{"info":["ELLO TV"]},"category_info":"<a href=\"https:\/\/ellotv.com.br\/site\/category\/noticias\/\" rel=\"category tag\">Noticias<\/a> <a href=\"https:\/\/ellotv.com.br\/site\/category\/regional\/\" rel=\"category tag\">Regional<\/a>","tag_info":"Regional","comment_count":"0","_links":{"self":[{"href":"https:\/\/ellotv.com.br\/site\/wp-json\/wp\/v2\/posts\/4966","targetHints":{"allow":["GET"]}}],"collection":[{"href":"https:\/\/ellotv.com.br\/site\/wp-json\/wp\/v2\/posts"}],"about":[{"href":"https:\/\/ellotv.com.br\/site\/wp-json\/wp\/v2\/types\/post"}],"author":[{"embeddable":true,"href":"https:\/\/ellotv.com.br\/site\/wp-json\/wp\/v2\/users\/2"}],"replies":[{"embeddable":true,"href":"https:\/\/ellotv.com.br\/site\/wp-json\/wp\/v2\/comments?post=4966"}],"version-history":[{"count":1,"href":"https:\/\/ellotv.com.br\/site\/wp-json\/wp\/v2\/posts\/4966\/revisions"}],"predecessor-version":[{"id":4968,"href":"https:\/\/ellotv.com.br\/site\/wp-json\/wp\/v2\/posts\/4966\/revisions\/4968"}],"wp:featuredmedia":[{"embeddable":true,"href":"https:\/\/ellotv.com.br\/site\/wp-json\/wp\/v2\/media\/4967"}],"wp:attachment":[{"href":"https:\/\/ellotv.com.br\/site\/wp-json\/wp\/v2\/media?parent=4966"}],"wp:term":[{"taxonomy":"category","embeddable":true,"href":"https:\/\/ellotv.com.br\/site\/wp-json\/wp\/v2\/categories?post=4966"},{"taxonomy":"post_tag","embeddable":true,"href":"https:\/\/ellotv.com.br\/site\/wp-json\/wp\/v2\/tags?post=4966"}],"curies":[{"name":"wp","href":"https:\/\/api.w.org\/{rel}","templated":true}]}}