{"id":4971,"date":"2026-02-23T08:44:11","date_gmt":"2026-02-23T11:44:11","guid":{"rendered":"https:\/\/ellotv.com.br\/site\/?p=4971"},"modified":"2026-02-23T08:44:11","modified_gmt":"2026-02-23T11:44:11","slug":"brasil-confirma-novo-caso-de-mpox-e-reforca-alerta-para-o-carnaval-2026","status":"publish","type":"post","link":"https:\/\/ellotv.com.br\/site\/2026\/02\/23\/brasil-confirma-novo-caso-de-mpox-e-reforca-alerta-para-o-carnaval-2026\/","title":{"rendered":"Brasil confirma novo caso de Mpox e refor\u00e7a alerta para o Carnaval 2026"},"content":{"rendered":"<h3>Autoridades de sa\u00fade destacam import\u00e2ncia da preven\u00e7\u00e3o diante do aumento da circula\u00e7\u00e3o de pessoas no per\u00edodo festivo<\/h3>\n<p data-start=\"289\" data-end=\"592\">A <span class=\"hover:entity-accent entity-underline inline cursor-pointer align-baseline\"><span class=\"whitespace-normal\">Prefeitura de Porto Alegre<\/span><\/span> confirmou um novo caso de Mpox na capital ga\u00facha e refor\u00e7ou a necessidade de medidas preventivas, especialmente com a proximidade do <span class=\"hover:entity-accent entity-underline inline cursor-pointer align-baseline\"><span class=\"whitespace-normal\">Carnaval<\/span><\/span> 2026, per\u00edodo marcado por grande circula\u00e7\u00e3o de pessoas e contato f\u00edsico em festas e eventos.<\/p>\n<p data-start=\"594\" data-end=\"954\">De acordo com a Vigil\u00e2ncia Epidemiol\u00f3gica, a infec\u00e7\u00e3o foi contra\u00edda fora do munic\u00edpio. Ainda assim, o registro acende um alerta para a import\u00e2ncia da aten\u00e7\u00e3o cont\u00ednua \u00e0 sa\u00fade p\u00fablica. Este n\u00e3o \u00e9 o primeiro caso da doen\u00e7a no pa\u00eds em 2026. Em janeiro, o estado de <span class=\"hover:entity-accent entity-underline inline cursor-pointer align-baseline\"><span class=\"whitespace-normal\">S\u00e3o Paulo<\/span><\/span> confirmou 43 casos de Mpox entre 161 notifica\u00e7\u00f5es suspeitas.<\/p>\n<p data-start=\"956\" data-end=\"1211\">A Mpox \u00e9 causada por um v\u00edrus do mesmo grupo da var\u00edola e \u00e9 transmitida principalmente por contato direto com les\u00f5es na pele, saliva ou secre\u00e7\u00f5es respirat\u00f3rias de pessoas infectadas. O cont\u00e1gio tamb\u00e9m pode ocorrer por meio de contato pr\u00f3ximo e prolongado.<\/p>\n<h3 data-start=\"1213\" data-end=\"1243\">Sintomas e sinais de alerta<\/h3>\n<p data-start=\"1245\" data-end=\"1274\">Os sintomas iniciais incluem:<\/p>\n<ul>\n<li data-start=\"1278\" data-end=\"1285\">Febre<\/li>\n<li data-start=\"1288\" data-end=\"1306\">Dores musculares<\/li>\n<li data-start=\"1309\" data-end=\"1319\">Fraqueza<\/li>\n<li data-start=\"1322\" data-end=\"1354\">Linfonodos (\u00ednguas) aumentados<\/li>\n<\/ul>\n<p data-start=\"1356\" data-end=\"1450\">Esses sinais podem surgir antes do aparecimento das les\u00f5es cut\u00e2neas caracter\u00edsticas da doen\u00e7a.<\/p>\n<h3 data-start=\"1452\" data-end=\"1484\">Recomenda\u00e7\u00f5es das autoridades<\/h3>\n<p data-start=\"1486\" data-end=\"1535\">As autoridades de sa\u00fade orientam que a popula\u00e7\u00e3o:<\/p>\n<ul>\n<li data-start=\"1539\" data-end=\"1574\">Observe sinais precoces da doen\u00e7a<\/li>\n<li data-start=\"1577\" data-end=\"1643\">Evite contato f\u00edsico pr\u00f3ximo com pessoas que apresentem sintomas<\/li>\n<li data-start=\"1646\" data-end=\"1718\">Mantenha h\u00e1bitos b\u00e1sicos de higiene, como a lavagem frequente das m\u00e3os<\/li>\n<\/ul>\n<p data-start=\"1720\" data-end=\"1903\">Em 2025, <span class=\"hover:entity-accent entity-underline inline cursor-pointer align-baseline\"><span class=\"whitespace-normal\">Porto Alegre<\/span><\/span> registrou 11 casos de Mpox, o que refor\u00e7a a necessidade de vigil\u00e2ncia constante e conscientiza\u00e7\u00e3o sobre os riscos e formas de preven\u00e7\u00e3o.<\/p>\n<p data-start=\"1905\" data-end=\"2042\">Com a proximidade do Carnaval, a recomenda\u00e7\u00e3o \u00e9 redobrar os cuidados para garantir que a festa aconte\u00e7a com seguran\u00e7a e responsabilidade.<\/p>\n<p data-start=\"2044\" data-end=\"2069\"><strong data-start=\"2044\" data-end=\"2054\">Fonte:<\/strong> Bacci Not\u00edcias<\/p>\n","protected":false},"excerpt":{"rendered":"<p>Autoridades de sa\u00fade destacam import\u00e2ncia da preven\u00e7\u00e3o diante do aumento da circula\u00e7\u00e3o de pessoas no per\u00edodo festivo A<\/p>\n","protected":false},"author":2,"featured_media":4972,"comment_status":"open","ping_status":"open","sticky":false,"template":"","format":"standard","meta":{"footnotes":""},"categories":[8,12],"tags":[],"class_list":["post-4971","post","type-post","status-publish","format-standard","has-post-thumbnail","hentry","category-brasil","category-noticias"],"yoast_head":"<!-- This site is optimized with the Yoast SEO plugin v28.3 - https:\/\/yoast.com\/product\/yoast-seo-wordpress\/ -->\n<title>Brasil confirma novo caso de Mpox e refor\u00e7a alerta para o Carnaval 2026 - Ello TV<\/title>\n<meta name=\"description\" content=\"Novo caso de Mpox \u00e9 confirmado no Brasil e autoridades refor\u00e7am alerta para preven\u00e7\u00e3o durante o Carnaval 2026, destacando sintomas, riscos e cuidados essenciais.\" \/>\n<meta name=\"robots\" content=\"index, follow, max-snippet:-1, max-image-preview:large, max-video-preview:-1\" \/>\n<link rel=\"canonical\" href=\"https:\/\/ellotv.com.br\/site\/2026\/02\/23\/brasil-confirma-novo-caso-de-mpox-e-reforca-alerta-para-o-carnaval-2026\/\" \/>\n<meta property=\"og:locale\" content=\"pt_BR\" \/>\n<meta property=\"og:type\" content=\"article\" \/>\n<meta property=\"og:title\" content=\"Brasil confirma novo caso de Mpox e refor\u00e7a alerta para o Carnaval 2026 - Ello TV\" \/>\n<meta property=\"og:description\" content=\"Novo caso de Mpox \u00e9 confirmado no Brasil e autoridades refor\u00e7am alerta para preven\u00e7\u00e3o durante o Carnaval 2026, destacando sintomas, riscos e cuidados essenciais.\" \/>\n<meta property=\"og:url\" content=\"https:\/\/ellotv.com.br\/site\/2026\/02\/23\/brasil-confirma-novo-caso-de-mpox-e-reforca-alerta-para-o-carnaval-2026\/\" \/>\n<meta property=\"og:site_name\" content=\"Ello TV\" \/>\n<meta property=\"article:published_time\" content=\"2026-02-23T11:44:11+00:00\" \/>\n<meta property=\"og:image\" content=\"https:\/\/ellotv.com.br\/site\/wp-content\/uploads\/2026\/02\/WhatsApp-Image-2026-02-17-at-15.21.54.jpeg\" \/>\n\t<meta property=\"og:image:width\" content=\"1290\" \/>\n\t<meta property=\"og:image:height\" content=\"1087\" \/>\n\t<meta property=\"og:image:type\" content=\"image\/jpeg\" \/>\n<meta name=\"author\" content=\"ELLO TV\" \/>\n<meta name=\"twitter:card\" content=\"summary_large_image\" \/>\n<meta name=\"twitter:label1\" content=\"Escrito por\" \/>\n\t<meta name=\"twitter:data1\" content=\"ELLO TV\" \/>\n\t<meta name=\"twitter:label2\" content=\"Est. tempo de leitura\" \/>\n\t<meta name=\"twitter:data2\" content=\"2 minutos\" \/>\n<script type=\"application\/ld+json\" class=\"yoast-schema-graph\">{\"@context\":\"https:\\\/\\\/schema.org\",\"@graph\":[{\"@type\":\"Article\",\"@id\":\"https:\\\/\\\/ellotv.com.br\\\/site\\\/2026\\\/02\\\/23\\\/brasil-confirma-novo-caso-de-mpox-e-reforca-alerta-para-o-carnaval-2026\\\/#article\",\"isPartOf\":{\"@id\":\"https:\\\/\\\/ellotv.com.br\\\/site\\\/2026\\\/02\\\/23\\\/brasil-confirma-novo-caso-de-mpox-e-reforca-alerta-para-o-carnaval-2026\\\/\"},\"author\":{\"name\":\"ELLO TV\",\"@id\":\"https:\\\/\\\/ellotv.com.br\\\/site\\\/#\\\/schema\\\/person\\\/2dbe3abaee38dcc7332fc8205cd2b15d\"},\"headline\":\"Brasil confirma novo caso de Mpox e refor\u00e7a alerta para o Carnaval 2026\",\"datePublished\":\"2026-02-23T11:44:11+00:00\",\"mainEntityOfPage\":{\"@id\":\"https:\\\/\\\/ellotv.com.br\\\/site\\\/2026\\\/02\\\/23\\\/brasil-confirma-novo-caso-de-mpox-e-reforca-alerta-para-o-carnaval-2026\\\/\"},\"wordCount\":329,\"commentCount\":0,\"publisher\":{\"@id\":\"https:\\\/\\\/ellotv.com.br\\\/site\\\/#organization\"},\"image\":{\"@id\":\"https:\\\/\\\/ellotv.com.br\\\/site\\\/2026\\\/02\\\/23\\\/brasil-confirma-novo-caso-de-mpox-e-reforca-alerta-para-o-carnaval-2026\\\/#primaryimage\"},\"thumbnailUrl\":\"https:\\\/\\\/ellotv.com.br\\\/site\\\/wp-content\\\/uploads\\\/2026\\\/02\\\/WhatsApp-Image-2026-02-17-at-15.21.54.jpeg\",\"articleSection\":[\"Brasil\",\"Noticias\"],\"inLanguage\":\"pt-BR\",\"potentialAction\":[{\"@type\":\"CommentAction\",\"name\":\"Comment\",\"target\":[\"https:\\\/\\\/ellotv.com.br\\\/site\\\/2026\\\/02\\\/23\\\/brasil-confirma-novo-caso-de-mpox-e-reforca-alerta-para-o-carnaval-2026\\\/#respond\"]}]},{\"@type\":\"WebPage\",\"@id\":\"https:\\\/\\\/ellotv.com.br\\\/site\\\/2026\\\/02\\\/23\\\/brasil-confirma-novo-caso-de-mpox-e-reforca-alerta-para-o-carnaval-2026\\\/\",\"url\":\"https:\\\/\\\/ellotv.com.br\\\/site\\\/2026\\\/02\\\/23\\\/brasil-confirma-novo-caso-de-mpox-e-reforca-alerta-para-o-carnaval-2026\\\/\",\"name\":\"Brasil confirma novo caso de Mpox e refor\u00e7a alerta para o Carnaval 2026 - Ello TV\",\"isPartOf\":{\"@id\":\"https:\\\/\\\/ellotv.com.br\\\/site\\\/#website\"},\"primaryImageOfPage\":{\"@id\":\"https:\\\/\\\/ellotv.com.br\\\/site\\\/2026\\\/02\\\/23\\\/brasil-confirma-novo-caso-de-mpox-e-reforca-alerta-para-o-carnaval-2026\\\/#primaryimage\"},\"image\":{\"@id\":\"https:\\\/\\\/ellotv.com.br\\\/site\\\/2026\\\/02\\\/23\\\/brasil-confirma-novo-caso-de-mpox-e-reforca-alerta-para-o-carnaval-2026\\\/#primaryimage\"},\"thumbnailUrl\":\"https:\\\/\\\/ellotv.com.br\\\/site\\\/wp-content\\\/uploads\\\/2026\\\/02\\\/WhatsApp-Image-2026-02-17-at-15.21.54.jpeg\",\"datePublished\":\"2026-02-23T11:44:11+00:00\",\"description\":\"Novo caso de Mpox \u00e9 confirmado no Brasil e autoridades refor\u00e7am alerta para preven\u00e7\u00e3o durante o Carnaval 2026, destacando sintomas, riscos e cuidados essenciais.\",\"breadcrumb\":{\"@id\":\"https:\\\/\\\/ellotv.com.br\\\/site\\\/2026\\\/02\\\/23\\\/brasil-confirma-novo-caso-de-mpox-e-reforca-alerta-para-o-carnaval-2026\\\/#breadcrumb\"},\"inLanguage\":\"pt-BR\",\"potentialAction\":[{\"@type\":\"ReadAction\",\"target\":[\"https:\\\/\\\/ellotv.com.br\\\/site\\\/2026\\\/02\\\/23\\\/brasil-confirma-novo-caso-de-mpox-e-reforca-alerta-para-o-carnaval-2026\\\/\"]}]},{\"@type\":\"ImageObject\",\"inLanguage\":\"pt-BR\",\"@id\":\"https:\\\/\\\/ellotv.com.br\\\/site\\\/2026\\\/02\\\/23\\\/brasil-confirma-novo-caso-de-mpox-e-reforca-alerta-para-o-carnaval-2026\\\/#primaryimage\",\"url\":\"https:\\\/\\\/ellotv.com.br\\\/site\\\/wp-content\\\/uploads\\\/2026\\\/02\\\/WhatsApp-Image-2026-02-17-at-15.21.54.jpeg\",\"contentUrl\":\"https:\\\/\\\/ellotv.com.br\\\/site\\\/wp-content\\\/uploads\\\/2026\\\/02\\\/WhatsApp-Image-2026-02-17-at-15.21.54.jpeg\",\"width\":1290,\"height\":1087},{\"@type\":\"BreadcrumbList\",\"@id\":\"https:\\\/\\\/ellotv.com.br\\\/site\\\/2026\\\/02\\\/23\\\/brasil-confirma-novo-caso-de-mpox-e-reforca-alerta-para-o-carnaval-2026\\\/#breadcrumb\",\"itemListElement\":[{\"@type\":\"ListItem\",\"position\":1,\"name\":\"In\u00edcio\",\"item\":\"https:\\\/\\\/ellotv.com.br\\\/site\\\/\"},{\"@type\":\"ListItem\",\"position\":2,\"name\":\"Brasil confirma novo caso de Mpox e refor\u00e7a alerta para o Carnaval 2026\"}]},{\"@type\":\"WebSite\",\"@id\":\"https:\\\/\\\/ellotv.com.br\\\/site\\\/#website\",\"url\":\"https:\\\/\\\/ellotv.com.br\\\/site\\\/\",\"name\":\"ELLO TV\",\"description\":\"\",\"publisher\":{\"@id\":\"https:\\\/\\\/ellotv.com.br\\\/site\\\/#organization\"},\"potentialAction\":[{\"@type\":\"SearchAction\",\"target\":{\"@type\":\"EntryPoint\",\"urlTemplate\":\"https:\\\/\\\/ellotv.com.br\\\/site\\\/?s={search_term_string}\"},\"query-input\":{\"@type\":\"PropertyValueSpecification\",\"valueRequired\":true,\"valueName\":\"search_term_string\"}}],\"inLanguage\":\"pt-BR\"},{\"@type\":\"Organization\",\"@id\":\"https:\\\/\\\/ellotv.com.br\\\/site\\\/#organization\",\"name\":\"ELLO TV\",\"url\":\"https:\\\/\\\/ellotv.com.br\\\/site\\\/\",\"logo\":{\"@type\":\"ImageObject\",\"inLanguage\":\"pt-BR\",\"@id\":\"https:\\\/\\\/ellotv.com.br\\\/site\\\/#\\\/schema\\\/logo\\\/image\\\/\",\"url\":\"https:\\\/\\\/ellotv.com.br\\\/site\\\/wp-content\\\/uploads\\\/2025\\\/11\\\/ello-logo-2.fw_.png\",\"contentUrl\":\"https:\\\/\\\/ellotv.com.br\\\/site\\\/wp-content\\\/uploads\\\/2025\\\/11\\\/ello-logo-2.fw_.png\",\"width\":400,\"height\":146,\"caption\":\"ELLO TV\"},\"image\":{\"@id\":\"https:\\\/\\\/ellotv.com.br\\\/site\\\/#\\\/schema\\\/logo\\\/image\\\/\"}},{\"@type\":\"Person\",\"@id\":\"https:\\\/\\\/ellotv.com.br\\\/site\\\/#\\\/schema\\\/person\\\/2dbe3abaee38dcc7332fc8205cd2b15d\",\"name\":\"ELLO TV\",\"image\":{\"@type\":\"ImageObject\",\"inLanguage\":\"pt-BR\",\"@id\":\"https:\\\/\\\/secure.gravatar.com\\\/avatar\\\/c38242b9da8ec217ac3f0aaee31a54f7d7befb11b2b47fdbc8fb0fad60afa1c6?s=96&d=mm&r=g\",\"url\":\"https:\\\/\\\/secure.gravatar.com\\\/avatar\\\/c38242b9da8ec217ac3f0aaee31a54f7d7befb11b2b47fdbc8fb0fad60afa1c6?s=96&d=mm&r=g\",\"contentUrl\":\"https:\\\/\\\/secure.gravatar.com\\\/avatar\\\/c38242b9da8ec217ac3f0aaee31a54f7d7befb11b2b47fdbc8fb0fad60afa1c6?s=96&d=mm&r=g\",\"caption\":\"ELLO TV\"},\"url\":\"https:\\\/\\\/ellotv.com.br\\\/site\\\/author\\\/elloagencia\\\/\"}]}<\/script>\n<!-- \/ Yoast SEO plugin. -->","yoast_head_json":{"title":"Brasil confirma novo caso de Mpox e refor\u00e7a alerta para o Carnaval 2026 - Ello TV","description":"Novo caso de Mpox \u00e9 confirmado no Brasil e autoridades refor\u00e7am alerta para preven\u00e7\u00e3o durante o Carnaval 2026, destacando sintomas, riscos e cuidados essenciais.","robots":{"index":"index","follow":"follow","max-snippet":"max-snippet:-1","max-image-preview":"max-image-preview:large","max-video-preview":"max-video-preview:-1"},"canonical":"https:\/\/ellotv.com.br\/site\/2026\/02\/23\/brasil-confirma-novo-caso-de-mpox-e-reforca-alerta-para-o-carnaval-2026\/","og_locale":"pt_BR","og_type":"article","og_title":"Brasil confirma novo caso de Mpox e refor\u00e7a alerta para o Carnaval 2026 - Ello TV","og_description":"Novo caso de Mpox \u00e9 confirmado no Brasil e autoridades refor\u00e7am alerta para preven\u00e7\u00e3o durante o Carnaval 2026, destacando sintomas, riscos e cuidados essenciais.","og_url":"https:\/\/ellotv.com.br\/site\/2026\/02\/23\/brasil-confirma-novo-caso-de-mpox-e-reforca-alerta-para-o-carnaval-2026\/","og_site_name":"Ello TV","article_published_time":"2026-02-23T11:44:11+00:00","og_image":[{"width":1290,"height":1087,"url":"https:\/\/ellotv.com.br\/site\/wp-content\/uploads\/2026\/02\/WhatsApp-Image-2026-02-17-at-15.21.54.jpeg","type":"image\/jpeg"}],"author":"ELLO TV","twitter_card":"summary_large_image","twitter_misc":{"Escrito por":"ELLO TV","Est. tempo de leitura":"2 minutos"},"schema":{"@context":"https:\/\/schema.org","@graph":[{"@type":"Article","@id":"https:\/\/ellotv.com.br\/site\/2026\/02\/23\/brasil-confirma-novo-caso-de-mpox-e-reforca-alerta-para-o-carnaval-2026\/#article","isPartOf":{"@id":"https:\/\/ellotv.com.br\/site\/2026\/02\/23\/brasil-confirma-novo-caso-de-mpox-e-reforca-alerta-para-o-carnaval-2026\/"},"author":{"name":"ELLO TV","@id":"https:\/\/ellotv.com.br\/site\/#\/schema\/person\/2dbe3abaee38dcc7332fc8205cd2b15d"},"headline":"Brasil confirma novo caso de Mpox e refor\u00e7a alerta para o Carnaval 2026","datePublished":"2026-02-23T11:44:11+00:00","mainEntityOfPage":{"@id":"https:\/\/ellotv.com.br\/site\/2026\/02\/23\/brasil-confirma-novo-caso-de-mpox-e-reforca-alerta-para-o-carnaval-2026\/"},"wordCount":329,"commentCount":0,"publisher":{"@id":"https:\/\/ellotv.com.br\/site\/#organization"},"image":{"@id":"https:\/\/ellotv.com.br\/site\/2026\/02\/23\/brasil-confirma-novo-caso-de-mpox-e-reforca-alerta-para-o-carnaval-2026\/#primaryimage"},"thumbnailUrl":"https:\/\/ellotv.com.br\/site\/wp-content\/uploads\/2026\/02\/WhatsApp-Image-2026-02-17-at-15.21.54.jpeg","articleSection":["Brasil","Noticias"],"inLanguage":"pt-BR","potentialAction":[{"@type":"CommentAction","name":"Comment","target":["https:\/\/ellotv.com.br\/site\/2026\/02\/23\/brasil-confirma-novo-caso-de-mpox-e-reforca-alerta-para-o-carnaval-2026\/#respond"]}]},{"@type":"WebPage","@id":"https:\/\/ellotv.com.br\/site\/2026\/02\/23\/brasil-confirma-novo-caso-de-mpox-e-reforca-alerta-para-o-carnaval-2026\/","url":"https:\/\/ellotv.com.br\/site\/2026\/02\/23\/brasil-confirma-novo-caso-de-mpox-e-reforca-alerta-para-o-carnaval-2026\/","name":"Brasil confirma novo caso de Mpox e refor\u00e7a alerta para o Carnaval 2026 - Ello TV","isPartOf":{"@id":"https:\/\/ellotv.com.br\/site\/#website"},"primaryImageOfPage":{"@id":"https:\/\/ellotv.com.br\/site\/2026\/02\/23\/brasil-confirma-novo-caso-de-mpox-e-reforca-alerta-para-o-carnaval-2026\/#primaryimage"},"image":{"@id":"https:\/\/ellotv.com.br\/site\/2026\/02\/23\/brasil-confirma-novo-caso-de-mpox-e-reforca-alerta-para-o-carnaval-2026\/#primaryimage"},"thumbnailUrl":"https:\/\/ellotv.com.br\/site\/wp-content\/uploads\/2026\/02\/WhatsApp-Image-2026-02-17-at-15.21.54.jpeg","datePublished":"2026-02-23T11:44:11+00:00","description":"Novo caso de Mpox \u00e9 confirmado no Brasil e autoridades refor\u00e7am alerta para preven\u00e7\u00e3o durante o Carnaval 2026, destacando sintomas, riscos e cuidados essenciais.","breadcrumb":{"@id":"https:\/\/ellotv.com.br\/site\/2026\/02\/23\/brasil-confirma-novo-caso-de-mpox-e-reforca-alerta-para-o-carnaval-2026\/#breadcrumb"},"inLanguage":"pt-BR","potentialAction":[{"@type":"ReadAction","target":["https:\/\/ellotv.com.br\/site\/2026\/02\/23\/brasil-confirma-novo-caso-de-mpox-e-reforca-alerta-para-o-carnaval-2026\/"]}]},{"@type":"ImageObject","inLanguage":"pt-BR","@id":"https:\/\/ellotv.com.br\/site\/2026\/02\/23\/brasil-confirma-novo-caso-de-mpox-e-reforca-alerta-para-o-carnaval-2026\/#primaryimage","url":"https:\/\/ellotv.com.br\/site\/wp-content\/uploads\/2026\/02\/WhatsApp-Image-2026-02-17-at-15.21.54.jpeg","contentUrl":"https:\/\/ellotv.com.br\/site\/wp-content\/uploads\/2026\/02\/WhatsApp-Image-2026-02-17-at-15.21.54.jpeg","width":1290,"height":1087},{"@type":"BreadcrumbList","@id":"https:\/\/ellotv.com.br\/site\/2026\/02\/23\/brasil-confirma-novo-caso-de-mpox-e-reforca-alerta-para-o-carnaval-2026\/#breadcrumb","itemListElement":[{"@type":"ListItem","position":1,"name":"In\u00edcio","item":"https:\/\/ellotv.com.br\/site\/"},{"@type":"ListItem","position":2,"name":"Brasil confirma novo caso de Mpox e refor\u00e7a alerta para o Carnaval 2026"}]},{"@type":"WebSite","@id":"https:\/\/ellotv.com.br\/site\/#website","url":"https:\/\/ellotv.com.br\/site\/","name":"ELLO TV","description":"","publisher":{"@id":"https:\/\/ellotv.com.br\/site\/#organization"},"potentialAction":[{"@type":"SearchAction","target":{"@type":"EntryPoint","urlTemplate":"https:\/\/ellotv.com.br\/site\/?s={search_term_string}"},"query-input":{"@type":"PropertyValueSpecification","valueRequired":true,"valueName":"search_term_string"}}],"inLanguage":"pt-BR"},{"@type":"Organization","@id":"https:\/\/ellotv.com.br\/site\/#organization","name":"ELLO TV","url":"https:\/\/ellotv.com.br\/site\/","logo":{"@type":"ImageObject","inLanguage":"pt-BR","@id":"https:\/\/ellotv.com.br\/site\/#\/schema\/logo\/image\/","url":"https:\/\/ellotv.com.br\/site\/wp-content\/uploads\/2025\/11\/ello-logo-2.fw_.png","contentUrl":"https:\/\/ellotv.com.br\/site\/wp-content\/uploads\/2025\/11\/ello-logo-2.fw_.png","width":400,"height":146,"caption":"ELLO TV"},"image":{"@id":"https:\/\/ellotv.com.br\/site\/#\/schema\/logo\/image\/"}},{"@type":"Person","@id":"https:\/\/ellotv.com.br\/site\/#\/schema\/person\/2dbe3abaee38dcc7332fc8205cd2b15d","name":"ELLO TV","image":{"@type":"ImageObject","inLanguage":"pt-BR","@id":"https:\/\/secure.gravatar.com\/avatar\/c38242b9da8ec217ac3f0aaee31a54f7d7befb11b2b47fdbc8fb0fad60afa1c6?s=96&d=mm&r=g","url":"https:\/\/secure.gravatar.com\/avatar\/c38242b9da8ec217ac3f0aaee31a54f7d7befb11b2b47fdbc8fb0fad60afa1c6?s=96&d=mm&r=g","contentUrl":"https:\/\/secure.gravatar.com\/avatar\/c38242b9da8ec217ac3f0aaee31a54f7d7befb11b2b47fdbc8fb0fad60afa1c6?s=96&d=mm&r=g","caption":"ELLO TV"},"url":"https:\/\/ellotv.com.br\/site\/author\/elloagencia\/"}]}},"featured_image_urls":{"full":["https:\/\/ellotv.com.br\/site\/wp-content\/uploads\/2026\/02\/WhatsApp-Image-2026-02-17-at-15.21.54.jpeg",1290,1087,false],"thumbnail":["https:\/\/ellotv.com.br\/site\/wp-content\/uploads\/2026\/02\/WhatsApp-Image-2026-02-17-at-15.21.54-150x150.jpeg",150,150,true],"medium":["https:\/\/ellotv.com.br\/site\/wp-content\/uploads\/2026\/02\/WhatsApp-Image-2026-02-17-at-15.21.54-300x253.jpeg",300,253,true],"medium_large":["https:\/\/ellotv.com.br\/site\/wp-content\/uploads\/2026\/02\/WhatsApp-Image-2026-02-17-at-15.21.54-768x647.jpeg",640,539,true],"large":["https:\/\/ellotv.com.br\/site\/wp-content\/uploads\/2026\/02\/WhatsApp-Image-2026-02-17-at-15.21.54-1024x863.jpeg",640,539,true],"1536x1536":["https:\/\/ellotv.com.br\/site\/wp-content\/uploads\/2026\/02\/WhatsApp-Image-2026-02-17-at-15.21.54.jpeg",1290,1087,false],"2048x2048":["https:\/\/ellotv.com.br\/site\/wp-content\/uploads\/2026\/02\/WhatsApp-Image-2026-02-17-at-15.21.54.jpeg",1290,1087,false],"darknews-slider-full":["https:\/\/ellotv.com.br\/site\/wp-content\/uploads\/2026\/02\/WhatsApp-Image-2026-02-17-at-15.21.54-1280x720.jpeg",1280,720,true],"darknews-featured":["https:\/\/ellotv.com.br\/site\/wp-content\/uploads\/2026\/02\/WhatsApp-Image-2026-02-17-at-15.21.54-1024x863.jpeg",1024,863,true],"darknews-medium":["https:\/\/ellotv.com.br\/site\/wp-content\/uploads\/2026\/02\/WhatsApp-Image-2026-02-17-at-15.21.54-720x530.jpeg",720,530,true],"darknews-medium-square":["https:\/\/ellotv.com.br\/site\/wp-content\/uploads\/2026\/02\/WhatsApp-Image-2026-02-17-at-15.21.54-350x350.jpeg",350,350,true]},"author_info":{"info":["ELLO TV"]},"category_info":"<a href=\"https:\/\/ellotv.com.br\/site\/category\/brasil\/\" rel=\"category tag\">Brasil<\/a> <a href=\"https:\/\/ellotv.com.br\/site\/category\/noticias\/\" rel=\"category tag\">Noticias<\/a>","tag_info":"Noticias","comment_count":"0","_links":{"self":[{"href":"https:\/\/ellotv.com.br\/site\/wp-json\/wp\/v2\/posts\/4971","targetHints":{"allow":["GET"]}}],"collection":[{"href":"https:\/\/ellotv.com.br\/site\/wp-json\/wp\/v2\/posts"}],"about":[{"href":"https:\/\/ellotv.com.br\/site\/wp-json\/wp\/v2\/types\/post"}],"author":[{"embeddable":true,"href":"https:\/\/ellotv.com.br\/site\/wp-json\/wp\/v2\/users\/2"}],"replies":[{"embeddable":true,"href":"https:\/\/ellotv.com.br\/site\/wp-json\/wp\/v2\/comments?post=4971"}],"version-history":[{"count":2,"href":"https:\/\/ellotv.com.br\/site\/wp-json\/wp\/v2\/posts\/4971\/revisions"}],"predecessor-version":[{"id":4974,"href":"https:\/\/ellotv.com.br\/site\/wp-json\/wp\/v2\/posts\/4971\/revisions\/4974"}],"wp:featuredmedia":[{"embeddable":true,"href":"https:\/\/ellotv.com.br\/site\/wp-json\/wp\/v2\/media\/4972"}],"wp:attachment":[{"href":"https:\/\/ellotv.com.br\/site\/wp-json\/wp\/v2\/media?parent=4971"}],"wp:term":[{"taxonomy":"category","embeddable":true,"href":"https:\/\/ellotv.com.br\/site\/wp-json\/wp\/v2\/categories?post=4971"},{"taxonomy":"post_tag","embeddable":true,"href":"https:\/\/ellotv.com.br\/site\/wp-json\/wp\/v2\/tags?post=4971"}],"curies":[{"name":"wp","href":"https:\/\/api.w.org\/{rel}","templated":true}]}}