{"id":4975,"date":"2026-02-23T09:00:55","date_gmt":"2026-02-23T12:00:55","guid":{"rendered":"https:\/\/ellotv.com.br\/site\/?p=4975"},"modified":"2026-02-23T09:00:55","modified_gmt":"2026-02-23T12:00:55","slug":"guarda-municipal-de-tabira-e-destaque-entre-as-mais-equipadas-e-atuantes-do-estado","status":"publish","type":"post","link":"https:\/\/ellotv.com.br\/site\/2026\/02\/23\/guarda-municipal-de-tabira-e-destaque-entre-as-mais-equipadas-e-atuantes-do-estado\/","title":{"rendered":"Guarda Municipal de Tabira \u00e9 destaque entre as mais equipadas e atuantes do estado"},"content":{"rendered":"<p data-start=\"88\" data-end=\"281\">A <span class=\"hover:entity-accent entity-underline inline cursor-pointer align-baseline\"><span class=\"whitespace-normal\">Guarda Municipal de Tabira<\/span><\/span> segue se destacando como uma das mais equipadas e atuantes de Pernambuco, resultado de investimentos em tecnologia, estrutura e planejamento estrat\u00e9gico.<\/p>\n<p data-start=\"283\" data-end=\"488\">Com mais de 30 integrantes, a corpora\u00e7\u00e3o conta com viaturas, drone para monitoramento a\u00e9reo e um moderno trailer equipado com sistema de videomonitoramento, fortalecendo as a\u00e7\u00f5es de seguran\u00e7a no munic\u00edpio.<\/p>\n<p data-start=\"490\" data-end=\"794\">Durante o Carnaval, o trailer desempenhou papel fundamental na estrat\u00e9gia de seguran\u00e7a. Com diversas c\u00e2meras instaladas em pontos estrat\u00e9gicos da festa, foi poss\u00edvel acompanhar em tempo real toda a movimenta\u00e7\u00e3o dos foli\u00f5es, garantindo mais controle, organiza\u00e7\u00e3o e agilidade no atendimento de ocorr\u00eancias.<\/p>\n<p data-start=\"796\" data-end=\"942\">O uso do drone tamb\u00e9m contribuiu significativamente, oferecendo uma vis\u00e3o ampla da cidade e refor\u00e7ando o trabalho preventivo das equipes em campo.<\/p>\n<p data-start=\"944\" data-end=\"1177\">Em parceria com as for\u00e7as policiais, o planejamento estrat\u00e9gico apresentou resultados positivos: <span class=\"hover:entity-accent entity-underline inline cursor-pointer align-baseline\"><span class=\"whitespace-normal\">Tabira<\/span><\/span> registrou um dos carnavais mais tranquilos do Nordeste, marcado pela organiza\u00e7\u00e3o e pela seguran\u00e7a.<\/p>\n<p data-start=\"1179\" data-end=\"1380\">A atua\u00e7\u00e3o integrada e o investimento cont\u00ednuo em tecnologia consolidam a Guarda Municipal como refer\u00eancia regional, refor\u00e7ando o compromisso com a prote\u00e7\u00e3o da popula\u00e7\u00e3o e a manuten\u00e7\u00e3o da ordem p\u00fablica.<\/p>\n<p data-start=\"1179\" data-end=\"1380\"><img fetchpriority=\"high\" decoding=\"async\" class=\"alignnone wp-image-4978 size-full\" src=\"https:\/\/ellotv.com.br\/site\/wp-content\/uploads\/2026\/02\/2.jpeg\" alt=\"\" width=\"2400\" height=\"1440\" srcset=\"https:\/\/ellotv.com.br\/site\/wp-content\/uploads\/2026\/02\/2.jpeg 2400w, https:\/\/ellotv.com.br\/site\/wp-content\/uploads\/2026\/02\/2-300x180.jpeg 300w, https:\/\/ellotv.com.br\/site\/wp-content\/uploads\/2026\/02\/2-1024x614.jpeg 1024w, https:\/\/ellotv.com.br\/site\/wp-content\/uploads\/2026\/02\/2-768x461.jpeg 768w, https:\/\/ellotv.com.br\/site\/wp-content\/uploads\/2026\/02\/2-1536x922.jpeg 1536w, https:\/\/ellotv.com.br\/site\/wp-content\/uploads\/2026\/02\/2-2048x1229.jpeg 2048w\" sizes=\"(max-width: 2400px) 100vw, 2400px\" \/><\/p>\n<p data-start=\"1179\" data-end=\"1380\"><img decoding=\"async\" class=\"wp-image-4979 size-full aligncenter\" src=\"https:\/\/ellotv.com.br\/site\/wp-content\/uploads\/2026\/02\/WhatsApp-Image-2026-02-18-at-17.19.13.jpeg\" alt=\"\" width=\"1200\" height=\"1600\" srcset=\"https:\/\/ellotv.com.br\/site\/wp-content\/uploads\/2026\/02\/WhatsApp-Image-2026-02-18-at-17.19.13.jpeg 1200w, https:\/\/ellotv.com.br\/site\/wp-content\/uploads\/2026\/02\/WhatsApp-Image-2026-02-18-at-17.19.13-225x300.jpeg 225w, https:\/\/ellotv.com.br\/site\/wp-content\/uploads\/2026\/02\/WhatsApp-Image-2026-02-18-at-17.19.13-768x1024.jpeg 768w, https:\/\/ellotv.com.br\/site\/wp-content\/uploads\/2026\/02\/WhatsApp-Image-2026-02-18-at-17.19.13-1152x1536.jpeg 1152w, https:\/\/ellotv.com.br\/site\/wp-content\/uploads\/2026\/02\/WhatsApp-Image-2026-02-18-at-17.19.13-1024x1365.jpeg 1024w\" sizes=\"(max-width: 1200px) 100vw, 1200px\" \/> <img decoding=\"async\" class=\"wp-image-4980 size-full aligncenter\" src=\"https:\/\/ellotv.com.br\/site\/wp-content\/uploads\/2026\/02\/WhatsApp-Image-2026-02-18-at-17.19.12-1.jpeg\" alt=\"\" width=\"1200\" height=\"1600\" srcset=\"https:\/\/ellotv.com.br\/site\/wp-content\/uploads\/2026\/02\/WhatsApp-Image-2026-02-18-at-17.19.12-1.jpeg 1200w, https:\/\/ellotv.com.br\/site\/wp-content\/uploads\/2026\/02\/WhatsApp-Image-2026-02-18-at-17.19.12-1-225x300.jpeg 225w, https:\/\/ellotv.com.br\/site\/wp-content\/uploads\/2026\/02\/WhatsApp-Image-2026-02-18-at-17.19.12-1-768x1024.jpeg 768w, https:\/\/ellotv.com.br\/site\/wp-content\/uploads\/2026\/02\/WhatsApp-Image-2026-02-18-at-17.19.12-1-1152x1536.jpeg 1152w, https:\/\/ellotv.com.br\/site\/wp-content\/uploads\/2026\/02\/WhatsApp-Image-2026-02-18-at-17.19.12-1-1024x1365.jpeg 1024w\" sizes=\"(max-width: 1200px) 100vw, 1200px\" \/><\/p>\n","protected":false},"excerpt":{"rendered":"<p>A Guarda Municipal de Tabira segue se destacando como uma das mais equipadas e atuantes de Pernambuco, resultado<\/p>\n","protected":false},"author":2,"featured_media":4977,"comment_status":"open","ping_status":"open","sticky":false,"template":"","format":"standard","meta":{"footnotes":""},"categories":[12,9],"tags":[],"class_list":["post-4975","post","type-post","status-publish","format-standard","has-post-thumbnail","hentry","category-noticias","category-regional"],"yoast_head":"<!-- This site is optimized with the Yoast SEO plugin v28.3 - https:\/\/yoast.com\/product\/yoast-seo-wordpress\/ -->\n<title>Guarda Municipal de Tabira \u00e9 destaque entre as mais equipadas e atuantes do estado - Ello TV<\/title>\n<meta name=\"description\" content=\"Guarda Municipal de Tabira se destaca em Pernambuco com investimentos em tecnologia, atua\u00e7\u00e3o integrada e forte esquema de seguran\u00e7a durante o Carnaval.\" \/>\n<meta name=\"robots\" content=\"index, follow, max-snippet:-1, max-image-preview:large, max-video-preview:-1\" \/>\n<link rel=\"canonical\" href=\"https:\/\/ellotv.com.br\/site\/2026\/02\/23\/guarda-municipal-de-tabira-e-destaque-entre-as-mais-equipadas-e-atuantes-do-estado\/\" \/>\n<meta property=\"og:locale\" content=\"pt_BR\" \/>\n<meta property=\"og:type\" content=\"article\" \/>\n<meta property=\"og:title\" content=\"Guarda Municipal de Tabira \u00e9 destaque entre as mais equipadas e atuantes do estado - Ello TV\" \/>\n<meta property=\"og:description\" content=\"Guarda Municipal de Tabira se destaca em Pernambuco com investimentos em tecnologia, atua\u00e7\u00e3o integrada e forte esquema de seguran\u00e7a durante o Carnaval.\" \/>\n<meta property=\"og:url\" content=\"https:\/\/ellotv.com.br\/site\/2026\/02\/23\/guarda-municipal-de-tabira-e-destaque-entre-as-mais-equipadas-e-atuantes-do-estado\/\" \/>\n<meta property=\"og:site_name\" content=\"Ello TV\" \/>\n<meta property=\"article:published_time\" content=\"2026-02-23T12:00:55+00:00\" \/>\n<meta property=\"og:image\" content=\"https:\/\/ellotv.com.br\/site\/wp-content\/uploads\/2026\/02\/1-scaled.jpeg\" \/>\n\t<meta property=\"og:image:width\" content=\"1907\" \/>\n\t<meta property=\"og:image:height\" content=\"2560\" \/>\n\t<meta property=\"og:image:type\" content=\"image\/jpeg\" \/>\n<meta name=\"author\" content=\"ELLO TV\" \/>\n<meta name=\"twitter:card\" content=\"summary_large_image\" \/>\n<meta name=\"twitter:label1\" content=\"Escrito por\" \/>\n\t<meta name=\"twitter:data1\" content=\"ELLO TV\" \/>\n\t<meta name=\"twitter:label2\" content=\"Est. tempo de leitura\" \/>\n\t<meta name=\"twitter:data2\" content=\"1 minuto\" \/>\n<script type=\"application\/ld+json\" class=\"yoast-schema-graph\">{\"@context\":\"https:\\\/\\\/schema.org\",\"@graph\":[{\"@type\":\"Article\",\"@id\":\"https:\\\/\\\/ellotv.com.br\\\/site\\\/2026\\\/02\\\/23\\\/guarda-municipal-de-tabira-e-destaque-entre-as-mais-equipadas-e-atuantes-do-estado\\\/#article\",\"isPartOf\":{\"@id\":\"https:\\\/\\\/ellotv.com.br\\\/site\\\/2026\\\/02\\\/23\\\/guarda-municipal-de-tabira-e-destaque-entre-as-mais-equipadas-e-atuantes-do-estado\\\/\"},\"author\":{\"name\":\"ELLO TV\",\"@id\":\"https:\\\/\\\/ellotv.com.br\\\/site\\\/#\\\/schema\\\/person\\\/2dbe3abaee38dcc7332fc8205cd2b15d\"},\"headline\":\"Guarda Municipal de Tabira \u00e9 destaque entre as mais equipadas e atuantes do estado\",\"datePublished\":\"2026-02-23T12:00:55+00:00\",\"mainEntityOfPage\":{\"@id\":\"https:\\\/\\\/ellotv.com.br\\\/site\\\/2026\\\/02\\\/23\\\/guarda-municipal-de-tabira-e-destaque-entre-as-mais-equipadas-e-atuantes-do-estado\\\/\"},\"wordCount\":219,\"commentCount\":0,\"publisher\":{\"@id\":\"https:\\\/\\\/ellotv.com.br\\\/site\\\/#organization\"},\"image\":{\"@id\":\"https:\\\/\\\/ellotv.com.br\\\/site\\\/2026\\\/02\\\/23\\\/guarda-municipal-de-tabira-e-destaque-entre-as-mais-equipadas-e-atuantes-do-estado\\\/#primaryimage\"},\"thumbnailUrl\":\"https:\\\/\\\/ellotv.com.br\\\/site\\\/wp-content\\\/uploads\\\/2026\\\/02\\\/1-scaled.jpeg\",\"articleSection\":[\"Noticias\",\"Regional\"],\"inLanguage\":\"pt-BR\",\"potentialAction\":[{\"@type\":\"CommentAction\",\"name\":\"Comment\",\"target\":[\"https:\\\/\\\/ellotv.com.br\\\/site\\\/2026\\\/02\\\/23\\\/guarda-municipal-de-tabira-e-destaque-entre-as-mais-equipadas-e-atuantes-do-estado\\\/#respond\"]}]},{\"@type\":\"WebPage\",\"@id\":\"https:\\\/\\\/ellotv.com.br\\\/site\\\/2026\\\/02\\\/23\\\/guarda-municipal-de-tabira-e-destaque-entre-as-mais-equipadas-e-atuantes-do-estado\\\/\",\"url\":\"https:\\\/\\\/ellotv.com.br\\\/site\\\/2026\\\/02\\\/23\\\/guarda-municipal-de-tabira-e-destaque-entre-as-mais-equipadas-e-atuantes-do-estado\\\/\",\"name\":\"Guarda Municipal de Tabira \u00e9 destaque entre as mais equipadas e atuantes do estado - Ello TV\",\"isPartOf\":{\"@id\":\"https:\\\/\\\/ellotv.com.br\\\/site\\\/#website\"},\"primaryImageOfPage\":{\"@id\":\"https:\\\/\\\/ellotv.com.br\\\/site\\\/2026\\\/02\\\/23\\\/guarda-municipal-de-tabira-e-destaque-entre-as-mais-equipadas-e-atuantes-do-estado\\\/#primaryimage\"},\"image\":{\"@id\":\"https:\\\/\\\/ellotv.com.br\\\/site\\\/2026\\\/02\\\/23\\\/guarda-municipal-de-tabira-e-destaque-entre-as-mais-equipadas-e-atuantes-do-estado\\\/#primaryimage\"},\"thumbnailUrl\":\"https:\\\/\\\/ellotv.com.br\\\/site\\\/wp-content\\\/uploads\\\/2026\\\/02\\\/1-scaled.jpeg\",\"datePublished\":\"2026-02-23T12:00:55+00:00\",\"description\":\"Guarda Municipal de Tabira se destaca em Pernambuco com investimentos em tecnologia, atua\u00e7\u00e3o integrada e forte esquema de seguran\u00e7a durante o Carnaval.\",\"breadcrumb\":{\"@id\":\"https:\\\/\\\/ellotv.com.br\\\/site\\\/2026\\\/02\\\/23\\\/guarda-municipal-de-tabira-e-destaque-entre-as-mais-equipadas-e-atuantes-do-estado\\\/#breadcrumb\"},\"inLanguage\":\"pt-BR\",\"potentialAction\":[{\"@type\":\"ReadAction\",\"target\":[\"https:\\\/\\\/ellotv.com.br\\\/site\\\/2026\\\/02\\\/23\\\/guarda-municipal-de-tabira-e-destaque-entre-as-mais-equipadas-e-atuantes-do-estado\\\/\"]}]},{\"@type\":\"ImageObject\",\"inLanguage\":\"pt-BR\",\"@id\":\"https:\\\/\\\/ellotv.com.br\\\/site\\\/2026\\\/02\\\/23\\\/guarda-municipal-de-tabira-e-destaque-entre-as-mais-equipadas-e-atuantes-do-estado\\\/#primaryimage\",\"url\":\"https:\\\/\\\/ellotv.com.br\\\/site\\\/wp-content\\\/uploads\\\/2026\\\/02\\\/1-scaled.jpeg\",\"contentUrl\":\"https:\\\/\\\/ellotv.com.br\\\/site\\\/wp-content\\\/uploads\\\/2026\\\/02\\\/1-scaled.jpeg\",\"width\":1907,\"height\":2560},{\"@type\":\"BreadcrumbList\",\"@id\":\"https:\\\/\\\/ellotv.com.br\\\/site\\\/2026\\\/02\\\/23\\\/guarda-municipal-de-tabira-e-destaque-entre-as-mais-equipadas-e-atuantes-do-estado\\\/#breadcrumb\",\"itemListElement\":[{\"@type\":\"ListItem\",\"position\":1,\"name\":\"In\u00edcio\",\"item\":\"https:\\\/\\\/ellotv.com.br\\\/site\\\/\"},{\"@type\":\"ListItem\",\"position\":2,\"name\":\"Guarda Municipal de Tabira \u00e9 destaque entre as mais equipadas e atuantes do estado\"}]},{\"@type\":\"WebSite\",\"@id\":\"https:\\\/\\\/ellotv.com.br\\\/site\\\/#website\",\"url\":\"https:\\\/\\\/ellotv.com.br\\\/site\\\/\",\"name\":\"ELLO TV\",\"description\":\"\",\"publisher\":{\"@id\":\"https:\\\/\\\/ellotv.com.br\\\/site\\\/#organization\"},\"potentialAction\":[{\"@type\":\"SearchAction\",\"target\":{\"@type\":\"EntryPoint\",\"urlTemplate\":\"https:\\\/\\\/ellotv.com.br\\\/site\\\/?s={search_term_string}\"},\"query-input\":{\"@type\":\"PropertyValueSpecification\",\"valueRequired\":true,\"valueName\":\"search_term_string\"}}],\"inLanguage\":\"pt-BR\"},{\"@type\":\"Organization\",\"@id\":\"https:\\\/\\\/ellotv.com.br\\\/site\\\/#organization\",\"name\":\"ELLO TV\",\"url\":\"https:\\\/\\\/ellotv.com.br\\\/site\\\/\",\"logo\":{\"@type\":\"ImageObject\",\"inLanguage\":\"pt-BR\",\"@id\":\"https:\\\/\\\/ellotv.com.br\\\/site\\\/#\\\/schema\\\/logo\\\/image\\\/\",\"url\":\"https:\\\/\\\/ellotv.com.br\\\/site\\\/wp-content\\\/uploads\\\/2025\\\/11\\\/ello-logo-2.fw_.png\",\"contentUrl\":\"https:\\\/\\\/ellotv.com.br\\\/site\\\/wp-content\\\/uploads\\\/2025\\\/11\\\/ello-logo-2.fw_.png\",\"width\":400,\"height\":146,\"caption\":\"ELLO TV\"},\"image\":{\"@id\":\"https:\\\/\\\/ellotv.com.br\\\/site\\\/#\\\/schema\\\/logo\\\/image\\\/\"}},{\"@type\":\"Person\",\"@id\":\"https:\\\/\\\/ellotv.com.br\\\/site\\\/#\\\/schema\\\/person\\\/2dbe3abaee38dcc7332fc8205cd2b15d\",\"name\":\"ELLO TV\",\"image\":{\"@type\":\"ImageObject\",\"inLanguage\":\"pt-BR\",\"@id\":\"https:\\\/\\\/secure.gravatar.com\\\/avatar\\\/c38242b9da8ec217ac3f0aaee31a54f7d7befb11b2b47fdbc8fb0fad60afa1c6?s=96&d=mm&r=g\",\"url\":\"https:\\\/\\\/secure.gravatar.com\\\/avatar\\\/c38242b9da8ec217ac3f0aaee31a54f7d7befb11b2b47fdbc8fb0fad60afa1c6?s=96&d=mm&r=g\",\"contentUrl\":\"https:\\\/\\\/secure.gravatar.com\\\/avatar\\\/c38242b9da8ec217ac3f0aaee31a54f7d7befb11b2b47fdbc8fb0fad60afa1c6?s=96&d=mm&r=g\",\"caption\":\"ELLO TV\"},\"url\":\"https:\\\/\\\/ellotv.com.br\\\/site\\\/author\\\/elloagencia\\\/\"}]}<\/script>\n<!-- \/ Yoast SEO plugin. -->","yoast_head_json":{"title":"Guarda Municipal de Tabira \u00e9 destaque entre as mais equipadas e atuantes do estado - Ello TV","description":"Guarda Municipal de Tabira se destaca em Pernambuco com investimentos em tecnologia, atua\u00e7\u00e3o integrada e forte esquema de seguran\u00e7a durante o Carnaval.","robots":{"index":"index","follow":"follow","max-snippet":"max-snippet:-1","max-image-preview":"max-image-preview:large","max-video-preview":"max-video-preview:-1"},"canonical":"https:\/\/ellotv.com.br\/site\/2026\/02\/23\/guarda-municipal-de-tabira-e-destaque-entre-as-mais-equipadas-e-atuantes-do-estado\/","og_locale":"pt_BR","og_type":"article","og_title":"Guarda Municipal de Tabira \u00e9 destaque entre as mais equipadas e atuantes do estado - Ello TV","og_description":"Guarda Municipal de Tabira se destaca em Pernambuco com investimentos em tecnologia, atua\u00e7\u00e3o integrada e forte esquema de seguran\u00e7a durante o Carnaval.","og_url":"https:\/\/ellotv.com.br\/site\/2026\/02\/23\/guarda-municipal-de-tabira-e-destaque-entre-as-mais-equipadas-e-atuantes-do-estado\/","og_site_name":"Ello TV","article_published_time":"2026-02-23T12:00:55+00:00","og_image":[{"width":1907,"height":2560,"url":"https:\/\/ellotv.com.br\/site\/wp-content\/uploads\/2026\/02\/1-scaled.jpeg","type":"image\/jpeg"}],"author":"ELLO TV","twitter_card":"summary_large_image","twitter_misc":{"Escrito por":"ELLO TV","Est. tempo de leitura":"1 minuto"},"schema":{"@context":"https:\/\/schema.org","@graph":[{"@type":"Article","@id":"https:\/\/ellotv.com.br\/site\/2026\/02\/23\/guarda-municipal-de-tabira-e-destaque-entre-as-mais-equipadas-e-atuantes-do-estado\/#article","isPartOf":{"@id":"https:\/\/ellotv.com.br\/site\/2026\/02\/23\/guarda-municipal-de-tabira-e-destaque-entre-as-mais-equipadas-e-atuantes-do-estado\/"},"author":{"name":"ELLO TV","@id":"https:\/\/ellotv.com.br\/site\/#\/schema\/person\/2dbe3abaee38dcc7332fc8205cd2b15d"},"headline":"Guarda Municipal de Tabira \u00e9 destaque entre as mais equipadas e atuantes do estado","datePublished":"2026-02-23T12:00:55+00:00","mainEntityOfPage":{"@id":"https:\/\/ellotv.com.br\/site\/2026\/02\/23\/guarda-municipal-de-tabira-e-destaque-entre-as-mais-equipadas-e-atuantes-do-estado\/"},"wordCount":219,"commentCount":0,"publisher":{"@id":"https:\/\/ellotv.com.br\/site\/#organization"},"image":{"@id":"https:\/\/ellotv.com.br\/site\/2026\/02\/23\/guarda-municipal-de-tabira-e-destaque-entre-as-mais-equipadas-e-atuantes-do-estado\/#primaryimage"},"thumbnailUrl":"https:\/\/ellotv.com.br\/site\/wp-content\/uploads\/2026\/02\/1-scaled.jpeg","articleSection":["Noticias","Regional"],"inLanguage":"pt-BR","potentialAction":[{"@type":"CommentAction","name":"Comment","target":["https:\/\/ellotv.com.br\/site\/2026\/02\/23\/guarda-municipal-de-tabira-e-destaque-entre-as-mais-equipadas-e-atuantes-do-estado\/#respond"]}]},{"@type":"WebPage","@id":"https:\/\/ellotv.com.br\/site\/2026\/02\/23\/guarda-municipal-de-tabira-e-destaque-entre-as-mais-equipadas-e-atuantes-do-estado\/","url":"https:\/\/ellotv.com.br\/site\/2026\/02\/23\/guarda-municipal-de-tabira-e-destaque-entre-as-mais-equipadas-e-atuantes-do-estado\/","name":"Guarda Municipal de Tabira \u00e9 destaque entre as mais equipadas e atuantes do estado - Ello TV","isPartOf":{"@id":"https:\/\/ellotv.com.br\/site\/#website"},"primaryImageOfPage":{"@id":"https:\/\/ellotv.com.br\/site\/2026\/02\/23\/guarda-municipal-de-tabira-e-destaque-entre-as-mais-equipadas-e-atuantes-do-estado\/#primaryimage"},"image":{"@id":"https:\/\/ellotv.com.br\/site\/2026\/02\/23\/guarda-municipal-de-tabira-e-destaque-entre-as-mais-equipadas-e-atuantes-do-estado\/#primaryimage"},"thumbnailUrl":"https:\/\/ellotv.com.br\/site\/wp-content\/uploads\/2026\/02\/1-scaled.jpeg","datePublished":"2026-02-23T12:00:55+00:00","description":"Guarda Municipal de Tabira se destaca em Pernambuco com investimentos em tecnologia, atua\u00e7\u00e3o integrada e forte esquema de seguran\u00e7a durante o Carnaval.","breadcrumb":{"@id":"https:\/\/ellotv.com.br\/site\/2026\/02\/23\/guarda-municipal-de-tabira-e-destaque-entre-as-mais-equipadas-e-atuantes-do-estado\/#breadcrumb"},"inLanguage":"pt-BR","potentialAction":[{"@type":"ReadAction","target":["https:\/\/ellotv.com.br\/site\/2026\/02\/23\/guarda-municipal-de-tabira-e-destaque-entre-as-mais-equipadas-e-atuantes-do-estado\/"]}]},{"@type":"ImageObject","inLanguage":"pt-BR","@id":"https:\/\/ellotv.com.br\/site\/2026\/02\/23\/guarda-municipal-de-tabira-e-destaque-entre-as-mais-equipadas-e-atuantes-do-estado\/#primaryimage","url":"https:\/\/ellotv.com.br\/site\/wp-content\/uploads\/2026\/02\/1-scaled.jpeg","contentUrl":"https:\/\/ellotv.com.br\/site\/wp-content\/uploads\/2026\/02\/1-scaled.jpeg","width":1907,"height":2560},{"@type":"BreadcrumbList","@id":"https:\/\/ellotv.com.br\/site\/2026\/02\/23\/guarda-municipal-de-tabira-e-destaque-entre-as-mais-equipadas-e-atuantes-do-estado\/#breadcrumb","itemListElement":[{"@type":"ListItem","position":1,"name":"In\u00edcio","item":"https:\/\/ellotv.com.br\/site\/"},{"@type":"ListItem","position":2,"name":"Guarda Municipal de Tabira \u00e9 destaque entre as mais equipadas e atuantes do estado"}]},{"@type":"WebSite","@id":"https:\/\/ellotv.com.br\/site\/#website","url":"https:\/\/ellotv.com.br\/site\/","name":"ELLO TV","description":"","publisher":{"@id":"https:\/\/ellotv.com.br\/site\/#organization"},"potentialAction":[{"@type":"SearchAction","target":{"@type":"EntryPoint","urlTemplate":"https:\/\/ellotv.com.br\/site\/?s={search_term_string}"},"query-input":{"@type":"PropertyValueSpecification","valueRequired":true,"valueName":"search_term_string"}}],"inLanguage":"pt-BR"},{"@type":"Organization","@id":"https:\/\/ellotv.com.br\/site\/#organization","name":"ELLO TV","url":"https:\/\/ellotv.com.br\/site\/","logo":{"@type":"ImageObject","inLanguage":"pt-BR","@id":"https:\/\/ellotv.com.br\/site\/#\/schema\/logo\/image\/","url":"https:\/\/ellotv.com.br\/site\/wp-content\/uploads\/2025\/11\/ello-logo-2.fw_.png","contentUrl":"https:\/\/ellotv.com.br\/site\/wp-content\/uploads\/2025\/11\/ello-logo-2.fw_.png","width":400,"height":146,"caption":"ELLO TV"},"image":{"@id":"https:\/\/ellotv.com.br\/site\/#\/schema\/logo\/image\/"}},{"@type":"Person","@id":"https:\/\/ellotv.com.br\/site\/#\/schema\/person\/2dbe3abaee38dcc7332fc8205cd2b15d","name":"ELLO TV","image":{"@type":"ImageObject","inLanguage":"pt-BR","@id":"https:\/\/secure.gravatar.com\/avatar\/c38242b9da8ec217ac3f0aaee31a54f7d7befb11b2b47fdbc8fb0fad60afa1c6?s=96&d=mm&r=g","url":"https:\/\/secure.gravatar.com\/avatar\/c38242b9da8ec217ac3f0aaee31a54f7d7befb11b2b47fdbc8fb0fad60afa1c6?s=96&d=mm&r=g","contentUrl":"https:\/\/secure.gravatar.com\/avatar\/c38242b9da8ec217ac3f0aaee31a54f7d7befb11b2b47fdbc8fb0fad60afa1c6?s=96&d=mm&r=g","caption":"ELLO TV"},"url":"https:\/\/ellotv.com.br\/site\/author\/elloagencia\/"}]}},"featured_image_urls":{"full":["https:\/\/ellotv.com.br\/site\/wp-content\/uploads\/2026\/02\/1-scaled.jpeg",1907,2560,false],"thumbnail":["https:\/\/ellotv.com.br\/site\/wp-content\/uploads\/2026\/02\/1-150x150.jpeg",150,150,true],"medium":["https:\/\/ellotv.com.br\/site\/wp-content\/uploads\/2026\/02\/1-223x300.jpeg",223,300,true],"medium_large":["https:\/\/ellotv.com.br\/site\/wp-content\/uploads\/2026\/02\/1-768x1031.jpeg",640,859,true],"large":["https:\/\/ellotv.com.br\/site\/wp-content\/uploads\/2026\/02\/1-763x1024.jpeg",640,859,true],"1536x1536":["https:\/\/ellotv.com.br\/site\/wp-content\/uploads\/2026\/02\/1-1144x1536.jpeg",1144,1536,true],"2048x2048":["https:\/\/ellotv.com.br\/site\/wp-content\/uploads\/2026\/02\/1-1526x2048.jpeg",1526,2048,true],"darknews-slider-full":["https:\/\/ellotv.com.br\/site\/wp-content\/uploads\/2026\/02\/1-1280x720.jpeg",1280,720,true],"darknews-featured":["https:\/\/ellotv.com.br\/site\/wp-content\/uploads\/2026\/02\/1-1024x1375.jpeg",1024,1375,true],"darknews-medium":["https:\/\/ellotv.com.br\/site\/wp-content\/uploads\/2026\/02\/1-720x530.jpeg",720,530,true],"darknews-medium-square":["https:\/\/ellotv.com.br\/site\/wp-content\/uploads\/2026\/02\/1-350x350.jpeg",350,350,true]},"author_info":{"info":["ELLO TV"]},"category_info":"<a href=\"https:\/\/ellotv.com.br\/site\/category\/noticias\/\" rel=\"category tag\">Noticias<\/a> <a href=\"https:\/\/ellotv.com.br\/site\/category\/regional\/\" rel=\"category tag\">Regional<\/a>","tag_info":"Regional","comment_count":"0","_links":{"self":[{"href":"https:\/\/ellotv.com.br\/site\/wp-json\/wp\/v2\/posts\/4975","targetHints":{"allow":["GET"]}}],"collection":[{"href":"https:\/\/ellotv.com.br\/site\/wp-json\/wp\/v2\/posts"}],"about":[{"href":"https:\/\/ellotv.com.br\/site\/wp-json\/wp\/v2\/types\/post"}],"author":[{"embeddable":true,"href":"https:\/\/ellotv.com.br\/site\/wp-json\/wp\/v2\/users\/2"}],"replies":[{"embeddable":true,"href":"https:\/\/ellotv.com.br\/site\/wp-json\/wp\/v2\/comments?post=4975"}],"version-history":[{"count":9,"href":"https:\/\/ellotv.com.br\/site\/wp-json\/wp\/v2\/posts\/4975\/revisions"}],"predecessor-version":[{"id":4988,"href":"https:\/\/ellotv.com.br\/site\/wp-json\/wp\/v2\/posts\/4975\/revisions\/4988"}],"wp:featuredmedia":[{"embeddable":true,"href":"https:\/\/ellotv.com.br\/site\/wp-json\/wp\/v2\/media\/4977"}],"wp:attachment":[{"href":"https:\/\/ellotv.com.br\/site\/wp-json\/wp\/v2\/media?parent=4975"}],"wp:term":[{"taxonomy":"category","embeddable":true,"href":"https:\/\/ellotv.com.br\/site\/wp-json\/wp\/v2\/categories?post=4975"},{"taxonomy":"post_tag","embeddable":true,"href":"https:\/\/ellotv.com.br\/site\/wp-json\/wp\/v2\/tags?post=4975"}],"curies":[{"name":"wp","href":"https:\/\/api.w.org\/{rel}","templated":true}]}}